{"id":9877,"date":"2023-09-08T18:25:58","date_gmt":"2023-09-08T18:25:58","guid":{"rendered":"https:\/\/dmsjuridica.com\/buscador_20179478954\/salapenalcronologico20230723\/2023\/09\/08\/2302022-06-05\/"},"modified":"2023-09-08T18:25:58","modified_gmt":"2023-09-08T18:25:58","slug":"2302022-06-05","status":"publish","type":"post","link":"https:\/\/dmsjuridica.com\/buscador_20179478954\/salapenalcronologico20230723\/2023\/09\/08\/2302022-06-05\/","title":{"rendered":"23020(22-06-05)"},"content":{"rendered":"\n<p>\u00a0 \u00a0 Proceso No 23020 \u00a0<\/p>\n<p>\u00a0 \u00a0\u00a0 \u00a0\u00a0 \u00a0\u00a0CORTE SUPREMA DE JUSTICIA \u00a0\u00a0<\/p>\n<p>\u00a0 \u00a0\u00a0 \u00a0\u00a0 \u00a0\u00a0SALA DE CASACI\u00d3N PENAL \u00a0\u00a0<\/p>\n<p>MAGISTRADO PONENTE \u00a0<\/p>\n<p>Dr. HERMAN GAL\u00c1N CASTELLANOS \u00a0<\/p>\n<p>APROBADO ACTA No. 051 \u00a0<\/p>\n<p>Bogot\u00e1, \u00a0D.C., \u00a0veintid\u00f3s (22) de junio de \u00a0dos mil cinco (2005). \u00a0\u00a0<\/p>\n<p>\u00a0 \u00a0\u00a0 \u00a0\u00a0 \u00a0\u00a0 \u00a0\u00a0 \u00a0 \u00a0 \u00a0 \u00a0 \u00a0 \u00a0\u00a0 \u00a0\u00a0Procede \u00a0la \u00a0Sala \u00a0a \u00a0resolver \u00a0sobre la \u00a0admisibilidad \u00a0de \u00a0la \u00a0demanda \u00a0de \u00a0casaci\u00f3n \u00a0presentada \u00a0por \u00a0el \u00a0defensor \u00a0de \u00a0LIBARDO \u00a0BOL\u00cdVAR \u00a0POVEDA, \u00a0contra \u00a0la \u00a0sentencia proferida el 1\u00b0 de junio de 2004 por el Tribunal Superior \u00a0de \u00a0Cundinamarca, \u00a0que \u00a0confirm\u00f3 \u00a0la \u00a0dictada \u00a0el 16 de febrero anterior por el \u00a0Juzgado \u00a0Segundo \u00a0Penal \u00a0del \u00a0Circuito \u00a0Especializado \u00a0con sede en esta capital, \u00a0mediante \u00a0la \u00a0cual \u00a0lo \u00a0declar\u00f3 responsable de los delitos de secuestro simple, \u00a0hurto \u00a0calificado \u00a0y \u00a0agravado \u00a0y \u00a0porte \u00a0ilegal \u00a0de \u00a0armas de defensa personal, \u00a0imponi\u00e9ndole \u00a0como \u00a0penas \u00a0180 \u00a0meses de prisi\u00f3n e interdicci\u00f3n de derechos y \u00a0funciones p\u00fablicas por un lapso igual al de la pena principal. \u00a0\u00a0<\/p>\n<p>\u00a0\u00a0 \u00a0 \u00a0\u00a0 \u00a0\u00a0 \u00a0\u00a0 \u00a0\u00a0 \u00a0\u00a0 \u00a0\u00a0 \u00a0 \u00a0\u00a0 \u00a0 \u00a0 \u00a0 \u00a0 \u00a0\u00a0 \u00a0\u00a0HECHOS \u00a0\u00a0<\/p>\n<p>\u00a0 \u00a0 \u00a0\u00a0 \u00a0\u00a0 \u00a0 \u00a0\u00a0 \u00a0 \u00a0\u00a0 \u00a0 \u00a0 \u00a0 \u00a0 \u00a0 \u00a0 \u00a0\u00a0 \u00a0 \u00a0 \u00a0 \u00a0 \u00a0 \u00a0 \u00a0\u00a0El \u00a0Tribunal \u00a0de \u00a0Cundinamarca precis\u00f3 los hechos que dieron origen \u00a0al \u00a0proceso \u00a0penal \u00a0en \u00a0contra \u00a0del \u00a0LIBARDO BOL\u00cdVAR \u00a0POVEDA en los siguientes t\u00e9rminos: \u00a0\u00a0<\/p>\n<p>\u00a0 En la tarde \u00a0del \u00a013 \u00a0de octubre del 2001, a las tres aproximadamente, se presentaron ante el \u00a0se\u00f1or \u00a0Luis \u00a0Piraquive, \u00a0propietario \u00a0de \u00a0la gr\u00faa de placas AEF &#8211; 16, de color \u00a0rojo, \u00a0dos \u00a0individuos \u00a0desconocidos \u00a0que le solicitaron el servicio del rodante \u00a0para \u00a0trasladar \u00a0un \u00a0cami\u00f3n \u00a0que \u00a0seg\u00fan \u00a0ellos \u00a0habr\u00eda \u00a0(sic) \u00a0sufrido fallas \u00a0mec\u00e1nicas \u00a0y \u00a0hab\u00edan \u00a0abandonado \u00a0a \u00a0la \u00a0altura \u00a0del \u00a0municipio de Tocancip\u00e1. \u00a0Convenido \u00a0el \u00a0servicio \u00a0se \u00a0desplazaron \u00a0conductor \u00a0y \u00a0ayudante, Julio Anc\u00edzar \u00a0Guevara \u00a0Quevedo \u00a0y Mauricio Vargas Toro, respectivamente, y cuando se acercaban \u00a0al \u00a0municipio cundinamarqu\u00e9s los hicieron desviar por una trocha, 500 metros en \u00a0sector \u00a0rural, \u00a0apareciendo otro individuo armado de rev\u00f3lver y machete que los \u00a0oblig\u00f3 \u00a0a \u00a0bajar \u00a0tomando \u00a0el control de la gr\u00faa, sujet\u00e1ndolos sus compinches \u00a0bajo \u00a0amenazas \u00a0de \u00a0muerte. \u00a0Despu\u00e9s, \u00a0cuando \u00a0decidieron abandonar el sitio de \u00a0retenci\u00f3n \u00a0con \u00a0la \u00a0consigna \u00a0de \u00a0no salir antes de una hora, fue denunciado el \u00a0hecho, \u00a0por lo que se report\u00f3 el automotor hurtado, el que fue interceptado por \u00a0la \u00a0polic\u00eda \u00a0de carreteras imponi\u00e9ndole comparendo a su conductor por falta de \u00a0elementos \u00a0de \u00a0carretera, \u00a0quien \u00a0dijo \u00a0responder \u00a0al \u00a0nombre \u00a0del \u00a0LIBARDO \u00a0BOL\u00cdVAR \u00a0POVEDA, \u00a0persona \u00a0que \u00a0m\u00e1s tarde, el 14 de mayo de 2002 fue capturado&#8221;. \u00a0\u00a0<\/p>\n<p>\u00a0 \u00a0 \u00a0\u00a0 \u00a0\u00a0 \u00a0\u00a0 \u00a0\u00a0 \u00a0 \u00a0 \u00a0 \u00a0 \u00a0 \u00a0 \u00a0\u00a0 \u00a0\u00a0 \u00a0\u00a0 \u00a0\u00a0 \u00a0\u00a0ACTUACI\u00d3N \u00a0PROCESAL \u00a0\u00a0<\/p>\n<p>\u00a0 \u00a0 \u00a0\u00a0 \u00a0\u00a0 \u00a0 \u00a0\u00a0 \u00a0 \u00a0\u00a0 \u00a0 \u00a0 \u00a0 \u00a0 \u00a0 \u00a0 \u00a0\u00a0 \u00a0 \u00a0 \u00a0 \u00a0 \u00a0 \u00a0 \u00a0\u00a0Con \u00a0base \u00a0en \u00a0la \u00a0denuncia \u00a0del \u00a0conductor \u00a0de \u00a0la gr\u00faa, se abri\u00f3 \u00a0investigaci\u00f3n \u00a0 \u00a0penal, \u00a0 \u00a0vincul\u00e1ndose \u00a0 con \u00a0 indagatoria \u00a0 a \u00a0 LIBARDO \u00a0BOL\u00cdVAR POVEDA, a quien luego de \u00a0o\u00eddo \u00a0en indagatoria se decret\u00f3 detenci\u00f3n preventiva por los delitos de hurto \u00a0calificado \u00a0 y \u00a0 agravado, \u00a0 porte \u00a0 ilegal \u00a0 de \u00a0 armas \u00a0de \u00a0defensa \u00a0personal, \u00a0adicion\u00e1ndose \u00a0los \u00a0cargos \u00a0en \u00a0providencia \u00a0del \u00a026 \u00a0de junio siguiente, en el \u00a0sentido de atribuirle el punible de secuestro simple. \u00a0\u00a0<\/p>\n<p>\u00a0 \u00a0 \u00a0\u00a0 \u00a0\u00a0 \u00a0 \u00a0\u00a0 \u00a0 \u00a0\u00a0 \u00a0 \u00a0 \u00a0 \u00a0 \u00a0 \u00a0 \u00a0\u00a0 \u00a0 \u00a0 \u00a0 \u00a0 \u00a0 \u00a0 \u00a0\u00a0Cerrada \u00a0 la \u00a0investigaci\u00f3n \u00a0se \u00a0calific\u00f3 \u00a0el \u00a0sumario \u00a0el \u00a023 \u00a0de \u00a0septiembre \u00a0 de \u00a02002, \u00a0acus\u00e1ndose \u00a0a\u00a0 \u00a0LIBARDO \u00a0BOL\u00cdVAR \u00a0POVEDA por los delitos imputados al resolver \u00a0la \u00a0situaci\u00f3n jur\u00eddica, decisi\u00f3n que fue confirmada por la Fiscal\u00eda Delegada \u00a0ante \u00a0 \u00a0el \u00a0 \u00a0Tribunal \u00a0 \u00a0mediante \u00a0 \u00a0resoluci\u00f3n \u00a0 \u00a0del \u00a0 \u00a01\u00b0 \u00a0 de \u00a0 noviembre \u00a0siguiente. \u00a0\u00a0<\/p>\n<p>\u00a0 \u00a0 \u00a0\u00a0 \u00a0\u00a0 \u00a0 \u00a0\u00a0 \u00a0 \u00a0\u00a0 \u00a0 \u00a0 \u00a0 \u00a0 \u00a0 \u00a0 \u00a0\u00a0 \u00a0 \u00a0 \u00a0 \u00a0 \u00a0 \u00a0 \u00a0\u00a0La \u00a0causa \u00a0correspondi\u00f3 \u00a0al \u00a0Juzgado \u00a0Segundo \u00a0Penal \u00a0del \u00a0Circuito \u00a0Especializado \u00a0de \u00a0Cundinamarca, \u00a0despacho \u00a0que \u00a0junto \u00a0con \u00a0la \u00a0Sala \u00a0Penal del \u00a0Tribunal \u00a0Superior \u00a0profirieron \u00a0los \u00a0fallos condenatorios de instancia, de cuyo \u00a0contenido se dio cuenta en el primer cap\u00edtulo est\u00e1 providencia. \u00a0\u00a0<\/p>\n<p>\u00a0 \u00a0 \u00a0\u00a0 \u00a0\u00a0 \u00a0 \u00a0\u00a0 \u00a0 \u00a0\u00a0 \u00a0 \u00a0 \u00a0 \u00a0 \u00a0 \u00a0 \u00a0\u00a0 \u00a0 \u00a0 \u00a0 \u00a0 \u00a0 \u00a0 \u00a0\u00a0El \u00a0 \u00a0defensor \u00a0 de \u00a0 LIBARDO \u00a0 BOL\u00cdVAR \u00a0POVEDA \u00a0present\u00f3 \u00a0recurso extraordinario de casaci\u00f3n \u00a0contra \u00a0 \u00a0la \u00a0 sentencia \u00a0 proferida \u00a0 por \u00a0 el \u00a0 ad \u00a0quem, \u00a0procediendo en esta oportunidad la corporaci\u00f3n \u00a0a examinar el aspecto formal de la demanda presentada. \u00a0\u00a0<\/p>\n<p>\u00a0\u00a0\u00a0\u00a0 \u00a0 \u00a0 \u00a0 \u00a0\u00a0 \u00a0\u00a0 \u00a0\u00a0 \u00a0\u00a0 \u00a0\u00a0 \u00a0 \u00a0\u00a0 \u00a0 \u00a0 \u00a0 \u00a0 \u00a0 \u00a0 \u00a0 \u00a0 \u00a0\u00a0LA DEMANDA \u00a0\u00a0<\/p>\n<p>\u00a0 \u00a0 \u00a0\u00a0 \u00a0\u00a0 \u00a0 \u00a0\u00a0 \u00a0 \u00a0\u00a0 \u00a0 \u00a0 \u00a0 \u00a0 \u00a0 \u00a0 \u00a0\u00a0 \u00a0 \u00a0 \u00a0 \u00a0 \u00a0 \u00a0 \u00a0\u00a0Primer cargo \u00a0\u00a0<\/p>\n<p>\u00a0 \u00a0 \u00a0\u00a0 \u00a0\u00a0 \u00a0 \u00a0\u00a0 \u00a0 \u00a0\u00a0 \u00a0 \u00a0 \u00a0 \u00a0 \u00a0 \u00a0 \u00a0\u00a0 \u00a0 \u00a0 \u00a0 \u00a0 \u00a0 \u00a0 \u00a0\u00a0El \u00a0sentenciador incurri\u00f3 en varios errores &#8220;de diferente \u00edndole&#8221;, \u00a0pues \u00a0no apreci\u00f3 los descargos del condenado y le otorg\u00f3 eficacia a los cargos \u00a0de \u00a0la \u00a0fiscal\u00eda, \u00a0concluyendo que se trataba de un secuestro simple, sin tener \u00a0en cuenta lo manifestado por los denunciantes. \u00a0\u00a0<\/p>\n<p>\u00a0 \u00a0 \u00a0\u00a0 \u00a0\u00a0 \u00a0 \u00a0\u00a0 \u00a0 \u00a0\u00a0 \u00a0 \u00a0 \u00a0 \u00a0 \u00a0 \u00a0 \u00a0\u00a0 \u00a0 \u00a0 \u00a0 \u00a0 \u00a0 \u00a0 \u00a0\u00a0El \u00a0Tribunal \u00a0al \u00a0apreciar lo manifestado por el instructor, adem\u00e1s \u00a0de \u00a0incurrir en falso juicio de legalidad se contradijo al no darle credibilidad \u00a0a \u00a0 lo \u00a0 manifestado \u00a0por \u00a0los \u00a0ofendidos \u00a0en \u00a0el \u00a0sentido \u00a0de \u00a0que \u00a0no \u00a0estaban \u00a0secuestrados. \u00a0\u00a0<\/p>\n<p>\u00a0 \u00a0 \u00a0\u00a0 \u00a0\u00a0 \u00a0 \u00a0\u00a0 \u00a0 \u00a0\u00a0 \u00a0 \u00a0 \u00a0 \u00a0 \u00a0 \u00a0 \u00a0\u00a0 \u00a0 \u00a0 \u00a0 \u00a0 \u00a0 \u00a0 \u00a0\u00a0En \u00a0otro \u00a0de \u00a0los \u00a0argumentos sostiene el demandante que el Tribunal \u00a0falt\u00f3 \u00a0a \u00a0la \u00a0identidad \u00a0de la declarado por las v\u00edctimas y el procesado, dado \u00a0que \u00a0se \u00a0les \u00a0dio un alcance que no ten\u00edan. Igualmente concurre con el anterior \u00a0desacierto \u00a0un error de derecho, el que vincula con el criterio del a \u00a0 quo \u00a0 al \u00a0 condenar \u00a0por \u00a0un \u00a0delito \u00a0inexistente como lo es el secuestro simple. \u00a0\u00a0<\/p>\n<p>\u00a0 \u00a0 \u00a0\u00a0 \u00a0\u00a0 \u00a0 \u00a0\u00a0 \u00a0 \u00a0\u00a0 \u00a0 \u00a0 \u00a0 \u00a0 \u00a0 \u00a0 \u00a0\u00a0 \u00a0 \u00a0 \u00a0 \u00a0 \u00a0 \u00a0 \u00a0\u00a0Segundo cargo \u00a0\u00a0<\/p>\n<p>\u00a0 \u00a0\u00a0 \u00a0\u00a0 \u00a0\u00a0 \u00a0 \u00a0 \u00a0 \u00a0 \u00a0 \u00a0\u00a0 \u00a0 \u00a0\u00a0 \u00a0 \u00a0\u00a0 \u00a0 \u00a0El \u00a0sentenciador \u00a0incurri\u00f3 \u00a0en \u00a0errores \u00a0de hecho manifiestos, al responsabilizar a \u00a0BOL\u00cdVAR POVEDA de un delito \u00a0en el que no tuvo participaci\u00f3n. \u00a0\u00a0<\/p>\n<p>\u00a0 \u00a0 \u00a0\u00a0 \u00a0\u00a0 \u00a0 \u00a0\u00a0 \u00a0 \u00a0\u00a0 \u00a0 \u00a0 \u00a0 \u00a0 \u00a0 \u00a0 \u00a0\u00a0 \u00a0 \u00a0 \u00a0 \u00a0 \u00a0 \u00a0 \u00a0\u00a0El \u00a0juzgador \u00a0desconoci\u00f3 \u00a0los \u00a0principios \u00a0b\u00e1sicos \u00a0del sistema de \u00a0apreciaci\u00f3n racional de los testimonios. \u00a0\u00a0<\/p>\n<p>\u00a0 \u00a0 \u00a0\u00a0 \u00a0\u00a0 \u00a0 \u00a0\u00a0 \u00a0 \u00a0\u00a0 \u00a0 \u00a0 \u00a0 \u00a0 \u00a0 \u00a0 \u00a0\u00a0 \u00a0 \u00a0 \u00a0 \u00a0 \u00a0 \u00a0 \u00a0\u00a0Incurri\u00f3 \u00a0el \u00a0Tribunal igualmente en falso juicio de existencia por \u00a0omisi\u00f3n \u00a0al ignorar los argumentos de la defensa, del procesado y el testimonio \u00a0de \u00a0los ofendidos, el propietario del rodante Luis Piraquive, el conductor Julio \u00a0Anc\u00edzar Guevara y el ayudante Mauricio Vargas Toro. \u00a0\u00a0<\/p>\n<p>\u00a0 \u00a0 \u00a0\u00a0 \u00a0\u00a0 \u00a0 \u00a0\u00a0 \u00a0 \u00a0\u00a0 \u00a0 \u00a0 \u00a0 \u00a0 \u00a0 \u00a0 \u00a0\u00a0 \u00a0 \u00a0 \u00a0 \u00a0 \u00a0 \u00a0 \u00a0\u00a0Los \u00a0funcionarios \u00a0de \u00a0instancia \u00a0no \u00a0analizaron \u00a0la \u00a0intenci\u00f3n del \u00a0procesado, \u00a0quien \u00a0pretend\u00eda \u00a0simplemente \u00a0hurtar \u00a0el \u00a0veh\u00edculo y reducir a la \u00a0impotencia \u00a0a \u00a0las \u00a0v\u00edctimas, no otra cosa se deduce de la facilidad con la que \u00a0se desataron el conductor y ayudante. \u00a0\u00a0<\/p>\n<p>\u00a0 \u00a0 \u00a0\u00a0 \u00a0\u00a0 \u00a0 \u00a0\u00a0 \u00a0 \u00a0\u00a0 \u00a0 \u00a0 \u00a0 \u00a0 \u00a0 \u00a0 \u00a0\u00a0 \u00a0 \u00a0 \u00a0 \u00a0 \u00a0 \u00a0 \u00a0\u00a0No \u00a0existe \u00a0prueba \u00a0en \u00a0el \u00a0expediente acerca del arma con la que se \u00a0dice \u00a0fueron amedrentadas las v\u00edctimas, hecho con base en el cual el demandante \u00a0niega \u00a0 la \u00a0 violencia \u00a0moral. \u00a0\u00a0 \u00a0\u00a0 \u00a0\u00a0 \u00a0\u00a0 \u00a0 \u00a0 \u00a0 \u00a0 \u00a0 \u00a0 \u00a0\u00a0 \u00a0 \u00a0 \u00a0 \u00a0 \u00a0\u00a0<\/p>\n<p>\u00a0 \u00a0 \u00a0\u00a0 \u00a0\u00a0 \u00a0 \u00a0\u00a0 \u00a0 \u00a0\u00a0 \u00a0 \u00a0 \u00a0 \u00a0 \u00a0 \u00a0 \u00a0\u00a0 \u00a0 \u00a0 \u00a0 \u00a0 \u00a0 \u00a0 \u00a0\u00a0Tercer cargo. \u00a0\u00a0<\/p>\n<p>\u00a0 \u00a0 \u00a0\u00a0 \u00a0\u00a0 \u00a0 \u00a0\u00a0 \u00a0 \u00a0\u00a0 \u00a0 \u00a0 \u00a0 \u00a0 \u00a0 \u00a0 \u00a0\u00a0 \u00a0 \u00a0 \u00a0 \u00a0 \u00a0 \u00a0 \u00a0\u00a0Los \u00a0funcionarios \u00a0judiciales \u00a0deformaron los hechos, los argumentos \u00a0de \u00a0la \u00a0defensa \u00a0son \u00a0ciertos \u00a0y \u00a0correctos, \u00a0cualidades \u00a0de \u00a0las que adolece la \u00a0decisi\u00f3n \u00a0recurrida, \u00a0debi\u00e9ndose \u00a0dar \u00a0credibilidad \u00a0a \u00a0las \u00a0explicaciones del \u00a0procesado \u00a0en \u00a0cuanto \u00a0a \u00a0la \u00a0ocurrencia \u00a0de los hechos, en el sentido de que la \u00a0intenci\u00f3n \u00a0era \u00a0despojar \u00a0al \u00a0conductor \u00a0del \u00a0veh\u00edculo \u00a0sin \u00a0causar \u00a0da\u00f1o \u00a0ni \u00a0secuestrar. \u00a0\u00a0<\/p>\n<p>\u00a0 \u00a0 \u00a0\u00a0 \u00a0\u00a0 \u00a0 \u00a0\u00a0 \u00a0 \u00a0\u00a0 \u00a0 \u00a0 \u00a0 \u00a0 \u00a0 \u00a0 \u00a0\u00a0 \u00a0 \u00a0 \u00a0 \u00a0 \u00a0 \u00a0 \u00a0\u00a0Solicita \u00a0a la Corte casar la sentencia para absolver a LIBARDO \u00a0BOL\u00cdVAR \u00a0POVEDA por el delito de \u00a0secuestro \u00a0simple, \u00a0debi\u00e9ndose \u00a0redosificar \u00a0la \u00a0pena por el hurto calificado y \u00a0agravado y el porte ilegal de armas. \u00a0\u00a0<\/p>\n<p>\u00a0 \u00a0\u00a0 \u00a0\u00a0 \u00a0\u00a0 \u00a0\u00a0 \u00a0 \u00a0 \u00a0 \u00a0 \u00a0 \u00a0\u00a0 \u00a0 \u00a0 \u00a0 \u00a0 \u00a0 \u00a0\u00a0<\/p>\n<p>CONSIDERACIONES \u00a0DE \u00a0LA \u00a0SALA \u00a0 \u00a0 \u00a0 \u00a0 \u00a0\u00a0<\/p>\n<p>\u00a0\u00a0 \u00a0 \u00a0\u00a0 \u00a0\u00a0 \u00a0\u00a0 \u00a0\u00a0 \u00a0\u00a0 \u00a0\u00a0 \u00a0 \u00a0\u00a0 \u00a0 \u00a0 \u00a0 \u00a0 \u00a0\u00a0 \u00a0\u00a01. \u00a0 El \u00a0art\u00edculo \u00a0212 \u00a0del \u00a0C\u00f3digo \u00a0de \u00a0Procedimiento \u00a0Penal \u00a0establece \u00a0como \u00a0requisitos \u00a0formales \u00a0para \u00a0la demanda de \u00a0casaci\u00f3n, \u00a0los \u00a0siguientes: \u00a0a) \u00a0La \u00a0identificaci\u00f3n \u00a0de los sujetos procesales \u00a0y\u00a0 \u00a0de la sentencia impugnada, b) Una s\u00edntesis de los hechos juzgados y de \u00a0la \u00a0actuaci\u00f3n \u00a0procesal, c) Se\u00f1alamiento de la causal que se aduzca para pedir \u00a0la \u00a0invalidaci\u00f3n, \u00a0revocatoria \u00a0o \u00a0modificaci\u00f3n \u00a0del \u00a0fallo, \u00a0con \u00a0indicaci\u00f3n \u00a0clara\u00a0 \u00a0y \u00a0precisa de los fundamentos de ella, d) La cita de las normas que \u00a0se \u00a0consideran \u00a0infringidas, y e) Expresar las varias causales y sus fundamentos \u00a0en \u00a0cap\u00edtulos \u00a0separados, debi\u00e9ndose proponer de manera subsidiaria los cargos \u00a0que sean excluyentes. \u00a0\u00a0<\/p>\n<p>\u00a0\u00a0\u00a0\u00a0\u00a0 \u00a0 \u00a0 \u00a0\u00a0 \u00a0\u00a0 \u00a0\u00a0 \u00a0\u00a0 \u00a0\u00a0 \u00a0 \u00a0\u00a0 \u00a0 \u00a0 \u00a0 \u00a0 \u00a0 \u00a0 \u00a0 \u00a0 \u00a0\u00a02. \u00a0La \u00a0demanda cuyo \u00a0examen \u00a0se realiza en esta oportunidad muestra la omisi\u00f3n de reglas elementales \u00a0de \u00a0estricto cumplimiento, cuyo\u00a0 desconocimiento le impiden a la Sala, dada \u00a0la \u00a0naturaleza \u00a0rogada \u00a0del recurso y sus facultades limitadas, admitir su\u00a0 \u00a0viabilidad y permitir el tr\u00e1mite del recurso. \u00a0\u00a0<\/p>\n<p>\u00a0 \u00a0 \u00a0\u00a0 \u00a0\u00a0 \u00a0 \u00a0\u00a0 \u00a0 \u00a0\u00a0 \u00a0 \u00a0 \u00a0 \u00a0 \u00a0 \u00a0 \u00a0\u00a0 \u00a0 \u00a0 \u00a0 \u00a0 \u00a0 \u00a0 \u00a0\u00a0Una \u00a0simple \u00a0lectura \u00a0al \u00a0libelo \u00a0muestra \u00a0que \u00a0el \u00a0recurrente quiso \u00a0estructurar \u00a0los \u00a0tres cargos censurando la apreciaci\u00f3n de la indagatoria y las \u00a0declaraciones \u00a0de Luis Piraquive, Julio Anc\u00edzar Guevara y Mauricio Vargas Toro, \u00a0pero \u00a0ignorando \u00a0el \u00a0contenido \u00a0de \u00a0la \u00a0sentencia, sus fundamentos probatorios y \u00a0acudiendo \u00a0a una sustentaci\u00f3n en la que se hace notorio el argumento gen\u00e9rico, \u00a0las \u00a0opiniones \u00a0personales sobre la manera como han debido de ser apreciadas las \u00a0pruebas, \u00a0sin \u00a0poner \u00a0de \u00a0relieve \u00a0la \u00a0existencia \u00a0de error alguno por parte del \u00a0juzgador, \u00a0y \u00a0por \u00a0ende, aunque as\u00ed lo insin\u00fae, no muestra su trascendencia en \u00a0la \u00a0decisi\u00f3n, pues aquellas formas de expresi\u00f3n son de corte libre, las cuales \u00a0resultan \u00a0 extra\u00f1as \u00a0en \u00a0el \u00a0recurso \u00a0extraordinario, \u00a0en \u00a0donde \u00a0la \u00a0sentencia \u00a0impugnada goza de la doble presunci\u00f3n de acierto y legalidad. \u00a0\u00a0<\/p>\n<p>\u00a0 \u00a0\u00a0 \u00a0\u00a0 \u00a0\u00a0 \u00a0\u00a0 \u00a0 \u00a0 \u00a0 \u00a0 \u00a0 \u00a0\u00a0 \u00a0\u00a0A \u00a0la Corte el actor no le dio a conocer \u00a0los \u00a0errores in iudicando que \u00a0supuestamente \u00a0afectaban \u00a0el \u00a0fallo \u00a0impugnado, los fundamentos expresados en la \u00a0demanda \u00a0no \u00a0los \u00a0evidencian, dado que enuncia la naturaleza del error atribuido \u00a0al \u00a0fallo \u00a0pero \u00a0no \u00a0hace \u00a0distinci\u00f3n \u00a0alguna \u00a0respecto \u00a0a \u00a0las alternativas de \u00a0violaci\u00f3n \u00a0de \u00a0la \u00a0ley \u00a0sustancial, \u00a0lo \u00a0cual \u00a0torna \u00a0impreciso \u00a0y \u00a0confuso \u00a0el \u00a0escrito\u00a0 \u00a0 examinado, \u00a0 presupuesto \u00a0 de \u00a0 forma \u00a0y \u00a0contenido \u00a0\u00e9ste \u00a0cuya \u00a0inobservancia obliga a la inadmisibilidad de aquella. \u00a0\u00a0<\/p>\n<p>\u00a0 \u00a0 \u00a0\u00a0 \u00a0\u00a0 \u00a0 \u00a0\u00a0 \u00a0 \u00a0\u00a0 \u00a0 \u00a0 \u00a0 \u00a0 \u00a0 \u00a0 \u00a0\u00a0 \u00a0 \u00a0 \u00a0 \u00a0 \u00a0 \u00a0 \u00a0\u00a03. \u00a0En \u00a0el primer cargo se hace referencia \u00a0al \u00a0falso \u00a0juicio de identidad, aduci\u00e9ndose como sustento el haberse dado a los \u00a0medios \u00a0de prueba un poder de convicci\u00f3n del cual carecen, enunciado que no fue \u00a0identificado \u00a0dentro \u00a0del \u00a0contenido \u00a0material \u00a0de la prueba, menos se demostr\u00f3 \u00a0distorsi\u00f3n, \u00a0tergiversaci\u00f3n \u00a0o cercenamiento de la indagatorias o de la prueba \u00a0testimonial \u00a0en \u00a0la \u00a0que \u00a0se \u00a0sustent\u00f3 \u00a0la decisi\u00f3n. Inexplicablemente en este \u00a0reparo \u00a0acude \u00a0el \u00a0recurrente a supuestos errores de derecho, los que han debido \u00a0reclamarse \u00a0en \u00a0cargo \u00a0separado, \u00a0en \u00a0virtud del principio de autonom\u00eda, el que \u00a0result\u00f3 \u00a0 vulnerado \u00a0 con \u00a0la \u00a0mixtura \u00a0de \u00a0conceptos \u00a0a \u00a0los \u00a0que \u00a0acudi\u00f3 \u00a0el \u00a0actor.\u00a0\u00a0 \u00a0\u00a0<\/p>\n<p>\u00a0 \u00a0\u00a0 \u00a0\u00a0 \u00a0\u00a0 \u00a0\u00a0 \u00a0 \u00a0 \u00a0 \u00a0 \u00a0 \u00a0\u00a0 \u00a0\u00a04. En el segundo \u00a0cargo \u00a0se aleg\u00f3 la violaci\u00f3n de los principios b\u00e1sicos que conforme a la sana \u00a0cr\u00edtica \u00a0gobiernan \u00a0la \u00a0valoraci\u00f3n \u00a0de \u00a0la prueba testimonial, afirmaci\u00f3n que \u00a0luego \u00a0abandona para imputarle al ad quem un \u00a0falso \u00a0juicio \u00a0de \u00a0existencia por omisi\u00f3n, cr\u00edtica que vincula \u00a0con \u00a0los \u00a0argumentos \u00a0de \u00a0la defensa, el dicho del procesado y las declaraciones \u00a0del \u00a0propietario del rodante Luis Piraquive, el conductor Julio Anc\u00edzar Guevara \u00a0y el ayudante Mauricio Vargas Toro. \u00a0\u00a0<\/p>\n<p>\u00a0 \u00a0\u00a0 \u00a0\u00a0 \u00a0\u00a0 \u00a0\u00a0 \u00a0 \u00a0 \u00a0 \u00a0 \u00a0 \u00a0\u00a0 \u00a0 \u00a0La \u00a0confusi\u00f3n \u00a0a \u00a0la \u00a0que \u00a0induce \u00a0los \u00a0argumentos \u00a0expresados en el cargo desconoce la claridad que exige el legislador \u00a0en \u00a0el \u00a0numeral \u00a03 del art\u00edculo 212 del C.P.P., pues es un deber del recurrente \u00a0indicar \u00a0en \u00a0forma \u00a0clara \u00a0y \u00a0precisa \u00a0los fundamentos de la causal y del reparo \u00a0invocado, \u00a0y \u00a0en este caso, insinu\u00f3 simult\u00e1neamente, la violaci\u00f3n del derecho \u00a0de \u00a0defensa \u00a0por \u00a0no \u00a0tenerse \u00a0en \u00a0cuenta \u00a0los \u00a0argumentos de la defensa (causal \u00a0tercera \u00a0de \u00a0casaci\u00f3n) \u00a0y la omisi\u00f3n de prueba aportada al proceso (violaci\u00f3n \u00a0indirecta \u00a0de \u00a0la ley sustancial por falso juicio de existencia), premisas estas \u00a0que igualmente desconocen la naturaleza de la causal aludida. \u00a0\u00a0<\/p>\n<p>\u00a0 \u00a0\u00a0 \u00a0\u00a0 \u00a0\u00a0 \u00a0\u00a0 \u00a0 \u00a0 \u00a0 \u00a0 \u00a0 \u00a0\u00a0 \u00a0\u00a05. \u00a0El \u00a0tercer \u00a0cargo \u00a0no \u00a0demanda \u00a0an\u00e1lisis \u00a0alguno \u00a0para descifrar la falta de t\u00e9cnica, pues \u00a0confundiendo \u00a0la casaci\u00f3n con un alegato de instancia, se sostiene que el error \u00a0del \u00a0fallador \u00a0consisti\u00f3 en no haberle dado credibilidad a los argumentos de la \u00a0defensa, \u00a0los que calificada de ciertos y correctos, atributos que le niega a la \u00a0decisi\u00f3n \u00a0recurrida, sin agregar elemento de juicio que permita demostrar error \u00a0en el fallador corregible por v\u00eda casacional. \u00a0\u00a0<\/p>\n<p>\u00a0\u00a0\u00a0\u00a0 \u00a0 \u00a0 \u00a0\u00a0 \u00a0 \u00a0 \u00a0 \u00a0 \u00a0 \u00a0\u00a0 \u00a0\u00a0 \u00a0 \u00a0 \u00a0 \u00a06. Es claro, que las equivocaciones que se \u00a0han \u00a0se\u00f1alado \u00a0obedecieron \u00a0a que el demandante tom\u00f3\u00a0 el recurso como una \u00a0tercera \u00a0instancia, \u00a0de \u00a0ah\u00ed que en la demanda sea notoria la imprecisi\u00f3n y la \u00a0argumentaci\u00f3n \u00a0ajena \u00a0a \u00a0la \u00a0t\u00e9cnica del recurso. Precisamente estas falencias \u00a0obedecen \u00a0al \u00a0desconocimiento \u00a0de las finalidades del instituto y de la forma de \u00a0ejercitarlo, \u00a0lo \u00a0que \u00a0ha \u00a0llevado a que se abuse del derecho a recurrir en esta \u00a0\u00fanica \u00a0sede, \u00a0pas\u00e1ndose \u00a0por \u00a0alto que la demanda de casaci\u00f3n solamente puede \u00a0ser \u00a0resuelta de fondo si supera el juicio de admisibilidad que ahora realiza la \u00a0Corte, prop\u00f3sito que en este caso no logra el demandante. \u00a0\u00a0<\/p>\n<p>\u00a0 \u00a0\u00a0 \u00a0\u00a0 \u00a0\u00a0 \u00a0 \u00a0 \u00a0 \u00a0 \u00a0\u00a0 \u00a0\u00a0 \u00a0 \u00a07. \u00a0No \u00a0obstante \u00a0inadmitirse \u00a0la demanda por no reunir en su aspecto \u00a0formal \u00a0los \u00a0requisitos establecidos por el art\u00edculos 212 del C.P.P., se ordena \u00a0correr \u00a0traslado \u00a0al Procurador Delegado Para la Casaci\u00f3n Penal a efecto de que \u00a0rinda \u00a0concepto \u00a0respecto \u00a0de \u00a0la \u00a0afectaci\u00f3n \u00a0de \u00a0garant\u00edas \u00a0fundamentales de \u00a0LIBARDO \u00a0BOL\u00cdVAR \u00a0POVEDA, \u00a0relacionadas \u00a0con \u00a0la \u00a0legalidad \u00a0y \u00a0favorabilidad \u00a0de \u00a0la \u00a0pena \u00a0del \u00a0delito de \u00a0secuestro \u00a0 simple \u00a0 por \u00a0 el \u00a0 que \u00a0se \u00a0le \u00a0conden\u00f3, \u00a0al \u00a0hab\u00e9rsele \u00a0liberado \u00a0voluntariamente \u00a0 unas \u00a0 horas \u00a0 despu\u00e9s \u00a0de \u00a0consumado \u00a0el \u00a0hecho, \u00a0deber \u00a0que \u00a0oficiosamente impone a la Sala el art\u00edculo 216 ib\u00eddem. \u00a0\u00a0<\/p>\n<p>\u00a0 \u00a0<\/p>\n<p>\u00a0\u00a0\u00a0 \u00a0 \u00a0 \u00a0\u00a0 \u00a0\u00a0 \u00a0\u00a0 \u00a0\u00a0 \u00a0\u00a0 \u00a0\u00a0 \u00a0\u00a0 \u00a0 \u00a0 \u00a0 \u00a0 \u00a0 \u00a0 \u00a0\u00a0En \u00a0m\u00e9rito \u00a0de \u00a0lo expuesto, la Sala de Casaci\u00f3n Penal de la Corte \u00a0Suprema de Justicia, \u00a0\u00a0<\/p>\n<p>\u00a0 \u00a0\u00a0 \u00a0\u00a0 \u00a0 \u00a0\u00a0 \u00a0\u00a0 \u00a0\u00a0 \u00a0\u00a0 \u00a0\u00a0 \u00a0\u00a0 \u00a0 \u00a0 \u00a0\u00a0 \u00a0 \u00a0 \u00a0\u00a0RESUELVE \u00a0\u00a0<\/p>\n<p>\u00a0\u00a0\u00a0\u00a0\u00a0\u00a0\u00a0\u00a0\u00a0 \u00a0 \u00a0 \u00a0\u00a0 \u00a0 \u00a0\u00a0 \u00a0 \u00a0\u00a0 \u00a0 \u00a0 \u00a0\u00a0 \u00a0\u00a0 \u00a0\u00a0 \u00a0\u00a0 \u00a0\u00a0 \u00a0\u00a0 \u00a0 \u00a0 \u00a0 \u00a01. \u00a0Inadmitir \u00a0la \u00a0demanda \u00a0de \u00a0casaci\u00f3n presentada por el defensor de LIBARDO \u00a0BOL\u00cdVAR POVEDA. En consecuencia, \u00a0se \u00a0 \u00a0 declara \u00a0 \u00a0desierto \u00a0 \u00a0el \u00a0 \u00a0recurso \u00a0 \u00a0extraordinario \u00a0 \u00a0de \u00a0 \u00a0casaci\u00f3n \u00a0interpuesto. \u00a0\u00a0<\/p>\n<p>\u00a0\u00a0\u00a0 \u00a0 \u00a0 \u00a0\u00a0 \u00a0\u00a0 \u00a0\u00a0 \u00a0\u00a0 \u00a0\u00a0 \u00a0\u00a0 \u00a0\u00a0 \u00a0 \u00a0 \u00a0 \u00a0 \u00a0 \u00a0 \u00a0\u00a02. \u00a0 C\u00f3rrase \u00a0 traslado \u00a0 al \u00a0Procurador \u00a0Delegado \u00a0para la Casaci\u00f3n Penal para los efectos del art\u00edculo 213 del C.P.P., \u00a0en los t\u00e9rminos indicados en la parte motiva de esta providencia. \u00a0\u00a0<\/p>\n<p>\u00a0 \u00a0\u00a0 \u00a0\u00a0 \u00a0\u00a0 \u00a0\u00a0 \u00a0 \u00a0 \u00a0 \u00a0 \u00a0 \u00a0\u00a0 \u00a0\u00a03. Contra esta \u00a0providencia no procede recurso alguno. \u00a0\u00a0<\/p>\n<p>\u00a0 \u00a0\u00a0 \u00a0\u00a0 \u00a0 \u00a0\u00a0 \u00a0\u00a0 \u00a0\u00a0 \u00a0\u00a0 \u00a0\u00a0 \u00a0\u00a0 \u00a0 \u00a0 \u00a0\u00a0<\/p>\n<p>\u00a0 \u00a0\u00a0 \u00a0\u00a0 \u00a0 \u00a0\u00a0 \u00a0\u00a0 \u00a0\u00a0 \u00a0\u00a0 \u00a0\u00a0 \u00a0\u00a0 \u00a0 \u00a0\u00a0 \u00a0 \u00a0C\u00f3piese, \u00a0 notif\u00edquese \u00a0 y \u00a0c\u00famplase. \u00a0\u00a0<\/p>\n<p>\u00a0 \u00a0 \u00a0\u00a0 \u00a0\u00a0 \u00a0 \u00a0 \u00a0\u00a0<\/p>\n<p>\u00a0 \u00a0\u00a0 \u00a0\u00a0 \u00a0MARINA PULIDO DE BAR\u00d3N \u00a0\u00a0<\/p>\n<p>SIGIFREDO \u00a0 \u00a0 \u00a0 \u00a0 \u00a0ESPINOSA \u00a0P\u00c9REZ\u00a0\u00a0\u00a0\u00a0\u00a0\u00a0\u00a0\u00a0\u00a0\u00a0\u00a0\u00a0\u00a0\u00a0\u00a0\u00a0\u00a0\u00a0\u00a0\u00a0\u00a0\u00a0\u00a0\u00a0\u00a0\u00a0\u00a0\u00a0\u00a0\u00a0\u00a0\u00a0\u00a0\u00a0\u00a0\u00a0\u00a0 \u00a0HERMAN GAL\u00c1N CASTELLANOS \u00a0\u00a0<\/p>\n<p>Salvamento \u00a0parcial \u00a0de \u00a0voto \u00a0 \u00a0 \u00a0 \u00a0 \u00a0\u00a0<\/p>\n<p>ALFREDO \u00a0 G\u00d3MEZ \u00a0 QUINTERO\u00a0 \u00a0 \u00a0 \u00a0 \u00a0\u00a0 \u00a0 \u00a0 \u00a0 \u00a0 \u00a0\u00a0 \u00a0 \u00a0 \u00a0 \u00a0 \u00a0\u00a0 \u00a0\u00a0 \u00a0\u00a0 \u00a0\u00a0 \u00a0\u00a0 \u00a0\u00a0 \u00a0\u00a0 \u00a0\u00a0 \u00a0 \u00a0 \u00a0\u00a0 \u00a0 \u00a0 \u00a0\u00a0\u00c9DGAR \u00a0 \u00a0 \u00a0LOMBANA \u00a0TRUJILLO \u00a0\u00a0<\/p>\n<p>\u00c1LVARO \u00a0 \u00a0 \u00a0 \u00a0O. \u00a0 \u00a0 \u00a0 \u00a0P\u00c9REZ \u00a0PINZ\u00d3N\u00a0\u00a0\u00a0\u00a0\u00a0\u00a0\u00a0\u00a0\u00a0\u00a0\u00a0\u00a0\u00a0\u00a0\u00a0\u00a0\u00a0\u00a0\u00a0\u00a0\u00a0\u00a0 \u00a0 \u00a0 \u00a0\u00a0 \u00a0 \u00a0\u00a0 \u00a0 \u00a0\u00a0 \u00a0 \u00a0 \u00a0\u00a0 \u00a0\u00a0 \u00a0\u00a0 \u00a0JORGE LUIS \u00a0QUINTERO \u00a0 \u00a0 MILAN\u00c9S \u00a0 \u00a0\u00a0 \u00a0 \u00a0\u00a0 \u00a0 \u00a0\u00a0 \u00a0\u00a0 \u00a0\u00a0<\/p>\n<p>Salvamento parcial de voto \u00a0<\/p>\n<p>YESID \u00a0 \u00a0 \u00a0 \u00a0 \u00a0 RAM\u00cdREZ \u00a0BASTIDAS\u00a0\u00a0\u00a0\u00a0\u00a0 \u00a0 \u00a0 \u00a0 \u00a0\u00a0 \u00a0\u00a0 \u00a0 \u00a0 \u00a0 \u00a0 \u00a0 \u00a0 \u00a0 \u00a0 \u00a0 \u00a0 \u00a0\u00a0MAURO \u00a0SOLARTE PORTILLA \u00a0\u00a0<\/p>\n<p>\u00a0 \u00a0\u00a0 \u00a0\u00a0 \u00a0 \u00a0\u00a0 \u00a0\u00a0 \u00a0 \u00a0TERESA RUIZ \u00a0N\u00da\u00d1EZ \u00a0\u00a0<\/p>\n<p>\u00a0 \u00a0\u00a0 \u00a0\u00a0 \u00a0\u00a0\u00a0\u00a0\u00a0\u00a0\u00a0\u00a0\u00a0\u00a0\u00a0\u00a0\u00a0\u00a0\u00a0\u00a0 \u00a0Secretaria \u00a0\u00a0<\/p>\n<p>SALVAMENTO PARCIAL DE VOTO \u00a0<\/p>\n<p>(Casaci\u00f3n No. 23.020) \u00a0<\/p>\n<p>He \u00a0salvado \u00a0el voto parcialmente porque no \u00a0estoy \u00a0de \u00a0acuerdo \u00a0con el traslado que se dispone al Ministerio P\u00fablico. Estas \u00a0son las razones: \u00a0\u00a0<\/p>\n<p>1. Establecida la vulneraci\u00f3n de un derecho \u00a0o \u00a0 de \u00a0 una \u00a0 garant\u00eda, \u00a0 de \u00a0inmediato \u00a0el \u00a0funcionario \u00a0judicial \u00a0tiene el deber de declararla, salvo en \u00a0aquellos \u00a0eventos en los cuales se admite la demanda de casaci\u00f3n y se remite al \u00a0Ministerio \u00a0P\u00fablico. \u00a0Si la ruptura de los derechos es algo grave, y a plenitud \u00a0la \u00a0detecta \u00a0el \u00a0juez \u00a0de \u00a0casaci\u00f3n, lo que debe hacer es decretar la lesi\u00f3n a \u00a0ellos tan pronto recibe el proceso y se percata de ello. \u00a0\u00a0<\/p>\n<p>2. No veo c\u00f3mo pueda el Ministerio P\u00fablico \u00a0opinar \u00a0frente \u00a0a \u00a0una \u00a0demanda \u00a0que \u00a0no re\u00fane los requisitos t\u00e9cnico-formales \u00a0m\u00ednimos. \u00a0No \u00a0s\u00e9 \u00a0c\u00f3mo podr\u00eda hacerlo pues es la propia ley la que determina \u00a0como \u00a0 requisito \u00a0 de \u00a0 procedibilidad \u00a0para \u00a0 \u00a0esa \u00a0 entidad \u00a0 la \u00a0 declaraci\u00f3n \u00a0 de \u00a0 \u201cadmitida\u201d \u00a0 o \u00a0\u201cajustada\u201d \u00a0 \u00a0 de \u00a0 \u00a0 la \u00a0 \u00a0 demanda. \u00a0 \u00a0Basta \u00a0 \u00a0leer \u00a0 \u00a0la \u00a0 \u00a0disposici\u00f3n \u00a0correspondiente. \u00a0\u00a0<\/p>\n<p>3. \u00a0O\u00eda \u00a0en \u00a0Sala \u00a0que \u00a0se \u00a0hac\u00eda \u201cpara \u00a0mayores \u00a0garant\u00edas\u201d. \u00a0No \u00a0veo por qu\u00e9 se hace con esa finalidad, si se tiene \u00a0claro \u00a0que \u00a0ha \u00a0existido \u00a0desconocimiento de derechos. Con el traslado lo que se \u00a0hace \u00a0es \u00a0lo \u00a0contrario: \u00a0prolongar \u00a0a\u00fan \u00a0m\u00e1s, \u00a0sin raz\u00f3n, la ruptura de esos \u00a0derechos. \u00a0\u00a0<\/p>\n<p>4. La mayor garant\u00eda ciudadana frente a un \u00a0eventual \u00a0desconocimiento \u00a0de derechos fundamentales es que conozca el asunto la \u00a0Corte \u00a0Suprema \u00a0de \u00a0Justicia pues esta, se afirma, es el m\u00e1ximo Organismo de la \u00a0jurisdicci\u00f3n \u00a0Ordinaria. \u00a0Y \u00a0con esto no se menosprecia al Ministerio P\u00fablico. \u00a0No. \u00a0Simplemente \u00a0se \u00a0hacen \u00a0las \u00a0cosas \u00a0como \u00a0se deben hacer: si la Corte, tras \u00a0inadmitir \u00a0 la \u00a0demanda, \u00a0observa \u00a0una \u00a0n\u00edtida \u00a0violaci\u00f3n de derechos y\/o garant\u00edas, o una protuberante \u00a0causal \u00a0de \u00a0nulidad, por el rango de su ejercicio, debe proceder de una vez a la \u00a0declaraci\u00f3n correspondiente. \u00a0\u00a0<\/p>\n<p>5. \u00a0 \u00a0Si \u00a0 \u00a0la \u00a0 \u00a0Corte \u00a0 \u00a0inadmite \u00a0 la \u00a0 demanda \u00a0y \u00a0dispone \u00a0el \u00a0traslado \u00a0al \u00a0Ministerio \u00a0P\u00fablico, en estricto sentido ha perdido totalmente su \u00a0competencia. \u00a0Por \u00a0consiguiente, \u00a0cuando retorne el expediente a su seno, carece \u00a0de potestad para hacer cualquier tipo de pronunciamiento. \u00a0\u00a0<\/p>\n<p>6. \u00a0 \u00a0Si \u00a0 \u00a0la \u00a0 \u00a0Corte \u00a0 \u00a0inadmite \u00a0la demanda, su decisi\u00f3n queda \u00a0ejecutoriada \u00a0con \u00a0la firma de los integrantes de la Sala de Casaci\u00f3n Penal. Si \u00a0se \u00a0 env\u00eda \u00a0 el \u00a0 asunto \u00a0 al \u00a0 Ministerio \u00a0 P\u00fablico \u00a0 y \u00a0 luego \u00a0\u2013ma\u00f1ana, \u00a0dentro de un mes, dentro de \u00a0un \u00a0a\u00f1o, o cuando sea- \u00e9ste retorna las diligencias con su opini\u00f3n, la Corte, \u00a0ante \u00a0la flagrante lesi\u00f3n de una garant\u00eda b\u00e1sica o de un derecho fundamental, \u00a0no \u00a0puede \u00a0ocuparse \u00a0del \u00a0expediente, \u00a0pues, \u00a0se repite, su auto de inadmisi\u00f3n \u00a0ya est\u00e1 ejecutoriado. Y no \u00a0me \u00a0cabe \u00a0en \u00a0la cabeza que con el traslado a la Procuradur\u00eda surja otra figura \u00a0jur\u00eddica: \u00a0suspensi\u00f3n de \u00a0la \u00a0ejecutoria \u00a0mientras \u00a0concept\u00faa \u00a0el Ministerio P\u00fablico y mientras la Corte \u00a0vuelve a pronunciarse. \u00a0\u00a0<\/p>\n<p>7. \u00a0Si \u00a0la \u00a0Corte remite el expediente para \u00a0concepto \u00a0a \u00a0la \u00a0Procuradur\u00eda, \u00a0esta \u00a0opina \u00a0y regresa el expediente a la Corte \u00a0\u00bfqu\u00e9 sigue? Ensayemos: \u00a0\u00a0<\/p>\n<p>7.1. Un auto que modifique la sentencia. Por \u00a0principio, \u00a0con \u00a0un \u00a0auto no puede ser variado un fallo de segunda instancia que \u00a0ya \u00a0ha \u00a0sido ratificado con la inadmisi\u00f3n. \u00a0\u00a0<\/p>\n<p>7.2. \u00a0 \u00a0Que \u00a0 la \u00a0 Corte \u00a0 case \u00a0 la \u00a0sentencia. \u00a0Pero \u00a0tiene \u00a0que \u00a0hacerlo \u00a0por \u00a0medio \u00a0de \u00a0una \u00a0sentencia \u00a0de \u00a0casaci\u00f3n, que no es posible sin el \u00a0\u201cajuste\u201d \u00a0 previo \u00a0 de \u00a0la \u00a0demanda \u00a0de \u00a0casaci\u00f3n \u00a0y \u00a0sin \u00a0el \u00a0\u2013ah\u00ed \u00a0 s\u00ed- \u00a0concepto \u00a0anterior \u00a0del \u00a0Ministerio P\u00fablico, en cualquier sentido. \u00a0\u00a0<\/p>\n<p>Ante este problema, pienso lo que siempre he \u00a0pensado frente a los problemas: lo mejor es evitarlos. \u00a0\u00a0<\/p>\n<p>8. La soluci\u00f3n es muy sencilla: \u00a0<\/p>\n<p>8.1. \u00a0El \u00a0art\u00edculo \u00a0216 \u00a0del \u00a0C\u00f3digo \u00a0de \u00a0Procedimiento \u00a0 Penal \u00a0 establece \u00a0 el \u00a0principio \u00a0de \u00a0limitaci\u00f3n \u00a0en casaci\u00f3n: la Corte no puede tener en \u00a0cuenta \u00a0causales distintas de las expresamente formuladas por el demandante. Sin \u00a0embargo, \u00a0 agrega: \u00a0 Pero \u00a0trat\u00e1ndose \u00a0de \u00a0nulidad \u00a0o de violaci\u00f3n ostensible de garant\u00edas sustanciales, \u00a0debe \u00a0 casar \u00a0 de \u00a0oficio. \u00a0\u00a0<\/p>\n<p>8.2. \u00a0La \u00a0lectura del art\u00edculo permite ver \u00a0dos hip\u00f3tesis: \u00a0\u00a0<\/p>\n<p>Una. Dictar fallo \u00a0de \u00a0casaci\u00f3n \u00a0luego \u00a0de \u00a0admitida \u00a0la \u00a0demanda \u00a0y de obtenido el concepto de la \u00a0Procuradur\u00eda, siempre ce\u00f1ida a lo esgrimido por el recurrente. \u00a0\u00a0<\/p>\n<p>Dos. \u00a0 Otra, \u00a0 por \u00a0 eso \u00a0 el \u00a0pero, \u00a0 que \u00a0 permite \u00a0 a \u00a0su \u00a0vez \u00a0dos \u00a0hip\u00f3tesis: \u00a0\u00a0<\/p>\n<p>Primera. \u00a0Dictar \u00a0sentencia \u00a0 de \u00a0 casaci\u00f3n \u00a0 de \u00a0 oficio, \u00a0despu\u00e9s de la declaraci\u00f3n de \u201cajustada\u201d de la demanda y de \u00a0la \u00a0recepci\u00f3n \u00a0del concepto del Ministerio P\u00fablico, m\u00e1s all\u00e1 de lo planteado \u00a0por \u00a0el \u00a0casacionista, \u00a0por \u00a0violaci\u00f3n \u00a0de \u00a0derechos \u00a0y \u00a0garant\u00edas \u00a0o \u00a0por \u00a0la \u00a0percepci\u00f3n de una causal de nulidad. \u00a0\u00a0<\/p>\n<p>Segunda. \u00a0Dictar \u00a0sentencia \u00a0 de \u00a0 casaci\u00f3n, \u00a0 de \u00a0 oficio, \u00a0sin limitaci\u00f3n alguna pues la demanda habr\u00e1 de ser inadmitida, \u00a0por las mismas razones anteriores. \u00a0\u00a0<\/p>\n<p>Por supuesto que esta interpretaci\u00f3n puede \u00a0ser \u00a0discutible. Pero sin duda es la que m\u00e1s se ajusta al derecho sustancial, y \u00a0es \u00a0la \u00a0que \u00a0permite \u00a0resolver \u00a0m\u00e1s \u00a0r\u00e1pido \u00a0sobre los derechos agraviados. La \u00a0Corte, \u00a0entonces, \u00a0en \u00a0vez \u00a0de \u00a0aumentar \u00a0el \u00a0tiempo \u00a0de lesi\u00f3n de los derechos \u00a0fundamentales, \u00a0y \u00a0de hacer giros que la Constituci\u00f3n y la ley proh\u00edben, tiene \u00a0que ocuparse directamente, de una vez, del tema. \u00a0\u00a0<\/p>\n<p>\u00c1lvaro Orlando P\u00e9rez Pinz\u00f3n \u00a0<\/p>\n<p>25. 7. 2005. \u00a0<\/p>\n<p>SALVAMENTO DE VOTO \u00a0<\/p>\n<p>Con \u00a0el acostumbrado respeto que me merecen \u00a0las \u00a0decisiones \u00a0de \u00a0la Sala, presento a continuaci\u00f3n las razones de mi disenso \u00a0con \u00a0la \u00a0determinaci\u00f3n \u00a0adoptada \u00a0por \u00a0la mayor\u00eda, pues considero que ella, al \u00a0inadmitir \u00a0la \u00a0demanda \u00a0de casaci\u00f3n presentada a nombre del procesado para a la \u00a0vez \u00a0disponer \u00a0un tr\u00e1mite que no est\u00e1 previsto en la ley con el fin de evaluar \u00a0la \u00a0posibilidad de casar de oficio la sentencia por una presunta vulneraci\u00f3n de \u00a0derechos \u00a0fundamentales, rompe de tajo la estructura del proceso y desconoce los \u00a0institutos que le est\u00e1n anejos. \u00a0\u00a0<\/p>\n<p>En \u00a0efecto, la casaci\u00f3n, tal y como qued\u00f3 \u00a0concebida \u00a0en \u00a0las \u00a0disposiciones que por raz\u00f3n de la inexequibilidad de la ley \u00a0553 \u00a0de 2000 y las pertinentes de la ley 600 del mismo a\u00f1o, recobraron vigencia \u00a0\u2013decreto \u00a02700 de 1991-, \u00a0es \u00a0un \u00a0medio \u00a0extraordinario \u00a0de impugnaci\u00f3n llamado a cumplir las finalidades \u00a0constitucionales \u00a0de \u00a0la prevalencia del Estado Social de Derecho, el imperio de \u00a0la \u00a0ley, \u00a0la \u00a0realizaci\u00f3n \u00a0del \u00a0derecho \u00a0sustancial \u00a0y \u00a0la \u00a0unificaci\u00f3n \u00a0de la \u00a0jurisprudencia \u00a0nacional, \u00a0seg\u00fan se desprende de lo preceptuado en el art\u00edculo \u00a0235-1 \u00a0de \u00a0la \u00a0Carta \u00a0Pol\u00edtica, \u00a0por \u00a0lo \u00a0que \u00a0no \u00a0puede confund\u00edrsele con los \u00a0recursos de la v\u00eda ordinaria. \u00a0\u00a0<\/p>\n<p>Igualmente, \u00a0la casaci\u00f3n como un juicio de \u00a0legalidad \u00a0que \u00a0se \u00a0emite \u00a0sobre la sentencia, tampoco puede entenderse como una \u00a0instancia \u00a0adicional, \u00a0ni \u00a0como potestad ilimitada para revisar el proceso en su \u00a0totalidad, \u00a0en \u00a0sus diversos aspectos f\u00e1cticos y normativos, sino como una fase \u00a0extraordinaria, limitada y excepcional del mismo. \u00a0\u00a0<\/p>\n<p>La \u00a0pretensi\u00f3n \u00a0impugnativa \u00a0en \u00a0casaci\u00f3n \u00a0siempre \u00a0tiene \u00a0un \u00a0objeto \u00a0preciso y diferente al de las instancias; regido por \u00a0causales \u00a0espec\u00edficas \u00a0se\u00f1aladas por la ley, con cargos que han de adecuarse a \u00a0estas \u00a0y \u00a0que \u00a0se \u00a0deciden por una nueva sentencia. Por lo tanto, es diferente y \u00a0diversa \u00a0en \u00a0objeto \u00a0y \u00a0contenido \u00a0de \u00a0la que se profiri\u00f3 por los falladores de \u00a0primero y segundo grados en el proceso respectivo. \u00a0\u00a0<\/p>\n<p>Ciertamente, \u00a0esa \u00a0configuraci\u00f3n \u00a0de \u00a0la \u00a0casaci\u00f3n \u00a0 como \u00a0 recurso \u00a0 extraordinario \u00a0 no \u00a0 es \u00a0campo \u00a0vedado \u00a0para \u00a0que, \u00a0reconoci\u00e9ndose \u00a0el \u00a0influjo \u00a0que \u00a0el \u00a0proceso \u00a0penal recibe de los principios y \u00a0valores \u00a0que \u00a0emanan \u00a0de \u00a0la \u00a0Carta \u00a0Pol\u00edtica, que para todos los efectos de la \u00a0actividad \u00a0estatal, \u00a0incluida \u00a0la \u00a0jurisdiccional, estatuy\u00f3 el modelo de Estado \u00a0social \u00a0y \u00a0democr\u00e1tico de derecho para Colombia, la Corte tambi\u00e9n propenda por \u00a0la \u00a0salvaguarda de los derechos esenciales de las personas, la tutela del debido \u00a0proceso, \u00a0la \u00a0prevalencia \u00a0del derecho sustancial y la garant\u00eda del acceso a la \u00a0administraci\u00f3n \u00a0de \u00a0justicia, \u00a0que tan caros resultaron en la decisi\u00f3n de cuyo \u00a0contenido me aparto. \u00a0\u00a0<\/p>\n<p>Pero\u00a0 alcanzar esos loables prop\u00f3sitos \u00a0no \u00a0justifica \u00a0el \u00a0empleo de cualquier medio, porque a\u00fan dentro de ese contexto \u00a0toda \u00a0funci\u00f3n \u00a0est\u00e1 \u00a0sometida \u00a0a \u00a0muy \u00a0precisos \u00a0l\u00edmites \u00a0y se desarrolla con \u00a0arreglo a determinadas competencias. \u00a0\u00a0<\/p>\n<p>No \u00a0cabe \u00a0duda \u00a0que \u00a0el \u00a0legislador \u00a0y \u00a0la \u00a0jurisprudencia \u00a0de \u00a0esta Corte, de modo paulatino, han venido flexibilizando los \u00a0rigores \u00a0para \u00a0acceder a la casaci\u00f3n, ejemplo de lo cual es la introducci\u00f3n de \u00a0institutos \u00a0como \u00a0la casaci\u00f3n oficiosa y la excepcional, circunstancia que, sin \u00a0embargo, \u00a0 no \u00a0 sustrae \u00a0 la \u00a0 naturaleza \u00a0 extraordinaria \u00a0 de \u00a0este \u00a0medio \u00a0de \u00a0impugnaci\u00f3n. \u00a0\u00a0<\/p>\n<p>Tambi\u00e9n \u00a0es \u00a0cierto que la doctrina de la \u00a0Corte \u00a0ven\u00eda \u00a0entendiendo, \u00a0hasta \u00a0ahora, que para entrar a casar de oficio una \u00a0sentencia \u00a0deb\u00eda \u00a0mediar una demanda en forma, esto es, que hubiese superado el \u00a0examen \u00a0formal \u00a0y, \u00a0por \u00a0ende, \u00a0el \u00a0tr\u00e1mite \u00a0subsiguiente, \u00a0el \u00a0del traslado al \u00a0Procurador \u00a0Delegado, \u00a0y que a pesar de desestimar sus fundamentos, por advertir \u00a0la \u00a0presencia \u00a0evidente \u00a0del quebranto a una garant\u00eda, se allanaba el camino al \u00a0quiebre \u00a0del \u00a0fallo. \u00a0Un \u00a0ejemplo \u00a0de \u00a0esa \u00a0tendencia \u00a0lo constituye un reciente \u00a0pronunciamiento de la Sala: \u00a0\u00a0<\/p>\n<p>\u201cLa \u00a0Corte \u00a0adquiere \u00a0competencia \u00a0para \u00a0conocer \u00a0de \u00a0la \u00a0casaci\u00f3n, \u00a0s\u00f3lo \u00a0a \u00a0partir de la \u00a0presentaci\u00f3n \u00a0de \u00a0una demanda en debida forma y de la existencia de un inter\u00e9s \u00a0jur\u00eddico \u00a0para \u00a0recurrir \u00a0-art\u00edculo \u00a0213 \u00a0de \u00a0la \u00a0ley \u00a0600 \u00a0de \u00a02000-, \u00a0siendo \u00a0ileg\u00edtima \u00a0 cualquier \u00a0 intervenci\u00f3n \u00a0 suya \u00a0sin \u00a0el \u00a0cumplimiento \u00a0de \u00a0dichos \u00a0presupuestos, \u00a0los \u00a0cuales \u00a0no pueden ser obviados con los enunciados gen\u00e9ricos \u00a0de disposiciones constitucionales que la har\u00edan procedente. \u00a0\u00a0<\/p>\n<p>\u201cAceptar -sin m\u00e1s- la tesis propuesta a \u00a0partir \u00a0de \u00a0la \u00a0prevalencia \u00a0del derecho material, la vigencia de un orden justo \u00a0como \u00a0fin \u00a0esencial \u00a0del \u00a0estado y del principio de preeminencia de las normas y \u00a0valores \u00a0constitucionales que irradian al universo jur\u00eddico interno, ni m\u00e1s ni \u00a0menos \u00a0ser\u00eda \u00a0desquiciar \u00a0el \u00a0ordenamiento \u00a0jur\u00eddico cuya defensa se propugna, \u00a0pues \u00a0por \u00a0esa \u00a0v\u00eda \u00a0cualquier sujeto procesal entender\u00eda encontrarse frente a \u00a0una \u00a0violaci\u00f3n \u00a0de \u00a0sus \u00a0garant\u00edas, \u00a0que obligar\u00eda a la Corte a contrariar el \u00a0orden \u00a0que \u00a0se \u00a0quiere proteger y a desvirtuar la naturaleza de la casaci\u00f3n que \u00a0en nuestro medio es esencialmente un juicio de legalidad. \u00a0\u00a0<\/p>\n<p>\u201cRep\u00e1rese en \u00a0que \u00a0la \u00a0intervenci\u00f3n \u00a0oficiosa de la Corte, permitida por el art\u00edculo 216 del \u00a0C\u00f3digo \u00a0de Procedimiento Penal para declarar nulidades requiere que la demanda, \u00a0h\u00e1yase \u00a0o \u00a0no \u00a0invocado \u00a0la \u00a0causal tercera del art\u00edculo 207 no prospere, pero \u00a0a\u00fan \u00a0as\u00ed \u00a0se \u00a0advierta la irregularidad sustancial a corregir, como quiera que \u00a0la \u00a0 limita \u00a0 a \u00a0 tener \u00a0 en \u00a0 cuenta \u00a0 \u00fanicamente \u00a0las \u00a0causales \u00a0\u2018expresamente \u00a0 \u00a0alegadas \u00a0 por \u00a0 el \u00a0demandante\u2019. \u00a0 \u00a0Pero \u00a0asimismo, \u00a0prev\u00e9 la posibilidad de casar la sentencia cuando sea ostensible que \u00a0la \u00a0misma \u00a0afecta \u00a0las \u00a0garant\u00edas \u00a0fundamentales.\u201d \u00a0(Sentencia \u00a0del 8 de julio de 2004, radicaci\u00f3n n.\u00b0 20.323, M.P. Alfredo G\u00f3mez \u00a0Quintero). \u00a0\u00a0<\/p>\n<p>Incluso, \u00a0poco \u00a0antes \u00a0fue m\u00e1s all\u00e1 y al \u00a0constatar \u00a0que \u00a0respecto de un procesado que no hab\u00eda recurrido la sentencia de \u00a0primera \u00a0instancia \u00a0ni \u00a0tampoco interpuso casaci\u00f3n, se le hab\u00edan vulnerado sus \u00a0garant\u00edas \u00a0fundamentales, \u00a0hizo \u00a0uso \u00a0de \u00a0la \u00a0potestad \u00a0de \u00a0casaci\u00f3n \u00a0oficiosa \u00a0consagrada \u00a0en \u00a0el \u00a0art\u00edculo \u00a0216, \u00a0pero \u00a0de \u00a0todos \u00a0modos, despu\u00e9s de haberse \u00a0surtido \u00a0la \u00a0plenitud \u00a0del \u00a0tr\u00e1mite \u00a0presupuesto \u00a0de la sentencia de casaci\u00f3n. \u00a0(Cfr. \u00a0sentencia \u00a0del \u00a012 de mayo de 2004, radicaci\u00f3n n.\u00b0 20.114, M.P. \u00c1lvaro \u00a0Orlando P\u00e9rez Pinz\u00f3n). \u00a0\u00a0<\/p>\n<p>Cabe \u00a0decir \u00a0que \u00a0en \u00a0tales ocasiones y en \u00a0algunas \u00a0otras \u00a0en \u00a0las cuales esta Corporaci\u00f3n dio lugar a casar de oficio una \u00a0sentencia, \u00a0 lo \u00a0 hizo \u00a0 con \u00a0plena \u00a0competencia, \u00a0en \u00a0ejercicio \u00a0cabal \u00a0de \u00a0sus \u00a0atribuciones \u00a0que \u00a0como \u00a0Corte de Casaci\u00f3n le confiere el art\u00edculo 235-1 de la \u00a0Constituci\u00f3n y la ley. \u00a0\u00a0<\/p>\n<p>Pero \u00a0la \u00a0singular \u00a0soluci\u00f3n \u00a0que \u00a0ahora \u00a0adopt\u00f3 \u00a0est\u00e1 \u00a0por \u00a0fuera del \u00e1mbito dentro del cual la corte puede ejercer de \u00a0manera leg\u00edtima su atribuci\u00f3n como Corte de Casaci\u00f3n. \u00a0\u00a0<\/p>\n<p>El Cap\u00edtulo IX, del T\u00edtulo V del C\u00f3digo \u00a0de \u00a0Procedimiento \u00a0Penal, \u00a0dedicado a la casaci\u00f3n, integrado con las normas del \u00a0Decreto \u00a0 2700 \u00a0 de \u00a01991 \u00a0que \u00a0revivieron \u00a0en \u00a0virtud \u00a0de \u00a0la \u00a0declaratoria \u00a0de \u00a0inexequibilidad \u00a0de algunos preceptos de la Ley 553 de 2000, as\u00ed como de la Ley \u00a0600 \u00a0de \u00a0ese \u00a0a\u00f1o \u00a0(sentencia \u00a0C-252\/01), \u00a0atinentes al recurso extraordinario, \u00a0conforman unidad secuencial, l\u00f3gica y racional. \u00a0\u00a0<\/p>\n<p>De \u00a0esa \u00a0forma, se\u00f1ala los eventos en los \u00a0que \u00a0procede la casaci\u00f3n (art\u00edculo 205), fija las causales susceptibles de ser \u00a0invocadas \u00a0(art\u00edculo 207), prev\u00e9 qui\u00e9nes est\u00e1n legitimados para presentar la \u00a0demanda \u00a0(art\u00edculo 209), se ocupa del tr\u00e1mite que opera una vez interpuesto el \u00a0recurso \u00a0(art\u00edculos \u00a0224 \u00a0del \u00a0Decreto \u00a02700 \u00a0y \u00a0211 \u00a0Ley \u00a0600), especifica los \u00a0requisitos \u00a0que \u00a0debe contener el libelo (art\u00edculo 212), estatuye el efecto que \u00a0se \u00a0deriva \u00a0de \u00a0no \u00a0superarse \u00a0el \u00a0examen \u00a0formal de la demanda al momento de su \u00a0calificaci\u00f3n \u00a0o \u00a0lo \u00a0que \u00a0ocurre si est\u00e1 presentada en debida forma (art\u00edculo \u00a0213), \u00a0establece \u00a0el \u00a0principio \u00a0de \u00a0limitaci\u00f3n \u00a0y \u00a0la posibilidad de casaci\u00f3n \u00a0oficiosa \u00a0(art\u00edculo \u00a0216), \u00a0y \u00a0traza \u00a0los derroteros a seguir en caso de que la \u00a0Corte acepte como demostrada alguna causal (art\u00edculo 217). \u00a0\u00a0<\/p>\n<p>A despecho de que lo que sigue pueda llegar \u00a0a \u00a0ser \u00a0tachado \u00a0de puro formalismo, cabe destacar que en punto de la demanda de \u00a0casaci\u00f3n, \u00a0la \u00a0Corte \u00a0tiene \u00a0contacto \u00a0en \u00a0dos ocasiones: la primera, cuando la \u00a0califica, \u00a0esto \u00a0es, \u00a0al momento de verificar si satisface los condicionamientos \u00a0para \u00a0su admisibilidad; frente a esta oportunidad, puede ocurrir que la admita y \u00a0que, \u00a0en \u00a0consecuencia, \u00a0le de traslado al Procurador Delegado para que emita su \u00a0opini\u00f3n \u00a0sobre el m\u00e9rito del libelo; o, al contrario, puede suceder que por no \u00a0reunir \u00a0alguno \u00a0de los requisitos legales que la hagan viable, la inadmita y, en \u00a0consecuencia, \u00a0 ordene \u00a0 la \u00a0 devoluci\u00f3n \u00a0 del \u00a0 expediente \u00a0 al \u00a0 tribunal \u00a0de \u00a0origen. \u00a0\u00a0<\/p>\n<p>El \u00a0otro \u00a0momento se contrae al estudio de \u00a0fondo \u00a0del \u00a0problema \u00a0propuesto \u00a0en la respectiva censura, si la demanda ha sido \u00a0admitida \u00a0y \u00a0despu\u00e9s \u00a0de conocerse el criterio del Ministerio P\u00fablico sobre el \u00a0particular. \u00a0\u00a0<\/p>\n<p>Si \u00a0nos detenemos en el instante en que la \u00a0Corte \u00a0sopesa \u00a0la \u00a0capacidad \u00a0formal \u00a0de \u00a0la \u00a0demanda, cabe reflexionar sobre el \u00a0efecto \u00a0de \u00a0la \u00a0decisi\u00f3n que no la encuentra ajustada a las exigencias formales \u00a0de \u00a0ley. El canon 213 del Estatuto Adjetivo de manera clara establece que en tal \u00a0caso \u00a0se \u00a0inadmite \u00a0el \u00a0escrito \u00a0y \u00a0se \u00a0devuelve \u00a0el \u00a0expediente \u00a0al despacho de \u00a0origen. \u00a0\u00a0<\/p>\n<p>\u00bfQu\u00e9 \u00a0 fen\u00f3meno \u00a0se \u00a0produce \u00a0en \u00a0tal \u00a0situaci\u00f3n? \u00a0Que \u00a0hasta \u00a0all\u00ed llega el tr\u00e1mite de la casaci\u00f3n y lo que ten\u00eda \u00a0car\u00e1cter \u00a0suspensivo, \u00a0esto es, la sentencia demandada, adquiere firmeza y, por \u00a0tanto, el car\u00e1cter de cosa juzgada. \u00a0\u00a0<\/p>\n<p>Otro \u00a0 interrogante \u00a0 \u00bfpuede \u00a0la \u00a0Corte \u00a0conservar \u00a0la \u00a0competencia para examinar una sentencia o todo el proceso a pesar \u00a0de \u00a0que \u00a0inadmiti\u00f3 \u00a0una demanda de casaci\u00f3n? No. La atribuci\u00f3n que tiene como \u00a0Corte \u00a0de \u00a0casaci\u00f3n, \u00a0conferida \u00a0por \u00a0el art\u00edculo 235-1 de la Carta Pol\u00edtica, \u00a0dirigida \u00a0a \u00a0cumplir \u00a0las \u00a0elevadas \u00a0finalidades \u00a0que traza el art\u00edculo 206 del \u00a0C\u00f3digo \u00a0de \u00a0Procedimiento \u00a0Penal, se desarrolla, de un lado, de conformidad con \u00a0los \u00a0fines \u00a0y \u00a0principios \u00a0que inspiran la Constituci\u00f3n y, por otro, de acuerdo \u00a0con los par\u00e1metros legales. \u00a0\u00a0<\/p>\n<p>Siendo eso as\u00ed, al prorrogar su injerencia \u00a0\u2013que \u00a0no competencia- en \u00a0el \u00a0asunto, despu\u00e9s de que ha inadmitido una demanda, ya no act\u00faa como \u00f3rgano \u00a0de \u00a0casaci\u00f3n \u00a0y \u00a0mal podr\u00eda, entonces, pretender corregir alg\u00fan entuerto, por \u00a0m\u00e1s \u00a0protuberante \u00a0que \u00a0sea, \u00a0por \u00a0medio de una sentencia de casaci\u00f3n, as\u00ed se \u00a0invoque la potestad oficiosa consagrada en el art\u00edculo 216. \u00a0\u00a0<\/p>\n<p>Expresado de otro modo, en tal escenario la \u00a0Corte \u00a0ya \u00a0no \u00a0act\u00faa de conformidad con la facultad que le difiere el art\u00edculo \u00a0235-1 \u00a0constitucional \u00a0y \u00a0ni \u00a0siquiera como una tercera instancia, sino como una \u00a0corporaci\u00f3n \u00a0de \u00a0plena jurisdicci\u00f3n, quiz\u00e1 a la manera del grado de consulta, \u00a0el \u00a0cual \u00a0hoy \u00a0no opera en el proceso penal, pero en todo caso la determinaci\u00f3n \u00a0que \u00a0 llegare \u00a0a \u00a0adoptar \u00a0no \u00a0tiene \u00a0el \u00a0car\u00e1cter \u00a0de \u00a0sentencia \u00a0\u2013menos \u00a0de \u00a0una de casaci\u00f3n- ni puede \u00a0incidir \u00a0en \u00a0algo \u00a0que \u00a0ya \u00a0ha \u00a0tomado \u00a0la fuerza de cosa juzgada material. Esto \u00a0equivale \u00a0a \u00a0solucionar \u00a0una \u00a0evidente \u00a0v\u00eda \u00a0de \u00a0hecho \u00a0(fen\u00f3meno que tendr\u00eda \u00a0soluci\u00f3n \u00a0a trav\u00e9s de otros mecanismos previstos en el ordenamiento jur\u00eddico) \u00a0\u2013el \u00a0 \u00a0 supuesto \u00a0desconocimiento \u00a0del \u00a0principio \u00a0de \u00a0favorabilidad-, con otra v\u00eda de hecho: una \u00a0decisi\u00f3n sin competencia del \u00f3rgano que la produce. \u00a0\u00a0<\/p>\n<p>Lo \u00a0que \u00a0se acaba de se\u00f1alar no significa \u00a0que \u00a0la \u00a0Corte deba permanecer indiferente a hip\u00f3tesis como la concretada en la \u00a0sentencia \u00a0a \u00a0que se refiere la decisi\u00f3n de la que me aparto. En tales casos lo \u00a0que \u00a0se \u00a0debe \u00a0buscar \u00a0es \u00a0una \u00a0soluci\u00f3n \u00a0que \u00a0no acarree el rompimiento de las \u00a0instituciones \u00a0jur\u00eddico \u00a0procesales, \u00a0en \u00a0orden \u00a0a \u00a0que \u00a0prevalezca \u00a0el derecho \u00a0sustancial \u00a0sobre \u00a0lo \u00a0formal \u00a0y \u00a0a \u00a0salvaguardar \u00a0las garant\u00edas de los sujetos \u00a0procesales, en particular las debidas al procesado. \u00a0\u00a0<\/p>\n<p>Por eso, nada se opon\u00eda a que, no obstante \u00a0la \u00a0ineptitud \u00a0formal \u00a0de \u00a0la \u00a0demanda \u00a0y \u00a0al detectarse de modo objetivo que la \u00a0sentencia \u00a0rompi\u00f3 \u00a0con \u00a0el orden jur\u00eddico y report\u00f3 agravios no reparables de \u00a0otra \u00a0manera \u00a0en \u00a0virtud \u00a0de \u00a0un \u00a0yerro \u00a0que no fue denunciado en ella, pero que \u00a0constituye \u00a0motivo \u00a0de \u00a0casaci\u00f3n, \u00a0fuesen \u00a0salvados \u00a0los defectos t\u00e9cnicos, se \u00a0ajustara \u00a0el \u00a0libelo, se corriera traslado al Procurador Delegado y luego, ahora \u00a0s\u00ed \u00a0en \u00a0ejercicio de su natural competencia, la Corte entrase a hacer uso de la \u00a0facultad \u00a0de \u00a0casar \u00a0oficiosamente el fallo, luego de desestimar el contenido de \u00a0la censura. \u00a0\u00a0<\/p>\n<p>Lo \u00a0anterior resulta menos ex\u00f3tico que la \u00a0soluci\u00f3n \u00a0tomada \u00a0en \u00a0la \u00a0providencia \u00a0de \u00a0la \u00a0cual \u00a0discrepo \u00a0y \u00a0que, ya no de \u00a0lege ferenda, se aproxima a \u00a0lo \u00a0que \u00a0entrar\u00e1 \u00a0a \u00a0regir en virtud de la Ley 906 de 2004, cuyo art\u00edculo 184, \u00a0inciso \u00a03\u00ba, \u00a0establece \u00a0que \u201cEn principio, la Corte \u00a0no \u00a0 podr\u00e1 \u00a0tener \u00a0en \u00a0cuenta \u00a0causales \u00a0diferentes \u00a0de \u00a0las \u00a0alegadas \u00a0por \u00a0el \u00a0demandante. \u00a0Sin \u00a0embargo, \u00a0atendiendo los fines de la \u00a0casaci\u00f3n, \u00a0fundamentaci\u00f3n \u00a0de los mismos, posici\u00f3n \u00a0del \u00a0impugnante \u00a0dentro \u00a0del \u00a0proceso \u00a0e \u00edndole de la \u00a0controversia \u00a0planteada, deber\u00e1 superar los defectos de la demanda para decidir \u00a0de fondo\u201d (negrillas no originales). \u00a0\u00a0<\/p>\n<p>En \u00a0s\u00edntesis, \u00a0como \u00a0la \u00a0Corte \u00a0no \u00a0tiene \u00a0competencia \u00a0para casar un fallo despu\u00e9s de que por razones de forma inadmiti\u00f3 \u00a0la \u00a0demanda \u00a0de casaci\u00f3n, estimo que en esta oportunidad no ha debido inadmitir \u00a0el \u00a0libelo \u00a0ni \u00a0mucho \u00a0menos, \u00a0despu\u00e9s \u00a0de \u00a0haberlo \u00a0hecho, \u00a0correr traslado al \u00a0Procurador \u00a0Delegado, \u00a0porque \u00a0ante \u00a0esta \u00a0\u00faltima \u00a0situaci\u00f3n \u00a0la \u00a0Corporaci\u00f3n \u00a0perdi\u00f3 la facultad de obrar como Corte de casaci\u00f3n. \u00a0\u00a0<\/p>\n<p>SIGIFREDO \u00a0ESPINOSA \u00a0P\u00c9REZ \u00a0\u00a0<\/p>\n<p>Magistrado \u00a0<\/p>\n<p>Fecha \u00a0 \u00a0 ut \u00a0 \u00a0 supra. \u00a0\u00a0<\/p>\n<p>\u00a0 \u00a0\u00a0<\/p>\n<p><\/p>\n","protected":false},"excerpt":{"rendered":"<p>\u00a0 \u00a0 Proceso No 23020 \u00a0 \u00a0 \u00a0\u00a0 \u00a0\u00a0 \u00a0\u00a0CORTE SUPREMA DE JUSTICIA \u00a0\u00a0 \u00a0 \u00a0\u00a0 \u00a0\u00a0 \u00a0\u00a0SALA DE CASACI\u00d3N PENAL \u00a0\u00a0 MAGISTRADO PONENTE \u00a0 Dr. HERMAN GAL\u00c1N CASTELLANOS \u00a0 APROBADO ACTA No. 051 \u00a0 Bogot\u00e1, \u00a0D.C., \u00a0veintid\u00f3s (22) de junio de \u00a0dos mil cinco (2005). \u00a0\u00a0 \u00a0 \u00a0\u00a0 \u00a0\u00a0 \u00a0\u00a0 \u00a0\u00a0 \u00a0 \u00a0 \u00a0 [&hellip;]<\/p>\n","protected":false},"author":1,"featured_media":0,"comment_status":"open","ping_status":"open","sticky":false,"template":"","format":"standard","meta":{"footnotes":""},"categories":[13],"tags":[],"class_list":["post-9877","post","type-post","status-publish","format-standard","hentry","category-13"],"_links":{"self":[{"href":"https:\/\/dmsjuridica.com\/buscador_20179478954\/salapenalcronologico20230723\/wp-json\/wp\/v2\/posts\/9877","targetHints":{"allow":["GET"]}}],"collection":[{"href":"https:\/\/dmsjuridica.com\/buscador_20179478954\/salapenalcronologico20230723\/wp-json\/wp\/v2\/posts"}],"about":[{"href":"https:\/\/dmsjuridica.com\/buscador_20179478954\/salapenalcronologico20230723\/wp-json\/wp\/v2\/types\/post"}],"author":[{"embeddable":true,"href":"https:\/\/dmsjuridica.com\/buscador_20179478954\/salapenalcronologico20230723\/wp-json\/wp\/v2\/users\/1"}],"replies":[{"embeddable":true,"href":"https:\/\/dmsjuridica.com\/buscador_20179478954\/salapenalcronologico20230723\/wp-json\/wp\/v2\/comments?post=9877"}],"version-history":[{"count":0,"href":"https:\/\/dmsjuridica.com\/buscador_20179478954\/salapenalcronologico20230723\/wp-json\/wp\/v2\/posts\/9877\/revisions"}],"wp:attachment":[{"href":"https:\/\/dmsjuridica.com\/buscador_20179478954\/salapenalcronologico20230723\/wp-json\/wp\/v2\/media?parent=9877"}],"wp:term":[{"taxonomy":"category","embeddable":true,"href":"https:\/\/dmsjuridica.com\/buscador_20179478954\/salapenalcronologico20230723\/wp-json\/wp\/v2\/categories?post=9877"},{"taxonomy":"post_tag","embeddable":true,"href":"https:\/\/dmsjuridica.com\/buscador_20179478954\/salapenalcronologico20230723\/wp-json\/wp\/v2\/tags?post=9877"}],"curies":[{"name":"wp","href":"https:\/\/api.w.org\/{rel}","templated":true}]}}