{"id":9803,"date":"2023-09-08T18:25:54","date_gmt":"2023-09-08T18:25:54","guid":{"rendered":"https:\/\/dmsjuridica.com\/buscador_20179478954\/salapenalcronologico20230723\/2023\/09\/08\/2284303-08-05\/"},"modified":"2023-09-08T18:25:54","modified_gmt":"2023-09-08T18:25:54","slug":"2284303-08-05","status":"publish","type":"post","link":"https:\/\/dmsjuridica.com\/buscador_20179478954\/salapenalcronologico20230723\/2023\/09\/08\/2284303-08-05\/","title":{"rendered":"22843(03-08-05)"},"content":{"rendered":"\n<p>\u00a0 \u00a0 Proceso No 22843 \u00a0\u00a0<\/p>\n<p>CORTE SUPREMA DE JUSTICIA \u00a0<\/p>\n<p>SALA DE CASACION PENAL \u00a0<\/p>\n<p>Magistrado Ponente \u00a0<\/p>\n<p>\u00a0\u00a0\u00a0\u00a0\u00a0\u00a0\u00a0\u00a0\u00a0\u00a0\u00a0\u00a0\u00a0\u00a0\u00a0\u00a0\u00a0\u00a0\u00a0\u00a0\u00a0\u00a0 \u00a0Dr. EDGAR LOMBANA TRUJILLO \u00a0\u00a0<\/p>\n<p>\u00a0\u00a0\u00a0\u00a0\u00a0\u00a0\u00a0\u00a0\u00a0\u00a0\u00a0\u00a0\u00a0\u00a0\u00a0\u00a0\u00a0\u00a0\u00a0\u00a0\u00a0\u00a0\u00a0\u00a0\u00a0\u00a0\u00a0\u00a0\u00a0\u00a0\u00a0\u00a0\u00a0\u00a0\u00a0\u00a0\u00a0\u00a0\u00a0 \u00a0Aprobado Acta No.059 \u00a0\u00a0<\/p>\n<p>Bogot\u00e1 \u00a0D. C., tres (3) de agosto de dos mil \u00a0cinco (2005). \u00a0\u00a0<\/p>\n<p>VISTOS: \u00a0<\/p>\n<p>Cumplido el tr\u00e1mite previsto en el art\u00edculo \u00a0518 \u00a0del C\u00f3digo de Procedimiento Penal, procede la Sala a emitir el concepto en \u00a0relaci\u00f3n \u00a0con \u00a0la \u00a0solicitud \u00a0de \u00a0extradici\u00f3n \u00a0elevada \u00a0por el Gobierno de los \u00a0Estados \u00a0Unidos \u00a0de \u00a0Am\u00e9rica, con respecto al ciudadano colombiano LUIS ALFONSO \u00a0ALAY\u00d3N CORT\u00c9S. \u00a0\u00a0<\/p>\n<p>ANTECEDENTES: \u00a0\u00a0<\/p>\n<p>1. Con la Nota Verbal No. 1470 del 23 de junio \u00a0de \u00a02004, \u00a0el \u00a0Gobierno \u00a0de \u00a0los \u00a0Estados \u00a0Unidos \u00a0de \u00a0Am\u00e9rica, a trav\u00e9s de su \u00a0Embajada \u00a0en \u00a0Bogot\u00e1, \u00a0le solicit\u00f3 al de Colombia, por conducto del Ministerio \u00a0de \u00a0Relaciones Exteriores la detenci\u00f3n preventiva con fines de extradici\u00f3n del \u00a0ciudadano \u00a0colombiano \u00a0LUIS \u00a0ALFONSO \u00a0ALAY\u00d3N CORT\u00c9S, quien es requerido en ese \u00a0pa\u00eds \u00a0 \u00a0 \u00a0por \u00a0 \u00a0 \u00a0\u201cdelitos \u00a0 \u00a0 federales \u00a0 \u00a0 de \u00a0narc\u00f3ticos\u201d. \u00a0\u00a0<\/p>\n<p>2. \u00a0Corrido \u00a0el \u00a0traslado \u00a0de la solicitud al \u00a0Ministerio \u00a0del \u00a0Interior \u00a0y \u00a0de \u00a0Justicia \u00a0y \u00a0al \u00a0Fiscal General de la Naci\u00f3n, \u00a0mediante \u00a0resoluci\u00f3n \u00a0del \u00a01\u00ba \u00a0de \u00a0julio \u00a02004, \u00a0la \u00faltima de las autoridades \u00a0mencionadas, \u00a0orden\u00f3 \u00a0con \u00a0fines \u00a0de \u00a0extradici\u00f3n, \u00a0la captura de LUIS ALFONSO \u00a0ALAY\u00d3N \u00a0CORT\u00c9S, la cual se materializ\u00f3 el 7 del mismo mes y a\u00f1o en la ciudad \u00a0de \u00a0 Bogot\u00e1,\u00a0 \u00a0 por \u00a0 miembros \u00a0 de \u00a0 la \u00a0 Polic\u00eda \u00a0Nacional, \u00a0Direcci\u00f3n \u00a0Antinarc\u00f3ticos. \u00a0\u00a0<\/p>\n<p>3. \u00a0Mediante \u00a0Nota \u00a0Verbal \u00a0No. 2077 del 3 de \u00a0septiembre \u00a0de 2004, el Gobierno de los Estados Unidos de Am\u00e9rica formaliz\u00f3 la \u00a0solicitud \u00a0de \u00a0extradici\u00f3n de LUIS ALFONSO ALAY\u00d3N CORT\u00c9S, contra quien, el 18 \u00a0de \u00a0mayo \u00a0del \u00a0mismo \u00a0a\u00f1o \u00a0la \u00a0Corte \u00a0Distrital \u00a0de \u00a0los Estados Unidos para el \u00a0Distrito \u00a0Sur \u00a0de \u00a0la Florida profiri\u00f3 la resoluci\u00f3n de acusaci\u00f3n sustitutiva \u00a0No. \u00a004-20179-CR- \u00a0GRAHAM \u00a0(s) \u00a0formul\u00e1ndole 8 cargos. Unos\u00a0 por concierto \u00a0para \u00a0importar \u00a0hero\u00edna \u00a0y \u00a0poseer con la intenci\u00f3n de distribuir; y otros por \u00a0importaci\u00f3n \u00a0y \u00a0posesi\u00f3n \u00a0con \u00a0intenci\u00f3n \u00a0de distribuir la misma sustancia, y \u00a0ayuda y facilitamiento\u00a0 de ese delito. \u00a0\u00a0<\/p>\n<p>Como \u00a0sustento \u00a0de \u00a0la \u00a0petici\u00f3n, \u00a0el \u00a0pa\u00eds \u00a0solicitante \u00a0present\u00f3 \u00a0autenticada \u00a0y \u00a0traducida, \u00a0la siguiente documentaci\u00f3n: \u00a0\u00a0<\/p>\n<p>3.1. \u00a0Declaraci\u00f3n \u00a0rendida el 4 de agosto de \u00a02004 \u00a0por \u00a0John \u00a0Delionado, \u00a0Asistente \u00a0Fiscal \u00a0de \u00a0los \u00a0Estados \u00a0Unidos ante un \u00a0Magistrado \u00a0Juez \u00a0de \u00a0los \u00a0Estados \u00a0Unidos \u00a0para \u00a0el \u00a0Distrito \u00a0meridional de la \u00a0Florida. \u00a0Expone \u00a0sobre \u00a0el \u00a0conocimiento \u00a0que tiene de las leyes federales y el \u00a0procedimiento \u00a0del Gran Jurado, explicando como se debe presentar y sustentar la \u00a0acusaci\u00f3n \u00a0 sometida \u00a0a \u00a0consideraci\u00f3n \u00a0de \u00a0ese \u00a0cuerpo \u00a0decisorio \u00a0del \u00a0poder \u00a0judicial. \u00a0Tambi\u00e9n \u00a0se \u00a0refiere a los cargos y las leyes con base en las cuales \u00a0fueron \u00a0imputados \u00a0los \u00a0cargos a cada uno de los acusados co procesados con LUIS \u00a0ALFONSO \u00a0 ALAY\u00d3N \u00a0 CORT\u00c9S, \u00a0precisando \u00a0que \u00a0los \u00a0apartes \u00a0pertinentes \u00a0fueron \u00a0aportados \u00a0como \u00a0prueba \u00a0de \u00a0la \u00a0solicitud \u00a0de \u00a0extradici\u00f3n, \u00a0y \u00a0que adem\u00e1s se \u00a0encontraban \u00a0y \u00a0se encuentran vigentes al momento de la comisi\u00f3n de los delitos \u00a0y \u00a0de \u00a0la \u00a0emisi\u00f3n \u00a0de la acusaci\u00f3n de reemplazo, la cual fue proferida dentro \u00a0del \u00a0plazo \u00a0establecido en la ley, y por consiguiente no ha operado el fen\u00f3meno \u00a0de la prescripci\u00f3n. \u00a0\u00a0<\/p>\n<p>Adujo \u00a0igualmente, que en contra de todos los \u00a0implicados \u00a0en \u00a0dicho \u00a0asunto \u00a0el \u00a0Secretario \u00a0del \u00a0Tribunal emiti\u00f3 \u00f3rdenes de \u00a0arresto, \u00a0entre \u00a0otros, \u00a0contra \u00a0LUIS \u00a0ALFONSO \u00a0ALAY\u00d3N CORT\u00c9S, por los delitos \u00a0imputados en la acusaci\u00f3n de reemplazo. \u00a0\u00a0<\/p>\n<p>Explica \u00a0el procedimiento llevado a cabo para \u00a0obtener \u00a0copias \u00a0aut\u00e9nticas de las piezas procesales aportadas a este tr\u00e1mite, \u00a0al \u00a0igual \u00a0que \u00a0el \u00a0contenido \u00a0y \u00a0alcances de los que obran en la acusaci\u00f3n, de \u00a0acuerdo \u00a0con \u00a0las \u00a0leyes \u00a0federales \u00a0y la pena que corresponder\u00eda a cada uno de \u00a0ellos, dada la gravedad de los mismos. \u00a0\u00a0<\/p>\n<p>Finalmente, \u00a0comenta \u00a0los \u00a0pormenores \u00a0de \u00a0la \u00a0investigaci\u00f3n, \u00a0el \u00a0conocimiento que tiene de los hechos, las pruebas en que se \u00a0basa \u00a0la \u00a0acusaci\u00f3n para sustentarlos y suministra los datos que posee sobre la \u00a0identificaci\u00f3n de LUIS ALFONSO ALAY\u00d3N CORT\u00c9S. \u00a0\u00a0<\/p>\n<p>3.2. \u00a0 Como \u00a0 Anexo \u00a0A, \u00a0se \u00a0incorpor\u00f3 \u00a0la \u00a0traducci\u00f3n \u00a0de \u00a0la \u00a0normatividad aplicable al caso, esto es, del t\u00edtulo 21 las \u00a0Secciones \u00a0812 \u00a0(a)(c),\u00a0 952 (a)(1)(2)(A)(B)(C), 960 (b)(1)(A)(a)(b)(2)(A), \u00a0963, \u00a0 841 \u00a0 (a)(b), \u00a0846, \u00a0y \u00a0del \u00a0T\u00edtulo \u00a018 \u00a0las \u00a0Secciones \u00a02, \u00a0853 \u00a0(a) \u00a0y \u00a03282. \u00a0\u00a0<\/p>\n<p>3.3. \u00a0 Resoluci\u00f3n \u00a0 de \u00a0acusaci\u00f3n \u00a0formal \u00a0sustitutiva \u00a0No. \u00a004-2019-CR- \u00a0GRAHAM (s), proferida el 18 de mayo de 2004 en la \u00a0Corte \u00a0Distrital de los Estados Unidos para el Distrito Sur de la Florida (anexo \u00a0B); \u00a0en la cual le formularon a LUIS ALFONSO ALAY\u00d3N CORT\u00c9S 8 cargos,\u00a0 que \u00a0aparecen as\u00ed resumidos en la Nota Verbal: \u00a0\u00a0<\/p>\n<p>\u201cCargo \u00a0Uno. \u00a0Concierto \u00a0para \u00a0importar una \u00a0sustancia \u00a0controlada \u00a0(un \u00a0kilogramo \u00a0o m\u00e1s de hero\u00edna) a los Estados Unidos, \u00a0desde \u00a0un \u00a0lugar \u00a0fuera \u00a0de los Estados Unidos, lo cual es en contra del T\u00edtulo \u00a021, \u00a0Secci\u00f3n \u00a0952 (a) del C\u00f3digo de los Estados Unidos, todo en violaci\u00f3n del \u00a0tpitulo \u00a0 21, \u00a0Secciones \u00a0963 \u00a0y \u00a0960 \u00a0(b)(1)(A) \u00a0del \u00a0C\u00f3digo \u00a0de \u00a0los \u00a0Estados \u00a0Unidos; \u00a0\u00a0<\/p>\n<p>Cargo \u00a0Dos. \u00a0Importaci\u00f3n \u00a0de \u00a0una \u00a0sustancia \u00a0controlada \u00a0(un \u00a0kilogramo \u00a0o \u00a0m\u00e1s de hero\u00edna) a los Estados Unidos, y ayuda y \u00a0facilitamiento \u00a0de \u00a0dicho \u00a0delito, \u00a0en violaci\u00f3n del T\u00edtulo 21, Secciones 9952 \u00a0(a) \u00a0y \u00a0960 \u00a0(b)(1)(A) \u00a0del \u00a0C\u00f3digo \u00a0de \u00a0los \u00a0Estados Unidos, y del T\u00edtulo 19, \u00a0Secci\u00f3n 2 del C\u00f3digo de los Estados Unidos; \u00a0\u00a0<\/p>\n<p>Cargo \u00a0Tres. \u00a0Importaci\u00f3n \u00a0de \u00a0una sustancia \u00a0controlada \u00a0(100 gramos o m\u00e1s de hero\u00edna) a los Estados Unidos, desde un lugar \u00a0fuera \u00a0de \u00a0los \u00a0Estados \u00a0Unidos, \u00a0y \u00a0ayuda \u00a0y facilitamiento de dicho delito, en \u00a0violaci\u00f3n \u00a0del T\u00edtulo 21, Secciones 952 (a) y 960 (b)(2)(A) del C\u00f3digo de los \u00a0Estados \u00a0Unidos, \u00a0y \u00a0del \u00a0T\u00edtulo \u00a018, \u00a0Secci\u00f3n \u00a02 \u00a0del \u00a0C\u00f3digo de los Estados \u00a0Unidos; \u00a0\u00a0<\/p>\n<p>Cargo \u00a0Cuatro. \u00a0Importaci\u00f3n de una sustancia \u00a0controlada \u00a0(un \u00a0kilogramo \u00a0o \u00a0m\u00e1s \u00a0de hero\u00edna) a los Estados Unidos, desde un \u00a0lugar \u00a0fuera de los Estados Unidos, y ayuda y facilitamiento de dicho delito, en \u00a0violaci\u00f3n \u00a0del T\u00edtulo 21, Secciones 952 (a) y 960 (b)(1)(A) del C\u00f3digo de los \u00a0Estados \u00a0Unidos, \u00a0y \u00a0del \u00a0T\u00edtulo \u00a018, \u00a0Secci\u00f3n \u00a02 \u00a0del \u00a0C\u00f3digo de los Estados \u00a0Unidos; \u00a0\u00a0<\/p>\n<p>Cargo \u00a0Cinco. \u00a0Concierto \u00a0para \u00a0poseer con la \u00a0intenci\u00f3n \u00a0de \u00a0distribuir \u00a0una \u00a0sustancia \u00a0controlada \u00a0(un \u00a0kilogramo o m\u00e1s de \u00a0hero\u00edna), \u00a0lo cual es en contra del T\u00edtulo 21, Secci\u00f3n 841 (a)(1) del C\u00f3digo \u00a0de \u00a0los \u00a0Estados \u00a0Unidos, todo en violaci\u00f3n del t\u00edtulo 21, Secciones 846 y 841 \u00a0(b)(1)(A)(i) del C\u00f3digo de los Estados Unidos; \u00a0\u00a0<\/p>\n<p>Cargo \u00a0Seis. \u00a0Posesi\u00f3n \u00a0con la intenci\u00f3n de \u00a0distribuir \u00a0una \u00a0sustancia controlada (un kilogramo o m\u00e1s de hero\u00edna), y ayuda \u00a0y \u00a0facilitamiento \u00a0de \u00a0dicho delito, en violaci\u00f3n del T\u00edtulo 21, Secciones 841 \u00a0(a)(1) \u00a0y \u00a0841 (b)(1)(A)(i) del C\u00f3digo de los Estados Unidos, y del T\u00edtulo 18, \u00a0Secci\u00f3n 2 del C\u00f3digo de los Estados Unidos; \u00a0\u00a0<\/p>\n<p>Cargo \u00a0Siete. \u00a0Posesi\u00f3n con la intenci\u00f3n de \u00a0distribuir \u00a0una \u00a0sustancia controlada (100 gramos o m\u00e1s de hero\u00edna), y ayuda y \u00a0facilitamiento \u00a0de \u00a0dicho \u00a0delito, \u00a0en \u00a0violaci\u00f3n del T\u00edtulo 21, Secciones 841 \u00a0(a)(1) \u00a0y \u00a0841 \u00a0(b)(1)(i) \u00a0del \u00a0C\u00f3digo de los Estados Unidos, y del T\u00edtulo 18, \u00a0Secci\u00f3n 2 del C\u00f3digo de los Estados Unidos; y \u00a0\u00a0<\/p>\n<p>Cargo \u00a0Ocho. \u00a0Posesi\u00f3n \u00a0con la intenci\u00f3n de \u00a0distribuir \u00a0una \u00a0sustancia controlada (un kilogramo o m\u00e1s de hero\u00edna), y ayuda \u00a0y \u00a0facilitamiento \u00a0de \u00a0dicho delito, en violaci\u00f3n del T\u00edtulo 21, Secciones 841 \u00a0(a)(1) \u00a0y \u00a0841 (b)(1)(A)(i) del C\u00f3digo de los Estados Unidos, y del T\u00edtulo 18, \u00a0Secci\u00f3n 2 del C\u00f3digo de los Estados Unidos\u201d. \u00a0\u00a0<\/p>\n<p>Igualmente, \u00a0se \u00a0anex\u00f3 \u00a0copia de la orden de \u00a0detenci\u00f3n \u00a0impartida en la misma fecha, con base en la citada acusaci\u00f3n formal \u00a0(anexo C). \u00a0\u00a0<\/p>\n<p>3.4. Declaraci\u00f3n de Wendy C. Woolcock, agente \u00a0Especial \u00a0de \u00a0la \u00a0Administraci\u00f3n Antidroga, DEA, rendida el 4 de agosto de 2004 \u00a0ante \u00a0un Magistrado Juez de los Estados Unidos para el Distrito Meridional de la \u00a0Florida. \u00a0Afirma \u00a0que \u00a0de \u00a0la \u00a0investigaci\u00f3n \u00a0realizada \u00a0se \u00a0desprende que LUIS \u00a0ALFONSO \u00a0ALAY\u00d3N \u00a0CORT\u00c9S \u00a0y otras personas identificadas y acusadas en la misma \u00a0investigaci\u00f3n \u00a0traficaron e importaron hacia los Estados Unidos al menos cuatro \u00a0kilogramos \u00a0de \u00a0hero\u00edna, \u00a0entre \u00a0octubre de 2003 y mayo de 2004. Las pruebas en \u00a0que \u00a0se \u00a0basa, \u00a0no \u00a0se limitan a los dispositivos de interceptaci\u00f3n autorizados \u00a0por \u00a0el \u00a0Tribunal \u00a0y efectuados por agentes de la DEA en la Secci\u00f3n de Campo de \u00a0Miami \u00a0y \u00a0agentes \u00a0especiales \u00a0de \u00a0la Agregadur\u00eda en Bogot\u00e1, que trabajaban en \u00a0conjunto \u00a0con la Polic\u00eda de Colombia. Se cont\u00f3 adem\u00e1s, con la orden impartida \u00a0por \u00a0una \u00a0Juez \u00a0de Distrito de los Estados Unidos para el Distrito Meridional de \u00a0la \u00a0Florida, \u00a0para \u00a0interceptar \u00a0las comunicaciones telef\u00f3nicas que se hicieran \u00a0por varios tel\u00e9fonos celulares. \u00a0\u00a0<\/p>\n<p>En las conversaciones telef\u00f3nicas sostenidas \u00a0entre \u00a0LUIS \u00a0ALFONSO \u00a0ALAY\u00d3N \u00a0CORT\u00c9S \u00a0y \u00a0sus \u00a0socios, coordinaban el env\u00edo de \u00a0hero\u00edna \u00a0 de \u00a0 Colombia \u00a0 a \u00a0 Estados \u00a0 Unidos \u00a0 a \u00a0 trav\u00e9s \u00a0 de \u00a0\u201cmulas\u201d \u00a0que inger\u00edan la sustancia, y \u00a0el \u00a09 \u00a0de \u00a0octubre de 2003, un hombre procedente del aeropuerto internacional El \u00a0Dorado, \u00a0en \u00a0Bogot\u00e1, identificado m\u00e1s tarde como Alberto Alzate Monsalves, fue \u00a0capturado \u00a0 en \u00a0el \u00a0aeropuerto \u00a0internacional \u00a0de \u00a0Miami \u00a0llevando \u00a0internamente \u00a0cantidad importante de hero\u00edna, cuyo peso fue de 1.5 kilogramos. \u00a0\u00a0<\/p>\n<p>Refiere conversaciones telef\u00f3nicas sostenidas \u00a0entre \u00a0ALAY\u00d3N CORT\u00c9S y varios de sus socios, durante los d\u00edas 10, 13, 15, 16, \u00a017 \u00a0y \u00a018 de diciembre de 2003 Y 21, 25 de febrero de 2004, y otras de marzo del \u00a0mismo \u00a0a\u00f1o, \u00a0mediante \u00a0las \u00a0cuales \u00a0se \u00a0coordin\u00f3 \u00a0el \u00a0env\u00edo \u00a0de \u00a0\u201cmulas\u201d \u00a0con \u00a0hero\u00edna \u00a0a \u00a0los Estados \u00a0Unidos, \u00a0y \u00a0el \u00a0recibo \u00a0de \u00a0\u00e9stas en dicho pa\u00eds por parte de otros part\u00edcipes \u00a0para \u00a0su \u00a0distribuci\u00f3n. \u00a0Igualmente hizo alusi\u00f3n al hallazgo en Miami de 2.120 \u00a0gramos \u00a0de \u00a0hero\u00edna \u00a0camuflados \u00a0en \u00a0una \u00a0maleta \u00a0que \u00a0portaba Oscar Luis Ramos \u00a0Alarc\u00f3n, \u00a0una \u00a0de \u00a0las \u00a0mulas \u00a0enviadas \u00a0por LUIS ALFONSO ALAY\u00d3N CORT\u00c9S a los \u00a0Estados Unidos. \u00a0\u00a0<\/p>\n<p>Sobre \u00a0la \u00a0identificaci\u00f3n \u00a0de \u00a0LUIS \u00a0ALFONSO \u00a0ALAY\u00d3N \u00a0CORT\u00c9S aport\u00f3 los datos de identificaci\u00f3n y descripci\u00f3n f\u00edsica, lo \u00a0mismo \u00a0que \u00a0una \u00a0fotograf\u00eda, \u00a0especificando que la misma corresponde a la de la \u00a0licencia \u00a0de \u00a0conducir \u00a0No. \u00a0A450-521-58-343-0, \u00a0ya \u00a0vencida, \u00a0expedida \u00a0a dicha \u00a0persona \u00a0 por \u00a0 el \u00a0 Departamento \u00a0 de \u00a0Seguridad \u00a0de \u00a0Carreteras \u00a0y \u00a0Veh\u00edculos \u00a0Automotores. \u00a0\u00a0<\/p>\n<p>4. \u00a0Con \u00a0oficio \u00a0No. \u00a0OAJ.E. \u00a01190 \u00a0del \u00a06 de \u00a0septiembre \u00a0de 2004, el Ministerio de Relaciones Exteriores conceptu\u00f3 que en el \u00a0presente \u00a0caso es procedente obrar de conformidad con las normas pertinentes del \u00a0C\u00f3digo de Procedimiento Penal, por no existir convenio aplicable. \u00a0\u00a0<\/p>\n<p>5. Perfeccionado el expediente, con oficio No. \u00a00300-DVJ \u00a0(Ext-04-873) \u00a0del 17 de septiembre de 2004, el Ministerio del Interior \u00a0y \u00a0de Justicia lo envi\u00f3 a la Corte, para que se surtiera el tr\u00e1mite pertinente \u00a0con \u00a0miras \u00a0a \u00a0la emisi\u00f3n del concepto, \u201cteniendo en \u00a0cuenta \u00a0que \u00a0se \u00a0encuentran \u00a0reunidos \u00a0los \u00a0requisitos \u00a0formales exigidos en las \u00a0normas aplicables al caso\u201d. \u00a0\u00a0<\/p>\n<p>6. \u00a0El \u00a0tr\u00e1mite \u00a0que en esta fase le compete \u00a0surtir \u00a0a \u00a0la Corte, se llev\u00f3 a cabo con respeto al debido proceso y al derecho \u00a0de \u00a0defensa, \u00a0pues \u00a0el solicitado en extradici\u00f3n cont\u00f3 con la asistencia de un \u00a0abogado, \u00a0y los traslados se surtieron conforme a la ley. El per\u00edodo probatorio \u00a0pas\u00f3 en silencio. \u00a0\u00a0<\/p>\n<p>7. \u00a0 Descorrido \u00a0 el \u00a0 traslado \u00a0 para \u00a0 la \u00a0presentaci\u00f3n \u00a0de alegaciones finales, hicieron uso del derecho, en su orden, el \u00a0Ministerio P\u00fablico y el defensor, as\u00ed: \u00a0\u00a0<\/p>\n<p>1.1. El Ministerio P\u00fablico \u00a0<\/p>\n<p>El \u00a0Procurador \u00a0Cuarto \u00a0Delegado en lo Penal, \u00a0solicita \u00a0de \u00a0la \u00a0Corte \u00a0la \u00a0emisi\u00f3n \u00a0de \u00a0concepto \u00a0favorable a la petici\u00f3n de \u00a0extradici\u00f3n \u00a0elevada \u00a0por \u00a0el \u00a0Gobierno \u00a0de los Estados Unidos, con respecto al \u00a0ciudadano colombiano LUIS ALFONSO ALAY\u00d3N CORT\u00c9S. \u00a0\u00a0<\/p>\n<p>Precisa que la documentaci\u00f3n aportada cumple \u00a0con \u00a0los \u00a0requisitos \u00a0de validez formal, como quiera que se aport\u00f3 a trav\u00e9s de \u00a0la \u00a0representaci\u00f3n \u00a0diplom\u00e1tica del pa\u00eds solicitante en Colombia, autenticada \u00a0y traducida. \u00a0\u00a0<\/p>\n<p>Tampoco \u00a0existe \u00a0duda \u00a0alguna \u00a0sobre la plena \u00a0identidad \u00a0de \u00a0la \u00a0persona reclamada, pues las Notas diplom\u00e1ticas remitidas con \u00a0ocasi\u00f3n \u00a0 de \u00a0 este \u00a0 asunto \u00a0 contienen \u00a0 los \u00a0 datos \u00a0 suficientes \u00a0sobre \u00a0la \u00a0identificaci\u00f3n \u00a0 de \u00a0 LUIS \u00a0 ALFONSO \u00a0 ALAY\u00d3N \u00a0CORT\u00c9S, \u00a0ciudadano \u00a0colombiano \u00a0identificado \u00a0 \u00a0con \u00a0 \u00a0la \u00a0 \u00a0c\u00e9dula \u00a0 \u00a0de \u00a0 \u00a0ciudadan\u00eda \u00a0 No. \u00a0 17\u2019312.083, \u00a0de \u00a0quien \u00a0se \u00a0aport\u00f3 \u00a0una \u00a0fotograf\u00eda. \u00a0\u00a0<\/p>\n<p>Adicional a lo anterior, la persona capturada \u00a0en \u00a0cumplimiento \u00a0de \u00a0la orden en tal sentido impartida por el Fiscal General de \u00a0la \u00a0 Naci\u00f3n, \u00a0 as\u00ed \u00a0 se \u00a0 identific\u00f3 \u00a0 y \u00a0as\u00ed \u00a0lo \u00a0hizo \u00a0durante \u00a0todo \u00a0este \u00a0tr\u00e1mite. \u00a0\u00a0<\/p>\n<p>El \u00a0principio \u00a0de \u00a0la \u00a0doble \u00a0incriminaci\u00f3n \u00a0tambi\u00e9n \u00a0se cumple en este caso, puesto que los comportamientos por los que las \u00a0autoridades \u00a0de \u00a0los \u00a0Estados Unidos le formularon cargos a LUIS ALFONSO ALAY\u00d3N \u00a0CORT\u00c9S \u00a0se encuentran tambi\u00e9n tipificados como delitos en nuestra legislaci\u00f3n \u00a0interna \u00a0en \u00a0el \u00a0art\u00edculo \u00a0340 del C\u00f3digo Penal como concierto para delinquir, \u00a0agravado, cuya pena es de 6 a 12 a\u00f1os de prisi\u00f3n. \u00a0\u00a0<\/p>\n<p>De la misma manera los hechos que dieron lugar \u00a0a \u00a0los cargos por tr\u00e1fico o porte de estupefacientes, aparecen sancionados como \u00a0delitos \u00a0en \u00a0Colombia \u00a0en \u00a0el art\u00edculo 340 del Ordenamiento Sustantivo, bajo la \u00a0denominaci\u00f3n \u00a0\u201ctr\u00e1fico, \u00a0fabricaci\u00f3n \u00a0o \u00a0porte de \u00a0estupefacientes\u201d. \u00a0\u00a0<\/p>\n<p>De \u00a0igual \u00a0forma la resoluci\u00f3n de acusaci\u00f3n \u00a0proferida \u00a0por \u00a0las \u00a0autoridades extranjeras en este asunto, es equivalente a la \u00a0resoluci\u00f3n \u00a0acusatoria \u00a0que \u00a0regula \u00a0el \u00a0C\u00f3digo Penal Colombiano, en cuanto su \u00a0contenido \u00a0 y \u00a0alcances \u00a0si \u00a0bien \u00a0no \u00a0son \u00a0iguales \u00a0por \u00a0tratarse \u00a0de \u00a0sistemas \u00a0diferentes, si guardan correspondencia en uno y otro pa\u00eds. \u00a0\u00a0<\/p>\n<p>Por \u00a0\u00faltimo, considera que en caso de que la \u00a0Corte \u00a0emita concepto favorable y el Gobierno lo acoja, deber\u00e1 condicionarse la \u00a0entrega \u00a0a que la persona requerida no sea juzgada por hechos diversos a los que \u00a0motivan \u00a0el \u00a0pedido \u00a0de \u00a0extradici\u00f3n, \u00a0ni \u00a0sometido \u00a0a desaparici\u00f3n forzada, a \u00a0torturas, \u00a0o \u00a0tratos \u00a0crueles, inhumanos o degradantes, ni a penas de destierro, \u00a0prisi\u00f3n \u00a0perpetua y confiscaci\u00f3n, acorde a lo dispuesto en los art\u00edculos 11 y \u00a034 de la Carta Pol\u00edtica. \u00a0\u00a0<\/p>\n<p>\u00a0 \u00a0 \u00a0<\/p>\n<p>1. El Defensor \u00a0 \u00a0\u00a0<\/p>\n<p>El \u00a0defensor \u00a0de LUIS ALFONSO ALAY\u00d3N CORT\u00c9S \u00a0comienza \u00a0por \u00a0precisar \u00a0que \u00a0en el evento de conceder la extradici\u00f3n de \u00e9ste, \u00a0las \u00a0autoridades \u00a0colombianas \u00a0tienen la obligaci\u00f3n de velar porque se respeten \u00a0sus \u00a0derechos \u00a0fundamentales y se cumplan los requisitos y condiciones impuestas \u00a0en \u00a0la Constituci\u00f3n Pol\u00edtica, en la ley y \u201cTratados de Derecho Internacional \u00a0Humanitario\u201d. \u00a0\u00a0<\/p>\n<p>Por \u00a0ello, \u00a0considera \u00a0que \u00a0se \u00a0deben \u00a0hacer \u00a0prevalecer los siguientes aspectos: \u00a0\u00a0<\/p>\n<p>-Que \u00a0s\u00f3lo \u00a0puede \u00a0ser \u00a0juzgado \u00a0por \u00a0hechos \u00a0posteriores al 17 de diciembre de 1997. \u00a0\u00a0<\/p>\n<p>-Que \u00a0 el \u00a0 Estado \u00a0requirente \u00a0cumpla \u00a0los \u00a0condicionamientos \u00a0del \u00a0art\u00edculo \u00a0512 \u00a0del C\u00f3digo de Procedimiento Penal, esto \u00a0es, \u00a0no \u00a0ser \u00a0juzgado \u00a0por \u00a0hechos anteriores al 17 de diciembre de 1997, ni por \u00a0hechos \u00a0diversos \u00a0a los contenidos en la resoluci\u00f3n de acusaci\u00f3n No. 04-20179- \u00a0CR- \u00a0GRAHAM \u00a0(s) \u00a0dictada \u00a0el \u00a018 \u00a0de \u00a0mayo de 2004 en la Corte Distrital de los \u00a0Estados \u00a0Unidos \u00a0para \u00a0el \u00a0Distrito \u00a0Sur \u00a0de la Florida; y que no se le someta a \u00a0penas \u00a0 \u00a0o \u00a0 \u00a0tratos \u00a0 \u00a0crueles, \u00a0 \u00a0inhumanos \u00a0 \u00a0o \u00a0 degradantes, \u00a0 \u201ccomo \u00a0 encierros, \u00a0 penas \u00a0 de \u00a0destierro, \u00a0prisi\u00f3n \u00a0perpetua \u00a0o \u00a0confiscaci\u00f3n\u201d. \u00a0\u00a0<\/p>\n<p>En \u00a0cuanto \u00a0hace \u00a0al \u00a0principio \u00a0de \u00a0la doble \u00a0incriminaci\u00f3n, \u00a0considera \u00a0que no se cumple este requisito en relaci\u00f3n con los \u00a0cargos \u00a03\u00ba \u00a0y \u00a04\u00ba, \u00a0relativos \u00a0a \u00a0la importaci\u00f3n de una sustancia controlada, \u00a0puesto \u00a0que \u00a0si \u00a0bien \u00a0dicha conducta se encuentra tipificada en la legislaci\u00f3n \u00a0colombiana \u00a0\u201cla misma conducta se encuentra descrita \u00a0en \u00a0el \u00a0cargo DOS (2) de la acusaci\u00f3n es decir que est\u00e1 fraccionando el delito \u00a0cuando \u00a0a \u00a0la luz del art\u00edculo 376 del C.P. (Ley 599 de 2000), el delito es uno \u00a0solo, \u00a0luego \u00a0no \u00a0es \u00a0posible \u00a0que se le permita al pa\u00eds requirente someterlo a \u00a0juicio \u00a0en \u00a0varios \u00a0cargos \u00a0cuando \u00a0los \u00a0hechos \u00a0que lo constituyen son uno solo \u00a0tipificado como tal en nuestra legislaci\u00f3n\u201d. \u00a0\u00a0<\/p>\n<p>Lo \u00a0mismo, \u00a0dice, \u00a0se presenta con los cargos \u00a05\u00ba, \u00a06\u00ba, \u00a07\u00ba \u00a0y \u00a08\u00ba, relativos al concierto para poseer con la intenci\u00f3n de \u00a0distribuir \u00a0y \u00a0posesi\u00f3n \u00a0con \u00a0la \u00a0intenci\u00f3n de distribuir, pues se trata de un \u00a0solo \u00a0delito, \u00a0fraccionado \u00a0en varios para hacerle m\u00e1s gravosa la situaci\u00f3n al \u00a0ciudadano \u00a0colombiano, \u00a0\u201c&#8230;por lo cual la Sala Penal \u00a0de \u00a0la \u00a0Corte \u00a0Suprema \u00a0de \u00a0Justicia \u00a0se \u00a0deber\u00e1 \u00a0pronunciar \u00a0en \u00a0tal \u00a0sentido, \u00a0solicitando \u00a0al \u00a0gobierno \u00a0colombiano est\u00e9 pendiente de tal situaci\u00f3n para que \u00a0mi \u00a0representado \u00a0no \u00a0sea \u00a0sometido \u00a0a \u00a0juicio por dichos cargos\u201d. \u00a0 Tal \u00a0 situaci\u00f3n, \u00a0 dice, \u00a0ha \u00a0sido \u00a0pactada \u00a0en \u00a0la \u00a0Convenci\u00f3n \u00a0Interamericana \u00a0 sobre \u00a0 extradici\u00f3n, \u00a0 mediante \u00a0 la \u00a0 cual \u00a0se \u00a0ha \u00a0procurado \u00a0perfeccionar \u00a0la \u00a0cooperaci\u00f3n \u00a0en \u00a0esta \u00a0materia, \u00a0que inspiraron los Convenios \u00a0celebrados \u00a0 en \u00a0 Lima \u00a0 (1879), \u00a0Montevideo \u00a0(1889), \u00a0M\u00e9xico \u00a0(1902), \u00a0Caracas \u00a0(1911),\u00a0 \u00a0Washington (1923), la Habana (1928), Montevideo (1933), Guatemala \u00a0(1934) y Montevideo (1949). \u00a0\u00a0<\/p>\n<p>Considera, \u00a0as\u00ed, que se debe emitir concepto \u00a0desfavorable \u00a0en \u00a0lo \u00a0pertinente \u00a0a \u00a0los \u00a0cargos 3\u00ba, 4\u00ba, 5\u00ba, 6\u00ba, 7\u00ba y 8o, y \u00a0favorable, \u00fanicamente por los cargos 1\u00ba y 2\u00ba. \u00a0\u00a0<\/p>\n<p>CONSIDERACIONES \u00a0DE \u00a0LA \u00a0CORTE: \u00a0\u00a0<\/p>\n<p>En \u00a0este \u00a0asunto \u00a0el Ministerio de Relaciones \u00a0Exteriores \u00a0conceptu\u00f3 \u00a0que \u00a0la \u00a0normatividad \u00a0que \u00a0corresponde \u00a0observar \u00a0es la \u00a0prevista \u00a0en \u00a0el \u00a0C\u00f3digo \u00a0de \u00a0Procedimiento \u00a0Penal \u00a0sobre \u00a0extradici\u00f3n, por no \u00a0existir \u00a0convenio \u00a0aplicable al caso. En ese orden, la Sala acoge dicho criterio \u00a0y \u00a0procede \u00a0a \u00a0abordar \u00a0el an\u00e1lisis con miras a la emisi\u00f3n del concepto que en \u00a0esta \u00a0 clase \u00a0 de \u00a0 tr\u00e1mites \u00a0 le \u00a0 compete, \u00a0 teniendo \u00a0en \u00a0cuenta \u00a0los \u00a0temas \u00a0se\u00f1alados\u00a0 en el art\u00edculo 520 de la Ley 600 de 2.000, as\u00ed: \u00a0\u00a0<\/p>\n<p>\u00a0 \u00a0\u00a0<\/p>\n<p>1. Validez formal de la documentaci\u00f3n presentada \u00a0 \u00a0\u00a0<\/p>\n<p>Como lo destaca el Procurador Cuarto Delegado, \u00a0en \u00a0este \u00a0caso \u00a0se \u00a0satisface \u00a0plenamente \u00a0lo \u00a0dispuesto en el art\u00edculo 513 del \u00a0C\u00f3digo \u00a0de Procedimiento Penal, toda vez que el pa\u00eds requirente aport\u00f3 por la \u00a0v\u00eda \u00a0 diplom\u00e1tica \u00a0la \u00a0documentaci\u00f3n \u00a0necesaria \u00a0y \u00a0en \u00a0los \u00a0t\u00e9rminos \u00a0all\u00ed \u00a0exigidos, \u00a0 es \u00a0 decir, \u00a0 debidamente \u00a0 autenticada \u00a0 y \u00a0 traducida \u00a0 al \u00a0idioma \u00a0espa\u00f1ol. \u00a0\u00a0<\/p>\n<p>En \u00a0efecto, tanto la solicitud de captura con \u00a0fines \u00a0de \u00a0extradici\u00f3n, \u00a0como la petici\u00f3n formal del ciudadano colombiano LUIS \u00a0ALFONSO \u00a0ALAY\u00d3N \u00a0CORT\u00c9S, fue elevada por el Gobierno de los Estados Unidos por \u00a0la \u00a0v\u00eda diplom\u00e1tica a trav\u00e9s de las Notas Verbales Nos. 1470 y 2077 del 23 de \u00a0junio \u00a0de \u00a02004 \u00a0y 3 de septiembre del mismo a\u00f1o, respectivamente, a trav\u00e9s de \u00a0su \u00a0Embajada \u00a0en Bogot\u00e1 y por conducto del Ministerio de Relaciones Exteriores. \u00a0En \u00a0tales documentos, indic\u00f3 las razones en que se funda\u00a0 el requerimiento \u00a0y \u00a0la \u00a0informaci\u00f3n \u00a0necesaria \u00a0para establecer la identificaci\u00f3n de la persona \u00a0reclamada. \u00a0Indic\u00f3 \u00a0que \u00a0LUIS ALFONSO ALAY\u00d3N CORT\u00c9S es requerido en ese pa\u00eds \u00a0para \u00a0responder \u00a0por \u00a0delitos \u00a0federales \u00a0de \u00a0narc\u00f3ticos, pues en su contra, la \u00a0Corte \u00a0Distrital de los Estados Unidos para el Distrito Sur de la Florida dict\u00f3 \u00a0la \u00a0 acusaci\u00f3n \u00a0 No. \u00a004-20179-CR-GRAHAM, \u00a0formul\u00e1ndole \u00a08 \u00a0cargos. \u00a0Unos \u00a0por \u00a0concierto \u00a0para \u00a0importar \u00a0hero\u00edna; \u00a0y \u00a0otros \u00a0por importar la misma sustancia; \u00a0otros \u00a0por \u00a0poseerla \u00a0con \u00a0fines de distribuci\u00f3n, y ayuda y facilitamiento a la \u00a0comisi\u00f3n de ese delito. \u00a0\u00a0<\/p>\n<p>Al \u00a0momento \u00a0de \u00a0formalizar \u00a0el \u00a0pedido \u00a0de \u00a0extradici\u00f3n \u00a0el \u00a0Gobierno \u00a0de \u00a0los \u00a0Estados \u00a0Unidos \u00a0anex\u00f3 \u00a0como pruebas copia \u00a0autentica \u00a0y \u00a0traducida \u00a0de \u00a0la \u00a0resoluci\u00f3n \u00a0de \u00a0acusaci\u00f3n \u00a0formal sustitutiva \u00a0proferida \u00a0el \u00a018 \u00a0de \u00a0mayo \u00a0de 2004 en la Corte Distrital de los Estados Unidos \u00a0para \u00a0el \u00a0Distrito \u00a0Sur \u00a0de la Florida, mediante la cual se precisan los cargos, \u00a0las \u00a0fechas \u00a0en \u00a0que \u00a0el \u00a0requerido \u00a0intervino \u00a0en \u00a0la comisi\u00f3n de los delitos, \u00a0adem\u00e1s \u00a0de \u00a0las \u00a0circunstancias \u00a0de \u00a0tiempo, modo y lugar en que se ejecut\u00f3 el \u00a0mismo. \u00a0\u00a0<\/p>\n<p>De la misma manera, se cuenta con la orden de \u00a0arresto \u00a0impartida \u00a0con \u00a0motivo \u00a0de \u00a0la \u00a0acusaci\u00f3n, \u00a0en \u00a0contra de LUIS ALFONSO \u00a0ALAY\u00d3N CORT\u00c9S. \u00a0\u00a0<\/p>\n<p>Sobre la identidad del ciudadano requerido, en \u00a0las \u00a0Notas \u00a0Verbales provenientes de la Embajada de los Estados Unidos, mediante \u00a0las \u00a0cuales \u00a0se pidi\u00f3 la detenci\u00f3n provisional y se formaliz\u00f3 la solicitud de \u00a0extradici\u00f3n \u00a0de \u00a0LUIS \u00a0ALFONSO \u00a0ALAY\u00d3N \u00a0CORT\u00c9S, \u00a0se \u00a0indicaron \u00a0los datos que \u00a0permitieron \u00a0determinarla, \u00a0como su n\u00famero de c\u00e9dula de ciudadan\u00eda colombiana \u00a0y fecha de nacimiento. \u00a0\u00a0<\/p>\n<p>Tambi\u00e9n, \u00a0se anex\u00f3 la transcripci\u00f3n de las \u00a0disposiciones \u00a0aplicables \u00a0al \u00a0caso, \u00a0cuyo \u00a0contenido, \u00a0alcance, \u00a0aplicaci\u00f3n \u00a0y \u00a0vigencia \u00a0fue \u00a0explicado en la declaraci\u00f3n rendida por\u00a0 John J, Delionado, \u00a0Asistente \u00a0Fiscal de los Estados Unidos, quien adem\u00e1s aclar\u00f3, que en relaci\u00f3n \u00a0con \u00a0los \u00a0delitos \u00a0imputados \u00a0no \u00a0ha operado el fen\u00f3meno de la prescripci\u00f3n de \u00a0acuerdo con las leyes de ese pa\u00eds. \u00a0\u00a0<\/p>\n<p>La \u00a0 acusaci\u00f3n \u00a0 y \u00a0la \u00a0orden \u00a0de \u00a0arresto \u00a0mencionadas \u00a0contienen \u00a0los\u00a0 \u00a0respectivos \u00a0sellos \u00a0de \u00a0autenticidad \u00a0de \u00a0la \u00a0Secretar\u00eda \u00a0de \u00a0la \u00a0Corte, \u00a0y aparecen suscritos por el Secretario del Tribunal \u00a0del Distrito Meridional de la Florida. \u00a0\u00a0<\/p>\n<p>Como parte de la documentaci\u00f3n, igualmente se \u00a0envi\u00f3 \u00a0copia \u00a0de \u00a0las declaraciones rendidas el 4 de agosto de 2004 por John J. \u00a0Delionado, \u00a0Asistente \u00a0Fiscal de los Estados Unidos, y Wendy C. Woolcock, agente \u00a0Especial \u00a0de la Administraci\u00f3n Antidrogas, cuyos contenidos fueron resumidos en \u00a0el ac\u00e1pite de los antecedentes. \u00a0\u00a0<\/p>\n<p>De la autenticidad de tales declaraciones dio \u00a0fe \u00a0 Mary \u00a0 Rodr\u00edguez,\u00a0 \u00a0Directora \u00a0Asociada \u00a0de \u00a0la \u00a0Oficina \u00a0de \u00a0Asuntos \u00a0Internacionales, \u00a0Divisi\u00f3n de lo Penal, Departamento de Justicia de los Estados \u00a0Unidos \u00a0de \u00a0Norteam\u00e9rica, \u00a0precisando \u00a0que \u00a0\u201ccopias \u00a0fieles \u00a0 de \u00a0estos \u00a0documentos \u00a0se \u00a0mantienen \u00a0en \u00a0los \u00a0archivos \u00a0oficiales \u00a0del \u00a0Departamento \u00a0 de \u00a0Justicia \u00a0en \u00a0Washington, \u00a0D.C. \u00a0de \u00a0los \u00a0Estados \u00a0Unidos \u00a0de \u00a0Am\u00e9rica\u201d. \u00a0\u00a0<\/p>\n<p>La firma de dicha funcionaria fue atestada por \u00a0John \u00a0Aschcroft, Procurador de los Estados Unidos, quien a su vez manifiesta que \u00a0\u00e9l \u00a0autoriz\u00f3 \u00a0estampar \u00a0el \u00a0sello \u00a0del Departamento de Justicia de los Estados \u00a0Unidos \u00a0y \u00a0que \u00a0de \u00a0su \u00a0r\u00fabrica \u00a0diera \u00a0fe el Director Adjunto de la Oficina de \u00a0Asuntos \u00a0Internacionales, \u00a0Divisi\u00f3n de lo Penal, lo cual, evidentemente as\u00ed se \u00a0hizo. \u00a0\u00a0<\/p>\n<p>Por \u00a0su parte, Colin L. Powell, Secretario de \u00a0Estado \u00a0de \u00a0los \u00a0Estados \u00a0Unidos, certific\u00f3 que a tal documento se le impuso el \u00a0sello \u00a0del \u00a0Departamento \u00a0de \u00a0Estado de los Estados Unidos, el cual \u201cmerece \u00a0plena \u00a0fe \u00a0y cr\u00e9dito\u201d; y a su \u00a0vez,\u00a0 \u00a0 orden\u00f3 \u00a0 que \u00a0 Fernesia \u00a0 T. \u00a0Crawford, \u00a0funcionario \u00a0Auxiliar \u00a0de \u00a0Autenticaciones \u00a0 del \u00a0 Departamento \u00a0 de \u00a0 Estado \u00a0suscribiera \u00a0su \u00a0nombre. \u00a0La \u00a0autenticidad \u00a0de \u00a0dicha \u00a0firma \u00a0y las funciones desempe\u00f1adas por su titular fue \u00a0verificada \u00a0ante Jaqueline Espitia, Vice C\u00f3nsul de Colombia en Washington D.C., \u00a0respecto \u00a0de \u00a0quien \u00a0el \u00a0Ministerio \u00a0de \u00a0Relaciones Exteriores aval\u00f3 su cargo y \u00a0funciones. \u00a0A \u00a0toda \u00a0la \u00a0documentaci\u00f3n presentada, la Oficina de Legalizaciones \u00a0del citado Ministerio imprimi\u00f3 su visto bueno. \u00a0\u00a0<\/p>\n<p>As\u00ed \u00a0las cosas, debe colegirse que se cumple \u00a0con \u00a0el \u00a0requisito \u00a0de \u00a0la validez formal de la documentaci\u00f3n presentada por el \u00a0pa\u00eds \u00a0solicitante, \u00a0y \u00a0es, \u00a0por \u00a0tanto, \u00a0apta \u00a0para \u00a0efectos \u00a0del \u00a0tr\u00e1mite \u00a0de \u00a0extradici\u00f3n \u00a0que \u00a0se adelanta con respecto al ciudadano colombiano LUIS ALFONSO \u00a0ALAY\u00d3N CORT\u00c9S. \u00a0\u00a0<\/p>\n<p>2.\u00a0 \u00a0Plena \u00a0identidad \u00a0de \u00a0la \u00a0persona \u00a0solicitada \u00a0\u00a0<\/p>\n<p>No \u00a0existe \u00a0duda \u00a0en \u00a0cuanto \u00a0que \u00a0la persona \u00a0requerida \u00a0por \u00a0los \u00a0Estados \u00a0Unidos \u00a0de \u00a0Am\u00e9rica para comparecer en juicio por \u00a0delitos \u00a0federales \u00a0de \u00a0narc\u00f3ticos \u00a0es \u00a0la \u00a0misma \u00a0que fue capturada y puesta a \u00a0disposici\u00f3n \u00a0 del \u00a0Despacho \u00a0del \u00a0Fiscal \u00a0General \u00a0de \u00a0la \u00a0Naci\u00f3n, \u00a0para \u00a0esos \u00a0prop\u00f3sitos. \u00a0\u00a0<\/p>\n<p>A \u00a0esta \u00a0conclusi\u00f3n, \u00a0llega la Sala luego de \u00a0ponderar \u00a0la \u00a0informaci\u00f3n \u00a0suministrada \u00a0en las Notas Verbales por medio de las \u00a0cuales \u00a0la \u00a0Embajada \u00a0de \u00a0Estados \u00a0Unidos \u00a0de \u00a0Am\u00e9rica \u00a0solicit\u00f3 la detenci\u00f3n \u00a0provisional \u00a0y \u00a0elev\u00f3 solicitud formal de extradici\u00f3n del ciudadano colombiano \u00a0LUIS \u00a0ALFONSO ALAY\u00d3N CORT\u00c9S, pues existe plena concordancia en el nombre, y el \u00a0n\u00famero \u00a0 \u00a0 \u00a0de \u00a0 \u00a0 \u00a0c\u00e9dula \u00a0 \u00a0 17\u2019312.083 \u00a0se\u00f1alado \u00a0por \u00a0las autoridades norteamericanas corresponde \u00a0al \u00a0mismo \u00a0con \u00a0el que se identific\u00f3 el citado al momento de su aprehensi\u00f3n, y \u00a0al \u00a0que \u00a0posteriormente utiliz\u00f3 en todos los actos personales ejercidos durante \u00a0este tr\u00e1mite. \u00a0\u00a0<\/p>\n<p>Adem\u00e1s, \u00a0se \u00a0aport\u00f3 \u00a0una \u00a0fotograf\u00eda \u00a0del \u00a0requerido, \u00a0indicando \u00a0sus \u00a0datos personales, tales como fecha de nacimiento (23 \u00a0de \u00a0septiembre de 1958), n\u00famero de pasaporte (PO45735), direcci\u00f3n en Bogot\u00e1 y \u00a0n\u00fameros de tel\u00e9fono. \u00a0\u00a0<\/p>\n<p>3. \u00a0Principio \u00a0de \u00a0la \u00a0doble \u00a0incriminaci\u00f3n \u00a0\u00a0<\/p>\n<p>De \u00a0acuerdo con lo estipulado en el art\u00edculo \u00a0511 \u00a0del \u00a0C\u00f3digo \u00a0de \u00a0Procedimiento \u00a0Penal, para que proceda la extradici\u00f3n es \u00a0necesario\u00a0 \u00a0que el hecho que motiva la solicitud tambi\u00e9n est\u00e9 previsto en \u00a0Colombia \u00a0como \u00a0delito \u00a0y \u00a0sancionado \u00a0con \u00a0pena \u00a0privativa \u00a0de \u00a0la \u00a0libertad de \u00a0prisi\u00f3n, no inferior a 4 a\u00f1os. \u00a0\u00a0<\/p>\n<p>A \u00a0fin de verificar este presupuesto, resulta \u00a0oportuno \u00a0recordar \u00a0los \u00a0hechos del caso, con base en los cuales las autoridades \u00a0norteamericanas \u00a0profirieron resoluci\u00f3n de acusaci\u00f3n en contra de LUIS ALFONSO \u00a0ALAY\u00d3N \u00a0CORT\u00c9S \u00a0formul\u00e1ndole \u00a08 \u00a0cargos por distintos delitos por actividades \u00a0relacionadas con narcotr\u00e1fico. \u00a0\u00a0<\/p>\n<p>En \u00a0este sentido en la acusaci\u00f3n sustitutiva \u00a0No. 04-20179-CR- GRAHAM (s), se lee: \u00a0\u00a0<\/p>\n<p>\u201cCARGO \u00a01 \u00a0\u00a0<\/p>\n<p>Desde \u00a0el 1\u00ba de octubre de 2003, o alrededor \u00a0de \u00a0esa fecha, y continuando hasta la fecha en que se dict\u00f3 esta acusaci\u00f3n, en \u00a0el \u00a0Condado \u00a0de \u00a0Miami-Dade \u00a0en \u00a0el \u00a0Distrito \u00a0Meridional \u00a0de Florida y en otros \u00a0lugares, los acusados, \u00a0\u00a0<\/p>\n<p>LUIS \u00a0ALFONSO \u00a0ALAY\u00d3N \u00a0CORTES \u00a0\u00a0<\/p>\n<p>Alias \u2018Pocho\u2019 \u00a0\u00a0<\/p>\n<p>&#8230; \u00a0<\/p>\n<p>&#8230; \u00a0<\/p>\n<p>Con \u00a0conocimiento de causa e intencionalmente \u00a0combinaron, \u00a0concertaron, \u00a0confederaron \u00a0y \u00a0acordaron \u00a0entre \u00a0s\u00ed \u00a0y \u00a0con \u00a0otros \u00a0conocidos \u00a0y \u00a0desconocidos \u00a0para el Gran Jurado a importar a los Estados Unidos, \u00a0desde \u00a0un \u00a0lugar \u00a0fuera \u00a0del \u00a0pa\u00eds, \u00a0una \u00a0sustancia controlada de la Tabla I, a \u00a0saber, \u00a0un \u00a0kilogramo \u00a0o\u00a0 \u00a0m\u00e1s de una mezcla y sustancia que conten\u00eda una \u00a0cantidad \u00a0perceptible \u00a0de \u00a0hero\u00edna, \u00a0en \u00a0violaci\u00f3n \u00a0a \u00a0la Secci\u00f3n 952 (a) del \u00a0T\u00edtulo \u00a021 \u00a0del \u00a0C\u00f3digo \u00a0de \u00a0los \u00a0Estados \u00a0Unidos, \u00a0todo \u00a0en \u00a0violaci\u00f3n a las \u00a0Secciones \u00a0963 \u00a0y \u00a0960 \u00a0(b)(1)(A) \u00a0del \u00a0T\u00edtulo \u00a021 \u00a0del \u00a0C\u00f3digo de los Estados \u00a0Unidos. \u00a0\u00a0<\/p>\n<p>CARGO \u00a02 \u00a0\u00a0<\/p>\n<p>El \u00a09 \u00a0de octubre de 2003, o alrededor de esa \u00a0fecha, \u00a0en \u00a0el \u00a0Condado \u00a0de Miami-Dede en el Distrito Meridional de Florida y en \u00a0otros lugares, los acusados \u00a0\u00a0<\/p>\n<p>LUIS \u00a0ALFONSO \u00a0ALAY\u00d3N \u00a0CORT\u00c9S \u00a0\u00a0<\/p>\n<p>alias \u00a0 \u00a0 \u00a0 \u00a0 \u00a0\u2018Pocho\u2019 \u00a0\u00a0<\/p>\n<p>&#8230;. \u00a0<\/p>\n<p>Con \u00a0conocimiento de causa e intencionalmente \u00a0importaron \u00a0a \u00a0los Estados Unidos, desde un lugar fuera del pa\u00eds, una sustancia \u00a0controlada \u00a0de \u00a0la \u00a0Tabla \u00a0I, \u00a0a \u00a0saber, \u00a0un \u00a0kiligramo \u00a0o \u00a0m\u00e1s de una mezcla y \u00a0sustancia \u00a0que \u00a0conten\u00eda \u00a0una cantidad perceptible de hero\u00edna, en violaci\u00f3n a \u00a0las \u00a0Secciones 952 (a) y 960 (b)(1)(A) del T\u00edtulo 21 del C\u00f3digo de los Estados \u00a0Unidos, \u00a0y \u00a0a \u00a0la \u00a0Secci\u00f3n \u00a02 \u00a0del \u00a0T\u00edtulo \u00a018 \u00a0del \u00a0C\u00f3digo \u00a0de \u00a0los \u00a0Estados \u00a0Unidos. \u00a0\u00a0<\/p>\n<p>CARGO 3 \u00a0<\/p>\n<p>El 18 de diciembre de 2003, o alrededor de esa \u00a0fecha, \u00a0en \u00a0el \u00a0Condado \u00a0de Miami-Dade en el Distrito Meridional de Florida y en \u00a0otros lugares, los acusados, \u00a0\u00a0<\/p>\n<p>LUIS ALFONSO ALAY\u00d3N CORT\u00c9S \u00a0<\/p>\n<p>Alias \u00a0 \u00a0 \u00a0 \u00a0 \u00a0\u2018Pocho\u2019 \u00a0\u00a0<\/p>\n<p>&#8230; \u00a0<\/p>\n<p>con \u00a0conocimiento de causa e intencionalmente \u00a0importaron \u00a0a \u00a0los Estados Unidos, desde un lugar fuera del pa\u00eds, una sustancia \u00a0controlada \u00a0de la Tabla I, a saber, cien gramos o m\u00e1s de una mezcla y sustancia \u00a0que \u00a0conten\u00eda \u00a0una \u00a0cantidad \u00a0perceptible \u00a0de \u00a0hero\u00edna, \u00a0en \u00a0violaci\u00f3n \u00a0a las \u00a0Secciones \u00a0952 \u00a0(a) \u00a0y \u00a0960 \u00a0(b)(2)(A) del T\u00edtulo 21 del C\u00f3digo de los Estados \u00a0Unidos, \u00a0y \u00a0a \u00a0la \u00a0Secci\u00f3n \u00a02 \u00a0del \u00a0T\u00edtulo \u00a018 \u00a0del \u00a0C\u00f3digo \u00a0de \u00a0los \u00a0Estados \u00a0Unidos. \u00a0\u00a0<\/p>\n<p>CARGO 4 \u00a0<\/p>\n<p>El \u00a07 \u00a0de \u00a0abril \u00a0de 2004, o alrededor de esa \u00a0fecha, \u00a0en \u00a0el \u00a0Condado \u00a0de Miami-Dade en el Distrito Meridional de Florida y en \u00a0otros lugares, los acusados, \u00a0\u00a0<\/p>\n<p>LUIS ALFONSO ALAY\u00d3N CORT\u00c9S \u00a0<\/p>\n<p>alias \u00a0 \u00a0 \u00a0 \u00a0 \u00a0\u2018Pocho\u2019 \u00a0\u00a0<\/p>\n<p>&#8230; \u00a0<\/p>\n<p>con \u00a0conocimiento de causa e intencionalmente \u00a0importaron \u00a0a \u00a0los Estados Unidos, desde un lugar fuera del pa\u00eds, una sustancia \u00a0controlada \u00a0de \u00a0la \u00a0Tabla \u00a0I, \u00a0a \u00a0saber, \u00a0un \u00a0kilogramo \u00a0o \u00a0m\u00e1s de una mezcla y \u00a0sustancia \u00a0que \u00a0conten\u00eda \u00a0una cantidad perceptible de hero\u00edna, en violaci\u00f3n a \u00a0las \u00a0Secciones 952 (a) y 960 (b)(1)(A) del T\u00edtulo 21 del C\u00f3digo de los Estados \u00a0Unidos, \u00a0y \u00a0a \u00a0la \u00a0Secci\u00f3n \u00a02 \u00a0del \u00a0T\u00edtulo \u00a018 \u00a0del \u00a0C\u00f3digo \u00a0de \u00a0los \u00a0Estados \u00a0Unidos. \u00a0\u00a0<\/p>\n<p>CARGO 5 \u00a0<\/p>\n<p>Desde \u00a0el 1\u00ba de octubre de 2003, o alrededor \u00a0de \u00a0esa \u00a0fecha, \u00a0y \u00a0con \u00a0continuaci\u00f3n \u00a0hasta \u00a0la \u00a0fecha \u00a0en \u00a0que se dict\u00f3 esta \u00a0Acusaci\u00f3n, \u00a0en \u00a0el Condado de Miami-Dade en el Distrito Meridional de Florida y \u00a0en otros lugares, los acusados, \u00a0\u00a0<\/p>\n<p>LUIS ALFONSO ALAY\u00d3N CORT\u00c9S \u00a0<\/p>\n<p>Alias \u00a0 \u00a0 \u00a0 \u00a0 \u00a0\u2018Pocho\u2019 \u00a0\u00a0<\/p>\n<p>&#8230; \u00a0<\/p>\n<p>con \u00a0conocimiento de causa e intencionalmente \u00a0combinaron, \u00a0concertaron, \u00a0confederaron \u00a0y \u00a0acordaron \u00a0entre \u00a0s\u00ed \u00a0y \u00a0con \u00a0otros \u00a0conocidos \u00a0y \u00a0desconocidos \u00a0para \u00a0el \u00a0Gran \u00a0Jurado \u00a0a \u00a0poseer con intenciones de \u00a0distribuir \u00a0una sustancia controlada de la Tabla I, a saber, un kilogramo o m\u00e1s \u00a0de \u00a0una \u00a0mezcla \u00a0y sustancia que conten\u00eda una cantidad perceptible de hero\u00edna, \u00a0en \u00a0violaci\u00f3n \u00a0a \u00a0la \u00a0Secci\u00f3n \u00a0842 \u00a0(a)(1) \u00a0del \u00a0T\u00edtulo 21 del C\u00f3digo de los \u00a0Estados \u00a0Unidos; \u00a0todo \u00a0en violaci\u00f3n a las Secciones 846 y 841 (b)(1)(A)(i) del \u00a0T\u00edtulo 21 del C\u00f3digo de los Estados Unidos. \u00a0\u00a0<\/p>\n<p>CARGO 6 \u00a0<\/p>\n<p>Desde el 1\u00ba de octubre de 2003 hasta el 9 de \u00a0octubre \u00a0de 2003, o alrededor de ese entonces, en el Condado de Miami-Dade en el \u00a0Distrito Meridional de Florida y en otros lugares, los acusados, \u00a0\u00a0<\/p>\n<p>LUIS ALFONSO ALAY\u00d3N CORT\u00c9S \u00a0<\/p>\n<p>alias \u00a0 \u00a0 \u00a0 \u00a0 \u00a0\u2018Pocho\u2019 \u00a0\u00a0<\/p>\n<p>&#8230; \u00a0<\/p>\n<p>con \u00a0conocimiento de causa e intencionalmente \u00a0poseyeron \u00a0con intenciones de distribuir una sustancia controlada de la Tabla I, \u00a0eso \u00a0es, \u00a0un \u00a0kilogramo \u00a0o \u00a0m\u00e1s \u00a0de \u00a0una \u00a0mezcla \u00a0y sustancia que conten\u00eda una \u00a0cantidad \u00a0perceptible \u00a0de \u00a0hero\u00edna, \u00a0en violaci\u00f3n a las Secciones 841 (a)(1) y \u00a0841 \u00a0(b)(1)(A)(i) \u00a0del \u00a0T\u00edtulo \u00a021 \u00a0del \u00a0C\u00f3digo \u00a0de los Estados Unidos, y a la \u00a0Secci\u00f3n 2 del T\u00edtulo 18 del C\u00f3digo de los Estados Unidos. \u00a0\u00a0<\/p>\n<p>CARGO 7 \u00a0<\/p>\n<p>Desde el 18 de diciembre de 2003, o alrededor \u00a0de \u00a0esa fecha, hasta el 22 de diciembre de 2003, o alrededor de esa fecha, en el \u00a0Condado \u00a0de \u00a0Miami-Dade en el Distrito Meridional de Florida y en otros lugares, \u00a0los acusados, \u00a0\u00a0<\/p>\n<p>LUIS ALFONSO ALAY\u00d3N CORT\u00c9S \u00a0<\/p>\n<p>alias \u00a0 \u00a0 \u00a0 \u00a0 \u00a0\u2018Pocho\u2019 \u00a0\u00a0<\/p>\n<p>&#8230; \u00a0<\/p>\n<p>con \u00a0conocimiento de causa e intencionalmente \u00a0poseyeron \u00a0con intenciones de distribuir una sustancia controlada de la Tabla I, \u00a0eso \u00a0es, cien gramos o m\u00e1s de una mezcla y sustancia que conten\u00eda una cantidad \u00a0perceptible \u00a0de \u00a0hero\u00edna, \u00a0en \u00a0violaci\u00f3n \u00a0a \u00a0las \u00a0Secciones \u00a0841 \u00a0(a)(1) y 841 \u00a0(b)(1)(B)(i) \u00a0del T\u00edtulo 21 del C\u00f3digo de los Estados Unidos y a la Secci\u00f3n 2 \u00a0del T\u00edtulo 18 del C\u00f3digo de los Estados Unidos. \u00a0\u00a0<\/p>\n<p>CARGO 8 \u00a0<\/p>\n<p>El \u00a07 \u00a0de \u00a0abril \u00a0de 2004, o alrededor de esa \u00a0fecha, \u00a0en \u00a0el \u00a0Condado \u00a0de Miami-Dade en el Distrito Meridional de Florida y en \u00a0otros lugares, los acusados, \u00a0\u00a0<\/p>\n<p>LUIS ALFONSO ALAY\u00d3N CORT\u00c9S \u00a0<\/p>\n<p>alias \u00a0 \u00a0 \u00a0 \u00a0 \u00a0\u2018Pocho\u2019 \u00a0\u00a0<\/p>\n<p>&#8230; \u00a0<\/p>\n<p>con \u00a0conocimiento de causa e intencionalmente \u00a0poseyeron \u00a0con \u00a0intenciones de distribuir una sustancia controlada de la Tabla I \u00a0a \u00a0saber, \u00a0un \u00a0kilogramo \u00a0o \u00a0m\u00e1s \u00a0de \u00a0una \u00a0mezcla y sustancia que conten\u00eda una \u00a0cantidad \u00a0perceptible \u00a0de \u00a0hero\u00edna, \u00a0en violaci\u00f3n a las Secciones 841 (a)(1) y \u00a0841(b)(A)(i) \u00a0del \u00a0T\u00edtulo 21 del C\u00f3digo de los Estados Unidos, y a la Secci\u00f3n \u00a02 del T\u00edtulo 18 del C\u00f3digo de los Estados Unidos. \u00a0\u00a0<\/p>\n<p>El delito de concierto para importar sustancia \u00a0controlada, \u00a0y \u00a0para \u00a0poseer \u00a0con \u00a0la \u00a0intenci\u00f3n de distribuir imputados a LUIS \u00a0ALFONSO \u00a0ALAY\u00d3N \u00a0CORT\u00c9S \u00a0en \u00a0los \u00a0cargos 1\u00ba y 5\u00ba transcritos en precedencia, \u00a0est\u00e1 \u00a0tipificado en el C\u00f3digo Penal colombiano en el art\u00edculo 340 del C\u00f3digo \u00a0Penal, \u00a0modificado \u00a0por \u00a0la \u00a0ley \u00a0733 de 2002, como concierto para delinquir con \u00a0fines \u00a0de narcotr\u00e1fico, cuya sanci\u00f3n es la de prisi\u00f3n de seis (6) a doce (12) \u00a0a\u00f1os \u00a0 y \u00a0 multa \u00a0 de \u00a0 dos \u00a0 mil \u00a0 (2.000) \u00a0a \u00a0veinte \u00a0mil \u00a0(20.000) \u00a0salarios \u00a0m\u00ednimos. \u00a0\u00a0<\/p>\n<p>En tales condiciones, es viable colegir que en \u00a0nuestra \u00a0legislaci\u00f3n \u00a0interna \u00a0tambi\u00e9n \u00a0se tipifica el delito de concierto con \u00a0las \u00a0espec\u00edficas \u00a0finalidades \u00a0que le fueron atribuidas a ALAY\u00d3N CORT\u00c9S en la \u00a0acusaci\u00f3n \u00a0 proferida \u00a0 por \u00a0 las \u00a0 autoridades \u00a0 judiciales \u00a0 de \u00a0los \u00a0Estados \u00a0Unidos. \u00a0\u00a0<\/p>\n<p>Adem\u00e1s, \u00a0 en \u00a0 ambas \u00a0 legislaciones \u00a0 tal \u00a0comportamiento \u00a0supone \u00a0el \u00a0acuerdo \u00a0de \u00a0voluntades \u00a0entre \u00a0varias personas para \u00a0cometer \u00a0 delitos; \u00a0 el \u00a0cual, \u00a0cuando \u00a0est\u00e1 \u00a0dirigido \u00a0espec\u00edficamente \u00a0a \u00a0la \u00a0realizaci\u00f3n \u00a0de \u00a0hechos \u00a0punibles \u00a0que \u00a0tienen \u00a0que \u00a0ver \u00a0con \u00a0la actividad del \u00a0narcotr\u00e1fico, \u00a0la \u00a0pena \u00a0en Colombia es la indicada anteriormente, mientras que \u00a0en \u00a0el \u00a0pa\u00eds solicitante es la prevista para ese delito en particular, esto es, \u00a0el \u00a0inciso final del aparte (A) de la Secci\u00f3n 841 del T\u00edtulo 21 del C\u00f3digo de \u00a0los \u00a0Estados Unidos, que es de prisi\u00f3n no menos de diez (10) a\u00f1os y no m\u00e1s de \u00a0cadena perpetua. \u00a0\u00a0<\/p>\n<p>Asimismo, \u00a0los \u00a0hechos \u00a0que dieron lugar a la \u00a0formulaci\u00f3n \u00a0de \u00a0los \u00a0cargos \u00a02\u00ba, 3\u00ba y 4\u00ba, por importaci\u00f3n de una sustancia \u00a0controlada, \u00a0a \u00a0saber \u00a0hero\u00edna; \u00a0y \u00a0a los cargos 6\u00ba, 7\u00ba y 8\u00ba, por posesi\u00f3n, \u00a0tambi\u00e9n \u00a0de \u00a0hero\u00edna \u00a0con intenciones de distribuir encuentran correspondencia \u00a0t\u00edpica \u00a0 en \u00a0 el \u00a0art\u00edculo \u00a0376 \u00a0ib\u00eddem, \u00a0 bajo \u00a0 la \u00a0denominaci\u00f3n \u00a0\u201cTr\u00e1fico, \u00a0fabricaci\u00f3n \u00a0 o \u00a0 porte \u00a0 de \u00a0estupefacientes\u201d, \u00a0el \u00a0cual\u00a0 \u00a0 incluye \u00a0 dentro \u00a0de \u00a0los \u00a0verbos \u00a0rectores \u00a0estructurantes \u00a0de \u00a0la \u00a0infracci\u00f3n, \u00a0 \u00a0 los \u00a0 \u00a0 de \u00a0 \u00a0 \u201cintroducir \u00a0 \u00a0al \u00a0pa\u00eds\u201d, \u00a0que \u00a0para \u00a0el caso equivale a la expresi\u00f3n \u00a0\u201cimportar\u201d \u00a0utilizada en \u00a0los \u00a0cargos \u00a02\u00ba, 3\u00ba y 4\u00ba. Asimismo, se sancionan dentro de la misma modalidad \u00a0las \u00a0 conductas \u00a0de \u00a0\u201cllevar \u00a0consigo\u201d, \u00a0 \u201cofrecer\u201d \u00a0 y \u00a0 \u201csuministrar \u00a0a \u00a0cualquier \u00a0t\u00edtulo\u201d \u00a0droga que produzca dependencia, \u00a0las \u00a0cuales \u00a0guardan identidad f\u00e1ctica con las de poseer y distribuir referidas \u00a0en los cargos 6\u00ba, 7\u00ba y 8\u00ba. \u00a0\u00a0<\/p>\n<p>Adicionalmente, \u00a0y \u00a0como \u00a0quiera \u00a0que en este \u00a0evento \u00a0la \u00a0droga \u00a0objeto \u00a0de \u00a0la \u00a0ilicitud \u00a0es la hero\u00edna, cuya importaci\u00f3n y \u00a0posesi\u00f3n \u00a0super\u00f3 en todos los casos la cantidad de 60 gramos, pues se trata de \u00a0un \u00a0derivado \u00a0de \u00a0la amapola, la pena a imponer conforme a la norma citada es la \u00a0prevista \u00a0en \u00a0el \u00a0inciso tercero, esto es, de 6 a 8 a\u00f1os de prisi\u00f3n y multa de \u00a0100 a 1000 salarios m\u00ednimos legales mensuales vigentes. \u00a0\u00a0<\/p>\n<p>La \u00a0misma \u00a0infracci\u00f3n, en la legislaci\u00f3n de \u00a0los \u00a0Estados \u00a0Unidos, \u00a0es sancionada conforme lo dispone la Secci\u00f3n 969 (b) del \u00a0T\u00edtulo \u00a021 del C\u00f3digo de ese pa\u00eds, esto es, con prisi\u00f3n no menos de 10 a\u00f1os \u00a0y no mayor de cadena perpetua. \u00a0\u00a0<\/p>\n<p>La \u00a0conductas imputadas, entonces, adem\u00e1s de \u00a0ser \u00a0t\u00edpicas en nuestro pa\u00eds, est\u00e1n sancionadas con prisi\u00f3n no inferior de 4 \u00a0a\u00f1os, agot\u00e1ndose en consecuencia este elemento. \u00a0\u00a0<\/p>\n<p>En \u00a0este \u00a0acapite, la Sala considera oportuno \u00a0referirse \u00a0a los alegatos del defensor, espec\u00edficamente en cuanto tiene que ver \u00a0con \u00a0la \u00a0pretensi\u00f3n de que s\u00f3lo se emita concepto favorable por los cargos 1\u00ba \u00a0y \u00a02\u00ba, \u00a0y \u00a0desfavorable \u00a0por los dem\u00e1s, pues considera que se trata de un solo \u00a0hecho fraccionado en varias imputaciones. \u00a0\u00a0<\/p>\n<p>En estas condiciones, forzoso resulta recordar \u00a0que \u00a0el \u00a0concepto \u00a0que \u00a0emite \u00a0la \u00a0Corte \u00a0en esta clase de asuntos no tiene como \u00a0finalidad \u00a0juzgar \u00a0el \u00a0caso \u00a0que \u00a0dio \u00a0lugar \u00a0en el extranjero a la petici\u00f3n de \u00a0extradici\u00f3n, \u00a0pues \u00a0para \u00a0estos \u00a0eventos \u00a0esta \u00a0Corporaci\u00f3n no realiza un acto \u00a0jurisdiccional, \u00a0sino \u00a0que \u00a0se \u00a0limita, \u00a0como \u00a0tambi\u00e9n lo ha sostenido la Corte \u00a0Constitucional, \u00a0a \u00a0verificar el cumplimiento de los requisitos que en cada caso \u00a0particular, \u00a0hacen \u00a0posible \u00a0el \u00a0uso \u00a0de este instrumento internacional de lucha \u00a0contra el delito. \u00a0\u00a0<\/p>\n<p>Por eso, no le es dable entrar a calificar el \u00a0acierto \u00a0jur\u00eddico \u00a0de \u00a0la \u00a0decisi\u00f3n \u00a0proferida \u00a0en el extranjero o valorar las \u00a0pruebas \u00a0 en \u00a0 que \u00a0 se \u00a0fundamenta \u00a0la \u00a0acusaci\u00f3n, \u00a0bien \u00a0para \u00a0determinar \u00a0la \u00a0calificaci\u00f3n \u00a0 jur\u00eddica \u00a0 de \u00a0 la \u00a0 conducta \u00a0 o \u00a0 la \u00a0 determinaci\u00f3n \u00a0de \u00a0la \u00a0responsabilidad \u00a0de \u00a0la \u00a0persona solicitada, como quiera que esa labor es la que \u00a0corresponde \u00a0adelantar, \u00a0en ejercicio de la defensa, al interior del proceso que \u00a0se tramite en el pa\u00eds requirente. \u00a0\u00a0<\/p>\n<p>En \u00a0este sentido, precisamente, se pronunci\u00f3 \u00a0la \u00a0Corte \u00a0Constitucional \u00a0en \u00a0la \u00a0sentencia \u00a0C1106 del 24 de agosto de 2000, al \u00a0precisar lo siguiente: \u00a0\u00a0<\/p>\n<p>\u201c&#8230;La \u00a0Corte \u00a0Suprema \u00a0de Justicia en este \u00a0caso \u00a0no \u00a0act\u00faa \u00a0como \u00a0juez, \u00a0en cuanto no realiza un acto jurisdiccional, como \u00a0quiera \u00a0que no le corresponde a ella en ejercicio de esta funci\u00f3n establecer la \u00a0cuesti\u00f3n \u00a0f\u00e1ctica \u00a0sobre \u00a0la ocurrencia o no de los hechos que se le imputan a \u00a0la \u00a0persona cuya extradici\u00f3n se solicita, ni las circunstancias de modo, tiempo \u00a0y \u00a0lugar \u00a0en \u00a0que \u00a0pudieron \u00a0ocurrir, \u00a0ni \u00a0tampoco la adecuaci\u00f3n t\u00edpica de esa \u00a0conducta \u00a0a la norma jur\u00eddico-penal que la define como delito, pues si la labor \u00a0de \u00a0la \u00a0Corte \u00a0fuera \u00a0esa, \u00a0ser\u00eda \u00a0ella \u00a0y no el Juez extranjero quien estar\u00eda \u00a0realizando \u00a0 \u00a0 \u00a0 \u00a0 \u00a0 \u00a0 \u00a0 \u00a0 \u00a0 \u00a0 la \u00a0 \u00a0 \u00a0 \u00a0 \u00a0 \u00a0 \u00a0 \u00a0 \u00a0 \u00a0labor \u00a0 \u00a0 \u00a0 \u00a0 \u00a0 \u00a0 \u00a0 \u00a0 \u00a0 \u00a0de \u00a0juzgamiento\u201d.\u00a0\u00a0\u00a0\u00a0\u00a0\u00a0\u00a0\u00a0\u00a0\u00a0\u00a0\u00a0\u00a0\u00a0\u00a0\u00a0\u00a0\u00a0\u00a0\u00a0\u00a0\u00a0\u00a0\u00a0\u00a0\u00a0\u00a0\u00a0\u00a0\u00a0\u00a0\u00a0\u00a0\u00a0\u00a0\u00a0\u00a0\u00a0\u00a0\u00a0\u00a0\u00a0\u00a0\u00a0\u00a0\u00a0\u00a0\u00a0\u00a0\u00a0\u00a0\u00a0\u00a0\u00a0\u00a0\u00a0\u00a0\u00a0\u00a0\u00a0\u00a0\u00a0\u00a0\u00a0\u00a0\u00a0\u00a0\u00a0\u00a0\u00a0\u00a0\u00a0\u00a0\u00a0\u00a0\u00a0\u00a0\u00a0\u00a0\u00a0\u00a0\u00a0\u00a0\u00a0\u00a0\u00a0\u00a0\u00a0\u00a0\u00a0\u00a0\u00a0\u00a0\u00a0\u00a0\u00a0\u00a0\u00a0\u00a0\u00a0\u00a0\u00a0\u00a0\u00a0\u00a0\u00a0\u00a0\u00a0\u00a0\u00a0\u00a0\u00a0\u00a0\u00a0\u00a0\u00a0\u00a0\u00a0\u00a0\u00a0\u00a0\u00a0\u00a0\u00a0\u00a0\u00a0\u00a0\u00a0\u00a0\u00a0\u00a0\u00a0\u00a0\u00a0\u00a0\u00a0\u00a0\u00a0\u00a0\u00a0\u00a0\u00a0\u00a0\u00a0\u00a0\u00a0\u00a0\u00a0\u00a0\u00a0\u00a0\u00a0\u00a0\u00a0\u00a0\u00a0\u00a0\u00a0\u00a0\u00a0\u00a0\u00a0\u00a0\u00a0\u00a0\u00a0\u00a0\u00a0\u00a0\u00a0\u00a0\u00a0\u00a0\u00a0\u00a0\u00a0\u00a0\u00a0\u00a0\u00a0\u00a0\u00a0\u00a0\u00a0\u00a0\u00a0\u00a0\u00a0\u00a0\u00a0\u00a0\u00a0\u00a0\u00a0\u00a0\u00a0\u00a0\u00a0\u00a0\u00a0\u00a0\u00a0\u00a0\u00a0\u00a0\u00a0\u00a0\u00a0\u00a0\u00a0\u00a0\u00a0\u00a0\u00a0\u00a0\u00a0\u00a0\u00a0\u00a0\u00a0\u00a0\u00a0\u00a0\u00a0\u00a0\u00a0\u00a0\u00a0\u00a0\u00a0\u00a0\u00a0\u00a0\u00a0\u00a0\u00a0\u00a0\u00a0\u00a0\u00a0\u00a0\u00a0\u00a0\u00a0\u00a0\u00a0\u00a0\u00a0\u00a0\u00a0\u00a0\u00a0\u00a0\u00a0\u00a0\u00a0\u00a0\u00a0\u00a0\u00a0\u00a0\u00a0\u00a0\u00a0\u00a0\u00a0\u00a0\u00a0\u00a0\u00a0\u00a0\u00a0\u00a0\u00a0\u00a0\u00a0\u00a0\u00a0\u00a0\u00a0\u00a0\u00a0\u00a0\u00a0\u00a0\u00a0\u00a0\u00a0\u00a0\u00a0\u00a0\u00a0\u00a0\u00a0\u00a0\u00a0\u00a0\u00a0\u00a0\u00a0\u00a0\u00a0\u00a0\u00a0\u00a0\u00a0\u00a0\u00a0\u00a0\u00a0\u00a0\u00a0\u00a0\u00a0\u00a0\u00a0\u00a0\u00a0\u00a0\u00a0\u00a0\u00a0\u00a0\u00a0\u00a0\u00a0\u00a0\u00a0\u00a0\u00a0\u00a0\u00a0\u00a0\u00a0\u00a0\u00a0\u00a0\u00a0\u00a0\u00a0\u00a0\u00a0\u00a0\u00a0\u00a0\u00a0\u00a0\u00a0\u00a0\u00a0\u00a0\u00a0\u00a0\u00a0\u00a0\u00a0\u00a0\u00a0\u00a0\u00a0\u00a0\u00a0\u00a0\u00a0\u00a0\u00a0\u00a0\u00a0\u00a0\u00a0\u00a0\u00a0\u00a0\u00a0\u00a0\u00a0\u00a0\u00a0\u00a0\u00a0\u00a0\u00a0\u00a0\u00a0\u00a0\u00a0\u00a0\u00a0\u00a0\u00a0\u00a0\u00a0\u00a0\u00a0\u00a0\u00a0\u00a0\u00a0\u00a0\u00a0\u00a0\u00a0\u00a0\u00a0\u00a0\u00a0\u00a0\u00a0\u00a0\u00a0\u00a0\u00a0\u00a0\u00a0\u00a0\u00a0\u00a0\u00a0\u00a0\u00a0\u00a0\u00a0\u00a0\u00a0\u00a0\u00a0\u00a0\u00a0\u00a0\u00a0\u00a0\u00a0\u00a0\u00a0\u00a0\u00a0\u00a0\u00a0\u00a0\u00a0\u00a0\u00a0\u00a0\u00a0\u00a0\u00a0\u00a0\u00a0\u00a0\u00a0\u00a0\u00a0\u00a0\u00a0\u00a0\u00a0\u00a0\u00a0\u00a0\u00a0\u00a0\u00a0\u00a0\u00a0\u00a0\u00a0\u00a0\u00a0\u00a0\u00a0\u00a0\u00a0\u00a0\u00a0\u00a0\u00a0\u00a0\u00a0\u00a0\u00a0\u00a0\u00a0\u00a0\u00a0\u00a0\u00a0\u00a0\u00a0\u00a0\u00a0\u00a0\u00a0\u00a0\u00a0\u00a0\u00a0\u00a0\u00a0\u00a0\u00a0\u00a0\u00a0\u00a0\u00a0\u00a0\u00a0\u00a0\u00a0\u00a0\u00a0\u00a0\u00a0\u00a0\u00a0\u00a0\u00a0\u00a0\u00a0\u00a0\u00a0\u00a0\u00a0\u00a0\u00a0\u00a0\u00a0\u00a0\u00a0\u00a0\u00a0\u00a0\u00a0\u00a0\u00a0\u00a0\u00a0\u00a0\u00a0\u00a0\u00a0\u00a0\u00a0\u00a0\u00a0\u00a0\u00a0\u00a0\u00a0\u00a0\u00a0\u00a0\u00a0\u00a0\u00a0\u00a0\u00a0\u00a0\u00a0\u00a0\u00a0\u00a0\u00a0\u00a0\u00a0\u00a0\u00a0\u00a0\u00a0\u00a0\u00a0\u00a0\u00a0\u00a0\u00a0\u00a0\u00a0\u00a0\u00a0\u00a0\u00a0\u00a0\u00a0\u00a0\u00a0\u00a0\u00a0\u00a0\u00a0\u00a0\u00a0\u00a0\u00a0\u00a0\u00a0\u00a0\u00a0\u00a0\u00a0\u00a0\u00a0\u00a0\u00a0\u00a0\u00a0\u00a0\u00a0\u00a0\u00a0\u00a0\u00a0\u00a0\u00a0\u00a0\u00a0\u00a0\u00a0\u00a0\u00a0\u00a0\u00a0\u00a0\u00a0\u00a0\u00a0\u00a0\u00a0\u00a0\u00a0\u00a0\u00a0\u00a0\u00a0\u00a0\u00a0\u00a0\u00a0\u00a0\u00a0\u00a0\u00a0\u00a0\u00a0\u00a0\u00a0\u00a0\u00a0\u00a0\u00a0\u00a0\u00a0\u00a0\u00a0\u00a0\u00a0\u00a0\u00a0\u00a0\u00a0\u00a0\u00a0\u00a0\u00a0\u00a0\u00a0\u00a0\u00a0\u00a0\u00a0\u00a0\u00a0\u00a0\u00a0\u00a0\u00a0\u00a0\u00a0\u00a0\u00a0\u00a0\u00a0\u00a0\u00a0\u00a0\u00a0\u00a0\u00a0\u00a0\u00a0\u00a0\u00a0\u00a0\u00a0\u00a0\u00a0\u00a0\u00a0\u00a0\u00a0\u00a0\u00a0\u00a0\u00a0\u00a0\u00a0\u00a0\u00a0\u00a0\u00a0\u00a0\u00a0\u00a0\u00a0\u00a0\u00a0\u00a0\u00a0\u00a0\u00a0\u00a0\u00a0\u00a0\u00a0\u00a0\u00a0\u00a0\u00a0\u00a0\u00a0\u00a0\u00a0\u00a0\u00a0\u00a0\u00a0\u00a0\u00a0\u00a0\u00a0\u00a0\u00a0\u00a0\u00a0\u00a0\u00a0\u00a0\u00a0\u00a0\u00a0\u00a0\u00a0\u00a0\u00a0\u00a0\u00a0\u00a0\u00a0\u00a0\u00a0\u00a0\u00a0\u00a0\u00a0 \u00a0\u00a0<\/p>\n<p>Por \u00a0tales \u00a0razones, entonces, no se acoge el \u00a0planteamiento del defensor. \u00a0\u00a0<\/p>\n<p>4. \u00a0Equivalencia de la decisi\u00f3n proferida en \u00a0el exterior \u00a0\u00a0<\/p>\n<p>Seg\u00fan lo consignado en el art\u00edculo 511.2 de \u00a0la \u00a0ley 600 de 2000, es requisito para conceder la extradici\u00f3n que por lo menos \u00a0se \u00a0haya \u00a0dictado \u00a0en \u00a0el \u00a0exterior \u00a0resoluci\u00f3n de acusaci\u00f3n o su equivalente. \u00a0\u00a0<\/p>\n<p>En \u00a0este sentido, abundante y reiterada es la \u00a0jurisprudencia \u00a0de la Sala, en la que se sostiene que la resoluci\u00f3n acusatoria, \u00a0o \u00a0acusaci\u00f3n \u00a0formal \u00a0proferida en los procesos penales rituados en los Estados \u00a0Unidos, \u00a0conforme \u00a0a \u00a0su legislaci\u00f3n, son equiparables a lo regulado en nuestra \u00a0legislaci\u00f3n \u00a0procesal \u00a0interna, \u00a0tambi\u00e9n \u00a0como \u00a0resoluci\u00f3n de acusaci\u00f3n. Tal \u00a0pieza \u00a0procesal \u00a0contiene \u00a0una \u00a0relaci\u00f3n sucinta de las conductas atribuidas al \u00a0solicitado, \u00a0describe \u00a0las \u00a0circunstancias de modo, tiempo y lugar en que fueron \u00a0ejecutadas, \u00a0su calificaci\u00f3n jur\u00eddica, y las disposiciones penales sustantivas \u00a0que las describen y sancionan. \u00a0\u00a0<\/p>\n<p>Adicionalmente, esa decisi\u00f3n, es adoptada con \u00a0base \u00a0en \u00a0las \u00a0pruebas recaudadas, y con ella se da inicio a la etapa del juicio \u00a0en \u00a0donde \u00a0se \u00a0surte \u00a0todo \u00a0el \u00a0debate \u00a0sobre \u00a0la \u00a0responsabilidad de la persona \u00a0investigada; y culmina con la emisi\u00f3n del fallo de m\u00e9rito. \u00a0\u00a0<\/p>\n<p>As\u00ed \u00a0las \u00a0cosas, \u00a0se \u00a0impone \u00a0colegir que la \u00a0acusaci\u00f3n \u00a0sustitutiva \u00a0No. \u00a004-20179-CR- \u00a0GRAHAM \u00a0(s) dictada el 18 de mayo de \u00a02004 \u00a0en \u00a0la \u00a0Corte \u00a0Distrital de los Estadios Unidos para el Distrito Sur de la \u00a0Florida satisface \u00edntegramente esta exigencia. \u00a0\u00a0<\/p>\n<p>6. Condicionamientos \u00a0<\/p>\n<p>Satisfechos como se encuentran los requisitos \u00a0exigidos \u00a0por \u00a0el \u00a0art\u00edculo 520 del C\u00f3digo de Procedimiento Penal, no puede la \u00a0Corte \u00a0dejar \u00a0de \u00a0advertir \u00a0que \u00a0de \u00a0acuerdo \u00a0con la legislaci\u00f3n de los Estados \u00a0Unidos, \u00a0los \u00a0delitos por los cuales se solicita la extradici\u00f3n de LUIS ALFONSO \u00a0ALAY\u00d3N \u00a0CORT\u00c9S, \u00a0tienen \u00a0prevista pena hasta de cadena perpetua. Esta clase de \u00a0sanciones \u00a0est\u00e1n \u00a0expresamente prohibidas en la Carta Pol\u00edtica en el art\u00edculo \u00a034. \u00a0Por \u00a0tal \u00a0motivo, \u00a0de acogerse el presente concepto, el Gobierno Colombiano \u00a0deber\u00e1 \u00a0tener \u00a0en cuenta esta situaci\u00f3n a fin de imponer los condicionamientos \u00a0que \u00a0estime \u00a0pertinentes \u00a0en \u00a0este \u00a0sentido, \u00a0y especialmente los referidos a la \u00a0prohibici\u00f3n \u00a0de \u00a0infligir \u00a0penas o tratos crueles, inhumanos o degradantes y de \u00a0juzgar \u00a0a \u00a0la \u00a0persona \u00a0por conductas punibles anteriores a las que motivaron la \u00a0presente solicitud o al 17 de diciembre de 1997. \u00a0\u00a0<\/p>\n<p>Adem\u00e1s, \u00a0la Sala ha de indicar que en virtud \u00a0de \u00a0lo \u00a0dispuesto por el numeral 2\u00ba\u00a0 del art\u00edculo 189 de la Constituci\u00f3n \u00a0Pol\u00edtica, \u00a0de \u00a0concederse la extradici\u00f3n, al Gobierno Nacional, encabezado por \u00a0el \u00a0se\u00f1or \u00a0Presidente \u00a0de \u00a0la \u00a0Rep\u00fablica, \u00a0supremo \u00a0director \u00a0de \u00a0la pol\u00edtica \u00a0exterior \u00a0y \u00a0de \u00a0las relaciones internacionales, le corresponde llevar a cabo el \u00a0respectivo \u00a0seguimiento a los condicionamientos que se impongan y determinar las \u00a0consecuencias que se derivaren de su eventual incumplimiento. \u00a0\u00a0<\/p>\n<p>En m\u00e9rito de lo expuesto, la Corte Suprema de \u00a0Justicia en Sala de Casaci\u00f3n Penal; \u00a0\u00a0<\/p>\n<p>1. \u00a0 CONCEPTUA \u00a0 FAVORABLEMENTE \u00a0a \u00a0la \u00a0solicitud \u00a0de \u00a0extradici\u00f3n \u00a0elevada por el Gobierno de los \u00a0Estados \u00a0Unidos \u00a0de \u00a0Am\u00e9rica \u00a0con respecto al ciudadano colombiano LUIS ALFONSO \u00a0ALAY\u00d3N \u00a0CORT\u00c9S, \u00a0en \u00a0relaci\u00f3n con todos los cargos que le fueron imputados en \u00a0la \u00a0resoluci\u00f3n \u00a0de acusaci\u00f3n sustitutiva No. 04-20179-CR-GRAHAM (s) dictada el \u00a018 \u00a0de mayo de 2004 en la Corte Distrital de los Estados Unidos para el Distrito \u00a0Sur de la Florida. \u00a0\u00a0<\/p>\n<p>2. Advi\u00e9rtasele al \u00a0Gobierno \u00a0Colombiano \u00a0que \u00a0en \u00a0caso \u00a0de \u00a0acoger \u00a0este \u00a0concepto \u00a0y \u00a0entregar \u00a0en \u00a0extradici\u00f3n \u00a0 \u00a0a \u00a0 LUIS \u00a0 ALFONSO \u00a0 ALAY\u00d3N \u00a0 CORT\u00c9S \u00a0 deber\u00e1 \u00a0 imponer \u00a0 los \u00a0condicionamientos \u00a0a \u00a0que \u00a0haya \u00a0lugar, teniendo en cuenta que las penas por los \u00a0delitos \u00a0por los que es reclamado dicho ciudadano colombiano por las autoridades \u00a0de \u00a0los \u00a0Estados \u00a0Unidos, \u00a0incluyen la cadena perpetua, sanci\u00f3n prohibida en el \u00a0art\u00edculo \u00a034 \u00a0de \u00a0la \u00a0Carta \u00a0Pol\u00edtica. Igualmente, habr\u00e1 de hacerse lo propio \u00a0para \u00a0que \u00a0en \u00a0el pa\u00eds solicitante no se le impongan penas crueles, inhumanas o \u00a0degradantes, \u00a0o \u00a0se \u00a0le \u00a0juzgue \u00a0por \u00a0hechos \u00a0distintos \u00a0a \u00a0los que motivaron la \u00a0solicitud \u00a0de \u00a0extradici\u00f3n, \u00a0o \u00a0por \u00a0hechos ocurridos con anterioridad al 17 de \u00a0diciembre de 1997. \u00a0\u00a0<\/p>\n<p>En \u00a0el \u00a0mismo \u00a0sentido, \u00a0el se\u00f1or Presidente \u00a0deber\u00e1 \u00a0disponer lo pertinente para que se haga el respectivo seguimiento a los \u00a0condicionamientos \u00a0impuestos \u00a0y establecer las consecuencias que se derivaren de \u00a0su eventual incumplimiento. \u00a0\u00a0<\/p>\n<p>3. La Secretar\u00eda de \u00a0la \u00a0Sala \u00a0comunicar\u00e1 este concepto al solicitado, LUIS ALFONSO ALAY\u00d3N CORT\u00c9S, \u00a0a \u00a0su \u00a0defensor, \u00a0al \u00a0se\u00f1or \u00a0Fiscal \u00a0General \u00a0de \u00a0la \u00a0Naci\u00f3n \u00a0y \u00a0al Ministerio \u00a0P\u00fablico. \u00a0\u00a0<\/p>\n<p>4. \u00a0Devu\u00e9lvase \u00a0el \u00a0expediente \u00a0 al \u00a0 Ministerio \u00a0 de \u00a0 Justicia \u00a0y \u00a0del \u00a0Derecho, \u00a0para \u00a0lo \u00a0de \u00a0su \u00a0cargo. \u00a0\u00a0<\/p>\n<p>MARINA PULIDO DE BAR\u00d3N \u00a0<\/p>\n<p>SIGIFREDO \u00a0 \u00a0 \u00a0 \u00a0 \u00a0ESPINOSA \u00a0P\u00c9REZ\u00a0\u00a0\u00a0\u00a0\u00a0\u00a0\u00a0\u00a0\u00a0\u00a0\u00a0\u00a0\u00a0\u00a0\u00a0\u00a0\u00a0\u00a0\u00a0\u00a0\u00a0\u00a0\u00a0\u00a0\u00a0\u00a0\u00a0\u00a0\u00a0 \u00a0HERMAN GAL\u00c1N CASTELLANOS \u00a0\u00a0<\/p>\n<p>ALFREDO \u00a0 \u00a0 \u00a0 \u00a0 \u00a0 G\u00d3MEZ \u00a0QUINTERO\u00a0\u00a0\u00a0\u00a0\u00a0\u00a0\u00a0\u00a0\u00a0\u00a0\u00a0\u00a0\u00a0\u00a0\u00a0\u00a0\u00a0\u00a0\u00a0\u00a0\u00a0\u00a0\u00a0\u00a0\u00a0\u00a0\u00a0\u00a0\u00a0\u00a0\u00a0\u00a0\u00a0\u00a0\u00a0\u00a0\u00a0 \u00a0EDGAR LOMBANA \u00a0TRUJILLO\u00a0\u00a0\u00a0\u00a0\u00a0\u00a0\u00a0\u00a0\u00a0\u00a0\u00a0\u00a0\u00a0\u00a0\u00a0\u00a0\u00a0\u00a0\u00a0\u00a0\u00a0\u00a0\u00a0\u00a0\u00a0\u00a0\u00a0 \u00a0\u00a0<\/p>\n<p>\u00c1LVARO \u00a0 \u00a0 \u00a0 ORLANDO \u00a0 \u00a0 \u00a0 P\u00c9REZ \u00a0PINZ\u00d3N\u00a0\u00a0\u00a0\u00a0\u00a0\u00a0\u00a0\u00a0\u00a0\u00a0\u00a0\u00a0\u00a0\u00a0\u00a0\u00a0\u00a0\u00a0 \u00a0JORGE \u00a0 \u00a0 \u00a0 \u00a0 \u00a0 \u00a0 \u00a0 \u00a0 \u00a0 \u00a0 \u00a0 \u00a0 \u00a0 \u00a0 \u00a0 \u00a0LUIS \u00a0 \u00a0 \u00a0 \u00a0 \u00a0 \u00a0 \u00a0 \u00a0 \u00a0 \u00a0 \u00a0 \u00a0 \u00a0 \u00a0 \u00a0 QUINTERO \u00a0MILAN\u00c9S\u00a0\u00a0\u00a0\u00a0\u00a0\u00a0\u00a0\u00a0\u00a0\u00a0\u00a0\u00a0\u00a0\u00a0\u00a0\u00a0\u00a0\u00a0\u00a0 \u00a0\u00a0<\/p>\n<p>YESID \u00a0 \u00a0 \u00a0 \u00a0 \u00a0 RAM\u00cdREZ \u00a0BASTIDAS\u00a0\u00a0\u00a0\u00a0\u00a0\u00a0\u00a0\u00a0\u00a0\u00a0\u00a0\u00a0\u00a0\u00a0\u00a0\u00a0\u00a0\u00a0\u00a0\u00a0\u00a0\u00a0\u00a0\u00a0\u00a0\u00a0\u00a0\u00a0\u00a0\u00a0\u00a0\u00a0\u00a0\u00a0\u00a0\u00a0\u00a0\u00a0\u00a0\u00a0\u00a0 \u00a0MAURO SOLARTE PORTILLA \u00a0\u00a0<\/p>\n<p>Teresa Ruiz N\u00fa\u00f1ez \u00a0<\/p>\n<p>Secretaria \u00a0<\/p>\n<p>ACLARACI\u00d3N DE VOTO \u00a0<\/p>\n<p>Con \u00a0el respeto que siempre profeso por las \u00a0decisiones \u00a0de \u00a0la Sala, expongo a continuaci\u00f3n los aspectos que, en mi sentir, \u00a0deben \u00a0incluirse \u00a0en \u00a0los \u00a0conceptos de extradici\u00f3n que emite la Corte frente a \u00a0tr\u00e1mites \u00a0que involucran ciudadanos colombianos por nacimiento, particularmente \u00a0cuando \u00a0se \u00a0desarrollan \u00a0en \u00a0ausencia \u00a0de \u00a0cl\u00e1usulas \u00a0pactadas \u00a0en instrumentos \u00a0internacionales \u00a0 de \u00a0 car\u00e1cter \u00a0bilateral \u00a0o \u00a0multilateral, \u00a0en \u00a0la \u00a0forma \u00a0de \u00a0condicionamientos \u00a0que \u00a0el \u00a0Gobierno \u00a0Nacional \u00a0deber\u00eda \u00a0exigir \u00a0al \u00a0momento de \u00a0acceder \u00a0a \u00a0la \u00a0entrega \u00a0de \u00a0un \u00a0connacional, \u00a0adem\u00e1s \u00a0de \u00a0los que se le vienen \u00a0sugiriendo de manera com\u00fan. \u00a0\u00a0<\/p>\n<p>La \u00a0posici\u00f3n \u00a0que he venido sustentando en \u00a0Sala \u00a0y que no ha tenido acogida, descansa en que la Corte al asumir la funci\u00f3n \u00a0de \u00a0conceptuar, \u00a0no \u00a0s\u00f3lo \u00a0ha \u00a0de tener como gu\u00eda los par\u00e1metros que sobre la \u00a0materia \u00a0est\u00e1n \u00a0fijados \u00a0en \u00a0el \u00a0ordenamiento \u00a0procesal penal patrio, sino que, \u00a0adem\u00e1s, \u00a0su misi\u00f3n tambi\u00e9n debe estar influida por la regla del art\u00edculo 2\u00ba \u00a0de \u00a0la \u00a0Constituci\u00f3n, \u00a0pues \u00a0en \u00a0cuanto \u00a0\u00f3rgano \u00a0m\u00e1ximo \u00a0de \u00a0la jurisdicci\u00f3n \u00a0ordinaria \u00a0y, \u00a0por tanto, componente esencial en la estructura del Estado Social \u00a0de \u00a0 Derecho, \u00a0 tambi\u00e9n \u00a0debe \u00a0velar \u00a0por \u00a0la \u00a0efectividad \u00a0de \u00a0los \u00a0principios \u00a0\u2013entre ellos el fundante \u00a0de \u00a0la dignidad humana-, derechos y deberes consagrados en la Carta; defender la \u00a0independencia \u00a0nacional \u00a0y \u00a0proteger a todas las personas residentes en Colombia \u00a0en su vida, honra, bienes, creencias, derechos y libertades. \u00a0\u00a0<\/p>\n<p>En ese orden de cosas, estimo que es preciso \u00a0advertir \u00a0en \u00a0el \u00a0concepto sobre la necesidad de plantear otras condiciones a la \u00a0entrega \u00a0del \u00a0reclamado, \u00a0derivadas \u00a0del hecho de que el acto de extradici\u00f3n no \u00a0implica \u00a0que \u00a0el \u00a0extraditado \u00a0pierda \u00a0la nacionalidad colombiana, lo cual s\u00f3lo \u00a0ocurre \u00a0 frente \u00a0a \u00a0los \u00a0presupuestos \u00a0se\u00f1alados \u00a0en \u00a0el \u00a0art\u00edculo \u00a098 \u00a0de \u00a0la \u00a0Constituci\u00f3n. \u00a0\u00a0<\/p>\n<p>En \u00a0tales condiciones, cuando la entrega en \u00a0extradici\u00f3n \u00a0de \u00a0un \u00a0nacional \u00a0colombiano se tramita y agota, en ausencia de un \u00a0convenio \u00a0 multilateral \u00a0 o \u00a0bilateral \u00a0sobre \u00a0la \u00a0materia, \u00a0con \u00a0arreglo \u00a0a \u00a0la \u00a0Constituci\u00f3n \u00a0y \u00a0a \u00a0la \u00a0ley, \u00a0debe tenerse en cuenta que a diferencia de lo que \u00a0ocurre \u00a0si \u00a0se \u00a0hubiera adelantado conforme a un instrumento internacional en el \u00a0cual \u00a0las \u00a0partes \u00a0acuerdan condiciones que pueden significar la restricci\u00f3n de \u00a0ciertos \u00a0derechos, \u00a0en \u00a0virtud \u00a0a \u00a0la \u00a0configuraci\u00f3n del Estado colombiano como \u00a0social \u00a0y \u00a0democr\u00e1tico \u00a0de derecho, en el cual es base fundamental el respeto a \u00a0la \u00a0dignidad \u00a0humana \u00a0(art\u00edculo \u00a01\u00ba de la Carta), las condiciones que se deben \u00a0exigir \u00a0al pa\u00eds reclamante tienen que estar ligadas con la observancia all\u00ed de \u00a0los \u00a0derechos \u00a0y \u00a0garant\u00edas \u00a0que \u00a0cobijar\u00edan \u00a0al \u00a0solicitado de ser juzgado en \u00a0Colombia. \u00a0\u00a0<\/p>\n<p>Eso \u00a0es \u00a0as\u00ed, \u00a0porque \u00a0al \u00a0acceder \u00a0a \u00a0la \u00a0extradici\u00f3n \u00a0de \u00a0un colombiano por nacimiento el Estado, a trav\u00e9s del Gobierno \u00a0Nacional, \u00a0renuncia \u00a0a la potestad de ejercer su propia jurisdicci\u00f3n, pero no a \u00a0la \u00a0obligaci\u00f3n \u00a0de \u00a0proteger al extraditado, pues en tanto siga siendo s\u00fabdito \u00a0de \u00a0Colombia, tiene derecho a todas las prerrogativas, garant\u00edas y derechos que \u00a0emanan \u00a0de \u00a0la Constituci\u00f3n y la ley, en particular, aquellos que se relacionan \u00a0con \u00a0 su \u00a0 calidad \u00a0 de \u00a0 procesado \u00a0y \u00a0que \u00a0tienen \u00a0que \u00a0ver \u00a0con \u00a0la \u00a0dignidad \u00a0humana. \u00a0\u00a0<\/p>\n<p>As\u00ed las cosas, siendo el marco esencial de \u00a0la \u00a0 figura \u00a0 de \u00a0la \u00a0extradici\u00f3n \u00a0lo \u00a0se\u00f1alado \u00a0en \u00a0el \u00a0art\u00edculo \u00a035 \u00a0de \u00a0la \u00a0Constituci\u00f3n, \u00a0que \u00a0fija \u00a0un \u00a0sistema \u00a0de \u00a0fuentes1 para que se solicite, conceda \u00a0u \u00a0ofrezca, \u00a0que son los tratados p\u00fablicos y, en su defecto, la ley, es preciso \u00a0comentar \u00a0que \u00a0como \u00a0no hay un instrumento vigente de esa naturaleza que ligue a \u00a0Colombia \u00a0con Estados Unidos en el tema de extradici\u00f3n, el \u00e1mbito para evaluar \u00a0la \u00a0procedencia \u00a0de \u00a0una \u00a0solicitud, \u00a0concesi\u00f3n \u00a0u ofrecimiento de extradici\u00f3n \u00a0entre los dos pa\u00edses es el C\u00f3digo de Procedimiento Penal. \u00a0\u00a0<\/p>\n<p>Obs\u00e9rvese que los preceptos que desarrollan \u00a0la \u00a0extradici\u00f3n \u00a0en \u00a0la \u00a0Ley \u00a0600 \u00a0de \u00a02000, \u00a0adem\u00e1s \u00a0de \u00a0reiterar \u00a0las reglas \u00a0constitucionales \u00a0(improcedencia por delitos pol\u00edticos, o la de colombianos por \u00a0nacimiento \u00a0por \u00a0hechos \u00a0cometidos\u00a0 \u00a0con\u00a0 \u00a0anterioridad\u00a0 al\u00a0 \u00a016\u00a0 \u00a0 de \u00a0 diciembre \u00a0 de \u00a01997 \u00a0\u2013art\u00edculo \u00a0508-); \u00a0fijan el organismo al que le corresponde ofrecer \u00a0o \u00a0conceder \u00a0la \u00a0extradici\u00f3n \u00a0de \u00a0una persona y las facultades sobre la materia \u00a0\u2013el gobierno-, el \u00e1mbito \u00a0de \u00a0competencia \u00a0de \u00a0cada \u00a0ente \u00a0gubernamental, \u00a0y \u00a0el \u00a0que le corresponde en el \u00a0tr\u00e1mite \u00a0a \u00a0la \u00a0Corte; \u00a0se\u00f1alan \u00a0requisitos adicionales (doble incriminaci\u00f3n, \u00a0acto \u00a0procesal \u00a0m\u00ednimo en el exterior \u2013art\u00edculo \u00a0510-); \u00a0estructuran \u00a0la \u00a0forma \u00a0como \u00a0se \u00a0desarrolla \u00a0el \u00a0tr\u00e1mite \u00a0mixto, \u00a0as\u00ed \u00a0como \u00a0los \u00a0fundamentos \u00a0del \u00a0concepto \u00a0(art\u00edculo \u00a0520); \u00a0determinan \u00a0cu\u00e1ndo \u00a0se \u00a0decide \u00a0sobre \u00a0la solicitud, en qu\u00e9 momento se hace la \u00a0entrega \u00a0y \u00a0regula \u00a0la \u00a0orden \u00a0de \u00a0prelaci\u00f3n \u00a0en \u00a0caso \u00a0de \u00a0varias \u00a0solicitudes \u00a0(art\u00edculos \u00a0522, 523 y 524); consagran el derecho a la defensa y los eventos en \u00a0que hay lugar a la libertad (art\u00edculos 529 y 530). \u00a0\u00a0<\/p>\n<p>Adem\u00e1s, el art\u00edculo 512 ib\u00eddem le impone \u00a0de \u00a0modo \u00a0imperativo \u00a0al \u00a0gobierno la obligaci\u00f3n de exigir que el solicitado no \u00a0vaya \u00a0 a \u00a0 ser \u00a0juzgado \u00a0por \u00a0un \u00a0hecho \u00a0anterior \u00a0diverso \u00a0del \u00a0que \u00a0motiva \u00a0la \u00a0extradici\u00f3n, \u00a0ni \u00a0sometido \u00a0a \u00a0sanciones \u00a0distintas \u00a0de \u00a0las que se le hubieran \u00a0impuesto \u00a0en \u00a0la condena, y a que se le conmute la pena de muerte en caso de que \u00a0la \u00a0legislaci\u00f3n \u00a0del \u00a0pa\u00eds \u00a0reclamante \u00a0la prevea como sanci\u00f3n del delito que \u00a0motiva la solicitud de extradici\u00f3n. \u00a0\u00a0<\/p>\n<p>Recu\u00e9rdese \u00a0que \u00a0las \u00a0condiciones \u00a0arriba \u00a0se\u00f1aladas \u00a0fueron \u00a0extendidas, \u00a0con el mismo car\u00e1cter imperativo, por la Corte \u00a0Constitucional a otras situaciones, al se\u00f1alar que: \u00a0\u00a0<\/p>\n<p>\u201c&#8230;no \u00a0s\u00f3lo \u00a0habr\u00e1 \u00a0de \u00a0entenderse que en caso de que exista en el Estado requirente la pena \u00a0de \u00a0muerte, \u00a0la entrega se har\u00e1 bajo la condici\u00f3n de la conmutaci\u00f3n de \u00e9sta, \u00a0sino, \u00a0tambi\u00e9n \u00a0bajo el entendido de que al extraditado no se le podr\u00e1 someter \u00a0ni \u00a0a \u00a0torturas, \u00a0ni \u00a0a tratos o penas crueles, ni a desaparici\u00f3n forzada, ni a \u00a0tratamiento \u00a0 degradante \u00a0 e \u00a0inhumano, \u00a0raz\u00f3n \u00a0por \u00a0la \u00a0cual \u00a0as\u00ed \u00a0habr\u00e1 \u00a0de \u00a0condicionarse \u00a0la \u00a0constitucionalidad \u00a0que \u00a0se \u00a0declara \u00a0del \u00a0art\u00edculo \u00a0550 del \u00a0C\u00f3digo de Procedimiento Penal. \u00a0\u00a0<\/p>\n<p>Por otra parte, se observa por la Corte, que \u00a0la \u00a0 Constituci\u00f3n \u00a0 colombiana, \u00a0 proh\u00edbe \u00a0en \u00a0su \u00a0art\u00edculo \u00a034 \u00a0\u2018las \u00a0penas \u00a0de \u00a0destierro, \u00a0prisi\u00f3n \u00a0perpetua \u00a0 \u00a0 \u00a0y \u00a0 \u00a0 \u00a0confiscaci\u00f3n\u2019, \u00a0a las cuales, por las mismas razones anteriormente expuestas, no \u00a0podr\u00e1 \u00a0someterse \u00a0al \u00a0extraditado \u00a0por\u00a0 \u00a0el \u00a0pa\u00eds \u00a0que \u00a0lo juzgue, lo que \u00a0implica \u00a0que \u00a0igualmente en ese sentido habr\u00e1 de condicionarse la exequibilidad \u00a0del \u00a0 \u00a0art\u00edculo \u00a0 550 \u00a0 del \u00a0 C\u00f3digo \u00a0 de \u00a0 Procedimiento \u00a0 Penal.\u201d2 \u00a0\u00a0<\/p>\n<p>Sin \u00a0embargo, \u00a0esas \u00a0no \u00a0son \u00a0las \u00a0\u00fanicas \u00a0condiciones \u00a0susceptibles \u00a0de formularse, pues al fin y al cabo el art\u00edculo 512 \u00a0del \u00a0 \u00a0C\u00f3digo \u00a0 de \u00a0 Procedimiento \u00a0 Penal \u00a0 precept\u00faa \u00a0 que \u00a0 \u201cEl \u00a0gobierno \u00a0podr\u00e1 \u00a0subordinar el ofrecimiento o la concesi\u00f3n de \u00a0la \u00a0 extradici\u00f3n \u00a0 a \u00a0 las \u00a0 condiciones \u00a0que \u00a0considere \u00a0oportunas\u201d. \u00a0\u00a0<\/p>\n<p>Esa \u00a0facultad, \u00a0debe \u00a0se\u00f1alarse, \u00a0no \u00a0es \u00a0discrecional, \u00a0pues \u00a0al \u00a0momento \u00a0de \u00a0decidir \u00a0sobre \u00a0la \u00a0entrega de un nacional \u00a0colombiano \u00a0el \u00a0gobierno \u00a0est\u00e1 \u00a0en \u00a0el \u00a0deber \u00a0de \u00a0armonizar \u00a0los \u00a0criterios de \u00a0conveniencia \u00a0nacional o de cooperaci\u00f3n internacional, con la premisa seg\u00fan la \u00a0cual \u00a0al \u00a0concederse la extradici\u00f3n no se renuncia a la soberan\u00eda, sino que se \u00a0ejerce3, \u00a0y \u00a0con \u00a0los \u00a0derechos \u00a0y garant\u00edas que est\u00e1n consagrados en la \u00a0Constituci\u00f3n \u00a0y \u00a0en \u00a0los instrumentos internacionales sobre derechos humanos en \u00a0pro \u00a0 de \u00a0 un \u00a0 justiciable, \u00a0 as\u00ed \u00a0 como \u00a0 en \u00a0 protecci\u00f3n \u00a0 de \u00a0su \u00a0dignidad \u00a0humana. \u00a0\u00a0<\/p>\n<p>As\u00ed, \u00a0con \u00a0arreglo \u00a0al \u00a0art\u00edculo 29 de la \u00a0Carta; \u00a0a \u00a0los \u00a0art\u00edculos \u00a09 \u00a0y \u00a010 \u00a0de \u00a0la \u00a0Declaraci\u00f3n Universal de Derechos \u00a0Humanos, \u00a05-3.6, 7-2.5, 8-1.2(a)(b)(c)(d)(e)(f)(g)(h).3.4.5, 9 de la Convenci\u00f3n \u00a0Americana \u00a0de \u00a0Derechos \u00a0Humanos, \u00a09-2.3, \u00a010-1.2.3, \u00a014-1.2.3,5, y 15 del Pacto \u00a0Internacional \u00a0de \u00a0Derechos \u00a0Civiles \u00a0y \u00a0Pol\u00edticos, \u00a0el \u00a0Gobierno Nacional debe \u00a0condicionar \u00a0la \u00a0entrega de un compatriota, si concede la extradici\u00f3n, a que se \u00a0le \u00a0 \u00a0respeten \u00a0 \u00a0al \u00a0 extraditado \u00a0 \u2013como \u00a0a \u00a0cualquier \u00a0otro \u00a0nacional en las mismas condiciones- todas \u00a0las \u00a0garant\u00edas \u00a0debidas \u00a0a \u00a0su \u00a0condici\u00f3n de justiciable, en particular, a que \u00a0tenga \u00a0acceso \u00a0a \u00a0un \u00a0proceso \u00a0p\u00fablico \u00a0sin dilaciones injustificadas, a que se \u00a0presuma \u00a0su \u00a0inocencia, a que cuente con un int\u00e9rprete, a que tenga un defensor \u00a0designado \u00a0por \u00a0\u00e9l \u00a0o por el Estado, a que se le conceda el tiempo y los medios \u00a0adecuados \u00a0para \u00a0que \u00a0prepare la defensa, a presentar pruebas y controvertir las \u00a0que \u00a0se \u00a0aduzcan \u00a0en contra, a que su situaci\u00f3n de privaci\u00f3n de la libertad se \u00a0desarrolle \u00a0en \u00a0condiciones \u00a0dignas, a que la eventual pena que se le imponga no \u00a0trascienda \u00a0de \u00a0su persona, a que la sanci\u00f3n pueda ser apelada ante un tribunal \u00a0superior, \u00a0a que la pena privativa de la libertad tenga la finalidad esencial de \u00a0reforma y readaptaci\u00f3n social. \u00a0\u00a0<\/p>\n<p>Igualmente, el gobierno debe condicionar la \u00a0entrega \u00a0a \u00a0que el pa\u00eds reclamante, conforme a sus pol\u00edticas internas sobre la \u00a0materia, \u00a0le \u00a0ofrezca \u00a0posibilidades racionales y reales para que el extraditado \u00a0pueda \u00a0tener \u00a0contacto \u00a0regular \u00a0con sus familiares m\u00e1s cercanos, habida cuenta \u00a0que \u00a0la \u00a0Constituci\u00f3n \u00a0de \u00a01991, en su art\u00edculo 42, reconoce a la familia como \u00a0n\u00facleo \u00a0esencial \u00a0de la sociedad, garantiza su protecci\u00f3n y reconoce su honra, \u00a0dignidad \u00a0e \u00a0intimidad, \u00a0lo \u00a0cual se refuerza con la protecci\u00f3n adicional que a \u00a0ese \u00a0 n\u00facleo \u00a0le \u00a0otorgan \u00a0la \u00a0Convenci\u00f3n \u00a0Americana \u00a0sobre \u00a0Derechos \u00a0Humanos \u00a0(art\u00edculo \u00a017) \u00a0y \u00a0el \u00a0Pacto \u00a0Internacional \u00a0de \u00a0Derechos \u00a0Civiles y Pol\u00edticos \u00a0(art\u00edculo 23). \u00a0\u00a0<\/p>\n<p>En cumplimiento de su deber de protecci\u00f3n a \u00a0las \u00a0garant\u00edas y derechos del nacional colombiano entregado en extradici\u00f3n, es \u00a0misi\u00f3n \u00a0del \u00a0Estado, \u00a0por \u00a0medio \u00a0del \u00a0\u00e1mbito \u00a0de competencias de los \u00f3rganos \u00a0respectivos, \u00a0vigilar \u00a0que \u00a0en \u00a0el \u00a0pa\u00eds reclamante se respeten las mencionadas \u00a0condiciones \u00a0(art\u00edculo \u00a09 \u00a0y 226 de la Carta). As\u00ed, en primer orden, a trav\u00e9s \u00a0del \u00a0cuerpo \u00a0diplom\u00e1tico, \u00a0en concreto, por las diferentes oficinas consulares, \u00a0con \u00a0apoyo \u00a0de \u00a0la \u00a0Procuradur\u00eda \u00a0General \u00a0de \u00a0la \u00a0Naci\u00f3n (art\u00edculo 277 de la \u00a0Constituci\u00f3n) \u00a0y \u00a0de \u00a0la \u00a0Defensor\u00eda del Pueblo (art\u00edculo 282 ib\u00eddem), de lo \u00a0cual, \u00a0adem\u00e1s, \u00a0habr\u00e1 \u00a0de darse informes peri\u00f3dicos a la Corte, en virtud del \u00a0principio \u00a0de \u00a0colaboraci\u00f3n \u00a0arm\u00f3nica \u00a0entre \u00a0los diferentes Poderes P\u00fablicos \u00a0(art\u00edculo \u00a0113 \u00a0de \u00a0la \u00a0Carta), \u00a0con \u00a0el \u00a0fin \u00a0de \u00a0que todos los estamentos con \u00a0injerencia \u00a0en \u00a0el \u00a0tema \u00a0tengan elementos de juicio que les permitan sopesar la \u00a0conveniencia \u00a0 \u00a0de \u00a0 \u00a0privilegiar \u00a0 jurisdicciones \u00a0 for\u00e1neas \u00a0 frente \u00a0 a \u00a0 la \u00a0interna. \u00a0\u00a0<\/p>\n<p>De \u00a0 esa \u00a0 manera, \u00a0 dejo \u00a0 sentado \u00a0 mi \u00a0criterio. \u00a0\u00a0<\/p>\n<p>Se\u00f1ores Magistrados, \u00a0<\/p>\n<p>SIGIFREDO \u00a0 ESPINOSA \u00a0P\u00c9REZ \u00a0\u00a0<\/p>\n<p>Magistrado \u00a0<\/p>\n<p>Fecha \u00a0 \u00a0ut \u00a0supra \u00a0\u00a0<\/p>\n<p>\u00a0 \u00a0\u00a0<\/p>\n<p>1 Corte \u00a0Constitucional, sentencia C-740\/00, M.P. Eduardo Cifuentes Mu\u00f1oz. \u00a0\u00a0<\/p>\n<p>2 \u00a0Sentencia C-1106\/00, M.P. Alfredo Beltr\u00e1n Sierra. \u00a0\u00a0<\/p>\n<p>3 Cfr. \u00a0Corte \u00a0 Constitucional, \u00a0 Sentencia \u00a0 C-621\/01, \u00a0 M.P. \u00a0 Manuel \u00a0 Jos\u00e9 \u00a0 Cepeda \u00a0Espinosa. \u00a0 \u00a0\u00a0<\/p>\n<p><\/p>\n","protected":false},"excerpt":{"rendered":"<p>\u00a0 \u00a0 Proceso No 22843 \u00a0\u00a0 CORTE SUPREMA DE JUSTICIA \u00a0 SALA DE CASACION PENAL \u00a0 Magistrado Ponente \u00a0 \u00a0\u00a0\u00a0\u00a0\u00a0\u00a0\u00a0\u00a0\u00a0\u00a0\u00a0\u00a0\u00a0\u00a0\u00a0\u00a0\u00a0\u00a0\u00a0\u00a0\u00a0\u00a0 \u00a0Dr. EDGAR LOMBANA TRUJILLO \u00a0\u00a0 \u00a0\u00a0\u00a0\u00a0\u00a0\u00a0\u00a0\u00a0\u00a0\u00a0\u00a0\u00a0\u00a0\u00a0\u00a0\u00a0\u00a0\u00a0\u00a0\u00a0\u00a0\u00a0\u00a0\u00a0\u00a0\u00a0\u00a0\u00a0\u00a0\u00a0\u00a0\u00a0\u00a0\u00a0\u00a0\u00a0\u00a0\u00a0\u00a0 \u00a0Aprobado Acta No.059 \u00a0\u00a0 Bogot\u00e1 \u00a0D. C., tres (3) de agosto de dos mil \u00a0cinco (2005). \u00a0\u00a0 VISTOS: \u00a0 Cumplido el tr\u00e1mite previsto en el art\u00edculo \u00a0518 \u00a0del C\u00f3digo [&hellip;]<\/p>\n","protected":false},"author":1,"featured_media":0,"comment_status":"open","ping_status":"open","sticky":false,"template":"","format":"standard","meta":{"footnotes":""},"categories":[13],"tags":[],"class_list":["post-9803","post","type-post","status-publish","format-standard","hentry","category-13"],"_links":{"self":[{"href":"https:\/\/dmsjuridica.com\/buscador_20179478954\/salapenalcronologico20230723\/wp-json\/wp\/v2\/posts\/9803","targetHints":{"allow":["GET"]}}],"collection":[{"href":"https:\/\/dmsjuridica.com\/buscador_20179478954\/salapenalcronologico20230723\/wp-json\/wp\/v2\/posts"}],"about":[{"href":"https:\/\/dmsjuridica.com\/buscador_20179478954\/salapenalcronologico20230723\/wp-json\/wp\/v2\/types\/post"}],"author":[{"embeddable":true,"href":"https:\/\/dmsjuridica.com\/buscador_20179478954\/salapenalcronologico20230723\/wp-json\/wp\/v2\/users\/1"}],"replies":[{"embeddable":true,"href":"https:\/\/dmsjuridica.com\/buscador_20179478954\/salapenalcronologico20230723\/wp-json\/wp\/v2\/comments?post=9803"}],"version-history":[{"count":0,"href":"https:\/\/dmsjuridica.com\/buscador_20179478954\/salapenalcronologico20230723\/wp-json\/wp\/v2\/posts\/9803\/revisions"}],"wp:attachment":[{"href":"https:\/\/dmsjuridica.com\/buscador_20179478954\/salapenalcronologico20230723\/wp-json\/wp\/v2\/media?parent=9803"}],"wp:term":[{"taxonomy":"category","embeddable":true,"href":"https:\/\/dmsjuridica.com\/buscador_20179478954\/salapenalcronologico20230723\/wp-json\/wp\/v2\/categories?post=9803"},{"taxonomy":"post_tag","embeddable":true,"href":"https:\/\/dmsjuridica.com\/buscador_20179478954\/salapenalcronologico20230723\/wp-json\/wp\/v2\/tags?post=9803"}],"curies":[{"name":"wp","href":"https:\/\/api.w.org\/{rel}","templated":true}]}}