{"id":9255,"date":"2023-09-08T18:25:21","date_gmt":"2023-09-08T18:25:21","guid":{"rendered":"https:\/\/dmsjuridica.com\/buscador_20179478954\/salapenalcronologico20230723\/2023\/09\/08\/1448430-03-05\/"},"modified":"2023-09-08T18:25:21","modified_gmt":"2023-09-08T18:25:21","slug":"1448430-03-05","status":"publish","type":"post","link":"https:\/\/dmsjuridica.com\/buscador_20179478954\/salapenalcronologico20230723\/2023\/09\/08\/1448430-03-05\/","title":{"rendered":"14484(30-03-05)"},"content":{"rendered":"\n<p>\u00a0 \u00a0 Proceso No 14484 \u00a0<\/p>\n<p>CORTE SUPREMA DE JUSTICIA \u00a0<\/p>\n<p>SALA DE CASACI\u00d3N PENAL \u00a0<\/p>\n<p>Magistrado Ponente: \u00a0<\/p>\n<p>Dr. EDGAR LOMBANA TRUJILLO \u00a0<\/p>\n<p>Aprobado Acta No.019 \u00a0<\/p>\n<p>Bogot\u00e1, \u00a0D.C., \u00a0treinta (30) de marzo de dos \u00a0mil cinco (2005). \u00a0\u00a0<\/p>\n<p>VISTOS: \u00a0<\/p>\n<p>Deber\u00eda la Sala pronunciarse sobre el recurso \u00a0de \u00a0casaci\u00f3n \u00a0interpuesto \u00a0contra la sentencia dictada en segunda instancia por \u00a0el \u00a0Tribunal \u00a0Superior de Antioquia en contra de RA\u00daL ANTONIO YAGARI GUAZARABE, \u00a0de \u00a0no \u00a0ser \u00a0porque \u00a0se \u00a0ha \u00a0verificado \u00a0una \u00a0causal de extinci\u00f3n de la acci\u00f3n \u00a0penal. \u00a0\u00a0<\/p>\n<p>ANTECEDENTES Y CONSIDERACIONES: \u00a0<\/p>\n<p>1. El 19 de marzo de 1997, el Juzgado Segundo \u00a0Penal \u00a0del \u00a0Circuito \u00a0de \u00a0Andes \u00a0(Ant.), \u00a0profiri\u00f3 \u00a0sentencia \u00a0de primer grado, \u00a0condenando \u00a0a RA\u00daL ANTONIO YAGARI GUAZARABE, a la pena principal de 41 a\u00f1os de \u00a0prisi\u00f3n, \u00a0como \u00a0responsable del delito de homicidio agravado; decisi\u00f3n que fue \u00a0apelada \u00a0por la defensa y confirmada por el Tribunal Superior de Antioquia el 16 \u00a0de diciembre del mismo a\u00f1o. \u00a0\u00a0<\/p>\n<p>2. \u00a0Contra \u00a0el \u00a0fallo \u00a0de \u00a0segundo \u00a0grado, el \u00a0apoderado \u00a0del \u00a0sindicado interpuso recurso extraordinario de casaci\u00f3n, el cual \u00a0fue \u00a0concedido, \u00a0y una vez declarada ajustada a los requisitos de ley la demanda \u00a0sustentatoria, \u00a0se \u00a0corri\u00f3 \u00a0traslado \u00a0al \u00a0Procurador \u00a0Delegado, \u00a0quien \u00a0emiti\u00f3 \u00a0concepto el 9 de noviembre de 2000. \u00a0\u00a0<\/p>\n<p>3. \u00a0Con \u00a0oficio \u00a0No. 0070 del 25 de enero del \u00a0a\u00f1o \u00a0en \u00a0curso, \u00a0el Juzgado Segundo Penal del Circuito de Andes, remiti\u00f3 copia \u00a0del \u00a0registro \u00a0civil \u00a0de defunci\u00f3n expedido por la Registradur\u00eda Municipal del \u00a0Estado \u00a0Civil \u00a0de Jard\u00edn (Ant.), seg\u00fan el cual RA\u00daL ANTONIO YAGARI GUAZARABE, \u00a0identificado \u00a0con \u00a0la \u00a0c\u00e9dula \u00a0de ciudadan\u00eda No. 15.520.177 falleci\u00f3 el 23 de \u00a0enero de 2000. \u00a0\u00a0<\/p>\n<p>4. Ahora bien, de conformidad con lo dispuesto \u00a0en \u00a0los \u00a0art\u00edculos \u00a082 \u00a0de \u00a0la \u00a0Ley \u00a0599 de 2000 y 38 de la Ley 600 de 2000, la \u00a0acci\u00f3n \u00a0 penal \u00a0 se \u00a0 extingue, \u00a0 entre \u00a0 otros \u00a0motivos, \u00a0por \u00a0la \u00a0muerte \u00a0del \u00a0procesado. \u00a0\u00a0<\/p>\n<p>Esa, \u00a0es \u00a0una \u00a0causal \u00a0objetiva \u00a0que \u00a0impide \u00a0proseguir \u00a0la \u00a0acci\u00f3n \u00a0penal, \u00a0y \u00a0obliga, \u00a0por consiguiente a declararlo as\u00ed y \u00a0cesar todo procedimiento. \u00a0\u00a0<\/p>\n<p>5. En el presente asunto, el registro civil de \u00a0defunci\u00f3n \u00a0expedido por la Registradur\u00eda Municipal de Jard\u00edn (Ant.) demuestra \u00a0con \u00a0claridad \u00a0que la persona cuya muerte ocurri\u00f3 el 23 de enero de 2000, es la \u00a0misma \u00a0que \u00a0rindi\u00f3 indagatoria en este proceso, como se colige de su n\u00famero de \u00a0identificaci\u00f3n. \u00a0\u00a0<\/p>\n<p>8. \u00a0Por \u00a0eso \u00a0mismo, \u00a0la \u00fanica decisi\u00f3n que \u00a0puede adoptar ahora la Sala no es otra que su declaratoria. \u00a0\u00a0<\/p>\n<p>En m\u00e9rito de lo expuesto, la Corte Suprema de \u00a0Justicia, en Sala de Casaci\u00f3n Penal, \u00a0\u00a0<\/p>\n<p>RESUELVE: \u00a0<\/p>\n<p>1. Declarar la extinci\u00f3n de la acci\u00f3n penal, \u00a0por muerte del procesado RA\u00daL ANTONIO YAGARI GUAZARABE. \u00a0\u00a0<\/p>\n<p>2. \u00a0Cesar \u00a0todo \u00a0procedimiento en el presente \u00a0asunto. \u00a0\u00a0<\/p>\n<p>3. \u00a0Contra \u00a0esta decisi\u00f3n procede recurso de \u00a0reposici\u00f3n. \u00a0\u00a0<\/p>\n<p>C\u00f3piese, notif\u00edquese y c\u00famplase. \u00a0<\/p>\n<p>MARINA PULIDO DE BAR\u00d3N \u00a0<\/p>\n<p>SIGIFREDO \u00a0 \u00a0 \u00a0 \u00a0 \u00a0ESPINOSA \u00a0P\u00c9REZ\u00a0\u00a0\u00a0\u00a0\u00a0\u00a0\u00a0\u00a0\u00a0\u00a0\u00a0\u00a0\u00a0\u00a0\u00a0\u00a0\u00a0\u00a0\u00a0\u00a0\u00a0\u00a0\u00a0\u00a0\u00a0\u00a0\u00a0\u00a0\u00a0 \u00a0HERMAN GAL\u00c1N CASTELLANOS \u00a0\u00a0<\/p>\n<p>ALFREDO \u00a0 \u00a0 \u00a0 \u00a0 \u00a0 \u00a0G\u00d3MEZ \u00a0QUINTERO\u00a0\u00a0\u00a0\u00a0\u00a0\u00a0\u00a0\u00a0\u00a0\u00a0\u00a0\u00a0\u00a0\u00a0\u00a0\u00a0\u00a0\u00a0\u00a0\u00a0\u00a0\u00a0\u00a0\u00a0\u00a0\u00a0\u00a0\u00a0\u00a0\u00a0\u00a0\u00a0\u00a0\u00a0\u00a0\u00a0\u00a0 \u00a0EDGAR LOMBANA \u00a0TRUJILLO\u00a0\u00a0\u00a0\u00a0\u00a0\u00a0\u00a0\u00a0\u00a0\u00a0\u00a0\u00a0\u00a0\u00a0\u00a0\u00a0\u00a0\u00a0\u00a0\u00a0\u00a0\u00a0\u00a0\u00a0\u00a0\u00a0\u00a0 \u00a0\u00a0<\/p>\n<p>\u00c1LVARO \u00a0 \u00a0 \u00a0 ORLANDO \u00a0 \u00a0 \u00a0 P\u00c9REZ \u00a0PINZ\u00d3N\u00a0\u00a0\u00a0\u00a0\u00a0\u00a0\u00a0\u00a0\u00a0\u00a0\u00a0\u00a0\u00a0\u00a0\u00a0\u00a0\u00a0\u00a0 \u00a0JORGE \u00a0 \u00a0 \u00a0 \u00a0 \u00a0 \u00a0 \u00a0 \u00a0 \u00a0 \u00a0 \u00a0 \u00a0 \u00a0 \u00a0 \u00a0 \u00a0LUIS \u00a0 \u00a0 \u00a0 \u00a0 \u00a0 \u00a0 \u00a0 \u00a0 \u00a0 \u00a0 \u00a0 \u00a0 \u00a0 \u00a0 \u00a0 QUINTERO \u00a0MILAN\u00c9S\u00a0\u00a0\u00a0\u00a0\u00a0\u00a0\u00a0\u00a0\u00a0\u00a0\u00a0\u00a0\u00a0\u00a0\u00a0\u00a0\u00a0\u00a0\u00a0 \u00a0\u00a0<\/p>\n<p>YESID \u00a0 \u00a0 \u00a0 \u00a0 \u00a0 \u00a0RAM\u00cdREZ \u00a0BASTIDAS\u00a0\u00a0\u00a0\u00a0\u00a0\u00a0\u00a0\u00a0\u00a0\u00a0\u00a0\u00a0\u00a0\u00a0\u00a0\u00a0\u00a0\u00a0\u00a0\u00a0\u00a0\u00a0\u00a0\u00a0\u00a0\u00a0\u00a0\u00a0\u00a0\u00a0\u00a0\u00a0\u00a0\u00a0\u00a0\u00a0\u00a0\u00a0\u00a0\u00a0\u00a0 \u00a0MAURO SOLARTE PORTILLA \u00a0\u00a0<\/p>\n<p>Teresa Ruiz N\u00fa\u00f1ez \u00a0<\/p>\n<p>Secretaria \u00a0<\/p>\n<p>\u00a0 \u00a0\u00a0<\/p>\n<p><\/p>\n","protected":false},"excerpt":{"rendered":"<p>\u00a0 \u00a0 Proceso No 14484 \u00a0 CORTE SUPREMA DE JUSTICIA \u00a0 SALA DE CASACI\u00d3N PENAL \u00a0 Magistrado Ponente: \u00a0 Dr. EDGAR LOMBANA TRUJILLO \u00a0 Aprobado Acta No.019 \u00a0 Bogot\u00e1, \u00a0D.C., \u00a0treinta (30) de marzo de dos \u00a0mil cinco (2005). \u00a0\u00a0 VISTOS: \u00a0 Deber\u00eda la Sala pronunciarse sobre el recurso \u00a0de \u00a0casaci\u00f3n \u00a0interpuesto \u00a0contra la sentencia [&hellip;]<\/p>\n","protected":false},"author":1,"featured_media":0,"comment_status":"open","ping_status":"open","sticky":false,"template":"","format":"standard","meta":{"footnotes":""},"categories":[13],"tags":[],"class_list":["post-9255","post","type-post","status-publish","format-standard","hentry","category-13"],"_links":{"self":[{"href":"https:\/\/dmsjuridica.com\/buscador_20179478954\/salapenalcronologico20230723\/wp-json\/wp\/v2\/posts\/9255","targetHints":{"allow":["GET"]}}],"collection":[{"href":"https:\/\/dmsjuridica.com\/buscador_20179478954\/salapenalcronologico20230723\/wp-json\/wp\/v2\/posts"}],"about":[{"href":"https:\/\/dmsjuridica.com\/buscador_20179478954\/salapenalcronologico20230723\/wp-json\/wp\/v2\/types\/post"}],"author":[{"embeddable":true,"href":"https:\/\/dmsjuridica.com\/buscador_20179478954\/salapenalcronologico20230723\/wp-json\/wp\/v2\/users\/1"}],"replies":[{"embeddable":true,"href":"https:\/\/dmsjuridica.com\/buscador_20179478954\/salapenalcronologico20230723\/wp-json\/wp\/v2\/comments?post=9255"}],"version-history":[{"count":0,"href":"https:\/\/dmsjuridica.com\/buscador_20179478954\/salapenalcronologico20230723\/wp-json\/wp\/v2\/posts\/9255\/revisions"}],"wp:attachment":[{"href":"https:\/\/dmsjuridica.com\/buscador_20179478954\/salapenalcronologico20230723\/wp-json\/wp\/v2\/media?parent=9255"}],"wp:term":[{"taxonomy":"category","embeddable":true,"href":"https:\/\/dmsjuridica.com\/buscador_20179478954\/salapenalcronologico20230723\/wp-json\/wp\/v2\/categories?post=9255"},{"taxonomy":"post_tag","embeddable":true,"href":"https:\/\/dmsjuridica.com\/buscador_20179478954\/salapenalcronologico20230723\/wp-json\/wp\/v2\/tags?post=9255"}],"curies":[{"name":"wp","href":"https:\/\/api.w.org\/{rel}","templated":true}]}}