{"id":91053,"date":"2026-03-09T19:44:57","date_gmt":"2026-03-09T19:44:57","guid":{"rendered":"https:\/\/dmsjuridica.com\/buscador_20179478954\/salapenalcronologico20230723\/2026\/03\/09\/ap352-202665894\/"},"modified":"2026-03-09T19:44:57","modified_gmt":"2026-03-09T19:44:57","slug":"ap352-202665894","status":"publish","type":"post","link":"https:\/\/dmsjuridica.com\/buscador_20179478954\/salapenalcronologico20230723\/2026\/03\/09\/ap352-202665894\/","title":{"rendered":"AP352-2026(65894)"},"content":{"rendered":"\n<p>\u00a0 \u00a0 \u00a0 \u00a0\u00a0<\/p>\n<p>JORGE HERN\u00c1N \u00a0D\u00cdAZ SOTO \u00a0<\/p>\n<p>Magistrado \u00a0ponente \u00a0<\/p>\n<p>\u00a0\u00a0<\/p>\n<p>AP352-2026 \u00a0<\/p>\n<p>Radicaci\u00f3n \u00a0n.\u00ba 65894 \u00a0<\/p>\n<p>(Acta n.\u00ba \u00a0016) \u00a0<\/p>\n<p>\u00a0\u00a0<\/p>\n<p>Bogot\u00e1, \u00a0D.C., veintiocho (28) de enero de dos mil veintis\u00e9is (2026) \u00a0<\/p>\n<p>\u00a0\u00a0<\/p>\n<p>I. VISTOS \u00a0<\/p>\n<p>\u00a0\u00a0<\/p>\n<p>Ser\u00eda del \u00a0caso pronunciarse sobre la demanda de casaci\u00f3n presentada por \u00a0la defensa de Diego \u00a0Andr\u00e9s Garc\u00eda Cort\u00e9s, \u00a0de no ser porque se ha tenido conocimiento de su deceso. \u00a0<\/p>\n<p>\u00a0\u00a0<\/p>\n<p>II. HECHOS \u00a0<\/p>\n<p>\u00a0\u00a0<\/p>\n<p>El 19 de agosto de \u00a02014, Diego \u00a0Andr\u00e9s Garc\u00eda Cort\u00e9s \u00a0formul\u00f3 denuncia en contra de Juan David Su\u00e1rez \u00a0Pinilla, \u00d3scar Roberto Pinz\u00f3n Moreno y Eduardo Gonz\u00e1lez \u00a0Castro por el supuesto delito de extorsi\u00f3n. Afirm\u00f3 que \u00a0las referidas personas le exigieron sumas de dinero. \u00a0<\/p>\n<p>\u00a0\u00a0<\/p>\n<p>Seg\u00fan la \u00a0Fiscal\u00eda, los hechos denunciados por Garc\u00eda \u00a0Cort\u00e9s \u00a0son falsos. \u00a0<\/p>\n<p>\u00a0\u00a0<\/p>\n<p>II. \u00a0ANTECEDENTES \u00a0<\/p>\n<p>\u00a0\u00a0<\/p>\n<p>1. \u00a0El 3 de mayo de 2019, ante el Juzgado 12 Penal Municipal con Funci\u00f3n \u00a0de Control de Garant\u00edas, se llev\u00f3 a cabo la audiencia \u00a0de formulaci\u00f3n de imputaci\u00f3n contra Diego \u00a0Andr\u00e9s Garc\u00eda Cort\u00e9s. Se \u00a0le atribuy\u00f3 la calidad de autor del delito de falsa denuncia \u00a0contra persona determinada (art. 436 del C\u00f3digo Penal). \u00a0<\/p>\n<p>\u00a0\u00a0<\/p>\n<p>2. \u00a0El 16 de mayo siguiente la fiscal\u00eda radic\u00f3 el escrito \u00a0de acusaci\u00f3n, cuyo conocimiento correspondi\u00f3 al Juzgado \u00a020 Penal del Circuito de Bogot\u00e1. La respectiva audiencia se \u00a0efectu\u00f3 el 20 de septiembre de 2019, sin modificaci\u00f3n \u00a0en el cargo imputado. \u00a0<\/p>\n<p>\u00a0\u00a0<\/p>\n<p>3. \u00a0La audiencia preparatoria tuvo lugar el 15 de enero de 2021, mientras \u00a0que el juicio oral se realiz\u00f3 en sesiones desde el 20 de \u00a0octubre de 2021 hasta el 19 de julio de 2023. \u00a0<\/p>\n<p>4. \u00a0El 8 \u00a0de agosto de 2023, \u00a0el Juzgado de conocimiento conden\u00f3 a Garc\u00eda \u00a0Cort\u00e9s \u00a0como autor del delito de falsa \u00a0denuncia contra persona determinada. \u00a0<\/p>\n<p>\u00a0\u00a0<\/p>\n<p>4.1. \u00a0En consecuencia, le impuso la pena principal de 70 meses de prisi\u00f3n \u00a0y la multa de 5 salarios m\u00ednimos legales mensuales vigentes, \u00a0m\u00e1s la accesoria de inhabilitaci\u00f3n para el ejercicio de \u00a0derechos y funciones p\u00fablicas por el mismo lapso de la \u00a0privativa de la libertad. No le concedi\u00f3 beneficio alguno. \u00a0<\/p>\n<p>\u00a0\u00a0<\/p>\n<p>5. \u00a0La Sala Penal del Tribunal Superior de Bogot\u00e1, al resolver el \u00a0recurso de apelaci\u00f3n que interpuso la defensa del procesado \u00a0contra la sentencia de primer grado, la confirm\u00f3 en su \u00a0integridad mediante fallo de 30 de noviembre de 2023. \u00a0<\/p>\n<p>\u00a0\u00a0<\/p>\n<p>6. \u00a0La defensa de \u00a0Diego \u00a0Andr\u00e9s Garc\u00eda Cort\u00e9s \u00a0interpuso el recurso extraordinario de casaci\u00f3n contra la \u00a0anterior decisi\u00f3n. \u00a0<\/p>\n<p>\u00a0\u00a0<\/p>\n<p>7. Estando la \u00a0demanda en turno para calificar, por medio de la plataforma de la \u00a0Registradur\u00eda Nacional del Estado Civil se tuvo conocimiento \u00a0de que el procesado hab\u00eda fallecido. \u00a0<\/p>\n<p>\u00a0\u00a0<\/p>\n<p>8. El 5 de \u00a0diciembre de 2025 se solicit\u00f3 ante la Registradur\u00eda \u00a0Nacional del Estado Civil el certificado de defunci\u00f3n de Diego \u00a0Andr\u00e9s Garc\u00eda Cort\u00e9s, \u00a0identificado con c\u00e9dula de ciudadan\u00eda N.\u00ba \u00a080.089.967. \u00a0<\/p>\n<p>\u00a0\u00a0<\/p>\n<p>9. El 9 de \u00a0diciembre siguiente, la misma entidad alleg\u00f3 el respectivo \u00a0certificado de defunci\u00f3n. Con este, se certific\u00f3 que la \u00a0c\u00e9dula de ciudadan\u00eda N.\u00ba 80.089.967, \u00a0correspondiente a Diego \u00a0Andr\u00e9s Garc\u00eda Cort\u00e9s, \u00a0se encuentra cancelada por muerte, con referencia N.\u00ba 11121455. \u00a0<\/p>\n<p>\u00a0\u00a0<\/p>\n<p>III. \u00a0CONSIDERACIONES DE LA CORTE \u00a0<\/p>\n<p>\u00a0\u00a0<\/p>\n<p>10. El numeral 1 \u00a0del art\u00edculo 82 del C\u00f3digo Penal, as\u00ed como el \u00a0art\u00edculo 77 de la Ley 906 de 2004, disponen que la muerte del \u00a0procesado es una de las causales de extinci\u00f3n de la acci\u00f3n \u00a0penal. Dicha situaci\u00f3n acarrea la \u00abimposibilidad de \u00a0iniciar o continuar el ejercicio de la acci\u00f3n penal\u00bb, en \u00a0los t\u00e9rminos del art\u00edculo 332 numeral 1 de la Ley 906 \u00a0de 2004. \u00a0<\/p>\n<p>\u00a0\u00a0<\/p>\n<p>11. En el presente \u00a0asunto se verific\u00f3 que a Diego \u00a0Andr\u00e9s Garc\u00eda Cort\u00e9s, \u00a0quien en vida se identificaba con c\u00e9dula de ciudadan\u00eda \u00a0N.\u00ba 80.089.967, le fue cancelada por muerte. As\u00ed lo \u00a0certific\u00f3 la Registradur\u00eda Nacional del Estado Civil \u00a0con documento del 8 de julio de 2024 y allegado a esta Corporaci\u00f3n \u00a0el 9 de diciembre de 2025. \u00a0<\/p>\n<p>\u00a0\u00a0<\/p>\n<p>12. En este \u00a0contexto, carece de objeto el estudio del recurso de casaci\u00f3n \u00a0presentado por la defensa del procesado, ante la imposibilidad de \u00a0continuar con el ejercicio de la acci\u00f3n penal. \u00a0<\/p>\n<p>\u00a0\u00a0<\/p>\n<p>13. Por lo \u00a0anterior, ante la presencia de una causal objetiva de extinci\u00f3n \u00a0de la acci\u00f3n penal, se declara la preclusi\u00f3n de la \u00a0acci\u00f3n penal seguida en contra de Diego \u00a0Andr\u00e9s Garc\u00eda Cort\u00e9s. \u00a0<\/p>\n<p>\u00a0\u00a0<\/p>\n<p>En m\u00e9rito \u00a0de lo expuesto, la Sala \u00a0de Casaci\u00f3n Penal de la Corte Suprema de Justicia, \u00a0<\/p>\n<p>\u00a0\u00a0<\/p>\n<p>RESUELVE: \u00a0<\/p>\n<p>\u00a0\u00a0<\/p>\n<p>PRIMERO. \u00a0DECLARAR \u00a0la extinci\u00f3n de la acci\u00f3n penal por muerte del \u00a0procesado Diego \u00a0Andr\u00e9s Garc\u00eda Cort\u00e9s. \u00a0<\/p>\n<p>\u00a0\u00a0<\/p>\n<p>SEGUNDO. En \u00a0consecuencia, PRECLUIR \u00a0la actuaci\u00f3n seguida en su contra por el delito falsa denuncia \u00a0contra persona determinada. \u00a0<\/p>\n<p>\u00a0\u00a0<\/p>\n<p>TERCERO. \u00a0DISPONER que \u00a0por medio del juzgado de primera instancia se realicen las \u00a0anotaciones y cancelaciones que sean del caso. \u00a0<\/p>\n<p>\u00a0\u00a0<\/p>\n<p>\u00a0\u00a0<\/p>\n<p>CUARTO. Contra \u00a0la presente decisi\u00f3n procede el recurso de reposici\u00f3n. \u00a0<\/p>\n<p>\u00a0\u00a0<\/p>\n<p>\u00a0\u00a0<\/p>\n<p>\u00a0\u00a0<\/p>\n<p>NOTIF\u00cdQUESE \u00a0Y C\u00daMPLASE \u00a0<\/p>\n<p>\u00a0\u00a0<\/p>\n<p>CARLOS \u00a0ROBERTO SOL\u00d3RZANO GARAVITO \u00a0<\/p>\n<p>Presidente \u00a0<\/p>\n<p>\u00a0\u00a0<\/p>\n<p>MYRIAM \u00a0\u00c1VILA ROLD\u00c1N \u00a0<\/p>\n<p>\u00a0\u00a0<\/p>\n<p>GERARDO \u00a0BARBOSA CASTILLO \u00a0<\/p>\n<p>\u00a0\u00a0<\/p>\n<p>\u00a0\u00a0<\/p>\n<p>FERNANDO \u00a0LE\u00d3N BOLA\u00d1OS PALACIOS \u00a0<\/p>\n<p>\u00a0\u00a0<\/p>\n<p>GERSON \u00a0CHAVERRA CASTRO \u00a0<\/p>\n<p>\u00a0\u00a0<\/p>\n<p>\u00a0\u00a0<\/p>\n<p>JORGE \u00a0HERN\u00c1N D\u00cdAZ SOTO \u00a0<\/p>\n<p>\u00a0\u00a0<\/p>\n<p>HUGO \u00a0QUINTERO BERNATE \u00a0<\/p>\n<p>\u00a0\u00a0<\/p>\n<p>JOS\u00c9 \u00a0JOAQU\u00cdN URBANO MART\u00cdNEZ \u00a0<\/p>\n<p>\u00a0\u00a0<\/p>\n<p>NUBIA \u00a0YOLANDA NOVA GARC\u00cdA \u00a0<\/p>\n<p>Secretaria \u00a0<\/p>\n<p>\u00a0\u00a0<\/p>\n<p>\u00a0 \u00a0 \u00a0\u00a0<\/p>\n<p>This version of Total Doc Converter is unregistered.<\/p>\n","protected":false},"excerpt":{"rendered":"<p>\u00a0 \u00a0 \u00a0 \u00a0\u00a0 JORGE HERN\u00c1N \u00a0D\u00cdAZ SOTO \u00a0 Magistrado \u00a0ponente \u00a0 \u00a0\u00a0 AP352-2026 \u00a0 Radicaci\u00f3n \u00a0n.\u00ba 65894 \u00a0 (Acta n.\u00ba \u00a0016) \u00a0 \u00a0\u00a0 Bogot\u00e1, \u00a0D.C., veintiocho (28) de enero de dos mil veintis\u00e9is (2026) \u00a0 \u00a0\u00a0 I. VISTOS \u00a0 \u00a0\u00a0 Ser\u00eda del \u00a0caso pronunciarse sobre la demanda de casaci\u00f3n presentada por \u00a0la defensa de [&hellip;]<\/p>\n","protected":false},"author":1,"featured_media":0,"comment_status":"open","ping_status":"open","sticky":false,"template":"","format":"standard","meta":{"footnotes":""},"categories":[108],"tags":[],"class_list":["post-91053","post","type-post","status-publish","format-standard","hentry","category-enero-2026"],"_links":{"self":[{"href":"https:\/\/dmsjuridica.com\/buscador_20179478954\/salapenalcronologico20230723\/wp-json\/wp\/v2\/posts\/91053","targetHints":{"allow":["GET"]}}],"collection":[{"href":"https:\/\/dmsjuridica.com\/buscador_20179478954\/salapenalcronologico20230723\/wp-json\/wp\/v2\/posts"}],"about":[{"href":"https:\/\/dmsjuridica.com\/buscador_20179478954\/salapenalcronologico20230723\/wp-json\/wp\/v2\/types\/post"}],"author":[{"embeddable":true,"href":"https:\/\/dmsjuridica.com\/buscador_20179478954\/salapenalcronologico20230723\/wp-json\/wp\/v2\/users\/1"}],"replies":[{"embeddable":true,"href":"https:\/\/dmsjuridica.com\/buscador_20179478954\/salapenalcronologico20230723\/wp-json\/wp\/v2\/comments?post=91053"}],"version-history":[{"count":0,"href":"https:\/\/dmsjuridica.com\/buscador_20179478954\/salapenalcronologico20230723\/wp-json\/wp\/v2\/posts\/91053\/revisions"}],"wp:attachment":[{"href":"https:\/\/dmsjuridica.com\/buscador_20179478954\/salapenalcronologico20230723\/wp-json\/wp\/v2\/media?parent=91053"}],"wp:term":[{"taxonomy":"category","embeddable":true,"href":"https:\/\/dmsjuridica.com\/buscador_20179478954\/salapenalcronologico20230723\/wp-json\/wp\/v2\/categories?post=91053"},{"taxonomy":"post_tag","embeddable":true,"href":"https:\/\/dmsjuridica.com\/buscador_20179478954\/salapenalcronologico20230723\/wp-json\/wp\/v2\/tags?post=91053"}],"curies":[{"name":"wp","href":"https:\/\/api.w.org\/{rel}","templated":true}]}}