{"id":91012,"date":"2026-03-09T19:44:47","date_gmt":"2026-03-09T19:44:47","guid":{"rendered":"https:\/\/dmsjuridica.com\/buscador_20179478954\/salapenalcronologico20230723\/2026\/03\/09\/ap111-202670725\/"},"modified":"2026-03-09T19:44:47","modified_gmt":"2026-03-09T19:44:47","slug":"ap111-202670725","status":"publish","type":"post","link":"https:\/\/dmsjuridica.com\/buscador_20179478954\/salapenalcronologico20230723\/2026\/03\/09\/ap111-202670725\/","title":{"rendered":"AP111-2026(70725)"},"content":{"rendered":"\n<p>\u00a0 \u00a0 \u00a0 \u00a0\u00a0<\/p>\n<p>DIEGO \u00a0EUGENIO CORREDOR BELTR\u00c1N \u00a0<\/p>\n<p>Magistrado \u00a0ponente \u00a0<\/p>\n<p>AP111-2026 \u00a0<\/p>\n<p>Radicaci\u00f3n \u00a0N\u00b0 70725 \u00a0<\/p>\n<p>Acta \u00a007. \u00a0<\/p>\n<p>\u00a0\u00a0<\/p>\n<p>Bogot\u00e1, \u00a0D.C., veintiuno (21) de enero de dos mil veintis\u00e9is (2026). \u00a0<\/p>\n<p>\u00a0\u00a0<\/p>\n<p>VISTOS \u00a0<\/p>\n<p>\u00a0\u00a0<\/p>\n<p>La \u00a0Corte se pronuncia \u00a0sobre la viabilidad de continuar con el tr\u00e1mite de extradici\u00f3n \u00a0del ciudadano colombiano PEDRO \u00a0ARCENIO OSORIO D\u00cdAZ, \u00a0requerido por \u00a0el Gobierno \u00a0de la Rep\u00fablica Argentina. \u00a0<\/p>\n<p>\u00a0\u00a0<\/p>\n<p>ANTECEDENTES \u00a0<\/p>\n<p>\u00a0\u00a0<\/p>\n<p>Mediante \u00a0Nota Verbal MRC 140\/25 de 24 de julio de 20251, \u00a0la Embajada de la Rep\u00fablica Argentina \u00a0solicit\u00f3, con fines de extradici\u00f3n, \u00a0la detenci\u00f3n preventiva de \u00a0PEDRO \u00a0ARCENIO OSORIO D\u00cdAZ, \u00a0identificado \u00a0con c\u00e9dula de ciudadan\u00eda No. 1.023.912.257. \u00a0<\/p>\n<p>\u00a0\u00a0<\/p>\n<p>El \u00a0mencionado es requerido \u00a0por el Juzgado Nacional en lo Criminal y Correccional No. 8, \u00a0Secretar\u00eda No. 125 de Buenos Aires, al interior de la causa \u00a0penal No. 14.380\/2025, por la presunta comisi\u00f3n de los delitos \u00a0de \u201churto \u00a0simple en grado de tentativa (\u2026) en concurso real con hurto \u00a0simple\u201d. \u00a0<\/p>\n<p>\u00a0\u00a0<\/p>\n<p>El \u00a0marco temporal y f\u00e1ctico que cimienta el pedido de extradici\u00f3n \u00a0se circunscribe \u00a0al 20 de marzo de 2025, fecha en la que, al parecer, en \u00a0el interior de un colectivo de transporte p\u00fablico que se \u00a0desplazaba por la intersecci\u00f3n de la avenida C\u00f3rdoba y \u00a0Viamonte de la ciudad de Buenos Aires, el \u00a0requerido i) \u00a0\u201cintent[\u00f3] \u00a0apoderarse ileg\u00edtimamente de una billetera de color bord\u00f3 \u00a0marca PRUNE propiedad de Elena del Carmen Baz\u00e1n\u201d \u00a0y ii) \u00a0se \u201capoder[\u00f3] \u00a0ileg\u00edtimamente de un tel\u00e9fono celular marca Iphone \u00a0(sic) \u00a0de color blanco, abonado Nro. 388651980 l de la empresa Personal, \u00a0propiedad de Zahira Florencia Aylen Salda\u00f1a\u201d. \u00a0<\/p>\n<p>\u00a0\u00a0<\/p>\n<p>Por \u00a0medio de la Nota Verbal MRC 171\/25 de 18 de septiembre \u00a0de 20252, \u00a0la \u00a0representaci\u00f3n diplom\u00e1tica del Estado solicitante \u00a0formaliz\u00f3 la solicitud de extradici\u00f3n. Para \u00a0tal efecto, aport\u00f3 \u00a0la documentaci\u00f3n pertinente. \u00a0<\/p>\n<p>\u00a0\u00a0<\/p>\n<p>Tr\u00e1mite \u00a0surtido ante las autoridades colombianas. \u00a0<\/p>\n<p>\u00a0\u00a0<\/p>\n<p>Mediante \u00a0Resoluci\u00f3n de \u00a025 de julio de 20253, \u00a0la \u00a0Fiscal General de la Naci\u00f3n orden\u00f3 \u00a0la captura, con fines de extradici\u00f3n, de \u00a0PEDRO \u00a0ARCENIO OSORIO D\u00cdAZ. \u00a0Fue \u00a0materializada en Tunja el d\u00eda 19 de ese mes y a\u00f1o4. \u00a0<\/p>\n<p>\u00a0\u00a0<\/p>\n<p>Protocolizada \u00a0la solicitud de entrega, con \u00a0oficio S-DIAJI-25-034307 de 18 de septiembre de 20255, \u00a0el Ministerio de Relaciones Exteriores envi\u00f3 \u00a0la documentaci\u00f3n reunida a su hom\u00f3logo de Justicia y \u00a0del Derecho y conceptu\u00f3 \u00a0que, en \u00a0materia de cooperaci\u00f3n judicial mutua, se encuentra vigente \u00a0para las partes la Convenci\u00f3n \u00a0sobre Extradici\u00f3n \u00a0suscrita en Montevideo el 26 de diciembre de 1933. \u00a0<\/p>\n<p>\u00a0\u00a0<\/p>\n<p>Perfeccionado \u00a0el expediente, con oficio MJD-OFI25-0047824-GEX-10100 \u00a0de 3 \u00a0de octubre de 20256, \u00a0el Ministerio de Justicia y del Derecho remiti\u00f3 a esta Corte \u00a0la solicitud de extradici\u00f3n. \u00a0<\/p>\n<p>\u00a0\u00a0<\/p>\n<p>Actuaci\u00f3n \u00a0cumplida en esta Corporaci\u00f3n \u00a0<\/p>\n<p>\u00a0\u00a0<\/p>\n<p>El \u00a0asunto fue asignado al despacho del Magistrado que funge como \u00a0ponente. Con auto de 15 de octubre de 20257, \u00a0fue requerido PEDRO \u00a0ARCENIO OSORIO D\u00cdAZ \u00a0para que nombrara abogado y se dispuso surtir el traslado previsto en \u00a0el art\u00edculo 500 de la Ley 906 de 2004. En atenci\u00f3n a \u00a0que la persona pedida en extradici\u00f3n guard\u00f3 silencio, \u00a0le fue designado un abogado de la Defensor\u00eda del Pueblo8. \u00a0<\/p>\n<p>\u00a0\u00a0<\/p>\n<p>Dentro \u00a0de la oportunidad otorgada9, \u00a0el delegado del Ministerio P\u00fablico10, \u00a0el defensor p\u00fablico11 \u00a0y PEDRO \u00a0ARCENIO OSORIO D\u00cdAZ12 \u00a0realizaron postulaciones probatorias. \u00a0<\/p>\n<p>\u00a0\u00a0<\/p>\n<p>El \u00a0abogado del requerido, entre otras solicitudes, peticion\u00f3 \u00a0oficiar \u00a0a la Direcci\u00f3n de Asuntos Internacionales del Ministerio de \u00a0Justicia a efectos de que adelante los tr\u00e1mites respectivos \u00a0ante la \u00a0Embajada de la Rep\u00fablica Argentina \u00a0para que manifieste si reitera o desiste de la solicitud de \u00a0extradici\u00f3n. \u00a0<\/p>\n<p>\u00a0\u00a0<\/p>\n<p>Lo \u00a0anterior, con fundamento en que ha recibido llamadas de \u201cfuncionarios \u00a0que afirmaron pertenecer al Juzgado donde se tramita el proceso en \u00a0Argentina\u201d, \u00a0as\u00ed como de los familiares del requerido, mediante las cuales \u00a0le informaron que ya se emiti\u00f3 sentencia condenatoria al \u00a0interior de la causa que cimienta el pedido de extradici\u00f3n y, \u00a0en consecuencia, fue ordenada la libertad de aquel. \u00a0<\/p>\n<p>\u00a0\u00a0<\/p>\n<p>Indic\u00f3 \u00a0que lo decidido por el estado for\u00e1neo resulta coherente con la \u00a0\u201cmenor \u00a0entidad\u201d \u00a0de las conductas imputadas, las cuales no ameritan una condena \u00a0superior a los cuatro a\u00f1os, conforme con la documentaci\u00f3n \u00a0aportada a la actuaci\u00f3n. \u00a0<\/p>\n<p>\u00a0\u00a0<\/p>\n<p>Agotado \u00a0el per\u00edodo probatorio y mediante escrito separado13, \u00a0PEDRO \u00a0ARCENIO OSORIO D\u00cdAZ14 \u00a0peticion\u00f3 su libertad, con fundamento en que ya \u00a0cumpli\u00f3 la condena impuesta por las autoridades for\u00e1neas. \u00a0Alleg\u00f3 \u00a0los siguientes anexos: \u00a0<\/p>\n<p>\u00a0 \u00a0\u00a0 \u00a0 \u00a0 \u00a0 \u00a0<\/p>\n<p>i. Resoluci\u00f3n \u00a0 \u00a0 \u00a0 \u00a0 \u00a0de 28 \u00a0 \u00a0 \u00a0 \u00a0 \u00a0de noviembre de 2025, mediante \u00a0 \u00a0 \u00a0 \u00a0 \u00a0la cual \u00a0 \u00a0 \u00a0 \u00a0 \u00a0la Fiscal \u00a0 \u00a0 \u00a0 \u00a0 \u00a0General de la Naci\u00f3n dispuso cancelar la orden de captura con \u00a0 \u00a0 \u00a0 \u00a0 \u00a0fines de extradici\u00f3n proferida el 25 de julio de 2025 en su \u00a0 \u00a0 \u00a0 \u00a0 \u00a0contra. \u00a0<\/p>\n<p>\u00a0\u00a0<\/p>\n<p>Decisi\u00f3n \u00a0adoptada con ocasi\u00f3n de la Nota Verbal MRC 230\/25 de 28 de \u00a0noviembre del a\u00f1o en curso, por medio de la cual la Embajada \u00a0de la Rep\u00fablica Argentina retir\u00f3 la solicitud de \u00a0aprehensi\u00f3n respecto de aquel, con fundamento en que la \u00a0respectiva autoridad judicial \u201cmanifest\u00f3 \u00a0que no le asiste inter\u00e9s en la extradici\u00f3n del referido \u00a0ciudadano\u201d. \u00a0<\/p>\n<p>\u00a0 \u00a0\u00a0 \u00a0 \u00a0 \u00a0 \u00a0<\/p>\n<p>ii. Oficio \u00a0 \u00a0 \u00a0 \u00a0 \u00a0No. 20251700132221 de 28 de noviembre de 2025 suscrito por la \u00a0 \u00a0 \u00a0 \u00a0 \u00a0Directora \u00a0 \u00a0 \u00a0 \u00a0 \u00a0de Asuntos Internacionales (E) de la Fiscal\u00eda General de la \u00a0 \u00a0 \u00a0 \u00a0 \u00a0Naci\u00f3n, \u00a0 \u00a0 \u00a0 \u00a0 \u00a0por \u00a0 \u00a0 \u00a0 \u00a0 \u00a0medio del cual \u00a0 \u00a0 \u00a0 \u00a0 \u00a0informa al Director \u00a0 \u00a0 \u00a0 \u00a0 \u00a0General del Instituto Nacional Penitenciario y Carcelario (INPEC) \u00a0 \u00a0 \u00a0 \u00a0 \u00a0acerca de la cancelaci\u00f3n de la orden de captura emitida \u00a0 \u00a0 \u00a0 \u00a0 \u00a0contra el requerido. En consecuencia, peticion\u00f3 el \u00a0 \u00a0 \u00a0 \u00a0 \u00a0adelantamiento de las gestiones correspondientes en aras de disponer \u00a0 \u00a0 \u00a0 \u00a0 \u00a0su libertad inmediata. \u00a0<\/p>\n<p>\u00a0\u00a0<\/p>\n<p>\u00a0\u00a0<\/p>\n<p>Por \u00a0su parte, el 5 de diciembre del a\u00f1o en curso fue remitido el \u00a0oficio \u00a0S-DIAJI-25-041437 de 28 de noviembre de 202516, \u00a0por medio del cual el Ministerio de Relaciones Exteriores envi\u00f3 \u00a0a la Fiscal\u00eda \u00a0General de la Naci\u00f3n la \u00a0Nota \u00a0Verbal MRC 230\/25 de esa fecha17, \u00a0con la que la Embajada de la Rep\u00fablica Argentina comunic\u00f3 \u00a0que la autoridad judicial de ese pa\u00eds perdi\u00f3 el inter\u00e9s \u00a0en la extradici\u00f3n de PEDRO \u00a0ARCENIO OSORIO D\u00cdAZ. \u00a0<\/p>\n<p>\u00a0\u00a0<\/p>\n<p>Esa \u00a0documentaci\u00f3n tambi\u00e9n fue remitida a esta Corte por \u00a0parte de la Directora de Asuntos Internacionales del Ministerio de \u00a0Justicia y del Derecho18. \u00a0<\/p>\n<p>\u00a0\u00a0<\/p>\n<p>CONSIDERACIONES \u00a0<\/p>\n<p>\u00a0\u00a0<\/p>\n<p>La \u00a0Sala recuerda que la extradici\u00f3n constituye un mecanismo de \u00a0cooperaci\u00f3n internacional cuyo fundamento radica en el inter\u00e9s \u00a0manifiesto de un Estado para someter a un proceso penal o hacer \u00a0cumplir condena a una persona que se encuentra fuera de su \u00a0jurisdicci\u00f3n territorial. \u00a0<\/p>\n<p>\u00a0\u00a0<\/p>\n<p>En \u00a0esa medida, si en alg\u00fan momento del tr\u00e1mite de \u00a0extradici\u00f3n el Estado requirente expresa de manera formal su \u00a0decisi\u00f3n de desistirlo o comunica la p\u00e9rdida de inter\u00e9s \u00a0en la entrega del solicitado, ello constituye una circunstancia \u00a0objetiva que conmina a la Corte a dar por terminado el procedimiento \u00a0en lo de su competencia y la releva de la emisi\u00f3n del \u00a0concepto, en tanto \u00a0carece de objeto cualquier tr\u00e1mite tendiente a la entrega19. \u00a0<\/p>\n<p>\u00a0\u00a0<\/p>\n<p>En \u00a0este asunto, mediante \u00a0Nota \u00a0Verbal MRC 230\/25 de 28 de noviembre de 2025, la Embajada de la \u00a0Rep\u00fablica Argentina inform\u00f3: \u00a0<\/p>\n<p>\u00a0\u00a0<\/p>\n<p>La \u00a0Embajada de la Rep\u00fablica Argentina en Colombia presenta sus \u00a0atentos saludos a Ministerio de Relaciones Exteriores &#8211; Direcci\u00f3n \u00a0de Asuntos Jur\u00eddicos Internacionales &#8211; en la n\u00ba \u00a014.380\/2025 caratulada \u201cOSORIO D\u00cdAZ, Pedro Arcenio \u00a0s\/hurto\u201d, en tr\u00e1mite ante el Juzgado Nacional en lo \u00a0Criminal y Correccional n\u00b0 8, Secretar\u00eda n\u00b0 125, \u0443 \u00a0en virtud de la solicitud de audiencia oportunamente solicitada. \u00a0<\/p>\n<p>\u00a0\u00a0<\/p>\n<p>Al \u00a0respecto, se cumple en informar que en raz\u00f3n de la Audiencia \u00a0sostenida el d\u00eda de la fecha, la magistratura argentina \u00a0manifiesta que ya no interesa la extradici\u00f3n del nombrado por \u00a0los motivos esgrimidos en dicha conferencia. \u00a0<\/p>\n<p>\u00a0\u00a0<\/p>\n<p>Con \u00a0ocasi\u00f3n de esa determinaci\u00f3n, mediante Resoluci\u00f3n \u00a0de esa misma fecha, la Fiscal General de la Naci\u00f3n dispuso \u00a0cancelar la orden de captura con fines de extradici\u00f3n \u00a0proferida el 25 de julio de 2025 contra el requerido. \u00a0<\/p>\n<p>\u00a0\u00a0<\/p>\n<p>A \u00a0partir del anterior panorama, se concluye que la \u00a0persona reclamada en extradici\u00f3n ya no ostenta tal condici\u00f3n \u00a0y el fundamento jur\u00eddico que lo relacionaba con el tr\u00e1mite \u00a0decay\u00f3 por voluntad del pa\u00eds requirente. \u00a0<\/p>\n<p>\u00a0\u00a0<\/p>\n<p>De \u00a0manera que se constata que el Gobierno \u00a0de la Rep\u00fablica Argentina \u00a0decidi\u00f3 declinar la solicitud de extradici\u00f3n que \u00a0formul\u00f3 contra el \u00a0ciudadano colombiano PEDRO \u00a0ARCENIO OSORIO D\u00cdAZ. \u00a0<\/p>\n<p>\u00a0\u00a0<\/p>\n<p>Es \u00a0as\u00ed como en este caso se configur\u00f3 una circunstancia \u00a0objetiva que indefectiblemente conlleva la finalizaci\u00f3n del \u00a0procedimiento judicial-administrativo que se surte a instancias de la \u00a0Corporaci\u00f3n. \u00a0<\/p>\n<p>\u00a0\u00a0<\/p>\n<p>Por \u00a0lo tanto, se declarar\u00e1 la terminaci\u00f3n del tr\u00e1mite \u00a0internacional promovido y desistido por el Gobierno \u00a0de la Rep\u00fablica Argentina. \u00a0<\/p>\n<p>\u00a0\u00a0<\/p>\n<p>De \u00a0acuerdo con las consideraciones expuestas anteriormente, la \u00a0Sala \u00a0de Casaci\u00f3n Penal de la Corte Suprema de Justicia, \u00a0<\/p>\n<p>\u00a0\u00a0<\/p>\n<p>RESUELVE \u00a0<\/p>\n<p>\u00a0\u00a0<\/p>\n<p>Primero: \u00a0 \u00a0 \u00a0 \u00a0Aceptar \u00a0el desistimiento \u00a0presentado por el Gobierno \u00a0de la Rep\u00fablica Argentina \u00a0en relaci\u00f3n con la solicitud de extradici\u00f3n formulada \u00a0contra el \u00a0ciudadano colombiano PEDRO \u00a0ARCENIO OSORIO D\u00cdAZ. En \u00a0consecuencia, decretar la terminaci\u00f3n del procedimiento a \u00a0cargo de la Corporaci\u00f3n. \u00a0<\/p>\n<p>\u00a0\u00a0<\/p>\n<p>Segundo: \u00a0 \u00a0 \u00a0 \u00a0A \u00a0trav\u00e9s de la Secretar\u00eda de la Sala se ordena comunicar \u00a0esta determinaci\u00f3n a las partes e intervinientes. \u00a0<\/p>\n<p>\u00a0\u00a0<\/p>\n<p>Tercero: \u00a0Rem\u00edtase el expediente al Ministerio de Justicia y de Derecho \u00a0para lo de su competencia. \u00a0<\/p>\n<p>\u00a0\u00a0<\/p>\n<p>\u00a0\u00a0<\/p>\n<p>\u00a0\u00a0<\/p>\n<p>\u00a0\u00a0<\/p>\n<p>MYRIAM \u00a0\u00c1VILA ROLD\u00c1N \u00a0<\/p>\n<p>Presidenta \u00a0<\/p>\n<p>\u00a0\u00a0<\/p>\n<p>\u00a0\u00a0<\/p>\n<p>GERARDO \u00a0BARBOSA CASTILLO \u00a0<\/p>\n<p>\u00a0\u00a0<\/p>\n<p>\u00a0\u00a0<\/p>\n<p>FERNANDO \u00a0LE\u00d3N BOLA\u00d1OS PALACIOS \u00a0<\/p>\n<p>\u00a0\u00a0<\/p>\n<p>\u00a0\u00a0<\/p>\n<p>GERSON \u00a0CHAVERRA CASTRO \u00a0<\/p>\n<p>\u00a0\u00a0<\/p>\n<p>\u00a0\u00a0<\/p>\n<p>DIEGO \u00a0EUGENIO CORREDOR BELTR\u00c1N \u00a0<\/p>\n<p>\u00a0\u00a0<\/p>\n<p>\u00a0\u00a0<\/p>\n<p>JORGE \u00a0HERN\u00c1N D\u00cdAZ SOTO \u00a0<\/p>\n<p>\u00a0\u00a0<\/p>\n<p>\u00a0\u00a0<\/p>\n<p>HUGO \u00a0QUINTERO BERNATE \u00a0<\/p>\n<p>\u00a0\u00a0<\/p>\n<p>\u00a0\u00a0<\/p>\n<p>CARLOS \u00a0ROBERTO SOL\u00d3RZANO GARAVITO \u00a0<\/p>\n<p>\u00a0\u00a0<\/p>\n<p>\u00a0\u00a0<\/p>\n<p>JOS\u00c9 \u00a0JOAQU\u00cdN URBANO MART\u00cdNEZ \u00a0<\/p>\n<p>\u00a0\u00a0<\/p>\n<p>\u00a0\u00a0<\/p>\n<p>Nubia \u00a0Yolanda Nova Garc\u00eda \u00a0<\/p>\n<p>Secretaria \u00a0<\/p>\n<p>1 \u00a0 \u00a0 \u00a0 \u00a0 \u00a0Archivo \u201c001_0001Indictment.pdf\u201d. \u00a0 \u00a0 \u00a0 \u00a0 \u00a0Folios 6 \u2013 8. \u00a0<\/p>\n<p>2 \u00a0 \u00a0 \u00a0 \u00a0 \u00a0Ibidem. \u00a0 \u00a0 \u00a0 \u00a0 \u00a0Folio 119. \u00a0<\/p>\n<p>3 \u00a0 \u00a0 \u00a0 \u00a0 \u00a0Ibidem. \u00a0 \u00a0 \u00a0 \u00a0 \u00a0Folios 72 \u2013 78. \u00a0<\/p>\n<p>4 \u00a0 \u00a0 \u00a0 \u00a0 \u00a0Ibidem. \u00a0 \u00a0 \u00a0 \u00a0 \u00a0Folios 85 \u2013 86, 107 \u2013 108. \u00a0<\/p>\n<p>5 \u00a0 \u00a0 \u00a0 \u00a0 \u00a0Ibidem. \u00a0 \u00a0 \u00a0 \u00a0 \u00a0Folio 120. \u00a0<\/p>\n<p>6 \u00a0 \u00a0 \u00a0 \u00a0 \u00a0Ibidem. \u00a0 \u00a0 \u00a0 \u00a0 \u00a0Folio 3. \u00a0<\/p>\n<p>7 \u00a0 \u00a0 \u00a0 \u00a0 \u00a0Archivo \u201c006_0004Auto.pdf\u201d. \u00a0<\/p>\n<p>8 \u00a0 \u00a0 \u00a0 \u00a0 \u00a0Archivo \u201c002_0008Memorial.pdf\u201d. \u00a0<\/p>\n<p>9 \u00a0 \u00a0 \u00a0 \u00a0 \u00a0Del \u00a0 \u00a0 \u00a0 \u00a0 \u00a07 al 21 de noviembre de 2025. \u00a0<\/p>\n<p>10 \u00a0 \u00a0 \u00a0 \u00a0 \u00a0Procuradur\u00eda Delegada de Intervenci\u00f3n 1: Primera para \u00a0 \u00a0 \u00a0 \u00a0 \u00a0la Casaci\u00f3n Penal. Archivo \u00a0 \u00a0 \u00a0 \u00a0 \u00a0\u201c11001020400020250259500-0036Memorial\u201d. \u00a0<\/p>\n<p>11 \u00a0 \u00a0 \u00a0 \u00a0 \u00a0Archivo \u00a0 \u00a0 \u00a0 \u00a0 \u00a0\u201c11001020400020250259500-0021Memorial\u201d. \u00a0<\/p>\n<p>12 \u00a0 \u00a0 \u00a0 \u00a0 \u00a0Archivos \u00a0 \u00a0 \u00a0 \u00a0 \u00a0\u201c11001020400020250259500-0022Memorial\u201d, \u00a0 \u00a0 \u00a0 \u00a0 \u00a0\u201c11001020400020250259500-0025Memorial\u201d, \u00a0 \u00a0 \u00a0 \u00a0 \u00a0\u201c11001020400020250259500-0026Memorial\u201d, \u00a0 \u00a0 \u00a0 \u00a0 \u00a0\u201c11001020400020250259500-0028Memorial\u201d, \u00a0 \u00a0 \u00a0 \u00a0 \u00a0\u201c11001020400020250259500-0027Memorial\u201d, \u00a0 \u00a0 \u00a0 \u00a0 \u00a0\u201c11001020400020250259500-0031Memorial\u201d, \u00a0 \u00a0 \u00a0 \u00a0 \u00a0\u201c11001020400020250259500-0038Memorial\u201d. \u00a0<\/p>\n<p>13 \u00a0 \u00a0 \u00a0 \u00a0 \u00a0Archivo \u201c11001020400020250259500-0041Memorial\u201d. \u00a0<\/p>\n<p>14 \u00a0 \u00a0 \u00a0 \u00a0 \u00a0Archivos \u00a0 \u00a0 \u00a0 \u00a0 \u00a0\u201c11001020400020250259500-0022Memorial\u201d, \u00a0 \u00a0 \u00a0 \u00a0 \u00a0\u201c11001020400020250259500-0025Memorial\u201d, \u00a0 \u00a0 \u00a0 \u00a0 \u00a0\u201c11001020400020250259500-0026Memorial\u201d, \u00a0 \u00a0 \u00a0 \u00a0 \u00a0\u201c11001020400020250259500-0028Memorial\u201d, \u00a0 \u00a0 \u00a0 \u00a0 \u00a0\u201c11001020400020250259500-0027Memorial\u201d, \u00a0 \u00a0 \u00a0 \u00a0 \u00a0\u201c11001020400020250259500-0031Memorial\u201d, \u00a0 \u00a0 \u00a0 \u00a0 \u00a0\u201c11001020400020250259500-0038Memorial\u201d. \u00a0<\/p>\n<p>15 \u00a0 \u00a0 \u00a0 \u00a0 \u00a0Archivo \u00a0 \u00a0 \u00a0 \u00a0 \u00a0\u201c11001020400020250259500-0045Memorial\u201d. \u00a0 \u00a0 \u00a0 \u00a0 \u00a0Oficio \u00a0 \u00a0 \u00a0 \u00a0 \u00a0No. 20251700133041 \u00a0 \u00a0 \u00a0 \u00a0 \u00a0de 2 de diciembre de 2025. \u00a0<\/p>\n<p>16 \u00a0 \u00a0 \u00a0 \u00a0 \u00a0Archivo \u00a0 \u00a0 \u00a0 \u00a0 \u00a0\u201c11001020400020250259500-0047Memorial\u201d. \u00a0<\/p>\n<p>17 \u00a0 \u00a0 \u00a0 \u00a0 \u00a0Ibidem. \u00a0 \u00a0 \u00a0 \u00a0 \u00a0Folio 4. \u00a0<\/p>\n<p>18 \u00a0 \u00a0 \u00a0 \u00a0 \u00a0Archivo \u00a0 \u00a0 \u00a0 \u00a0 \u00a0\u201c11001020400020250259500-0049Memorial\u201d. \u00a0<\/p>\n<p>19 \u00a0 \u00a0 \u00a0 \u00a0 \u00a0Cfr. CSJ AP1428-2025, 12 mar. 2025, rad. 66865. CSJ, \u00a0 \u00a0 \u00a0 \u00a0 \u00a0AP842-2022, 2 mar. 2022; AP2554-2021, 23 jun. 2021; AP4896-2019, 13 \u00a0 \u00a0 \u00a0 \u00a0 \u00a0nov. 2019; AP2626-2019, 3 jul. 2019, rad. 54219; AP2362-2018, 13 \u00a0 \u00a0 \u00a0 \u00a0 \u00a0jun. 2018, rad. 51832; y AP4564-2015, 11 ago. 2015, rad. 45737, \u00a0 \u00a0 \u00a0 \u00a0 \u00a0entre otros. \u00a0 \u00a0 \u00a0<\/p>\n<p>This version of Total Doc Converter is unregistered.<\/p>\n","protected":false},"excerpt":{"rendered":"<p>\u00a0 \u00a0 \u00a0 \u00a0\u00a0 DIEGO \u00a0EUGENIO CORREDOR BELTR\u00c1N \u00a0 Magistrado \u00a0ponente \u00a0 AP111-2026 \u00a0 Radicaci\u00f3n \u00a0N\u00b0 70725 \u00a0 Acta \u00a007. \u00a0 \u00a0\u00a0 Bogot\u00e1, \u00a0D.C., veintiuno (21) de enero de dos mil veintis\u00e9is (2026). \u00a0 \u00a0\u00a0 VISTOS \u00a0 \u00a0\u00a0 La \u00a0Corte se pronuncia \u00a0sobre la viabilidad de continuar con el tr\u00e1mite de extradici\u00f3n \u00a0del ciudadano colombiano [&hellip;]<\/p>\n","protected":false},"author":1,"featured_media":0,"comment_status":"open","ping_status":"open","sticky":false,"template":"","format":"standard","meta":{"footnotes":""},"categories":[108],"tags":[],"class_list":["post-91012","post","type-post","status-publish","format-standard","hentry","category-enero-2026"],"_links":{"self":[{"href":"https:\/\/dmsjuridica.com\/buscador_20179478954\/salapenalcronologico20230723\/wp-json\/wp\/v2\/posts\/91012","targetHints":{"allow":["GET"]}}],"collection":[{"href":"https:\/\/dmsjuridica.com\/buscador_20179478954\/salapenalcronologico20230723\/wp-json\/wp\/v2\/posts"}],"about":[{"href":"https:\/\/dmsjuridica.com\/buscador_20179478954\/salapenalcronologico20230723\/wp-json\/wp\/v2\/types\/post"}],"author":[{"embeddable":true,"href":"https:\/\/dmsjuridica.com\/buscador_20179478954\/salapenalcronologico20230723\/wp-json\/wp\/v2\/users\/1"}],"replies":[{"embeddable":true,"href":"https:\/\/dmsjuridica.com\/buscador_20179478954\/salapenalcronologico20230723\/wp-json\/wp\/v2\/comments?post=91012"}],"version-history":[{"count":0,"href":"https:\/\/dmsjuridica.com\/buscador_20179478954\/salapenalcronologico20230723\/wp-json\/wp\/v2\/posts\/91012\/revisions"}],"wp:attachment":[{"href":"https:\/\/dmsjuridica.com\/buscador_20179478954\/salapenalcronologico20230723\/wp-json\/wp\/v2\/media?parent=91012"}],"wp:term":[{"taxonomy":"category","embeddable":true,"href":"https:\/\/dmsjuridica.com\/buscador_20179478954\/salapenalcronologico20230723\/wp-json\/wp\/v2\/categories?post=91012"},{"taxonomy":"post_tag","embeddable":true,"href":"https:\/\/dmsjuridica.com\/buscador_20179478954\/salapenalcronologico20230723\/wp-json\/wp\/v2\/tags?post=91012"}],"curies":[{"name":"wp","href":"https:\/\/api.w.org\/{rel}","templated":true}]}}