{"id":9072,"date":"2023-09-08T17:47:03","date_gmt":"2023-09-08T17:47:03","guid":{"rendered":"https:\/\/dmsjuridica.com\/buscador_20179478954\/salapenalcronologico20230723\/2023\/09\/08\/2251603-11-04\/"},"modified":"2023-09-08T17:47:03","modified_gmt":"2023-09-08T17:47:03","slug":"2251603-11-04","status":"publish","type":"post","link":"https:\/\/dmsjuridica.com\/buscador_20179478954\/salapenalcronologico20230723\/2023\/09\/08\/2251603-11-04\/","title":{"rendered":"22516(03-11-04)"},"content":{"rendered":"\n<p>\u00a0 \u00a0 Proceso No 22516 \u00a0<\/p>\n<p>CORTE SUPREMA DE JUSTICIA \u00a0<\/p>\n<p>SALA DE CASACI\u00d3N PENAL \u00a0<\/p>\n<p>Magistrado Ponente \u00a0<\/p>\n<p>JORGE \u00a0 LUIS \u00a0QUINTERO \u00a0MILAN\u00c9S \u00a0\u00a0<\/p>\n<p>Aprobado \u00a0 acta \u00a0 N\u00b0 \u00a0095 \u00a0\u00a0<\/p>\n<p>Bogot\u00e1, D. C., tres (3) de noviembre de dos \u00a0mil cuatro (2004). \u00a0\u00a0<\/p>\n<p>V \u00a0 \u00a0I \u00a0 S \u00a0 T \u00a0 O \u00a0S \u00a0\u00a0<\/p>\n<p>Corresponde \u00a0a \u00a0la Corte conceptuar sobre la \u00a0solicitud \u00a0 \u00a0de \u00a0 \u00a0extradici\u00f3n \u00a0 \u00a0del \u00a0 \u00a0ciudadano \u00a0 \u00a0colombiano \u00a0 HERNANDO \u00a0REND\u00d3N \u00a0RIVERA, \u00a0elevada por el \u00a0Gobierno de los Estados Unidos de Am\u00e9rica. \u00a0\u00a0<\/p>\n<p>L \u00a0A\u00a0\u00a0\u00a0\u00a0 S O L I C I T U \u00a0D \u00a0\u00a0<\/p>\n<p>1. \u00a0Mediante oficio N\u00b0 0300 del 28 de junio \u00a0de \u00a02004, \u00a0el \u00a0Ministerio \u00a0de Justicia y del Derecho comunic\u00f3 a esta Sala de la \u00a0Corte \u00a0que \u00a0el \u00a0Gobierno \u00a0de \u00a0los Estados Unidos de Am\u00e9rica, por conducto de su \u00a0Embajada \u00a0en \u00a0Colombia \u00a0y \u00a0mediante \u00a0Nota Verbal N\u00b0 1392 del 10 de junio de esa \u00a0anualidad, \u00a0solicit\u00f3 \u00a0en \u00a0extradici\u00f3n al ciudadano colombiano Hernando Rend\u00f3n \u00a0Rivera. \u00a0\u00a0<\/p>\n<p>De \u00a0igual \u00a0manera, \u00a0el \u00a0Fiscal General de la \u00a0Naci\u00f3n \u00a0mediante \u00a0resoluci\u00f3n \u00a0del 29 de marzo de 2004, decret\u00f3 la captura con \u00a0fines \u00a0 de \u00a0 extradici\u00f3n, \u00a0 la \u00a0 cual \u00a0 se \u00a0 hizo \u00a0 efectiva \u00a0el \u00a010 \u00a0de \u00a0abril \u00a0siguiente. \u00a0\u00a0<\/p>\n<p>2.\u00a0 \u00a0La \u00a0normatividad\u00a0 que rige al \u00a0presente \u00a0tr\u00e1mite es la contemplada en el Cap\u00edtulo III, T\u00edtulo I, Libro V del \u00a0C\u00f3digo \u00a0de \u00a0Procedimiento \u00a0Penal, \u00a0en \u00a0la \u00a0medida \u00a0que \u00a0no existe en el momento \u00a0convenio \u00a0aplicable \u00a0que regule el asunto, como as\u00ed lo conceptu\u00f3 el Jefe de la \u00a0Oficina Jur\u00eddica del Ministerio de Relaciones Exteriores. \u00a0\u00a0<\/p>\n<p>3. Los acontecimientos f\u00e1cticos objeto de la \u00a0investigaci\u00f3n \u00a0e \u00a0imputaci\u00f3n \u00a0de los cargos formulados en su contra, motivo de \u00a0la \u00a0solicitud \u00a0de \u00a0extradici\u00f3n, \u00a0fueron sintetizados en la Nota Verbal N\u00b0 1392 \u00a0del 10 de junio de 2004 de la siguiente manera: \u00a0\u00a0<\/p>\n<p>\u201cLos \u00a0hechos \u00a0de \u00a0este \u00a0caso \u00a0indican \u00a0que \u00a0V\u00edctor \u00a0Mej\u00eda \u00a0\u2013 M\u00fanera, \u00a0Miguel \u00a0Mej\u00eda \u00a0M\u00fanera, \u00a0Heiner \u00a0Arias \u2013 \u00a0 \u00a0 G\u00f3mez, \u00a0 \u00a0 Wilson \u00a0 \u00a0 de \u00a0 \u00a0Jes\u00fas \u00a0 \u00a0Villegas \u00a0 \u00a0\u2013 \u00a0Jaramillo, \u00a0Hernando \u00a0Rend\u00f3n Rivera, \u00a0Juan \u00a0Carlos \u00a0Restrepo \u00a0Su\u00e1rez, \u00a0y \u00a0Germ\u00e1n \u00a0Angulo \u00a0han \u00a0sido por mucho tiempo \u00a0miembros \u00a0 de \u00a0la \u00a0organizaci\u00f3n \u00a0de \u00a0tr\u00e1fico \u00a0de \u00a0narc\u00f3ticos \u00a0de \u00a0los \u00a0Mej\u00eda \u00a0\u2013 \u00a0 \u00a0M\u00fanera. \u00a0 \u00a0Dicha \u00a0organizaci\u00f3n \u00a0adquiere \u00a0la \u00a0coca\u00edna \u00a0en Colombia y la transporta a la costa de \u00a0Colombia \u00a0y \u00a0Venezuela, \u00a0en \u00a0donde se almacena para transportarla posteriormente \u00a0por \u00a0la \u00a0organizaci\u00f3n \u00a0a \u00a0los \u00a0Estados \u00a0Unidos \u00a0y \u00a0a \u00a0otros pa\u00edses. Comenzando \u00a0aproximadamente \u00a0en \u00a0enero \u00a0de \u00a01994, la organizaci\u00f3n Mej\u00eda M\u00fanera inici\u00f3 el \u00a0despacho \u00a0de \u00a0coca\u00edna \u00a0desde \u00a0Colombia \u00a0en \u00a0lanchas \u00a0r\u00e1pidas. \u00a0Dichas \u00a0lanchas \u00a0r\u00e1pidas \u00a0transportaban \u00a0la \u00a0coca\u00edna \u00a0hacia \u00a0M\u00e9xico, \u00a0Grupos \u00a0de \u00a0mexicanos de \u00a0transporte \u00a0sal\u00edan \u00a0al encuentro de las lanchas r\u00e1pidas, recog\u00edan la coca\u00edna \u00a0y \u00a0 la \u00a0 transportaban\u00a0 \u00a0hasta \u00a0M\u00e9xico. \u00a0La \u00a0coca\u00edna \u00a0posteriormente \u00a0era \u00a0transportada \u00a0a los Estados Unidos, generalmente al \u00e1rea de Nueva York, para su \u00a0distribuci\u00f3n. \u00a0El \u00a0pago \u00a0era \u00a0enviado \u00a0a Colombia. Comenzando aproximadamente a \u00a0mediados \u00a0 \u00a0 \u00a0de \u00a0 \u00a0 \u00a01977, \u00a0 \u00a0 la \u00a0 \u00a0 organizaci\u00f3n \u00a0 \u00a0 Mej\u00eda \u00a0 \u00a0 \u2013 \u00a0M\u00fanera \u00a0empez\u00f3 \u00a0a mandar cantidades \u00a0m\u00faltiples \u00a0 de \u00a0 toneladas \u00a0de \u00a0coca\u00edna \u00a0a \u00a0los \u00a0Estados \u00a0Unidos \u00a0a \u00a0bordo \u00a0de \u00a0embarcaciones \u00a0 de \u00a0 carga \u00a0 mar\u00edtima, \u00a0 Dichos \u00a0 despachos \u00a0de \u00a0coca\u00edna \u00a0eran \u00a0llevados\u00a0 \u00a0en \u00a0su \u00a0mayor \u00a0parte \u00a0al \u00a0sur \u00a0de \u00a0Florida. \u00a0Dichas \u00a0actividades \u00a0delictivas \u00a0han continuado hasta, e inclusive, la fecha en que la resoluci\u00f3n de \u00a0acusaci\u00f3n fue dictada. \u00a0\u00a0<\/p>\n<p>\u201cEspec\u00edficamente, \u00a0 en \u00a0tanto \u00a0que \u00a0los \u00a0acusados \u00a0 anteriormente \u00a0 mencionados \u00a0 eran \u00a0 miembros \u00a0 del \u00a0 concierto, \u00a0 la \u00a0organizaci\u00f3n \u00a0Mej\u00eda \u00a0M\u00fanera \u00a0envi\u00f3 \u00a0tres despachos de coca\u00edna a los Estados \u00a0Unidos \u00a0en \u00a0el \u00a0a\u00f1o de 1998 a bordo de una embarcaci\u00f3n llamada Pearl II. Estos \u00a0tres \u00a0despachos \u00a0de \u00a0coca\u00edna \u00a0totalizaron \u00a0aproximadamente \u00a06600 \u00a0kilogramos de \u00a0coca\u00edna. \u00a0 \u00a0En \u00a0 mayo \u00a0 de \u00a0 1999, \u00a0 la \u00a0 organizaci\u00f3n \u00a0 Mej\u00eda \u00a0 \u2013 M\u00fanera despach\u00f3 aproximadamente 4000 \u00a0kilogramos \u00a0en \u00a0la \u00a0China Breeze, embarcaci\u00f3n que fue capturada por el Servicio \u00a0de \u00a0Guardacostas \u00a0de \u00a0los \u00a0Estados \u00a0Unidos \u00a0con \u00a0la \u00a0coca\u00edna a bordo. Despachos \u00a0adicionales \u00a0a \u00a0los \u00a0Estados Unidos, y a otros lugares, de grandes cantidades de \u00a0coca\u00edna \u00a0de \u00a0la \u00a0organizaci\u00f3n \u00a0Mej\u00eda M\u00fanera se realizaron en agosto de 2000, \u00a0agosto \u00a0de \u00a02001, \u00a0y \u00a0a \u00a0principios \u00a0de 2003. Parte de la coca\u00edna despachada en \u00a0agosto \u00a0de 2000 fue incautada por agentes de las fuerzas del orden de Venezuela. \u00a0El \u00a0siguiente \u00a0es \u00a0un \u00a0resumen \u00a0del \u00a0papel \u00a0desempe\u00f1ado \u00a0por \u00a0el se\u00f1or Rend\u00f3n \u00a0\u2013 \u00a0Rivera \u00a0en el concierto \u00a0para delinquir. \u00a0\u00a0<\/p>\n<p>\u201cHernando \u00a0 \u00a0Rend\u00f3n \u00a0 \u00a0\u2013 \u00a0Rivera es miembro de la organizaci\u00f3n \u00a0de \u00a0 \u00a0 tr\u00e1fico \u00a0 \u00a0 de \u00a0 \u00a0 narc\u00f3ticos \u00a0 \u00a0 de \u00a0 \u00a0 los \u00a0 \u00a0 Mej\u00eda \u00a0 \u00a0\u2013 \u00a0M\u00fanera y suministra protecci\u00f3n para \u00a0los \u00a0despachos \u00a0de \u00a0coca\u00edna \u00a0antes \u00a0de \u00a0que \u00a0salen \u00a0de \u00a0Colombia, incluyendo la \u00a0vigilancia \u00a0de \u00a0la \u00a0coca\u00edna \u00a0que se encuentra almacenada\u00a0 en Colombia y la \u00a0que \u00a0 est\u00e1 \u00a0 siendo \u00a0cargada \u00a0en \u00a0las \u00a0lanchas \u00a0r\u00e1pidas. \u00a0Igualmente, \u00a0Rend\u00f3n \u00a0\u2013 \u00a0Rivera es guardaespalda \u00a0de \u00a0 \u00a0 los \u00a0 \u00a0 miembros \u00a0 \u00a0 de \u00a0 \u00a0 la \u00a0 \u00a0organizaci\u00f3n \u00a0 \u00a0Mej\u00eda \u00a0 \u00a0\u2013 M\u00fanera. \u00a0\u00a0<\/p>\n<p>\u201cAun cuando la evidencia demostrar\u00e1 que el \u00a0concierto \u00a0se \u00a0inicio \u00a0aproximadamente \u00a0en 1994, los cargos en la resoluci\u00f3n de \u00a0acusaci\u00f3n \u00a0contra \u00a0el \u00a0acusado se encuentran independientemente sustentados por \u00a0las \u00a0acciones adelantadas por el acusado con posterioridad al 17 de diciembre de \u00a01997\u201d. \u00a0\u00a0<\/p>\n<p>4. La documentaci\u00f3n remitida por el Gobierno \u00a0de \u00a0los \u00a0Estados \u00a0Unidos de Am\u00e9rica y que sustenta la solicitud de extradici\u00f3n \u00a0de Ricardo Restrepo Posada, es la siguiente: \u00a0\u00a0<\/p>\n<p>4.1. \u00a0Copia \u00a0de la Acusaci\u00f3n N\u00b0\u00a0 04 &#8211; \u00a0034 \u00a0dictada \u00a0el \u00a028 \u00a0de \u00a0febrero \u00a0de \u00a02003, \u00a0por medio del cual, el Tribunal de \u00a0Distrito \u00a0de \u00a0los \u00a0Estados \u00a0Unidos, \u00a0para \u00a0el Distrito de Columbia York, acus\u00f3, \u00a0entre \u00a0otros, \u00a0a Hernando Rend\u00f3n Rivera, seg\u00fan la Nota Verbal n\u00famero 1392 del \u00a010 de junio de 2004, de los siguientes cargos: \u00a0\u00a0<\/p>\n<p>\u201cCargo \u00a0Uno. Concierto para (1) importar a \u00a0los \u00a0Estados \u00a0Unidos \u00a0desde \u00a0un \u00a0lugar fuera de los Estados Unidos una sustancia \u00a0controlada, \u00a0a \u00a0saber, \u00a0cinco \u00a0kilogramos \u00a0o \u00a0m\u00e1s de una mezcla o sustancia que \u00a0conten\u00eda \u00a0una cantidad detectable de coca\u00edna, sustancia controlada de la Lista \u00a0II, \u00a0y \u00a0(2) \u00a0para fabricar y distribuir una sustancia controlada, a saber, cinco \u00a0kilogramos \u00a0o \u00a0m\u00e1s \u00a0de \u00a0una \u00a0mezcla \u00a0o \u00a0sustancia \u00a0que \u00a0conten\u00eda \u00a0una cantidad \u00a0detectable \u00a0de \u00a0coca\u00edna, sustancia controlada de la Lista II, con la intenci\u00f3n \u00a0y \u00a0el \u00a0conocimiento \u00a0de \u00a0que \u00a0dicha sustancia ser\u00eda ilegalmente importada a los \u00a0Estados \u00a0Unidos, \u00a0y ayuda y facilitamiento de dicho delito, lo cual es en contra \u00a0del \u00a0T\u00edtulo \u00a021, \u00a0Secciones \u00a0952 \u00a0y \u00a0959 \u00a0del C\u00f3digo de los Estados Unidos, en \u00a0violaci\u00f3n \u00a0del \u00a0T\u00edtulo \u00a021, \u00a0Secciones \u00a0960 \u00a0y \u00a0963 del C\u00f3digo de los Estados \u00a0Unidos, \u00a0y \u00a0el \u00a0T\u00edtulo \u00a018, \u00a0Secci\u00f3n 2 de C\u00f3digo de los Estados Unidos; y del \u00a0T\u00edtulo 18, Secci\u00f3n 2 del C\u00f3digo de los Estados Unidos; \u00a0\u00a0<\/p>\n<p>\u201cCargo \u00a0Dos. \u00a0Concierto \u00a0para poseer con la intenci\u00f3n de distribuir una sustancia controlada, \u00a0es \u00a0decir, \u00a0cinco \u00a0kilogramos o m\u00e1s de una mezcla o sustancia que conten\u00eda una \u00a0cantidad \u00a0detectable \u00a0de \u00a0coca\u00edna, \u00a0sustancia \u00a0controlada \u00a0de \u00a0la \u00a0Lista \u00a0II, a \u00a0bordo\u00a0 \u00a0de \u00a0una \u00a0embarcaci\u00f3n \u00a0sujeta \u00a0a \u00a0la \u00a0jurisdicci\u00f3n \u00a0de los Estados \u00a0Unidos, \u00a0y \u00a0ayuda \u00a0y \u00a0facilitamiento \u00a0de \u00a0dicho delito, lo cual es en contra del \u00a0T\u00edtulo \u00a046, \u00a0Secci\u00f3n 1903 (a) del Ap\u00e9ndice del C\u00f3digo de los Estados Unidos, \u00a0en \u00a0violaci\u00f3n \u00a0del \u00a0T\u00edtulo \u00a046, \u00a0Secci\u00f3n \u00a01903(g) y 1903(j) del Ap\u00e9ndice del \u00a0C\u00f3digo \u00a0de \u00a0los \u00a0Estados \u00a0Unidos, del T\u00edtulo 21, Secci\u00f3n 960 (b) (1) (B) (ii) \u00a0del \u00a0C\u00f3digo \u00a0de los Estados Unidos, y del T\u00edtulo 18, Secci\u00f3n 2 del C\u00f3digo de \u00a0los Estados Unidos; \u00a0\u00a0<\/p>\n<p>Cargo \u00a0Tres. \u00a0Posesi\u00f3n con la intenci\u00f3n de \u00a0distribuir \u00a0una \u00a0sustancia \u00a0controlada, es decir, cinco kilogramos o m\u00e1s de una \u00a0mezcla \u00a0o sustancia que conten\u00eda una cantidad detectable de coca\u00edna, sustancia \u00a0controlada \u00a0de la Lista II, a saber, aproximadamente 4000 kilogramos, a bordo de \u00a0la \u00a0motonave China Breeze, embarcaci\u00f3n sujeta a la jurisdicci\u00f3n de los Estados \u00a0Unidos, \u00a0y ayuda y facilitamiento de dicho delito, en violaci\u00f3n del T\u00edtulo 46, \u00a0Secci\u00f3n \u00a01903 (a) y 1903 (g) del Ap\u00e9ndice del C\u00f3digo de los Estados Unidos, y \u00a0del \u00a0T\u00edtulo 18, Secci\u00f3n 2 del C\u00f3digo de los Estados Unidos; y del T\u00edtulo 18, \u00a0Secci\u00f3n 2 del C\u00f3digo de los Estados Unidos; y \u00a0\u00a0<\/p>\n<p>\u201cCargo Cuatro. Intento de posesi\u00f3n con la \u00a0intenci\u00f3n \u00a0de distribuir una sustancia controlada, es decir, cinco kilogramos o \u00a0m\u00e1s \u00a0de \u00a0una \u00a0mezcla \u00a0o \u00a0sustancia \u00a0que \u00a0conten\u00eda \u00a0una \u00a0cantidad detectable de \u00a0coca\u00edna, \u00a0sustancia \u00a0controlada \u00a0de \u00a0la Lista II, a saber, aproximadamente 4900 \u00a0kilogramos \u00a0 a \u00a0bordo \u00a0de \u00a0la \u00a0motonave \u00a0Suerte \u00a0I, \u00a0embarcaci\u00f3n \u00a0sujeta \u00a0a \u00a0la \u00a0jurisdicci\u00f3n \u00a0de \u00a0los Estados Unidos, y ayuda y facilitamiento de dicho delito, \u00a0en \u00a0violaci\u00f3n \u00a0del \u00a0T\u00edtulo \u00a046, \u00a0Secci\u00f3n \u00a01903 \u00a0(a), 1903 (g), y 1903 (j) del \u00a0Ap\u00e9ndice \u00a0del \u00a0C\u00f3digo \u00a0de los Estados Unidos, y del T\u00edtulo 18, Secci\u00f3n 2 del \u00a0C\u00f3digo de los Estados Unidos\u201d. \u00a0\u00a0<\/p>\n<p>4.2. \u00a0Tambi\u00e9n \u00a0se \u00a0alleg\u00f3 \u00a0copia \u00a0de \u00a0las \u00a0declaraciones \u00a0 juradas \u00a0 de \u00a0 Sarah \u00a0 Weyler, \u00a0Fiscal \u00a0en \u00a0la \u00a0Secci\u00f3n \u00a0contra \u00a0Estupefacientes \u00a0 y \u00a0 Drogas \u00a0 Peligrosas \u00a0de \u00a0la \u00a0Divisi\u00f3n \u00a0de \u00a0lo \u00a0Penal \u00a0del \u00a0Departamento \u00a0de Justicia de los Estados Unidos, y de Douglas M. Walters, Agente \u00a0Especial \u00a0 de \u00a0 la \u00a0 Administraci\u00f3n \u00a0 Antidroga \u00a0 de \u00a0 los \u00a0Estados \u00a0Unidos \u00a0de \u00a0Am\u00e9rica. \u00a0\u00a0<\/p>\n<p>La \u00a0primera de las nombradas, esto es, Sarah \u00a0Weyler, \u00a0incorpora \u00a0en \u00a0su \u00a0declaraci\u00f3n la descripci\u00f3n y vigencia de los tipos \u00a0penales \u00a0imputados en el pliego de cargos y una s\u00edntesis del acontecer f\u00e1ctico \u00a0y procesal. \u00a0\u00a0<\/p>\n<p>Por \u00a0su \u00a0parte, el agente Douglas M. Walters \u00a0relata, \u00a0de \u00a0manera \u00a0pormenorizada, \u00a0los \u00a0hechos \u00a0objeto \u00a0de juzgamiento ante el \u00a0citado \u00a0Tribunal \u00a0y \u00a0la \u00a0participaci\u00f3n \u00a0del \u00a0solicitado \u00a0en extradici\u00f3n en los \u00a0mismos. \u00a0\u00a0<\/p>\n<p>4.3. \u00a0Se inform\u00f3 que el requerido, Hernando \u00a0Rend\u00f3n \u00a0Rivera, \u00a0naci\u00f3 \u00a0el 22 de septiembre de 1962, en Armenia (Quindio), que \u00a0su \u00a0descripci\u00f3n \u00a0corresponde a la de un hombre de raza blanca y que es portador \u00a0de \u00a0la \u00a0c\u00e9dula \u00a0ciudadan\u00eda \u00a0n\u00famero \u00a07.540.100. \u00a0Tambi\u00e9n \u00a0es \u00a0conocido con el \u00a0remoquete \u00a0 \u00a0 \u00a0 \u00a0 de \u00a0 \u00a0 \u00a0 \u00a0\u201cNando\u201d. \u00a0\u00a0<\/p>\n<p>PERIODO \u00a0PROBATORIO \u00a0\u00a0<\/p>\n<p>Las partes no solicitaron pruebas ni la Corte \u00a0consider\u00f3 necesario decretar\u00a0 de oficio. \u00a0\u00a0<\/p>\n<p>ALEGATO DE LA PROCURADORA \u00a0SEGUNDA \u00a0\u00a0<\/p>\n<p>DELEGADA PARA LA CASACI\u00d3N PENAL \u00a0<\/p>\n<p>Despu\u00e9s \u00a0de \u00a0referenciar \u00a0los \u00a0documentos \u00a0allegados \u00a0a \u00a0trav\u00e9s \u00a0de \u00a0la \u00a0v\u00eda \u00a0diplom\u00e1tica, \u00a0afirma que los mismos fueron \u00a0legalizados \u00a0ante \u00a0la C\u00f3nsul de Colombia, raz\u00f3n por la cual permite colegir en \u00a0su \u00a0autenticidad y, por lo mismo, pueden ser tenidos como prueba. As\u00ed, concluye \u00a0que \u00a0 \u00a0se \u00a0 \u00a0cumple \u00a0 \u00a0con \u00a0 \u00a0el \u00a0 presupuesto \u00a0 de \u00a0 validez \u00a0 formal \u00a0 de \u00a0 la \u00a0documentaci\u00f3n. \u00a0\u00a0<\/p>\n<p>En lo relativo a la identificaci\u00f3n plena del \u00a0solicitado \u00a0en \u00a0extradici\u00f3n, \u00a0acota \u00a0que \u00a0conforme \u00a0a los datos que obran en el \u00a0tr\u00e1mite \u00a0se \u00a0advierte \u00a0que la persona capturada es la misma que es requerida en \u00a0extradici\u00f3n por el Gobierno de los Estados Unidos de Am\u00e9rica. \u00a0\u00a0<\/p>\n<p>A continuaci\u00f3n pasa a referirse al postulado \u00a0de \u00a0la doble incriminaci\u00f3n, destacando que las conductas punibles atribuidas al \u00a0solicitado \u00a0en \u00a0extradici\u00f3n \u00a0en \u00a0los \u00a0cargos \u00a0uno \u00a0y dos encuentran adecuaci\u00f3n \u00a0t\u00edpica \u00a0 en \u00a0 muestro \u00a0 sistema \u00a0 penal. \u00a0 En \u00a0 efecto, \u00a0dice \u00a0que \u00a0los \u00a0mismos \u00a0\u201cse \u00a0circunscriben \u00a0a \u00a0los delitos de concierto para \u00a0importar, \u00a0fabricar \u00a0y \u00a0distribuir \u00a0cinco \u00a0kilogramos \u00a0o \u00a0m\u00e1s \u00a0de \u00a0una mezcla o \u00a0sustancia \u00a0 que \u00a0conten\u00eda \u00a0una \u00a0cantidad \u00a0detectable \u00a0de \u00a0coca\u00edna \u00a0y \u00a0ayuda \u00a0y \u00a0facilitamiento \u00a0de \u00a0dicho \u00a0delito, \u00a0comportamientos \u00a0que \u00a0tambi\u00e9n se encuentran \u00a0sancionados \u00a0en \u00a0nuestro ordenamiento penal, en el art. 8 de la Ley 733 de 2002, \u00a0norma \u00a0que \u00a0reform\u00f3 \u00a0el art\u00edculo 340 Ley 599 de 2000, bajo la denominaci\u00f3n de \u00a0concierto para delinquir\u2026\u201d. \u00a0\u00a0<\/p>\n<p>Respecto de los cargos tres y cuatro, asevera \u00a0que \u00a0tambi\u00e9n \u00a0se \u00a0encuentra reglado en nuestra legislaci\u00f3n en el art\u00edculo 376 \u00a0del \u00a0C\u00f3digo \u00a0Penal, \u00a0\u201ccon una pena de ocho a veinte \u00a0a\u00f1os \u00a0de \u00a0prisi\u00f3n \u00a0y \u00a0al \u00a0ser \u00a0cometido \u00a0en \u00a0el \u00a0grado \u00a0de \u00a0tentativa, la pena \u00a0correspondiente \u00a0no \u00a0puede \u00a0ser \u00a0menor de la mitad del m\u00ednimo y ni mayor de las \u00a0tres \u00a0cuartas partes del m\u00e1ximo, esto es, de cuatro a quince a\u00f1os de prisi\u00f3n, \u00a0lo \u00a0 que \u00a0 indica \u00a0 que \u00a0 se \u00a0 cumple \u00a0 el \u00a0principio \u00a0de \u00a0doble \u00a0incriminaci\u00f3n \u00a0\u2026\u201d. \u00a0\u00a0<\/p>\n<p>En lo que ata\u00f1e al \u00a0presupuesto \u00a0de \u00a0la \u00a0equivalencia \u00a0de \u00a0la \u00a0providencia, \u00a0luego \u00a0de \u00a0destacar una \u00a0jurisprudencia \u00a0de \u00a0la \u00a0Corte, \u00a0que \u00a0transcribe, \u00a0sostiene \u00a0que \u00a0este \u00a0requisito \u00a0tambi\u00e9n se satisface. \u00a0\u00a0<\/p>\n<p>Finalmente, \u00a0dice \u00a0que \u00a0en \u00a0este supuesto se \u00a0cumple \u00a0lo \u00a0preceptuado \u00a0en \u00a0el \u00a0art\u00edculo \u00a035 de la Constituci\u00f3n Pol\u00edtica, al \u00a0atribu\u00edrsele \u00a0al \u00a0requerido \u00a0en \u00a0extradici\u00f3n\u00a0 la conducta de pertenecer a \u00a0una \u00a0organizaci\u00f3n \u00a0de \u00a0narcotr\u00e1fico con sede en Colombia y que \u201cdistribuye \u00a0cargas \u00a0de \u00a0millares \u00a0de \u00a0kilogramos \u00a0de \u00a0coca\u00edna a los \u00a0Estados Unidos, Europa y Canad\u00e1\u201d. \u00a0\u00a0<\/p>\n<p>As\u00ed, \u00a0depreca \u00a0a \u00a0la \u00a0Corte emitir concepto \u00a0favorable al pedido de extradici\u00f3n de Hernando Rend\u00f3n Rivera. \u00a0\u00a0<\/p>\n<p>De otro lado, estima que el Gobierno Nacional \u00a0debe \u00a0condicionar \u00a0la \u00a0entrega \u00a0del \u00a0solicitado, \u00a0en el sentido de que no va ser \u00a0juzgado \u00a0por un hecho anterior a la reforma del art\u00edculo 35 de la Constituci\u00f3n \u00a0Pol\u00edtica, \u00a0ni por uno diverso al que motiv\u00f3 la extradici\u00f3n, que no vaya a ser \u00a0sometido \u00a0a \u00a0tratos inhumanos, crueles o degradantes y que no se le impondr\u00e1 la \u00a0pena de muerte o la prisi\u00f3n perpetua. \u00a0\u00a0<\/p>\n<p>ALEGATO \u00a0 \u00a0DE \u00a0 LA \u00a0DEFENSA \u00a0\u00a0<\/p>\n<p>No se resume ni se contestar\u00e1 el alegato del \u00a0defensor, por cuanto el escrito se alleg\u00f3 de manera extempor\u00e1nea. \u00a0\u00a0<\/p>\n<p>CONCEPTO\u00a0 \u00a0DE\u00a0 \u00a0LA\u00a0 CORTE \u00a0\u00a0<\/p>\n<p>1. \u00a0 \u00a0 \u00a0 \u00a0 \u00a0 VALIDEZ\u00a0\u00a0 \u00a0 \u00a0 FORMAL\u00a0\u00a0 \u00a0 \u00a0 DE\u00a0\u00a0 \u00a0 \u00a0LOS \u00a0DOCUMENTOS\u00a0 APORTADOS. \u00a0\u00a0<\/p>\n<p>Se advierte que la documentaci\u00f3n presentada \u00a0como \u00a0soporte de la petici\u00f3n de extradici\u00f3n de Hernando Rend\u00f3n Rivera, cumple \u00a0con \u00a0las \u00a0exigencias legales contempladas en los C\u00f3digos de Procedimiento Penal \u00a0y \u00a0Civil \u00a0para \u00a0tenerla \u00a0como \u00a0apta \u00a0para \u00a0fundar el concepto que debe emitir la \u00a0Sala. \u00a0\u00a0<\/p>\n<p>Los \u00a0documentos, debidamente autenticados y \u00a0traducidos, \u00a0se \u00a0allegaron \u00a0por \u00a0v\u00eda \u00a0diplom\u00e1tica, \u00a0dentro de los que obran la \u00a0copia \u00a0de \u00a0la \u00a0Acusaci\u00f3n \u00a0N\u00b0 \u00a004-034 \u00a0del 28 de febrero de 2004 dictada por el \u00a0Tribunal \u00a0de \u00a0Distrito \u00a0de \u00a0los Estados Unidos, Distrito de Columbia, la que fue \u00a0firmada \u00a0por \u00a0el \u00a0Presidente \u00a0del\u00a0 \u00a0Gran \u00a0Jurado, el Jefe de la Secci\u00f3n de \u00a0Narc\u00f3ticos \u00a0y \u00a0Drogas \u00a0Peligrosas, \u00a0Divisi\u00f3n \u00a0de lo Penal, del Departamento de \u00a0Justicia \u00a0de \u00a0los \u00a0Estados \u00a0Unidos, \u00a0y el Fiscal de la Secci\u00f3n de Narc\u00f3ticos y \u00a0Drogas \u00a0Peligrosas, \u00a0Divisi\u00f3n \u00a0de lo Penal, del Departamento de Justicia de los \u00a0Estados \u00a0Unidos, documento cuya autenticidad de su contenido fue certificada con \u00a0la firma y el sello pertenecientes al Secretario de dicho Tribunal. \u00a0\u00a0<\/p>\n<p>A \u00a0su \u00a0vez, obran las declaraciones de Sarah \u00a0Weyler, \u00a0Fiscal \u00a0en la Secci\u00f3n contra Estupefacientes y Drogas Peligrosas de la \u00a0Divisi\u00f3n \u00a0de \u00a0lo \u00a0Penal del Departamento de Estados de los Estados Unidos, y de \u00a0Douglas \u00a0M. \u00a0Walters, \u00a0Agente \u00a0Especial \u00a0de \u00a0la Administraci\u00f3n Antidroga de los \u00a0Estados \u00a0 Unidos, \u00a0 rendidas \u00a0 el \u00a014 \u00a0de \u00a0mayo \u00a0y \u00a0el \u00a010 \u00a0de \u00a0junio \u00a0de \u00a02004, \u00a0respectivamente, \u00a0ante \u00a0el \u00a0Juez \u00a0de Distrito de los Estados Unidos, Distrito de \u00a0Columbia, \u00a0cuyos \u00a0contenidos y traducci\u00f3n al espa\u00f1ol, junto con el resto de la \u00a0documentaci\u00f3n \u00a0que \u00a0las \u00a0acompa\u00f1a, fueron certificados por Mary D. Rodr\u00edguez, \u00a0Directora \u00a0Asociada \u00a0de \u00a0la \u00a0Oficina de Asuntos Internacionales, Divisi\u00f3n de lo \u00a0Penal, \u00a0del \u00a0Departamento \u00a0de \u00a0Justicia de los Estados Unidos, en los siguientes \u00a0t\u00e9rminos: \u00a0\u201cque adjunto al presente se encuentran la \u00a0declaraci\u00f3n \u00a0jurada \u00a0del \u00a0Fiscal \u00a0Sarah \u00a0Weyler \u00a0del \u00a0Departamento de Justicia, \u00a0Divisi\u00f3n \u00a0en lo Penal, Secci\u00f3n de Drogas Narc\u00f3ticas y Peligrosas, juramentada \u00a0el \u00a014 \u00a0de mayo de 2004 ante el Juez de Distrito de Columbia, Juez John Bates, y \u00a0la \u00a0 declaraci\u00f3n \u00a0 jurada \u00a0 del \u00a0Agente \u00a0Especial \u00a0Douglas \u00a0M. \u00a0Waters, \u00a0de \u00a0la \u00a0Administraci\u00f3n \u00a0Antidrogas \u00a0(DEA), \u00a0juramentada \u00a0el \u00a026 de mayo de 2004 ante el \u00a0Juez \u00a0Bates.. \u00a0Estos \u00a0afid\u00e1vits fueron proporcionados por el Fiscal y el Agente \u00a0Especial \u00a0en apoyo de la solicitud para la extradici\u00f3n formal de Colombia a los \u00a0Estados \u00a0 \u00a0Unidos \u00a0 de \u00a0 Hernando \u00a0 Rend\u00f3n \u00a0 &#8211; \u00a0 Rivera, \u00a0 alias \u00a0 \u2018Nando\u201d. \u00a0\u00a0<\/p>\n<p>As\u00ed \u00a0mismo \u00a0aparece \u00a0que \u00a0la documentaci\u00f3n \u00a0anexa \u00a0hace referencia a la orden de captura, a la resoluci\u00f3n de acusaci\u00f3n y a \u00a0las \u00a0normas \u00a0aplicables \u00a0al \u00a0caso, es decir,\u00a0 T\u00edtulo 18, Secci\u00f3n 2 (de la \u00a0autor\u00eda) \u00a0y \u00a03282 \u00a0(ley de prescripci\u00f3n para delitos no conminados con la pena \u00a0de \u00a0muerte), \u00a0el \u00a0T\u00edtulo \u00a021, Secciones 812 (tablas de sustancias controladas), \u00a0881 \u00a0(a) \u00a0(extinci\u00f3n \u00a0del derecho del dominio), 952 (importaci\u00f3n de sustancias \u00a0controladas) \u00a0959 \u00a0(posesi\u00f3n \u00a0de \u00a0sustancias controladas), 960 (importaci\u00f3n de \u00a0sustancias \u00a0controladas, \u00a0las \u00a0penas), \u00a0963 (tentativa y concierto para importar \u00a0estupefacientes), \u00a0 970 \u00a0(extinci\u00f3n \u00a0penal \u00a0del \u00a0derecho \u00a0de \u00a0dominio) \u00a0y \u00a08753 \u00a0(extinci\u00f3n \u00a0 penal \u00a0 del \u00a0 derecho \u00a0de \u00a0dominio) \u00a0y \u00a0Ap\u00e9ndice \u00a0\u201cal \u00a0 T\u00edtulo \u00a046 \u00a0del \u00a0C\u00f3digo \u00a0de \u00a0los \u00a0Estados \u00a0Unidos\u201d \u00a0 (confiscaci\u00f3n \u00a0 de \u00a0 bienes \u00a0 y \u00a0extinci\u00f3n \u00a0del \u00a0derecho \u00a0de \u00a0dominio). \u00a0\u00a0<\/p>\n<p>De igual manera, la firma y el cargo de Mary \u00a0D. \u00a0Rodr\u00edguez \u00a0fueron \u00a0certificados \u00a0por el se\u00f1or John Ashcroft, Procurador de \u00a0los \u00a0Estados \u00a0Unidos \u00a0de \u00a0Am\u00e9rica, \u00a0quien seg\u00fan su propia afirmaci\u00f3n escrita, \u00a0orden\u00f3 \u00a0que \u00a0se \u00a0estampara el sello del Departamento de Justicia de los Estados \u00a0Unidos, \u00a0siendo \u00a0atestada \u00a0la \u00a0firma \u00a0de \u00a0aqu\u00e9l \u00a0por \u00a0el Director Adjunto de la \u00a0Oficina \u00a0de \u00a0Asuntos \u00a0Internacionales, \u00a0Divisi\u00f3n \u00a0de \u00a0lo \u00a0Penal, y el sello del \u00a0Departamento \u00a0de \u00a0Estado \u00a0fue \u00a0ordenado \u00a0por \u00a0el \u00a0Secretario de Estado, Colin L. \u00a0Powell, \u00a0de \u00a0cuyo \u00a0nombre \u00a0dio \u00a0fe \u00a0el \u00a0Asistente de Autenticaciones de la misma \u00a0oficina. \u00a0\u00a0<\/p>\n<p>Finalmente, \u00a0 dichos \u00a0 documentos \u00a0 fueron \u00a0presentados \u00a0para su autenticaci\u00f3n ante la C\u00f3nsul de Colombia en Washington D. \u00a0C., \u00a0se\u00f1ora \u00a0Mar\u00eda De los \u00c1ngeles Barraza, como as\u00ed lo constat\u00f3 y lo aval\u00f3 \u00a0la \u00a0 Oficina \u00a0 de \u00a0 Legalizaciones \u00a0del \u00a0Ministerio \u00a0de \u00a0Relaciones \u00a0Exteriores, \u00a0cumpli\u00e9ndose \u00a0con \u00a0lo \u00a0establecido \u00a0por \u00a0el \u00a0art\u00edculo \u00a0259 del C. de P. Civil, \u00a0modificado \u00a0por \u00a0el \u00a01\u00b0, \u00a0numeral \u00a0118 \u00a0del \u00a0D. \u00a0E. \u00a02282 \u00a0de \u00a01989 \u00a0que \u00a0dice: \u00a0\u201cLos \u00a0 documentos \u00a0 p\u00fablicos \u00a0otorgados \u00a0en \u00a0pa\u00eds \u00a0extranjero \u00a0 por \u00a0 funcionario \u00a0 de \u00a0\u00e9ste \u00a0o \u00a0con \u00a0su \u00a0intervenci\u00f3n, \u00a0deber\u00e1n \u00a0presentarse \u00a0debidamente autenticados por el c\u00f3nsul o agente diplom\u00e1tico de la \u00a0Rep\u00fablica, \u00a0y \u00a0en su defecto por el de una naci\u00f3n amiga, lo cual hace presumir \u00a0que \u00a0se otorgaron conforme a la ley del respectivo pa\u00eds. La firma del c\u00f3nsul o \u00a0agente \u00a0diplom\u00e1tico \u00a0se \u00a0abonar\u00e1 por el Ministerio de Relaciones Exteriores de \u00a0Colombia, \u00a0 y \u00a0si \u00a0se \u00a0trata \u00a0de \u00a0agentes \u00a0consulares \u00a0de \u00a0un \u00a0pa\u00eds \u00a0amigo, \u00a0se \u00a0autenticar\u00e1 \u00a0previamente por el funcionario competente del mismo y los de \u00e9ste \u00a0por \u00a0el \u00a0c\u00f3nsul \u00a0colombiano\u201d, disposici\u00f3n aplicable \u00a0al \u00a0 caso \u00a0en \u00a0virtud \u00a0del \u00a0principio \u00a0de \u00a0integraci\u00f3n \u00a0previsto \u00a0en \u00a0los\u00a0 \u00a0art\u00edculos \u00a023 \u00a0y \u00a0513, \u00a0\u00faltimo \u00a0inciso, \u00a0del \u00a0C\u00f3digo \u00a0de Procedimiento Penal. \u00a0\u00a0<\/p>\n<p>Por \u00a0lo \u00a0tanto, \u00a0teniendo \u00a0en \u00a0cuenta que la \u00a0solicitud \u00a0de \u00a0extradici\u00f3n \u00a0de \u00a0Hernando \u00a0Rend\u00f3n \u00a0Rivera \u00a0se \u00a0hizo por la v\u00eda \u00a0diplom\u00e1tica \u00a0y \u00a0que en la expedici\u00f3n y tr\u00e1mite de los mencionados documentos, \u00a0as\u00ed \u00a0como \u00a0en \u00a0su \u00a0traducci\u00f3n, \u00a0se \u00a0cumplieron \u00a0todos \u00a0los \u00a0ritos \u00a0formales de \u00a0legalizaci\u00f3n \u00a0prescritos \u00a0por \u00a0las normas de los Estados Unidos de Am\u00e9rica, la \u00a0Corte los tendr\u00e1 como aptos para servir de prueba en este asunto. \u00a0\u00a0<\/p>\n<p>Por consiguiente, en este supuesto se cumple \u00a0el primer presupuesto. \u00a0\u00a0<\/p>\n<p>2. \u00a0LA \u00a0 IDENTIFICACI\u00d3N \u00a0PLENA \u00a0DEL \u00a0SOLICITADO \u00a0EN \u00a0EXTRADICI\u00d3N. \u00a0\u00a0<\/p>\n<p>No \u00a0hay duda que Hernando Rend\u00f3n Rivera, a \u00a0quien \u00a0se refiere este tr\u00e1mite, es la persona solicitada en extradici\u00f3n por el \u00a0Gobierno de los Estados Unidos de Am\u00e9rica. \u00a0\u00a0<\/p>\n<p>En efecto, de la documentaci\u00f3n remitida por \u00a0v\u00eda \u00a0la \u00a0diplom\u00e1tica \u00a0por \u00a0el \u00a0Gobierno \u00a0de los Estados Unidos de Am\u00e9rica, se \u00a0colige \u00a0claramente, \u00a0como lo destaca la Procuradora Delegada,\u00a0 que se trata \u00a0de \u00a0Hernando \u00a0Rend\u00f3n \u00a0Rivera \u00a0puesto que teniendo en cuenta las distintas Notas \u00a0Verbales, \u00a0el \u00a0acta del capturado y los datos que aparecen en el memorial poder, \u00a0se \u00a0sabe \u00a0que \u00a0se \u00a0trata \u00a0de \u00a0la \u00a0misma \u00a0persona, \u00a0destac\u00e1ndose \u00a0en todos estos \u00a0instrumentos \u00a0el \u00a0n\u00famero \u00a0de \u00a0la \u00a0c\u00e9dula \u00a0de \u00a0ciudadan\u00eda n\u00famero 7.540.100 de \u00a0Armenia. \u00a0\u00a0<\/p>\n<p>De otro lado, no sobra recalcar que la plena \u00a0identidad \u00a0que \u00a0exige \u00a0el \u00a0art\u00edculo \u00a0520 del C\u00f3digo de Procedimiento Penal, se \u00a0refiere \u00a0es \u00a0a \u00a0la coincidencia entre la persona procesada en el extranjero y la \u00a0reclamada\u00a0 \u00a0o \u00a0capturada \u00a0con \u00a0fines \u00a0de extradici\u00f3n, pues \u201cpara \u00a0los \u00a0efectos \u00a0aqu\u00ed \u00a0perseguidos, \u00a0basta \u00a0que \u00a0el \u00a0procesado o \u00a0sentenciado \u00a0en \u00a0el \u00a0pa\u00eds \u00a0requirente \u00a0sea \u00a0el mismo individuo que se encuentra \u00a0sometido \u00a0al \u00a0tr\u00e1mite \u00a0de extradici\u00f3n\u201d.1 \u00a0\u00a0<\/p>\n<p>En \u00a0consecuencia, \u00a0tambi\u00e9n \u00a0se cumple este \u00a0presupuesto, \u00a0pues \u00a0es \u00a0evidente \u00a0que \u00a0Hernando \u00a0Rend\u00f3n \u00a0Rivera \u00a0de \u00a0nacionalidad colombiana, nacido el 22 de \u00a0septiembre \u00a0de \u00a01962,\u00a0 \u00a0en Armenia, que su descripci\u00f3n corresponde a la de \u00a0un \u00a0hombre \u00a0de raza blanca, que es portador de la c\u00e9dula de ciudadan\u00eda n\u00famero \u00a07.540.100 \u00a0y \u00a0que \u00a0tambi\u00e9n \u00a0es \u00a0conocido \u00a0con \u00a0el \u00a0remoquete de \u201cNando\u201d \u00a0es \u00a0la \u00a0persona \u00a0solicitada \u00a0en \u00a0extradici\u00f3n. \u00a0\u00a0<\/p>\n<p>3. \u00a0 \u00a0EL \u00a0 \u00a0PRINCIPIO \u00a0 DE \u00a0 LA \u00a0 DOBLE \u00a0INCRIMINACI\u00d3N \u00a0\u00a0<\/p>\n<p>De \u00a0conformidad \u00a0con \u00a0el \u00a0numeral \u00a01\u00b0 \u00a0del \u00a0art\u00edculo \u00a0511 \u00a0del \u00a0C\u00f3digo de Procedimiento Penal, para que la extradici\u00f3n se \u00a0pueda \u00a0conceder \u00a0se \u00a0requiere \u00a0que \u00a0el \u00a0hecho \u00a0que la motiva est\u00e9 previsto como \u00a0delito \u00a0en \u00a0Colombia \u00a0y reprimido con una sanci\u00f3n privativa de la libertad cuyo \u00a0m\u00ednimo no sea inferior a cuatro (4) a\u00f1os. \u00a0\u00a0<\/p>\n<p>Por \u00a0consiguiente, \u00a0teniendo \u00a0en \u00a0cuenta la \u00a0Acusaci\u00f3n \u00a0N\u00b0 \u00a0CR \u00a004- \u00a0034 \u00a0del \u00a028 \u00a0de febrero de \u00a02004, \u00a0 por \u00a0 medio \u00a0 del \u00a0 cual, \u00a0 el \u00a0 Tribunal \u00a0 de \u00a0 Distrito \u00a0 de \u00a0 los \u00a0Estados \u00a0Unidos, \u00a0Distrito \u00a0de \u00a0Columbia, \u00a0acus\u00f3 \u00a0a \u00a0Hernando Rend\u00f3n Rivera, se sabe \u00a0que se le convoc\u00f3 a juicio por los siguientes delitos: \u00a0\u00a0<\/p>\n<p>\u00a0 \u00a0\u00a0 \u00a0\u00a0 \u00a0\u201cEL GRAN JURADO ACUSA QUE: \u00a0\u00a0<\/p>\n<p>\u201c\u2026 \u00a0<\/p>\n<p>\u201cCARGO UNO \u00a0<\/p>\n<p>\u201c\u2026 \u00a0<\/p>\n<p>\u201cCon \u00a0inicio \u00a0en \u00a0o alrededor de enero de \u00a01994 \u00a0y con continuaci\u00f3n hasta e inclusive la fecha de la presentaci\u00f3n de esta \u00a0Acusaci\u00f3n, \u00a0siendo \u00a0las fechas exactas desconocidas para el Gran Jurado, en los \u00a0Estados \u00a0Unidos, \u00a0la \u00a0Rep\u00fablica \u00a0de \u00a0Colombia, \u00a0y \u00a0otros \u00a0lugares, los acusados \u00a0V\u00cdCTOR \u00a0MEJ\u00cdA \u00a0M\u00daNERA, \u00a0alias \u00a0Chespirito, \u00a0alias \u00a0Sebastian, \u00a0alias El Loco; \u00a0MIGUEL \u00a0MEJ\u00cdA \u00a0M\u00daNERA, \u00a0alias Don Pablo, alias El Mister, HEINER ARIAS G\u00d3MEZ, \u00a0alias \u00a0Juli\u00e1n; \u00a0HERNANDO REND\u00d3N RIVERA, alias Nando; WILSON DE JES\u00daS VILLEGAS \u00a0JARAMILLO, \u00a0alias Dinast\u00eda; JUAN CARLOS RESTREPO SU\u00c1REZ, alias Barbas; GERM\u00c1N \u00a0\u00c1NGULO, \u00a0alias \u00a0El \u00a0Negro; \u00a0JAIME \u00a0ROJAS, alias Ya T\u00fa Sabes; ORLANDO Z\u00da\u00d1IGA, \u00a0alias \u00a0Fabio \u00a0y \u00a0otros \u00a0conocidos \u00a0y \u00a0desconocidos \u00a0para \u00a0el \u00a0Gran \u00a0Jurado, \u00a0con \u00a0conocimiento \u00a0de \u00a0causa \u00a0e \u00a0intencionalmente importar cinco kilogramos o m\u00e1s de \u00a0una \u00a0mezcla \u00a0y sustancia que conten\u00eda una cantidad perceptible de coca\u00edna, una \u00a0sustancia \u00a0controlada \u00a0de \u00a0la \u00a0Tabla \u00a0II \u00a0de \u00a0la \u00a0Rep\u00fablica \u00a0de \u00a0Colombia \u00a0y la \u00a0Rep\u00fablica \u00a0Mexicana \u00a0a \u00a0los \u00a0Estados \u00a0Unidos, \u00a0que \u00a0ser\u00eda una violaci\u00f3n a las \u00a0Secciones \u00a0952 y 960 del T\u00edtulo 21 del C\u00f3digo de los Estados Unidos; y (2) con \u00a0conocimiento \u00a0de causa e intencionalmente fabricar y distribuir cinco kilogramos \u00a0o \u00a0m\u00e1s \u00a0de \u00a0una \u00a0mezcla \u00a0y \u00a0sustancia que conten\u00eda una cantidad preceptible de \u00a0coca\u00edna, \u00a0una \u00a0sustancia \u00a0controlada \u00a0de \u00a0la \u00a0Tabla \u00a0II, \u00a0con \u00a0intenciones \u00a0y a \u00a0sabiendas \u00a0de \u00a0que \u00a0esa \u00a0sustancia \u00a0ser\u00eda importada il\u00edcitamente a los Estados \u00a0Unidos, \u00a0que \u00a0ser\u00eda una violaci\u00f3n a las Secciones 959 y 960 del T\u00edtulo 21 del \u00a0C\u00f3digo de los Estados Unidos\u2026 \u00a0\u00a0<\/p>\n<p>\u201cCARGOS DOS \u00a0<\/p>\n<p>\u201c\u2026 \u00a0<\/p>\n<p>\u201cCon inicio en o \u00a0alrededor \u00a0de \u00a0mayo de 1999 y con continuaci\u00f3n hasta e inclusive la fecha de la \u00a0presentaci\u00f3n \u00a0de \u00a0esta \u00a0Acusaci\u00f3n, siendo las fechas exactas desconocidas para \u00a0el \u00a0Gran Jurado, en los Estados Unidos, la Rep\u00fablica de Colombia, la Rep\u00fablica \u00a0(Bolivariana) \u00a0de \u00a0Venezuela \u00a0y \u00a0en \u00a0otros \u00a0lugares, los acusados V\u00cdCTOR MEJ\u00cdA \u00a0M\u00daNERA, \u00a0alias \u00a0Chespirito, \u00a0alias \u00a0Sebasti\u00e1n, \u00a0alias \u00a0El \u00a0Loco; MIGUEL MEJ\u00cdA \u00a0M\u00daNERA, \u00a0alias \u00a0Don \u00a0Pablo, \u00a0alias \u00a0el \u00a0Mister; \u00a0HEINER \u00a0ARIAS, \u00a0alias Juli\u00e1n, \u00a0HERNANDO \u00a0REND\u00d3N \u00a0RIVERA, \u00a0alias \u00a0Nando; \u00a0WILSON \u00a0DE JES\u00daN VILLEGAS JARAMILLO, \u00a0alias \u00a0Dinast\u00eda; \u00a0JUAN \u00a0CARLOS RESTREPO SU\u00c1REZ, alias Barbas; GERM\u00c1N \u00c1NGULO, \u00a0alias \u00a0El Negro; JAIME ROJAS, alias Ya Tu Sabes; ORLANDO Z\u00da\u00d1IGA, alias Fabio y \u00a0otros \u00a0conocidos \u00a0y desconocidos para el Gran Jurado con conocimiento de causa e \u00a0intencionalmente \u00a0combinaron, concertaron, confederaron y acordaron a poseer con \u00a0intenciones \u00a0de distribuir cinco kilogramos o m\u00e1s de una mezcla y sustancia que \u00a0conten\u00eda \u00a0una \u00a0cantidad perceptible de coca\u00edna, una sustancia controlada de la \u00a0Tabla \u00a0II, \u00a0a \u00a0bordo \u00a0una \u00a0nave \u00a0sujeta \u00a0a la justicia de los Estados Unidos, en \u00a0violaci\u00f3n \u00a0a la Secci\u00f3n 1903(a) del Ap\u00e9ndice al T\u00edtulo 46 del C\u00f3digo de los \u00a0Estados Unidos\u2026\u201d. \u00a0\u00a0<\/p>\n<p>\u201cCARGO \u00a0TRES \u00a0\u00a0<\/p>\n<p>\u201cEn \u00a0alrededor \u00a0de \u00a0mayo \u00a0de \u00a01999, \u00a0los \u00a0acusados \u00a0V\u00cdCTOR \u00a0MEJ\u00cdA \u00a0M\u00daNERA, alias Chespirito, alias Sebasti\u00e1n, alias El \u00a0Loco; \u00a0MIGUEL \u00a0MEJ\u00cdA \u00a0M\u00daNERA, \u00a0alias \u00a0Don Pablo, alias El Mister; HEINER ARIAS \u00a0G\u00d3MEZ, \u00a0alias \u00a0Juli\u00e1n; \u00a0HERNANDO REND\u00d3N RIVERA, alias Nando; WILSON DE EJS\u00daS \u00a0VILLEGAS \u00a0JARAMILLO, \u00a0alias \u00a0Dinast\u00eda; \u00a0JUAN \u00a0CARLOS \u00a0RESTREPO \u00a0SU\u00c1REZ, \u00a0alias \u00a0Barbas; \u00a0GERM\u00c1N \u00c1NGULO, alias El Negro; JAIME ROJAS alias Ya Tu Sabes; ORLANDO \u00a0Z\u00da\u00d1IGA, \u00a0alias \u00a0Fabio \u00a0con \u00a0conocimiento de causa e intencionalmente poseyeron \u00a0con \u00a0intenciones de distribuir cinco kilogramos o m\u00e1s de una mezcla y sustancia \u00a0que \u00a0conten\u00eda una cantidad perceptible de coca\u00edna, una sustancia controlada de \u00a0la \u00a0Tabla \u00a0II, \u00a0a \u00a0saber: \u00a0aproximadamente \u00a04000 kilogramos, a bordo la motonave \u00a0China Breeze, una nave sujeta a la justicia de los Estados Unidos. \u00a0\u00a0<\/p>\n<p>\u201cEn \u00a0violaci\u00f3n a las Secciones 1903(a) y \u00a01903(g) \u00a0del \u00a0Ap\u00e9ndice \u00a0al \u00a0T\u00edtulo \u00a046 \u00a0del C\u00f3digo de los Estados Unidos y la \u00a0Secci\u00f3n 2 del T\u00edtulo 18 del C\u00f3digo de los Estados Unidos. \u00a0\u00a0<\/p>\n<p>\u201cCARGO CUATRO \u00a0<\/p>\n<p>\u201cEn \u00a0o \u00a0alrededor \u00a0de agosto de 2000, los \u00a0acusados \u00a0V\u00cdCTOR \u00a0MEJ\u00cdA \u00a0M\u00daNERA, alias Chespirito, alias Sebasti\u00e1n, alias El \u00a0Loco, \u00a0MIGUEL \u00a0MEJ\u00cdA \u00a0M\u00daNERA, \u00a0alias \u00a0Don Pablo, alias El Mister, HEINER ARIAS \u00a0G\u00d3MEZ, \u00a0alias \u00a0Juli\u00e1n; \u00a0HERNANDO REND\u00d3N RIVERA, alias Nando: WILSON DE JES\u00daS \u00a0VILLEGAS \u00a0JARAMILLO, \u00a0alias \u00a0Dinast\u00eda; \u00a0JUAN \u00a0CARLOS \u00a0RESTREPO \u00a0SU\u00c1REZ, \u00a0alias \u00a0Barbas; \u00a0GERM\u00c1N \u00c1NGULO, alias El Negro; JAIME ROJAS alias Ya Tu Sabes; ORLANDO \u00a0Z\u00da\u00d1IGA, \u00a0alias \u00a0Fabio \u00a0con \u00a0conocimiento de causa e intencionalmente poseyeron \u00a0con \u00a0intenciones \u00a0de \u00a0distribuir cinco kilogramos o m\u00e1s de una controlada de la \u00a0Tabla \u00a0II, \u00a0a saber: aproximadamente 4.000 kilogramos, a bordo la motonave China \u00a0Breeze, una nave sujeta a la justicia de los Estados Unidos. \u00a0\u00a0<\/p>\n<p>\u201cEn \u00a0violaci\u00f3n \u00a0a las Secciones 1903(a), \u00a01903(g)\u00a0 \u00a0y \u00a01903(j) del Ap\u00e9ndice al T\u00edtulo 46 del C\u00f3digo de los Estados \u00a0Unidos \u00a0 y \u00a0 la \u00a0 Secci\u00f3n \u00a0 2 \u00a0del \u00a0T\u00edtulo \u00a018 \u00a0del \u00a0C\u00f3digo \u00a0de \u00a0los \u00a0Estados \u00a0Unidos\u201d. \u00a0\u00a0<\/p>\n<p>As\u00ed, \u00a0se \u00a0proceder\u00e1 \u00a0a \u00a0determinar \u00a0si el \u00a0principio de la doble incriminaci\u00f3n se cumple. \u00a0\u00a0<\/p>\n<p>En \u00a0lo \u00a0que \u00a0tiene \u00a0que \u00a0ver con los cargos \u00a0primero \u00a0y\u00a0 \u00a0segundo, \u00a0de acuerdo con los hechos que se imputan, las normas \u00a0allegadas \u00a0y \u00a0los \u00a0hechos \u00a0all\u00ed \u00a0atribuidos, \u00a0encuentran adecuaci\u00f3n t\u00edpica en \u00a0nuestro \u00a0sistema \u00a0penal \u00a0en \u00a0lo reglado en el art\u00edculo 340, inciso segundo, del \u00a0C\u00f3digo \u00a0Penal, modificado por el art\u00edculo 8\u00b0 de la Ley 733 del 29 de enero de \u00a02002, \u00a0que \u00a0prev\u00e9 \u00a0el concierto para delinquir para cometer delitos de tr\u00e1fico \u00a0de \u00a0estupefacientes, habida cuenta, como qued\u00f3 visto, Hernando Rend\u00f3n Rivera y \u00a0otros \u00a0\u201ccon conocimiento de causa e intencionalmente \u00a0combinaron, \u00a0 \u00a0 concertaron, \u00a0 \u00a0 confederaron \u00a0 \u00a0 y \u00a0 \u00a0 acordaron\u2026\u201d \u00a0 \u201cimportar\u2026\u201d, \u00a0\u201cfabricar \u00a0y \u00a0distribuir\u2026cinco \u00a0kilogramos \u00a0o \u00a0m\u00e1s \u00a0de una mezcla y sustancia que conten\u00eda \u00a0una \u00a0 cantidad \u00a0 perceptible \u00a0de \u00a0coca\u00edna\u201d \u00a0(cargo \u00a0primero) \u00a0y \u00a0\u201cposeer \u00a0con intenciones de distribuir \u00a0cinco \u00a0kilogramos \u00a0o \u00a0m\u00e1s \u00a0de una mezcla y sustancia que conten\u00eda una cantidad \u00a0perceptible \u00a0de \u00a0coca\u00edna\u201d \u00a0(cargo segundo). \u00a0\u00a0<\/p>\n<p>Cabe \u00a0agregar \u00a0que el citado concierto para \u00a0delinquir \u00a0respecto \u00a0de \u00a0la comisi\u00f3n del punible de tr\u00e1fico de narc\u00f3ticos, en \u00a0nuestra \u00a0legislaci\u00f3n \u00a0contempla \u00a0una \u00a0pena \u00a0privativa de la libertad que oscila \u00a0entre seis (6) y doce (12) a\u00f1os de prisi\u00f3n. \u00a0\u00a0<\/p>\n<p>En \u00a0lo relativo al cargo tercero, tambi\u00e9n \u00a0encuentra \u00a0adecuaci\u00f3n \u00a0t\u00edpica \u00a0en \u00a0nuestro \u00a0sistema penal en el art\u00edculo 376, \u00a0inciso \u00a0 primero, \u00a0del \u00a0C\u00f3digo \u00a0Penal \u00a0que \u00a0consagra \u00a0la \u00a0conducta \u00a0punible \u00a0de \u00a0fabricaci\u00f3n \u00a0o \u00a0porte \u00a0de estupefacientes, habida cuenta que a Rend\u00f3n Rivera y \u00a0otros \u00a0se les acusa que \u201ccon conocimiento de causa e \u00a0intencionalmente \u00a0poseyeron \u00a0con \u00a0intenciones \u00a0de \u00a0distribuir cinco kilogramos o \u00a0m\u00e1s \u00a0de \u00a0una \u00a0mezcla \u00a0y \u00a0sustancia \u00a0que \u00a0conten\u00eda \u00a0una cantidad perceptible de \u00a0coca\u00edna\u2026\u201d, \u00a0que \u00a0tiene \u00a0una pena de prisi\u00f3n que \u00a0oscila \u00a0entre \u00a08 \u00a0y \u00a020 \u00a0a\u00f1os, \u00a0cumpli\u00e9ndose \u00a0igualmente el postulado de doble \u00a0incriminaci\u00f3n. \u00a0\u00a0<\/p>\n<p>Finalmente, \u00a0en \u00a0lo \u00a0que \u00a0ata\u00f1e \u00a0al \u00a0cargo \u00a0cuarto, \u00a0la \u00a0Sala \u00a0tambi\u00e9n \u00a0advierte \u00a0que \u00a0encuentra descripci\u00f3n t\u00edpica en el \u00a0art\u00edculo \u00a0376 del C\u00f3digo Penal que prev\u00e9, como se dijo, como conducta punible \u00a0el \u00a0tr\u00e1fico, \u00a0fabricaci\u00f3n \u00a0o \u00a0porte \u00a0de \u00a0estupefacientes, \u00a0puesto que Hernando \u00a0Rend\u00f3n \u00a0 Rivera \u00a0y \u00a0otros \u00a0se \u00a0les \u00a0acusa \u00a0de \u00a0\u201ccon \u00a0conocimiento \u00a0de \u00a0causa \u00a0e intencionalmente intentaron poseer con intenciones de \u00a0distribuir \u00a0cinco \u00a0kilogramos o m\u00e1s de una mezcla y sustancia que conten\u00eda una \u00a0cantidad \u00a0perceptible \u00a0de \u00a0coca\u00edna\u2026\u201d.. \u00a0Del mismo \u00a0modo, \u00a0este punible comporta una pena de prisi\u00f3n que oscila entre 8 y 20 a\u00f1os, \u00a0quantum \u00a0punitivo \u00a0que haci\u00e9ndole la rebaja de pena por raz\u00f3n de la tentativa, \u00a0seg\u00fan \u00a0el \u00a0art\u00edculo \u00a027 \u00a0del \u00a0mismo \u00a0estatuto, de todos modos se cumple con el \u00a0principio de la doble incriminaci\u00f3n. \u00a0\u00a0<\/p>\n<p>Por \u00a0consiguiente, no hay la menor duda que \u00a0se cumple con el principio de la doble incriminaci\u00f3n. \u00a0\u00a0<\/p>\n<p>4. \u00a0EQUIVALENCIA DE LA \u00a0PROVIDENCIA PROFERIDA EN EL EXTRANJERO \u00a0\u00a0<\/p>\n<p>En el presente caso advierte la Sala que no \u00a0existe \u00a0dificultad \u00a0alguna \u00a0para \u00a0concluir \u00a0que se cumple con el requisito de la \u00a0equivalencia, \u00a0contemplado \u00a0en \u00a0el \u00a0numeral 2\u00b0 del art\u00edculo 511 del C\u00f3digo de \u00a0Procedimiento \u00a0Penal, el cual exige \u201cque por lo menos \u00a0se \u00a0 haya \u00a0 dictado \u00a0 en \u00a0 el \u00a0 exterior \u00a0 resoluci\u00f3n \u00a0 de \u00a0 acusaci\u00f3n \u00a0 o \u00a0su \u00a0equivalente\u201d. \u00a0\u00a0<\/p>\n<p>En \u00a0efecto, \u00a0el Tribunal de Distrito de los \u00a0Estados \u00a0Unidos, \u00a0Distrito de Columbia, acus\u00f3 a Hernando Rend\u00f3n Rivera por las \u00a0conductas \u00a0punibles \u00a0se\u00f1aladas \u00a0en \u00a0precedencia, \u00a0mediante acto procesal que en \u00a0nuestra \u00a0legislaci\u00f3n \u00a0equivale \u00a0a \u00a0la resoluci\u00f3n de acusaci\u00f3n, como emerge de \u00a0las \u00a0siguientes \u00a0similitudes, \u00a0que las tornan equivalentes, mas no iguales, pues \u00a0corresponden \u00a0 a \u00a0 sistemas \u00a0 judiciales \u00a0 distintos, \u00a0 como \u00a0 lo \u00a0ha \u00a0dicho \u00a0la \u00a0Sala. \u00a0\u00a0<\/p>\n<p>a) Es un pliego concreto de cargos en contra \u00a0del acusado para que se defienda de ellos en el juicio. \u00a0\u00a0<\/p>\n<p>b) La actuaci\u00f3n procesal subsiguiente es el \u00a0juicio oral que finaliza con el respectivo fallo de m\u00e9rito. \u00a0\u00a0<\/p>\n<p>c) \u00a0 Se \u00a0 se\u00f1alan \u00a0 los \u00a0 hechos, \u00a0 con \u00a0especificaci\u00f3n \u00a0de las circunstancias de tiempo, modo y lugar en que ocurrieron \u00a0y \u00a0 la \u00a0 calificaci\u00f3n \u00a0 jur\u00eddica \u00a0de \u00a0la \u00a0conducta, \u00a0con \u00a0indicaci\u00f3n \u00a0de \u00a0las \u00a0disposiciones sustanciales aplicables. \u00a0\u00a0<\/p>\n<p>Por \u00a0lo \u00a0tanto, se observa que el pliego de \u00a0cargos \u00a0que \u00a0emiti\u00f3 la autoridad judicial del Estado requirente, es equivalente \u00a0y \u00a0 \u00a0tiene \u00a0 \u00a0la \u00a0 \u00a0misma \u00a0 \u00a0fuerza \u00a0 \u00a0vinculante \u00a0 \u00a0que \u00a0 la \u00a0 resoluci\u00f3n \u00a0 de \u00a0acusaci\u00f3n. \u00a0\u00a0<\/p>\n<p>ACOTACI\u00d3N \u00a0FINAL \u00a0\u00a0<\/p>\n<p>1. \u00a0No \u00a0est\u00e1 \u00a0de m\u00e1s poner de presente al \u00a0Gobierno \u00a0Nacional \u00a0que \u00a0en caso de concederse la extradici\u00f3n, debe condicionar \u00a0la \u00a0entrega \u00a0en \u00a0el \u00a0sentido de que Hernando Rend\u00f3n Rivera no ser\u00e1 juzgado por \u00a0hechos \u00a0distintos \u00a0a \u00a0los \u00a0que \u00a0originaron la reclamaci\u00f3n, ni sometido a tratos \u00a0crueles, \u00a0inhumanos \u00a0o \u00a0degradantes, \u00a0ni \u00a0se \u00a0le \u00a0impondr\u00e1 \u00a0la \u00a0pena \u00a0capital o \u00a0perpetua, \u00a0 al \u00a0 tenor \u00a0 del \u00a0 art\u00edculo \u00a0 512 \u00a0 del \u00a0C\u00f3digo \u00a0de \u00a0Procedimiento \u00a0Penal. \u00a0\u00a0<\/p>\n<p>2. \u00a0De \u00a0igual manera, como quiera que en el \u00a0cargo \u00a0primero \u00a0se hace menci\u00f3n que los hechos comenzaron a ocurrir a partir de \u00a0enero \u00a0de \u00a01994, el Gobierno Nacional debe condicionar la entrega, en el sentido \u00a0de \u00a0que \u00a0a \u00a0Hernando Rend\u00f3n Rivera s\u00f3lo se le puede juzgar por acontecimientos \u00a0llevados \u00a0a \u00a0cabo con posterioridad al 17 de diciembre de dicho a\u00f1o, de acuerdo \u00a0con \u00a0lo \u00a0estatuido \u00a0en el art\u00edculo 35 de la Constituci\u00f3n Pol\u00edtica, modificado \u00a0por el Acto Legislativo N\u00b0 01 de 1997. \u00a0\u00a0<\/p>\n<p>En \u00a0consecuencia, \u00a0como la totalidad de los \u00a0requisitos \u00a0 formales \u00a0 contemplados \u00a0 en \u00a0 el \u00a0art\u00edculo \u00a0520 \u00a0del \u00a0C\u00f3digo \u00a0de \u00a0Procedimiento \u00a0 Penal, \u00a0se \u00a0cumplen \u00a0satisfactoriamente, \u00a0la \u00a0Sala \u00a0CONCEPT\u00daA \u00a0FAVORABLEMENTE \u00a0a la solicitud \u00a0de \u00a0extradici\u00f3n \u00a0elevada \u00a0por \u00a0el \u00a0Gobierno \u00a0de los Estados Unidos de Am\u00e9rica, \u00a0respecto \u00a0del \u00a0ciudadano \u00a0colombiano \u00a0HERNANDO REND\u00d3N \u00a0RIVERA, \u00a0en \u00a0cuanto \u00a0tiene \u00a0que \u00a0ver \u00a0con \u00a0los \u00a0cargos \u00a0primero, \u00a0segundo, tercero y cuarto que le fueron imputados en la Acusaci\u00f3n N\u00b0 \u00a0CR \u00a004-034 \u00a0dictada\u00a0 \u00a0por \u00a0el \u00a0Tribunal \u00a0de Distrito de los Estados Unidos, \u00a0Distrito de Columbia. \u00a0\u00a0<\/p>\n<p>Comun\u00edquese \u00a0 esta \u00a0 determinaci\u00f3n \u00a0 al \u00a0requerido, \u00a0se\u00f1or \u00a0Hernando \u00a0Rend\u00f3n \u00a0Rivera, \u00a0a \u00a0su \u00a0defensor, \u00a0al \u00a0Agente del \u00a0Ministerio \u00a0 P\u00fablico \u00a0y \u00a0al \u00a0Fiscal \u00a0General \u00a0de \u00a0la \u00a0Naci\u00f3n \u00a0para \u00a0lo \u00a0de \u00a0su \u00a0cargo. \u00a0\u00a0<\/p>\n<p>Devu\u00e9lvase el expediente al Ministerio de \u00a0Justicia y del Derecho, para lo de ley. \u00a0\u00a0<\/p>\n<p>HERMAN \u00a0 \u00a0GAL\u00c1N \u00a0CASTELLANOS \u00a0\u00a0<\/p>\n<p>SIGIFREDO\u00a0 ESPINOSA \u00a0P\u00c9REZ \u00a0 \u00a0 \u00a0 \u00a0\u00a0 \u00a0 \u00a0 \u00a0 \u00a0\u00a0ALFREDO \u00a0 \u00a0G\u00d3MEZ \u00a0QUINTERO \u00a0\u00a0<\/p>\n<p>EDGAR \u00a0 \u00a0LOMBANA \u00a0TRUJILLO \u00a0 \u00a0 \u00a0\u00a0 \u00a0\u00a0 \u00a0\u00a0 \u00a0 \u00a0 \u00a0\u00a0 \u00a0\u00a0\u00c1LVARO ORLANDO \u00a0P\u00c9REZ PINZ\u00d3N \u00a0\u00a0<\/p>\n<p>MARINA \u00a0 PULIDO \u00a0DE \u00a0BAR\u00d3N \u00a0 \u00a0 \u00a0 \u00a0\u00a0 \u00a0 \u00a0 \u00a0 \u00a0\u00a0JORGE \u00a0LUIS \u00a0QUINTERO \u00a0MILAN\u00c9S \u00a0\u00a0<\/p>\n<p>YESID \u00a0 RAM\u00cdREZ \u00a0BASTIDAS \u00a0 \u00a0\u00a0 \u00a0\u00a0 \u00a0\u00a0 \u00a0\u00a0 \u00a0\u00a0 \u00a0\u00a0 \u00a0 \u00a0\u00a0 \u00a0 \u00a0 \u00a0 \u00a0 \u00a0 \u00a0 \u00a0 \u00a0 \u00a0\u00a0MAURO SOLARTE PORTILLA \u00a0\u00a0<\/p>\n<p>TERESA \u00a0 \u00a0RU\u00cdZ \u00a0N\u00da\u00d1EZ \u00a0\u00a0<\/p>\n<p>Secretaria \u00a0\u00a0<\/p>\n<p>\u00a0 \u00a0\u00a0<\/p>\n<p>1 \u00a0Concepto \u00a0del \u00a023 \u00a0de \u00a0septiembre \u00a0de 2003. M. P. Dr. \u00a0Mauro Solarte Portilla. Rad. 20588. \u00a0 \u00a0\u00a0<\/p>\n<p><\/p>\n","protected":false},"excerpt":{"rendered":"<p>\u00a0 \u00a0 Proceso No 22516 \u00a0 CORTE SUPREMA DE JUSTICIA \u00a0 SALA DE CASACI\u00d3N PENAL \u00a0 Magistrado Ponente \u00a0 JORGE \u00a0 LUIS \u00a0QUINTERO \u00a0MILAN\u00c9S \u00a0\u00a0 Aprobado \u00a0 acta \u00a0 N\u00b0 \u00a0095 \u00a0\u00a0 Bogot\u00e1, D. C., tres (3) de noviembre de dos \u00a0mil cuatro (2004). \u00a0\u00a0 V \u00a0 \u00a0I \u00a0 S \u00a0 T \u00a0 O \u00a0S [&hellip;]<\/p>\n","protected":false},"author":1,"featured_media":0,"comment_status":"open","ping_status":"open","sticky":false,"template":"","format":"standard","meta":{"footnotes":""},"categories":[12],"tags":[],"class_list":["post-9072","post","type-post","status-publish","format-standard","hentry","category-12"],"_links":{"self":[{"href":"https:\/\/dmsjuridica.com\/buscador_20179478954\/salapenalcronologico20230723\/wp-json\/wp\/v2\/posts\/9072","targetHints":{"allow":["GET"]}}],"collection":[{"href":"https:\/\/dmsjuridica.com\/buscador_20179478954\/salapenalcronologico20230723\/wp-json\/wp\/v2\/posts"}],"about":[{"href":"https:\/\/dmsjuridica.com\/buscador_20179478954\/salapenalcronologico20230723\/wp-json\/wp\/v2\/types\/post"}],"author":[{"embeddable":true,"href":"https:\/\/dmsjuridica.com\/buscador_20179478954\/salapenalcronologico20230723\/wp-json\/wp\/v2\/users\/1"}],"replies":[{"embeddable":true,"href":"https:\/\/dmsjuridica.com\/buscador_20179478954\/salapenalcronologico20230723\/wp-json\/wp\/v2\/comments?post=9072"}],"version-history":[{"count":0,"href":"https:\/\/dmsjuridica.com\/buscador_20179478954\/salapenalcronologico20230723\/wp-json\/wp\/v2\/posts\/9072\/revisions"}],"wp:attachment":[{"href":"https:\/\/dmsjuridica.com\/buscador_20179478954\/salapenalcronologico20230723\/wp-json\/wp\/v2\/media?parent=9072"}],"wp:term":[{"taxonomy":"category","embeddable":true,"href":"https:\/\/dmsjuridica.com\/buscador_20179478954\/salapenalcronologico20230723\/wp-json\/wp\/v2\/categories?post=9072"},{"taxonomy":"post_tag","embeddable":true,"href":"https:\/\/dmsjuridica.com\/buscador_20179478954\/salapenalcronologico20230723\/wp-json\/wp\/v2\/tags?post=9072"}],"curies":[{"name":"wp","href":"https:\/\/api.w.org\/{rel}","templated":true}]}}