{"id":8976,"date":"2023-09-08T17:46:57","date_gmt":"2023-09-08T17:46:57","guid":{"rendered":"https:\/\/dmsjuridica.com\/buscador_20179478954\/salapenalcronologico20230723\/2023\/09\/08\/2234027-05-04\/"},"modified":"2023-09-08T17:46:57","modified_gmt":"2023-09-08T17:46:57","slug":"2234027-05-04","status":"publish","type":"post","link":"https:\/\/dmsjuridica.com\/buscador_20179478954\/salapenalcronologico20230723\/2023\/09\/08\/2234027-05-04\/","title":{"rendered":"22340(27-05-04)"},"content":{"rendered":"\n<p>\u00a0 \u00a0 PROCESO No 22340 \u00a0<\/p>\n<p>CORTE SUPREMA DE JUSTICIA \u00a0<\/p>\n<p>SALA \u00a0 DE \u00a0 CASACI\u00d3N \u00a0PENAL \u00a0\u00a0<\/p>\n<p>MAGISTRADO \u00a0PONENTE \u00a0\u00a0<\/p>\n<p>\u00c1LVARO \u00a0ORLANDO \u00a0P\u00c9REZ \u00a0PINZ\u00d3N \u00a0\u00a0<\/p>\n<p>APROBADO ACTA No. 45 \u00a0<\/p>\n<p>Bogot\u00e1, \u00a0D. \u00a0C.,\u00a0 \u00a0veintisiete (27) de \u00a0mayo del dos mil cuatro (2004). \u00a0\u00a0<\/p>\n<p>VISTOS \u00a0<\/p>\n<p>\u00a0 \u00a0\u00a0 \u00a0\u00a0 \u00a0Resuelve \u00a0la \u00a0Sala \u00a0la solicitud de cambio de radicaci\u00f3n formulada \u00a0por \u00a0los \u00a0defensores \u00a0de los procesados GUSTAVO MENDOZA \u00a0L\u00d3PEZ \u00a0 \u00a0 y \u00a0 \u00a0GUSTAVO \u00a0RUFEIRO, \u00a0a \u00a0quienes \u00a0el \u00a0Juzgado \u00a0Segundo \u00a0Penal del \u00a0Circuito \u00a0Especializado \u00a0de \u00a0C\u00facuta \u00a0les \u00a0adelanta, \u00a0junto \u00a0a otros procesados, \u00a0juicio \u00a0por \u00a0los \u00a0delitos \u00a0de concierto para delinquir con fines de terrorismo y \u00a0rebeli\u00f3n. \u00a0\u00a0<\/p>\n<p>LA \u00a0SOLICITUD \u00a0\u00a0<\/p>\n<p>\u00a0 \u00a0\u00a0 \u00a0\u00a0 \u00a0Se\u00f1alan \u00a0los \u00a0defensores que el homicidio del doctor Carlos Bernal \u00a0Ram\u00edrez, \u00a0quien \u00a0ven\u00eda \u00a0asistiendo la causa de uno de los procesados, acaecido \u00a0el \u00a0pasado \u00a01\u00ba. de abril en la ciudad de C\u00facuta, as\u00ed como el del doctor Jairo \u00a0Obreg\u00f3n \u00a0Sabogal \u00a0cuando \u00a0representaba a varios sindicados en el mismo proceso, \u00a0muertes \u00a0que \u00a0consideran \u00a0relacionadas \u00a0con \u00a0la tarea defensiva que cumpl\u00edan en \u00a0esta \u00a0actuaci\u00f3n, \u00a0indican \u00a0claramente \u00a0que \u00a0no \u00a0existen garant\u00edas para que los \u00a0sujetos \u00a0procesales \u00a0ni \u00a0los \u00a0funcionarios \u00a0judiciales \u00a0puedan \u00a0desarrollar \u00a0con \u00a0independencia e imparcialidad sus labores. \u00a0\u00a0<\/p>\n<p>\u00a0 \u00a0\u00a0 \u00a0\u00a0 \u00a0Piden \u00a0por \u00a0tal raz\u00f3n que se disponga el cambio de radicaci\u00f3n del \u00a0proceso, \u00a0solicitud \u00a0que \u00a0coadyuvan \u00a0tanto \u00a0el juez que lo tiene a cargo como el \u00a0agente del ministerio p\u00fablico que interviene en el mismo. \u00a0\u00a0<\/p>\n<p>\u00a0 \u00a0\u00a0 \u00a0\u00a0 \u00a0Para \u00a0el \u00a0primero, \u00a0quien \u00a0adem\u00e1s \u00a0anex\u00f3 copias de algunas piezas \u00a0procesales que estima importantes para apoyar la petici\u00f3n, \u00a0\u00a0<\/p>\n<p>\u00a0 \u00a0\u00a0 \u00a0\u00a0 \u00a0\u00a0\u201c&#8230; \u00a0los \u00a0homicidios \u00a0consumados \u00a0contra los abogados que ven\u00edan \u00a0ejerciendo \u00a0la defensa en el presente caso; la muerte del m\u00e9dico CARLOS AUGUSTO \u00a0UTRERA \u00a0GUZM\u00c1N, \u00a0padre \u00a0de la procesada ANA ALIX UTRERA, as\u00ed como los actos de \u00a0intimidaci\u00f3n \u00a0denunciados \u00a0por \u00a0el procesado GUSTAVO RUFIERO, ANA ALIX UTRERA y \u00a0por \u00a0el \u00a0abogado, CARLOS BERNAL RAM\u00cdREZ Y LUIS ENRIQUE BERBESI DIAZ, evidencian \u00a0una \u00a0situaci\u00f3n \u00a0real \u00a0que \u00a0afecta \u00a0la \u00a0seguridad \u00a0o \u00a0integridad personal de los \u00a0sujetos \u00a0 \u00a0procesales \u00a0 \u00a0y \u00a0 \u00a0de \u00a0 \u00a0los \u00a0 \u00a0funcionarios \u00a0 judiciales \u00a0 en \u00a0 esta \u00a0causa\u201d. \u00a0\u00a0<\/p>\n<p>\u00a0 \u00a0\u00a0 \u00a0\u00a0 \u00a0El \u00a0segundo \u00a0anota \u00a0que \u00a0el \u00a0cambio \u00a0de \u00a0radicaci\u00f3n \u00a0es necesario, \u00a0pues \u00a0\u00a0<\/p>\n<p>\u00a0 \u00a0\u00a0 \u00a0\u00a0 \u00a0\u00a0\u201c&#8230; \u00a0 a \u00a0 los \u00a0asesinatos \u00a0de \u00a0dos \u00a0defensores \u00a0contractuales \u00a0de \u00a0sindicados \u00a0en \u00a0este \u00a0proceso, alegados por los solicitantes como sustento de su \u00a0petici\u00f3n, \u00a0se \u00a0suma la muerte, en circunstancias que aparecen registradas a los \u00a0autos, \u00a0del \u00a0se\u00f1or padre de la sindicada ALIX DEL PILAR UTRERA CONTRERAS, quien \u00a0tambi\u00e9n era profesional del derecho\u201d. \u00a0\u00a0<\/p>\n<p>CONSIDERACIONES \u00a0\u00a0<\/p>\n<p>\u00a0 \u00a0<\/p>\n<p>\u00a0 \u00a0\u00a0 \u00a0\u00a0 \u00a01. \u00a0No \u00a0obstante que la petici\u00f3n fue dirigida al Tribunal Superior \u00a0de \u00a0C\u00facuta, \u00a0lo \u00a0que supondr\u00eda que el cambio de radicaci\u00f3n solicitado podr\u00eda \u00a0efectuarse \u00a0dentro \u00a0del \u00a0mismo distrito judicial, es obvio, como lo infiri\u00f3 esa \u00a0Corporaci\u00f3n, \u00a0 dada \u00a0la \u00a0competencia \u00a0territorial \u00a0del \u00a0despacho \u00a0judicial \u00a0que \u00a0adelanta \u00a0el \u00a0juicio \u00a0y \u00a0las \u00a0circunstancias \u00a0que \u00a0motivan \u00a0la solicitud, que lo \u00a0pretendido \u00a0es \u00a0el \u00a0traslado \u00a0del \u00a0asunto \u00a0a \u00a0un \u00a0distrito \u00a0judicial \u00a0diferente. \u00a0\u00a0<\/p>\n<p>As\u00ed \u00a0entendida \u00a0la \u00a0petici\u00f3n, la Corte es \u00a0competente \u00a0para \u00a0resolverla de acuerdo con lo previsto en el art\u00edculo 75-8 del \u00a0C\u00f3digo de Procedimiento Penal. \u00a0\u00a0<\/p>\n<p>\u00a0 \u00a0\u00a0 \u00a0\u00a0 \u00a02. \u00a0El \u00a0art\u00edculo \u00a085 \u00a0del \u00a0mismo \u00a0estatuto \u00a0autoriza \u00a0el cambio de \u00a0radicaci\u00f3n \u00a0 \u201ccuando, \u00a0 en \u00a0el \u00a0territorio \u00a0donde \u00a0se \u00a0est\u00e9 \u00a0adelantando \u00a0la \u00a0actuaci\u00f3n \u00a0 procesal, \u00a0existan \u00a0circunstancias \u00a0que \u00a0puedan \u00a0afectar \u00a0el \u00a0orden \u00a0p\u00fablico, \u00a0 la \u00a0imparcialidad \u00a0o \u00a0la \u00a0independencia \u00a0de \u00a0la \u00a0administraci\u00f3n \u00a0de \u00a0justicia, \u00a0 las \u00a0 garant\u00edas \u00a0procesales, \u00a0la \u00a0publicidad \u00a0del \u00a0juzgamiento, \u00a0la \u00a0seguridad \u00a0o integridad personal de los sujetos procesales o de los funcionarios \u00a0judiciales\u201d. \u00a0\u00a0<\/p>\n<p>\u00a0 \u00a0\u00a0 \u00a0\u00a0 \u00a03. \u00a0Los \u00a0documentos aportados por el juez especializado que tiene a \u00a0cargo el proceso, revelan los siguientes hechos objetivos: \u00a0\u00a0<\/p>\n<p>\u00a0 \u00a0\u00a0 \u00a0\u00a0 \u00a0a. \u00a0El \u00a031 \u00a0de octubre del 2003, fue muerto en la ciudad de C\u00facuta \u00a0el \u00a0abogado \u00a0Jairo \u00a0Ernesto \u00a0Obreg\u00f3n \u00a0Sabogal, defensor de los procesados Justo \u00a0Vidal Rinc\u00f3n, Gustavo Mendoza y Ana Alix del Pilar Utrera Rinc\u00f3n. \u00a0\u00a0<\/p>\n<p>\u00a0 \u00a0\u00a0 \u00a0\u00a0 \u00a0b. \u00a0El \u00a028 \u00a0de febrero del 2004, fue muerto en la ciudad de C\u00facuta \u00a0el \u00a0doctor \u00a0Carlos \u00a0Augusto Utrera Guzm\u00e1n, padre de Ana Alix del Pilar y suegro \u00a0de \u00a0Gustavo Mendoza L\u00f3pez, quien al decir de \u00e9ste y de su defensor contribu\u00eda \u00a0a demostrar la inocencia de ambos. \u00a0\u00a0<\/p>\n<p>\u00a0 \u00a0\u00a0 \u00a0\u00a0 \u00a0c. \u00a0El \u00a0mismo \u00a0d\u00eda, \u00a0la \u00a0defensora regional del pueblo de Norte de \u00a0Santander \u00a0solicit\u00f3 a la direcci\u00f3n de la c\u00e1rcel El Buen Pastor de C\u00facuta, se \u00a0tomaran \u00a0las \u00a0medidas \u00a0pertinentes \u00a0para brindarle seguridad a la se\u00f1ora Utrera \u00a0Rinc\u00f3n, \u00a0\u201cya \u00a0que \u00a0manifiesta \u00a0que \u00a0teme \u00a0por \u00a0su \u00a0vida\u201d. \u00a0La petici\u00f3n fue \u00a0reiterada el 7 de marzo. \u00a0\u00a0<\/p>\n<p>\u00a0 \u00a0\u00a0 \u00a0\u00a0 \u00a0d. \u00a0Al \u00a0finalizar \u00a0el estudio previo a la calificaci\u00f3n del m\u00e9rito \u00a0sumarial \u00a0que \u00a0present\u00f3 el abogado Carlos Salvador Bernal Ram\u00edrez, defensor de \u00a0los \u00a0sindicados Ana Alix del Pilar Utrera Rinc\u00f3n, Gustavo Rufiero y Justo Vidal \u00a0Rinc\u00f3n, anot\u00f3: \u00a0\u00a0<\/p>\n<p>\u00a0 \u00a0\u00a0 \u00a0\u00a0 \u00a0\u201cQuiero \u00a0se\u00f1or \u00a0fiscal \u00a0llamar \u00a0su atenci\u00f3n sobre lo traum\u00e1tico \u00a0que \u00a0a \u00a0resultado \u00a0el \u00a0desarrollo \u00a0de esta pesquisa no por parte de la Fiscal\u00eda \u00a0pero \u00a0si \u00a0por \u00a0agentes \u00a0externos \u00a0que \u00a0parecieran tener inter\u00e9s que no se pueda \u00a0desarrollas \u00a0una \u00a0defensa \u00a0con \u00a0las \u00a0garant\u00edas \u00a0suficientes, pues como es de su \u00a0conocimiento \u00a0el \u00a0Dr. \u00a0Carlos \u00a0Utrera, \u00a0padre \u00a0de \u00a0mi representada y persona que \u00a0contribu\u00eda \u00a0a la defensa de ella fue asesinado, como tambi\u00e9n lo fue el ilustre \u00a0togado \u00a0Dr. \u00a0Obreg\u00f3n \u00a0Sabogal \u00a0y \u00a0adem\u00e1s \u00a0quiero \u00a0manifestarle \u00a0que \u00a0cuando me \u00a0posesione \u00a0como \u00a0defensor t\u00e9cnico y contractual de la se\u00f1ora Ana Alix Utrera y \u00a0posteriormente \u00a0de \u00a0oficio, \u00a0cargo \u00a0que \u00a0me \u00a0asigno \u00a0su \u00a0digno despacho y que yo \u00a0acept\u00e9 \u00a0en \u00a0honor \u00a0al \u00a0derecho y a la justicia, he sido amenazado en reiteradas \u00a0oportunidades \u00a0por \u00a0parte \u00a0de \u00a0supuestos \u00a0grupos paramilitares que han prometido \u00a0atentar \u00a0contra \u00a0mi vida y quienes igualmente me han indicado que si no abandono \u00a0el \u00a0caso \u00a0correr\u00e9 la misma suerte de los ya asesinados, por lo que le solicito, \u00a0al \u00a0tenor \u00a0de \u00a0la \u00a0ley procesal penal y fundamentalmente en lo que tiene que ver \u00a0con \u00a0las \u00a0garant\u00edas \u00a0de los sujetos procesales se tomen medidas que permitan la \u00a0protecci\u00f3n \u00a0de \u00a0mi vida y se me garantice seguir asumiendo el papel de defensor \u00a0de los aqu\u00ed encartados\u201d. \u00a0\u00a0<\/p>\n<p>\u00a0 \u00a0\u00a0 \u00a0\u00a0 \u00a0e. \u00a0El \u00a01\u00ba. \u00a0de abril del 2004, fue muerto en la ciudad de C\u00facuta \u00a0el doctor Carlos Salvador Bernal Ram\u00edrez. \u00a0\u00a0<\/p>\n<p>\u00a0 \u00a0\u00a0 \u00a0\u00a0 \u00a0f. \u00a0Al \u00a0d\u00eda siguiente, el doctor Luis Enrique Berbesi, defensor de \u00a0Lino Sandoval Espinosa, le comunic\u00f3 al juez especializado que \u00a0\u00a0<\/p>\n<p>\u00a0 \u00a0\u00a0 \u00a0\u00a0 \u00a0\u00a0\u201cDadas \u00a0las circunstancias de peligrosidad que representa el hecho \u00a0de \u00a0actuar \u00a0como abogado Defensor en este proceso, evidenciada en dos muertes de \u00a0Profesionales \u00a0del \u00a0Derecho que actuaban como apoderados, con todo respeto, ante \u00a0la \u00a0falta de garant\u00edas para seguir actuando, me permito expresar al se\u00f1or Juez \u00a0que \u00a0 presento \u00a0 mi \u00a0 renuncia \u00a0 al \u00a0poder \u00a0conferido \u00a0por \u00a0mi \u00a0asistido \u00a0de \u00a0la \u00a0referencia\u201d. \u00a0\u00a0<\/p>\n<p>4. La dram\u00e1tica situaci\u00f3n que se evidencia \u00a0a \u00a0trav\u00e9s \u00a0de \u00a0estos hechos, muestra que en realidad en el distrito judicial de \u00a0C\u00facuta \u00a0no \u00a0existen \u00a0garant\u00edas \u00a0para la seguridad o integridad personal de los \u00a0sujetos \u00a0procesales \u00a0ni del propio juez de la causa, comprometi\u00e9ndose tambi\u00e9n, \u00a0dado \u00a0el \u00a0efecto \u00a0intimidatorio \u00a0que \u00a0naturalmente \u00a0producen \u00a0aquellas muertes y \u00a0amenazas,\u00a0 \u00a0la \u00a0imparcialidad \u00a0e \u00a0independencia \u00a0de \u00a0la \u00a0administraci\u00f3n de \u00a0justicia. \u00a0\u00a0<\/p>\n<p>No \u00a0se \u00a0trata, \u00a0por \u00a0lo \u00a0visto, \u00a0de simples \u00a0conjeturas \u00a0o suposiciones sobre la ocurrencia de probables hechos futuros, sino \u00a0de \u00a0acontecimientos \u00a0actuales \u00a0de objetiva gravedad que obligan a excepcionar el \u00a0principio \u00a0de \u00a0competencia \u00a0territorial \u00a0para \u00a0autorizar, \u00a0como lo dispondr\u00e1 la \u00a0Corte, \u00a0que \u00a0el \u00a0conocimiento \u00a0del \u00a0proceso lo asuma un juez especializado de un \u00a0distrito \u00a0 \u00a0judicial \u00a0 \u00a0diferente \u00a0 a \u00a0 aquel \u00a0 en \u00a0 el \u00a0 que \u00a0 ocurrieron \u00a0 los \u00a0hechos. \u00a0\u00a0<\/p>\n<p>En consecuencia, el proceso ser\u00e1 asignado a \u00a0los \u00a0Jueces \u00a0Penales \u00a0del \u00a0Circuito \u00a0Especializado \u00a0de \u00a0Bogot\u00e1, \u00a0reparto, \u00a0pues \u00a0considera \u00a0la Sala que en esta ciudad se disminuyen notablemente los riesgos que \u00a0ahora \u00a0corren \u00a0tanto \u00a0los \u00a0sujetos procesales como el juez, quien adem\u00e1s podr\u00e1 \u00a0actuar \u00a0dentro \u00a0de \u00a0los \u00a0niveles \u00a0de \u00a0independencia y autonom\u00eda que la funci\u00f3n \u00a0judicial exige. \u00a0\u00a0<\/p>\n<p>\u00a0 \u00a0\u00a0 \u00a0\u00a0 \u00a0En \u00a0m\u00e9rito \u00a0de lo expuesto, la Sala de Casaci\u00f3n Penal de la Corte \u00a0Suprema de Justicia, \u00a0\u00a0<\/p>\n<p>RESUELVE \u00a0\u00a0<\/p>\n<p>1. Declarar fundada \u00a0la \u00a0solicitud \u00a0de \u00a0cambio \u00a0de \u00a0radicaci\u00f3n \u00a0elevada \u00a0por \u00a0los \u00a0defensores de los \u00a0procesados \u00a0 GUSTAVO \u00a0 MENDOZA \u00a0 L\u00d3PEZ \u00a0y \u00a0 \u00a0 \u00a0GUSTAVO \u00a0 \u00a0 RUFEIRO, \u00a0coadyuvada \u00a0por el Juez Segundo Penal del Circuito Especializado \u00a0de C\u00facuta y el Procurador 90 Judicial II en asuntos penales. \u00a0\u00a0<\/p>\n<p>En consecuencia, asignar el conocimiento del \u00a0proceso \u00a0a \u00a0los \u00a0Jueces \u00a0Penales \u00a0del \u00a0Circuito Especializado de Bogot\u00e1, a cuyo \u00a0reparto el Juez Segundo de C\u00facuta enviar\u00e1 el expediente. \u00a0\u00a0<\/p>\n<p>2. \u00a0El \u00a0Juzgado \u00a0Segundo \u00a0Penal \u00a0del Circuito Especializado de C\u00facuta comunicar\u00e1 lo decidido en \u00a0este \u00a0auto \u00a0a \u00a0los sujetos procesales y a los directores de los establecimientos \u00a0carcelarios donde se encuentran los procesados. \u00a0\u00a0<\/p>\n<p>Comun\u00edquese y c\u00famplase. \u00a0<\/p>\n<p>HERMAN GAL\u00c1N CASTELLANOS \u00a0<\/p>\n<p>JORGE \u00a0AN\u00cdBAL \u00a0G\u00d3MEZ \u00a0GALLEGO \u00a0 \u00a0 \u00a0 \u00a0 \u00a0\u00a0 \u00a0\u00a0\u00a0 \u00a0ALFREDO G\u00d3MEZ QUINTERO \u00a0\u00a0<\/p>\n<p>\u00c9DGAR \u00a0 \u00a0 \u00a0 \u00a0 \u00a0 LOMBANA \u00a0TRUJILLO\u00a0\u00a0\u00a0\u00a0\u00a0\u00a0\u00a0\u00a0\u00a0\u00a0\u00a0\u00a0 \u00a0\u00c1LVARO O. P\u00c9REZ PINZ\u00d3N \u00a0\u00a0<\/p>\n<p>MARINA \u00a0 PULIDO \u00a0 DE \u00a0 BAR\u00d3N \u00a0 \u00a0\u00a0 \u00a0 \u00a0\u00a0 \u00a0 \u00a0\u00a0 \u00a0 \u00a0 \u00a0 \u00a0 \u00a0\u00a0 \u00a0 \u00a0\u00a0 \u00a0 \u00a0\u00a0 \u00a0 \u00a0\u00a0 JORGE L. QUINTERO MILAN\u00c9S \u00a0\u00a0<\/p>\n<p>YESID \u00a0 RAM\u00cdREZ \u00a0 BASTIDAS \u00a0 \u00a0 \u00a0 \u00a0\u00a0 \u00a0 \u00a0 \u00a0 \u00a0\u00a0 \u00a0 \u00a0 \u00a0 \u00a0\u00a0 \u00a0 \u00a0 \u00a0 \u00a0\u00a0\u00a0\u00a0\u00a0\u00a0\u00a0\u00a0\u00a0\u00a0\u00a0\u00a0 \u00a0MAURO SOLARTE PORTILLA \u00a0\u00a0<\/p>\n<p>TERESA RUIZ N\u00da\u00d1EZ \u00a0<\/p>\n<p>Secretaria \u00a0 \u00a0<\/p>\n<p><\/p>\n","protected":false},"excerpt":{"rendered":"<p>\u00a0 \u00a0 PROCESO No 22340 \u00a0 CORTE SUPREMA DE JUSTICIA \u00a0 SALA \u00a0 DE \u00a0 CASACI\u00d3N \u00a0PENAL \u00a0\u00a0 MAGISTRADO \u00a0PONENTE \u00a0\u00a0 \u00c1LVARO \u00a0ORLANDO \u00a0P\u00c9REZ \u00a0PINZ\u00d3N \u00a0\u00a0 APROBADO ACTA No. 45 \u00a0 Bogot\u00e1, \u00a0D. \u00a0C.,\u00a0 \u00a0veintisiete (27) de \u00a0mayo del dos mil cuatro (2004). \u00a0\u00a0 VISTOS \u00a0 \u00a0 \u00a0\u00a0 \u00a0\u00a0 \u00a0Resuelve \u00a0la \u00a0Sala \u00a0la solicitud de [&hellip;]<\/p>\n","protected":false},"author":1,"featured_media":0,"comment_status":"open","ping_status":"open","sticky":false,"template":"","format":"standard","meta":{"footnotes":""},"categories":[12],"tags":[],"class_list":["post-8976","post","type-post","status-publish","format-standard","hentry","category-12"],"_links":{"self":[{"href":"https:\/\/dmsjuridica.com\/buscador_20179478954\/salapenalcronologico20230723\/wp-json\/wp\/v2\/posts\/8976","targetHints":{"allow":["GET"]}}],"collection":[{"href":"https:\/\/dmsjuridica.com\/buscador_20179478954\/salapenalcronologico20230723\/wp-json\/wp\/v2\/posts"}],"about":[{"href":"https:\/\/dmsjuridica.com\/buscador_20179478954\/salapenalcronologico20230723\/wp-json\/wp\/v2\/types\/post"}],"author":[{"embeddable":true,"href":"https:\/\/dmsjuridica.com\/buscador_20179478954\/salapenalcronologico20230723\/wp-json\/wp\/v2\/users\/1"}],"replies":[{"embeddable":true,"href":"https:\/\/dmsjuridica.com\/buscador_20179478954\/salapenalcronologico20230723\/wp-json\/wp\/v2\/comments?post=8976"}],"version-history":[{"count":0,"href":"https:\/\/dmsjuridica.com\/buscador_20179478954\/salapenalcronologico20230723\/wp-json\/wp\/v2\/posts\/8976\/revisions"}],"wp:attachment":[{"href":"https:\/\/dmsjuridica.com\/buscador_20179478954\/salapenalcronologico20230723\/wp-json\/wp\/v2\/media?parent=8976"}],"wp:term":[{"taxonomy":"category","embeddable":true,"href":"https:\/\/dmsjuridica.com\/buscador_20179478954\/salapenalcronologico20230723\/wp-json\/wp\/v2\/categories?post=8976"},{"taxonomy":"post_tag","embeddable":true,"href":"https:\/\/dmsjuridica.com\/buscador_20179478954\/salapenalcronologico20230723\/wp-json\/wp\/v2\/tags?post=8976"}],"curies":[{"name":"wp","href":"https:\/\/api.w.org\/{rel}","templated":true}]}}