{"id":8946,"date":"2023-09-08T17:46:56","date_gmt":"2023-09-08T17:46:56","guid":{"rendered":"https:\/\/dmsjuridica.com\/buscador_20179478954\/salapenalcronologico20230723\/2023\/09\/08\/2226702-06-04\/"},"modified":"2023-09-08T17:46:56","modified_gmt":"2023-09-08T17:46:56","slug":"2226702-06-04","status":"publish","type":"post","link":"https:\/\/dmsjuridica.com\/buscador_20179478954\/salapenalcronologico20230723\/2023\/09\/08\/2226702-06-04\/","title":{"rendered":"22267(02-06-04)"},"content":{"rendered":"\n<p>\u00a0 \u00a0 Proceso No 22267 \u00a0<\/p>\n<p>CORTE SUPREMA DE JUSTICIA \u00a0<\/p>\n<p>SALA DE CASACI\u00d3N PENAL \u00a0<\/p>\n<p>\u00a0 \u00a0\u00a0 \u00a0\u00a0 \u00a0\u00a0 \u00a0\u00a0 \u00a0 \u00a0 \u00a0 \u00a0 \u00a0 \u00a0\u00a0 \u00a0Magistrado Ponente: \u00a0\u00a0<\/p>\n<p>\u00a0 \u00a0\u00a0 \u00a0\u00a0 \u00a0\u00a0 \u00a0\u00a0 \u00a0 \u00a0 \u00a0 \u00a0 \u00a0 \u00a0\u00a0 \u00a0\u00a0 \u00a0 \u00a0 \u00a0 \u00a0Dr. YESID RAM\u00cdREZ BASTIDAS \u00a0\u00a0<\/p>\n<p>\u00a0 \u00a0\u00a0 \u00a0\u00a0 \u00a0\u00a0 \u00a0\u00a0 \u00a0 \u00a0 \u00a0 \u00a0 \u00a0 \u00a0\u00a0 \u00a0\u00a0 \u00a0 \u00a0 \u00a0 \u00a0Aprobado Acta # 46 \u00a0\u00a0<\/p>\n<p>Bogot\u00e1 D.C., junio dos (2) de dos mil cuatro \u00a0(2004). \u00a0\u00a0<\/p>\n<p>VISTOS: \u00a0<\/p>\n<p>Resuelve la Sala si admite o no la demanda de \u00a0casaci\u00f3n \u00a0 presentada \u00a0 por \u00a0el \u00a0defensor \u00a0del \u00a0procesado \u00a0NEFER \u00a0ARBEY \u00a0LOSADA \u00a0POLAN\u00cdA. \u00a0\u00a0<\/p>\n<p>ANTECEDENTES Y CONSIDERACIONES: \u00a0<\/p>\n<p>1. \u00a0M\u00f3nica Andrea \u00a0P\u00e9rez \u00a0concurri\u00f3 \u00a0el \u00a010 de febrero de 1999 a la Unidad de Reacci\u00f3n Inmediata \u00a0del \u00a0Centro de Bogot\u00e1 con el fin de formular una denuncia por el posible delito \u00a0de \u00a0estafa \u00a0en cuant\u00eda de $35.000.000.oo m\u00e1s US$400 y, a cambio de colaborarle \u00a0en \u00a0la \u00a0investigaci\u00f3n, el miembro de la Polic\u00eda Judicial de la Fiscal\u00eda NEFER \u00a0LOSADA \u00a0POLAN\u00cdA \u00a0le \u00a0solicit\u00f3 \u00a0un \u00a030% de los bienes que lograran recuperarse. \u00a0\u00a0<\/p>\n<p>2. Se adelant\u00f3 el \u00a0proceso \u00a0y \u00a0mediante \u00a0providencia del 11 de octubre de 2000, el Juzgado 13 Penal \u00a0del \u00a0Circuito \u00a0de \u00a0Bogot\u00e1 \u00a0conden\u00f3 \u00a0al \u00a0mencionado \u00a0a \u00a048 \u00a0meses \u00a0de prisi\u00f3n, \u00a0interdicci\u00f3n \u00a0de \u00a0derechos \u00a0y funciones p\u00fablicas por el mismo lapso y multa de \u00a050 \u00a0salarios \u00a0m\u00ednimos legales mensuales, al encontrarlo autor responsable de la \u00a0conducta \u00a0punible \u00a0de concusi\u00f3n, prevista en el art\u00edculo 140 del C\u00f3digo Penal \u00a0de \u00a01980 \u00a0\u2013modificado por la \u00a0ley \u00a0195 \u00a0de 1995\u2014\u00a0 con \u00a0pena de prisi\u00f3n de 4 a 8 a\u00f1os. \u00a0\u00a0<\/p>\n<p>La defensa apel\u00f3 esa decisi\u00f3n y el Tribunal \u00a0Superior \u00a0de \u00a0Bogot\u00e1 \u00a0la \u00a0confirm\u00f3 a trav\u00e9s del fallo recurrido en casaci\u00f3n, \u00a0expedido el 17 de octubre de 2003. \u00a0\u00a0<\/p>\n<p>3. El inciso 1\u00ba del \u00a0art\u00edculo \u00a0205 del C\u00f3digo de Procedimiento Penal, establece como requisito para \u00a0acceder \u00a0a \u00a0la \u00a0casaci\u00f3n \u00a0por v\u00eda ordinaria que la pena m\u00e1xima fijada para el \u00a0delito \u00a0objeto del proceso sea de m\u00e1s de 8 a\u00f1os y es claro que no se satisface \u00a0en el presente caso. \u00a0\u00a0<\/p>\n<p>4. No obstante, de \u00a0acuerdo \u00a0con el \u00faltimo inciso de esa disposici\u00f3n, quedaba la posibilidad de la \u00a0casaci\u00f3n \u00a0excepcional, \u00a0pero \u00a0en ning\u00fan momento la invoc\u00f3 el defensor y mucho \u00a0menos \u00a0present\u00f3 \u2013en escrito \u00a0separado \u00a0 o \u00a0 en \u00a0 la \u00a0propia \u00a0demanda\u2014 \u00a0los argumentos orientados a persuadir a la Corte de que el caso es \u00a0necesario \u00a0para \u00a0el \u00a0desarrollo \u00a0de la jurisprudencia o para la garant\u00eda de los \u00a0derechos \u00a0fundamentales, \u00a0que \u00a0son los motivos legales que la hacen procedente y \u00a0cuya \u00a0demostraci\u00f3n, \u00a0como \u00a0pac\u00edficamente lo ha expresado la jurisprudencia, le \u00a0corresponde al sujeto procesal recurrente. \u00a0\u00a0<\/p>\n<p>\u00a0 \u00a0\u00a0 \u00a0\u00a0 \u00a0\u00a0As\u00ed, \u00a0pues, \u00a0ante \u00a0el \u00a0incumplimiento \u00a0manifiesto \u00a0de \u00a0ese deber de \u00a0sustentaci\u00f3n por parte del recurrente, se inadmitir\u00e1 la demanda. \u00a0\u00a0<\/p>\n<p>A \u00a0m\u00e9rito \u00a0de \u00a0lo \u00a0expuesto, \u00a0la \u00a0Sala \u00a0de \u00a0Casaci\u00f3n Penal de la Corte Suprema de Justicia, \u00a0\u00a0<\/p>\n<p>RESUELVE: \u00a0<\/p>\n<p>INADMITIR la demanda \u00a0de \u00a0 casaci\u00f3n \u00a0 presentada \u00a0 a \u00a0 nombre \u00a0 del \u00a0 procesado \u00a0NEFER \u00a0ARBEY \u00a0LOSADA \u00a0POLAN\u00cdA. \u00a0\u00a0<\/p>\n<p>Contra \u00a0la \u00a0presente \u00a0decisi\u00f3n \u00a0no \u00a0procede \u00a0ning\u00fan recurso. \u00a0\u00a0<\/p>\n<p>NOTIF\u00cdQUESE \u00a0 Y \u00a0 C\u00daMPLASE. \u00a0\u00a0<\/p>\n<p>HERMAN GAL\u00c1N CASTELLANOS \u00a0<\/p>\n<p>JORGE \u00a0 \u00a0 \u00a0 AN\u00cdBAL \u00a0 \u00a0 \u00a0 G\u00d3MEZ \u00a0GALLEGO\u00a0\u00a0\u00a0\u00a0\u00a0\u00a0\u00a0\u00a0\u00a0\u00a0\u00a0\u00a0\u00a0\u00a0\u00a0\u00a0\u00a0\u00a0\u00a0\u00a0\u00a0 \u00a0ALFREDO G\u00d3MEZ QUINTERO\u00a0\u00a0\u00a0\u00a0 \u00a0\u00a0<\/p>\n<p>\u00c9DGAR \u00a0 \u00a0 \u00a0 \u00a0 \u00a0 LOMBANA \u00a0TRUJILLO\u00a0\u00a0\u00a0\u00a0\u00a0\u00a0\u00a0\u00a0\u00a0\u00a0\u00a0\u00a0\u00a0\u00a0\u00a0\u00a0\u00a0\u00a0\u00a0\u00a0 \u00a0\u00c1LVARO ORLANDO P\u00c9REZ PINZ\u00d3N \u00a0\u00a0<\/p>\n<p>MARINA \u00a0 \u00a0 \u00a0 \u00a0PULIDO \u00a0 \u00a0 \u00a0 \u00a0DE \u00a0BAR\u00d3N\u00a0\u00a0\u00a0\u00a0\u00a0\u00a0\u00a0\u00a0\u00a0\u00a0\u00a0\u00a0\u00a0\u00a0\u00a0\u00a0\u00a0\u00a0\u00a0\u00a0\u00a0\u00a0\u00a0\u00a0\u00a0 \u00a0JORGE \u00a0 \u00a0 LUIS \u00a0 \u00a0QUINTERO \u00a0 \u00a0MILAN\u00c9S\u00a0\u00a0\u00a0\u00a0\u00a0\u00a0\u00a0 \u00a0\u00a0<\/p>\n<p>YESID \u00a0 \u00a0 \u00a0 \u00a0 \u00a0 RAM\u00cdREZ \u00a0BASTIDAS\u00a0\u00a0\u00a0\u00a0\u00a0\u00a0\u00a0\u00a0\u00a0\u00a0\u00a0\u00a0\u00a0\u00a0\u00a0\u00a0\u00a0\u00a0\u00a0\u00a0\u00a0\u00a0\u00a0\u00a0\u00a0\u00a0\u00a0\u00a0\u00a0\u00a0\u00a0\u00a0\u00a0\u00a0\u00a0 \u00a0MAURO SOLARTE \u00a0PORTILLA\u00a0\u00a0\u00a0\u00a0\u00a0\u00a0\u00a0\u00a0\u00a0\u00a0\u00a0\u00a0\u00a0\u00a0\u00a0\u00a0\u00a0\u00a0\u00a0\u00a0\u00a0\u00a0\u00a0\u00a0\u00a0\u00a0\u00a0\u00a0\u00a0\u00a0\u00a0\u00a0\u00a0\u00a0\u00a0 \u00a0\u00a0<\/p>\n<p>TERESA RUIZ N\u00da\u00d1EZ \u00a0<\/p>\n<p>Secretaria \u00a0<\/p>\n<p>\u00a0 \u00a0\u00a0<\/p>\n<p><\/p>\n","protected":false},"excerpt":{"rendered":"<p>\u00a0 \u00a0 Proceso No 22267 \u00a0 CORTE SUPREMA DE JUSTICIA \u00a0 SALA DE CASACI\u00d3N PENAL \u00a0 \u00a0 \u00a0\u00a0 \u00a0\u00a0 \u00a0\u00a0 \u00a0\u00a0 \u00a0 \u00a0 \u00a0 \u00a0 \u00a0 \u00a0\u00a0 \u00a0Magistrado Ponente: \u00a0\u00a0 \u00a0 \u00a0\u00a0 \u00a0\u00a0 \u00a0\u00a0 \u00a0\u00a0 \u00a0 \u00a0 \u00a0 \u00a0 \u00a0 \u00a0\u00a0 \u00a0\u00a0 \u00a0 \u00a0 \u00a0 \u00a0Dr. YESID RAM\u00cdREZ BASTIDAS \u00a0\u00a0 \u00a0 \u00a0\u00a0 \u00a0\u00a0 \u00a0\u00a0 \u00a0\u00a0 [&hellip;]<\/p>\n","protected":false},"author":1,"featured_media":0,"comment_status":"open","ping_status":"open","sticky":false,"template":"","format":"standard","meta":{"footnotes":""},"categories":[12],"tags":[],"class_list":["post-8946","post","type-post","status-publish","format-standard","hentry","category-12"],"_links":{"self":[{"href":"https:\/\/dmsjuridica.com\/buscador_20179478954\/salapenalcronologico20230723\/wp-json\/wp\/v2\/posts\/8946","targetHints":{"allow":["GET"]}}],"collection":[{"href":"https:\/\/dmsjuridica.com\/buscador_20179478954\/salapenalcronologico20230723\/wp-json\/wp\/v2\/posts"}],"about":[{"href":"https:\/\/dmsjuridica.com\/buscador_20179478954\/salapenalcronologico20230723\/wp-json\/wp\/v2\/types\/post"}],"author":[{"embeddable":true,"href":"https:\/\/dmsjuridica.com\/buscador_20179478954\/salapenalcronologico20230723\/wp-json\/wp\/v2\/users\/1"}],"replies":[{"embeddable":true,"href":"https:\/\/dmsjuridica.com\/buscador_20179478954\/salapenalcronologico20230723\/wp-json\/wp\/v2\/comments?post=8946"}],"version-history":[{"count":0,"href":"https:\/\/dmsjuridica.com\/buscador_20179478954\/salapenalcronologico20230723\/wp-json\/wp\/v2\/posts\/8946\/revisions"}],"wp:attachment":[{"href":"https:\/\/dmsjuridica.com\/buscador_20179478954\/salapenalcronologico20230723\/wp-json\/wp\/v2\/media?parent=8946"}],"wp:term":[{"taxonomy":"category","embeddable":true,"href":"https:\/\/dmsjuridica.com\/buscador_20179478954\/salapenalcronologico20230723\/wp-json\/wp\/v2\/categories?post=8946"},{"taxonomy":"post_tag","embeddable":true,"href":"https:\/\/dmsjuridica.com\/buscador_20179478954\/salapenalcronologico20230723\/wp-json\/wp\/v2\/tags?post=8946"}],"curies":[{"name":"wp","href":"https:\/\/api.w.org\/{rel}","templated":true}]}}