{"id":8858,"date":"2023-09-08T17:46:51","date_gmt":"2023-09-08T17:46:51","guid":{"rendered":"https:\/\/dmsjuridica.com\/buscador_20179478954\/salapenalcronologico20230723\/2023\/09\/08\/2212725-03-04\/"},"modified":"2023-09-08T17:46:51","modified_gmt":"2023-09-08T17:46:51","slug":"2212725-03-04","status":"publish","type":"post","link":"https:\/\/dmsjuridica.com\/buscador_20179478954\/salapenalcronologico20230723\/2023\/09\/08\/2212725-03-04\/","title":{"rendered":"22127(25-03-04)"},"content":{"rendered":"\n<p>\u00a0 \u00a0 Proceso No 22127 \u00a0<\/p>\n<p>CORTE SUPREMA DE JUSTICIA \u00a0<\/p>\n<p>SALA DE CASACI\u00d3N PENAL \u00a0<\/p>\n<p>Magistrada ponente: \u00a0<\/p>\n<p>MARINA PULIDO DE BAR\u00d3N \u00a0<\/p>\n<p>\u00a0\u00a0\u00a0\u00a0\u00a0\u00a0\u00a0\u00a0\u00a0\u00a0\u00a0\u00a0\u00a0\u00a0\u00a0\u00a0\u00a0\u00a0\u00a0\u00a0\u00a0\u00a0\u00a0\u00a0\u00a0\u00a0\u00a0\u00a0\u00a0\u00a0\u00a0\u00a0\u00a0 \u00a0Aprobada Acta N\u00b0 24 \u00a0\u00a0<\/p>\n<p>\u00a0 \u00a0\u00a0 \u00a0\u00a0 \u00a0\u00a0Bogot\u00e1, \u00a0 D. \u00a0 C., \u00a0 marzo \u00a0veinticinco \u00a0(25) \u00a0de \u00a0dos \u00a0mil \u00a0cuatro \u00a0(2004). \u00a0\u00a0<\/p>\n<p>VISTOS \u00a0<\/p>\n<p>Adopta \u00a0la \u00a0Sala la decisi\u00f3n que en derecho \u00a0corresponda, \u00a0en \u00a0relaci\u00f3n con la decisi\u00f3n del Juzgado Segundo Penal Municipal \u00a0de \u00a0 Soacha \u00a0de \u00a0remitir \u00a0a \u00a0esta \u00a0corporaci\u00f3n \u00a0el \u00a0proceso \u00a0adelantado \u00a0contra \u00a0MAURICIO \u00a0VANEGAS \u00a0ARDILA por \u00a0inasistencia \u00a0alimentaria \u00a0bajo \u00a0el \u00a0entendido \u00a0de \u00a0estar \u00a0legalmente trabado un \u00a0conflicto \u00a0negativo de competencia con el Juzgado Sesenta y Tres Penal Municipal \u00a0de Bogot\u00e1. \u00a0\u00a0<\/p>\n<p>ANTECEDENTES \u00a0<\/p>\n<p>\u00a0 \u00a0\u00a0 \u00a0\u00a0 \u00a0\u00a0Mediante \u00a0querella formulada ante la Oficina de Asignaciones Locales \u00a0de \u00a0 la \u00a0 Fiscal\u00eda \u00a0 General \u00a0 de \u00a0 la \u00a0 Naci\u00f3n, \u00a0 la \u00a0 se\u00f1ora \u00a0 Carolina \u00a0Barrero \u00a0Due\u00f1as, \u00a0madre \u00a0de los \u00a0menores \u00a0Jhonatan \u00a0Camilo \u00a0y Jessica Alejandra Vanegas \u00a0Barrero, \u00a0 \u00a0denunci\u00f3 \u00a0 \u00a0al \u00a0 \u00a0se\u00f1or \u00a0 MAURICIO \u00a0VANEGAS \u00a0ARDILA, \u00a0padre \u00a0de \u00a0los \u00a0antes \u00a0mencionados, \u00a0alegando \u00a0que \u00a0 durante \u00a0 los \u00a0 cuatro \u00a0a\u00f1os \u00a0anteriores \u00a0ha \u00a0incumplido \u00a0la \u00a0obligaci\u00f3n \u00a0alimentaria que con ellos tiene. \u00a0\u00a0<\/p>\n<p>\u00a0 \u00a0\u00a0 \u00a0\u00a0 \u00a0\u00a0La \u00a0etapa \u00a0instructiva \u00a0correspondi\u00f3 \u00a0a \u00a0la \u00a0Fiscal\u00eda 30 Local de la Unidad de Delitos Querellables de \u00a0Bogot\u00e1, \u00a0 \u00a0la \u00a0 \u00a0cual \u00a0 \u00a0culmin\u00f3 \u00a0 \u00a0con \u00a0 resoluci\u00f3n \u00a0 de \u00a0 acusaci\u00f3n \u00a0 para \u00a0MAURICIO \u00a0VANEGAS \u00a0ARDILA, \u00a0como \u00a0 \u00a0presunto \u00a0 autor \u00a0responsable \u00a0del \u00a0delito \u00a0de \u00a0inasistencia alimentaria (art\u00edculo 233 del actual \u00a0c\u00f3digo penal). \u00a0\u00a0<\/p>\n<p>\u00a0 \u00a0\u00a0 \u00a0\u00a0 \u00a0\u00a0Ejecutoriada \u00a0 \u00a0la \u00a0calificaci\u00f3n \u00a0del \u00a0m\u00e9rito \u00a0del \u00a0sumario, \u00a0el \u00a0proceso \u00a0correspondi\u00f3 \u00a0para \u00a0el \u00a0tr\u00e1mite \u00a0de \u00a0la etapa de juzgamiento, al Juzgado Sesenta y Tres Penal Municipal \u00a0de \u00a0Bogot\u00e1, \u00a0despacho \u00a0que mediante auto del 14 de febrero del 2003, rehus\u00f3 la \u00a0competencia \u00a0arguyendo que para el momento de la presentaci\u00f3n de la querella la \u00a0se\u00f1ora \u00a0 Barrero \u00a0Due\u00f1as \u00a0y por ende sus menores hijos \u00a0resid\u00edan \u00a0en \u00a0Soacha. \u00a0En su lugar orden\u00f3 remitir el proceso al reparto de los \u00a0Juzgados \u00a0Penales \u00a0Municipales \u00a0de \u00a0dicha \u00a0localidad, \u00a0proponiendo \u00a0colisi\u00f3n de \u00a0competencia \u00a0 \u00a0negativa \u00a0 para \u00a0 el \u00a0 evento \u00a0 de \u00a0 no \u00a0 ser \u00a0 compartidos \u00a0 sus \u00a0argumentos. \u00a0\u00a0<\/p>\n<p>El \u00a0proceso \u00a0se reparti\u00f3 al Juzgado Segundo \u00a0Penal \u00a0Municipal de Soacha, despacho que avoc\u00f3 conocimiento de las diligencias, \u00a0llev\u00f3 \u00a0a \u00a0cabo \u00a0audiencia preparatoria y antes de dar curso a la de juzgamiento \u00a0dispuso \u00a0escuchar \u00a0en declaraci\u00f3n a la se\u00f1ora Barrero \u00a0Due\u00f1as \u00a0con \u00a0el \u00a0fin \u00a0de \u00a0establecer \u00a0el \u00a0lugar de su \u00a0domicilio \u00a0para \u00a0el \u00a0momento de instaurar la querella, quien en desarrollo de la \u00a0misma \u00a0indic\u00f3 \u00a0que \u00a0su residencia correspond\u00eda a nomenclatura que no recordaba \u00a0del barrio Las Ferias de Bogot\u00e1. \u00a0\u00a0<\/p>\n<p>A continuaci\u00f3n el referido juzgado luego de \u00a0precisar \u00a0su \u00a0incompetencia, \u00a0con \u00a0base \u00a0en la manifestaci\u00f3n de la querellante, \u00a0dispuso \u00a0la \u00a0remisi\u00f3n \u00a0de \u00a0las \u00a0diligencias \u00a0a esta Corporaci\u00f3n para que fuera \u00a0dirimida \u00a0la \u00a0colisi\u00f3n \u00a0que \u00a0consider\u00f3 \u00a0trabada \u00a0con el Juzgado Sesenta y Tres \u00a0Penal Municipal de Bogot\u00e1. \u00a0\u00a0<\/p>\n<p>PARA RESOLVER SE CONSIDERA \u00a0<\/p>\n<p>La \u00a0Corte es competente para conocer de este \u00a0asunto, \u00a0de conformidad con lo establecido en el numeral 4\u00ba del art\u00edculo 75 de \u00a0la \u00a0Ley \u00a0600 \u00a0de \u00a02000 \u00a0que \u00a0le \u00a0asigna \u00a0el \u00a0conocimiento \u00a0de \u00a0los conflictos de \u00a0competencia \u00a0que \u00a0se \u00a0susciten \u00a0\u201centre \u00a0juzgados \u00a0de \u00a0diferentes distritos\u201d. \u00a0\u00a0<\/p>\n<p>No obstante lo anterior, no puede proceder la \u00a0Sala \u00a0a dirimir la controversia propuesta por el Juzgado segundo Penal Municipal \u00a0de \u00a0Soacha, \u00a0por \u00a0la \u00a0sencilla \u00a0raz\u00f3n \u00a0de que no se est\u00e1 frente a un conflicto \u00a0negativo \u00a0de \u00a0competencia \u00a0trabado \u00a0en debida forma. En efecto, si en el momento \u00a0procesal \u00a0en \u00a0que el referido juzgado recibi\u00f3 el proceso de que aqu\u00ed se trata, \u00a0remitido \u00a0por \u00a0su \u00a0hom\u00f3logo \u00a0Sesenta \u00a0y \u00a0Tres \u00a0de \u00a0Bogot\u00e1, \u00a0encontr\u00f3 \u00a0que \u00a0su \u00a0conocimiento \u00a0no \u00a0le \u00a0correspond\u00eda \u00a0porque en su jurisdicci\u00f3n no resid\u00edan los \u00a0menores \u00a0para \u00a0quienes \u00a0se \u00a0reclamaban alimentos, ni su progenitora que figuraba \u00a0como \u00a0querellante, \u00a0ha \u00a0debido aceptar el conflicto, antes que proceder a avocar \u00a0conocimiento \u00a0de \u00a0la \u00a0actuaci\u00f3n, \u00a0realizar audiencia preparatoria y fijar fecha \u00a0para \u00a0 la \u00a0 de \u00a0 juzgamiento, \u00a0intervenciones \u00a0todas \u00a0ellas \u00a0que \u00a0implicaban \u00a0la \u00a0aceptaci\u00f3n \u00a0de \u00a0la \u00a0competencia \u00a0predicada \u00a0por el Juzgado Sesenta y Tres Penal \u00a0Municipal de Bogot\u00e1. \u00a0\u00a0<\/p>\n<p>Resta \u00a0se\u00f1alar que si el Juez Segundo Penal \u00a0Municipal, \u00a0a \u00a0partir \u00a0de \u00a0prueba \u00a0sobreviniente \u00a0encuentra \u00a0que \u00a0la competencia \u00a0t\u00e1citamente \u00a0aceptada \u00a0desapareci\u00f3, \u00a0era \u00a0su \u00a0deber \u00a0proceder a manifestar tal \u00a0situaci\u00f3n, \u00a0exponiendo al Juzgado Sesenta y Tres Penal Municipal sus argumentos \u00a0y, \u00a0consecuentemente, \u00a0proponer \u00a0colisi\u00f3n de competencia negativa, que aceptada \u00a0entonces \u00a0si \u00a0se \u00a0abrir\u00eda \u00a0paso \u00a0a \u00a0la intervenci\u00f3n funcional de la Corte para \u00a0dirimirla. \u00a0\u00a0<\/p>\n<p>\u00a0 \u00a0\u00a0 \u00a0\u00a0 \u00a0\u00a0As\u00ed \u00a0las cosas como en este caso el conflicto de que se trata no ha \u00a0sido \u00a0trabado en legal forma, a la Sala no le queda camino diferente a seguir al \u00a0de inhibirse de adoptar pronunciamiento de fondo. \u00a0\u00a0<\/p>\n<p>\u00a0 \u00a0\u00a0 \u00a0\u00a0 \u00a0\u00a0En \u00a0m\u00e9rito \u00a0de \u00a0lo \u00a0expuesto, la CORTE SUPREMA DE JUSTICIA, Sala de \u00a0Casaci\u00f3n Penal, \u00a0\u00a0<\/p>\n<p>RESUELVE \u00a0\u00a0<\/p>\n<p>1.- \u00a0 \u00a0 \u00a0 \u00a0\u00a0 \u00a0\u00a0ABSTENERSE de adoptar pronunciamiento en \u00a0este \u00a0 asunto \u00a0 de \u00a0conformidad \u00a0con \u00a0las \u00a0razones \u00a0contenidas \u00a0en \u00a0la \u00a0anterior \u00a0motivaci\u00f3n. \u00a0\u00a0<\/p>\n<p>2.- \u00a0\u00a0 \u00a0 \u00a0\u00a0 \u00a0\u00a0DEVOLVER inmediatamente la actuaci\u00f3n al \u00a0Juzgado Segundo Penal Municipal de Soacha, para lo de su cargo. \u00a0\u00a0<\/p>\n<p>Comun\u00edquese \u00a0 \u00a0y \u00a0c\u00famplase. \u00a0\u00a0<\/p>\n<p>HERMAN GAL\u00c1N CASTELLANOS \u00a0<\/p>\n<p>JORGE \u00a0 \u00a0 \u00a0 AN\u00cdBAL \u00a0 \u00a0 \u00a0 G\u00d3MEZ \u00a0GALLEGO\u00a0\u00a0\u00a0\u00a0\u00a0\u00a0\u00a0\u00a0\u00a0\u00a0\u00a0\u00a0\u00a0\u00a0\u00a0\u00a0\u00a0\u00a0\u00a0\u00a0\u00a0 \u00a0ALFREDO G\u00d3MEZ \u00a0QUINTERO\u00a0\u00a0\u00a0\u00a0\u00a0\u00a0\u00a0\u00a0\u00a0\u00a0\u00a0\u00a0\u00a0\u00a0\u00a0\u00a0\u00a0\u00a0\u00a0\u00a0\u00a0\u00a0\u00a0\u00a0\u00a0 \u00a0\u00a0<\/p>\n<p>\u00c9DGAR \u00a0 \u00a0 \u00a0 \u00a0 \u00a0 LOMBANA \u00a0TRUJILLO\u00a0\u00a0\u00a0\u00a0\u00a0\u00a0\u00a0\u00a0\u00a0\u00a0\u00a0\u00a0\u00a0\u00a0\u00a0\u00a0\u00a0\u00a0\u00a0\u00a0\u00a0\u00a0\u00a0 \u00a0\u00c1LVARO \u00a0 \u00a0 \u00a0 \u00a0 \u00a0 \u00a0 \u00a0 \u00a0 \u00a0 \u00a0 \u00a0 \u00a0 \u00a0 \u00a0 \u00a0ORLANDO \u00a0 \u00a0 \u00a0 \u00a0 \u00a0 \u00a0 \u00a0 \u00a0 \u00a0 \u00a0 \u00a0 \u00a0 \u00a0 \u00a0 \u00a0P\u00c9REZ \u00a0PINZ\u00d3N\u00a0\u00a0\u00a0\u00a0\u00a0\u00a0\u00a0\u00a0\u00a0\u00a0\u00a0\u00a0\u00a0\u00a0\u00a0\u00a0\u00a0\u00a0\u00a0\u00a0\u00a0\u00a0\u00a0\u00a0\u00a0\u00a0\u00a0\u00a0\u00a0\u00a0\u00a0\u00a0\u00a0\u00a0\u00a0\u00a0\u00a0\u00a0\u00a0\u00a0\u00a0\u00a0\u00a0\u00a0\u00a0\u00a0\u00a0\u00a0 \u00a0\u00a0<\/p>\n<p>MARINA \u00a0 \u00a0 \u00a0 \u00a0PULIDO \u00a0 \u00a0 \u00a0 \u00a0DE \u00a0BAR\u00d3N\u00a0\u00a0\u00a0\u00a0\u00a0\u00a0\u00a0\u00a0\u00a0\u00a0\u00a0\u00a0\u00a0\u00a0\u00a0\u00a0\u00a0\u00a0\u00a0\u00a0\u00a0\u00a0\u00a0\u00a0\u00a0\u00a0\u00a0 \u00a0JORGE LUIS QUINTERO MILAN\u00c9S\u00a0\u00a0\u00a0\u00a0 \u00a0\u00a0<\/p>\n<p>YESID \u00a0 RAM\u00cdREZ \u00a0 BASTIDAS \u00a0 \u00a0\u00a0 \u00a0\u00a0 \u00a0\u00a0 \u00a0\u00a0 \u00a0\u00a0 \u00a0\u00a0 \u00a0 \u00a0\u00a0 \u00a0 \u00a0 \u00a0 \u00a0 \u00a0 \u00a0 \u00a0 \u00a0 \u00a0\u00a0MAURO SOLARTE PORTILLA \u00a0\u00a0<\/p>\n<p>TERESA RU\u00cdZ N\u00da\u00d1EZ \u00a0<\/p>\n<p>Secretaria \u00a0<\/p>\n<p>\u00a0 \u00a0\u00a0<\/p>\n<p><\/p>\n","protected":false},"excerpt":{"rendered":"<p>\u00a0 \u00a0 Proceso No 22127 \u00a0 CORTE SUPREMA DE JUSTICIA \u00a0 SALA DE CASACI\u00d3N PENAL \u00a0 Magistrada ponente: \u00a0 MARINA PULIDO DE BAR\u00d3N \u00a0 \u00a0\u00a0\u00a0\u00a0\u00a0\u00a0\u00a0\u00a0\u00a0\u00a0\u00a0\u00a0\u00a0\u00a0\u00a0\u00a0\u00a0\u00a0\u00a0\u00a0\u00a0\u00a0\u00a0\u00a0\u00a0\u00a0\u00a0\u00a0\u00a0\u00a0\u00a0\u00a0\u00a0 \u00a0Aprobada Acta N\u00b0 24 \u00a0\u00a0 \u00a0 \u00a0\u00a0 \u00a0\u00a0 \u00a0\u00a0Bogot\u00e1, \u00a0 D. \u00a0 C., \u00a0 marzo \u00a0veinticinco \u00a0(25) \u00a0de \u00a0dos \u00a0mil \u00a0cuatro \u00a0(2004). \u00a0\u00a0 VISTOS \u00a0 Adopta \u00a0la \u00a0Sala la decisi\u00f3n [&hellip;]<\/p>\n","protected":false},"author":1,"featured_media":0,"comment_status":"open","ping_status":"open","sticky":false,"template":"","format":"standard","meta":{"footnotes":""},"categories":[12],"tags":[],"class_list":["post-8858","post","type-post","status-publish","format-standard","hentry","category-12"],"_links":{"self":[{"href":"https:\/\/dmsjuridica.com\/buscador_20179478954\/salapenalcronologico20230723\/wp-json\/wp\/v2\/posts\/8858","targetHints":{"allow":["GET"]}}],"collection":[{"href":"https:\/\/dmsjuridica.com\/buscador_20179478954\/salapenalcronologico20230723\/wp-json\/wp\/v2\/posts"}],"about":[{"href":"https:\/\/dmsjuridica.com\/buscador_20179478954\/salapenalcronologico20230723\/wp-json\/wp\/v2\/types\/post"}],"author":[{"embeddable":true,"href":"https:\/\/dmsjuridica.com\/buscador_20179478954\/salapenalcronologico20230723\/wp-json\/wp\/v2\/users\/1"}],"replies":[{"embeddable":true,"href":"https:\/\/dmsjuridica.com\/buscador_20179478954\/salapenalcronologico20230723\/wp-json\/wp\/v2\/comments?post=8858"}],"version-history":[{"count":0,"href":"https:\/\/dmsjuridica.com\/buscador_20179478954\/salapenalcronologico20230723\/wp-json\/wp\/v2\/posts\/8858\/revisions"}],"wp:attachment":[{"href":"https:\/\/dmsjuridica.com\/buscador_20179478954\/salapenalcronologico20230723\/wp-json\/wp\/v2\/media?parent=8858"}],"wp:term":[{"taxonomy":"category","embeddable":true,"href":"https:\/\/dmsjuridica.com\/buscador_20179478954\/salapenalcronologico20230723\/wp-json\/wp\/v2\/categories?post=8858"},{"taxonomy":"post_tag","embeddable":true,"href":"https:\/\/dmsjuridica.com\/buscador_20179478954\/salapenalcronologico20230723\/wp-json\/wp\/v2\/tags?post=8858"}],"curies":[{"name":"wp","href":"https:\/\/api.w.org\/{rel}","templated":true}]}}