{"id":8821,"date":"2023-09-08T17:46:49","date_gmt":"2023-09-08T17:46:49","guid":{"rendered":"https:\/\/dmsjuridica.com\/buscador_20179478954\/salapenalcronologico20230723\/2023\/09\/08\/2207717-03-04\/"},"modified":"2023-09-08T17:46:49","modified_gmt":"2023-09-08T17:46:49","slug":"2207717-03-04","status":"publish","type":"post","link":"https:\/\/dmsjuridica.com\/buscador_20179478954\/salapenalcronologico20230723\/2023\/09\/08\/2207717-03-04\/","title":{"rendered":"22077(17-03-04)"},"content":{"rendered":"\n<p>\u00a0 \u00a0 Proceso No 22077 \u00a0<\/p>\n<p>CORTE SUPREMA DE JUSTICIA \u00a0<\/p>\n<p>SALA DE CASACI\u00d3N PENAL \u00a0<\/p>\n<p>MAGISTRADO PONENTE \u00a0\u00c1LVARO \u00a0ORLANDO \u00a0P\u00c9REZ \u00a0PINZ\u00d3N \u00a0\u00a0<\/p>\n<p>APROBADO ACTA No. 23 \u00a0<\/p>\n<p>\u00a0 \u00a0\u00a0 \u00a0\u00a0 \u00a0\u00a0Bogot\u00e1, \u00a0D. C., diecisiete (17) de marzo del dos mil cuatro (2004). \u00a0\u00a0<\/p>\n<p>\u00a0\u00a0\u00a0\u00a0\u00a0\u00a0\u00a0\u00a0\u00a0\u00a0\u00a0\u00a0\u00a0\u00a0\u00a0\u00a0\u00a0\u00a0\u00a0\u00a0\u00a0\u00a0\u00a0\u00a0\u00a0\u00a0\u00a0\u00a0\u00a0\u00a0\u00a0\u00a0\u00a0\u00a0 \u00a0VISTOS \u00a0\u00a0<\/p>\n<p>El \u00a024 \u00a0de \u00a0febrero \u00a0del \u00a02004, Jorge \u00a0Alfredo Villamizar Santos, a quien \u00a0se \u00a0acusa de incurrir en el delito de hurto calificado \u00a0y \u00a0 agravado, \u00a0solicit\u00f3 \u00a0al \u00a0Juzgado \u00a0Primero \u00a0Penal \u00a0Municipal \u00a0de \u00a0San \u00a0Gil el cambio de radicaci\u00f3n del proceso que en ese despacho \u00a0se le adelanta. \u00a0\u00a0<\/p>\n<p>\u00a0\u00a0\u00a0\u00a0 \u00a0<\/p>\n<p>La Sala, seg\u00fan lo establecido en el numeral \u00a08\u00b0 \u00a0del \u00a0art\u00edculo \u00a075 \u00a0del \u00a0C\u00f3digo de Procedimiento Penal, es competente para \u00a0pronunciarse sobre la petici\u00f3n. \u00a0\u00a0<\/p>\n<p>ANTECEDENTES \u00a0\u00a0<\/p>\n<p>1. A Jorge \u00a0Alfredo \u00a0Villamizar se le adelanta \u00a0un \u00a0 \u00a0 proceso \u00a0 \u00a0 por \u00a0 \u00a0 hurto \u00a0 \u00a0calificado \u00a0 \u00a0y \u00a0agravado en el Juzgado Primero Penal Municipal de San \u00a0Gil. \u00a0\u00a0<\/p>\n<p>2. \u00a0El \u00a0se\u00f1or \u00a0Villamizar \u00a0Santos se halla \u00a0recluido, \u00a0 \u00a0por \u00a0 \u00a0cuenta \u00a0 \u00a0de \u00a0 \u00a0otra \u00a0 \u00a0autoridad, \u00a0 \u00a0en \u00a0 la \u00a0 c\u00e1rcel \u00a0 de \u00a0Bucaramanga. \u00a0\u00a0<\/p>\n<p>3. En su criterio, \u00a0resulta \u00a0conveniente, \u00a0por \u00a0razones de econom\u00eda procesal, que el expediente sea \u00a0radicado \u00a0en \u00a0un \u00a0despacho similar, pero en el distrito judicial de Bucaramanga. \u00a0\u00a0<\/p>\n<p>4. La conveniencia \u00a0de \u00a0esa \u00a0medida \u00a0la \u00a0funda \u00a0en \u00a0que \u00a0es \u00a0en \u00a0esta \u00faltima ciudad donde reside el \u00a0ofendido, \u00a0con \u00a0quien \u00a0piensa llegar a un arreglo amigable e indemnizarlo de los \u00a0perjuicios recibidos.\u00a0 \u00a0\u00a0<\/p>\n<p>PRUEBAS \u00a0<\/p>\n<p>EL \u00a0solicitante \u00a0no \u00a0aport\u00f3 \u00a0pruebas de la \u00a0situaci\u00f3n \u00a0que \u00a0a \u00a0su \u00a0juicio \u00a0amerita \u00a0el \u00a0cambio \u00a0de radicaci\u00f3n del proceso. \u00a0\u00a0<\/p>\n<p>CONSIDERACIONES \u00a0\u00a0<\/p>\n<p>1. \u00a0 \u00a0El \u00a0reconocimiento \u00a0del \u00a0cambio \u00a0de \u00a0radicaci\u00f3n \u00a0de \u00a0un \u00a0proceso \u00a0(art\u00edculo 85 del \u00a0C\u00f3digo \u00a0de \u00a0Procedimiento Penal ), est\u00e1 supeditado a la demostraci\u00f3n de\u00a0 \u00a0circunstancias de la siguiente naturaleza: \u00a0\u00a0<\/p>\n<p>a. Que entra\u00f1en \u00a0grave \u00a0peligro para el inter\u00e9s p\u00fablico, la imparcialidad o la independencia de \u00a0la justicia. \u00a0\u00a0<\/p>\n<p>b. Que pongan en \u00a0peligro \u00a0el inter\u00e9s privado del procesado, las garant\u00edas de una defensa justa, \u00a0la \u00a0publicidad \u00a0del \u00a0juzgamiento, \u00a0o \u00a0la \u00a0integridad \u00a0personal \u00a0de \u00a0los \u00a0sujetos \u00a0procesales o de los funcionarios judiciales. \u00a0\u00a0<\/p>\n<p>c. Pero, adem\u00e1s, \u00a0entre \u00a0 estos \u00a0 hechos \u00a0 perturbadores \u00a0 y \u00a0el \u00a0desenvolvimiento \u00a0normal \u00a0de \u00a0la \u00a0administraci\u00f3n \u00a0de \u00a0justicia \u00a0en el caso objeto de juzgamiento, debe existir un \u00a0nexo directo y espec\u00edfico. \u00a0\u00a0<\/p>\n<p>2. \u00a0El \u00a0motivo \u00a0invocado \u00a0por \u00a0el \u00a0memorialista, no est\u00e1 previsto como causal de reconocimiento \u00a0del \u00a0cambio \u00a0de \u00a0radicaci\u00f3n \u00a0de un proceso. La aplicaci\u00f3n del art\u00edculo 85 del \u00a0C\u00f3digo \u00a0de \u00a0Procedimiento \u00a0Penal, \u00a0no \u00a0est\u00e1 \u00a0determinado \u00a0por\u00a0 razones de \u00a0econom\u00eda \u00a0procesal \u00a0ni \u00a0tampoco \u00a0por \u00a0el \u00a0lugar \u00a0de \u00a0residencia \u00a0de \u00a0las partes \u00a0intervinientes en el proceso. \u00a0\u00a0<\/p>\n<p>3. \u00a0En \u00a0un \u00a0caso \u00a0similar,\u00a0 \u00a0 \u00a0la \u00a0 \u00a0Sala \u00a0 \u00a0se\u00a0 \u00a0 \u00a0pronunci\u00f3 \u00a0 \u00a0en \u00a0 \u00a0los \u00a0 siguientes \u00a0t\u00e9rminos: \u00a0\u00a0<\/p>\n<p>\u201cDe \u00a0all\u00ed que la ubicaci\u00f3n del domicilio \u00a0del \u00a0procesado \u00a0o \u00a0de su defensor, no constituye criterio v\u00e1lido para autorizar \u00a0la \u00a0remoci\u00f3n \u00a0del \u00a0proceso, como tampoco lo son las dificultades que tengan que \u00a0afrontar \u00a0para \u00a0desplazarse al lugar donde el juicio se encuentra radicado, pues \u00a0tales \u00a0inconvenientes \u00a0no \u00a0revisten \u00a0la \u00a0idoneidad \u00a0suficiente para perturbar el \u00a0adelantamiento \u00a0de \u00a0la \u00a0actuaci\u00f3n procesal en el territorio de la jurisdicci\u00f3n \u00a0del \u00a0juez \u00a0natural, \u00a0y \u00a0de ah\u00ed que el art\u00edculo 85 del C\u00f3digo de Procedimiento \u00a0Penal \u00a0no \u00a0las \u00a0haya \u00a0previsto \u00a0como \u00a0causal \u00a0para \u00a0variar \u00a0la \u00a0radicaci\u00f3n \u00a0del \u00a0proceso \u00a0(Auto \u00a0del \u00a01\u00b0 \u00a0de \u00a0octubre \u00a0del \u00a02002, \u00a0M. \u00a0P.\u00a0 \u00a0 Jorge \u00a0 An\u00edbal \u00a0 G\u00f3mez \u00a0 Gallego, \u00a0 radicaci\u00f3n \u00a0 n\u00famero \u00a019.965). \u00a0\u00a0<\/p>\n<p>Esas \u00a0las \u00a0razones para que deba negarse la \u00a0solicitud \u00a0 \u00a0 \u00a0 \u00a0 \u00a0 \u00a0 \u00a0 \u00a0 \u00a0 presentada \u00a0 \u00a0 \u00a0 \u00a0 \u00a0 \u00a0 \u00a0 \u00a0 \u00a0en \u00a0 \u00a0 \u00a0 \u00a0 \u00a0 \u00a0 \u00a0 \u00a0 \u00a0este \u00a0sentido.\u00a0\u00a0\u00a0\u00a0\u00a0\u00a0\u00a0\u00a0\u00a0\u00a0\u00a0\u00a0\u00a0 \u00a0\u00a0<\/p>\n<p>En m\u00e9rito de lo expuesto, la Sala Penal de \u00a0la Corte Suprema de Justicia, \u00a0\u00a0<\/p>\n<p>RESUELVE \u00a0\u00a0<\/p>\n<p>NO \u00a0AUTORIZAR \u00a0el \u00a0cambio \u00a0de \u00a0radicaci\u00f3n del proceso adelantado a Jorge \u00a0Alfredo \u00a0Villamizar Santos en el Juzgado Primero Penal \u00a0Municipal \u00a0de \u00a0San \u00a0Gil, \u00a0a \u00a0uno \u00a0de similar categor\u00eda del distrito judicial de \u00a0Bucaramanga. \u00a0\u00a0<\/p>\n<p>Contra \u00a0este \u00a0auto, \u00a0no \u00a0procede \u00a0ning\u00fan \u00a0recurso. \u00a0\u00a0<\/p>\n<p>\u00a0 \u00a0\u00a0 \u00a0\u00a0 \u00a0\u00a0\u00a0\u00a0\u00a0\u00a0\u00a0\u00a0\u00a0\u00a0\u00a0\u00a0\u00a0\u00a0\u00a0\u00a0\u00a0\u00a0 \u00a0Notif\u00edquese y c\u00famplase. \u00a0\u00a0<\/p>\n<p>HERMAN GAL\u00c1N CASTELLANOS \u00a0<\/p>\n<p>Comisi\u00f3n de servicio \u00a0<\/p>\n<p>JORGE \u00a0 \u00a0 \u00a0 AN\u00cdBAL \u00a0 \u00a0 \u00a0 G\u00d3MEZ \u00a0GALLEGO\u00a0\u00a0\u00a0\u00a0\u00a0\u00a0\u00a0 \u00a0 \u00a0 \u00a0 \u00a0 ALFREDO \u00a0 \u00a0 \u00a0 \u00a0 G\u00d3MEZ \u00a0QUINTERO\u00a0\u00a0\u00a0\u00a0\u00a0\u00a0\u00a0\u00a0\u00a0\u00a0 \u00a0\u00a0<\/p>\n<p>\u00c9DGAR \u00a0 \u00a0 \u00a0 \u00a0 \u00a0 LOMBANA \u00a0TRUJILLO\u00a0\u00a0\u00a0\u00a0\u00a0\u00a0\u00a0\u00a0\u00a0\u00a0\u00a0\u00a0\u00a0\u00a0\u00a0\u00a0\u00a0\u00a0\u00a0\u00a0\u00a0\u00a0\u00a0\u00a0\u00a0 \u00a0\u00c1LVARO ORLANDO P\u00c9REZ PINZ\u00d3N \u00a0\u00a0<\/p>\n<p>MARINA \u00a0 PULIDO \u00a0 DE \u00a0BAR\u00d3N\u00a0\u00a0\u00a0\u00a0\u00a0\u00a0\u00a0\u00a0\u00a0\u00a0\u00a0\u00a0\u00a0\u00a0\u00a0\u00a0\u00a0\u00a0\u00a0 \u00a0JORGE LUIS QUINTERO MILAN\u00c9S \u00a0\u00a0<\/p>\n<p>\u00a0 \u00a0\u00a0 \u00a0 \u00a0\u00a0 \u00a0\u00a0<\/p>\n<p>YESID \u00a0 \u00a0 \u00a0 \u00a0 \u00a0 RAM\u00cdREZ \u00a0BASTIDAS\u00a0\u00a0\u00a0\u00a0\u00a0\u00a0\u00a0\u00a0\u00a0\u00a0\u00a0\u00a0\u00a0\u00a0\u00a0\u00a0\u00a0\u00a0\u00a0\u00a0\u00a0\u00a0 \u00a0MAURO SOLARTE PORTILLA \u00a0\u00a0<\/p>\n<p>\u00a0 \u00a0 \u00a0 \u00a0 \u00a0<\/p>\n<p>TERESA RUIZ N\u00da\u00d1EZ \u00a0<\/p>\n<p>Secretaria \u00a0 \u00a0<\/p>\n<p><\/p>\n","protected":false},"excerpt":{"rendered":"<p>\u00a0 \u00a0 Proceso No 22077 \u00a0 CORTE SUPREMA DE JUSTICIA \u00a0 SALA DE CASACI\u00d3N PENAL \u00a0 MAGISTRADO PONENTE \u00a0\u00c1LVARO \u00a0ORLANDO \u00a0P\u00c9REZ \u00a0PINZ\u00d3N \u00a0\u00a0 APROBADO ACTA No. 23 \u00a0 \u00a0 \u00a0\u00a0 \u00a0\u00a0 \u00a0\u00a0Bogot\u00e1, \u00a0D. C., diecisiete (17) de marzo del dos mil cuatro (2004). \u00a0\u00a0 \u00a0\u00a0\u00a0\u00a0\u00a0\u00a0\u00a0\u00a0\u00a0\u00a0\u00a0\u00a0\u00a0\u00a0\u00a0\u00a0\u00a0\u00a0\u00a0\u00a0\u00a0\u00a0\u00a0\u00a0\u00a0\u00a0\u00a0\u00a0\u00a0\u00a0\u00a0\u00a0\u00a0\u00a0 \u00a0VISTOS \u00a0\u00a0 El \u00a024 \u00a0de \u00a0febrero \u00a0del \u00a02004, Jorge \u00a0Alfredo [&hellip;]<\/p>\n","protected":false},"author":1,"featured_media":0,"comment_status":"open","ping_status":"open","sticky":false,"template":"","format":"standard","meta":{"footnotes":""},"categories":[12],"tags":[],"class_list":["post-8821","post","type-post","status-publish","format-standard","hentry","category-12"],"_links":{"self":[{"href":"https:\/\/dmsjuridica.com\/buscador_20179478954\/salapenalcronologico20230723\/wp-json\/wp\/v2\/posts\/8821","targetHints":{"allow":["GET"]}}],"collection":[{"href":"https:\/\/dmsjuridica.com\/buscador_20179478954\/salapenalcronologico20230723\/wp-json\/wp\/v2\/posts"}],"about":[{"href":"https:\/\/dmsjuridica.com\/buscador_20179478954\/salapenalcronologico20230723\/wp-json\/wp\/v2\/types\/post"}],"author":[{"embeddable":true,"href":"https:\/\/dmsjuridica.com\/buscador_20179478954\/salapenalcronologico20230723\/wp-json\/wp\/v2\/users\/1"}],"replies":[{"embeddable":true,"href":"https:\/\/dmsjuridica.com\/buscador_20179478954\/salapenalcronologico20230723\/wp-json\/wp\/v2\/comments?post=8821"}],"version-history":[{"count":0,"href":"https:\/\/dmsjuridica.com\/buscador_20179478954\/salapenalcronologico20230723\/wp-json\/wp\/v2\/posts\/8821\/revisions"}],"wp:attachment":[{"href":"https:\/\/dmsjuridica.com\/buscador_20179478954\/salapenalcronologico20230723\/wp-json\/wp\/v2\/media?parent=8821"}],"wp:term":[{"taxonomy":"category","embeddable":true,"href":"https:\/\/dmsjuridica.com\/buscador_20179478954\/salapenalcronologico20230723\/wp-json\/wp\/v2\/categories?post=8821"},{"taxonomy":"post_tag","embeddable":true,"href":"https:\/\/dmsjuridica.com\/buscador_20179478954\/salapenalcronologico20230723\/wp-json\/wp\/v2\/tags?post=8821"}],"curies":[{"name":"wp","href":"https:\/\/api.w.org\/{rel}","templated":true}]}}