{"id":865,"date":"2023-09-07T20:39:01","date_gmt":"2023-09-07T20:39:01","guid":{"rendered":"https:\/\/dmsjuridica.com\/buscador_20179478954\/salapenalcronologico20230723\/2023\/09\/07\/13156-27-05-97\/"},"modified":"2023-09-07T20:39:01","modified_gmt":"2023-09-07T20:39:01","slug":"13156-27-05-97","status":"publish","type":"post","link":"https:\/\/dmsjuridica.com\/buscador_20179478954\/salapenalcronologico20230723\/2023\/09\/07\/13156-27-05-97\/","title":{"rendered":"13156 (27-05-97)"},"content":{"rendered":"\n<p>\u00a0 \u00a0 CAMBIO DE RADICACION \u00a0<\/p>\n<p>El \u00a0art\u00edculo 83 del C\u00f3digo de Procedimiento \u00a0Penal \u00a0al \u00a0cual \u00a0se \u00a0atiene \u00a0el solicitante, indica que el cambio de radicaci\u00f3n \u00a0procede \u00a0\u00a0<\/p>\n<p>\u00a0 \u00a0\u00a0 \u00a0\u00a0 \u00a0\u00a0&#8220;&#8230; \u00a0cuando, \u00a0en \u00a0el \u00a0territorio \u00a0donde \u00a0se \u00a0est\u00e9 \u00a0adelantando \u00a0la \u00a0actuaci\u00f3n \u00a0 procesal, \u00a0existan \u00a0circunstancias \u00a0que \u00a0puedan \u00a0afectar \u00a0el \u00a0orden \u00a0p\u00fablico, \u00a0 la \u00a0imparcialidad \u00a0o \u00a0la \u00a0independencia \u00a0de \u00a0la \u00a0administraci\u00f3n \u00a0de \u00a0justicia, \u00a0 las \u00a0 garant\u00edas \u00a0procesales, \u00a0la \u00a0publicidad \u00a0del \u00a0juzgamiento, \u00a0la \u00a0seguridad del sindicado o su integridad personal.&#8221; \u00a0\u00a0<\/p>\n<p>Ello \u00a0obedece, ante todo, al deber del Estado \u00a0de \u00a0 intervenir \u00a0 para \u00a0 preservar \u00a0 la \u00a0imparcialidad \u00a0e \u00a0independencia \u00a0de \u00a0la \u00a0administraci\u00f3n \u00a0de justicia frente a la ocurrencia de circunstancias especiales \u00a0que \u00a0la \u00a0colocan a riesgo en el Municipio, Circuito o Distrito Judicial donde se \u00a0lleva \u00a0a \u00a0cabo el juzgamiento, o bien para asegurar la integridad del enjuiciado \u00a0frente \u00a0a \u00a0hechos relevantes que en ese lugar podr\u00edan ponerla particularmente a \u00a0riesgo. \u00a0\u00a0<\/p>\n<p>Que la familia del requirente resida en ciudad \u00a0distinta \u00a0de \u00a0aquella \u00a0donde \u00a0se debe adelantar la causa, o que el asiento de la \u00a0actividad \u00a0profesional \u00a0del \u00a0defensor \u00a0tampoco \u00a0est\u00e9 en la sede del Juzgado, no \u00a0constituyen \u00a0razones \u00a0v\u00e1lidas \u00a0para \u00a0variar el sitio donde por ministerio de la \u00a0ley \u00a0se \u00a0ha \u00a0de \u00a0adelantar \u00a0el juzgamiento, pues como queda dicho, otras son las \u00a0razones \u00a0de \u00edndole excepcional y grave, y ajenas al sujeto pasivo de la acci\u00f3n \u00a0penal, las que se imponen para una variaci\u00f3n de esa laya. \u00a0\u00a0<\/p>\n<p>RAD. 13156 \u00a0<\/p>\n<p>CORTE SUPREMA DE JUSTICIA \u00a0<\/p>\n<p>SALA DE CASACION PENAL \u00a0<\/p>\n<p>\u00a0 \u00a0\u00a0 \u00a0\u00a0 \u00a0\u00a0 \u00a0\u00a0 \u00a0\u00a0 \u00a0\u00a0 \u00a0\u00a0 \u00a0\u00a0 \u00a0\u00a0 \u00a0 \u00a0\u00a0 \u00a0 \u00a0 \u00a0 \u00a0 \u00a0 \u00a0 \u00a0 \u00a0 \u00a0\u00a0Magistrado Ponente Dr.: \u00a0\u00a0<\/p>\n<p>\u00a0 \u00a0\u00a0 \u00a0\u00a0 \u00a0\u00a0 \u00a0\u00a0 \u00a0\u00a0 \u00a0\u00a0 \u00a0\u00a0 \u00a0\u00a0 \u00a0\u00a0 \u00a0 \u00a0\u00a0 \u00a0 \u00a0 \u00a0 \u00a0 \u00a0 \u00a0 \u00a0 \u00a0 \u00a0\u00a0JUAN MANUEL TORRES FRESNEDA \u00a0\u00a0<\/p>\n<p>\u00a0 \u00a0\u00a0 \u00a0\u00a0 \u00a0\u00a0 \u00a0\u00a0 \u00a0\u00a0 \u00a0\u00a0 \u00a0\u00a0 \u00a0\u00a0 \u00a0\u00a0 \u00a0 \u00a0\u00a0 \u00a0 \u00a0 \u00a0 \u00a0 \u00a0 \u00a0 \u00a0 \u00a0 \u00a0\u00a0Aprobado Acta No.57 \u00a0\u00a0<\/p>\n<p>\u00a0 \u00a0\u00a0 \u00a0\u00a0 \u00a0\u00a0 \u00a0\u00a0 \u00a0\u00a0 \u00a0\u00a0 \u00a0\u00a0 \u00a0\u00a0 \u00a0\u00a0 \u00a0 \u00a0\u00a0 \u00a0 \u00a0 \u00a0 \u00a0 \u00a0 \u00a0 \u00a0 \u00a0 \u00a0\u00a0Santaf\u00e9 de Bogot\u00e1 D.C., mayo veintisiete (27) \u00a0de mil novecientos noventa y siete (1997). \u00a0\u00a0<\/p>\n<p>\u00a0 \u00a0\u00a0 \u00a0\u00a0 \u00a0\u00a0V I S T O S: \u00a0\u00a0<\/p>\n<p>\u00a0 \u00a0\u00a0 \u00a0\u00a0 \u00a0\u00a0 \u00a0\u00a0 \u00a0\u00a0 \u00a0\u00a0 \u00a0\u00a0De plano \u00a0decidir\u00e1 \u00a0la Sala el cambio de radicaci\u00f3n del proceso que el Juzgado 3o. Penal \u00a0del \u00a0Circuito \u00a0de \u00a0Valledupar \u00a0adelanta \u00a0en \u00a0contra de GABRIEL RUIZ QUIJANO como \u00a0autor del delito de hurto agravado y calificado. \u00a0\u00a0<\/p>\n<p>\u00a0 \u00a0\u00a0 \u00a0\u00a0 \u00a0\u00a0A N T E C E D E N T E S: \u00a0\u00a0<\/p>\n<p>\u00a0 \u00a0\u00a0 \u00a0\u00a0 \u00a0\u00a0 \u00a0\u00a0 \u00a0\u00a0 \u00a0\u00a0 \u00a0\u00a0Dice \u00a0el \u00a0solicitante \u00a0que \u00a0en \u00a0la \u00a0c\u00e1rcel \u00a0del \u00a0Distrito Judicial de Valledupar donde se \u00a0halla \u00a0 \u00a0recluido, \u00a0 \u00a0se \u00a0 han \u00a0 perpe\u00adtrado \u00a0hechos \u00a0violentos \u00a0con \u00a0saldo tr\u00e1gico ampliamente conocido, \u00a0los \u00a0que han puesto en peligro la vida de los reclusos, incluida la suya, por lo \u00a0que \u00a0 solicita \u00a0 se \u00a0 le \u00a0 traslade \u00a0 a \u00a0 la \u00a0 ciudad \u00a0de \u00a0Bucaraman\u00adga \u00a0donde \u00a0residen \u00a0su \u00a0familia \u00a0y \u00a0su \u00a0apoderado, \u00a0con \u00a0lo \u00a0que \u00a0se le evitar\u00edan los consiguientes gastos de pasajes y \u00a0vi\u00e1ticos. \u00a0 Agrega \u00a0 como \u00a0 fundamento \u00a0su \u00a0mal \u00a0estado \u00a0de \u00a0salud \u00a0debidamente \u00a0certificado, \u00a0y a\u00fan adiciona que si bien consinti\u00f3 que se le hubiese negado la \u00a0&#8220;libertad \u00a0domiciliaria&#8221; \u00a0(sic), \u00a0hoy \u00a0son \u00a0otras \u00a0las \u00a0razones que le obligan a \u00a0procurar el cambio de radicaci\u00f3n. \u00a0\u00a0<\/p>\n<p>\u00a0 \u00a0\u00a0 \u00a0\u00a0 \u00a0\u00a0 \u00a0 \u00a0 \u00a0 \u00a0 \u00a0\u00a0<\/p>\n<p>\u00a0 \u00a0\u00a0 \u00a0\u00a0 \u00a0\u00a0 \u00a0\u00a0 \u00a0\u00a0 \u00a0\u00a0 \u00a0El Juzgado \u00a0Tercero \u00a0Penal \u00a0del Circuito de Valledupar confirma que en la actualidad tramita \u00a0una \u00a0causa \u00a0en contra del peticionario por el delito de hurto calificado, dentro \u00a0de \u00a0la \u00a0cual \u00a0se \u00a0afectaron los bienes del Banco de la Rep\u00fablica de Valledupar, \u00a0mas \u00a0no \u00a0le \u00a0da \u00a0otro \u00a0apoyo \u00a0al reclamante, mientras que \u00e9ste adjunta por toda \u00a0prueba, \u00a0un \u00a0recetario de la Unidad M\u00e9dica Odontol\u00f3gica de la Gobernaci\u00f3n del \u00a0Departamento \u00a0(no \u00a0dice \u00a0cual), \u00a0Servicio \u00a0Nacional \u00a0de \u00a0Salud \u00a0de \u00a0la Alcald\u00eda \u00a0Municipal \u00a0(tampoco \u00a0indica de donde, ni de manera legible al m\u00e9dico tratante), \u00a0donde \u00a0se \u00a0advierte \u00a0que \u00a0el \u00a0se\u00f1or \u00a0GABRIEL RUIZ QUIJANO, de 57 a\u00f1os de edad, \u00a0padece \u00a0insomnio \u00a0desde hace varias semanas, compatible con una crisis nerviosa. \u00a0Por \u00a0 \u00a0 ello \u00a0 \u00a0al \u00a0 \u00a0final \u00a0 \u00a0propone \u00a0 \u00a0su \u00a0 \u00a0remisi\u00f3n \u00a0 \u00a0para \u00a0 \u00a0valoraci\u00f3n \u00a0psicol\u00f3gica. \u00a0\u00a0<\/p>\n<p>\u00a0 \u00a0\u00a0 \u00a0\u00a0 \u00a0\u00a0 \u00a0 \u00a0 \u00a0 \u00a0 \u00a0\u00a0 \u00a0\u00a0\u00a0 \u00a0\u00a0<\/p>\n<p>B R E V E S\u00a0\u00a0 C O N S I D E R A C I \u00a0O N E S\u00a0 D E\u00a0 L A\u00a0 S A L A: \u00a0\u00a0<\/p>\n<p>\u00a0 \u00a0\u00a0 \u00a0\u00a0 \u00a0\u00a0 \u00a0\u00a0 \u00a0 \u00a0 \u00a0El art\u00edculo \u00a083 \u00a0del \u00a0C\u00f3digo de Procedimiento Penal al cual se atiene el solicitante, indica \u00a0que \u00a0 \u00a0 el \u00a0 \u00a0 cambio \u00a0 \u00a0de \u00a0 \u00a0radica\u00adci\u00f3n procede \u00a0\u00a0<\/p>\n<p>\u00a0 \u00a0\u00a0 \u00a0\u00a0 \u00a0\u00a0&#8220;&#8230; \u00a0cuando, \u00a0en \u00a0el \u00a0territorio donde se est\u00e9 adelan\u00adtando \u00a0la actuaci\u00f3n procesal, existan \u00a0circunstancias \u00a0que \u00a0puedan \u00a0afectar \u00a0el \u00a0orden \u00a0p\u00fablico, la imparcialidad o la \u00a0independencia \u00a0de \u00a0la administraci\u00f3n de justicia, las garant\u00edas procesales, la \u00a0publicidad \u00a0 \u00a0 \u00a0 \u00a0del \u00a0 \u00a0 \u00a0 \u00a0juzga\u00admiento, \u00a0 \u00a0la \u00a0 \u00a0seguridad \u00a0 \u00a0del \u00a0 sindicado \u00a0 o \u00a0 su \u00a0 integridad \u00a0personal.&#8221; \u00a0\u00a0<\/p>\n<p>\u00a0 \u00a0\u00a0 \u00a0\u00a0 \u00a0\u00a0 \u00a0 \u00a0 \u00a0 \u00a0 \u00a0 \u00a0 \u00a0 \u00a0Ello \u00a0obedece, \u00a0ante \u00a0todo, \u00a0al \u00a0deber \u00a0del \u00a0Estado \u00a0de \u00a0intervenir \u00a0para preservar la \u00a0imparciali\u00addad \u00a0 \u00a0e \u00a0independencia \u00a0de \u00a0la \u00a0administraci\u00f3n \u00a0de \u00a0justicia \u00a0frente \u00a0a la ocurrencia de \u00a0circunstancias \u00a0especiales \u00a0que \u00a0la \u00a0colocan \u00a0a \u00a0riesgo en el Munici\u00adpio, \u00a0Circuito \u00a0o \u00a0Distrito \u00a0Judicial \u00a0donde \u00a0 se \u00a0 lleva \u00a0 a \u00a0cabo \u00a0el \u00a0juzga\u00admiento, \u00a0o \u00a0bien \u00a0para asegurar la integridad del enjui\u00adcia\u00addo \u00a0frente \u00a0a hechos relevantes que en \u00a0ese \u00a0lugar \u00a0podr\u00edan \u00a0ponerla particular\u00admente a riesgo. \u00a0\u00a0<\/p>\n<p>\u00a0 \u00a0\u00a0 \u00a0\u00a0 \u00a0\u00a0 \u00a0\u00a0 \u00a0\u00a0 \u00a0\u00a0 \u00a0\u00a0Para el \u00a0caso \u00a0presente, \u00a0sin \u00a0embargo, \u00a0no \u00a0es aquella clase de circunstancias la que se \u00a0invoca \u00a0 ni \u00a0prueba \u00a0por \u00a0el \u00a0reclaman\u00adte, \u00a0quien \u00a0advierte \u00a0inminente la culminaci\u00f3n de la causa que se \u00a0le \u00a0sigue \u00a0ante \u00a0los Juzgados del Circuito, sino factores de \u00edndole diverso que \u00a0no \u00a0le \u00a0corresponde \u00a0asumir \u00a0ni \u00a0remediar \u00a0a \u00a0esta \u00a0Sala \u00a0de \u00a0la \u00a0Corte, sino al \u00a0funcionario \u00a0del \u00a0conocimiento, \u00a0y \u00a0a\u00fan \u00a0al \u00a0Instituto Nacional Penitenciario y \u00a0Carcelario conforme puede verse. \u00a0\u00a0<\/p>\n<p>\u00a0 \u00a0\u00a0 \u00a0\u00a0 \u00a0 \u00a0\u00a0 \u00a0 \u00a0 \u00a0En efecto, \u00a0que \u00a0la \u00a0familia \u00a0del \u00a0requirente \u00a0resida en ciudad distinta de aquella donde se \u00a0debe \u00a0adelantar \u00a0la \u00a0causa, \u00a0o \u00a0que \u00a0el \u00a0asiento de la actividad profesional del \u00a0defensor \u00a0tampoco \u00a0est\u00e9 en la sede del Juzgado, no constituyen razones v\u00e1lidas \u00a0para \u00a0variar \u00a0el \u00a0sitio \u00a0donde \u00a0por \u00a0ministerio \u00a0de la ley se ha de adelantar el \u00a0juzgamiento, \u00a0 pues \u00a0 como \u00a0queda \u00a0dicho, \u00a0otras \u00a0son \u00a0las \u00a0razones \u00a0de \u00a0\u00edndole \u00a0excepcional \u00a0y \u00a0grave, y ajenas al sujeto pasivo de la acci\u00f3n penal, las que se \u00a0imponen \u00a0 \u00a0 \u00a0para \u00a0 \u00a0 una \u00a0 \u00a0 varia\u00adci\u00f3n de esa laya. \u00a0\u00a0<\/p>\n<p>\u00a0 \u00a0\u00a0 \u00a0\u00a0 \u00a0 \u00a0\u00a0 \u00a0\u00a0 \u00a0\u00a0 \u00a0\u00a0Tampoco \u00a0las \u00a0condiciones de salud del procesado dan pie para radicar en sede distinta su \u00a0proceso, \u00a0pues \u00a0tanto ellas como la inseguridad del centro carcelario, a lo sumo \u00a0conlle\u00adva\u00adr\u00edan \u00a0a un cambio de la reclusi\u00f3n, \u00a0pero \u00a0 sin \u00a0 alterar \u00a0 ni \u00a0 la \u00a0radica\u00adci\u00f3n \u00a0del \u00a0proceso \u00a0ni \u00a0los \u00a0funcionarios \u00a0competentes \u00a0que deben \u00a0culminar \u00a0el \u00a0juzgamiento. \u00a0Tales \u00a0son \u00a0las \u00a0previsiones \u00a0que \u00a0trae \u00a0el \u00a0C\u00f3digo \u00a0Penitenciario \u00a0y \u00a0Carcelario \u00a0(Ley \u00a065 \u00a0de \u00a01993) \u00a0en \u00a0los art\u00edculos 106 y 73 y \u00a0siguientes, \u00a0 \u00a0y \u00a0 \u00a0en \u00a0 \u00a0las \u00a0 que \u00a0 est\u00e1 \u00a0 exclu\u00edda \u00a0 la \u00a0 inter\u00adven\u00adci\u00f3n \u00a0de esta Sala de la Corte para \u00a0la \u00a0 \u00a0 \u00a0adopci\u00f3n \u00a0 \u00a0 \u00a0de \u00a0 \u00a0 \u00a0la \u00a0 \u00a0 \u00a0soluci\u00f3n \u00a0 \u00a0 \u00a0que \u00a0 \u00a0 corres\u00adponde. \u00a0\u00a0<\/p>\n<p>\u00a0 \u00a0\u00a0 \u00a0\u00a0 \u00a0 \u00a0\u00a0 \u00a0\u00a0 \u00a0\u00a0 \u00a0\u00a0Siendo, \u00a0entonces, \u00a0claro, \u00a0que \u00a0ninguno \u00a0de \u00a0los \u00a0motivos \u00a0expuestos \u00a0por el solicitante \u00a0habilita \u00a0el \u00a0cambio reclamado, no tiene esta Colegiatura alternativa distinta a \u00a0la \u00a0de \u00a0su \u00a0nega\u00adci\u00f3n, \u00a0como as\u00ed en efecto lo dispone. \u00a0\u00a0<\/p>\n<p>\u00a0 \u00a0\u00a0 \u00a0\u00a0 \u00a0 \u00a0\u00a0 \u00a0 \u00a0 \u00a0En m\u00e9rito \u00a0de \u00a0 lo \u00a0 expuesto, \u00a0 la \u00a0 Corte \u00a0Suprema \u00a0de \u00a0Justicia \u00a0en \u00a0Sala \u00a0de \u00a0Casaci\u00f3n \u00a0Penal, \u00a0\u00a0<\/p>\n<p>\u00a0 \u00a0\u00a0 \u00a0 \u00a0R E S U E L V E: \u00a0\u00a0<\/p>\n<p>\u00a0 \u00a0\u00a0 \u00a0\u00a0 \u00a0 \u00a0\u00a0 \u00a0 \u00a0 \u00a0Denegar el \u00a0cambio \u00a0de \u00a0radicaci\u00f3n \u00a0de \u00a0la \u00a0causa seguida ante el Juzgado Tercero Penal del \u00a0Circuito \u00a0 de \u00a0 Valledupar, \u00a0en \u00a0contra \u00a0del \u00a0procesado \u00a0GABRIEL \u00a0RUIZ \u00a0QUIJANO, \u00a0. \u00a0\u00a0<\/p>\n<p>\u00a0 \u00a0\u00a0 \u00a0\u00a0 \u00a0 \u00a0 \u00a0 \u00a0 \u00a0\u00a0 \u00a0 \u00a0 \u00a0 \u00a0\u00a0 \u00a0 \u00a0 \u00a0 \u00a0 \u00a0 \u00a0 \u00a0 \u00a0Comun\u00edquese y c\u00famplase. \u00a0\u00a0<\/p>\n<p>\u00a0 \u00a0\u00a0 \u00a0 \u00a0CARLOS AUGUSTO GALVEZ ARGOTE \u00a0\u00a0<\/p>\n<p>FERNANDO \u00a0 ARBOLEDA \u00a0 RIPOLL \u00a0\u00a0 \u00a0\u00a0 \u00a0\u00a0 \u00a0\u00a0 \u00a0 \u00a0\u00a0 \u00a0 \u00a0 \u00a0 \u00a0 \u00a0 \u00a0 \u00a0 \u00a0 \u00a0 \u00a0 \u00a0\u00a0RICARDO CALVETE RANGEL \u00a0\u00a0<\/p>\n<p>JORGE \u00a0 E. \u00a0 CORDOBA \u00a0 POVEDA \u00a0\u00a0 \u00a0\u00a0 \u00a0\u00a0 \u00a0\u00a0 \u00a0 \u00a0\u00a0 \u00a0 \u00a0 \u00a0 \u00a0 \u00a0 \u00a0 \u00a0 \u00a0 \u00a0 \u00a0 \u00a0\u00a0JORGE ANIBAL GOMEZ GALLEGO \u00a0\u00a0<\/p>\n<p>CARLOS \u00a0 E. \u00a0 MEJIA \u00a0 ESCOBAR \u00a0\u00a0 \u00a0\u00a0 \u00a0\u00a0 \u00a0\u00a0 \u00a0 \u00a0\u00a0 \u00a0 \u00a0 \u00a0 \u00a0 \u00a0 \u00a0 \u00a0 \u00a0 \u00a0 \u00a0 \u00a0\u00a0DIDIMO PAEZ VELANDIA\u00a0 \u00a0\u00a0<\/p>\n<p>\u00a0 \u00a0\u00a0 \u00a0\u00a0 \u00a0No firmo \u00a0\u00a0<\/p>\n<p>NILSON \u00a0 \u00a0PINILLA \u00a0 PINILLA \u00a0\u00a0 \u00a0\u00a0 \u00a0\u00a0 \u00a0\u00a0 \u00a0 \u00a0\u00a0 \u00a0 \u00a0 \u00a0 \u00a0 \u00a0 \u00a0 \u00a0 \u00a0 \u00a0 \u00a0 \u00a0\u00a0JUAN MANUEL TORRES FRESNEDA \u00a0\u00a0<\/p>\n<p>\u00a0 \u00a0\u00a0 \u00a0 \u00a0PATRICIA SALAZAR CUELLAR \u00a0\u00a0<\/p>\n<p>\u00a0 \u00a0\u00a0 \u00a0 \u00a0Secretaria \u00a0\u00a0<\/p>\n<p>\u00a0 \u00a0 \u00a0<\/p>\n<p><\/p>\n","protected":false},"excerpt":{"rendered":"<p>\u00a0 \u00a0 CAMBIO DE RADICACION \u00a0 El \u00a0art\u00edculo 83 del C\u00f3digo de Procedimiento \u00a0Penal \u00a0al \u00a0cual \u00a0se \u00a0atiene \u00a0el solicitante, indica que el cambio de radicaci\u00f3n \u00a0procede \u00a0\u00a0 \u00a0 \u00a0\u00a0 \u00a0\u00a0 \u00a0\u00a0&#8220;&#8230; \u00a0cuando, \u00a0en \u00a0el \u00a0territorio \u00a0donde \u00a0se \u00a0est\u00e9 \u00a0adelantando \u00a0la \u00a0actuaci\u00f3n \u00a0 procesal, \u00a0existan \u00a0circunstancias \u00a0que \u00a0puedan \u00a0afectar \u00a0el \u00a0orden \u00a0p\u00fablico, \u00a0 la \u00a0imparcialidad [&hellip;]<\/p>\n","protected":false},"author":1,"featured_media":0,"comment_status":"open","ping_status":"open","sticky":false,"template":"","format":"standard","meta":{"footnotes":""},"categories":[5],"tags":[],"class_list":["post-865","post","type-post","status-publish","format-standard","hentry","category-5"],"_links":{"self":[{"href":"https:\/\/dmsjuridica.com\/buscador_20179478954\/salapenalcronologico20230723\/wp-json\/wp\/v2\/posts\/865","targetHints":{"allow":["GET"]}}],"collection":[{"href":"https:\/\/dmsjuridica.com\/buscador_20179478954\/salapenalcronologico20230723\/wp-json\/wp\/v2\/posts"}],"about":[{"href":"https:\/\/dmsjuridica.com\/buscador_20179478954\/salapenalcronologico20230723\/wp-json\/wp\/v2\/types\/post"}],"author":[{"embeddable":true,"href":"https:\/\/dmsjuridica.com\/buscador_20179478954\/salapenalcronologico20230723\/wp-json\/wp\/v2\/users\/1"}],"replies":[{"embeddable":true,"href":"https:\/\/dmsjuridica.com\/buscador_20179478954\/salapenalcronologico20230723\/wp-json\/wp\/v2\/comments?post=865"}],"version-history":[{"count":0,"href":"https:\/\/dmsjuridica.com\/buscador_20179478954\/salapenalcronologico20230723\/wp-json\/wp\/v2\/posts\/865\/revisions"}],"wp:attachment":[{"href":"https:\/\/dmsjuridica.com\/buscador_20179478954\/salapenalcronologico20230723\/wp-json\/wp\/v2\/media?parent=865"}],"wp:term":[{"taxonomy":"category","embeddable":true,"href":"https:\/\/dmsjuridica.com\/buscador_20179478954\/salapenalcronologico20230723\/wp-json\/wp\/v2\/categories?post=865"},{"taxonomy":"post_tag","embeddable":true,"href":"https:\/\/dmsjuridica.com\/buscador_20179478954\/salapenalcronologico20230723\/wp-json\/wp\/v2\/tags?post=865"}],"curies":[{"name":"wp","href":"https:\/\/api.w.org\/{rel}","templated":true}]}}