{"id":8606,"date":"2023-09-08T17:46:37","date_gmt":"2023-09-08T17:46:37","guid":{"rendered":"https:\/\/dmsjuridica.com\/buscador_20179478954\/salapenalcronologico20230723\/2023\/09\/08\/2171429-03-04\/"},"modified":"2023-09-08T17:46:37","modified_gmt":"2023-09-08T17:46:37","slug":"2171429-03-04","status":"publish","type":"post","link":"https:\/\/dmsjuridica.com\/buscador_20179478954\/salapenalcronologico20230723\/2023\/09\/08\/2171429-03-04\/","title":{"rendered":"21714(29-03-04)"},"content":{"rendered":"\n<p>\u00a0 \u00a0 Proceso No 21714 \u00a0<\/p>\n<p>CORTE SUPREMA DE JUSTICIA \u00a0<\/p>\n<p>SALA DE CASACION PENAL \u00a0<\/p>\n<p>\u00a0 \u00a0\u00a0 \u00a0\u00a0 \u00a0\u00a0 \u00a0\u00a0 \u00a0 \u00a0 \u00a0 \u00a0 \u00a0 \u00a0\u00a0 \u00a0Aprobado acta No. 26 \u00a0\u00a0<\/p>\n<p>\u00a0 \u00a0\u00a0 \u00a0\u00a0 \u00a0\u00a0 \u00a0\u00a0 \u00a0 \u00a0 \u00a0 \u00a0 \u00a0 \u00a0\u00a0 \u00a0Magistrado Ponente: \u00a0\u00a0<\/p>\n<p>\u00a0 \u00a0\u00a0 \u00a0\u00a0 \u00a0\u00a0 \u00a0\u00a0 \u00a0 \u00a0 \u00a0 \u00a0 \u00a0 \u00a0\u00a0 \u00a0Dr. MAURO SOLARTE PORTILLA \u00a0\u00a0<\/p>\n<p>Bogot\u00e1 D. C., veintinueve de marzo de dos mil \u00a0cuatro. \u00a0\u00a0<\/p>\n<p>El defensor de EDGAR \u00a0ENRIQUE \u00a0VARON \u00a0MORISSI present\u00f3 demanda de casaci\u00f3n \u00a0contra \u00a0la \u00a0sentencia \u00a0de \u00a010 \u00a0de \u00a0febrero de 2003, mediante la cual el Tribunal \u00a0Superior \u00a0del Distrito Judicial de Bogot\u00e1\u00a0 conden\u00f3 al procesado a la pena \u00a0principal \u00a0privativa \u00a0de \u00a0la \u00a0libertad \u00a0de \u00a035 \u00a0meses \u00a0de prisi\u00f3n, como coautor \u00a0responsable \u00a0del \u00a0delito de concusi\u00f3n, previsto en el art\u00edculo 140 del C\u00f3digo \u00a0Penal \u00a0de \u00a01980 \u00a0(vigente \u00a0cuando \u00a0ocurrieron \u00a0los \u00a0hechos), que adscrib\u00eda como \u00a0sanci\u00f3n \u00a0pena privativa de la libertad 2 a 6 a\u00f1os de prisi\u00f3n, e interdicci\u00f3n \u00a0de derechos y funciones p\u00fablicas de 1 a 5 a\u00f1os. \u00a0\u00a0<\/p>\n<p>El \u00a0art\u00edculo \u00a0205 \u00a0del \u00a0nuevo \u00a0C\u00f3digo \u00a0de \u00a0Procedimiento \u00a0Penal \u00a0establece \u00a0como \u00a0requisito \u00a0punitivo para poder acceder en \u00a0casaci\u00f3n, \u00a0que \u00a0el delito por el cual se procede tenga se\u00f1alada pena privativa \u00a0de \u00a0 la \u00a0 libertad \u00a0 cuyo \u00a0 m\u00e1ximo \u00a0 exceda \u00a0de \u00a0ocho \u00a0a\u00f1os. \u00a0Este \u00a0presupuesto \u00a0no se cumple en el presente \u00a0caso, \u00a0por \u00a0cuanto \u00a0la \u00a0sanci\u00f3n \u00a0m\u00e1xima \u00a0prevista \u00a0para \u00a0el \u00a0delito \u00a0objeto de \u00a0juzgamiento es, seg\u00fan se dej\u00f3 visto, seis (6) a\u00f1os. \u00a0\u00a0<\/p>\n<p>El \u00a0referido \u00a0art\u00edculo \u00a0205 \u00a0del \u00a0estatuto \u00a0procesal \u00a0prev\u00e9 \u00a0la \u00a0posibilidad \u00a0de \u00a0acudir \u00a0en casaci\u00f3n por v\u00eda excepcional \u00a0cuando \u00a0no \u00a0se \u00a0cumple \u00a0el \u00a0requisito \u00a0punitivo, pero el actor no la invoc\u00f3, ni \u00a0demostr\u00f3 \u00a0su \u00a0procedencia, \u00a0y la Corte no puede entrar a estudiar oficiosamente \u00a0su \u00a0viabilidad \u00a0frente \u00a0a \u00a0la sentencia impugnada, o el contenido de la demanda, \u00a0por \u00a0tratarse de un recurso esencialmente rogado, al que solo se tiene acceso en \u00a0virtud de petici\u00f3n de parte. \u00a0\u00a0<\/p>\n<p>Por las razones anotadas, LA CORTE SUPREMA DE \u00a0JUSTICIA, \u00a0 \u00a0SALA \u00a0 DE \u00a0 CASACION \u00a0 PENAL, \u00a0 INADMITE \u00a0la \u00a0demanda \u00a0presentada \u00a0por el defensor del procesado \u00a0Edgar \u00a0 \u00a0 Enrique \u00a0 \u00a0 Var\u00f3n \u00a0 \u00a0Morissi. \u00a0\u00a0<\/p>\n<p>Contra \u00a0esta \u00a0decisi\u00f3n no proceden recursos. \u00a0Notif\u00edquese devu\u00e9lvase al Tribunal de origen. CUMPLASE. \u00a0\u00a0<\/p>\n<p>YESID RAMIREZ BASTIDAS \u00a0<\/p>\n<p>HERMAN \u00a0 \u00a0 \u00a0 \u00a0 \u00a0 \u00a0GALAN \u00a0CASTELLANOS\u00a0\u00a0\u00a0\u00a0\u00a0\u00a0\u00a0\u00a0\u00a0\u00a0\u00a0\u00a0\u00a0\u00a0 \u00a0JORGE A. GOMEZ GALLEGO \u00a0\u00a0<\/p>\n<p>ALFREDO \u00a0 \u00a0 \u00a0 \u00a0 \u00a0 \u00a0GOMEZ \u00a0QUINTERO\u00a0\u00a0\u00a0\u00a0\u00a0\u00a0\u00a0\u00a0\u00a0\u00a0\u00a0\u00a0\u00a0\u00a0\u00a0\u00a0\u00a0\u00a0 \u00a0EDGAR LOMBANA \u00a0TRUJILLO\u00a0\u00a0\u00a0\u00a0\u00a0\u00a0\u00a0\u00a0\u00a0\u00a0\u00a0\u00a0\u00a0\u00a0\u00a0\u00a0\u00a0\u00a0\u00a0\u00a0\u00a0\u00a0 \u00a0\u00a0<\/p>\n<p>ALVARO \u00a0 \u00a0 \u00a0 \u00a0 O. \u00a0 \u00a0 \u00a0 \u00a0 PEREZ \u00a0PINZON\u00a0\u00a0\u00a0\u00a0\u00a0\u00a0\u00a0\u00a0\u00a0\u00a0\u00a0\u00a0\u00a0\u00a0\u00a0\u00a0\u00a0\u00a0\u00a0\u00a0\u00a0 \u00a0MARINA PULIDO DE BARON \u00a0\u00a0<\/p>\n<p>JORGE \u00a0 \u00a0 \u00a0 \u00a0L. \u00a0 \u00a0 \u00a0 \u00a0QUINTERO \u00a0MILANES\u00a0\u00a0\u00a0\u00a0\u00a0\u00a0\u00a0\u00a0\u00a0\u00a0\u00a0\u00a0\u00a0\u00a0 \u00a0MAURO SOLARTE PORTILLA \u00a0\u00a0<\/p>\n<p>\u00a0 \u00a0\u00a0 \u00a0\u00a0 \u00a0\u00a0 \u00a0\u00a0 \u00a0 \u00a0 \u00a0 \u00a0 \u00a0 \u00a0\u00a0 \u00a0\u00a0 \u00a0 \u00a0 \u00a0 \u00a0Teresa Ruiz\u00a0 N\u00fa\u00f1ez \u00a0\u00a0<\/p>\n<p>\u00a0 \u00a0\u00a0 \u00a0\u00a0 \u00a0\u00a0 \u00a0\u00a0 \u00a0 \u00a0 \u00a0 \u00a0 \u00a0 \u00a0\u00a0 \u00a0\u00a0 \u00a0 \u00a0 \u00a0 \u00a0\u00a0\u00a0\u00a0 SECRETARIA \u00a0\u00a0<\/p>\n<p>\u00a0 \u00a0\u00a0<\/p>\n<p><\/p>\n","protected":false},"excerpt":{"rendered":"<p>\u00a0 \u00a0 Proceso No 21714 \u00a0 CORTE SUPREMA DE JUSTICIA \u00a0 SALA DE CASACION PENAL \u00a0 \u00a0 \u00a0\u00a0 \u00a0\u00a0 \u00a0\u00a0 \u00a0\u00a0 \u00a0 \u00a0 \u00a0 \u00a0 \u00a0 \u00a0\u00a0 \u00a0Aprobado acta No. 26 \u00a0\u00a0 \u00a0 \u00a0\u00a0 \u00a0\u00a0 \u00a0\u00a0 \u00a0\u00a0 \u00a0 \u00a0 \u00a0 \u00a0 \u00a0 \u00a0\u00a0 \u00a0Magistrado Ponente: \u00a0\u00a0 \u00a0 \u00a0\u00a0 \u00a0\u00a0 \u00a0\u00a0 \u00a0\u00a0 \u00a0 \u00a0 \u00a0 \u00a0 [&hellip;]<\/p>\n","protected":false},"author":1,"featured_media":0,"comment_status":"open","ping_status":"open","sticky":false,"template":"","format":"standard","meta":{"footnotes":""},"categories":[12],"tags":[],"class_list":["post-8606","post","type-post","status-publish","format-standard","hentry","category-12"],"_links":{"self":[{"href":"https:\/\/dmsjuridica.com\/buscador_20179478954\/salapenalcronologico20230723\/wp-json\/wp\/v2\/posts\/8606","targetHints":{"allow":["GET"]}}],"collection":[{"href":"https:\/\/dmsjuridica.com\/buscador_20179478954\/salapenalcronologico20230723\/wp-json\/wp\/v2\/posts"}],"about":[{"href":"https:\/\/dmsjuridica.com\/buscador_20179478954\/salapenalcronologico20230723\/wp-json\/wp\/v2\/types\/post"}],"author":[{"embeddable":true,"href":"https:\/\/dmsjuridica.com\/buscador_20179478954\/salapenalcronologico20230723\/wp-json\/wp\/v2\/users\/1"}],"replies":[{"embeddable":true,"href":"https:\/\/dmsjuridica.com\/buscador_20179478954\/salapenalcronologico20230723\/wp-json\/wp\/v2\/comments?post=8606"}],"version-history":[{"count":0,"href":"https:\/\/dmsjuridica.com\/buscador_20179478954\/salapenalcronologico20230723\/wp-json\/wp\/v2\/posts\/8606\/revisions"}],"wp:attachment":[{"href":"https:\/\/dmsjuridica.com\/buscador_20179478954\/salapenalcronologico20230723\/wp-json\/wp\/v2\/media?parent=8606"}],"wp:term":[{"taxonomy":"category","embeddable":true,"href":"https:\/\/dmsjuridica.com\/buscador_20179478954\/salapenalcronologico20230723\/wp-json\/wp\/v2\/categories?post=8606"},{"taxonomy":"post_tag","embeddable":true,"href":"https:\/\/dmsjuridica.com\/buscador_20179478954\/salapenalcronologico20230723\/wp-json\/wp\/v2\/tags?post=8606"}],"curies":[{"name":"wp","href":"https:\/\/api.w.org\/{rel}","templated":true}]}}