{"id":84083,"date":"2025-04-08T19:22:11","date_gmt":"2025-04-08T19:22:11","guid":{"rendered":"https:\/\/dmsjuridica.com\/buscador_20179478954\/salapenalcronologico20230723\/2025\/04\/08\/stp568-2025\/"},"modified":"2025-04-08T19:22:11","modified_gmt":"2025-04-08T19:22:11","slug":"stp568-2025","status":"publish","type":"post","link":"https:\/\/dmsjuridica.com\/buscador_20179478954\/salapenalcronologico20230723\/2025\/04\/08\/stp568-2025\/","title":{"rendered":"STP568-2025"},"content":{"rendered":"\n<p style=\"text-align: center; text-indent: 0px; padding: 0px 0px 0px 0px; margin: 0px 0px 0px 0px;\">{p}<\/p>\n<p> <br clear=\"all\"\/> <\/p>\n<p><\/p>\n<p>MYRIAM \u00c1VILA ROLD\u00c1N<\/p>\n<p>Magistrada ponente<\/p>\n<p><\/p>\n<p><\/p>\n<p>CUI: 11001020400020240279600<\/p>\n<p>Radicaci\u00f3n n.\u00b0 142221<\/p>\n<p>STP568-2025\u00a0<\/p>\n<p>(Aprobado acta n.\u00b0 2)<\/p>\n<p><\/p>\n<p>\u00a0 \u00a0 \u00a0Bogot\u00e1, D.C., diecis\u00e9is (16) de enero de dos mil veinticinco (2025)<\/p>\n<p><\/p>\n<p>\u00a0 \u00a0 \u00a0Corresponder\u00eda resolver la acci\u00f3n de tutela presentada por OSCAR FERNANDO QUINTERO MESA, si no fuera porque se abstuvo de corregir la demanda, situaci\u00f3n que impone aplicar al caso lo dispuesto en el art\u00edculo 17 del Decreto 2591 de 1991.<\/p>\n<p>\u00a0 \u00a0 \u00a0\u00a0<\/p>\n<p>II. HECHOS \u00a0<\/p>\n<p>\u00a0<\/p>\n<p>\u00a0 \u00a0 \u00a01.- OSCAR FERNANDO QUINTERO MESA interpuso acci\u00f3n de tutela, siendo asignada a quien aqu\u00ed funge como ponente. Al revisar los documentos allegados por el actor los hechos descritos en la demanda no eran claros, como tampoco la identificaci\u00f3n de la acci\u00f3n u omisi\u00f3n que motiv\u00f3 la interposici\u00f3n de la tutela, los derechos que considera vulnerados u amenazados y\/o providencias objeto de cuestionamiento, ni cu\u00e1les son las autoridades que estima han vulnerado sus derechos fundamentales.\u00a0<\/p>\n<p>\u00a0 \u00a0 \u00a0\u00a0<\/p>\n<p>\u00a0 \u00a0 \u00a02.- El actor presenta un escrito de 102 p\u00e1ginas que de manera inconexa expone fotograf\u00edas y varias providencias judiciales proferidas en distintos procesos judiciales en los que figura como parte, y de sentencias proferidas por la Corte Constitucional que, al parecer, emplea como fundamentos jur\u00eddicos.\u00a0<\/p>\n<p>\u00a0 \u00a0 \u00a0\u00a0<\/p>\n<p>\u00a0 \u00a0 \u00a03. Asimismo, hace referencia a amenazas que ha recibido por parte de distintas autoridades judiciales, del ex gobernador del Valle y, sin un contexto, claro cuestiona al presidente Gustavo Petro porque la Universidad &#8220;EIA se roba&#8221; los dineros destinados para beca OCAD. Adem\u00e1s, agrega otras circunstancias que, dada su falta de claridad, no es posible se\u00f1alarlas en esta oportunidad. \u00a0<\/p>\n<p>\u00a0<\/p>\n<p>III. CONSIDERACIONES\u00a0<\/p>\n<p>\u00a0 \u00a0 \u00a0\u00a0<\/p>\n<p>\u00a0 \u00a0 \u00a0a. En el presente caso la acci\u00f3n de tutela debe ser rechazada\u00a0<\/p>\n<p>\u00a0<\/p>\n<p>\u00a0 \u00a0 \u00a04.- El art\u00edculo 17 del Decreto 2591 de 1991 establece:\u00a0<\/p>\n<p>\u00a0 \u00a0 \u00a0\u00a0<\/p>\n<p>Si no pudiere determinarse el hecho o la raz\u00f3n que motiva la solicitud de tutela se prevendr\u00e1 al solicitante para que la corrija en el t\u00e9rmino de tres d\u00edas, los cuales deber\u00e1n se\u00f1alarse concretamente en la correspondiente providencia. Si no la corrigiere, la solicitud podr\u00e1 ser rechazada de plano. \u00a0<\/p>\n<p>\u00a0 \u00a0 \u00a0 \u00a0\u00a0<\/p>\n<p>Si la solicitud fuere verbal, el juez proceder\u00e1 a corregirla en el acto, con la informaci\u00f3n adicional que le proporcione el solicitante.\u00a0<\/p>\n<p>\u00a0 \u00a0 \u00a0\u00a0<\/p>\n<p>\u00a0 \u00a0 \u00a05.- En el presente caso, ante la ausencia de un escrito claro contentivo de una exposici\u00f3n de los hechos objeto de solicitud de protecci\u00f3n constitucional, las autoridades demandadas y las pretensiones, el 12 de diciembre de esta anualidad se requiri\u00f3 a OSCAR FERNANDO QUINTERO MESA para que dentro del t\u00e9rmino de 3 d\u00edas explicara de manera clara y sucinta los siguientes aspectos: (i) Identifique las autoridades y\/o personas naturales y jur\u00eddicas contra las cuales dirige la acci\u00f3n de tutela. (ii) Exprese respecto de cada entidad accionada: (a) cu\u00e1l es la acci\u00f3n u omisi\u00f3n que motiva la interposici\u00f3n de la tutela, (b) cu\u00e1les son los derechos que considera vulnerados u amenazados y\/o providencias objeto de cuestionamiento (de ser posible que aporte copia de las decisiones). Esa decisi\u00f3n fue notificada el 16 de diciembre de 2024, a los siguientes correos electr\u00f3nicos: &#8220;doctoroscarfercho@gmail.com,socar1308@yahoo.es&#8221;; &#8220;oscarquintero2420@gmail.com&#8221;; &#8220;oscarquinterom@gmail.com&#8221;,.<\/p>\n<p>\u00a0 \u00a0 \u00a0<\/p>\n<p>\u00a0 \u00a0 \u00a06.- Teniendo en cuenta lo anterior, el plazo de tres d\u00edas otorgado para subsanar venci\u00f3 el 15 de enero de 2025, sin embargo, el actor no alleg\u00f3 memorial de correcci\u00f3n, es decir, que en la actualidad no existe claridad sobre los motivos por los cuales la demandante acudi\u00f3 al amparo, ni lo que pretende con aquel. Por tanto, con fundamento en el art\u00edculo 17 del Decreto 2591 de 1991, no queda alternativa diferente a la de rechazar de plano la demanda y hacer devoluci\u00f3n de esta a OSCAR FERNANDO QUINTERO MESA para que, si a bien lo tiene, vuelva a interponerla en debida forma.\u00a0<\/p>\n<p>\u00a0 \u00a0<\/p>\n<p>\u00a0 \u00a0 \u00a0En m\u00e9rito de lo expuesto, la sala de decisi\u00f3n de tutelas n.\u00b0 3 de la Sala de Casaci\u00f3n Penal de la Corte Suprema de Justicia,\u00a0<\/p>\n<p>\u00a0<\/p>\n<p>IV. RESUELVE\u00a0<\/p>\n<p>\u00a0 \u00a0 \u00a0\u00a0<\/p>\n<p>\u00a0 \u00a0 \u00a0Primero. Rechazar la acci\u00f3n de tutela presentada por OSCAR FERNANDO QUINTERO MESA.<\/p>\n<p>\u00a0 \u00a0 \u00a0\u00a0<\/p>\n<p>\u00a0 \u00a0 \u00a0Segundo. Ordenar que, si la decisi\u00f3n no es impugnada ante la Sala de Casaci\u00f3n Civil de esta Corporaci\u00f3n, se remita el expediente a la Corte Constitucional para su eventual revisi\u00f3n.\u00a0<\/p>\n<p>\u00a0 \u00a0 \u00a0\u00a0<\/p>\n<p>Notif\u00edquese y c\u00famplase\u00a0<\/p>\n<p>\u00a0<\/p>\n<p>MYRIAM \u00c1VILA ROLD\u00c1N\u00a0<\/p>\n<p>Magistrada\u00a0<\/p>\n<p>\u00a0<\/p>\n<p>GERSON CHAVERRA CASTRO\u00a0<\/p>\n<p>Magistrado\u00a0<\/p>\n<p>\u00a0<\/p>\n<p>DIEGO EUGENIO CORREDOR BELTR\u00c1N\u00a0<\/p>\n<p>Magistrado\u00a0<\/p>\n<p>\u00a0<\/p>\n<p>NUBIA YOLANDA NOVA GARC\u00cdA\u00a0<\/p>\n<p>Secretaria\u00a0<\/p>\n<p>\u00a0 \u00a0 \u00a0<\/p>\n<p><\/p>\n<p>Tutela de primera instancia<\/p>\n<p>CUI: 11001020400020240279600<\/p>\n<p>\u00a0Radicaci\u00f3n n\u00b0 142221<\/p>\n<p>OSCAR FERNANDO QUINTERO MESA<\/p>\n<p><\/p>\n<p><\/p>\n<p><\/p>\n<p><\/p>\n<p>18<\/p>\n<p><\/p>\n<p><\/p>\n<p><\/p>\n<p><\/p>\n<p><\/p>\n<p><\/p>\n<p><\/p>\n<p><\/p>\n<p><\/p>\n<p> <br clear=\"all\"\/> <\/p>\n<p style=\"text-align: center; text-indent: 0px; padding: 0px 0px 0px 0px; margin: 0px 0px 0px 0px;\">{p}<\/p>\n","protected":false},"excerpt":{"rendered":"<p>{p} MYRIAM \u00c1VILA ROLD\u00c1N Magistrada ponente CUI: 11001020400020240279600 Radicaci\u00f3n n.\u00b0 142221 STP568-2025\u00a0 (Aprobado acta n.\u00b0 2) \u00a0 \u00a0 \u00a0Bogot\u00e1, D.C., diecis\u00e9is (16) de enero de dos mil veinticinco (2025) \u00a0 \u00a0 \u00a0Corresponder\u00eda resolver la acci\u00f3n de tutela presentada por OSCAR FERNANDO QUINTERO MESA, si no fuera porque se abstuvo de corregir la demanda, situaci\u00f3n que [&hellip;]<\/p>\n","protected":false},"author":1,"featured_media":0,"comment_status":"open","ping_status":"open","sticky":false,"template":"","format":"standard","meta":{"footnotes":""},"categories":[94],"tags":[],"class_list":["post-84083","post","type-post","status-publish","format-standard","hentry","category-enero-2025"],"_links":{"self":[{"href":"https:\/\/dmsjuridica.com\/buscador_20179478954\/salapenalcronologico20230723\/wp-json\/wp\/v2\/posts\/84083","targetHints":{"allow":["GET"]}}],"collection":[{"href":"https:\/\/dmsjuridica.com\/buscador_20179478954\/salapenalcronologico20230723\/wp-json\/wp\/v2\/posts"}],"about":[{"href":"https:\/\/dmsjuridica.com\/buscador_20179478954\/salapenalcronologico20230723\/wp-json\/wp\/v2\/types\/post"}],"author":[{"embeddable":true,"href":"https:\/\/dmsjuridica.com\/buscador_20179478954\/salapenalcronologico20230723\/wp-json\/wp\/v2\/users\/1"}],"replies":[{"embeddable":true,"href":"https:\/\/dmsjuridica.com\/buscador_20179478954\/salapenalcronologico20230723\/wp-json\/wp\/v2\/comments?post=84083"}],"version-history":[{"count":0,"href":"https:\/\/dmsjuridica.com\/buscador_20179478954\/salapenalcronologico20230723\/wp-json\/wp\/v2\/posts\/84083\/revisions"}],"wp:attachment":[{"href":"https:\/\/dmsjuridica.com\/buscador_20179478954\/salapenalcronologico20230723\/wp-json\/wp\/v2\/media?parent=84083"}],"wp:term":[{"taxonomy":"category","embeddable":true,"href":"https:\/\/dmsjuridica.com\/buscador_20179478954\/salapenalcronologico20230723\/wp-json\/wp\/v2\/categories?post=84083"},{"taxonomy":"post_tag","embeddable":true,"href":"https:\/\/dmsjuridica.com\/buscador_20179478954\/salapenalcronologico20230723\/wp-json\/wp\/v2\/tags?post=84083"}],"curies":[{"name":"wp","href":"https:\/\/api.w.org\/{rel}","templated":true}]}}