{"id":83826,"date":"2025-04-08T19:21:48","date_gmt":"2025-04-08T19:21:48","guid":{"rendered":"https:\/\/dmsjuridica.com\/buscador_20179478954\/salapenalcronologico20230723\/2025\/04\/08\/cp004-202566427\/"},"modified":"2025-04-08T19:21:48","modified_gmt":"2025-04-08T19:21:48","slug":"cp004-202566427","status":"publish","type":"post","link":"https:\/\/dmsjuridica.com\/buscador_20179478954\/salapenalcronologico20230723\/2025\/04\/08\/cp004-202566427\/","title":{"rendered":"CP004-2025(66427)"},"content":{"rendered":"\n<p style=\"text-align: center; text-indent: 0px; padding: 0px 0px 0px 0px; margin: 0px 0px 0px 0px;\">{p}<\/p>\n<p> <br clear=\"all\"\/> <\/p>\n<p><\/p>\n<p>CARLOS ROBERTO SOL\u00d3RZANO GARAVITO<\/p>\n<p>Magistrado Ponente<\/p>\n<p><\/p>\n<p><\/p>\n<p>CP004-2025<\/p>\n<p>Radicaci\u00f3n N\u00b0. 66427<\/p>\n<p>Acta No. 06<\/p>\n<p><\/p>\n<p><\/p>\n<p>\u00a0 \u00a0 \u00a0Bogot\u00e1, D. C., veintid\u00f3s (22) de enero de dos mil veinticinco (2025).<\/p>\n<p><\/p>\n<p>VISTOS<\/p>\n<p><\/p>\n<p>Procede la Sala a emitir concepto sobre la solicitud de extradici\u00f3n del ciudadano colombiano AN\u00cdBAL RENTER\u00cdA, presentada por el Gobierno de los Estados Unidos de Am\u00e9rica.<\/p>\n<p><\/p>\n<p><\/p>\n<p>ANTECEDENTES<\/p>\n<p>\u00a0 \u00a0 \u00a0<\/p>\n<p>\u00a0 \u00a0 \u00a01. Mediante Nota Verbal No. 2210 del 9 de noviembre de 2023, el Gobierno de los Estados Unidos de Am\u00e9rica por conducto de su Embajada en Colombia, solicit\u00f3 al Ministerio de Relaciones Exteriores la detenci\u00f3n preventiva con fines de extradici\u00f3n del ciudadano colombiano AN\u00cdBAL RENTER\u00cdA, requerido para comparecer a juicio por delitos relacionados con &#8220;concierto para delinquir y tr\u00e1fico de drogas il\u00edcitas&#8221;, de conformidad con la Acusaci\u00f3n N\u00b0. 8:23cr340JSM-UAM (tambi\u00e9n referido como Caso No. 8:23-cr-00340-JSM-UAM), dictada el 28 de septiembre de 2023, por la Corte Distrital de los Estados Unidos para el Distrito Medio de Florida.\u00a0<\/p>\n<p><\/p>\n<p>\u00a0 \u00a0 \u00a02. En virtud de dicha documentaci\u00f3n, el 12 de diciembre de 2023, la Fiscal\u00eda General de la Naci\u00f3n emiti\u00f3 la resoluci\u00f3n a trav\u00e9s de la cual decret\u00f3 la captura de AN\u00cdBAL RENTER\u00cdA, que se hizo efectiva el 19 de marzo de 2024, en la ciudad de Jamund\u00ed &#8211; Valle del Cauca.<\/p>\n<p><\/p>\n<p>\u00a0 \u00a0 \u00a03. A trav\u00e9s de la Nota Verbal No. 0741 del 16 de mayo de 2024, la representaci\u00f3n diplom\u00e1tica formaliz\u00f3 el requerimiento de extradici\u00f3n de AN\u00cdBAL RENTER\u00cdA.<\/p>\n<p><\/p>\n<p>\u00a0 \u00a0 \u00a04. El Ministerio de Relaciones Exteriores conceptu\u00f3 que en el caso &#8220;&#8230;se encuentran vigentes para las Partes (&#8230;) la &#8220;Convenci\u00f3n de Naciones Unidas contra el tr\u00e1fico il\u00edcito de estupefacientes y sustancias psicotr\u00f3picas&#8221; suscrita en Viena el 20 de diciembre de 1988,&#8230;&#8221; [y] la &#8220;Convenci\u00f3n de las Naciones Unidas contra la Delincuencia Organizada Transnacional&#8221;&#8221;, adoptada en New York el 15 de noviembre de 2000. Precis\u00f3, adem\u00e1s, que en los aspectos no regulados por la Convenci\u00f3n el tr\u00e1mite debe regirse por los art\u00edculos 491 y 496 de la Ley 906 de 2004.<\/p>\n<p>\u00a0 \u00a0 \u00a0<\/p>\n<p>\u00a0 \u00a0 \u00a05. Esa cartera remiti\u00f3 el expediente al Ministerio de Justicia y del Derecho que, tras constatar la debida formalizaci\u00f3n de la solicitud, lo envi\u00f3 a la Corte Suprema de Justicia para que adelantara el tr\u00e1mite a su cargo, por lo que en auto del 27 de mayo de 2024, esta Corporaci\u00f3n requiri\u00f3 a AN\u00cdBAL RENTER\u00cdA para que designara defensor, lo cual no ocurri\u00f3 y por ello, se le design\u00f3 uno de la Defensor\u00eda P\u00fablica. Adem\u00e1s, en dicho prove\u00eddo se orden\u00f3 correr el traslado contemplado en el art\u00edculo 500 de la Ley 906 de 2004 para solicitar pruebas.<\/p>\n<p>\u00a0 \u00a0 \u00a0<\/p>\n<p>\u00a0 \u00a0 \u00a06. Mediante providencia CSJ AP4596 del 14 de agosto siguiente, se dispuso oficiar a la Fiscal\u00eda General de la Naci\u00f3n y a la Direcci\u00f3n de Investigaci\u00f3n Criminal e Interpol de la Polic\u00eda Nacional para que consultaran en sus bases de datos si obraba alguna investigaci\u00f3n en contra del reclamado y, en caso afirmativo, informaran el n\u00famero de radicaci\u00f3n, los hechos objeto de investigaci\u00f3n y el estado actual del tr\u00e1mite.\u00a0<\/p>\n<p>\u00a0 \u00a0 \u00a0<\/p>\n<p>\u00a0 \u00a0 \u00a06.1. De otro lado, se negaron las pruebas solicitadas por la defensa y contra dicha determinaci\u00f3n no se instaur\u00f3 el recurso de reposici\u00f3n.\u00a0<\/p>\n<p>\u00a0 \u00a0 \u00a0<\/p>\n<p>\u00a0 \u00a0 \u00a07. En respuesta a los requerimientos, la Direcci\u00f3n de Asuntos Internacionales de la Fiscal\u00eda General de la Naci\u00f3n adjunt\u00f3 el reporte de la Direcci\u00f3n de Atenci\u00f3n al Usuario, Intervenci\u00f3n Temprana y Asignaciones, en el que registra a nombre de AN\u00cdBAL RENTER\u00cdA el proceso radicado bajo el No. 110016000096201700182, adelantado por el delito de tr\u00e1fico, fabricaci\u00f3n o porte de estupefacientes, por la Fiscal\u00eda Diecis\u00e9is de la Direcci\u00f3n Especializada contra el Narcotr\u00e1fico de Cali, en estado activo en juicio. \u00a0<\/p>\n<p>\u00a0 \u00a0 \u00a0<\/p>\n<p>\u00a0 \u00a0 \u00a07.1. Por su parte, la Direcci\u00f3n de Investigaci\u00f3n Criminal e Interpol refiri\u00f3 que al requerido AN\u00cdBAL RENTER\u00cdA le reporta la orden de captura emitida en virtud del tr\u00e1mite de extradici\u00f3n.<\/p>\n<p>\u00a0 \u00a0 \u00a0 \u00a0<\/p>\n<p>\u00a0 \u00a0 \u00a07.2. Por lo anterior, el 4 de septiembre de 2024, se requiri\u00f3 a la Fiscal\u00eda Diecis\u00e9is en menci\u00f3n, para que informara los hechos objeto del expediente en menci\u00f3n; autoridad que indic\u00f3 que se relaciona con la indagaci\u00f3n No. 110016000098201200128, la cual se inici\u00f3 mediante oficio del 24 de febrero de 2017, por la &#8220;probable existencia de una organizaci\u00f3n criminal, dedicada al tr\u00e1fico, fabricaci\u00f3n o porte de estupefacientes, con accionar delictivo desde la costa pac\u00edfica colombiana y con destino a los Estados Unidos, utilizando la modalidad de lanchas r\u00e1pidas y a trav\u00e9s de Centroam\u00e9rica y M\u00e9xico&#8221;.\u00a0<\/p>\n<p>\u00a0 \u00a0 \u00a0<\/p>\n<p>\u00a0 \u00a0 \u00a07.3. Agreg\u00f3 que, en dicho expediente, el 28 de junio de 2024, se present\u00f3 escrito de acusaci\u00f3n con preacuerdo contra 2 personas, pero &#8220;dentro de los citados en dicho radicado no se relaciona para vinculaci\u00f3n a AN\u00cdBAL RENTER\u00cdA&#8221;.<\/p>\n<p>\u00a0 \u00a0 \u00a0<\/p>\n<p>\u00a0 \u00a0 \u00a08. Agotada la fase probatoria, en auto del 24 de septiembre del a\u00f1o anterior, se dispuso correr traslado para que los intervinientes presentaran sus alegaciones.<\/p>\n<p>\u00a0 \u00a0 \u00a0<\/p>\n<p>\u00a0 \u00a0 \u00a0<\/p>\n<p>\u00a0 \u00a0 \u00a0ALEGATOS DE CONCLUSI\u00d3N\u00a0<\/p>\n<p>\u00a0 \u00a0 \u00a0<\/p>\n<p>\u00a0 \u00a01. Del Ministerio P\u00fablico\u00a0<\/p>\n<p>\u00a0 \u00a0 \u00a0<\/p>\n<p>\u00a0 \u00a0 \u00a0El Procurador Segundo Delegado para la Casaci\u00f3n Penal consider\u00f3 que se cumpl\u00edan los presupuestos para emitir concepto favorable al pedido de extradici\u00f3n, toda vez que la documentaci\u00f3n allegada es formalmente v\u00e1lida, los hechos por los que es requerido AN\u00cdBAL RENTER\u00cdA ocurrieron con posterioridad al Acto Legislativo 01 de 1997 y tuvieron incidencia en el pa\u00eds requirente.<\/p>\n<p>\u00a0 \u00a0 \u00a0 \u00a0<\/p>\n<p>\u00a0 \u00a0 \u00a0Adem\u00e1s, i) se identific\u00f3 plenamente al requerido; ii) los hechos atribuidos por la autoridad for\u00e1nea se adecuan t\u00edpicamente a los delitos de concierto para delinquir y tr\u00e1fico, fabricaci\u00f3n o porte de estupefacientes, cuyas penas son superiores a 4 a\u00f1os; iii) contra AN\u00cdBAL RENTER\u00cdA no se adelanta proceso en Colombia y; iv) la acusaci\u00f3n proferida por la autoridad for\u00e1nea se asemeja al escrito de acusaci\u00f3n de nuestra legislaci\u00f3n penal. \u00a0<\/p>\n<p>\u00a0 \u00a0 \u00a0<\/p>\n<p>\u00a0 \u00a0 \u00a0Por lo tanto, solicit\u00f3 a esta Corporaci\u00f3n que emita concepto favorable a la petici\u00f3n de extradici\u00f3n elevada por el gobierno de los Estados Unidos de Am\u00e9rica, siempre que se condicione su procedencia al cumplimiento de los condicionamientos sobre la protecci\u00f3n de los derechos humanos del requerido.<\/p>\n<p>\u00a0 \u00a0 \u00a0<\/p>\n<p>\u00a0 \u00a0 \u00a0<\/p>\n<p>\u00a0 \u00a0 \u00a0<\/p>\n<p>\u00a0 \u00a0 \u00a02. De la defensa<\/p>\n<p><\/p>\n<p>\u00a0 \u00a0 \u00a0El defensor p\u00fablico de AN\u00cdBAL RENTER\u00cdA manifest\u00f3 que se opon\u00eda a la extradici\u00f3n, dado que no se han entregado elementos materiales probatorios, como la individualizaci\u00f3n de los testigos de cargo, al igual que no existe claridad en los hechos atribuidos y las pruebas anticipadas no cumplen los presupuestos establecidos en la Ley 906 de 2004.<\/p>\n<p>\u00a0 \u00a0 \u00a0 \u00a0<\/p>\n<p>\u00a0 \u00a0 \u00a0Afirm\u00f3 que las pruebas negadas eran indispensables para demostrar la responsabilidad de su prohijado y determinar si es o no sujeto activo de la comisi\u00f3n de los hechos atribuidos.<\/p>\n<p>\u00a0 \u00a0 \u00a0<\/p>\n<p>\u00a0 \u00a0 \u00a0Luego de hacer alusi\u00f3n a los documentos allegados con la solicitud de extradici\u00f3n, la identificaci\u00f3n y la doble incriminaci\u00f3n, pidi\u00f3 emitir concepto negativo, pues en su criterio, su poderdante es inocente del cargo endilgado. Sin embargo, expres\u00f3 que, de ser favorable, sugiera al Gobierno Nacional verificar la observancia de las garant\u00edas fundamentales.\u00a0<\/p>\n<p>\u00a0 \u00a0 \u00a0<\/p>\n<p>\u00a0 \u00a0III. CONSIDERACIONES<\/p>\n<p>\u00a0 \u00a0<\/p>\n<p>\u00a0 \u00a0 \u00a01. Aspectos generales<\/p>\n<p><\/p>\n<p>\u00a0 \u00a0 \u00a0El 14 de septiembre de 1979, la Rep\u00fablica de Colombia y los Estados Unidos de Am\u00e9rica suscribieron un tratado de extradici\u00f3n que en la actualidad se encuentra vigente, como quiera que ninguno de los pa\u00edses firmantes lo ha dado por terminado o denunciado; tampoco se ha celebrado uno nuevo, ni se ha aplicado alguno de los mecanismos previstos en la Convenci\u00f3n de Viena sobre el Derecho de los Tratados para finiquitarlo.<\/p>\n<p>\u00a0 \u00a0 \u00a0<\/p>\n<p>\u00a0 \u00a0 \u00a0No obstante, las cl\u00e1usulas del aludido instrumento internacional no son aplicables en el orden interno, como quiera que las Leyes 27 de 1980 y 68 de 1986 que lo incorporaron a la normatividad nacional fueron declaradas inexequibles por la Corte Suprema de Justicia, circunstancia que impone, para dictar el concepto, verificar los requisitos contenidos en la Constituci\u00f3n Pol\u00edtica y lo previsto en los art\u00edculos 493 y 502 de la Ley 906 de 2004 &#8211; ley adjetiva vigente para el momento en que inici\u00f3 el tr\u00e1mite de extradici\u00f3n, tal y como as\u00ed lo plante\u00f3 la Corte en la decisi\u00f3n CSJ CP163 &#8211; 2021 &#8211; disposiciones que regulan la materia y posibilitan cumplir con los compromisos de cooperaci\u00f3n judicial adquiridos por Colombia, orientados a fortalecer la lucha contra la criminalidad transnacional.<\/p>\n<p>\u00a0 \u00a0 \u00a0<\/p>\n<p>\u00a0 \u00a0 \u00a0Las exigencias constitucionales que en el marco de tales textos normativos deben evaluarse son (i) las condiciones de improcedencia de la extradici\u00f3n previstas en el art. 35 de la Carta Pol\u00edtica; (ii) la prohibici\u00f3n de doble juzgamiento y; (iii) la aplicabilidad de la garant\u00eda de no extradici\u00f3n.<\/p>\n<p>\u00a0 \u00a0 \u00a0<\/p>\n<p>\u00a0 \u00a0 \u00a0Por su parte, los requisitos legales establecidos en el C\u00f3digo de Procedimiento Penal, se sintetizan en: (i) la validez formal de la documentaci\u00f3n presentada; (ii) la demostraci\u00f3n plena de la identidad del solicitado; (iii) la doble incriminaci\u00f3n de la conducta en las dos naciones y; (iv) la equivalencia de la providencia proferida en el extranjero.<\/p>\n<p>\u00a0 \u00a0 \u00a0<\/p>\n<p>\u00a0 \u00a0 \u00a02. Verificaci\u00f3n de las condiciones constitucionales impedientes de la extradici\u00f3n.<\/p>\n<p>\u00a0 \u00a0\u00a0<\/p>\n<p>\u00a0 \u00a0 \u00a0El art\u00edculo 35 de la Carta Pol\u00edtica1 establece que la extradici\u00f3n se podr\u00e1 solicitar, conceder u ofrecer de acuerdo con los tratados p\u00fablicos y en su defecto con la ley, por delitos considerados como tales dentro de la legislaci\u00f3n penal interna, que no ostenten el car\u00e1cter de pol\u00edticos y hayan sido cometidos en el exterior desde el 17 de diciembre de 1997.<\/p>\n<p><\/p>\n<p>\u00a0 \u00a0 \u00a02.1. En el caso de AN\u00cdBAL RENTER\u00cdA se tiene que es solicitado por conductas punibles que no son de car\u00e1cter pol\u00edtico, pues la autoridad extranjera lo llam\u00f3 a juicio por delitos relacionados con &#8220;concierto para delinquir y tr\u00e1fico de drogas il\u00edcitas&#8221;2, por lo que no se configura la prohibici\u00f3n constitucional antes mencionada. \u00a0<\/p>\n<p>\u00a0 \u00a0 \u00a0 \u00a0<\/p>\n<p>\u00a0 \u00a0 \u00a0Adem\u00e1s, de acuerdo con la documentaci\u00f3n allegada en respaldo del pedido de extradici\u00f3n, los hechos objeto de juzgamiento ocurrieron: &#8220;Comenzando en una fecha desconocida [&#8220;al menos desde el 2017&#8243;3] y continuando hasta la fecha de esta acusaci\u00f3n formal [28 de septiembre de 2023], en el Distrito Medio de Florida y en otros lugares&#8221;. En concreto, se indic\u00f3 que AN\u00cdBAL RENTER\u00cdA y otros, &#8220;se asociaron, concertaron y convivieron con otras personas conocidas y desconocidas por el gran jurado, para distribuir cinco (5) kilogramos o m\u00e1s de una mezcla y sustancia que conten\u00eda una cantidad detectable de coca\u00edna (&#8230;), con la intenci\u00f3n o con motivos razonables para creer que dicha sustancia se importar\u00eda ilegalmente a los Estados Unidos&#8221;4.<\/p>\n<p>\u00a0 \u00a0 \u00a0<\/p>\n<p>\u00a0 \u00a0 \u00a0Al respecto, debe aclarar la Sala que si bien en la Acusaci\u00f3n N\u00b0. 8:23cr340JSM-UAM (tambi\u00e9n referido como Caso No. 8:23-cr-00340-JSM-UAM), dictada el 28 de septiembre de 2023, por la Corte Distrital de los Estados Unidos para el Distrito Medio de Florida, se cita de manera gen\u00e9rica que los hechos tuvieron ocurrencia &#8220;Comenzando en una fecha desconocida y continuando hasta la fecha de esta acusaci\u00f3n formal&#8221;, se tomar\u00e1 como fecha de inicio la relacionada en la declaraci\u00f3n jurada de apoyo del pedido de extradici\u00f3n, rendida por la agente especial de la Administraci\u00f3n para el Control de Drogas &#8211; DEA, Jennifer R. Jackson, quien indic\u00f3 que empezaron &#8220;desde por lo menos 2017&#8243;5, la cual concuerda con la descrita en la Nota verbal 2210 del 9 de noviembre de 20236.<\/p>\n<p>\u00a0 \u00a0 \u00a0<\/p>\n<p>\u00a0 \u00a0 \u00a0Lo anterior, acorde con lo dicho por esta Corporaci\u00f3n, en atenci\u00f3n a que la declaraci\u00f3n jurada en cita &#8220;ofrece mayores detalles sobre los hechos&#8221;7.<\/p>\n<p>\u00a0 \u00a0 \u00a0Por lo tanto, el marco temporal ser\u00e1 comenzando al menos desde el 2017 hasta el 28 de septiembre de 2023, fecha de la acusaci\u00f3n formal.\u00a0<\/p>\n<p>\u00a0 \u00a0 \u00a0<\/p>\n<p>\u00a0 \u00a0 \u00a0En ese orden, se verifica el cumplimiento del principio de territorialidad de la ley penal, sobre el cual dijo la Sala en CSJ CP137 &#8211; 20158, que:<\/p>\n<p>\u00a0 \u00a0 \u00a0\u00a0<\/p>\n<p>&#8220;&#8230;la conducta puede tener lugar en diversos lugares, de manera total o parcial y de tiempo atr\u00e1s esta Corporaci\u00f3n ha venido sosteniendo que el presupuesto del art\u00edculo 35 de la Constituci\u00f3n Nacional se agota cuando los hechos han ocurrido, as\u00ed sea parcialmente en el exterior, ya que debe efectuarse una interpretaci\u00f3n sistem\u00e1tica con el principio de territorialidad y la excepci\u00f3n de extraterritorialidad de la ley penal (art\u00edculo 15 y 16 del C\u00f3digo Penal), por funcionar \u00e9sta en doble sentido, es decir, que si bien legitima a las autoridades colombianas para aplicar el ordenamiento jur\u00eddico interno a hechos o situaciones ocurridas parcialmente en otro Estado, tambi\u00e9n permite a las autoridades extranjeras la persecuci\u00f3n por los delitos ejecutados parcialmente en nuestro territorio&#8221;. (Negrillas fuera del texto original).<\/p>\n<p>\u00a0 \u00a0 \u00a0<\/p>\n<p>\u00a0 \u00a0 \u00a0Por lo tanto, al no advertirse configurado ning\u00fan motivo constitucional de los previstos en el art\u00edculo 35 de la Carta Pol\u00edtica, no es procedente emitir concepto desfavorable.\u00a0<\/p>\n<p>\u00a0 \u00a0 \u00a0<\/p>\n<p>\u00a0 \u00a0 \u00a0Sin embargo, de verificarse satisfechos los requisitos legales que han de analizarse, se condicionar\u00e1 la procedencia de la extradici\u00f3n a los hechos materia de juzgamiento que se hayan cometido despu\u00e9s del 17 de diciembre de 1997 y para el caso, los ocurridos &#8220;Comenzando en una fecha desconocida [&#8220;al menos desde el 2017&#8243;9] y continuando hasta la fecha de esta acusaci\u00f3n formal [28 de septiembre de 2023]&#8221;.\u00a0<\/p>\n<p>\u00a0 \u00a0 \u00a0<\/p>\n<p>\u00a0 \u00a0 \u00a02.2. La prohibici\u00f3n de doble juzgamiento.<\/p>\n<p>\u00a0 \u00a0 \u00a0<\/p>\n<p>\u00a0 \u00a0 \u00a0Pac\u00edficamente ha expuesto la jurisprudencia de la Sala, que para que opere la extradici\u00f3n de nacionales colombianos es necesario establecer que nuestro pa\u00eds no haya ejercido su jurisdicci\u00f3n respecto del mismo hecho que fundamenta el pedido. Esa precisi\u00f3n significa que, el principio de la cosa juzgada, como faceta de la garant\u00eda constitucional del debido proceso (art. 29 de la Constituci\u00f3n) es causal de improcedencia de la extradici\u00f3n10.<\/p>\n<p>\u00a0 \u00a0 \u00a0<\/p>\n<p>\u00a0 \u00a0 \u00a0Frente a dicho aspecto, se tiene que la Direcci\u00f3n de Investigaci\u00f3n Criminal de la Polic\u00eda Nacional inform\u00f3 que a nombre de AN\u00cdBAL RENTER\u00cdA aparec\u00eda la orden de captura emitida en virtud del presente tr\u00e1mite de extradici\u00f3n.\u00a0<\/p>\n<p>\u00a0 \u00a0 \u00a0<\/p>\n<p>\u00a0 \u00a0 \u00a0Por su parte, la Direcci\u00f3n de Asuntos Internacionales de la Fiscal\u00eda General de la Naci\u00f3n indic\u00f3 que a nombre del requerido obraba el proceso No. 110016000096201700182, adelantado por el delito de tr\u00e1fico, fabricaci\u00f3n o porte de estupefacientes, por la Fiscal\u00eda 16 de la Direcci\u00f3n Especializada contra el Narcotr\u00e1fico de Cali, en estado activo en juicio.<\/p>\n<p>\u00a0 \u00a0 \u00a0<\/p>\n<p>\u00a0 \u00a0 \u00a0No obstante, dicho despacho inform\u00f3 que aunque esa actuaci\u00f3n se inici\u00f3 por la &#8220;probable existencia de una organizaci\u00f3n criminal, dedicada al tr\u00e1fico, fabricaci\u00f3n o porte de estupefacientes, con accionar delictivo desde la costa pac\u00edfica colombiana y con destino a los Estados Unidos, utilizando la modalidad de lanchas r\u00e1pidas y a trav\u00e9s de Centroam\u00e9rica y M\u00e9xico&#8221; y que se present\u00f3 escrito de acusaci\u00f3n con preacuerdo respecto de 2 personas, &#8220;dentro de los citados en dicho radicado no se relaciona para vinculaci\u00f3n a AN\u00cdBAL RENTER\u00cdA&#8221;.<\/p>\n<p>\u00a0 \u00a0 \u00a0<\/p>\n<p>\u00a0 \u00a0 \u00a0De manera que, no se ve afectada la garant\u00eda constitucional del non bis in \u00eddem que le asiste al reclamado y, adem\u00e1s, AN\u00cdBAL RENTER\u00cdA fue capturado para efectos del presente tr\u00e1mite cuando se encontraba en libertad, en la ciudad de Jamund\u00ed &#8211; Valle del Cauca.\u00a0<\/p>\n<p>\u00a0 \u00a0 \u00a0<\/p>\n<p>\u00a0 \u00a0 \u00a02.3. Adicionalmente, se evidencia que los hechos materia de extradici\u00f3n no son objeto del Sistema Integral de Verdad, Justicia, Reparaci\u00f3n y No Repetici\u00f3n y, en particular, de la Jurisdicci\u00f3n Especial para la Paz, pues no tienen relaci\u00f3n ni tuvieron ocurrencia en el marco del conflicto armado interno ni existi\u00f3 alguna alegaci\u00f3n de los intervinientes sobre ese aspecto.<\/p>\n<p>\u00a0 \u00a0 \u00a0<\/p>\n<p>\u00a0 \u00a0 \u00a0Por lo tanto, tampoco es aplicable en el caso la garant\u00eda constitucional de no extradici\u00f3n implementada en la Carta Pol\u00edtica a partir del art\u00edculo 19 transitorio del Acto Legislativo 01 de 2017.<\/p>\n<p>\u00a0 \u00a0 \u00a0<\/p>\n<p>\u00a0 \u00a0 \u00a03. Verificaci\u00f3n de los requisitos contenidos en los art\u00edculos 493, 502 y concordantes del C\u00f3digo de Procedimiento Penal<\/p>\n<p><\/p>\n<p>\u00a0 \u00a0 \u00a0Para emitir concepto en el presente caso, adem\u00e1s de los requisitos constitucionales analizados en ac\u00e1pite precedente, han de tenerse en cuenta las disposiciones del C\u00f3digo de Procedimiento Penal (Ley 906 de 2004).<\/p>\n<p>\u00a0 \u00a0 \u00a0<\/p>\n<p>\u00a0 \u00a0 \u00a0Con base en ese marco normativo, entrar\u00e1 la Sala a estudiar la solicitud de extradici\u00f3n del ciudadano colombiano AN\u00cdBAL RENTER\u00cdA, para lo cual se debe constatar: a) la validez formal de la documentaci\u00f3n allegada con la solicitud; b) la plena identidad del requerido; c) la equivalencia de la decisi\u00f3n emitida en el extranjero con el escrito acusatorio de nuestro pa\u00eds y; d) la incriminaci\u00f3n de la conducta en las dos naciones.<\/p>\n<p>\u00a0 \u00a0 \u00a0<\/p>\n<p>\u00a0 \u00a0 \u00a03.1. Validez formal de la documentaci\u00f3n presentada<\/p>\n<p>\u00a0 \u00a0 \u00a0\u00a0<\/p>\n<p>\u00a0 \u00a0 \u00a03.1.1. El art\u00edculo 251 inciso 2\u00ba del C\u00f3digo General del Proceso establece que los documentos p\u00fablicos otorgados en otro pa\u00eds por funcionario de \u00e9ste o con su intervenci\u00f3n, se aportar\u00e1n apostillados de conformidad con lo establecido en los tratados internacionales ratificados por Colombia y los documentos que cumplan con los anteriores requisitos, a\u00f1ade el inc. 3\u00ba \u00eddem, se entender\u00e1n otorgados conforme a la ley del respectivo pa\u00eds.<\/p>\n<p><\/p>\n<p>\u00a0 \u00a0 \u00a0Al respecto, se advierte que tanto los Estados Unidos de Am\u00e9rica11 como la Rep\u00fablica de Colombia12 ratificaron la &#8220;Convenci\u00f3n sobre la Abolici\u00f3n del Requisito de Legalizaci\u00f3n para Documentos P\u00fablicos Extranjeros&#8221;, suscrita en La Haya el 5 de octubre de 1961, que suprimi\u00f3 la legalizaci\u00f3n diplom\u00e1tica o consular de documentos p\u00fablicos expedidos por un Estado contratante que deban ser exhibidos en el territorio de otro Estado contratante, entre ellos los librados por una autoridad o funcionario relacionado con las Cortes o Tribunales de un Estado, previendo como \u00fanico tr\u00e1mite exigible para certificar la autenticidad de la firma y a qu\u00e9 t\u00edtulo ha actuado la persona que firma el documento, la adici\u00f3n de un certificado llamado &#8220;Apostille&#8221; (Convenci\u00f3n de La Haya de octubre 5 de 1961) -art\u00edculos 4\u00ba y 5\u00ba-.<\/p>\n<p>\u00a0 \u00a0 \u00a0\u00a0<\/p>\n<p>\u00a0 \u00a0 \u00a03.1.2. En el presente evento, se alleg\u00f3 el certificado de apostilla suscrito por Patrick O. Hatchett, Auxiliar de Autenticaciones del Departamento de Estado de los Estados Unidos de Am\u00e9rica13, quien aval\u00f3 la r\u00fabrica de Merrick B. Garland, Procurador General, quien acredit\u00f3 la de Tracey S. Lankler, Directora Asociada de la Oficina de Asuntos Internacionales, Divisi\u00f3n Penal del Departamento de Justicia, encargado de dar cuenta de la autenticidad de la declaraci\u00f3n de David J. Pardo, Fiscal Auxiliar del Distrito Medio de Florida.<\/p>\n<p>\u00a0 \u00a0 \u00a0<\/p>\n<p>\u00a0 \u00a0 \u00a03.1.3. Tambi\u00e9n se adjunt\u00f3 la Acusaci\u00f3n 8:23cr340JSM-UAM, dictada el 28 de septiembre de 2023, por la Corte Distrital de los Estados Unidos para el Distrito Medio de Florida, contra AN\u00cdBAL RENTER\u00cdA, as\u00ed como la orden de aprehensi\u00f3n emitida por dicha autoridad.<\/p>\n<p>\u00a0 \u00a0 \u00a0<\/p>\n<p>\u00a0 \u00a0 \u00a03.1.4. Adem\u00e1s, se alleg\u00f3 la copia traducida de las normas del C\u00f3digo Penal de los Estados Unidos aplicables al caso de AN\u00cdBAL RENTER\u00cdA y los datos personales que permiten identificar al requerido.<\/p>\n<p>\u00a0 \u00a0 \u00a0<\/p>\n<p>\u00a0 \u00a0 \u00a03.1.5. As\u00ed las cosas, la documentaci\u00f3n presentada en respaldo del pedido de extradici\u00f3n del ciudadano colombiano AN\u00cdBAL RENTER\u00cdA es formalmente v\u00e1lida y, por ende, se cumple con el presupuesto objeto de an\u00e1lisis.<\/p>\n<p>\u00a0 \u00a0 \u00a0 \u00a0<\/p>\n<p>\u00a0 \u00a0 \u00a03.2. Plena identidad del solicitado en extradici\u00f3n<\/p>\n<p>\u00a0 \u00a0 \u00a0<\/p>\n<p>\u00a0 \u00a0 \u00a0De acuerdo con las Notas Verbales Nos. 2210 del 9 de noviembre de 2023 y 0741 del 16 de mayo de 2024, respectivamente, se indic\u00f3 que AN\u00cdBAL RENTER\u00cdA, alias &#8220;Quemado&#8221;, es ciudadano colombiano, toda vez que naci\u00f3 el 11 de marzo de 1959 y le fue expedida la c\u00e9dula de ciudadan\u00eda No. 16.477.936.<\/p>\n<p>\u00a0 \u00a0 \u00a0<\/p>\n<p>\u00a0 \u00a0 \u00a0Adem\u00e1s, al ser enterado de la orden de captura con fines de extradici\u00f3n, AN\u00cdBAL RENTER\u00cdA se identific\u00f3 con ese documento, que aparece en el acta de notificaci\u00f3n personal de la orden de aprehensi\u00f3n con fines de extradici\u00f3n y en la constancia de buen trato14.<\/p>\n<p>\u00a0 \u00a0 \u00a0<\/p>\n<p>\u00a0 \u00a0 \u00a0As\u00ed mismo, la identificaci\u00f3n de AN\u00cdBAL RENTER\u00cdA fue corroborada, dado que se alleg\u00f3 el informe de investigador de laboratorio en el que se certifica la correspondencia entre las impresiones dactilares obrantes en la copia de la tarjeta decadactilar con membretes de la Registradur\u00eda Nacional del Estado Civil, con datos biogr\u00e1ficos a nombre de aquel y las tomadas al privado de la libertad por cuenta de este asunto15, a lo que se suma que, dicho aspecto no fue discutido por el defensor o el delegado del Ministerio P\u00fablico.\u00a0<\/p>\n<p><\/p>\n<p>\u00a0 \u00a0 \u00a0De manera que, se identific\u00f3 plenamente a la persona requerida y \u00e9sta corresponde con la que est\u00e1 actualmente privada de la libertad por cuenta del presente tr\u00e1mite, por lo que se encuentra satisfecha la condici\u00f3n bajo estudio.<\/p>\n<p>\u00a0 \u00a0 \u00a0 \u00a0<\/p>\n<p>\u00a0 \u00a0 \u00a03.3. Equivalencia de la providencia proferida en el extranjero<\/p>\n<p><\/p>\n<p>\u00a0 \u00a0 \u00a0Al respecto, se tiene que el numeral segundo del art\u00edculo 493 de la Ley 906 de 2004, establece que dicho requisito, se circunscribe a que: &#8220;por lo menos se haya dictado en el exterior, resoluci\u00f3n de acusaci\u00f3n o su equivalente&#8221;.\u00a0<\/p>\n<p>\u00a0 \u00a0 \u00a0<\/p>\n<p>\u00a0 \u00a0 \u00a0En el presente caso, se tiene que contra AN\u00cdBAL RENTER\u00cdA se emiti\u00f3 la Acusaci\u00f3n N\u00b0. 8:23cr340JSM-UAM (tambi\u00e9n referido como Caso No. 8:23-cr-00340-JSM-UAM), el 28 de septiembre de 2023, por la Corte Distrital de los Estados Unidos para el Distrito Medio de Florida y dicho acto procesal equivale al escrito de acusaci\u00f3n contemplado en el art\u00edculo 337 de la Ley 906 de 2004.\u00a0<\/p>\n<p>\u00a0 \u00a0 \u00a0<\/p>\n<p>\u00a0 \u00a0 \u00a0Debe aclarar la Sala que el indictment no es id\u00e9ntico a la acusaci\u00f3n nacional, pero guarda similitudes que lo tornan equivalente, dado que, contiene una narraci\u00f3n sucinta de las conductas investigadas con especificaci\u00f3n de las circunstancias de tiempo, modo y lugar; tiene como fundamento las pruebas practicadas en la investigaci\u00f3n; califica jur\u00eddicamente el comportamiento; invoca las disposiciones penales aplicables y tal cual sucede con la emisi\u00f3n del escrito de acusaci\u00f3n en nuestro ordenamiento interno, marca el comienzo del juicio, en el que el procesado tiene la oportunidad de controvertir las pruebas y los cargos que se emiten en su contra. Por lo tanto, se cumple el requisito objeto de an\u00e1lisis.<\/p>\n<p>\u00a0 \u00a0 \u00a0<\/p>\n<p>\u00a0 \u00a0 \u00a03.4. La incriminaci\u00f3n de la conducta en los dos pa\u00edses<\/p>\n<p>\u00a0 \u00a0 \u00a0 \u00a0<\/p>\n<p>\u00a0 \u00a0 \u00a0De conformidad con el numeral 1\u00ba del art\u00edculo 493 del C\u00f3digo de Procedimiento Penal, la doble incriminaci\u00f3n se presenta cuando el hecho que es motivo de la extradici\u00f3n est\u00e1 &#8220;previsto como delito en Colombia y [es] reprimido con una sanci\u00f3n privativa de la libertad cuyo m\u00ednimo no sea inferior a cuatro (4) a\u00f1os&#8221;.<\/p>\n<p>\u00a0 \u00a0 \u00a0<\/p>\n<p>\u00a0 \u00a0 \u00a0A efecto de establecer si las conductas que se le imputan a AN\u00cdBAL RENTER\u00cdA se consideran delito en Colombia, debe hacerse una comparaci\u00f3n entre las normas que sustentan la acusaci\u00f3n for\u00e1nea con las de orden interno, a efecto de verificar si \u00e9stas tambi\u00e9n recogen los comportamientos contenidos en cada uno de los cargos16.<\/p>\n<p>\u00a0 \u00a0 \u00a0<\/p>\n<p>\u00a0 \u00a0 \u00a0En el presente evento, la Acusaci\u00f3n N\u00b0. 8:23cr340JSM-UAM, dictada el 28 de septiembre de 2023, por la Corte Distrital de los Estados Unidos para el Distrito Medio de Florida, contra AN\u00cdBAL RENTER\u00cdA, se present\u00f3 por los siguientes cargos:<\/p>\n<p><\/p>\n<p>CARGO UNO\u00a0<\/p>\n<p> \u00a0 \u00a0 \u00a0 \u00a0 \u00a0 \u00a0 \u00a0 \u00a0<\/p>\n<p>Comenzando en una fecha desconocida y continuando hasta la fecha de esta acusaci\u00f3n formal, en el Distrito Medio de Florida y en otros lugares, los acusados,\u00a0<\/p>\n<p>(&#8230;)<\/p>\n<p>AN\u00cdBAL RENTER\u00cdA alias &#8220;Quemado&#8221;<\/p>\n<p>(&#8230;)<\/p>\n<p><\/p>\n<p>a sabiendas e intencionalmente se asociaron, concertaron y convinieron con otras personas conocidas y desconocidas por el gran jurado, para distribuir cinco (5) kilogramos o m\u00e1s de una mezcla y sustancia que conten\u00eda una cantidad detectable de coca\u00edna, una sustancia controlada de categor\u00eda II, mientras estaban en alta mar a bordo de una embarcaci\u00f3n sujeta a la jurisdicci\u00f3n de los Estados Unidos.\u00a0<\/p>\n<p><\/p>\n<p>Todo ello en violaci\u00f3n de las secciones 70503(a) y 70506(a) y (b) del t\u00edt. 46, C\u00f3d. de los EE.UU., y la secci\u00f3n 960(b)(1)(B)(ii) del T\u00edt. 21, C\u00f3d. de los EE.UU.\u00a0<\/p>\n<p><\/p>\n<p>CARGO DOS<\/p>\n<p><\/p>\n<p>Comenzando en una fecha desconocida y continuando hasta la fecha de esta acusaci\u00f3n formal, en el Distrito Medio de Florida y en otros lugares, los acusados,\u00a0<\/p>\n<p>(&#8230;)<\/p>\n<p>AN\u00cdBAL RENTER\u00cdA alias &#8220;Quemado&#8221;<\/p>\n<p>(&#8230;)<\/p>\n<p><\/p>\n<p>a sabiendas e intencionalmente se asociaron, concertaron y convinieron con otras personas conocidas y desconocidas por el gran jurado, para distribuir cinco (5) kilogramos o m\u00e1s de una mezcla y sustancia que conten\u00eda una cantidad detectable de coca\u00edna, una sustancia controlada de categor\u00eda II, a sabiendas, con intenci\u00f3n o con motivos razonables para creer que dicha sustancia se importar\u00eda ilegalmente a los Estados Unidos.\u00a0<\/p>\n<p><\/p>\n<p>Todo ello en violaci\u00f3n de las secciones 959, 963 y 960(b)(1)(B)(ii) del T\u00edt. 21, C\u00f3d. de los EE.UU.\u00a0<\/p>\n<p>\u00a0 \u00a0 \u00a0<\/p>\n<p>\u00a0 \u00a0 \u00a0Como soporte del indictment, la Naci\u00f3n requirente alleg\u00f3 la declaraci\u00f3n jurada en apoyo a la solicitud de extradici\u00f3n que rindi\u00f3 la agente especial de la Administraci\u00f3n para el Control de Drogas &#8211; DEA, Jennifer R. Jackson, quien inform\u00f3:<\/p>\n<p><\/p>\n<p>I. RESUMEN<\/p>\n<p><\/p>\n<p>7. Una investigaci\u00f3n de las autoridades del orden p\u00fablico identific\u00f3 una organizaci\u00f3n de tr\u00e1fico de drogas (OTD) con sede en Colombia, que desde por lo menos 2017 fue responsable del transporte de cargamentos con m\u00faltiples toneladas de coca\u00edna de Colombia a los Estados Unidos. Entre agosto de 2018 y agosto de 2021, la investigaci\u00f3n dio lugar a la interceptaci\u00f3n de varias embarcaciones de bajo perfil y embarcaciones r\u00e1pidas en alta mar y a la incautaci\u00f3n de m\u00e1s de 14,000 kilogramos de coca\u00edna por parte de las autoridades del orden p\u00fablico, incluidas, entre otras, las incautaciones que se describen a continuaci\u00f3n.<\/p>\n<p><\/p>\n<p>8. La investigaci\u00f3n identific\u00f3 a RENTER\u00cdA VALENCIA y (&#8230;) como traficantes de coca\u00edna establecidos en Colombia y l\u00edderes de la OTD responsable de las embarcaciones r\u00e1pidas y de bajo perfil cargadas de coca\u00edna que part\u00edan de Colombia. La investigaci\u00f3n identific\u00f3 adem\u00e1s a (&#8230;) RENTER\u00cdA como asociados de (&#8230;), quienes coordinaban los env\u00edos de coca\u00edna en nombre de la OTD.<\/p>\n<p><\/p>\n<p>II. PRUEBAS<\/p>\n<p><\/p>\n<p>\u00a0 \u00a0 \u00a0 Incautaci\u00f3n de 2,259 kilogramos de coca\u00edna el 30 de agosto de 2018.<\/p>\n<p><\/p>\n<p>9. En conversaciones telef\u00f3nicas interceptadas legalmente el 4 de agosto de 2018 y el 5 de agosto de 2018, (&#8230;) le dijo a un coconspirador (CC-1) que comprara las herramientas y piezas necesarias para preparar una embarcaci\u00f3n para transportar drogas. (&#8230;) tambi\u00e9n le pidi\u00f3 a CC-1 que le prestara dinero.\u00a0<\/p>\n<p>10. En una conversaci\u00f3n telef\u00f3nica interceptada legalmente el 17 de agosto de 2018, (&#8230;) le dijo a un coconspirador con alias &#8220;Cachaco&#8221; que le diera a (&#8230;) las coordenadas de la ubicaci\u00f3n de una embarcaci\u00f3n cargada de coca\u00edna y su tripulaci\u00f3n.\u00a0<\/p>\n<p><\/p>\n<p>11. En una conversaci\u00f3n telef\u00f3nica interceptada legalmente el 23 de agosto de 2018, CC-1, que ahora era tripulante de la embarcaci\u00f3n cargada de coca\u00edna, dej\u00f3 un mensaje de voz a (&#8230;), dici\u00e9ndole que los responsables de recibir las drogas no hab\u00edan contestado a sus tel\u00e9fonos ni respondido a los mensajes, por lo que la tripulaci\u00f3n segu\u00eda esperando en las mismas coordenadas.\u00a0<\/p>\n<p><\/p>\n<p>12. El 30 de agosto de 2018, las autoridades del orden p\u00fablico mexicanas interceptaron una embarcaci\u00f3n r\u00e1pida (GFV, por sus siglas en ingl\u00e9s) en el Oc\u00e9ano Pac\u00edfico, aproximadamente a 150 millas n\u00e1uticas al sureste de Puerto Escondido, Oaxaca, M\u00e9xico. Las autoridades del orden p\u00fablico mexicanas incautaron aproximadamente 2,259 kilogramos de coca\u00edna y arrestaron a ocho tripulantes. La investigaci\u00f3n revel\u00f3 que este cargamento de la GFV era sobre el que (&#8230;) hab\u00eda hablado previamente con sus coconspiradores.<\/p>\n<p><\/p>\n<p>13. En una conversaci\u00f3n telef\u00f3nica interceptada legalmente el 1 de septiembre de 2018, &#8220;Cachaco&#8221; llam\u00f3 a la familia de un tripulante y les inform\u00f3 de la interceptaci\u00f3n y detenci\u00f3n. Los miembros de la familia se mostraron claramente angustiados al escuchar la noticia.<\/p>\n<p><\/p>\n<p>\u00a0 \u00a0 \u00a0 Incautaci\u00f3n de 1.151 kilogramos de coca\u00edna el 4 de noviembre de 2019<\/p>\n<p><\/p>\n<p>14. En una conversaci\u00f3n telef\u00f3nica interceptada legalmente el 27 de agosto de 2019, (&#8230;) y RENTER\u00cdA hablaron de lo que cre\u00edan que era una embarcaci\u00f3n de bajo perfil (LPV, por sus siglas en ingles) que no funcionaba. (&#8230;) y RENTER\u00cdA hablaron sobre las necesidades y los suministros necesarios para reparar la LPV, y su deseo de llevar a un mec\u00e1nico de embarcaciones al sitio donde estaba la LPV para repararla. Seg\u00fan (&#8230;) y RENTER\u00cdA, los inversionistas de un cargamento de drogas planificado los presionaban para que les proporcionaran informaci\u00f3n actualizada y videos, pero tuvieron que seguir mintiendo a los inversionistas porque a\u00fan no estaban listos para lanzar el cargamento.<\/p>\n<p><\/p>\n<p>15. En una conversaci\u00f3n telef\u00f3nica interceptada legalmente el 4 de septiembre de 2019, (&#8230;) hablaron de reunirse en persona para que (&#8230;) pudiera entregar a (&#8230;) el dinero necesario para cubrir los gastos de reparaci\u00f3n de la LPV antes de su lanzamiento.\u00a0<\/p>\n<p><\/p>\n<p>16. En una conversaci\u00f3n telef\u00f3nica interceptada legalmente el 7 de septiembre de 2019, (&#8230;) dijo a un coconspirador (CC-2) que si CC-2 quer\u00eda invertir en el env\u00edo, necesitaba hacerlo pronto, y que el costo ser\u00eda de aproximadamente $1,000 d\u00f3lares estadounidenses por kilogramo de coca\u00edna.\u00a0<\/p>\n<p>17. En una conversaci\u00f3n telef\u00f3nica interceptada legalmente el 11 de septiembre de 2019, (&#8230;) le dijo a &#8220;Cachaco&#8221; que le dijera a los tripulantes que viajar\u00edan alrededor de 400 a 450 millas y luego devolver\u00edan la embarcaci\u00f3n que transportaba las drogas.\u00a0<\/p>\n<p><\/p>\n<p>18. En una conversaci\u00f3n telef\u00f3nica interceptada legalmente el 1 de noviembre de 2019, (&#8230;) comunic\u00f3 al coconspirador (&#8230;) que se hab\u00eda despachado la LPV.\u00a0<\/p>\n<p><\/p>\n<p>19. En una conversaci\u00f3n telef\u00f3nica interceptada legalmente el 3 de noviembre de 2019, (&#8230;) pregunt\u00f3 a RENTER\u00cdA por alguna novedad sobre la LPV. RENTER\u00cdA respondi\u00f3 que a\u00fan no hab\u00eda escuchado nada.\u00a0<\/p>\n<p><\/p>\n<p>20. El 4 de noviembre de 2019, la Guardia Costera de los EE. UU. (USCG, por sus siglas en ingl\u00e9s) intercept\u00f3 una LPV ap\u00e1trida en el Oc\u00e9ano Pac\u00edfico, aproximadamente a 385 millas n\u00e1uticas al noroeste de Esmeraldas, Ecuador. Las autoridades de la USCG incautaron aproximadamente 1,151 kilogramos de coca\u00edna y detuvieron a cuatro tripulantes. Ninguno de los tripulantes present\u00f3 una declaraci\u00f3n o registro de nacionalidad para la LPV, despu\u00e9s de que las autoridades de la USCG se lo solicitaran. Las autoridades de la USCG incautaron aproximadamente 1,151 kilogramos de coca\u00edna y detuvieron a cuatro tripulantes. La investigaci\u00f3n revel\u00f3 que esta LPV era de la misma de la cual (&#8230;) y RENTER\u00cdA hablaron en las conversaciones telef\u00f3nicas interceptadas que se describen m\u00e1s arriba y a continuaci\u00f3n.<\/p>\n<p> \u00a0 \u00a0 \u00a0 \u00a0<\/p>\n<p>(&#8230;) 22. En una conversaci\u00f3n telef\u00f3nica interceptada legalmente el 9 de noviembre de 2019, (&#8230;) y (&#8230;) hablaron de la falta de comunicaci\u00f3n con la LVP. (&#8230;) indicaron que los coconspiradores que planeaban recibir la droga estaban a la espera de recibir m\u00e1s instrucciones.\u00a0<\/p>\n<p><\/p>\n<p>23. En una conversaci\u00f3n telef\u00f3nica interceptada legalmente el 12 de noviembre de 2019, (&#8230;) le dijo a (&#8230;) que &#8220;el hombre&#8221; llam\u00f3 preguntando qu\u00e9 hab\u00eda pasado con la LPV. (&#8230;) le dijo a (&#8230;) que no hab\u00eda escuchado ninguna actualizaci\u00f3n.\u00a0<\/p>\n<p><\/p>\n<p>24. En una conversaci\u00f3n telef\u00f3nica interceptada legalmente el 23 de noviembre de 2019, RENTER\u00cdA habl\u00f3 con un coconspirador con alias &#8220;Mulillo&#8221; sobre el estatus de los tripulantes de la LPV. &#8220;Mulillo&#8221; indic\u00f3 que nadie hab\u00eda o\u00eddo ninguna noticia sobre los tripulantes.\u00a0<\/p>\n<p><\/p>\n<p>25. Adem\u00e1s de las interceptaciones telef\u00f3nicas descritas anteriormente, un testigo colaborador (CW-1) inform\u00f3 a las autoridades del orden p\u00fablico sobre las interacciones de CW-1 con (&#8230;) y RENTER\u00cdA. CW-1 trabaj\u00f3 con (&#8230;) en el lugar de lanzamiento de la LPV en octubre de 2019. CW-1 indic\u00f3 que (&#8230;) era el coordinador del lugar de lanzamiento y que (&#8230;) proporcion\u00f3 a CW-1 el plan de navegaci\u00f3n para la ruta. CW-1 indic\u00f3 que RENTER\u00cdA estaba presente en el lugar del lanzamiento y fue responsable de cargar la LPV con coca\u00edna.<\/p>\n<p>\u00a0 \u00a0 \u00a0 Incautaci\u00f3n de 1.136 kilogramos de coca\u00edna el 4 de diciembre de 2020<\/p>\n<p><\/p>\n<p>26. En una conversaci\u00f3n telef\u00f3nica interceptada legalmente el 29 de noviembre de 2020, un coconspirador con &#8220;Calvo&#8221; le dijo a otro coconspirador llamado Yohan que &#8220;Calvo&#8221; hab\u00eda estado hablando con miembros de grupos armados organizados en la zona desde donde la OTD planeaba despachar una embarcaci\u00f3n cargada de coca\u00edna, para que los grupos armados estuvieran listos el d\u00eda del despacho.\u00a0<\/p>\n<p><\/p>\n<p>27. En una conversaci\u00f3n telef\u00f3nica interceptada legalmente el 29 de noviembre de 2020, (&#8230;) consult\u00f3 a un tripulante de una embarcaci\u00f3n para un env\u00edo de coca\u00edna previsto si el tripulante hab\u00eda recibido el pago que se le deb\u00eda. El tripulante respondi\u00f3 que hab\u00eda recibido el pago. En una conversaci\u00f3n telef\u00f3nica interceptada legalmente el 1 de diciembre de 2020, (&#8230;) dijo al tripulante que estuviera preparado para viajar al d\u00eda siguiente al lugar donde se despachar\u00eda la embarcaci\u00f3n cargada de coca\u00edna.<\/p>\n<p><\/p>\n<p>28. En una conversaci\u00f3n telef\u00f3nica interceptada legalmente el 2 de diciembre de 2020, (&#8230;) le dijo a un coconspirador con alias &#8220;HD&#8221; que se preparara porque los tripulantes estaban a punto de ser recogidos y transportados al sitio de despacho. En una conversaci\u00f3n telef\u00f3nica interceptada legalmente el 4 de diciembre de 2020, (&#8230;) dijo a &#8220;HD&#8221; que la embarcaci\u00f3n hab\u00eda sido despachada.\u00a0<\/p>\n<p><\/p>\n<p>29. El 4 de diciembre de 2020, las autoridades de orden p\u00fablico colombianas interceptaron una embarcaci\u00f3n tipo &#8220;flipper&#8221; en la zona de Bocas de Yurumangui, Valle del Cauca, Colombia. Las autoridades de orden p\u00fablico colombianas incautaron aproximadamente 1,136 kilogramos de coca\u00edna y detuvieron a tres tripulantes.<\/p>\n<p><\/p>\n<p>30. En una conversaci\u00f3n telef\u00f3nica interceptada legalmente el 4 de diciembre de 2020, un coconspirador con alias &#8220;Camilo&#8221; le dijo a (&#8230;) que, al parecer, las autoridades de orden p\u00fablico colombianas hab\u00edan incautado la embarcaci\u00f3n cuando sal\u00eda de la zona del despacho.<\/p>\n<p><\/p>\n<p>31. En una conversaci\u00f3n telef\u00f3nica interceptada legalmente el 5 de diciembre de 2020, &#8220;Calvo&#8221; y &#8220;HD&#8221; hablaron de la necesidad de averiguar qui\u00e9n era el &#8220;sopl\u00f3n&#8221; que aviso a las autoridades del orden p\u00fablico colombianas. &#8220;HD&#8221; indic\u00f3 que el sopl\u00f3n no era &#8220;El Perro&#8221; (&#8230;), pero que &#8220;HD&#8221; podr\u00eda saber qui\u00e9n era.<\/p>\n<p><\/p>\n<p>\u00a0 \u00a0 \u00a0 Incautaci\u00f3n de 1,216 kilogramos de coca\u00edna el 1 de julio de 2021.<\/p>\n<p><\/p>\n<p>32. En una conversaci\u00f3n telef\u00f3nica interceptada legalmente el 1 de julio de 2021, (&#8230;) le dijo a un coconspirador con alias &#8220;Flaco&#8221; que hab\u00eda llamado a (&#8230;) para preguntarle por el despacho o movimiento de una embarcaci\u00f3n.\u00a0<\/p>\n<p><\/p>\n<p>33. El 1 de julio de 2021, la USCG intercept\u00f3 a una GFV ap\u00e1trida en el Oc\u00e9ano Pac\u00edfico, aproximadamente a 94 millas n\u00e1uticas al noroeste de Malpelo, Colombia. El tripulante principal declar\u00f3 la nacionalidad colombiana de la GFV, pero las autoridades colombianas no afirmaron afirmativa e inequ\u00edvocamente que la GFV fuera de nacionalidad colombiana. Las autoridades de la USCG incautaron aproximadamente 1,216 kilogramos de coca\u00edna y detuvieron a tres tripulantes.<\/p>\n<p><\/p>\n<p>34. En una conversaci\u00f3n telef\u00f3nica interceptada legalmente el 2 de julio de 2021, (&#8230;) le dijo a &#8220;Flaco&#8221; que no ha habido comunicaciones ni noticias de la embarcaci\u00f3n.<\/p>\n<p><\/p>\n<p>35. Adem\u00e1s de las interceptaciones electr\u00f3nicas descritas anteriormente, un testigo colaborador (CW-2) inform\u00f3 a las autoridades del orden p\u00fablico sobre las interacciones de CW-2 con (&#8230;). CW-2 trabaj\u00f3 con (&#8230;) antes del lanzamiento de la GFV el 1 de julio de 2021. CW-2 indic\u00f3 que CW-2 mantuvo conversaciones con (&#8230;) \u00a0en relaci\u00f3n con el lanzamiento de la GFV y el pago monetario por participar como miembro de la tripulaci\u00f3n. CW-2 indic\u00f3 que otro coconspirador (CC-4) proporcion\u00f3 a CW-2 un pago parcial por aceptar ser miembro de la tripulaci\u00f3n. CW-2 indic\u00f3 que (&#8230;) era el coordinador en el lugar del lanzamiento y daba instrucciones a otras personas en el lugar del lanzamiento.<\/p>\n<p><\/p>\n<p>\u00a0 \u00a0 \u00a0 Incautaci\u00f3n de 1,650 kilogramos de coca\u00edna el 5 de agosto de 2021.<\/p>\n<p><\/p>\n<p>36. En una conversaci\u00f3n telef\u00f3nica interceptada legalmente el 21 de julio de 2021, un coconspirador con alias &#8220;Rucuchu&#8221; dijo a (&#8230;) que &#8220;Rucuchu&#8221; estaba hablando con (&#8230;) para organizar el despacho de una embarcaci\u00f3n cargada de coca\u00edna.<\/p>\n<p><\/p>\n<p>37. En una conversaci\u00f3n telef\u00f3nica interceptada legalmente el 21 de julio de 2021, (&#8230;) le dijo a &#8220;Flaco&#8221; que &#8220;Flaco&#8221; recibir\u00eda dinero para comprar las drogas para el env\u00edo planeado.<\/p>\n<p><\/p>\n<p>38. En una conversaci\u00f3n telef\u00f3nica interceptada legalmente el 1 de agosto de 2021, &#8220;Flaco&#8221; utiliz\u00f3 un nuevo n\u00famero de tel\u00e9fono y le dijo a (&#8230;) que deb\u00edan utilizar este nuevo n\u00famero en adelante para coordinar sus actividades. (&#8230;) confirm\u00f3 que la OTD no hab\u00eda podido despachar el env\u00edo previsto.<\/p>\n<p><\/p>\n<p>39. En una conversaci\u00f3n telef\u00f3nica interceptada legalmente el 2 de agosto de 2021, (&#8230;) y &#8220;Calvo&#8221; hablaron de la compra de un tel\u00e9fono, posiblemente un tel\u00e9fono satelital, que indicaron que necesitaban para transportar las drogas.<\/p>\n<p><\/p>\n<p>(&#8230;) 41. En una conversaci\u00f3n telef\u00f3nica interceptada legalmente el 4 de agosto de 2021, RENTER\u00cdA le pregunt\u00f3 a &#8220;Calvo&#8221; por la embarcaci\u00f3n y &#8220;Calvo&#8221; indic\u00f3 que no hab\u00eda tenido noticias de ninguna actualizaci\u00f3n.<\/p>\n<p><\/p>\n<p>42. El 5 de agosto de 2021, las autoridades del orden p\u00fablico paname\u00f1as interceptaron a una GFV en el Oc\u00e9ano Pac\u00edfico, frente a Punta Burica, Panam\u00e1. Las autoridades del orden p\u00fablico paname\u00f1as incautaron aproximadamente 1,650 kilogramos de coca\u00edna y detuvieron a seis tripulantes.\u00a0<\/p>\n<p><\/p>\n<p>43. En una conversaci\u00f3n telef\u00f3nica interceptada legalmente el 5 de agosto de 2021, (&#8230;) indic\u00f3 que la embarcaci\u00f3n que transportaba drogas hab\u00eda sido aparentemente incautada en Panam\u00e1.<\/p>\n<p><\/p>\n<p>44. En una conversaci\u00f3n telef\u00f3nica interceptada legalmente el 7 de agosto de 2021, &#8220;Rucuchu&#8221; indic\u00f3 a RENTER\u00cdA que estaba decepcionado por la noticia de la interceptaci\u00f3n e incautaci\u00f3n de la embarcaci\u00f3n.\u00a0<\/p>\n<p><\/p>\n<p>45. En una conversaci\u00f3n telef\u00f3nica interceptada legalmente el 9 de agosto de 2021, (&#8230;) dio a un coconspirador (CC-5) que el \u00faltimo env\u00edo no hab\u00eda ido bien, ya que las drogas hab\u00edan sido incautadas.<\/p>\n<p><\/p>\n<p>\u00a0 \u00a0 \u00a0Los hechos arriba referenciados y atribuidos a AN\u00cdBAL RENTER\u00cdA fueron adecuados t\u00edpicamente por la autoridad judicial norteamericana, de la siguiente manera:<\/p>\n<p>\u00a0 \u00a0 \u00a0<\/p>\n<p>Secci\u00f3n 812 del T\u00edtulo 21 del C\u00f3digo de los Estados Unidos<\/p>\n<p><\/p>\n<p>Categor\u00edas de sustancias controladas<\/p>\n<p><\/p>\n<p>(a) Establecimiento<\/p>\n<p><\/p>\n<p>Se han establecido cinco categor\u00edas de sustancias controladas conocidas como Categor\u00edas I, II, III, IV y V;<\/p>\n<p><\/p>\n<p>(c) Categor\u00edas iniciales de sustancias controladas\u00a0<\/p>\n<p><\/p>\n<p>Las Categor\u00edas I, II, III, IV, y V consistir\u00e1n en los siguientes estupefacientes u otras sustancias &#8230;\u00a0<\/p>\n<p><\/p>\n<p>Categor\u00eda II<\/p>\n<p><\/p>\n<p>(a) Salvo que se except\u00fae espec\u00edficamente o que se enumere en otra categor\u00eda, cualquiera de las siguientes sustancias ya sea producida directa o indirectamente por extracci\u00f3n de sustancias de origen vegetal, o independientemente por medio de una s\u00edntesis qu\u00edmica, o por una combinaci\u00f3n de extracci\u00f3n y s\u00edntesis qu\u00edmica&#8230;,\u00a0<\/p>\n<p><\/p>\n<p>(4) &#8230; coca\u00edna, sus sales, is\u00f3meros \u00f3pticos y geom\u00e9tricos y sales de is\u00f3meros&#8230;\u00a0<\/p>\n<p><\/p>\n<p>Secci\u00f3n 959 del T\u00edtulo 21 del C\u00f3digo de los Estados Unidos<\/p>\n<p><\/p>\n<p>Posesi\u00f3n, fabricaci\u00f3n o distribuci\u00f3n de sustancia controlada.<\/p>\n<p><\/p>\n<p>(a) Fabricaci\u00f3n o distribuci\u00f3n con el prop\u00f3sito de importaci\u00f3n il\u00edcita.<\/p>\n<p><\/p>\n<p>Ser\u00e1 ilegal que persona alguna elabore o distribuya una sustancia controlada de categor\u00edas I o II, o flunitrazepam o un producto qu\u00edmico categorizado, con la intenci\u00f3n, el conocimiento o motivo razonable para creer que dicha sustancia o producto qu\u00edmico ser\u00e1 importado il\u00edcitamente a los Estados Unidos o a aguas dentro de una distancia de 12 millas de la costa de los Estados Unidos.\u00a0<\/p>\n<p><\/p>\n<p>Secci\u00f3n 960 del T\u00edtulo 21 del C\u00f3digo de los Estados Unidos<\/p>\n<p><\/p>\n<p>Actos prohibidos A<\/p>\n<p>(a) Actos il\u00edcitos.<\/p>\n<p><\/p>\n<p>Cualquier persona que -&#8230;<\/p>\n<p><\/p>\n<p>(3) en contravenci\u00f3n de la secci\u00f3n 959 de este t\u00edtulo, fabrique, posea con la intenci\u00f3n de distribuir o distribuya una sustancia controlada, ser\u00e1 sancionada conforme a lo estipulado en la secci\u00f3n (b) de esta secci\u00f3n&#8230;\u00a0<\/p>\n<p><\/p>\n<p>(b) Sanciones.<\/p>\n<p><\/p>\n<p>(1) En el caso de una contravenci\u00f3n de la subsecci\u00f3n (a) de esta secci\u00f3n asociada con &#8230;-\u00a0<\/p>\n<p>(B) 5 kilogramos o m\u00e1s de una mezcla o sustancia con un contenido detectable de&#8230;; (ii) coca\u00edna, sus sales, is\u00f3meros \u00f3pticos y geom\u00e9tricos, y sales o is\u00f3meros&#8230;;\u00a0<\/p>\n<p><\/p>\n<p>la persona que cometa tal trasgresi\u00f3n ser\u00e1 condenada a un per\u00edodo de prisi\u00f3n de no menos de 10 a\u00f1os ni mayor que cadena perpetua&#8230;\u00a0<\/p>\n<p><\/p>\n<p>Secci\u00f3n 963 del T\u00edtulo 21 C\u00f3digo de los Estados Unidos<\/p>\n<p><\/p>\n<p>Tentativa y concierto para delinquir\u00a0<\/p>\n<p><\/p>\n<p>Toda persona que haga la tentativa o concierte para cometer cualquier delito definido en este subcap\u00edtulo quedar\u00e1 sujeta las mismas sanciones que las previstas para el delito cuya comisi\u00f3n fue el objeto de la tentativa o de concierto.\u00a0<\/p>\n<p><\/p>\n<p>\u00a0 \u00a0 \u00a0Ahora, las conductas punibles atribuidas a AN\u00cdBAL RENTER\u00cdA, guardan identidad en nuestro pa\u00eds con las descritas en los art\u00edculos 340 -modificado por el art\u00edculo 5 de la Ley 1908 de 201817- y el art\u00edculo 376 -reformado por los art\u00edculos 14 de la Ley 890 de 2004 y 11 de la Ley 1453 de 2011- con la circunstancia de agravaci\u00f3n prevista en el numeral 3\u00ba del art\u00edculo 384, todos del C\u00f3digo Penal.\u00a0<\/p>\n<p>\u00a0 \u00a0 \u00a0<\/p>\n<p>ART\u00cdCULO 340. CONCIERTO PARA DELINQUIR. Cuando varias personas se concierten con el fin de cometer delitos, cada una de ellas ser\u00e1 penada, por esa sola conducta, con prisi\u00f3n de cuarenta y ocho (48) a ciento ocho (108) meses.\u00a0<\/p>\n<p><\/p>\n<p>Cuando el concierto sea para cometer delitos de (&#8230;) tr\u00e1fico, fabricaci\u00f3n o porte de estupefacientes, drogas t\u00f3xicas o sustancias sicotr\u00f3picas, (&#8230;) la pena ser\u00e1 de prisi\u00f3n de ocho (8) a dieciocho (18) a\u00f1os y multa de dos mil setecientos (2.700) hasta treinta mil (30.000) salarios m\u00ednimos legales mensuales vigentes.<\/p>\n<p><\/p>\n<p>La pena privativa de la libertad se aumentar\u00e1 en la mitad para quienes organicen, fomenten, promuevan, dirijan, encabecen, constituyan o financien el concierto para delinquir o sean servidores p\u00fablicos.<\/p>\n<p><\/p>\n<p>ARTICULO 376. TR\u00c1FICO, FABRICACI\u00d3N O PORTE DE ESTUPEFACIENTES. El que sin permiso de autoridad competente, introduzca al pa\u00eds, as\u00ed sea en tr\u00e1nsito o saque de \u00e9l, transporte, lleve consigo, almacene, conserve, elabore, venda, ofrezca, adquiera, financie o suministre a cualquier t\u00edtulo sustancia estupefaciente, sicotr\u00f3pica o drogas sint\u00e9ticas que se encuentren contempladas en los cuadros uno, dos, tres y cuatro del Convenio de las Naciones Unidas sobre Sustancias Sicotr\u00f3picas, incurrir\u00e1 en prisi\u00f3n de ciento veintiocho (128) a trescientos sesenta (360) meses y multa de mil trescientos treinta y cuatro (1.334) a cincuenta mil (50.000) salarios m\u00ednimos legales mensuales vigentes.<\/p>\n<p><\/p>\n<p>ARTICULO 384. CIRCUNSTANCIAS DE AGRAVACION PUNITIVA. El m\u00ednimo de las penas previstas en los art\u00edculos anteriores se duplicar\u00e1 en los siguientes casos:<\/p>\n<p><\/p>\n<p>(&#8230;) 3. Cuando la cantidad incautada sea superior a mil (1.000) kilos si se trata de marihuana; a cien (100) kilos si se trata de marihuana hach\u00eds; y a cinco (5) kilos si se trata de coca\u00edna o metacualona o dos (2) kilos si se trata de sustancia derivada de la amapola.<\/p>\n<p><\/p>\n<p>\u00a0 \u00a0 \u00a0De manera que, las conductas contenidas en la Acusaci\u00f3n 8:23cr340JSM-UAM (tambi\u00e9n referido como Caso 8:23-cr-00340-JSM-UAM), dictada el 28 de septiembre de 2023 y atribuidas a AN\u00cdBAL RENTER\u00cdA, corresponden a tipos penales con pena privativa de la libertad que supera ampliamente el t\u00e9rmino de 4 a\u00f1os de prisi\u00f3n, lo cual muestra satisfecha la condici\u00f3n de doble incriminaci\u00f3n a la que se refiere el art. 493 de la Ley 906 de 2004, por lo que se cumple el requisito objeto de an\u00e1lisis.\u00a0<\/p>\n<p>\u00a0 \u00a0 \u00a0<\/p>\n<p>\u00a0 \u00a0 \u00a03.5. De otra parte, aunque la acusaci\u00f3n dictada el 28 de septiembre de 2023, incluye la cl\u00e1usula de decomiso penal sobre los bienes objeto de la conducta reprochada, dicha condici\u00f3n no puede ser entendida en estricto sentido como un cargo.\u00a0<\/p>\n<p>\u00a0 \u00a0 \u00a0<\/p>\n<p>\u00a0 \u00a0 \u00a0 Es que, como lo ha venido expresando esta Corporaci\u00f3n pac\u00edficamente, la alusi\u00f3n a esa figura no comporta imputaci\u00f3n alguna. Se trata del anuncio de la consecuencia patrimonial que la declaratoria de responsabilidad podr\u00eda acarrear respecto de los bienes involucrados en los delitos de cuya comisi\u00f3n se acusa al requerido.\u00a0<\/p>\n<p>\u00a0 \u00a0 \u00a0<\/p>\n<p>\u00a0 \u00a0 \u00a0Como ese tema es ajeno a la solicitud de extradici\u00f3n, no puede ser analizado por la Sala para los fines del concepto a su cargo.\u00a0<\/p>\n<p>\u00a0 \u00a0 \u00a0<\/p>\n<p>\u00a0 \u00a0 \u00a0<\/p>\n<p>\u00a0 \u00a0 \u00a04. Respuesta a los alegatos<\/p>\n<p>\u00a0 \u00a0 \u00a0<\/p>\n<p>\u00a0 \u00a0 \u00a0El defensor p\u00fablico de AN\u00cdBAL RENTER\u00cdA pidi\u00f3 emitir concepto desfavorable, al considerar que la acusaci\u00f3n extranjera no se asimilaba al escrito de acusaci\u00f3n previsto en la legislaci\u00f3n colombiana y no se entregaron los elementos materiales probatorios que demostraran la responsabilidad del requerido en los delitos atribuidos.\u00a0<\/p>\n<p>\u00a0 \u00a0 \u00a0<\/p>\n<p>\u00a0 \u00a0 \u00a0Sobre el particular, debe indicar la Sala que la presente actuaci\u00f3n se rige por lo establecido en la Ley 906 de 2004, que en su art\u00edculo 493 establece como requisito para emitir concepto que &#8220;por lo menos se haya dictado en el exterior, resoluci\u00f3n de acusaci\u00f3n o su equivalente&#8221; y en ese sentido se verific\u00f3 dicho presupuesto, dado que se alleg\u00f3 a las diligencias la Acusaci\u00f3n N\u00b0. 8:23cr340JSM-UAM (tambi\u00e9n referido como Caso No. 8:23-cr-00340-JSM-UAM), el 28 de septiembre de 2023, por la Corte Distrital de los Estados Unidos para el Distrito Medio de Florida.\u00a0<\/p>\n<p>\u00a0 \u00a0 \u00a0<\/p>\n<p>\u00a0 \u00a0 \u00a0Adicionalmente, se indic\u00f3 en el ac\u00e1pite respectivo que aunque dicho documento no es id\u00e9ntico a la acusaci\u00f3n en nuestro pa\u00eds, si guardaba similitudes, por lo que por dicho aspecto no es procedente acoger el planteamiento de la defensa.\u00a0<\/p>\n<p>\u00a0 \u00a0 \u00a0<\/p>\n<p>\u00a0 \u00a0 \u00a0Ahora, frente a las pruebas presentadas por la autoridad for\u00e1nea, la validez y la responsabilidad que podr\u00eda asistirle a AN\u00cdBAL RENTER\u00cdA en los delitos atribuidos, debe decir la Sala que no son temas que debe evaluar la Corte para dictar el concepto de rigor, dado que:\u00a0<\/p>\n<p>\u00a0 \u00a0 \u00a0<\/p>\n<p>&#8220;&#8230; este tr\u00e1mite, caracterizado por ser de exclusiva cooperaci\u00f3n internacional, est\u00e1 circunscrito a la verificaci\u00f3n objetiva del cumplimiento de los presupuestos convencionales o legales que regulan el pedido de entrega del requerido, lo cual excluye cualquier discusi\u00f3n ajena a estas exigencias18, como quiera que la extradici\u00f3n no corresponde a la noci\u00f3n de un proceso penal19.<\/p>\n<p><\/p>\n<p>De ah\u00ed que en el tr\u00e1mite de extradici\u00f3n no tienen cabida debates en torno a la competencia del \u00f3rgano judicial o la validez del tr\u00e1mite, la validez o m\u00e9rito a la prueba recaudada por las autoridades extranjeras sobre la ocurrencia del hecho, el lugar de su realizaci\u00f3n, la forma de participaci\u00f3n o el grado de responsabilidad del reclamado, la calificaci\u00f3n jur\u00eddica, la normatividad que proh\u00edbe y sanciona el hecho delictivo, toda vez que tales aspectos corresponden a la \u00f3rbita exclusiva de las autoridades judiciales de gobierno que eleva la solicitud y, su contradicci\u00f3n debe hacerse al interior del respectivo proceso acorde con la legislaci\u00f3n del Estado requirente&#8221;20. (Negrilla fuera de texto).<\/p>\n<p>\u00a0 \u00a0 \u00a0<\/p>\n<p>\u00a0 \u00a0 \u00a0De manera que, como se verific\u00f3 en precedencia el cumplimiento de los requisitos previstos en la Ley 906 de 2004, no hay lugar a emitir concepto desfavorable.<\/p>\n<p>\u00a0 \u00a0 \u00a0<\/p>\n<p>\u00a0 \u00a0 \u00a05. Concepto<\/p>\n<p>\u00a0 \u00a0 \u00a0<\/p>\n<p>\u00a0 \u00a0 \u00a0Las consideraciones expuestas en precedencia permiten tener por acreditadas las exigencias legales para conceptuar, de manera FAVORABLE a la solicitud de extradici\u00f3n formalizada por el Gobierno de los Estados Unidos de Am\u00e9rica a trav\u00e9s de su Embajada en nuestro pa\u00eds contra AN\u00cdBAL RENTER\u00cdA, frente a los cargos descritos en la Acusaci\u00f3n 8:23cr340JSM-UAM (tambi\u00e9n referido como Caso 8:23-cr-00340-JSM-UAM), dictada el 28 de septiembre de 2023, por la Corte Distrital de los Estados Unidos para el Distrito Medio de Florida.\u00a0<\/p>\n<p>\u00a0 \u00a0 \u00a0<\/p>\n<p>\u00a0 \u00a0 \u00a05.1. Condicionamientos<\/p>\n<p>\u00a0 \u00a0 \u00a0<\/p>\n<p>\u00a0 \u00a0 \u00a0En atenci\u00f3n a que se trata de un ciudadano colombiano, la Corte debe realizar los siguientes condicionamientos:\u00a0<\/p>\n<p>\u00a0 \u00a0 \u00a0<\/p>\n<p>\u00a0 \u00a0 \u00a0Si el Gobierno Nacional concede la extradici\u00f3n, ha de garantizar al reclamado su permanencia en la naci\u00f3n requirente y el retorno a Colombia en condiciones de dignidad y respeto de ser sobrese\u00eddo, absuelto, declarado no culpable o eventos similares; incluso, despu\u00e9s de su liberaci\u00f3n por haber cumplido la pena que le fuere impuesta.<\/p>\n<p><\/p>\n<p>\u00a0 \u00a0 \u00a0Del mismo modo, debe exigir que el solicitado no sea juzgado por hechos diversos de los que motivaron la solicitud de extradici\u00f3n, cometidos despu\u00e9s del 17 de diciembre de 199721 y, exclusivamente, los ocurridos en los plazos temporales demarcados en el indictment, estos son, los acaecidos &#8220;Comenzando en una fecha desconocida [&#8220;al menos desde el 201722&#8243;] y continuando hasta la fecha de esta acusaci\u00f3n formal [28 de septiembre de 2023]&#8221;.<\/p>\n<p>\u00a0 \u00a0 \u00a0<\/p>\n<p>\u00a0 \u00a0 \u00a0Tampoco ser\u00e1 sometido a sanciones distintas de las impuestas en la eventual condena, ni a penas de muerte, destierro, prisi\u00f3n perpetua o confiscaci\u00f3n, desaparici\u00f3n forzada, torturas, tratos crueles, inhumanos o degradantes.<\/p>\n<p>\u00a0 \u00a0 \u00a0<\/p>\n<p>\u00a0 \u00a0 \u00a0De igual manera, debe condicionar la entrega de AN\u00cdBAL RENTER\u00cdA a que sean respetadas todas sus garant\u00edas, en raz\u00f3n de su condici\u00f3n de nacional colombiano23. En particular, que tenga acceso a un proceso p\u00fablico sin dilaciones injustificadas, se presuma su inocencia, cuente con un int\u00e9rprete, tenga un defensor designado por \u00e9l o por el Estado, se conceda el tiempo y los medios adecuados para que prepare la defensa, presente pruebas y controvierta las que se aduzcan en su contra, que su situaci\u00f3n de privaci\u00f3n de la libertad se desarrolle en condiciones dignas y que la sentencia pueda ser apelada ante un tribunal superior.<\/p>\n<p>\u00a0 \u00a0 \u00a0 \u00a0<\/p>\n<p>\u00a0 \u00a0 \u00a0Por dem\u00e1s, el tiempo que el reclamado estuvo detenido por cuenta del tr\u00e1mite de extradici\u00f3n deber\u00e1 serle reconocido como parte cumplida de la posible sanci\u00f3n que se le imponga y deber\u00e1 remitirse copia de las sentencias o decisiones que pongan fin al proceso en los Tribunales de ese pa\u00eds, en raz\u00f3n de los cargos que aqu\u00ed se le imputan.<\/p>\n<p>\u00a0 \u00a0 \u00a0<\/p>\n<p>\u00a0 \u00a0 \u00a0Por otra parte, al Gobierno Nacional le corresponde condicionar la entrega a que el pa\u00eds reclamante, de acuerdo con sus pol\u00edticas internas sobre la materia, ofrezca posibilidades racionales y reales para que el requerido tenga contacto regular con sus familiares m\u00e1s cercanos, considerando que el art\u00edculo 42 de la Constituci\u00f3n Pol\u00edtica de 1991 reconoce a la familia como n\u00facleo esencial de la sociedad, garantiza su protecci\u00f3n y reconoce su honra, dignidad e intimidad, lo cual se refuerza con la protecci\u00f3n que a ese n\u00facleo tambi\u00e9n confiere el Pacto Internacional de Derechos Civiles y Pol\u00edticos.<\/p>\n<p>\u00a0 \u00a0 \u00a0<\/p>\n<p>\u00a0 \u00a0 \u00a0De la misma manera, el Gobierno, encabezado por el se\u00f1or Presidente de la Rep\u00fablica como Jefe de Estado, debe efectuar el respectivo seguimiento a las exigencias que se imponen para la concesi\u00f3n de la extradici\u00f3n y determinar las consecuencias que se derivar\u00edan de su eventual incumplimiento, al tenor de lo se\u00f1alado en el ordinal 2\u00b0 del art\u00edculo 189 de la Constituci\u00f3n Pol\u00edtica.<\/p>\n<p>\u00a0 \u00a0 \u00a0<\/p>\n<p>\u00a0 \u00a0 \u00a0Lo anterior, de conformidad con lo dispuesto en los art\u00edculos 9, 10 y 11 de la Declaraci\u00f3n Universal de Derechos Humanos y 9, 10, 14 y 15 del Pacto Internacional de Derechos Civiles y Pol\u00edticos.<\/p>\n<p>\u00a0 \u00a0 \u00a0 \u00a0<\/p>\n<p>\u00a0 \u00a0 \u00a05.2. En m\u00e9rito de lo expuesto, la Sala de Casaci\u00f3n Penal de la Corte Suprema de Justicia, emite CONCEPTO FAVORABLE a la extradici\u00f3n del ciudadano colombiano AN\u00cdBAL RENTER\u00cdA, frente a los cargos descritos en la Acusaci\u00f3n 8:23cr340JSM-UAM (tambi\u00e9n referido como Caso 8:23-cr-00340-JSM-UAM), dictada el 28 de septiembre de 2023, por la Corte Distrital de los Estados Unidos para el Distrito Medio de Florida.\u00a0<\/p>\n<p>\u00a0 \u00a0 \u00a0<\/p>\n<p>\u00a0 \u00a0 \u00a0Por la Secretar\u00eda de la Sala, comun\u00edquese esta determinaci\u00f3n al requerido, a su defensor, al representante del Ministerio P\u00fablico y a la Fiscal General de la Naci\u00f3n, para lo de su cargo. Devu\u00e9lvase el expediente al Ministerio de Justicia y del Derecho para los tr\u00e1mites subsiguientes se\u00f1alados en la ley.\u00a0<\/p>\n<p><\/p>\n<p><\/p>\n<p><\/p>\n<p>MYRIAM \u00c1VILA ROLD\u00c1N\u00a0<\/p>\n<p>Presidente\u00a0<\/p>\n<p><\/p>\n<p><\/p>\n<p>GERARDO BARBOSA CASTILLO\u00a0<\/p>\n<p><\/p>\n<p><\/p>\n<p><\/p>\n<p>FERNANDO LEON BOLA\u00d1OS PALACIOS\u00a0<\/p>\n<p><\/p>\n<p><\/p>\n<p><\/p>\n<p>GERSON CHAVERRA CASTRO\u00a0<\/p>\n<p><\/p>\n<p><\/p>\n<p><\/p>\n<p>DIEGO EUGENIO CORREDOR BELTR\u00c1N<\/p>\n<p><\/p>\n<p><\/p>\n<p>JORGE HERN\u00c1N D\u00cdAZ SOTO\u00a0<\/p>\n<p><\/p>\n<p><\/p>\n<p><\/p>\n<p><\/p>\n<p>HUGO QUINTERO BERNATE<\/p>\n<p><\/p>\n<p><\/p>\n<p><\/p>\n<p>CARLOS ROBERTO SOL\u00d3RZANO GARAVITO<\/p>\n<p><\/p>\n<p><\/p>\n<p><\/p>\n<p>JOS\u00c9 JOAQU\u00cdN URBANO MARTINEZ<\/p>\n<p><\/p>\n<p><\/p>\n<p>NUBIA YOLANDA NOVA GARC\u00cdA<\/p>\n<p>Secretaria<\/p>\n<p>1 Modificado por el art\u00edculo 1\u00b0 del Acto Legislativo No. 01 de 1997.<\/p>\n<p>2 De acuerdo con la Nota Verbal No. 2210 del 9 de noviembre de 2023, Folio 14 del expediente digital.<\/p>\n<p>3 De acuerdo con la declaraci\u00f3n jurada de apoyo a la extradici\u00f3n y las Notas Verbales 2210 del 9 de noviembre de 2023 y 0741 del 16 de mayo de 2024, folios 14 y ss, 182 y ss y 210 y ss del expediente digital.<\/p>\n<p>4 De acuerdo con la Acusaci\u00f3n 8:23cr340 JSM-UAM, dictada el 28 de septiembre de 2023, por la Corte Distrital de los Estados Unidos para el Distrito Medio de Florida.<\/p>\n<p>5 Declaraci\u00f3n obrante y traducida a folio 182 y ss del expediente digital.<\/p>\n<p>6 Folio 14 y ss del expediente digital.<\/p>\n<p>7 CSJ CP026 del 2 Mar. 2022, rad. 59767.<\/p>\n<p>8 Criterio reiterado en CSJ CP089 &#8211; 2018 y CSJ CP163 &#8211; 2017 entre otros.<\/p>\n<p>9 De acuerdo con la declaraci\u00f3n jurada de apoyo a la extradici\u00f3n y las Notas Verbales 2210 del 9 de noviembre de 2023 y 0741 del 16 de mayo de 2024, folios 14 y ss, 182 y ss y 210 y ss del expediente digital.<\/p>\n<p>10 CSJ CP 165 &#8211; 2014 y CSJ CP, 9 mayo 2009, Rad. 30373, entre otros.<\/p>\n<p>11 Ratificada el 24 de diciembre de 1980, entrada en vigor el 15 de octubre de 1981. Cfr.: http:\/\/www.hcch.net\/index_es.php?act=conventions.status&amp;cid=41#mem<\/p>\n<p>12 Mediante la Ley 455 de 1998, declarada exequible a trav\u00e9s de la sentencia C-164 de 1999.<\/p>\n<p>13 De conformidad con lo previsto por la Convenci\u00f3n de La Haya del 5 de octubre de 1961.<\/p>\n<p>14 Folio 47 y ss del expediente digital.\u00a0<\/p>\n<p>15 Documento obrante a folio 53 y ss ibidem.\u00a0<\/p>\n<p>16 En id\u00e9ntico sentido ver, CSJ CP081 &#8211; 2016 y CSJ CP068 &#8211; 2016, entre muchos otros<\/p>\n<p>17 Ley aplicable considerando que los hechos ocurrieron &#8220;desde por lo menos octubre de 2019, o alrededor de esa fecha, y hasta incluso mayo de 2021, o alrededor de esa fecha&#8221;, esto es, despu\u00e9s de su entrada en vigencia<\/p>\n<p>18 CSJ AP, 1 Ago. 2007, Rad. 27450.<\/p>\n<p>19 CSJ AP, 15 jul. 2005. Rad. 23181.<\/p>\n<p>20 CSJ CP056 &#8211; 2018.\u00a0<\/p>\n<p>21 Fecha de entrada en vigor del Acto Legislativo 01 de 1997.<\/p>\n<p>22 De acuerdo con la declaraci\u00f3n jurada de apoyo a la extradici\u00f3n y las Notas Verbales 2210 del 9 de noviembre de 2023 y 0741 del 16 de mayo de 2024, folios 14 y ss, 182 y ss y 210 y ss del expediente digital.<\/p>\n<p>23 Seg\u00fan el criterio de esta Corporaci\u00f3n, a pesar de que se produzca la entrega del ciudadano colombiano, \u00e9ste conserva los derechos inherentes a su nacionalidad consagrados en la Constituci\u00f3n Pol\u00edtica y en los tratados sobre derechos humanos suscritos por el pa\u00eds (CSJ CP, 5 sep. 2006, rad. 25625).<\/p>\n<p>&#8212;&#8212;&#8212;&#8212;&#8212;<\/p>\n<p><\/p>\n<p>&#8212;&#8212;&#8212;&#8212;&#8212;&#8212;&#8212;&#8212;&#8212;&#8212;&#8212;&#8212;&#8212;&#8212;&#8212;&#8212;&#8212;&#8212;&#8212;&#8212;<\/p>\n<p><\/p>\n<p>&#8212;&#8212;&#8212;&#8212;&#8212;<\/p>\n<p><\/p>\n<p>&#8212;&#8212;&#8212;&#8212;&#8212;&#8212;&#8212;&#8212;&#8212;&#8212;&#8212;&#8212;&#8212;&#8212;&#8212;&#8212;&#8212;&#8212;&#8212;&#8212;<\/p>\n<p><\/p>\n<p><\/p>\n<p><\/p>\n<p><\/p>\n<p>CUI 11001020400020240108003<\/p>\n<p>N\u00famero interno 66427<\/p>\n<p>Extradici\u00f3n<\/p>\n<p>An\u00edbal Renter\u00eda<\/p>\n<p><\/p>\n<p><\/p>\n<p><\/p>\n<p><\/p>\n<p>35<\/p>\n<p><\/p>\n<p><\/p>\n<p><\/p>\n<p><\/p>\n<p><\/p>\n<p><\/p>\n<p> <br clear=\"all\"\/> <\/p>\n<p style=\"text-align: center; text-indent: 0px; padding: 0px 0px 0px 0px; margin: 0px 0px 0px 0px;\">{p}<\/p>\n","protected":false},"excerpt":{"rendered":"<p>{p} CARLOS ROBERTO SOL\u00d3RZANO GARAVITO Magistrado Ponente CP004-2025 Radicaci\u00f3n N\u00b0. 66427 Acta No. 06 \u00a0 \u00a0 \u00a0Bogot\u00e1, D. C., veintid\u00f3s (22) de enero de dos mil veinticinco (2025). VISTOS Procede la Sala a emitir concepto sobre la solicitud de extradici\u00f3n del ciudadano colombiano AN\u00cdBAL RENTER\u00cdA, presentada por el Gobierno de los Estados Unidos de Am\u00e9rica. [&hellip;]<\/p>\n","protected":false},"author":1,"featured_media":0,"comment_status":"open","ping_status":"open","sticky":false,"template":"","format":"standard","meta":{"footnotes":""},"categories":[94],"tags":[],"class_list":["post-83826","post","type-post","status-publish","format-standard","hentry","category-enero-2025"],"_links":{"self":[{"href":"https:\/\/dmsjuridica.com\/buscador_20179478954\/salapenalcronologico20230723\/wp-json\/wp\/v2\/posts\/83826","targetHints":{"allow":["GET"]}}],"collection":[{"href":"https:\/\/dmsjuridica.com\/buscador_20179478954\/salapenalcronologico20230723\/wp-json\/wp\/v2\/posts"}],"about":[{"href":"https:\/\/dmsjuridica.com\/buscador_20179478954\/salapenalcronologico20230723\/wp-json\/wp\/v2\/types\/post"}],"author":[{"embeddable":true,"href":"https:\/\/dmsjuridica.com\/buscador_20179478954\/salapenalcronologico20230723\/wp-json\/wp\/v2\/users\/1"}],"replies":[{"embeddable":true,"href":"https:\/\/dmsjuridica.com\/buscador_20179478954\/salapenalcronologico20230723\/wp-json\/wp\/v2\/comments?post=83826"}],"version-history":[{"count":0,"href":"https:\/\/dmsjuridica.com\/buscador_20179478954\/salapenalcronologico20230723\/wp-json\/wp\/v2\/posts\/83826\/revisions"}],"wp:attachment":[{"href":"https:\/\/dmsjuridica.com\/buscador_20179478954\/salapenalcronologico20230723\/wp-json\/wp\/v2\/media?parent=83826"}],"wp:term":[{"taxonomy":"category","embeddable":true,"href":"https:\/\/dmsjuridica.com\/buscador_20179478954\/salapenalcronologico20230723\/wp-json\/wp\/v2\/categories?post=83826"},{"taxonomy":"post_tag","embeddable":true,"href":"https:\/\/dmsjuridica.com\/buscador_20179478954\/salapenalcronologico20230723\/wp-json\/wp\/v2\/tags?post=83826"}],"curies":[{"name":"wp","href":"https:\/\/api.w.org\/{rel}","templated":true}]}}