{"id":7955,"date":"2023-09-08T17:46:00","date_gmt":"2023-09-08T17:46:00","guid":{"rendered":"https:\/\/dmsjuridica.com\/buscador_20179478954\/salapenalcronologico20230723\/2023\/09\/08\/1406808-03-04\/"},"modified":"2023-09-08T17:46:00","modified_gmt":"2023-09-08T17:46:00","slug":"1406808-03-04","status":"publish","type":"post","link":"https:\/\/dmsjuridica.com\/buscador_20179478954\/salapenalcronologico20230723\/2023\/09\/08\/1406808-03-04\/","title":{"rendered":"14068(08-03-04)"},"content":{"rendered":"\n<p>\u00a0 \u00a0 Proceso No 14068 \u00a0<\/p>\n<p>CORTE SUPREMA DE JUSTICIA \u00a0<\/p>\n<p>SALA DE CASACI\u00d3N PENAL \u00a0<\/p>\n<p>\u00a0 \u00a0\u00a0 \u00a0\u00a0 \u00a0\u00a0 \u00a0\u00a0 \u00a0 \u00a0 \u00a0 \u00a0 \u00a0 \u00a0\u00a0 \u00a0Magistrado Ponente: \u00a0\u00a0<\/p>\n<p>\u00a0 \u00a0\u00a0 \u00a0\u00a0 \u00a0\u00a0 \u00a0\u00a0 \u00a0 \u00a0 \u00a0 \u00a0 \u00a0 \u00a0\u00a0 \u00a0 \u00a0 \u00a0Dr. \u00a0 \u00a0 JORGE \u00a0 \u00a0AN\u00cdBAL \u00a0 \u00a0G\u00d3MEZ \u00a0GALLEGO \u00a0\u00a0<\/p>\n<p>\u00a0 \u00a0\u00a0 \u00a0\u00a0 \u00a0\u00a0 \u00a0\u00a0 \u00a0 \u00a0 \u00a0 \u00a0 \u00a0 \u00a0\u00a0 \u00a0Aprobado Acta N\u00b0 16 \u00a0\u00a0<\/p>\n<p>Bogot\u00e1, \u00a0D.C., \u00a0marzo \u00a0ocho \u00a0de \u00a0dos \u00a0mil \u00a0cuatro. \u00a0\u00a0<\/p>\n<p>VISTOS \u00a0<\/p>\n<p>La \u00a0Corte \u00a0eval\u00faa \u00a0si dentro de la presente \u00a0actuaci\u00f3n \u00a0 \u00a0 preliminar \u00a0 \u00a0 se \u00a0 \u00a0 present\u00f3 \u00a0 \u00a0 una \u00a0 \u00a0causa \u00a0 \u00a0que \u00a0 \u00a0impida \u00a0proseguirla. \u00a0\u00a0<\/p>\n<p>ANTECEDENTES Y CONSIDERACIONES \u00a0<\/p>\n<p>1. \u00a0Con base en la querella que por medio de \u00a0apoderado \u00a0formulara \u00a0la \u00a0doctora \u00a0Martha \u00a0Catalina \u00a0Daniels \u00a0Guzm\u00e1n (q.e.p.d.) \u00a0contra \u00a0el \u00a0senador ENRIQUE G\u00d3MEZ HURTADO y despu\u00e9s de acreditar la condici\u00f3n \u00a0de \u00a0aforado, la Corte orden\u00f3 diligencias de investigaci\u00f3n previa mediante auto \u00a0del 13 de mayo de 1998. \u00a0\u00a0<\/p>\n<p>2.\u00a0 \u00a0Dentro \u00a0de \u00a0esa \u00a0fase se adelant\u00f3 \u00a0alguna \u00a0actividad \u00a0probatoria \u00a0y \u00a0en \u00a0dos \u00a0ocasiones \u00a0intent\u00f3 la Sala practicar \u00a0diligencia \u00a0de conciliaci\u00f3n, sin que lograra cristalizarse ante la inasistencia \u00a0de los herederos de la querellante. \u00a0\u00a0<\/p>\n<p>3. \u00a0El 19 de agosto de 2003 el doctor G\u00d3MEZ \u00a0HURTADO rindi\u00f3 versi\u00f3n. \u00a0\u00a0<\/p>\n<p>4. \u00a0Seg\u00fan \u00a0se \u00a0afirma \u00a0en \u00a0la \u00a0querella, el \u00a0Senador \u00a0ENRIQUE \u00a0G\u00d3MEZ \u00a0HURTADO, \u00a0a \u00a0trav\u00e9s \u00a0del programa radial La \u00a0F.M. de R.C.N., el 14 de enero de 1998 \u00a0dio \u00a0unas \u00a0declaraciones \u00a0que \u00a0se estimaron lesivas de la integridad moral de la \u00a0querellante, \u00a0 porque \u00a0 en \u00a0 esa \u00a0 entrevista \u00a0 se\u00f1al\u00f3 \u00a0 que \u00a0 \u201cEn \u00a0 \u00a0materia \u00a0 \u00a0de \u00a0 \u00a0crimen \u00a0 \u00a0ella \u00a0 ha \u00a0 sido \u00a0 muy \u00a0 socia \u00a0 de \u00a0Samper\u201d\u00a0 \u00a0y \u00a0que \u201ces \u00a0c\u00f3mplice, \u00a0ella fue la autora de buena parte de la absoluci\u00f3n de Samper, es la \u00a0esposa \u00a0del \u00a0que \u00a0se \u00a0rob\u00f3 \u00a0Foncolpuertos, \u00a0est\u00e1 \u00a0utilizando \u00a0los \u00a0dineros que \u00a0todav\u00eda est\u00e1n robando all\u00ed.\u201d \u00a0\u00a0<\/p>\n<p>5. De acuerdo con el art\u00edculo 83 del C\u00f3digo \u00a0Penal, \u00a0la \u00a0acci\u00f3n \u00a0penal \u00a0prescribe \u00a0en \u00a0un tiempo igual al m\u00e1ximo de la pena \u00a0fijado \u00a0en \u00a0la \u00a0ley, \u00a0si fuere privativo de la libertad, sin que en ning\u00fan caso \u00a0sea \u00a0inferior \u00a0a \u00a0cinco \u00a0a\u00f1os ni superior a veinte, a menos que se trate de las \u00a0conductas \u00a0 \u00a0punibles \u00a0 de \u00a0 genocidio, \u00a0 desaparici\u00f3n \u00a0 forzada, \u00a0 tortura \u00a0 y \u00a0desplazamiento \u00a0forzado, en cuyo caso el t\u00e9rmino m\u00e1ximo de prescripci\u00f3n ser\u00e1 \u00a0de treinta a\u00f1os (inciso 3\u00ba). \u00a0\u00a0<\/p>\n<p>6. \u00a0Como \u00a0ya \u00a0se \u00a0tuvo \u00a0la \u00a0oportunidad \u00a0de \u00a0se\u00f1alar, \u00a0las \u00a0declaraciones \u00a0dadas \u00a0a \u00a0la radio por el Senador G\u00d3MEZ HURTADO, \u00a0cuya \u00a0transcripci\u00f3n \u00a0obra \u00a0en \u00a0las \u00a0diligencias, \u00a0referidas \u00a0a la persona de la \u00a0tambi\u00e9n \u00a0Senadora \u00a0Martha \u00a0Catalina Daniels Guzm\u00e1n, pueden llegar a configurar \u00a0la \u00a0conducta \u00a0punible \u00a0de \u00a0calumnia, en cuanto consistieron en la imputaci\u00f3n de \u00a0una \u00a0posible \u00a0conducta \u00a0t\u00edpica \u00a0al \u00a0se\u00f1alar que la querellante \u201cen \u00a0materia \u00a0de \u00a0crimen ella ha sido muy socia de Samper\u201d, \u00a0 \u00a0 \u00a0 que \u00a0 \u00a0 \u00a0 \u201cella \u00a0 \u00a0 \u00a0 es \u00a0c\u00f3mplice\u201d,\u00a0 \u00a0 que \u00a0dio \u00a0lugar \u00a0a \u00a0que \u00a0el \u00a0ex \u00a0Presidente \u00a0de \u00a0la \u00a0Rep\u00fablica hubiese sido absuelto, y que por ser la esposa de \u00a0quien \u00a0\u201cse rob\u00f3 Foncolpuertos, est\u00e1 utilizando los \u00a0dineros \u00a0 que \u00a0 todav\u00eda \u00a0 est\u00e1n \u00a0 robando \u00a0all\u00ed.\u201d \u00a0\u00a0<\/p>\n<p>7. \u00a0Estas \u00a0expresiones \u00a0podr\u00edan \u00a0ubicar \u00a0la \u00a0conducta \u00a0de \u00a0la \u00a0querellante como c\u00f3mplice de las actividades il\u00edcitas que en \u00a0su \u00a0momento \u00a0se \u00a0le imputaron al doctor Samper Pizano, respecto de las cuales en \u00a0su \u00a0 momento \u00a0 la \u00a0 C\u00e1mara \u00a0 de \u00a0 Representantes \u00a0decret\u00f3 \u00a0preclusi\u00f3n \u00a0de \u00a0la \u00a0investigaci\u00f3n, \u00a0 o \u00a0 como \u00a0sujeto \u00a0agente \u00a0de \u00a0un \u00a0eventual \u00a0encubrimiento \u00a0por \u00a0receptaci\u00f3n. \u00a0\u00a0<\/p>\n<p>Entonces, como se trata de la imputaci\u00f3n de \u00a0posibles \u00a0conductas \u00a0t\u00edpicas, \u00a0cabe \u00a0recordar \u00a0que el art\u00edculo 221 del C\u00f3digo \u00a0Penal \u00a0(314 \u00a0del \u00a0anterior) tipifica el delito de calumnia y le se\u00f1ala una pena \u00a0de \u00a0prisi\u00f3n \u00a0de \u00a0uno \u00a0a cuatro a\u00f1os, la cual se agrava de una sexta parte a la \u00a0mitad \u00a0 si \u00a0 el \u00a0 comportamiento \u00a0 se \u00a0realiza \u00a0utilizando \u00a0cualquier \u00a0medio \u00a0de \u00a0comunicaci\u00f3n \u00a0 social, \u00a0de \u00a0divulgaci\u00f3n \u00a0colectiva \u00a0o \u00a0en \u00a0reuni\u00f3n \u00a0p\u00fablica, \u00a0conforme lo prev\u00e9 el art\u00edculo 223 ib\u00eddem (316 del derogado). \u00a0\u00a0<\/p>\n<p>Seg\u00fan esas previsiones, la pena m\u00e1xima para \u00a0la \u00a0conducta \u00a0punible \u00a0de \u00a0calumnia ser\u00eda de seis a\u00f1os de prisi\u00f3n, puesto que \u00a0las \u00a0manifestaciones del querellado fueron transmitidas a trav\u00e9s de un programa \u00a0radial \u00a0de \u00a0amplia \u00a0audiencia \u00a0nacional, \u00a0cuya fecha de emisi\u00f3n fue, seg\u00fan los \u00a0t\u00e9rminos \u00a0de \u00a0la \u00a0querella, el 14 de enero de 1998, por manera que, a la fecha, \u00a0aquel t\u00e9rmino ha sido superado. \u00a0\u00a0<\/p>\n<p>As\u00ed las cosas, surge evidente que la acci\u00f3n \u00a0penal \u00a0 no \u00a0 puede \u00a0 iniciarse \u00a0ya \u00a0que \u00a0el \u00a0devenir \u00a0del \u00a0tiempo \u00a0hizo \u00a0que \u00a0el \u00a0estado-jurisdicci\u00f3n \u00a0perdiera \u00a0su \u00a0potestad punitiva, luego, de conformidad con \u00a0el \u00a0 art\u00edculo \u00a0327 \u00a0del \u00a0C\u00f3digo \u00a0de \u00a0Procedimiento \u00a0Penal, \u00a0la \u00a0Corte \u00a0deber\u00e1 \u00a0abstenerse de iniciar instrucci\u00f3n. \u00a0\u00a0<\/p>\n<p>En \u00a0m\u00e9rito de lo expuesto, LA CORTE SUPREMA \u00a0DE JUSTICIA, SALA DE CASACI\u00d3N PENAL, \u00a0\u00a0<\/p>\n<p>RESUELVE \u00a0<\/p>\n<p>\u00a0 \u00a0\u00a0<\/p>\n<p>1. DECLARAR \u00a0que \u00a0 la \u00a0 acci\u00f3n \u00a0penal \u00a0dentro \u00a0de \u00a0las \u00a0presentes \u00a0diligencias \u00a0adelantadas \u00a0respecto \u00a0del \u00a0Senador ENRIQUE G\u00d3MEZ HURTADO no puede \u00a0iniciarse, por estar prescrita. \u00a0\u00a0<\/p>\n<p>2. INHIBIRSE, \u00a0 en \u00a0consecuencia, \u00a0de \u00a0abrir \u00a0investigaci\u00f3n \u00a0penal \u00a0en contra del doctor G\u00d3MEZ HURTADO, en relaci\u00f3n con los \u00a0hechos \u00a0a \u00a0que \u00a0se \u00a0contrae esta actuaci\u00f3n preliminar. Arch\u00edvese el expediente \u00a0una vez en firme la presente providencia. \u00a0 \u00a0\u00a0<\/p>\n<p>Contra \u00a0esta decisi\u00f3n procede el recurso de \u00a0reposici\u00f3n. \u00a0\u00a0<\/p>\n<p>C\u00f3piese, notif\u00edquese y c\u00famplase \u00a0<\/p>\n<p>HERMAN GAL\u00c1N CASTELLANOS \u00a0<\/p>\n<p>JORGE \u00a0 \u00a0 \u00a0 AN\u00cdBAL \u00a0 \u00a0 \u00a0 G\u00d3MEZ \u00a0GALLEGO\u00a0\u00a0\u00a0\u00a0\u00a0\u00a0\u00a0\u00a0\u00a0\u00a0\u00a0\u00a0\u00a0\u00a0\u00a0\u00a0\u00a0\u00a0\u00a0\u00a0 \u00a0ALFREDO G\u00d3MEZ \u00a0QUINTERO\u00a0\u00a0\u00a0\u00a0\u00a0\u00a0\u00a0\u00a0\u00a0\u00a0\u00a0\u00a0\u00a0\u00a0\u00a0\u00a0\u00a0\u00a0\u00a0\u00a0 \u00a0\u00a0<\/p>\n<p>\u00c9DGAR \u00a0 \u00a0 \u00a0 \u00a0 \u00a0 LOMBANA \u00a0TRUJILLO\u00a0\u00a0\u00a0\u00a0\u00a0\u00a0\u00a0\u00a0\u00a0\u00a0\u00a0\u00a0\u00a0\u00a0\u00a0\u00a0\u00a0\u00a0\u00a0\u00a0 \u00a0\u00c1LVARO \u00a0 \u00a0 \u00a0 \u00a0 \u00a0 \u00a0 \u00a0 \u00a0 \u00a0 \u00a0 \u00a0 \u00a0 \u00a0 \u00a0 \u00a0ORLANDO \u00a0 \u00a0 \u00a0 \u00a0 \u00a0 \u00a0 \u00a0 \u00a0 \u00a0 \u00a0 \u00a0 \u00a0 \u00a0 \u00a0 \u00a0P\u00c9REZ \u00a0PINZ\u00d3N\u00a0\u00a0\u00a0\u00a0\u00a0\u00a0\u00a0\u00a0\u00a0\u00a0\u00a0\u00a0\u00a0\u00a0\u00a0 \u00a0\u00a0<\/p>\n<p>MARINA \u00a0 \u00a0 \u00a0 \u00a0PULIDO \u00a0 \u00a0 \u00a0 \u00a0DE \u00a0BAR\u00d3N\u00a0\u00a0\u00a0\u00a0\u00a0\u00a0\u00a0\u00a0\u00a0\u00a0\u00a0\u00a0\u00a0\u00a0\u00a0\u00a0\u00a0\u00a0\u00a0\u00a0\u00a0\u00a0\u00a0\u00a0 \u00a0JORGE \u00a0 \u00a0 \u00a0 \u00a0 \u00a0 \u00a0 \u00a0 LUIS \u00a0 \u00a0 \u00a0 \u00a0 \u00a0 \u00a0 \u00a0QUINTERO \u00a0 \u00a0 \u00a0 \u00a0 \u00a0 \u00a0 \u00a0MILAN\u00c9S\u00a0\u00a0\u00a0\u00a0\u00a0\u00a0\u00a0\u00a0\u00a0\u00a0\u00a0\u00a0\u00a0\u00a0\u00a0\u00a0\u00a0 \u00a0\u00a0<\/p>\n<p>YESID \u00a0 \u00a0RAM\u00cdREZ \u00a0BASTIDAS\u00a0\u00a0\u00a0\u00a0\u00a0\u00a0\u00a0\u00a0\u00a0\u00a0\u00a0\u00a0\u00a0\u00a0\u00a0\u00a0\u00a0\u00a0\u00a0\u00a0\u00a0\u00a0\u00a0\u00a0\u00a0\u00a0\u00a0\u00a0\u00a0\u00a0\u00a0\u00a0\u00a0\u00a0 \u00a0MAURO SOLARTE PORTILLA \u00a0\u00a0<\/p>\n<p>TERESA \u00a0 \u00a0RU\u00cdZ \u00a0N\u00da\u00d1EZ \u00a0\u00a0<\/p>\n<p>\u00a0\u00a0\u00a0\u00a0\u00a0\u00a0\u00a0\u00a0\u00a0 Secretaria \u00a0 \u00a0\u00a0<\/p>\n<p><\/p>\n","protected":false},"excerpt":{"rendered":"<p>\u00a0 \u00a0 Proceso No 14068 \u00a0 CORTE SUPREMA DE JUSTICIA \u00a0 SALA DE CASACI\u00d3N PENAL \u00a0 \u00a0 \u00a0\u00a0 \u00a0\u00a0 \u00a0\u00a0 \u00a0\u00a0 \u00a0 \u00a0 \u00a0 \u00a0 \u00a0 \u00a0\u00a0 \u00a0Magistrado Ponente: \u00a0\u00a0 \u00a0 \u00a0\u00a0 \u00a0\u00a0 \u00a0\u00a0 \u00a0\u00a0 \u00a0 \u00a0 \u00a0 \u00a0 \u00a0 \u00a0\u00a0 \u00a0 \u00a0 \u00a0Dr. \u00a0 \u00a0 JORGE \u00a0 \u00a0AN\u00cdBAL \u00a0 \u00a0G\u00d3MEZ \u00a0GALLEGO \u00a0\u00a0 \u00a0 \u00a0\u00a0 [&hellip;]<\/p>\n","protected":false},"author":1,"featured_media":0,"comment_status":"open","ping_status":"open","sticky":false,"template":"","format":"standard","meta":{"footnotes":""},"categories":[12],"tags":[],"class_list":["post-7955","post","type-post","status-publish","format-standard","hentry","category-12"],"_links":{"self":[{"href":"https:\/\/dmsjuridica.com\/buscador_20179478954\/salapenalcronologico20230723\/wp-json\/wp\/v2\/posts\/7955","targetHints":{"allow":["GET"]}}],"collection":[{"href":"https:\/\/dmsjuridica.com\/buscador_20179478954\/salapenalcronologico20230723\/wp-json\/wp\/v2\/posts"}],"about":[{"href":"https:\/\/dmsjuridica.com\/buscador_20179478954\/salapenalcronologico20230723\/wp-json\/wp\/v2\/types\/post"}],"author":[{"embeddable":true,"href":"https:\/\/dmsjuridica.com\/buscador_20179478954\/salapenalcronologico20230723\/wp-json\/wp\/v2\/users\/1"}],"replies":[{"embeddable":true,"href":"https:\/\/dmsjuridica.com\/buscador_20179478954\/salapenalcronologico20230723\/wp-json\/wp\/v2\/comments?post=7955"}],"version-history":[{"count":0,"href":"https:\/\/dmsjuridica.com\/buscador_20179478954\/salapenalcronologico20230723\/wp-json\/wp\/v2\/posts\/7955\/revisions"}],"wp:attachment":[{"href":"https:\/\/dmsjuridica.com\/buscador_20179478954\/salapenalcronologico20230723\/wp-json\/wp\/v2\/media?parent=7955"}],"wp:term":[{"taxonomy":"category","embeddable":true,"href":"https:\/\/dmsjuridica.com\/buscador_20179478954\/salapenalcronologico20230723\/wp-json\/wp\/v2\/categories?post=7955"},{"taxonomy":"post_tag","embeddable":true,"href":"https:\/\/dmsjuridica.com\/buscador_20179478954\/salapenalcronologico20230723\/wp-json\/wp\/v2\/tags?post=7955"}],"curies":[{"name":"wp","href":"https:\/\/api.w.org\/{rel}","templated":true}]}}