{"id":788,"date":"2023-09-07T20:38:57","date_gmt":"2023-09-07T20:38:57","guid":{"rendered":"https:\/\/dmsjuridica.com\/buscador_20179478954\/salapenalcronologico20230723\/2023\/09\/07\/12646-25-06-97\/"},"modified":"2023-09-07T20:38:57","modified_gmt":"2023-09-07T20:38:57","slug":"12646-25-06-97","status":"publish","type":"post","link":"https:\/\/dmsjuridica.com\/buscador_20179478954\/salapenalcronologico20230723\/2023\/09\/07\/12646-25-06-97\/","title":{"rendered":"12646 (25-06-97)"},"content":{"rendered":"\n<p>\u00a0 \u00a0 \u00a0\u00a0<\/p>\n<p>HABEAS CORPUS\/ COMPETENCIA \u00a0<\/p>\n<p>La \u00a0Sala carece de competencia para adelantar \u00a0el \u00a0tr\u00e1mite de la acci\u00f3n p\u00fablica de habeas corpus, no solamente por cuanto se \u00a0trata \u00a0de \u00a0un \u00a0mecanismo \u00a0especial \u00a0de \u00a0defensa \u00a0de \u00a0la \u00a0libertad \u00a0que \u00a0exige un \u00a0pronunciamiento \u00a0r\u00e1pido \u00a0y \u00a0preferente dada su naturaleza y finalidades, por lo \u00a0que \u00a0no es dable a los jueces colegiados como la Corte conocer de ella, sino por \u00a0cuanto \u00a0tal \u00a0acci\u00f3n \u00a0no \u00a0puede \u00a0ejercerse ante el juez que viene conociendo del \u00a0proceso. \u00a0\u00a0<\/p>\n<p>RAD. 12646 \u00a0<\/p>\n<p>\u00a0 \u00a0\u00a0 \u00a0\u00a0 \u00a0\u00a0CORTE SUPREMA DE JUSTICIA \u00a0\u00a0<\/p>\n<p>\u00a0 \u00a0\u00a0 \u00a0\u00a0 \u00a0\u00a0SALA DE CASACION PENAL \u00a0\u00a0<\/p>\n<p>\u00a0 \u00a0\u00a0 \u00a0\u00a0 \u00a0\u00a0Magistrado Ponente \u00a0\u00a0<\/p>\n<p>\u00a0 \u00a0\u00a0 \u00a0\u00a0 \u00a0\u00a0DR. CARLOS AUGUSTO GALVEZ ARGOTE \u00a0\u00a0<\/p>\n<p>\u00a0 \u00a0\u00a0 \u00a0\u00a0 \u00a0\u00a0Aprobado Acta No.73 \u00a0\u00a0<\/p>\n<p>\u00a0\u00a0\u00a0\u00a0 Santaf\u00e9 de Bogot\u00e1, \u00a0D.C., \u00a0 veinticinco \u00a0 (25) \u00a0 de \u00a0 junio \u00a0de \u00a0mil \u00a0novecientos \u00a0noventa \u00a0y \u00a0siete \u00a0(1.997). \u00a0\u00a0<\/p>\n<p>\u00a0 \u00a0\u00a0 \u00a0\u00a0 \u00a0\u00a0VISTOS: \u00a0\u00a0<\/p>\n<p>\u00a0\u00a0\u00a0\u00a0 \u00a0Invocando \u00a0ante la \u00a0Corte \u00a0la \u00a0acci\u00f3n de habeas corpus, solicita el procesado WILSON DE JESUS MANCO \u00a0BEDOYA \u00a0quien \u00a0se \u00a0encuentra \u00a0reclu\u00eddo en la C\u00e1rcel Judicial de Bellavista, le \u00a0sea concedida la libertad. \u00a0\u00a0<\/p>\n<p>\u00a0 \u00a0\u00a0 \u00a0\u00a0 \u00a0CONSIDERACIONES: \u00a0\u00a0<\/p>\n<p>\u00a0\u00a0\u00a0\u00a0 \u00a0 1o. \u00a0WILSON \u00a0DE \u00a0JESUS \u00a0MANCO \u00a0BEDOYA \u00a0fue \u00a0condenado \u00a0por \u00a0un Juzgado \u00a0Regional \u00a0de Medell\u00edn, en decisi\u00f3n confirmada por el Tribunal Nacional el 3 de \u00a0enero \u00a0de \u00a01.996, \u00a0a \u00a0la \u00a0pena \u00a0principal de 26 a\u00f1os de prisi\u00f3n y multa de 100 \u00a0salarios \u00a0m\u00ednimos \u00a0mensuales. \u00a0Contra \u00a0esta decisi\u00f3n su apoderada interpuso el \u00a0recurso \u00a0 extraordinario \u00a0 de \u00a0 casaci\u00f3n \u00a0 habiendo \u00a0 presentado \u00a0 la \u00a0 demanda \u00a0sustentatoria \u00a0correspondiente, \u00a0encontr\u00e1ndose \u00a0el \u00a0proceso \u00a0al \u00a0despacho \u00a0para \u00a0decidir \u00a0sobre \u00a0si reune o no los requisitos a que se refiere el art. 225 del C. \u00a0de P.P. \u00a0\u00a0<\/p>\n<p>\u00a0\u00a0\u00a0\u00a0 \u00a0 2o. \u00a0Sobre \u00a0la \u00a0base \u00a0de que lleva privado de la libertad m\u00e1s de tres \u00a0(3) \u00a0a\u00f1os \u00a0-pues \u00a0seg\u00fan \u00a0afirma \u00a0fue \u00a0capturado el 20 de enero de 1.994-, &#8220;sin \u00a0ab\u00e9rseme \u00a0condenado&#8221;, aduce el procesado la acci\u00f3n de habeas corpus consagrada \u00a0en \u00a0la Constituci\u00f3n Pol\u00edtica y en los arts. 5 y 434, 435, 436, y 437 del C. de \u00a0P.P. \u00a0\u00a0<\/p>\n<p>\u00a0\u00a0\u00a0\u00a0 \u00a03o. \u00a0As\u00ed \u00a0las \u00a0cosas, \u00a0frente \u00a0a \u00a0esta petici\u00f3n elevado por el interno \u00a0MANCO \u00a0BEDOYA \u00a0se \u00a0impone \u00a0recordar, \u00a0que \u00a0la \u00a0Sala \u00a0carece \u00a0de competencia para \u00a0adelantar \u00a0el tr\u00e1mite de la acci\u00f3n p\u00fablica de habeas corpus, no solamente por \u00a0cuanto \u00a0se trata de un mecanismo especial de defensa de la libertad que exige un \u00a0pronunciamiento \u00a0r\u00e1pido \u00a0y \u00a0preferente dada su naturaleza y finalidades, por lo \u00a0que \u00a0no es dable a los jueces colegiados como la Corte conocer de ella, sino por \u00a0cuanto \u00a0tal \u00a0acci\u00f3n \u00a0no \u00a0puede \u00a0ejercerse ante el juez que viene conociendo del \u00a0proceso, tal y como sucede en el presente caso. \u00a0\u00a0<\/p>\n<p>\u00a0\u00a0\u00a0\u00a0 \u00a0 4o. \u00a0Surge \u00a0entonces meridianamente claro que la pretendida acci\u00f3n de \u00a0habeas \u00a0corpus \u00a0presentada \u00a0por \u00a0MANCO \u00a0BEDOYA es improcedente y consecuencia de \u00a0ello es que la Sala deba abstenerse de resolver sobre la misma. \u00a0\u00a0<\/p>\n<p>\u00a0\u00a0\u00a0\u00a0 En raz\u00f3n y m\u00e9rito \u00a0de \u00a0 lo \u00a0 expuesto, \u00a0 la \u00a0 CORTE \u00a0 SUPREMA \u00a0DE \u00a0JUSTICIA \u00a0en \u00a0SALA \u00a0DE \u00a0CASACION \u00a0PENAL, \u00a0\u00a0<\/p>\n<p>\u00a0 \u00a0\u00a0 \u00a0\u00a0 \u00a0RESUELVE: \u00a0\u00a0<\/p>\n<p>\u00a0\u00a0\u00a0\u00a0 \u00a0 1o. \u00a0ABSTENERSE \u00a0de \u00a0resolver \u00a0la \u00a0acci\u00f3n \u00a0p\u00fablica \u00a0de habeas corpus \u00a0presentada por WILSON DE JESUS MANCO BEDOYA, por improcedente. \u00a0\u00a0<\/p>\n<p>\u00a0\u00a0\u00a0\u00a0 \u00a0 2o. \u00a0 \u00a0 En \u00a0 \u00a0consecuencia, \u00a0 \u00a0negar \u00a0 \u00a0la \u00a0 \u00a0libertad \u00a0 \u00a0por \u00a0 \u00a0\u00e9ste \u00a0solicitada. \u00a0\u00a0<\/p>\n<p>\u00a0 \u00a0\u00a0 \u00a0\u00a0 \u00a0Notif\u00edquese y c\u00famplase. \u00a0\u00a0<\/p>\n<p>\u00a0 \u00a0\u00a0 \u00a0\u00a0 \u00a0CARLOS AUGUSTO GALVEZ ARGOTE \u00a0\u00a0<\/p>\n<p>FERNANDO \u00a0 \u00a0 \u00a0 \u00a0 \u00a0ARBOLEDA \u00a0RIPOLL\u00a0\u00a0\u00a0\u00a0\u00a0 RICARDO CALVETE RANGEL \u00a0\u00a0<\/p>\n<p>JORGE \u00a0ENRIQUE \u00a0CORDOBA \u00a0POVEDA\u00a0 \u00a0JORGE \u00a0ANIBAL GOMEZ GALLEGO \u00a0\u00a0<\/p>\n<p>CARLOS \u00a0EDUARDO \u00a0MEJIA \u00a0ESCOBAR\u00a0 DIDIMO \u00a0PAEZ VELANDIA \u00a0\u00a0<\/p>\n<p>NILSON \u00a0 \u00a0 \u00a0 \u00a0 \u00a0 PINILLA \u00a0PINILLA\u00a0\u00a0\u00a0\u00a0\u00a0\u00a0 \u00a0 \u00a0 \u00a0 JUAN \u00a0 \u00a0 \u00a0 MANUEL \u00a0 \u00a0 \u00a0 TORRES \u00a0FRESNEDA \u00a0\u00a0<\/p>\n<p>\u00a0 \u00a0\u00a0 \u00a0\u00a0 \u00a0PATRICIA SALAZAR CUELLAR \u00a0\u00a0<\/p>\n<p>\u00a0 \u00a0\u00a0 \u00a0\u00a0 \u00a0Secretaria \u00a0\u00a0<\/p>\n<p>\u00a0\u00a0\u00a0\u00a0 \u00a0<\/p>\n<p>\u00a0 \u00a0 \u00a0<\/p>\n<p><\/p>\n","protected":false},"excerpt":{"rendered":"<p>\u00a0 \u00a0 \u00a0\u00a0 HABEAS CORPUS\/ COMPETENCIA \u00a0 La \u00a0Sala carece de competencia para adelantar \u00a0el \u00a0tr\u00e1mite de la acci\u00f3n p\u00fablica de habeas corpus, no solamente por cuanto se \u00a0trata \u00a0de \u00a0un \u00a0mecanismo \u00a0especial \u00a0de \u00a0defensa \u00a0de \u00a0la \u00a0libertad \u00a0que \u00a0exige un \u00a0pronunciamiento \u00a0r\u00e1pido \u00a0y \u00a0preferente dada su naturaleza y finalidades, por lo \u00a0que \u00a0no es [&hellip;]<\/p>\n","protected":false},"author":1,"featured_media":0,"comment_status":"open","ping_status":"open","sticky":false,"template":"","format":"standard","meta":{"footnotes":""},"categories":[5],"tags":[],"class_list":["post-788","post","type-post","status-publish","format-standard","hentry","category-5"],"_links":{"self":[{"href":"https:\/\/dmsjuridica.com\/buscador_20179478954\/salapenalcronologico20230723\/wp-json\/wp\/v2\/posts\/788","targetHints":{"allow":["GET"]}}],"collection":[{"href":"https:\/\/dmsjuridica.com\/buscador_20179478954\/salapenalcronologico20230723\/wp-json\/wp\/v2\/posts"}],"about":[{"href":"https:\/\/dmsjuridica.com\/buscador_20179478954\/salapenalcronologico20230723\/wp-json\/wp\/v2\/types\/post"}],"author":[{"embeddable":true,"href":"https:\/\/dmsjuridica.com\/buscador_20179478954\/salapenalcronologico20230723\/wp-json\/wp\/v2\/users\/1"}],"replies":[{"embeddable":true,"href":"https:\/\/dmsjuridica.com\/buscador_20179478954\/salapenalcronologico20230723\/wp-json\/wp\/v2\/comments?post=788"}],"version-history":[{"count":0,"href":"https:\/\/dmsjuridica.com\/buscador_20179478954\/salapenalcronologico20230723\/wp-json\/wp\/v2\/posts\/788\/revisions"}],"wp:attachment":[{"href":"https:\/\/dmsjuridica.com\/buscador_20179478954\/salapenalcronologico20230723\/wp-json\/wp\/v2\/media?parent=788"}],"wp:term":[{"taxonomy":"category","embeddable":true,"href":"https:\/\/dmsjuridica.com\/buscador_20179478954\/salapenalcronologico20230723\/wp-json\/wp\/v2\/categories?post=788"},{"taxonomy":"post_tag","embeddable":true,"href":"https:\/\/dmsjuridica.com\/buscador_20179478954\/salapenalcronologico20230723\/wp-json\/wp\/v2\/tags?post=788"}],"curies":[{"name":"wp","href":"https:\/\/api.w.org\/{rel}","templated":true}]}}