{"id":7810,"date":"2023-09-08T17:01:30","date_gmt":"2023-09-08T17:01:30","guid":{"rendered":"https:\/\/dmsjuridica.com\/buscador_20179478954\/salapenalcronologico20230723\/2023\/09\/08\/2082413-05-03\/"},"modified":"2023-09-08T17:01:30","modified_gmt":"2023-09-08T17:01:30","slug":"2082413-05-03","status":"publish","type":"post","link":"https:\/\/dmsjuridica.com\/buscador_20179478954\/salapenalcronologico20230723\/2023\/09\/08\/2082413-05-03\/","title":{"rendered":"20824(13-05-03)"},"content":{"rendered":"\n<p>\u00a0 \u00a0 Proceso \u00a0 \u00a0 No \u00a020824 \u00a0\u00a0<\/p>\n<p>CORTE \u00a0 SUPREMA \u00a0 DE \u00a0JUSTICIA \u00a0\u00a0<\/p>\n<p>SALA DE CASACION PENAL \u00a0<\/p>\n<p>\u00a0 \u00a0\u00a0 \u00a0\u00a0 \u00a0\u00a0 \u00a0\u00a0 \u00a0 \u00a0 \u00a0 \u00a0 \u00a0 \u00a0\u00a0 \u00a0Magistrado Ponente: \u00a0\u00a0<\/p>\n<p>\u00a0 \u00a0\u00a0 \u00a0\u00a0 \u00a0\u00a0 \u00a0\u00a0 \u00a0 \u00a0 \u00a0 \u00a0 \u00a0 \u00a0\u00a0 \u00a0 \u00a0DR. \u00a0 JORGE \u00a0 AN\u00cdBAL \u00a0G\u00d3MEZ \u00a0GALLEGO \u00a0\u00a0<\/p>\n<p>\u00a0 \u00a0\u00a0 \u00a0\u00a0 \u00a0\u00a0 \u00a0\u00a0 \u00a0 \u00a0 \u00a0 \u00a0 \u00a0 \u00a0\u00a0 \u00a0Aprobado Acta N\u00ba: 54 \u00a0\u00a0<\/p>\n<p>\u00a0 \u00a0\u00a0 \u00a0\u00a0 \u00a0\u00a0Bogot\u00e1 D.C., trece de mayo de dos mil tres. \u00a0\u00a0<\/p>\n<p>VISTOS \u00a0<\/p>\n<p>Decide \u00a0de \u00a0plano \u00a0la \u00a0Corte la solicitud de \u00a0cambio \u00a0de \u00a0radicaci\u00f3n \u00a0a \u00a0otro Distrito Judicial que del proceso surtido en el \u00a0Juzgado \u00a0Penal \u00a0del \u00a0Circuito \u00a0de \u00a0Purificaci\u00f3n, \u00a0Tolima, \u00a0contra \u00a0H\u00c9CTOR \u00a0 HEL\u00cd \u00a0GALINDO \u00a0SERRATO \u00a0por \u00a0la \u00a0conducta punible de homicidio, ha formulado su defensor. \u00a0\u00a0<\/p>\n<p>FUNDAMENTOS \u00a0 DE \u00a0 LA \u00a0PETICI\u00d3N \u00a0\u00a0<\/p>\n<p>\u00a0 \u00a0\u00a0 \u00a0\u00a0 \u00a0\u00a0El \u00a0Juzgado Penal del Circuito de Purificaci\u00f3n, Tolima, le adelanta \u00a0proceso \u00a0 \u00a0penal \u00a0 \u00a0a \u00a0 \u00a0H\u00c9CTOR \u00a0 \u00a0HEL\u00cd \u00a0 \u00a0GALINDO \u00a0SERRATO\u00a0\u00a0 \u00a0por \u00a0haberle \u00a0causado la muerte a \u00a0John \u00a0Fredy \u00a0Ospina \u00a0Espitia con arma corto-punzante, en ri\u00f1a protagonizada por \u00a0ambos \u00a0el \u00a025 de septiembre de 2000 en la vereda Montoso, comprensi\u00f3n municipal \u00a0de \u00a0Prado \u00a0en \u00a0jurisdicci\u00f3n \u00a0del \u00a0citado \u00a0Departamento, juicio que se encuentra \u00a0pendiente \u00a0 \u00a0de \u00a0 \u00a0la \u00a0 \u00a0celebraci\u00f3n \u00a0 \u00a0de \u00a0 \u00a0la \u00a0 \u00a0diligencia \u00a0 de \u00a0 audiencia \u00a0p\u00fablica. \u00a0\u00a0<\/p>\n<p>\u00a0 \u00a0\u00a0 \u00a0\u00a0 \u00a0\u00a0Aduce \u00a0el \u00a0defensor \u00a0del \u00a0procesado en su escrito que por razones de \u00a0seguridad \u00a0personal, \u00a0tanto \u00a0para \u00a0s\u00ed \u00a0mismo \u00a0como \u00a0para \u00a0su \u00a0asistido, resulta \u00a0inconveniente\u00a0 \u00a0que \u00a0el \u00a0juicio \u00a0se \u00a0siga \u00a0adelantando \u00a0en la poblaci\u00f3n de \u00a0Purificaci\u00f3n, \u00a0no \u00a0s\u00f3lo \u00a0por \u00a0la \u00a0dif\u00edcil \u00a0situaci\u00f3n \u00a0de \u00a0orden p\u00fablico que \u00a0afronta \u00a0todo \u00a0el Departamento del Tolima en cuya geograf\u00eda operan tanto grupos \u00a0guerrilleros \u00a0 como \u00a0de \u00a0las \u00a0auto-defensas \u00a0campesinas, \u00a0sino \u00a0tambi\u00e9n \u00a0porque \u00a0conforme \u00a0a \u00a0la \u00a0prueba \u00a0recaudada \u00a0en el proceso, a la v\u00edctima se le se\u00f1alaba \u00a0como \u00a0miembro \u00a0activo \u00a0de \u00a0un \u00a0frente \u00a0subversivo \u00a0de \u00a0las \u00a0FARC, abri\u00e9ndose la \u00a0posibilidad \u00a0de \u00a0que \u00a0se \u00a0atente \u00a0contra \u00a0la integridad f\u00edsica de quienes deben \u00a0intervenir \u00a0en \u00a0la \u00a0vista \u00a0p\u00fablica, \u00a0ya \u00a0en \u00a0el propio acto de juzgamiento, ora \u00a0durante \u00a0el \u00a0desplazamiento \u00a0a \u00a0la \u00a0mencionada \u00a0localidad, \u00a0trayecto \u00a0en el cual \u00a0frecuentemente \u00a0se \u00a0presentan \u00a0retenes \u00a0ilegales. \u00a0Por \u00a0esos motivos, el letrado \u00a0solicita \u00a0el \u00a0cambio \u00a0de \u00a0radicaci\u00f3n \u00a0del \u00a0proceso \u00a0a \u00a0un \u00a0Juzgado \u00a0de la misma \u00a0categor\u00eda y especialidad en la Capital del pa\u00eds. \u00a0\u00a0<\/p>\n<p>\u00a0 \u00a0\u00a0 \u00a0\u00a0 \u00a0\u00a0Para \u00a0establecer la veracidad de sus afirmaciones se remite el actor \u00a0a \u00a0las \u00a0declaraciones \u00a0de \u00a0Jos\u00e9 D\u00eddimo Tique y Magdalena Serrato, as\u00ed como al \u00a0informe \u00a0del \u00a0CTI \u00a0que obra en la foliatura, en el cual se aduce \u201cla \u00a0inminente \u00a0presencia del Frente XXV de las FARC, columna Armando \u00a0R\u00edos\u201d \u00a0como circunstancia que impidi\u00f3 el ingreso a \u00a0la \u00a0vereda Montoso de los investigadores a cumplir con la misi\u00f3n de trabajo que \u00a0se \u00a0les encomend\u00f3 en relaci\u00f3n con este asunto, situaci\u00f3n que confirma el jefe \u00a0del \u00a0 puesto \u00a0de \u00a0seguridad \u00a0del \u00a0DAS \u00a0del \u00a0Guamo.\u00a0\u00a0\u00a0\u00a0\u00a0 \u00a0\u00a0<\/p>\n<p>\u00a0 \u00a0 \u00a0 \u00a0 \u00a0<\/p>\n<p>CONSIDERACIONES \u00a0DE \u00a0LA \u00a0CORTE \u00a0\u00a0<\/p>\n<p>\u00a0 \u00a0\u00a0 \u00a0\u00a0 \u00a0\u00a0Por \u00a0tratarse \u00a0de \u00a0la petici\u00f3n de cambio de radicaci\u00f3n del proceso \u00a0en \u00a0cuesti\u00f3n, a un Distrito Judicial diferente a aquel donde se lleva a cabo el \u00a0correspondiente \u00a0juzgamiento, \u00a0la \u00a0Corte \u00a0por \u00a0virtud de lo estatuido en el Art. \u00a075-8 \u00a0del actual C. de P. Penal Ley 600 de 2000- es competente para pronunciarse \u00a0sobre la invocaci\u00f3n aqu\u00ed hecha. \u00a0\u00a0<\/p>\n<p>Ahora \u00a0bien, \u00a0tiene \u00a0dicho \u00a0la \u00a0Corte que el \u00a0instituto \u00a0consagrado \u00a0en \u00a0el \u00a0Art. \u00a085 \u00a0del \u00a0C. \u00a0de \u00a0P. Penal que excepciona el \u00a0principio \u00a0general \u00a0en \u00a0virtud \u00a0del cual el funcionario judicial competente para \u00a0conocer \u00a0de \u00a0un \u00a0asunto, \u00a0es \u00a0el \u00a0del \u00a0lugar \u00a0en \u00a0donde \u00a0se \u00a0perpetr\u00f3 \u00a0el hecho \u00a0-competencia \u00a0territorial-, \u00a0autoriza \u00a0el \u00a0cambio \u00a0de \u00a0radicaci\u00f3n de un proceso \u00a0cuando \u00a0en \u00a0raz\u00f3n de circunstancias sobrevinientes puedan resultar afectados el \u00a0orden \u00a0p\u00fablico, \u00a0la \u00a0imparcialidad \u00a0o \u00a0independencia \u00a0de \u00a0la administraci\u00f3n de \u00a0justicia, \u00a0las \u00a0garant\u00edas \u00a0procesales, \u00a0la \u00a0publicidad \u00a0del \u00a0juzgamiento, \u00a0y la \u00a0seguridad del procesado o su integridad personal. \u00a0\u00a0<\/p>\n<p>No obstante, la solicitud debe ser motivada y \u00a0a \u00a0ella \u00a0han \u00a0de\u00a0 acompa\u00f1arse las pruebas en que se funda, reza el Art. 87 \u00a0ibidem, \u00a0carga procesal cuyo \u00a0cumplimiento \u00a0no \u00a0puede ser soslayado por el postulante y que la Corte mal puede \u00a0suplir, \u00a0como \u00a0quiera \u00a0que \u00a0es la propia ley la que le asigna esa obligaci\u00f3n de \u00a0demostrar los supuestos en que aqu\u00e9lla se finca. \u00a0\u00a0<\/p>\n<p>En \u00a0el \u00a0asunto \u00a0a \u00a0examen \u00a0de \u00a0la \u00a0Sala, \u00a0la \u00a0aspiraci\u00f3n \u00a0del \u00a0libelista \u00a0est\u00e1 \u00a0llamada \u00a0al \u00a0fracaso, \u00a0puesto que si bien la \u00a0remoci\u00f3n \u00a0del \u00a0proceso \u00a0de \u00a0un \u00a0Distrito \u00a0Judicial \u00a0a \u00a0otro tiene por finalidad \u00a0contrarrestar \u00a0 factores \u00a0externos \u00a0de \u00a0perturbaci\u00f3n \u00a0en \u00a0el \u00a0ejercicio \u00a0de \u00a0la \u00a0actividad \u00a0judicial, \u00a0es \u00a0lo \u00a0cierto \u00a0que \u00a0las \u00a0condiciones \u00a0de inseguridad y de \u00a0afectaci\u00f3n \u00a0del \u00a0orden \u00a0p\u00fablico \u00a0arg\u00fcidas \u00a0para aquel efecto deben provenir y \u00a0tener \u00a0una \u00a0relaci\u00f3n vinculante con los hechos objeto de juzgamiento, mas no de \u00a0la \u00a0situaci\u00f3n \u00a0generalizada \u00a0de \u00a0deterioro \u00a0del \u00a0orden \u00a0p\u00fablico \u00a0que agobia al \u00a0territorio \u00a0nacional, \u00a0factores \u00a0aquellos de cuya demostraci\u00f3n se carece en las \u00a0diligencias, \u00a0como \u00a0no sea la gen\u00e9rica alusi\u00f3n que dos declarante hacen acerca \u00a0de \u00a0la \u00a0supuesta condici\u00f3n de guerrillero de la v\u00edctima, y las afirmaciones de \u00a0miembros \u00a0de \u00a0los\u00a0 \u00a0cuerpos \u00a0de seguridad del Estado de su imposibilidad de \u00a0ingresar \u00a0al \u00a0territorio \u00a0donde se desarrollaron los hechos, mas no respecto del \u00a0sitio donde se celebra el juicio. \u00a0\u00a0<\/p>\n<p>La \u00a0Sala \u00a0repite \u00a0una \u00a0vez \u00a0m\u00e1s \u00a0que \u00a0si \u00a0\u201clas \u00a0dificultades \u00a0de \u00a0la \u00a0actividad \u00a0judicial \u00a0se \u00a0vinculan \u00a0gen\u00e9ricamente \u00a0con \u00a0el \u00a0deteriorado \u00a0orden \u00a0p\u00fablico \u00a0reinante \u00a0en la \u00a0regi\u00f3n, \u00a0bastar\u00eda \u00a0determinar \u00a0que el departamento de (\u2026) fue declarado zona \u00a0especial \u00a0de \u00a0orden p\u00fablico, y de una vez se paralizar\u00eda la administraci\u00f3n de \u00a0justicia \u00a0en \u00a0dicha entidad territorial, porque todos los procesos tendr\u00edan que \u00a0cambiar \u00a0de radicaci\u00f3n por el generalizado entorpecimiento de la convivencia en \u00a0paz, \u00a0absurdo \u00a0tan \u00a0intolerante \u00a0como \u00a0saber \u00a0que, \u00a0si bien la justicia no es la \u00a0responsable \u00a0del \u00a0manejo \u00a0del \u00a0orden \u00a0p\u00fablico, \u00a0su ausencia, y ahora su hu\u00edda, \u00a0inocultablemente \u00a0 contribuyen \u00a0a \u00a0acentuar \u00a0el \u00a0deterioro \u00a0de \u00a0las \u00a0condiciones \u00a0necesarias \u00a0 para \u00a0 el \u00a0 ejercicio \u00a0 de \u00a0los \u00a0derechos \u00a0y \u00a0libertades \u00a0p\u00fablicas \u00a0(&#8230;)\u201d \u00a0\u00a0<\/p>\n<p>Si \u00a0de \u00a0la seguridad personal de los sujetos \u00a0procesales \u00a0se \u00a0trata, \u00a0insiste \u00a0en reiterar la Sala, am\u00e9n de corresponderle al \u00a0Estado \u00a0velar por ella a trav\u00e9s de los organismos competentes, por parte alguna \u00a0aparece \u00a0acreditada \u00a0la \u00a0conexidad \u00a0evidente \u00a0entre \u00a0los \u00a0episodios de violencia \u00a0expuestos \u00a0por \u00a0el \u00a0peticionario, \u00a0con \u00a0el \u00a0tr\u00e1mite \u00a0procesal \u00a0cuyo \u00a0cambio \u00a0de \u00a0radicaci\u00f3n \u00a0se persigue, pretensi\u00f3n a la que mal se puede acceder cuando es el \u00a0propio \u00a0libelista \u00a0quien \u00a0admite \u00a0en \u00a0su \u00a0escrito que esas mismas condiciones de \u00a0inseguridad \u00a0se presentan en esta ciudad Capital -\u201cLa \u00a0familia \u00a0 de \u00a0 mi \u00a0 defendido \u00a0 me \u00a0 ha \u00a0 manifestado \u00a0 que \u00a0 han \u00a0observado \u00a0en \u00a0Bogot\u00e1, \u00a0personas extra\u00f1as, \u00a0averiguando \u00a0 por \u00a0la \u00a0hora \u00a0y \u00a0fecha \u00a0para \u00a0la \u00a0celebraci\u00f3n \u00a0de \u00a0la \u00a0audiencia \u00a0p\u00fablica\u201d, \u00a0aduce-, \u00a0por \u00a0lo \u00a0que \u00a0ning\u00fan \u00a0sentido \u00a0tendr\u00eda \u00a0ordenarse \u00a0el \u00a0cambio \u00a0de radicaci\u00f3n solicitado si las circunstancias \u00a0adversas \u00a0que \u00a0se \u00a0pretenden \u00a0conjurar, \u00a0igualmente \u00a0existen \u00a0en el lugar al que \u00a0aspira \u00a0se \u00a0ordene el traslado del proceso para que se prosiga con la respectiva \u00a0etapa del juicio. \u00a0\u00a0<\/p>\n<p>Como quiera que en contrav\u00eda de lo dispuesto \u00a0en \u00a0el \u00a0Art. \u00a087 \u00a0del \u00a0nuevo \u00a0C\u00f3digo \u00a0de \u00a0Procedimiento Penal, los presupuestos \u00a0f\u00e1cticos \u00a0en los que se sustenta el cambio de radicaci\u00f3n impetrado no pasan de \u00a0ser \u00a0simples conjeturas o especulaciones infundadas, la pretensi\u00f3n del defensor \u00a0del \u00a0 procesado \u00a0 ha \u00a0 de \u00a0 ser \u00a0 despachada \u00a0negativamente.\u00a0 \u00a0 \u00a0 \u00a0 \u00a0 \u00a0\u00a0 \u00a0 \u00a0 \u00a0 \u00a0\u00a0 \u00a0 \u00a0 \u00a0 \u00a0\u00a0 \u00a0 \u00a0 \u00a0 \u00a0\u00a0\u00a0\u00a0\u00a0\u00a0\u00a0\u00a0\u00a0\u00a0\u00a0\u00a0 \u00a0\u00a0<\/p>\n<p>\u00a0 \u00a0\u00a0 \u00a0\u00a0 \u00a0\u00a0En \u00a0 m\u00e9rito \u00a0a \u00a0lo \u00a0expuesto, \u00a0la \u00a0CORTE \u00a0SUPREMA \u00a0 DE \u00a0 JUSTICIA, \u00a0 Sala \u00a0de \u00a0Casaci\u00f3n \u00a0Penal, \u00a0\u00a0<\/p>\n<p>\u00a0 RESUELVE \u00a0\u00a0<\/p>\n<p>\u00a0 \u00a0\u00a0 \u00a0\u00a0 \u00a0\u00a0NEGAR \u00a0el cambio de radicaci\u00f3n solicitado \u00a0por \u00a0el \u00a0defensor \u00a0del \u00a0procesado H\u00c9CTOR HEL\u00cd GALINDO \u00a0SERRATO, conforme con las motivaciones plasmadas en el \u00a0cuerpo de este prove\u00eddo. \u00a0\u00a0<\/p>\n<p>C\u00f3piese y devu\u00e9lvase a \u00a0su lugar de origen. C\u00famplase. \u00a0\u00a0<\/p>\n<p>\u00a0 \u00a0\u00a0 \u00a0 \u00a0\u00a0 \u00a0\u00a0<\/p>\n<p>YESID RAM\u00cdREZ BASTIDAS \u00a0<\/p>\n<p>FERNANDO \u00a0 ARBOLEDA \u00a0 RIPOLL \u00a0\u00a0 \u00a0\u00a0 \u00a0\u00a0 \u00a0\u00a0 \u00a0\u00a0 \u00a0\u00a0 \u00a0 \u00a0 \u00a0 \u00a0 \u00a0 \u00a0 \u00a0\u00a0HERMAN \u00a0 \u00a0 \u00a0GAL\u00c1N \u00a0CASTELLANOS \u00a0\u00a0<\/p>\n<p>CARLOS \u00a0 A. \u00a0 G\u00c1LVEZ \u00a0ARGOTE \u00a0\u00a0 \u00a0\u00a0 \u00a0\u00a0 \u00a0\u00a0 \u00a0\u00a0 \u00a0\u00a0 \u00a0 \u00a0\u00a0 \u00a0 \u00a0\u00a0JORGE \u00a0 \u00a0AN\u00cdBAL \u00a0 G\u00d3MEZ \u00a0GALLEGO \u00a0\u00a0<\/p>\n<p>\u00c9DGAR \u00a0 \u00a0LOMBANA \u00a0TRUJILLO\u00a0\u00a0\u00a0\u00a0\u00a0\u00a0\u00a0\u00a0\u00a0\u00a0\u00a0\u00a0\u00a0\u00a0\u00a0\u00a0\u00a0\u00a0\u00a0 \u00a0\u00c1LVARO ORLANDO P\u00c9REZ PINZ\u00d3N \u00a0\u00a0<\/p>\n<p>Comisi\u00f3n de servicio \u00a0<\/p>\n<p>MARINA \u00a0 PULIDO \u00a0 DE \u00a0BAR\u00d3N\u00a0\u00a0\u00a0\u00a0\u00a0\u00a0\u00a0\u00a0\u00a0\u00a0\u00a0\u00a0\u00a0\u00a0\u00a0\u00a0\u00a0\u00a0\u00a0\u00a0\u00a0\u00a0 \u00a0JORGE LUIS QUINTERO MILAN\u00c9S\u00a0 \u00a0\u00a0<\/p>\n<p>TERESA RUIZ N\u00da\u00d1EZ \u00a0<\/p>\n<p>Secretaria \u00a0 \u00a0<\/p>\n<p><\/p>\n","protected":false},"excerpt":{"rendered":"<p>\u00a0 \u00a0 Proceso \u00a0 \u00a0 No \u00a020824 \u00a0\u00a0 CORTE \u00a0 SUPREMA \u00a0 DE \u00a0JUSTICIA \u00a0\u00a0 SALA DE CASACION PENAL \u00a0 \u00a0 \u00a0\u00a0 \u00a0\u00a0 \u00a0\u00a0 \u00a0\u00a0 \u00a0 \u00a0 \u00a0 \u00a0 \u00a0 \u00a0\u00a0 \u00a0Magistrado Ponente: \u00a0\u00a0 \u00a0 \u00a0\u00a0 \u00a0\u00a0 \u00a0\u00a0 \u00a0\u00a0 \u00a0 \u00a0 \u00a0 \u00a0 \u00a0 \u00a0\u00a0 \u00a0 \u00a0DR. \u00a0 JORGE \u00a0 AN\u00cdBAL \u00a0G\u00d3MEZ \u00a0GALLEGO \u00a0\u00a0 \u00a0 [&hellip;]<\/p>\n","protected":false},"author":1,"featured_media":0,"comment_status":"open","ping_status":"open","sticky":false,"template":"","format":"standard","meta":{"footnotes":""},"categories":[11],"tags":[],"class_list":["post-7810","post","type-post","status-publish","format-standard","hentry","category-11"],"_links":{"self":[{"href":"https:\/\/dmsjuridica.com\/buscador_20179478954\/salapenalcronologico20230723\/wp-json\/wp\/v2\/posts\/7810","targetHints":{"allow":["GET"]}}],"collection":[{"href":"https:\/\/dmsjuridica.com\/buscador_20179478954\/salapenalcronologico20230723\/wp-json\/wp\/v2\/posts"}],"about":[{"href":"https:\/\/dmsjuridica.com\/buscador_20179478954\/salapenalcronologico20230723\/wp-json\/wp\/v2\/types\/post"}],"author":[{"embeddable":true,"href":"https:\/\/dmsjuridica.com\/buscador_20179478954\/salapenalcronologico20230723\/wp-json\/wp\/v2\/users\/1"}],"replies":[{"embeddable":true,"href":"https:\/\/dmsjuridica.com\/buscador_20179478954\/salapenalcronologico20230723\/wp-json\/wp\/v2\/comments?post=7810"}],"version-history":[{"count":0,"href":"https:\/\/dmsjuridica.com\/buscador_20179478954\/salapenalcronologico20230723\/wp-json\/wp\/v2\/posts\/7810\/revisions"}],"wp:attachment":[{"href":"https:\/\/dmsjuridica.com\/buscador_20179478954\/salapenalcronologico20230723\/wp-json\/wp\/v2\/media?parent=7810"}],"wp:term":[{"taxonomy":"category","embeddable":true,"href":"https:\/\/dmsjuridica.com\/buscador_20179478954\/salapenalcronologico20230723\/wp-json\/wp\/v2\/categories?post=7810"},{"taxonomy":"post_tag","embeddable":true,"href":"https:\/\/dmsjuridica.com\/buscador_20179478954\/salapenalcronologico20230723\/wp-json\/wp\/v2\/tags?post=7810"}],"curies":[{"name":"wp","href":"https:\/\/api.w.org\/{rel}","templated":true}]}}