{"id":7806,"date":"2023-09-08T17:01:30","date_gmt":"2023-09-08T17:01:30","guid":{"rendered":"https:\/\/dmsjuridica.com\/buscador_20179478954\/salapenalcronologico20230723\/2023\/09\/08\/2081623-09-03\/"},"modified":"2023-09-08T17:01:30","modified_gmt":"2023-09-08T17:01:30","slug":"2081623-09-03","status":"publish","type":"post","link":"https:\/\/dmsjuridica.com\/buscador_20179478954\/salapenalcronologico20230723\/2023\/09\/08\/2081623-09-03\/","title":{"rendered":"20816(23-09-03)"},"content":{"rendered":"\n<p>\u00a0 \u00a0 Proceso No 20816 \u00a0<\/p>\n<p>CORTE \u00a0 SUPREMA \u00a0 DE \u00a0JUSTICIA \u00a0\u00a0<\/p>\n<p>SALA DE CASACION PENAL \u00a0<\/p>\n<p>Magistrado Ponente: \u00a0<\/p>\n<p>Dr. \u00a0 MAURO \u00a0 SOLARTE \u00a0PORTILLA \u00a0\u00a0<\/p>\n<p>Aprobado \u00a0 \u00a0 \u00a0 \u00a0acta \u00a0 \u00a0 \u00a0 \u00a0No. \u00a0106\u00a0\u00a0\u00a0\u00a0\u00a0\u00a0\u00a0 \u00a0\u00a0<\/p>\n<p>Bogot\u00e1, D. C., veintitr\u00e9s de septiembre del \u00a0a\u00f1o dos mil tres. \u00a0\u00a0<\/p>\n<p>Se \u00a0pronuncia \u00a0la Corte sobre su competencia \u00a0para \u00a0proveer \u00a0en \u00a0relaci\u00f3n \u00a0con \u00a0la \u00a0admisibilidad \u00a0formal \u00a0de \u00a0la \u00a0demanda de \u00a0revisi\u00f3n \u00a0 \u00a0presentada \u00a0 por \u00a0 el \u00a0 defensor \u00a0 del \u00a0 sentenciado \u00a0 PEDRO \u00a0ANTONIO CHAC\u00d3N RODR\u00cdGUEZ, contra \u00a0la \u00a0sentencia \u00a0proferida \u00a0el veinte de abril del a\u00f1o dos mil uno por el Juzgado \u00a0Veinte \u00a0Penal del Circuito de Bogot\u00e1, mediante la cual lo conden\u00f3 a la pena de \u00a0doce\u00a0 \u00a0(12) \u00a0meses \u00a0de \u00a0prisi\u00f3n a consecuencia de hallarlo responsable del \u00a0delito \u00a0 \u00a0 \u00a0de \u00a0 \u00a0 \u00a0falsedad \u00a0 \u00a0 en \u00a0 \u00a0 documento \u00a0 \u00a0 privado.\u00a0\u00a0\u00a0 \u00a0\u00a0<\/p>\n<p>Esta \u00a0determinaci\u00f3n adquiri\u00f3 ejecutoria en \u00a0esa \u00a0instancia \u00a0el \u00a0veinticinco \u00a0de \u00a0abril siguiente, al no haber sido objeto de \u00a0impugnaci\u00f3n. \u00a0\u00a0<\/p>\n<p>\u00a0 \u00a0\u00a0 \u00a0\u00a0 \u00a0\u00a0La demanda. \u00a0\u00a0<\/p>\n<p>Con \u00a0apoyo en la causal tercera, el defensor \u00a0del \u00a0sentenciado solicita la revisi\u00f3n de la sentencia por considerar que existe \u00a0prueba \u00a0 \u00a0nueva \u00a0 \u00a0de \u00a0 \u00a0la \u00a0 \u00a0que \u00a0 \u00a0se \u00a0 \u00a0establece \u00a0 la \u00a0 inocencia \u00a0 de \u00a0 su \u00a0representado. \u00a0\u00a0<\/p>\n<p>Adjunta \u00a0el \u00a0poder \u00a0espec\u00edfico \u00a0para \u00a0el \u00a0ejercicio \u00a0de \u00a0la \u00a0acci\u00f3n de revisi\u00f3n y copia certificada del fallo de primera \u00a0instancia con constancia de ejecutoria. \u00a0\u00a0<\/p>\n<p>\u00a0\u00a0\u00a0 \u00a0 \u00a0 \u00a0 \u00a0 \u00a0 \u00a0 \u00a0 \u00a0 \u00a0 \u00a0 \u00a0SE \u00a0CONSIDERA: \u00a0\u00a0<\/p>\n<p>De \u00a0conformidad \u00a0con \u00a0lo \u00a0dispuesto \u00a0por \u00a0el \u00a0art\u00edculo \u00a075-2 \u00a0del \u00a0C\u00f3digo de procedimiento penal, la Sala de Casaci\u00f3n Penal \u00a0de \u00a0la \u00a0Corte \u00a0Suprema \u00a0de \u00a0Justicia conoce de la acci\u00f3n de revisi\u00f3n cuando la \u00a0sentencia, \u00a0la \u00a0preclusi\u00f3n de la investigaci\u00f3n o la cesaci\u00f3n de procedimiento \u00a0ejecutoriadas \u00a0hayan \u00a0sido \u00a0proferidas \u00a0en \u00a0\u00fanica \u00a0o segunda instancia por esta \u00a0corporaci\u00f3n \u00a0o por los tribunales superiores de distrito o por los fiscales que \u00a0act\u00faen \u00a0ante \u00a0ellos. Si la decisi\u00f3n cuya remoci\u00f3n se persigue fue dictada por \u00a0un \u00a0juzgado \u00a0municipal \u00a0o \u00a0de \u00a0circuito o sus fiscales delegados, la competencia \u00a0est\u00e1 \u00a0asignada \u00a0a \u00a0la \u00a0Sala \u00a0Penal \u00a0de \u00a0decisi\u00f3n \u00a0del \u00a0Tribunal \u00a0Superior \u00a0del \u00a0respectivo \u00a0 distrito, \u00a0 a \u00a0 tenor \u00a0 de \u00a0 lo \u00a0previsto \u00a0por \u00a0el \u00a0art\u00edculo \u00a076-3 \u00a0ejusdem. \u00a0\u00a0<\/p>\n<p>Como \u00a0en este caso la sentencia ejecutoriada \u00a0fue \u00a0proferida \u00a0por \u00a0el \u00a0Juzgado \u00a0Veinte \u00a0Penal \u00a0del \u00a0Circuito de Bogot\u00e1, es al \u00a0Tribunal \u00a0Superior \u00a0de \u00a0este \u00a0distrito \u00a0al \u00a0que \u00a0compete \u00a0pronunciarse \u00a0sobre la \u00a0idoneidad \u00a0formal de la demanda de revisi\u00f3n presentada por el defensor de PEDRO \u00a0ANTONIO CHAC\u00d3N RODR\u00cdGUEZ. \u00a0\u00a0<\/p>\n<p>En \u00a0consecuencia, \u00a0se \u00a0ordenar\u00e1 \u00a0remitir el \u00a0expediente a la mencionada Corporaci\u00f3n. \u00a0\u00a0<\/p>\n<p>En \u00a0m\u00e9rito de lo expuesto, LA CORTE SUPREMA \u00a0DE JUSTICIA, SALA DE CASACION PENAL, \u00a0\u00a0<\/p>\n<p>\u00a0 \u00a0\u00a0 \u00a0\u00a0 \u00a0R E S U E L V E: \u00a0\u00a0<\/p>\n<p>PRIMERO. ABSTENERSE \u00a0de \u00a0 conocer \u00a0de \u00a0la \u00a0demanda \u00a0de \u00a0revisi\u00f3n \u00a0presentada \u00a0por \u00a0el \u00a0defensor \u00a0del \u00a0sentenciado \u00a0PEDRO \u00a0ANTONIO CHAC\u00d3N RODR\u00cdGUEZ, por lo anotado en la motivaci\u00f3n \u00a0de este prove\u00eddo. \u00a0\u00a0<\/p>\n<p>SEGUNDO. \u00a0REMITIR \u00a0por \u00a0competencia \u00a0el \u00a0expediente \u00a0a \u00a0la \u00a0Sala \u00a0Penal \u00a0del \u00a0Tribunal Superior del \u00a0Distrito Judicial de Bogot\u00e1. \u00a0\u00a0<\/p>\n<p>Notif\u00edquese \u00a0 y \u00a0 c\u00famplase. \u00a0\u00a0<\/p>\n<p>YESID \u00a0 \u00a0RAM\u00cdREZ \u00a0BASTIDAS \u00a0\u00a0<\/p>\n<p>HERMAN \u00a0 \u00a0 \u00a0 \u00a0 \u00a0 GAL\u00c1N \u00a0CASTELLANOS\u00a0\u00a0\u00a0\u00a0 CARLOS A. G\u00c1LVEZ ARGOTE \u00a0\u00a0<\/p>\n<p>JORGE \u00a0 \u00a0 \u00a0 \u00a0A. \u00a0 \u00a0 \u00a0 \u00a0G\u00d3MEZ \u00a0GALLEGO\u00a0\u00a0\u00a0\u00a0\u00a0\u00a0\u00a0\u00a0\u00a0\u00a0\u00a0 EDGAR \u00a0LOMBANA TRUJILLO \u00a0\u00a0<\/p>\n<p>ALVARO \u00a0 \u00a0 \u00a0 \u00a0O. \u00a0 \u00a0 \u00a0 \u00a0P\u00c9REZ \u00a0PINZ\u00d3N\u00a0\u00a0\u00a0\u00a0\u00a0\u00a0\u00a0\u00a0\u00a0\u00a0\u00a0\u00a0\u00a0\u00a0 \u00a0MARINA PULIDO DE BAR\u00d3N \u00a0\u00a0<\/p>\n<p>JORGE \u00a0 \u00a0 \u00a0 \u00a0L. \u00a0 \u00a0 \u00a0 \u00a0QUINTERO \u00a0MILAN\u00c9S\u00a0\u00a0\u00a0\u00a0\u00a0\u00a0\u00a0 \u00a0 \u00a0 \u00a0 \u00a0 MAURO \u00a0 \u00a0 \u00a0 \u00a0 SOLARTE \u00a0PORTILLA \u00a0\u00a0<\/p>\n<p>TERESA \u00a0 \u00a0RUIZ \u00a0N\u00da\u00d1EZ \u00a0\u00a0<\/p>\n<p>Secretaria \u00a0\u00a0<\/p>\n<p>\u00a0 \u00a0\u00a0<\/p>\n<p><\/p>\n","protected":false},"excerpt":{"rendered":"<p>\u00a0 \u00a0 Proceso No 20816 \u00a0 CORTE \u00a0 SUPREMA \u00a0 DE \u00a0JUSTICIA \u00a0\u00a0 SALA DE CASACION PENAL \u00a0 Magistrado Ponente: \u00a0 Dr. \u00a0 MAURO \u00a0 SOLARTE \u00a0PORTILLA \u00a0\u00a0 Aprobado \u00a0 \u00a0 \u00a0 \u00a0acta \u00a0 \u00a0 \u00a0 \u00a0No. \u00a0106\u00a0\u00a0\u00a0\u00a0\u00a0\u00a0\u00a0 \u00a0\u00a0 Bogot\u00e1, D. C., veintitr\u00e9s de septiembre del \u00a0a\u00f1o dos mil tres. \u00a0\u00a0 Se \u00a0pronuncia \u00a0la Corte [&hellip;]<\/p>\n","protected":false},"author":1,"featured_media":0,"comment_status":"open","ping_status":"open","sticky":false,"template":"","format":"standard","meta":{"footnotes":""},"categories":[11],"tags":[],"class_list":["post-7806","post","type-post","status-publish","format-standard","hentry","category-11"],"_links":{"self":[{"href":"https:\/\/dmsjuridica.com\/buscador_20179478954\/salapenalcronologico20230723\/wp-json\/wp\/v2\/posts\/7806","targetHints":{"allow":["GET"]}}],"collection":[{"href":"https:\/\/dmsjuridica.com\/buscador_20179478954\/salapenalcronologico20230723\/wp-json\/wp\/v2\/posts"}],"about":[{"href":"https:\/\/dmsjuridica.com\/buscador_20179478954\/salapenalcronologico20230723\/wp-json\/wp\/v2\/types\/post"}],"author":[{"embeddable":true,"href":"https:\/\/dmsjuridica.com\/buscador_20179478954\/salapenalcronologico20230723\/wp-json\/wp\/v2\/users\/1"}],"replies":[{"embeddable":true,"href":"https:\/\/dmsjuridica.com\/buscador_20179478954\/salapenalcronologico20230723\/wp-json\/wp\/v2\/comments?post=7806"}],"version-history":[{"count":0,"href":"https:\/\/dmsjuridica.com\/buscador_20179478954\/salapenalcronologico20230723\/wp-json\/wp\/v2\/posts\/7806\/revisions"}],"wp:attachment":[{"href":"https:\/\/dmsjuridica.com\/buscador_20179478954\/salapenalcronologico20230723\/wp-json\/wp\/v2\/media?parent=7806"}],"wp:term":[{"taxonomy":"category","embeddable":true,"href":"https:\/\/dmsjuridica.com\/buscador_20179478954\/salapenalcronologico20230723\/wp-json\/wp\/v2\/categories?post=7806"},{"taxonomy":"post_tag","embeddable":true,"href":"https:\/\/dmsjuridica.com\/buscador_20179478954\/salapenalcronologico20230723\/wp-json\/wp\/v2\/tags?post=7806"}],"curies":[{"name":"wp","href":"https:\/\/api.w.org\/{rel}","templated":true}]}}