{"id":7672,"date":"2023-09-08T17:01:22","date_gmt":"2023-09-08T17:01:22","guid":{"rendered":"https:\/\/dmsjuridica.com\/buscador_20179478954\/salapenalcronologico20230723\/2023\/09\/08\/2056518-03-03\/"},"modified":"2023-09-08T17:01:22","modified_gmt":"2023-09-08T17:01:22","slug":"2056518-03-03","status":"publish","type":"post","link":"https:\/\/dmsjuridica.com\/buscador_20179478954\/salapenalcronologico20230723\/2023\/09\/08\/2056518-03-03\/","title":{"rendered":"20565(18-03-03)"},"content":{"rendered":"\n<p>\u00a0 \u00a0 Proceso No 20565 \u00a0<\/p>\n<p>CORTE SUPREMA DE JUSTICIA \u00a0<\/p>\n<p>SALA DE CASACION PENAL \u00a0<\/p>\n<p>Magistrado ponente: \u00a0<\/p>\n<p>Dr. \u00a0FERNANDO \u00a0E. \u00a0ARBOLEDA RIPOLL \u00a0\u00a0<\/p>\n<p>Aprobado acta No. 35. \u00a0<\/p>\n<p>Bogot\u00e1 \u00a0D.C., dieciocho (18) de marzo de dos \u00a0mil tres (2003). \u00a0\u00a0<\/p>\n<p>Decide de plano la Sala la solicitud de cambio \u00a0de \u00a0radicaci\u00f3n \u00a0de \u00a0la causa que se adelanta contra TOBIAS GOMEZ, bajo el cargo \u00a0de \u00a0rebeli\u00f3n,\u00a0 \u00a0elevada \u00a0por \u00a0el \u00a0Juez \u00a0promiscuo del circuito de Saravena \u00a0(Arauca) \u00a0\u00a0<\/p>\n<p>FUNDAMENTOS DE LA SOLICITUD \u00a0<\/p>\n<p>El \u00a0Juez \u00a0promiscuo \u00a0del circuito de Saravena \u00a0(Arauca) \u00a0se \u00a0resiste \u00a0a \u00a0proferir \u00a0fallo \u00a0de \u00a0fondo \u00a0dentro \u00a0de \u00a0la \u00a0actuaci\u00f3n \u00a0adelantada \u00a0contra TOBIAS GOMEZ, quien se acogi\u00f3 a sentencia anticipada, debido \u00a0a \u00a0la \u00a0grave \u00a0alteraci\u00f3n \u00a0del \u00a0orden p\u00fablico imperante en la regi\u00f3n en la que \u00a0tiene \u00a0asiento \u00a0su \u00a0despacho, por la presencia de grupos armados al margen de la \u00a0ley. \u00a0\u00a0<\/p>\n<p>En \u00a0ese \u00a0sentido \u00a0se\u00f1ala \u00a0que la seguridad e \u00a0integridad \u00a0 de \u00a0los \u00a0sujetos \u00a0procesales \u00a0y \u00a0los \u00a0funcionarios \u00a0judiciales \u00a0que \u00a0intervienen \u00a0dentro \u00a0de \u00a0la \u00a0actuaci\u00f3n \u00a0correr\u00edan \u00a0serio \u00a0peligro, teniendo en \u00a0cuenta \u00a0la delaci\u00f3n hecha por el procesado sobre gran parte de los miembros que \u00a0conforman las organizaciones subversivas que operan en la regi\u00f3n. \u00a0\u00a0<\/p>\n<p>Adjunta fotocopias de la resoluci\u00f3n por medio \u00a0de \u00a0la \u00a0cual \u00a0el \u00a0Director \u00a0nacional \u00a0de \u00a0Fiscal\u00edas vari\u00f3 la asignaci\u00f3n de la \u00a0investigaci\u00f3n \u00a0de C\u00facuta a\u00a0 una\u00a0 unidad especializada de Bogot\u00e1, la \u00a0indagatoria y ampliaci\u00f3n de la misma rendida por el procesado. \u00a0\u00a0<\/p>\n<p>En \u00a0tales condiciones, solicita que el cambio \u00a0de \u00a0 radicaci\u00f3n \u00a0del \u00a0proceso \u00a0se \u00a0ordene \u00a0al \u00a0distrito \u00a0judicial \u00a0de \u00a0Bogot\u00e1. \u00a0\u00a0<\/p>\n<p>CONSIDERACIONES \u00a0DE \u00a0LA \u00a0CORTE \u00a0\u00a0<\/p>\n<p>Por \u00a0tratarse \u00a0de \u00a0solicitud \u00a0de \u00a0cambio \u00a0de \u00a0radicaci\u00f3n \u00a0del \u00a0proceso \u00a0a \u00a0un \u00a0distrito \u00a0judicial diferente de aquel donde se \u00a0lleva \u00a0a \u00a0cabo \u00a0el \u00a0juzgamiento \u00a0del \u00a0procesado, \u00a0la \u00a0Sala \u00a0es \u00a0competente \u00a0para \u00a0pronunciarse \u00a0en \u00a0los \u00a0t\u00e9rminos del art\u00edculo 75-8 del c\u00f3digo de procedimiento \u00a0penal. \u00a0\u00a0<\/p>\n<p>El \u00a0instrumento \u00a0previsto \u00a0en el art\u00edculo 85 \u00a0ejusdem, \u00a0como motivo de excepci\u00f3n a los par\u00e1metros que regulan la competencia \u00a0por \u00a0el \u00a0factor \u00a0territorial, \u00a0resulta procedente, como se establece de la misma \u00a0preceptiva, \u00a0cuando quiera que en el lugar donde se debe adelantar la actuaci\u00f3n \u00a0se \u00a0presenten circunstancias que permitan suponer fundadamente que no se dan las \u00a0condiciones \u00a0necesarias \u00a0para el normal desarrollo del proceso, y no existe otro \u00a0medio \u00a0que \u00a0permita contrarrestar la situaci\u00f3n que afecta el orden p\u00fablico, la \u00a0imparcialidad \u00a0o \u00a0la \u00a0independencia \u00a0de \u00a0la \u00a0administraci\u00f3n \u00a0de \u00a0justicia, \u00a0las \u00a0garant\u00edas \u00a0procesales, la publicidad del juzgamiento, la seguridad o integridad \u00a0personal \u00a0 \u00a0de \u00a0 \u00a0los \u00a0 \u00a0sujetos \u00a0 \u00a0procesales \u00a0 \u00a0o \u00a0 \u00a0de \u00a0 \u00a0los \u00a0 \u00a0funcionarios \u00a0judiciales. \u00a0\u00a0<\/p>\n<p>En \u00a0el \u00a0evento que concita la atenci\u00f3n de la \u00a0Sala, \u00a0el \u00a0juez \u00a0de conocimiento aduce como motivo de remoci\u00f3n la circunstancia \u00a0de \u00a0haber \u00a0delatado \u00a0el \u00a0procesado \u00a0a \u00a0los \u00a0miembros \u00a0de su propia organizaci\u00f3n \u00a0subversiva, \u00a0para \u00a0lo \u00a0cual se apoya en la indagatoria y ampliaci\u00f3n de la misma \u00a0que \u00a0en \u00a0fotocopia anexa a la solicitud. Tal circunstancia conduce al juzgador a \u00a0temer \u00a0por \u00a0la \u00a0vida de los sujetos procesales y los funcionarios judiciales que \u00a0intervienen \u00a0en \u00a0la \u00a0actuaci\u00f3n, \u00a0dadas \u00a0especialmente \u00a0las condiciones de orden \u00a0p\u00fablico \u00a0por \u00a0las que atraviesa Saravena ante la presencia de grupos armados al \u00a0margen de la ley. \u00a0\u00a0<\/p>\n<p>En \u00a0la \u00a0regi\u00f3n \u00a0donde \u00a0debe \u00a0adelantarse \u00a0el \u00a0juzgamiento \u00a0del \u00a0procesado, \u00a0existe, \u00a0como \u00a0es \u00a0de p\u00fablico conocimiento, grave \u00a0alteraci\u00f3n \u00a0de \u00a0la \u00a0paz \u00a0y \u00a0tranquilidad \u00a0ciudadanas, \u00a0como tuvo oportunidad de \u00a0se\u00f1alarlo \u00a0esta \u00a0Sala al definir el cambio de radicaci\u00f3n dentro de otro asunto \u00a0que \u00a0 se \u00a0 tramitaba \u00a0 en \u00a0 el \u00a0 mismo \u00a0Juzgado \u00a0(Cfr. \u00a0auto de agosto 6 de 2002, Rad. 19586). \u00a0\u00a0<\/p>\n<p>No obstante lo anterior, seg\u00fan se infiere de \u00a0las \u00a0 copias \u00a0anexas \u00a0a \u00a0la \u00a0solicitud, \u00a0ning\u00fan \u00a0diligenciamiento \u00a0distinto \u00a0al \u00a0proferimiento \u00a0de \u00a0la \u00a0sentencia \u00a0anticipada se espera dentro de esta actuaci\u00f3n \u00a0que \u00a0se \u00a0adelanta \u00a0\u00fanicamente por el delito de rebeli\u00f3n, lo cual, desde luego, \u00a0no \u00a0comporta \u00a0ning\u00fan \u00a0riesgo para los sujetos procesales y los funcionarios que \u00a0intervienen \u00a0en el asunto, menos cuando la delaci\u00f3n no tiene ninguna incidencia \u00a0en este caso respecto a su seguridad e integridad personal. \u00a0\u00a0<\/p>\n<p>Seg\u00fan se estable de los documentos aportados \u00a0y \u00a0la \u00a0informaci\u00f3n \u00a0suministrada por el solicitante, TOBIAS GOMEZ delat\u00f3 en su \u00a0indagatoria \u00a0a \u00a0varios \u00a0de \u00a0los \u00a0integrantes \u00a0del \u00a0grupo \u00a0subversivo del cual ha \u00a0formado \u00a0parte. \u00a0Como \u00a0el \u00a0sindicado manifest\u00f3 su deseo de acogerse a sentencia \u00a0anticipada \u00a0por \u00a0el \u00a0delito de rebeli\u00f3n, la Fiscal\u00eda decret\u00f3 la ruptura de la \u00a0unidad\u00a0 \u00a0procesal, continuando la investigaci\u00f3n en su contra por el delito \u00a0de \u00a0tentativa \u00a0de homicidio con fines terroristas, y orden\u00f3 el env\u00edo de copias \u00a0del \u00a0diligenciamiento \u00a0para \u00a0que \u00a0el \u00a0Juzgado \u00a0promiscuo de circuito de Saravena \u00a0dictara sentencia anticipada. \u00a0\u00a0<\/p>\n<p>Es \u00a0en \u00a0desarrollo \u00a0de \u00a0este \u00a0tr\u00e1mite que el \u00a0juzgador \u00a0se \u00a0resiste \u00a0a \u00a0proferir \u00a0sentencia \u00a0anticipada, con fundamento en los \u00a0cargos formulados y libremente aceptados por el procesado. \u00a0\u00a0<\/p>\n<p>Si bien es cierto que TOBIAS GOMEZ suministr\u00f3 \u00a0informaci\u00f3n \u00a0concreta \u00a0acerca \u00a0de los integrantes del grupo armado que opera en \u00a0Saravena, \u00a0y que no es desconocida la grave alteraci\u00f3n del orden p\u00fablico en la \u00a0regi\u00f3n, \u00a0a juicio de la Sala estas circunstancias no tienen la potencialidad de \u00a0afectar \u00a0la \u00a0seguridad e integridad de los sujetos procesales y los funcionarios \u00a0en este caso concreto. \u00a0\u00a0<\/p>\n<p>El \u00a0imputado, de quien se podr\u00eda afirmar que \u00a0su \u00a0vida \u00a0e \u00a0integridad \u00a0corren \u00a0peligro \u00a0por raz\u00f3n de la delaci\u00f3n, acept\u00f3 el \u00a0cargo \u00a0por \u00a0rebeli\u00f3n y se encuentra privado de la libertad en un lugar distinto \u00a0a Saravena, y no tiene que ser trasladado para audiencia p\u00fablica. \u00a0\u00a0<\/p>\n<p>En lo tocante a los dem\u00e1s sujetos procesales, \u00a0no \u00a0existe necesidad de que acudan a las instalaciones del juzgado, pudiendo ser \u00a0notificados \u00a0de \u00a0la \u00a0sentencia \u00a0anticipada a trav\u00e9s de juez comisionado, con la \u00a0cual \u00a0 queda \u00a0garantizada \u00a0su \u00a0intervenci\u00f3n \u00a0en \u00a0el \u00a0proceso. \u00a0Y, \u00a0por \u00a0lo \u00a0que \u00a0corresponde \u00a0al \u00a0solicitante, \u00a0el \u00a0proferimiento \u00a0del \u00a0fallo no conlleva ning\u00fan \u00a0riesgo \u00a0para \u00a0su \u00a0seguridad, si se toma en cuenta que \u00fanicamente le corresponde \u00a0adoptar \u00a0una \u00a0determinaci\u00f3n \u00a0que no involucra a nadie distinto del procesado, y \u00a0con \u00a0 fundamento \u00a0 en \u00a0 la \u00a0 aceptaci\u00f3n \u00a0 que \u00a0 \u00e9ste \u00a0 hizo \u00a0 de \u00a0 su \u00a0 propia \u00a0responsabilidad. \u00a0\u00a0<\/p>\n<p>En \u00a0resumen, \u00a0si \u00a0bien \u00a0es evidente que en la \u00a0regi\u00f3n \u00a0donde \u00a0se \u00a0adelanta \u00a0el juzgamiento se encuentra afectado gravemente el \u00a0orden \u00a0p\u00fablico, \u00a0en \u00a0raz\u00f3n a la presencia permanente de grupos insurgentes, el \u00a0proferimiento \u00a0de la sentencia anticipada ning\u00fan riesgo comporta en este evento \u00a0para \u00a0el \u00a0solicitante, \u00a0y \u00a0menos \u00a0para \u00a0los dem\u00e1s intervinientes en el proceso, \u00a0m\u00e1xime \u00a0cuando \u00a0el \u00a0motivo \u00a0concreto \u00a0en \u00a0que apoya la solicitud (la delaci\u00f3n) \u00a0ninguna \u00a0incidencia \u00a0concreta \u00a0tiene \u00a0en \u00a0el \u00a0tr\u00e1mite \u00a0de este asunto, como s\u00ed \u00a0podr\u00eda \u00a0tenerla \u00a0dentro \u00a0de \u00a0la \u00a0investigaci\u00f3n \u00a0que \u00a0se \u00a0adelanta \u00a0contra \u00a0los \u00a0restantes integrantes de la organizaci\u00f3n guerrillera. \u00a0\u00a0<\/p>\n<p>La \u00a0solicitud del Juez promiscuo del circuito \u00a0de \u00a0Saravena, \u00a0entonces, \u00a0debe ser resuelta negativamente, pues la situaci\u00f3n de \u00a0hecho \u00a0planteada por \u00e9l no se ajusta a ninguna de las causales contenidas en el \u00a0art\u00edculo \u00a085 \u00a0del \u00a0c\u00f3digo \u00a0de \u00a0procedimiento \u00a0penal \u00a0para ordenar el cambio de \u00a0radicaci\u00f3n del proceso. \u00a0\u00a0<\/p>\n<p>Por lo expuesto, la CORTE SUPREMA DE JUSTICIA, \u00a0SALA DE CASACION PENAL, \u00a0\u00a0<\/p>\n<p>RESUELVE: \u00a0<\/p>\n<p>Negar el cambio de radicaci\u00f3n del proceso que \u00a0se adelanta contra TOBIAS GOMEZ por el delito de rebeli\u00f3n. \u00a0\u00a0<\/p>\n<p>Comun\u00edquese \u00a0 esta \u00a0decisi\u00f3n \u00a0al \u00a0Juzgado \u00a0promiscuo del circuito de Saravena. \u00a0\u00a0<\/p>\n<p>CUMPLASE. \u00a0<\/p>\n<p>YESID RAMIREZ BASTIDAS \u00a0<\/p>\n<p>FERNANDO \u00a0 \u00a0 \u00a0 \u00a0E. \u00a0 \u00a0 \u00a0 ARBOLEDA \u00a0RIPOLL\u00a0\u00a0\u00a0\u00a0\u00a0\u00a0\u00a0\u00a0\u00a0\u00a0 \u00a0HERMAN GALAN \u00a0CASTELLANOS \u00a0\u00a0<\/p>\n<p>CARLOS \u00a0 \u00a0 \u00a0 \u00a0 A. \u00a0 \u00a0 \u00a0 \u00a0GALVEZ \u00a0ARGOTE\u00a0\u00a0\u00a0\u00a0\u00a0\u00a0\u00a0\u00a0\u00a0\u00a0\u00a0\u00a0\u00a0\u00a0\u00a0\u00a0\u00a0\u00a0\u00a0\u00a0\u00a0\u00a0\u00a0\u00a0\u00a0\u00a0 \u00a0JORGE A. GOMEZ GALLEGO \u00a0\u00a0<\/p>\n<p>EDGAR \u00a0 \u00a0 \u00a0 \u00a0 \u00a0 \u00a0LOMBANA \u00a0TRUJILLO\u00a0\u00a0\u00a0\u00a0\u00a0\u00a0\u00a0\u00a0\u00a0\u00a0\u00a0\u00a0\u00a0\u00a0\u00a0\u00a0\u00a0\u00a0\u00a0\u00a0\u00a0\u00a0\u00a0\u00a0\u00a0\u00a0 \u00a0ALVARO O. PEREZ PINZON \u00a0\u00a0<\/p>\n<p>MARINA \u00a0 \u00a0 \u00a0 \u00a0 PULIDO \u00a0 \u00a0 \u00a0 \u00a0DE \u00a0BARON\u00a0\u00a0\u00a0\u00a0\u00a0\u00a0\u00a0\u00a0\u00a0\u00a0\u00a0\u00a0\u00a0\u00a0\u00a0\u00a0\u00a0\u00a0\u00a0\u00a0 \u00a0JORGE L. QUINTERO MILANES \u00a0\u00a0<\/p>\n<p>Permiso \u00a0<\/p>\n<p>TERESA RUIZ NU\u00d1EZ \u00a0<\/p>\n<p>Secretaria \u00a0 \u00a0<\/p>\n<p><\/p>\n","protected":false},"excerpt":{"rendered":"<p>\u00a0 \u00a0 Proceso No 20565 \u00a0 CORTE SUPREMA DE JUSTICIA \u00a0 SALA DE CASACION PENAL \u00a0 Magistrado ponente: \u00a0 Dr. \u00a0FERNANDO \u00a0E. \u00a0ARBOLEDA RIPOLL \u00a0\u00a0 Aprobado acta No. 35. \u00a0 Bogot\u00e1 \u00a0D.C., dieciocho (18) de marzo de dos \u00a0mil tres (2003). \u00a0\u00a0 Decide de plano la Sala la solicitud de cambio \u00a0de \u00a0radicaci\u00f3n \u00a0de \u00a0la [&hellip;]<\/p>\n","protected":false},"author":1,"featured_media":0,"comment_status":"open","ping_status":"open","sticky":false,"template":"","format":"standard","meta":{"footnotes":""},"categories":[11],"tags":[],"class_list":["post-7672","post","type-post","status-publish","format-standard","hentry","category-11"],"_links":{"self":[{"href":"https:\/\/dmsjuridica.com\/buscador_20179478954\/salapenalcronologico20230723\/wp-json\/wp\/v2\/posts\/7672","targetHints":{"allow":["GET"]}}],"collection":[{"href":"https:\/\/dmsjuridica.com\/buscador_20179478954\/salapenalcronologico20230723\/wp-json\/wp\/v2\/posts"}],"about":[{"href":"https:\/\/dmsjuridica.com\/buscador_20179478954\/salapenalcronologico20230723\/wp-json\/wp\/v2\/types\/post"}],"author":[{"embeddable":true,"href":"https:\/\/dmsjuridica.com\/buscador_20179478954\/salapenalcronologico20230723\/wp-json\/wp\/v2\/users\/1"}],"replies":[{"embeddable":true,"href":"https:\/\/dmsjuridica.com\/buscador_20179478954\/salapenalcronologico20230723\/wp-json\/wp\/v2\/comments?post=7672"}],"version-history":[{"count":0,"href":"https:\/\/dmsjuridica.com\/buscador_20179478954\/salapenalcronologico20230723\/wp-json\/wp\/v2\/posts\/7672\/revisions"}],"wp:attachment":[{"href":"https:\/\/dmsjuridica.com\/buscador_20179478954\/salapenalcronologico20230723\/wp-json\/wp\/v2\/media?parent=7672"}],"wp:term":[{"taxonomy":"category","embeddable":true,"href":"https:\/\/dmsjuridica.com\/buscador_20179478954\/salapenalcronologico20230723\/wp-json\/wp\/v2\/categories?post=7672"},{"taxonomy":"post_tag","embeddable":true,"href":"https:\/\/dmsjuridica.com\/buscador_20179478954\/salapenalcronologico20230723\/wp-json\/wp\/v2\/tags?post=7672"}],"curies":[{"name":"wp","href":"https:\/\/api.w.org\/{rel}","templated":true}]}}