{"id":76686,"date":"2024-04-24T20:20:55","date_gmt":"2024-04-24T20:20:55","guid":{"rendered":"https:\/\/dmsjuridica.com\/buscador_20179478954\/salapenalcronologico20230723\/2024\/04\/24\/ap1930-202465307\/"},"modified":"2024-04-24T20:20:55","modified_gmt":"2024-04-24T20:20:55","slug":"ap1930-202465307","status":"publish","type":"post","link":"https:\/\/dmsjuridica.com\/buscador_20179478954\/salapenalcronologico20230723\/2024\/04\/24\/ap1930-202465307\/","title":{"rendered":"AP1930-2024(65307)"},"content":{"rendered":"\n<p>\u00a0 \u00a0 \u00a0 CUI 11001600025320068000204 \u00a0 \u00a0 \u00a0 \u00a0 \u00a0<\/p>\n<p>N.I. 65307 \u00a0 \u00a0 \u00a0 \u00a0 \u00a0<\/p>\n<p>Segunda Instancia Justicia y \u00a0 \u00a0 \u00a0 \u00a0 \u00a0Paz \u00a0 \u00a0 \u00a0 \u00a0 \u00a0<\/p>\n<p>Jhon Fredy Gallo Bedoya \u00a0 \u00a0 \u00a0 \u00a0 \u00a0<\/p>\n<p>\u00a0 \u00a0\u00a0<\/p>\n<p>GERSON \u00a0 \u00a0 \u00a0 \u00a0 \u00a0CHAVERRA CASTRO \u00a0 \u00a0 \u00a0 \u00a0 \u00a0<\/p>\n<p>Magistrado \u00a0 \u00a0 \u00a0 \u00a0 \u00a0ponente \u00a0 \u00a0 \u00a0 \u00a0 \u00a0<\/p>\n<p>\u00a0\u00a0 \u00a0 \u00a0 \u00a0 \u00a0<\/p>\n<p>AP1930-2024 \u00a0 \u00a0 \u00a0 \u00a0 \u00a0<\/p>\n<p>Radicaci\u00f3n \u00a0 \u00a0 \u00a0 \u00a0 \u00a0n\u00b0 65307 \u00a0 \u00a0 \u00a0 \u00a0 \u00a0<\/p>\n<p>Acta \u00a0 \u00a0 \u00a0 \u00a0 \u00a0No. 064 \u00a0 \u00a0 \u00a0 \u00a0 \u00a0<\/p>\n<p>\u00a0\u00a0 \u00a0 \u00a0 \u00a0 \u00a0<\/p>\n<p>\u00a0\u00a0 \u00a0 \u00a0 \u00a0 \u00a0<\/p>\n<p>Bogot\u00e1, \u00a0 \u00a0 \u00a0 \u00a0 \u00a0D.C., veinte (20) de marzo de dos mil veinticuatro (2024). \u00a0 \u00a0 \u00a0 \u00a0 \u00a0<\/p>\n<p>\u00a0\u00a0 \u00a0 \u00a0 \u00a0 \u00a0<\/p>\n<p>ASUNTO \u00a0 \u00a0 \u00a0 \u00a0 \u00a0<\/p>\n<p>\u00a0\u00a0 \u00a0 \u00a0 \u00a0 \u00a0<\/p>\n<p>La \u00a0 \u00a0 \u00a0 \u00a0 \u00a0Sala se pronuncia sobre el \u00a0 \u00a0 \u00a0 \u00a0 \u00a0recurso de apelaci\u00f3n interpuesto por el apoderado de Fanny \u00a0 \u00a0 \u00a0 \u00a0 \u00a0Mart\u00ednez de Fern\u00e1ndez, en su calidad de incidentante, \u00a0 \u00a0 \u00a0 \u00a0 \u00a0contra la decisi\u00f3n del 1\u00ba de noviembre de 2023, emitida \u00a0 \u00a0 \u00a0 \u00a0 \u00a0por un Magistrado de Control de Garant\u00edas de Justicia y Paz \u00a0 \u00a0 \u00a0 \u00a0 \u00a0de Medell\u00edn, por cuyo medio resolvi\u00f3 no levantar las \u00a0 \u00a0 \u00a0 \u00a0 \u00a0medidas de embargo, secuestro y suspensi\u00f3n del poder \u00a0 \u00a0 \u00a0 \u00a0 \u00a0dispositivo que recaen sobre el inmueble identificado con matr\u00edcula \u00a0 \u00a0 \u00a0 \u00a0 \u00a0inmobiliaria 088-10614, ubicado en el municipio de Puerto Boyac\u00e1, \u00a0 \u00a0 \u00a0 \u00a0 \u00a0dentro del proceso que se sigue en contra de Jhon \u00a0 \u00a0 \u00a0 \u00a0 \u00a0Fredy Gallo Bedoya. \u00a0 \u00a0 \u00a0 \u00a0 \u00a0<\/p>\n<p>ANTECEDENTES \u00a0 \u00a0 \u00a0 \u00a0 \u00a0<\/p>\n<p>\u00a0\u00a0 \u00a0 \u00a0 \u00a0 \u00a0<\/p>\n<p>1. \u00a0 \u00a0 \u00a0 \u00a0 \u00a0El 5 de marzo de 20211, \u00a0 \u00a0 \u00a0 \u00a0 \u00a0una Magistrada con funci\u00f3n de Control de Garant\u00edas del \u00a0 \u00a0 \u00a0 \u00a0 \u00a0Tribunal Superior de Bucaramanga, impuso las medidas cautelares de \u00a0 \u00a0 \u00a0 \u00a0 \u00a0suspensi\u00f3n del poder dispositivo de dominio, embargo y \u00a0 \u00a0 \u00a0 \u00a0 \u00a0secuestro sobre el inmueble identificado con la matr\u00edcula \u00a0 \u00a0 \u00a0 \u00a0 \u00a0inmobiliaria 088-10614, \u00a0 \u00a0 \u00a0 \u00a0 \u00a0ubicado en la calle 12 No. 4-39, Municipio de Puerto Boyac\u00e1, \u00a0 \u00a0 \u00a0 \u00a0 \u00a0Boyac\u00e1, registrado a nombre de Fanny Mart\u00ednez de \u00a0 \u00a0 \u00a0 \u00a0 \u00a0Fern\u00e1ndez. \u00a0 \u00a0 \u00a0 \u00a0 \u00a0<\/p>\n<p>\u00a0\u00a0 \u00a0 \u00a0 \u00a0 \u00a0<\/p>\n<p>\u00a0\u00a0 \u00a0 \u00a0 \u00a0 \u00a0<\/p>\n<p>PROVIDENCIA \u00a0 \u00a0 \u00a0 \u00a0 \u00a0IMPUGNADA \u00a0 \u00a0 \u00a0 \u00a0 \u00a0<\/p>\n<p>\u00a0\u00a0 \u00a0 \u00a0 \u00a0 \u00a0<\/p>\n<p>El \u00a0 \u00a0 \u00a0 \u00a0 \u00a0a \u00a0 \u00a0 \u00a0 \u00a0 \u00a0quo, \u00a0 \u00a0 \u00a0 \u00a0 \u00a0luego de referir la posibilidad de imponer medidas cautelares, no \u00a0 \u00a0 \u00a0 \u00a0 \u00a0solo a bienes entregados, ofrecidos o denunciados por los \u00a0 \u00a0 \u00a0 \u00a0 \u00a0postulados, sino a aquellos que la Fiscal\u00eda identifique, por \u00a0 \u00a0 \u00a0 \u00a0 \u00a0v\u00eda de inferencia razonable, que pertenecen a la organizaci\u00f3n \u00a0 \u00a0 \u00a0 \u00a0 \u00a0ilegal o a alguno de sus integrantes, como ocurri\u00f3 respecto \u00a0 \u00a0 \u00a0 \u00a0 \u00a0del bien que ac\u00e1 se demanda; descart\u00f3 la procedencia \u00a0 \u00a0 \u00a0 \u00a0 \u00a0de la solicitud levantamiento elevada a nombre de Fanny Mart\u00ednez \u00a0 \u00a0 \u00a0 \u00a0 \u00a0de Fern\u00e1ndez \u00a0 \u00a0 \u00a0 \u00a0 \u00a0<\/p>\n<p>\u00a0\u00a0 \u00a0 \u00a0 \u00a0 \u00a0<\/p>\n<p>En \u00a0 \u00a0 \u00a0 \u00a0 \u00a0efecto, sostuvo la Magistratura que la Fiscal\u00eda logr\u00f3 \u00a0 \u00a0 \u00a0 \u00a0 \u00a0deducir con la informaci\u00f3n recaudada que el bien con \u00a0 \u00a0 \u00a0 \u00a0 \u00a0matr\u00edcula inmobiliaria 088-10614, \u00a0 \u00a0 \u00a0 \u00a0 \u00a0ten\u00eda un v\u00ednculo con Jhon Fredy Gallo Bedoya, lo cual, \u00a0 \u00a0 \u00a0 \u00a0 \u00a0fue fundamento esencial para que la Magistratura con funci\u00f3n \u00a0 \u00a0 \u00a0 \u00a0 \u00a0de Control de Garant\u00edas dispusiera medidas cautelares, lo \u00a0 \u00a0 \u00a0 \u00a0 \u00a0cual hizo, en audiencia reservada, conforme con los lineamientos de \u00a0 \u00a0 \u00a0 \u00a0 \u00a0la Ley 975 de 2005. \u00a0 \u00a0 \u00a0 \u00a0 \u00a0<\/p>\n<p>\u00a0\u00a0 \u00a0 \u00a0 \u00a0 \u00a0<\/p>\n<p>Ahora, \u00a0 \u00a0 \u00a0 \u00a0 \u00a0que siendo en consecuencia el incidente de oposici\u00f3n de \u00a0 \u00a0 \u00a0 \u00a0 \u00a0terceros, regulado en el art\u00edculo 17C de dicha normatividad, \u00a0 \u00a0 \u00a0 \u00a0 \u00a0para acceder a una solicitud como la invocada es necesario que la \u00a0 \u00a0 \u00a0 \u00a0 \u00a0parte interesada en el levantamiento de la cautela acredite su buena \u00a0 \u00a0 \u00a0 \u00a0 \u00a0fe exenta de culpa en la adquisici\u00f3n del bien, que se hizo de \u00a0 \u00a0 \u00a0 \u00a0 \u00a0forma trasparente y con recursos l\u00edcitos, postulado que no se \u00a0 \u00a0 \u00a0 \u00a0 \u00a0verificaba en este procedimiento. \u00a0 \u00a0 \u00a0 \u00a0 \u00a0<\/p>\n<p>\u00a0\u00a0 \u00a0 \u00a0 \u00a0 \u00a0<\/p>\n<p>Sobre \u00a0 \u00a0 \u00a0 \u00a0 \u00a0el particular, explic\u00f3 el Magistrado con Funci\u00f3n de \u00a0 \u00a0 \u00a0 \u00a0 \u00a0Control de Garant\u00edas, que el bien reclamado fue adquirido por \u00a0 \u00a0 \u00a0 \u00a0 \u00a0Fanny Mart\u00ednez de Fern\u00e1ndez, a trav\u00e9s de \u00a0 \u00a0 \u00a0 \u00a0 \u00a0Escritura Publica 827 del 4 de noviembre de 2003 de la Notar\u00eda \u00a0 \u00a0 \u00a0 \u00a0 \u00a0\u00danica de Puerto Boyac\u00e1 &#8211; Boyac\u00e1, por compra que \u00a0 \u00a0 \u00a0 \u00a0 \u00a0hizo a Aura In\u00e9s Bedoya de Gallo, por la suma de $6,600,000; \u00a0 \u00a0 \u00a0 \u00a0 \u00a0persona que, a su vez, lo adquiri\u00f3 con Escritura P\u00fablica \u00a0 \u00a0 \u00a0 \u00a0 \u00a0109 del 20 de febrero de 2003 de la Notaria \u00danica de Puerto \u00a0 \u00a0 \u00a0 \u00a0 \u00a0Boyac\u00e1 &#8211; Boyaca16, por compra que hizo a \u00c1ngela \u00a0 \u00a0 \u00a0 \u00a0 \u00a0Patricia Tique T\u00e9llez, por la suma de $6,300,000. \u00a0 \u00a0 \u00a0 \u00a0 \u00a0<\/p>\n<p>\u00a0\u00a0 \u00a0 \u00a0 \u00a0 \u00a0<\/p>\n<p>Personas \u00a0 \u00a0 \u00a0 \u00a0 \u00a0que son importantes en la tradici\u00f3n del predio, porque, la \u00a0 \u00a0 \u00a0 \u00a0 \u00a0primera, fue compa\u00f1era permanente de Jhon \u00a0 \u00a0 \u00a0 \u00a0 \u00a0Fredy Gallo Bedoya \u00a0 \u00a0 \u00a0 \u00a0 \u00a0-comandante \u00a0 \u00a0 \u00a0 \u00a0 \u00a0paramilitar de las autodefensas del Magdalena Medio, con accionar en \u00a0 \u00a0 \u00a0 \u00a0 \u00a0el Municipio de Puerto Boyac\u00e1 &#8211; \u00a0 \u00a0 \u00a0 \u00a0 \u00a0y, la segunda, madre de aqu\u00e9l. \u00a0 \u00a0 \u00a0 \u00a0 \u00a0<\/p>\n<p>\u00a0\u00a0 \u00a0 \u00a0 \u00a0 \u00a0<\/p>\n<p>As\u00ed, \u00a0 \u00a0 \u00a0 \u00a0 \u00a0sobre la relaci\u00f3n de \u00c1ngela Patricia Tique, destac\u00f3 \u00a0 \u00a0 \u00a0 \u00a0 \u00a0que \u00e9sta, en su declaraci\u00f3n del 7 de octubre de 2020, \u00a0 \u00a0 \u00a0 \u00a0 \u00a0reconoci\u00f3 su v\u00ednculo sentimental con Gallo \u00a0 \u00a0 \u00a0 \u00a0 \u00a0Bedoya, \u00a0 \u00a0 \u00a0 \u00a0 \u00a0desde el a\u00f1o 1998 al a\u00f1o 2022, al igual, que producto \u00a0 \u00a0 \u00a0 \u00a0 \u00a0de \u00e9sta fueron padres de dos hijos. \u00a0 \u00a0 \u00a0 \u00a0 \u00a0<\/p>\n<p>\u00a0\u00a0 \u00a0 \u00a0 \u00a0 \u00a0<\/p>\n<p>Y \u00a0 \u00a0 \u00a0 \u00a0 \u00a0precis\u00f3 que, aun cuando es cierto en la cadena de tradiciones \u00a0 \u00a0 \u00a0 \u00a0 \u00a0no se registr\u00f3 a Jhon \u00a0 \u00a0 \u00a0 \u00a0 \u00a0Fredy Gallo Bedoya, es \u00a0 \u00a0 \u00a0 \u00a0 \u00a0normal que quien anda en la ilegalidad, no ponga bienes a su nombre \u00a0 \u00a0 \u00a0 \u00a0 \u00a0y acuda a familiares o terceras personas de su confianza para \u00a0 \u00a0 \u00a0 \u00a0 \u00a0ponerlos a su nombre, condiciones que, evidentemente, \u00c1ngela \u00a0 \u00a0 \u00a0 \u00a0 \u00a0Patricia Tique y Aura In\u00e9s Bedoya de Gallo, cumplen, conforme \u00a0 \u00a0 \u00a0 \u00a0 \u00a0con los referidos lazos que los atan. \u00a0 \u00a0 \u00a0 \u00a0 \u00a0<\/p>\n<p>\u00a0\u00a0 \u00a0 \u00a0 \u00a0 \u00a0<\/p>\n<p>As\u00ed \u00a0 \u00a0 \u00a0 \u00a0 \u00a0las cosas, se ocup\u00f3 de analizar si Fanny Mart\u00ednez de \u00a0 \u00a0 \u00a0 \u00a0 \u00a0Fern\u00e1ndez actu\u00f3 con buena fe exenta de culpa, \u00a0 \u00a0 \u00a0 \u00a0 \u00a0conclusi\u00f3n que descart\u00f3 a partir de la pr\u00e1ctica \u00a0 \u00a0 \u00a0 \u00a0 \u00a0probatoria desarrollada en el incidente. \u00a0 \u00a0 \u00a0 \u00a0 \u00a0<\/p>\n<p>As\u00ed, \u00a0 \u00a0 \u00a0 \u00a0 \u00a0refiri\u00f3 la sentencia CC C330-2016, para sostener que la buena \u00a0 \u00a0 \u00a0 \u00a0 \u00a0fe requiere conciencia y certeza de: (i) adquirir el derecho de \u00a0 \u00a0 \u00a0 \u00a0 \u00a0quien es leg\u00edtimo due\u00f1o; (ii) que en la negociaci\u00f3n \u00a0 \u00a0 \u00a0 \u00a0 \u00a0se actu\u00f3 con prudencia y diligencia que hicieran imposible \u00a0 \u00a0 \u00a0 \u00a0 \u00a0descubrir el verdadero origen del derecho adquirido; y (iii) que la \u00a0 \u00a0 \u00a0 \u00a0 \u00a0adquisici\u00f3n se realice conforme a las condiciones exigidas \u00a0 \u00a0 \u00a0 \u00a0 \u00a0por la ley. \u00a0 \u00a0 \u00a0 \u00a0 \u00a0<\/p>\n<p>\u00a0\u00a0 \u00a0 \u00a0 \u00a0 \u00a0<\/p>\n<p>Aspectos \u00a0 \u00a0 \u00a0 \u00a0 \u00a0que no verific\u00f3 totalmente satisfechos, en la medida que, si \u00a0 \u00a0 \u00a0 \u00a0 \u00a0bien se puede estimar que la incidentante ten\u00eda los recursos \u00a0 \u00a0 \u00a0 \u00a0 \u00a0econ\u00f3micos para adquirir el inmueble, es decir, se presume \u00a0 \u00a0 \u00a0 \u00a0 \u00a0que la negociaci\u00f3n se realiz\u00f3 con dineros l\u00edcitos, \u00a0 \u00a0 \u00a0 \u00a0 \u00a0lo cierto es que no actu\u00f3 con una diligencia m\u00ednima en \u00a0 \u00a0 \u00a0 \u00a0 \u00a0el desarrollo de compraventa que le facilitara conocer que \u00c1ngela \u00a0 \u00a0 \u00a0 \u00a0 \u00a0Patricia Tique T\u00e9llez y Aura In\u00e9s Bedoya de Gallo \u00a0 \u00a0 \u00a0 \u00a0 \u00a0-personas \u00a0 \u00a0 \u00a0 \u00a0 \u00a0a las que les figur\u00f3 el bien- \u00a0 \u00a0 \u00a0 \u00a0 \u00a0eran la ex compa\u00f1era y progenitora de un comandante \u00a0 \u00a0 \u00a0 \u00a0 \u00a0paramilitar que operaba en la zona, y con ello, darse cuenta del \u00a0 \u00a0 \u00a0 \u00a0 \u00a0verdadero origen del inmueble. \u00a0 \u00a0 \u00a0 \u00a0 \u00a0<\/p>\n<p>\u00a0\u00a0 \u00a0 \u00a0 \u00a0 \u00a0<\/p>\n<p>Manifest\u00f3 \u00a0 \u00a0 \u00a0 \u00a0 \u00a0el Magistrado que el esfuerzo desplegado por el apoderado de la \u00a0 \u00a0 \u00a0 \u00a0 \u00a0incidentante, estuvo orientado a demostrar el origen l\u00edcito \u00a0 \u00a0 \u00a0 \u00a0 \u00a0de los recursos empleados en la compraventa, pero no se ocup\u00f3 \u00a0 \u00a0 \u00a0 \u00a0 \u00a0de dejar en evidencia la diligencia con la que actu\u00f3 aquella \u00a0 \u00a0 \u00a0 \u00a0 \u00a0en la adquisici\u00f3n de la casa. \u00a0 \u00a0 \u00a0 \u00a0 \u00a0<\/p>\n<p>\u00a0\u00a0 \u00a0 \u00a0 \u00a0 \u00a0<\/p>\n<p>En \u00a0 \u00a0 \u00a0 \u00a0 \u00a0esa senda, destac\u00f3 que no revel\u00f3 un acto desplegado \u00a0 \u00a0 \u00a0 \u00a0 \u00a0por la compradora destinado a conocer el origen de \u00e9l y su \u00a0 \u00a0 \u00a0 \u00a0 \u00a0relaci\u00f3n con la organizaci\u00f3n al margen de la ley, a \u00a0 \u00a0 \u00a0 \u00a0 \u00a0pesar de que Fanny Mart\u00ednez conoc\u00eda la situaci\u00f3n \u00a0 \u00a0 \u00a0 \u00a0 \u00a0de orden p\u00fablico en el municipio de Puerto Boyac\u00e1. \u00a0 \u00a0 \u00a0 \u00a0 \u00a0Hizo hincapi\u00e9, en que fue la misma interesada la que revel\u00f3 \u00a0 \u00a0 \u00a0 \u00a0 \u00a0que no adelant\u00f3 ninguna acci\u00f3n a fin de identificar el \u00a0 \u00a0 \u00a0 \u00a0 \u00a0origen del bien, pues, de forma expresa, descart\u00f3 la \u00a0 \u00a0 \u00a0 \u00a0 \u00a0realizaci\u00f3n de indagaciones sobre aquel, as\u00ed, cit\u00f3 \u00a0 \u00a0 \u00a0 \u00a0 \u00a0sus palabras: \u00abNo, \u00a0 \u00a0 \u00a0 \u00a0 \u00a0pues yo tengo las escrituras anteriores a m\u00ed me gusta tener \u00a0 \u00a0 \u00a0 \u00a0 \u00a0las escrituras antiguas de las casas que compro. Yo por las personas \u00a0 \u00a0 \u00a0 \u00a0 \u00a0no pregunte porque como voy a ir a una casa a decir qui\u00e9n es \u00a0 \u00a0 \u00a0 \u00a0 \u00a0su pap\u00e1 o su mam\u00e1, pues no. De las se\u00f1oras que \u00a0 \u00a0 \u00a0 \u00a0 \u00a0ten\u00edan la casa&#8230; pues ped\u00ed el certificado de \u00a0 \u00a0 \u00a0 \u00a0 \u00a0tradici\u00f3n y libertad.\u00bb \u00a0 \u00a0 \u00a0 \u00a0 \u00a0<\/p>\n<p>\u00a0\u00a0 \u00a0 \u00a0 \u00a0 \u00a0<\/p>\n<p>A \u00a0 \u00a0 \u00a0 \u00a0 \u00a0lo que agreg\u00f3, que en t\u00e9rminos de la jurisprudencia, \u00a0 \u00a0 \u00a0 \u00a0 \u00a0la diferencia de precio entre lo que se afirma fue pagado y lo que \u00a0 \u00a0 \u00a0 \u00a0 \u00a0se consign\u00f3 en la escritura, es un elemento que conspira en \u00a0 \u00a0 \u00a0 \u00a0 \u00a0contra de la buena fe exenta de culpa, pues, ello, lo que deja \u00a0 \u00a0 \u00a0 \u00a0 \u00a0expuesto es un obrar desleal que no puede servir para acreditar un \u00a0 \u00a0 \u00a0 \u00a0 \u00a0actuar que precisamente, requiere de ello. \u00a0 \u00a0 \u00a0 \u00a0 \u00a0<\/p>\n<p>\u00a0\u00a0 \u00a0 \u00a0 \u00a0 \u00a0<\/p>\n<p>En \u00a0 \u00a0 \u00a0 \u00a0 \u00a0consecuencia, no orden\u00f3 el levantamiento de las medidas de \u00a0 \u00a0 \u00a0 \u00a0 \u00a0embargo, secuestro y suspensi\u00f3n del poder dispositivo que \u00a0 \u00a0 \u00a0 \u00a0 \u00a0recaen en el inmueble con matr\u00edcula inmobiliaria 088-10614. \u00a0 \u00a0 \u00a0 \u00a0 \u00a0<\/p>\n<p>LA \u00a0 \u00a0 \u00a0 \u00a0 \u00a0IMPUGNACI\u00d3N \u00a0 \u00a0 \u00a0 \u00a0 \u00a0<\/p>\n<p>\u00a0\u00a0 \u00a0 \u00a0 \u00a0 \u00a0<\/p>\n<p>El \u00a0 \u00a0 \u00a0 \u00a0 \u00a0apoderado de la incidentannte, insisti\u00f3 en que Fanny Mart\u00ednez \u00a0 \u00a0 \u00a0 \u00a0 \u00a0de Fern\u00e1ndez, con la escritura p\u00fablica 827 del 4 de \u00a0 \u00a0 \u00a0 \u00a0 \u00a0noviembre del 2003, compr\u00f3 de forma leg\u00edtima el bien \u00a0 \u00a0 \u00a0 \u00a0 \u00a0de Aura In\u00e9s Bedoya de Gallo, quien a su vez lo adquiri\u00f3 \u00a0 \u00a0 \u00a0 \u00a0 \u00a0de \u00c1ngela Patricia Tique T\u00e9llez, pues la relaci\u00f3n \u00a0 \u00a0 \u00a0 \u00a0 \u00a0familiar de estas con Freddy \u00a0 \u00a0 \u00a0 \u00a0 \u00a0Gallo Bedoya, \u00a0 \u00a0 \u00a0 \u00a0 \u00a0le era absolutamente desconocida. \u00a0 \u00a0 \u00a0 \u00a0 \u00a0<\/p>\n<p>\u00a0\u00a0 \u00a0 \u00a0 \u00a0 \u00a0<\/p>\n<p>Llam\u00f3 \u00a0 \u00a0 \u00a0 \u00a0 \u00a0la atenci\u00f3n en que su representada, es una mujer de 73 a\u00f1os \u00a0 \u00a0 \u00a0 \u00a0 \u00a0de edad, con m\u00e1s de 40 a\u00f1os de vivir en el municipio \u00a0 \u00a0 \u00a0 \u00a0 \u00a0de Puerto Boyac\u00e1, de origen humilde y que se dedic\u00f3 a \u00a0 \u00a0 \u00a0 \u00a0 \u00a0actividades informales, como lavarropas, venta de alimentos y ahora, \u00a0 \u00a0 \u00a0 \u00a0 \u00a0estilista, haciendo eco que donde actualmente tiene su vivienda es \u00a0 \u00a0 \u00a0 \u00a0 \u00a0el bien reclamado, en el cual, dispuso su lugar de trabajo; mismo \u00a0 \u00a0 \u00a0 \u00a0 \u00a0que reitera, fue adquiri\u00f3 con producto de sus ahorros, \u00a0 \u00a0 \u00a0 \u00a0 \u00a0incluso, de la actividad de compra y venta de bienes. \u00a0 \u00a0 \u00a0 \u00a0 \u00a0<\/p>\n<p>\u00a0\u00a0 \u00a0 \u00a0 \u00a0 \u00a0<\/p>\n<p>Afirm\u00f3 \u00a0 \u00a0 \u00a0 \u00a0 \u00a0que a Fanny Mart\u00ednez de Fern\u00e1ndez, se le quiere \u00a0 \u00a0 \u00a0 \u00a0 \u00a0despojar de su leg\u00edtimo derecho para la reparaci\u00f3n de \u00a0 \u00a0 \u00a0 \u00a0 \u00a0v\u00edctimas del conflicto armado, sin embargo, actuar de esa \u00a0 \u00a0 \u00a0 \u00a0 \u00a0forma, es convertirla en otra v\u00edctima del conflicto, pues se \u00a0 \u00a0 \u00a0 \u00a0 \u00a0le victimiza para reparar a las v\u00edctimas; por lo que, \u00a0 \u00a0 \u00a0 \u00a0 \u00a0sostuvo, si en \u00e9poca del conflicto armado no result\u00f3 \u00a0 \u00a0 \u00a0 \u00a0 \u00a0lesionada en sus derechos, es ahora, la administraci\u00f3n de \u00a0 \u00a0 \u00a0 \u00a0 \u00a0justicia la que los compromete al despojarla del fruto de sus \u00a0 \u00a0 \u00a0 \u00a0 \u00a0esfuerzos. \u00a0 \u00a0 \u00a0 \u00a0 \u00a0<\/p>\n<p>\u00a0\u00a0 \u00a0 \u00a0 \u00a0 \u00a0<\/p>\n<p>Refiri\u00f3 \u00a0 \u00a0 \u00a0 \u00a0 \u00a0que la operaci\u00f3n jur\u00eddica realizada por Fanny Mart\u00ednez \u00a0 \u00a0 \u00a0 \u00a0 \u00a0fue realizada con el debido cuidado, ya que acudi\u00f3 al \u00a0 \u00a0 \u00a0 \u00a0 \u00a0instrumento al que recurren todos los habitantes de este pa\u00eds \u00a0 \u00a0 \u00a0 \u00a0 \u00a0cuando van a ejecutar una operaci\u00f3n jur\u00eddica que \u00a0 \u00a0 \u00a0 \u00a0 \u00a0implica bienes inmuebles, esto es, el certificado de libertad y \u00a0 \u00a0 \u00a0 \u00a0 \u00a0tradici\u00f3n, el cual, le permiti\u00f3 conocer, como lo hizo \u00a0 \u00a0 \u00a0 \u00a0 \u00a0en todas sus operaciones comerciales, que el inmueble estaba libre \u00a0 \u00a0 \u00a0 \u00a0 \u00a0de limitaciones. \u00a0 \u00a0 \u00a0 \u00a0 \u00a0<\/p>\n<p>\u00a0\u00a0 \u00a0 \u00a0 \u00a0 \u00a0<\/p>\n<p>Al \u00a0 \u00a0 \u00a0 \u00a0 \u00a0igual que, all\u00ed no aparec\u00eda John \u00a0 \u00a0 \u00a0 \u00a0 \u00a0Freddy Gallo Bedolla, \u00a0 \u00a0 \u00a0 \u00a0 \u00a0alias \u201cp\u00e1jaro\u201d, \u00a0 \u00a0 \u00a0 \u00a0 \u00a0por lo que tampoco le era factible a partir de esa situaci\u00f3n, \u00a0 \u00a0 \u00a0 \u00a0 \u00a0conocer el origen del bien, y menos, solo bajo la alusi\u00f3n de \u00a0 \u00a0 \u00a0 \u00a0 \u00a0un alias, ya que solo hasta el a\u00f1o 2006, se habr\u00eda \u00a0 \u00a0 \u00a0 \u00a0 \u00a0conocido su nombre de pila cuando acudi\u00f3 al proceso de \u00a0 \u00a0 \u00a0 \u00a0 \u00a0desmovilizaci\u00f3n. \u00a0 \u00a0 \u00a0 \u00a0 \u00a0<\/p>\n<p>\u00a0\u00a0 \u00a0 \u00a0 \u00a0 \u00a0<\/p>\n<p>De \u00a0 \u00a0 \u00a0 \u00a0 \u00a0all\u00ed que, si actu\u00f3 como cualquier ciudadano, al \u00a0 \u00a0 \u00a0 \u00a0 \u00a0fijarse en al instrumento que proporciona e inspira seguridad \u00a0 \u00a0 \u00a0 \u00a0 \u00a0jur\u00eddica, no se puede afirmar que no procedi\u00f3 con la \u00a0 \u00a0 \u00a0 \u00a0 \u00a0debida diligencia y cuidado. \u00a0 \u00a0 \u00a0 \u00a0 \u00a0<\/p>\n<p>\u00a0\u00a0 \u00a0 \u00a0 \u00a0 \u00a0<\/p>\n<p>De \u00a0 \u00a0 \u00a0 \u00a0 \u00a0otro lado, refiri\u00f3 los principios de un Estado Social de \u00a0 \u00a0 \u00a0 \u00a0 \u00a0Derecho, entre ellos, el de asegurar la justicia y la importancia de \u00a0 \u00a0 \u00a0 \u00a0 \u00a0la buena fe, como una presunci\u00f3n que el constituyente \u00a0 \u00a0 \u00a0 \u00a0 \u00a0consagr\u00f3, de modo que, no corresponde probarla. En ese \u00a0 \u00a0 \u00a0 \u00a0 \u00a0sentido, dijo que era al Estado al que le correspond\u00eda \u00a0 \u00a0 \u00a0 \u00a0 \u00a0desacreditarla, m\u00e1xime cuando, puede asumirse que los \u00a0 \u00a0 \u00a0 \u00a0 \u00a0particulares est\u00e1n en una situaci\u00f3n de inferioridad \u00a0 \u00a0 \u00a0 \u00a0 \u00a0frente a las autoridades p\u00fablicas. \u00a0 \u00a0 \u00a0 \u00a0 \u00a0<\/p>\n<p>\u00a0\u00a0 \u00a0 \u00a0 \u00a0 \u00a0<\/p>\n<p>Conforme \u00a0 \u00a0 \u00a0 \u00a0 \u00a0con ello, pas\u00f3 a destacar las condiciones personales de la \u00a0 \u00a0 \u00a0 \u00a0 \u00a0se\u00f1ora Fanny, esto es, no letrada pero honesta y trabajadora, \u00a0 \u00a0 \u00a0 \u00a0 \u00a0para insistir que ella adquiri\u00f3 su vivienda de forma legal, \u00a0 \u00a0 \u00a0 \u00a0 \u00a0pues no se acredit\u00f3 que haya prestado su nombre para ocultar \u00a0 \u00a0 \u00a0 \u00a0 \u00a0su real procedencia, o no facilitar el proceso de reparaci\u00f3n \u00a0 \u00a0 \u00a0 \u00a0 \u00a0a las v\u00edctimas. \u00a0 \u00a0 \u00a0 \u00a0 \u00a0<\/p>\n<p>\u00a0\u00a0 \u00a0 \u00a0 \u00a0 \u00a0<\/p>\n<p>Por \u00a0 \u00a0 \u00a0 \u00a0 \u00a0consiguiente, solicit\u00f3 la revocatoria de la decisi\u00f3n \u00a0 \u00a0 \u00a0 \u00a0 \u00a0adoptada \u00a0 \u00a0 \u00a0 \u00a0 \u00a0<\/p>\n<p>\u00a0\u00a0 \u00a0 \u00a0 \u00a0 \u00a0<\/p>\n<p>INTERVENCI\u00d3N \u00a0 \u00a0 \u00a0 \u00a0 \u00a0DE LOS NO RECURRENTES \u00a0 \u00a0 \u00a0 \u00a0 \u00a0<\/p>\n<p>\u00a0\u00a0 \u00a0 \u00a0 \u00a0 \u00a0<\/p>\n<p>1. \u00a0 \u00a0 \u00a0 \u00a0 \u00a0La Fiscal\u00eda2. \u00a0 \u00a0 \u00a0 \u00a0 \u00a0<\/p>\n<p>\u00a0\u00a0 \u00a0 \u00a0 \u00a0 \u00a0<\/p>\n<p>Solicit\u00f3 \u00a0 \u00a0 \u00a0 \u00a0 \u00a0mantener la decisi\u00f3n al compartir en su totalidad los \u00a0 \u00a0 \u00a0 \u00a0 \u00a0argumentos all\u00ed expuestos. \u00a0 \u00a0 \u00a0 \u00a0 \u00a0<\/p>\n<p>\u00a0\u00a0 \u00a0 \u00a0 \u00a0 \u00a0<\/p>\n<p>Record\u00f3, \u00a0 \u00a0 \u00a0 \u00a0 \u00a0adem\u00e1s, que la imposici\u00f3n de medidas sobre el bien se \u00a0 \u00a0 \u00a0 \u00a0 \u00a0logr\u00f3 con ocasi\u00f3n de las funciones de persecuci\u00f3n \u00a0 \u00a0 \u00a0 \u00a0 \u00a0contempladas en la Ley 975 de 2005 y la Constituci\u00f3n Pol\u00edtica \u00a0 \u00a0 \u00a0 \u00a0 \u00a0Colombiana, las cuales permitieron conocer su vincul\u00f3 con la \u00a0 \u00a0 \u00a0 \u00a0 \u00a0organizaci\u00f3n paramilitar a trav\u00e9s del postulado Jhon \u00a0 \u00a0 \u00a0 \u00a0 \u00a0Fredy Gallo Bedoya, \u00a0 \u00a0 \u00a0 \u00a0 \u00a0integrante de las autodefensas del Magdalena medio; quien lo \u00a0 \u00a0 \u00a0 \u00a0 \u00a0registr\u00f3 a nombre de \u00c1ngela Patricia Tique T\u00e9llez, \u00a0 \u00a0 \u00a0 \u00a0 \u00a0ex compa\u00f1era sentimental, punto que deduce de la propia \u00a0 \u00a0 \u00a0 \u00a0 \u00a0manifestaci\u00f3n del postulado, quien admiti\u00f3 que cuando \u00a0 \u00a0 \u00a0 \u00a0 \u00a0se involucr\u00f3 con aquella, no ten\u00eda respaldo \u00a0 \u00a0 \u00a0 \u00a0 \u00a0patrimonio, sin embargo, mientras dur\u00f3 con \u00e9l y con un \u00a0 \u00a0 \u00a0 \u00a0 \u00a0poco m\u00e1s de 20 a\u00f1os, registr\u00f3 a su nombre 26 \u00a0 \u00a0 \u00a0 \u00a0 \u00a0bienes. \u00a0 \u00a0 \u00a0 \u00a0 \u00a0<\/p>\n<p>\u00a0\u00a0 \u00a0 \u00a0 \u00a0 \u00a0<\/p>\n<p>Se\u00f1al\u00f3 \u00a0 \u00a0 \u00a0 \u00a0 \u00a0que, en este caso, la incidentante no demostr\u00f3 que actu\u00f3 \u00a0 \u00a0 \u00a0 \u00a0 \u00a0con buena fe cualificada, en tanto, no prob\u00f3 haber ejecutado \u00a0 \u00a0 \u00a0 \u00a0 \u00a0m\u00ednimas diligencias de prudencia en la realizaci\u00f3n del \u00a0 \u00a0 \u00a0 \u00a0 \u00a0negocio jur\u00eddico, en una zona donde era un hecho notorio la \u00a0 \u00a0 \u00a0 \u00a0 \u00a0presencia paramilitar, como lo refrendaron, incluso, los testigos \u00a0 \u00a0 \u00a0 \u00a0 \u00a0convocados al incidente, al admitir esa situaci\u00f3n al igual \u00a0 \u00a0 \u00a0 \u00a0 \u00a0que la presencia de la valla que identificaba a Puerto Boyac\u00e1 \u00a0 \u00a0 \u00a0 \u00a0 \u00a0\u201ccapital \u00a0 \u00a0 \u00a0 \u00a0 \u00a0antisubversiva de Colombia\u201d. \u00a0 \u00a0 \u00a0 \u00a0 \u00a0<\/p>\n<p>\u00a0\u00a0 \u00a0 \u00a0 \u00a0 \u00a0<\/p>\n<p>Pruebas \u00a0 \u00a0 \u00a0 \u00a0 \u00a0de las que tambi\u00e9n se destacaba, que el al\u00edas \u201cp\u00e1jaro\u201d \u00a0 \u00a0 \u00a0 \u00a0 \u00a0no era un nombre desconocido en la regi\u00f3n, sino, dotado de \u00a0 \u00a0 \u00a0 \u00a0 \u00a0mando en el municipio. \u00a0 \u00a0 \u00a0 \u00a0 \u00a0<\/p>\n<p>\u00a0\u00a0 \u00a0 \u00a0 \u00a0 \u00a0<\/p>\n<p>En \u00a0 \u00a0 \u00a0 \u00a0 \u00a0esa senda, acot\u00f3 que era posible conocer el origen del predio \u00a0 \u00a0 \u00a0 \u00a0 \u00a0por parte de la interesada, habida cuenta de sus condiciones \u00a0 \u00a0 \u00a0 \u00a0 \u00a0personales y arraigo en el municipio. \u00a0 \u00a0 \u00a0 \u00a0 \u00a0<\/p>\n<p>\u00a0\u00a0 \u00a0 \u00a0 \u00a0 \u00a0<\/p>\n<p>2. \u00a0 \u00a0 \u00a0 \u00a0 \u00a0Apoderado de la Unidad para la Atenci\u00f3n y la Reparaci\u00f3n \u00a0 \u00a0 \u00a0 \u00a0 \u00a0Integral a las V\u00edctimas3. \u00a0 \u00a0 \u00a0 \u00a0 \u00a0<\/p>\n<p>\u00a0\u00a0 \u00a0 \u00a0 \u00a0 \u00a0<\/p>\n<p>Solicit\u00f3 \u00a0 \u00a0 \u00a0 \u00a0 \u00a0que se confirme la decisi\u00f3n recurrida, al considerar que la \u00a0 \u00a0 \u00a0 \u00a0 \u00a0determinaci\u00f3n adoptada se ajusta a derecho. Precis\u00f3 \u00a0 \u00a0 \u00a0 \u00a0 \u00a0que si bien en este tr\u00e1mite no se puso en discusi\u00f3n la \u00a0 \u00a0 \u00a0 \u00a0 \u00a0honorabilidad y legalidad de los recursos empleados por Fanny \u00a0 \u00a0 \u00a0 \u00a0 \u00a0Mart\u00ednez de Fern\u00e1ndez, ni se hizo referencia a la \u00a0 \u00a0 \u00a0 \u00a0 \u00a0existencia de nexos de aquella con la organizaci\u00f3n armada \u00a0 \u00a0 \u00a0 \u00a0 \u00a0ilegal, s\u00ed qued\u00f3 en evidencia que la citada ciudadana \u00a0 \u00a0 \u00a0 \u00a0 \u00a0no actu\u00f3 con buena fe exenta de culpa conforme con los \u00a0 \u00a0 \u00a0 \u00a0 \u00a0criterios legales, jurisprudenciales y de la doctrina, ampliamente \u00a0 \u00a0 \u00a0 \u00a0 \u00a0conocidos y destacados en esta actuaci\u00f3n. \u00a0 \u00a0 \u00a0 \u00a0 \u00a0<\/p>\n<p>\u00a0\u00a0 \u00a0 \u00a0 \u00a0 \u00a0<\/p>\n<p>3. \u00a0 \u00a0 \u00a0 \u00a0 \u00a0Ministerio P\u00fablico4. \u00a0 \u00a0 \u00a0 \u00a0 \u00a0<\/p>\n<p>\u00a0\u00a0 \u00a0 \u00a0 \u00a0 \u00a0<\/p>\n<p>De \u00a0 \u00a0 \u00a0 \u00a0 \u00a0forma inicial, peticion\u00f3 declarar desierto el recurso por \u00a0 \u00a0 \u00a0 \u00a0 \u00a0indebida sustentaci\u00f3n, debido a que, el recurrente no \u00a0 \u00a0 \u00a0 \u00a0 \u00a0confront\u00f3 los argumentos expuestos por la Magistratura para \u00a0 \u00a0 \u00a0 \u00a0 \u00a0negar su petici\u00f3n5. \u00a0 \u00a0 \u00a0 \u00a0 \u00a0<\/p>\n<p>\u00a0\u00a0 \u00a0 \u00a0 \u00a0 \u00a0<\/p>\n<p>De \u00a0 \u00a0 \u00a0 \u00a0 \u00a0forma subsidiaria, pidi\u00f3 mantener el prove\u00eddo \u00a0 \u00a0 \u00a0 \u00a0 \u00a0impugnado, al observar su debida argumentaci\u00f3n, pues, con \u00a0 \u00a0 \u00a0 \u00a0 \u00a0acierto se destac\u00f3 que la incidentante, no sigui\u00f3 \u00a0 \u00a0 \u00a0 \u00a0 \u00a0reglas de cuidado m\u00ednimas que le habr\u00edan facilitado \u00a0 \u00a0 \u00a0 \u00a0 \u00a0conocer el v\u00ednculo del inmueble con el grupo ilegal, mismo \u00a0 \u00a0 \u00a0 \u00a0 \u00a0que qued\u00f3 revelado al momento de imponerse medidas \u00a0 \u00a0 \u00a0 \u00a0 \u00a0cautelares. \u00a0 \u00a0 \u00a0 \u00a0 \u00a0<\/p>\n<p>\u00a0\u00a0 \u00a0 \u00a0 \u00a0 \u00a0<\/p>\n<p>\u00a0\u00a0 \u00a0 \u00a0 \u00a0 \u00a0<\/p>\n<p>CONSIDERACIONES \u00a0 \u00a0 \u00a0 \u00a0 \u00a0<\/p>\n<p>\u00a0\u00a0 \u00a0 \u00a0 \u00a0 \u00a0<\/p>\n<p>Acorde \u00a0 \u00a0 \u00a0 \u00a0 \u00a0con las previsiones de los art\u00edculos 26 y 68 de la Ley 975 de \u00a0 \u00a0 \u00a0 \u00a0 \u00a02005 y 32 de la Ley 906 de 2004, la Sala es competente para decidir \u00a0 \u00a0 \u00a0 \u00a0 \u00a0el recurso de apelaci\u00f3n interpuesto por la parte opositora. \u00a0 \u00a0 \u00a0 \u00a0 \u00a0<\/p>\n<p>\u00a0\u00a0 \u00a0 \u00a0 \u00a0 \u00a0<\/p>\n<p>1. \u00a0 \u00a0 \u00a0 \u00a0 \u00a0El incidente de oposici\u00f3n a las medidas cautelares. \u00a0 \u00a0 \u00a0 \u00a0 \u00a0<\/p>\n<p>\u00a0\u00a0 \u00a0 \u00a0 \u00a0 \u00a0<\/p>\n<p>El \u00a0 \u00a0 \u00a0 \u00a0 \u00a0art\u00edculo 17 de la Ley 1592 de 2012 que adicion\u00f3 la Ley \u00a0 \u00a0 \u00a0 \u00a0 \u00a0975 de 2005 al incorporar el art\u00edculo 17C, prescribe que en \u00a0 \u00a0 \u00a0 \u00a0 \u00a0los casos en que haya terceros que se consideren de buena fe exenta \u00a0 \u00a0 \u00a0 \u00a0 \u00a0de culpa con derechos sobre los bienes afectados con las medidas \u00a0 \u00a0 \u00a0 \u00a0 \u00a0cautelares, en orden a la extinci\u00f3n de dominio en virtud del \u00a0 \u00a0 \u00a0 \u00a0 \u00a0art\u00edculo 17B de la Ley 975 de 2005, podr\u00e1n promover un \u00a0 \u00a0 \u00a0 \u00a0 \u00a0tr\u00e1mite incidental para oponerse a las medidas impuestas, \u00a0 \u00a0 \u00a0 \u00a0 \u00a0estableciendo, igualmente, el tr\u00e1mite a seguir por el \u00a0 \u00a0 \u00a0 \u00a0 \u00a0Magistrado con Funciones de Control de Garant\u00edas. \u00a0 \u00a0 \u00a0 \u00a0 \u00a0<\/p>\n<p>\u00a0\u00a0 \u00a0 \u00a0 \u00a0 \u00a0<\/p>\n<p>Previamente \u00a0 \u00a0 \u00a0 \u00a0 \u00a0a la vigencia de esta disposici\u00f3n, la Sala hab\u00eda \u00a0 \u00a0 \u00a0 \u00a0 \u00a0se\u00f1alado que el objeto del tr\u00e1mite incidental que \u00a0 \u00a0 \u00a0 \u00a0 \u00a0pueden promover los terceros busca \u00ab\u2026 \u00a0 \u00a0 \u00a0 \u00a0 \u00a0demostrar que en relaci\u00f3n con el bien ofrecido por el \u00a0 \u00a0 \u00a0 \u00a0 \u00a0postulado y respecto del cual se ha decretado una medida cautelar, \u00a0 \u00a0 \u00a0 \u00a0 \u00a0ese tercero tiene un mejor derecho que no puede verse afectado. \u00a0 \u00a0 \u00a0 \u00a0 \u00a0<\/p>\n<p>\u00a0\u00a0 \u00a0 \u00a0 \u00a0 \u00a0<\/p>\n<p>Dado \u00a0 \u00a0 \u00a0 \u00a0 \u00a0que las medidas cautelares tienden a afectar el derecho de dominio o \u00a0 \u00a0 \u00a0 \u00a0 \u00a0la disponibilidad sobre el mismo o bien el derecho de posesi\u00f3n \u00a0 \u00a0 \u00a0 \u00a0 \u00a0y sus derivados, el incidente tendr\u00e1 por objeto establecer en \u00a0 \u00a0 \u00a0 \u00a0 \u00a0cabeza del tercero un mejor derecho de propiedad o de posesi\u00f3n \u00a0 \u00a0 \u00a0 \u00a0 \u00a0que debe ser respetado. As\u00ed, en el caso de la propiedad, el \u00a0 \u00a0 \u00a0 \u00a0 \u00a0incidente apuntar\u00e1 a demostrar que el derecho radica en ese \u00a0 \u00a0 \u00a0 \u00a0 \u00a0tercero, ya porque as\u00ed aparece consignado en el registro \u00a0 \u00a0 \u00a0 \u00a0 \u00a0inmobiliario, o bien por cuanto aunque el bien aparezca en cabeza \u00a0 \u00a0 \u00a0 \u00a0 \u00a0del postulado es en realidad de propiedad del tercero, como cuando \u00a0 \u00a0 \u00a0 \u00a0 \u00a0media una simulaci\u00f3n, o como cuando a pesar de no estar \u00a0 \u00a0 \u00a0 \u00a0 \u00a0inscrito el acto que materializa la propiedad, existen escrituras u \u00a0 \u00a0 \u00a0 \u00a0 \u00a0otros documentos que indican que el postulado cedi\u00f3 la \u00a0 \u00a0 \u00a0 \u00a0 \u00a0propiedad. Se buscar\u00e1 entonces el levantamiento de la medida \u00a0 \u00a0 \u00a0 \u00a0 \u00a0de embargo o de limitaci\u00f3n o suspensi\u00f3n del poder \u00a0 \u00a0 \u00a0 \u00a0 \u00a0dispositivo sobre el bien.\u00bb \u00a0 \u00a0 \u00a0 \u00a0 \u00a0(CSJ AP, 14 nov. 2012, Rad. 40063.). \u00a0 \u00a0 \u00a0 \u00a0 \u00a0<\/p>\n<p>\u00a0\u00a0 \u00a0 \u00a0 \u00a0 \u00a0<\/p>\n<p>En \u00a0 \u00a0 \u00a0 \u00a0 \u00a0providencia CSJ AP, 18 May. 2016, Rad. 46376, la Corporaci\u00f3n \u00a0 \u00a0 \u00a0 \u00a0 \u00a0precis\u00f3 que \u00abAcorde \u00a0 \u00a0 \u00a0 \u00a0 \u00a0con dicho precepto (art\u00edculo \u00a0 \u00a0 \u00a0 \u00a0 \u00a017C de la Ley 975 de 2005), \u00a0 \u00a0 \u00a0 \u00a0 \u00a0quien ostente derechos sobre bienes cautelados con fines de \u00a0 \u00a0 \u00a0 \u00a0 \u00a0extinci\u00f3n de dominio dentro del tr\u00e1mite de Justicia y \u00a0 \u00a0 \u00a0 \u00a0 \u00a0Paz, puede instaurar incidente de oposici\u00f3n a efectos de \u00a0 \u00a0 \u00a0 \u00a0 \u00a0demostrar que i) es tercero de buena fe exenta de culpa, ii) su \u00a0 \u00a0 \u00a0 \u00a0 \u00a0derecho debe prevalecer y, iii) deben levantarse las cautelas.\u00bb \u00a0 \u00a0 \u00a0 \u00a0 \u00a0<\/p>\n<p>\u00a0\u00a0 \u00a0 \u00a0 \u00a0 \u00a0<\/p>\n<p>En \u00a0 \u00a0 \u00a0 \u00a0 \u00a0tal sentido, el interesado ostenta la carga procesal de probar la \u00a0 \u00a0 \u00a0 \u00a0 \u00a0prevalencia de su derecho, en apoyo de lo cual debe demostrar la \u00a0 \u00a0 \u00a0 \u00a0 \u00a0prudencia y diligencia con que actu\u00f3, la capacidad econ\u00f3mica \u00a0 \u00a0 \u00a0 \u00a0 \u00a0para adquirir el bien o derecho y, en fin, la transparencia en la \u00a0 \u00a0 \u00a0 \u00a0 \u00a0adquisici\u00f3n del mismo, raz\u00f3n por la cual la buena fe \u00a0 \u00a0 \u00a0 \u00a0 \u00a0que se debe acreditar no es la simple sino la calificada o creadora \u00a0 \u00a0 \u00a0 \u00a0 \u00a0de derechos, definida por la jurisprudencia constitucional de la \u00a0 \u00a0 \u00a0 \u00a0 \u00a0siguiente manera: \u00a0 \u00a0 \u00a0 \u00a0 \u00a0<\/p>\n<p>\u00a0\u00a0 \u00a0 \u00a0 \u00a0 \u00a0<\/p>\n<p>\u00ab\u2026a \u00a0 \u00a0 \u00a0 \u00a0 \u00a0diferencia de la buena fe simple que exige s\u00f3lo una \u00a0 \u00a0 \u00a0 \u00a0 \u00a0conciencia recta y honesta, la buena fe cualificada o creadora de \u00a0 \u00a0 \u00a0 \u00a0 \u00a0derecho exige dos elementos a saber: uno subjetivo y otro objetivo. \u00a0 \u00a0 \u00a0 \u00a0 \u00a0El primero hace referencia a la conciencia de obrar con lealtad, y \u00a0 \u00a0 \u00a0 \u00a0 \u00a0el segundo exige tener la seguridad de que el tradente es realmente \u00a0 \u00a0 \u00a0 \u00a0 \u00a0el propietario, lo cual exige averiguaciones adicionales que \u00a0 \u00a0 \u00a0 \u00a0 \u00a0comprueben tal situaci\u00f3n. Es as\u00ed que, la buena fe \u00a0 \u00a0 \u00a0 \u00a0 \u00a0simple exige s\u00f3lo conciencia, mientras que la buena fe \u00a0 \u00a0 \u00a0 \u00a0 \u00a0cualificada exige conciencia y certeza\u2026\u00bb. \u00a0 \u00a0 \u00a0 \u00a0 \u00a0(Sentencia C-1007 de 2002). \u00a0 \u00a0 \u00a0 \u00a0 \u00a0<\/p>\n<p>\u00a0\u00a0 \u00a0 \u00a0 \u00a0 \u00a0<\/p>\n<p>En \u00a0 \u00a0 \u00a0 \u00a0 \u00a0ese contexto, la buena fe calificada demanda tomar precauciones \u00a0 \u00a0 \u00a0 \u00a0 \u00a0adicionales y no conformarse con el simple estudio de t\u00edtulos, \u00a0 \u00a0 \u00a0 \u00a0 \u00a0insuficiente cuando se pretende adquirir propiedades en territorios \u00a0 \u00a0 \u00a0 \u00a0 \u00a0que se sabe han sido azotados por el crimen y la intimidaci\u00f3n; \u00a0 \u00a0 \u00a0 \u00a0 \u00a0obligaci\u00f3n que no es arbitraria, pues tiene como fundamento \u00a0 \u00a0 \u00a0 \u00a0 \u00a0el mandato contenido en el art\u00edculo 17C de la Ley 975 de 2005 \u00a0 \u00a0 \u00a0 \u00a0 \u00a0y la jurisprudencia vigente. En tales condiciones, cuando un tercero \u00a0 \u00a0 \u00a0 \u00a0 \u00a0aduce mejor derecho, debe esforzase en demostrar que actu\u00f3 \u00a0 \u00a0 \u00a0 \u00a0 \u00a0diligentemente, que no se prest\u00f3 para ocultar el verdadero \u00a0 \u00a0 \u00a0 \u00a0 \u00a0origen o titularidad del bien ni para dificultar la persecuci\u00f3n \u00a0 \u00a0 \u00a0 \u00a0 \u00a0de recursos mal habidos. \u00a0 \u00a0 \u00a0 \u00a0 \u00a0<\/p>\n<p>\u00a0\u00a0 \u00a0 \u00a0 \u00a0 \u00a0<\/p>\n<p>2. \u00a0 \u00a0 \u00a0 \u00a0 \u00a0Del caso concreto. \u00a0 \u00a0 \u00a0 \u00a0 \u00a0<\/p>\n<p>\u00a0\u00a0 \u00a0 \u00a0 \u00a0 \u00a0<\/p>\n<p>Fanny \u00a0 \u00a0 \u00a0 \u00a0 \u00a0Mart\u00ednez de Fern\u00e1ndez, a trav\u00e9s de apoderado, \u00a0 \u00a0 \u00a0 \u00a0 \u00a0solicit\u00f3 el levantamiento de las medidas cautelares impuestas \u00a0 \u00a0 \u00a0 \u00a0 \u00a0al bien identificado con matr\u00edcula inmobiliaria n\u00famero \u00a0 \u00a0 \u00a0 \u00a0 \u00a0088-10614, \u00a0 \u00a0 \u00a0 \u00a0 \u00a0ubicado en la calle 12 No. 4-39, en el Municipio de Puerto Boyac\u00e1, \u00a0 \u00a0 \u00a0 \u00a0 \u00a0bajo la tesis de que su adquisici\u00f3n fue con buena fe exenta \u00a0 \u00a0 \u00a0 \u00a0 \u00a0de culpa.\u00a0 \u00a0 \u00a0 \u00a0 \u00a0 \u00a0<\/p>\n<p>\u00a0 \u00a0 \u00a0 \u00a0 \u00a0 \u00a0<\/p>\n<p>No \u00a0 \u00a0 \u00a0 \u00a0 \u00a0obstante, tal y como lo encontr\u00f3 la primera instancia, tal \u00a0 \u00a0 \u00a0 \u00a0 \u00a0pedimento no es procedente, toda vez que la parte postulante a \u00a0 \u00a0 \u00a0 \u00a0 \u00a0trav\u00e9s del presente tr\u00e1mite no acredit\u00f3 los \u00a0 \u00a0 \u00a0 \u00a0 \u00a0presupuestos que demanda esa figura.\u00a0\u00a0 \u00a0 \u00a0 \u00a0 \u00a0 \u00a0<\/p>\n<p>\u00a0\u00a0 \u00a0 \u00a0 \u00a0 \u00a0<\/p>\n<p>\u00a0\u00a0 \u00a0 \u00a0 \u00a0 \u00a0<\/p>\n<p>As\u00ed, \u00a0 \u00a0 \u00a0 \u00a0 \u00a0del informe de polic\u00eda judicial No. 468485, del 1\u00ba de \u00a0 \u00a0 \u00a0 \u00a0 \u00a0julio de 20097, \u00a0 \u00a0 \u00a0 \u00a0 \u00a0se conoce que por decisi\u00f3n de la Fiscal\u00eda General de \u00a0 \u00a0 \u00a0 \u00a0 \u00a0la Naci\u00f3n, se emprendieron labores para identificar los \u00a0 \u00a0 \u00a0 \u00a0 \u00a0bienes a los que hac\u00eda menci\u00f3n el postulado Hernando \u00a0 \u00a0 \u00a0 \u00a0 \u00a0Ospina Aguirre, alias \u201cel \u00a0 \u00a0 \u00a0 \u00a0 \u00a0loco\u201d, \u00a0 \u00a0 \u00a0 \u00a0 \u00a0quien relacion\u00f3 la existencia de varios inmuebles a nombre de \u00a0 \u00a0 \u00a0 \u00a0 \u00a0familiares del postulado Jhon \u00a0 \u00a0 \u00a0 \u00a0 \u00a0Fredy Gallo Bedoya, \u00a0 \u00a0 \u00a0 \u00a0 \u00a0alias \u201cp\u00e1jaro\u201d, \u00a0 \u00a0 \u00a0 \u00a0 \u00a0en el municipio de Puerto Boyac\u00e1. \u00a0 \u00a0 \u00a0 \u00a0 \u00a0<\/p>\n<p>\u00a0\u00a0 \u00a0 \u00a0 \u00a0 \u00a0<\/p>\n<p>En \u00a0 \u00a0 \u00a0 \u00a0 \u00a0ese documento, en el numeral 11, se determin\u00f3 que en la \u00a0 \u00a0 \u00a0 \u00a0 \u00a0cadena de tradici\u00f3n de varios bienes ubicados en ese \u00a0 \u00a0 \u00a0 \u00a0 \u00a0municipio, aparec\u00eda el nombre de \u00c1ngela Patricia Tique \u00a0 \u00a0 \u00a0 \u00a0 \u00a0T\u00e9llez, esposa de Jhon \u00a0 \u00a0 \u00a0 \u00a0 \u00a0Fredy Gallo Bedoya, \u00a0 \u00a0 \u00a0 \u00a0 \u00a0siendo uno de tales, el identificado con matr\u00edcula \u00a0 \u00a0 \u00a0 \u00a0 \u00a0inmobiliaria 088-10614, mismo que fue transferido por aquella, a \u00a0 \u00a0 \u00a0 \u00a0 \u00a0Aura In\u00e9s Bedoya de Gallo, madre de Gallo \u00a0 \u00a0 \u00a0 \u00a0 \u00a0Bedoya. \u00a0 \u00a0 \u00a0 \u00a0 \u00a0<\/p>\n<p>\u00a0\u00a0 \u00a0 \u00a0 \u00a0 \u00a0<\/p>\n<p>Esa \u00a0 \u00a0 \u00a0 \u00a0 \u00a0informaci\u00f3n fue empleada por el ente investigador para \u00a0 \u00a0 \u00a0 \u00a0 \u00a0soportar la petici\u00f3n de imposici\u00f3n de medidas \u00a0 \u00a0 \u00a0 \u00a0 \u00a0cautelares, ante una Magistrada con funci\u00f3n de Control de \u00a0 \u00a0 \u00a0 \u00a0 \u00a0Garant\u00edas de Bucaramanga, debido a que, conforme con la \u00a0 \u00a0 \u00a0 \u00a0 \u00a0explicaci\u00f3n del ente investigador, aun cuando no estaba a \u00a0 \u00a0 \u00a0 \u00a0 \u00a0nombre del postulado, s\u00ed pod\u00eda identificarse un \u00a0 \u00a0 \u00a0 \u00a0 \u00a0v\u00ednculo con \u00e9l y sus acciones ilegales. \u00a0 \u00a0 \u00a0 \u00a0 \u00a0<\/p>\n<p>\u00a0\u00a0 \u00a0 \u00a0 \u00a0 \u00a0<\/p>\n<p>Esa \u00a0 \u00a0 \u00a0 \u00a0 \u00a0conclusi\u00f3n la edific\u00f3 no solo a partir de la \u00a0 \u00a0 \u00a0 \u00a0 \u00a0titularidad del bien por las dos familiares ya referidas, sino al \u00a0 \u00a0 \u00a0 \u00a0 \u00a0dar cuenta que, la primera de aquellas, \u00c1ngela Patricia Tique \u00a0 \u00a0 \u00a0 \u00a0 \u00a0T\u00e9llez, no tendr\u00eda recursos que explicaran la liquidez \u00a0 \u00a0 \u00a0 \u00a0 \u00a0para la adquisici\u00f3n de ese predio ni de los otros que fueron \u00a0 \u00a0 \u00a0 \u00a0 \u00a0hallados, dado que, para el momento de su compra, ten\u00eda \u00a0 \u00a0 \u00a0 \u00a0 \u00a0escasos 23 a\u00f1os sin una actividad comercial o laboral \u00a0 \u00a0 \u00a0 \u00a0 \u00a0demostrada8 \u00a0 \u00a0 \u00a0 \u00a0 \u00a0que explicara la existencia de recursos y su correspondiente \u00a0 \u00a0 \u00a0 \u00a0 \u00a0inversi\u00f3n, por el contrario, lo que se observaba era que \u00a0 \u00a0 \u00a0 \u00a0 \u00a0logr\u00f3 ese incremento patrimonial durante la relaci\u00f3n \u00a0 \u00a0 \u00a0 \u00a0 \u00a0con el entonces miembro de la organizaci\u00f3n paramilitar9. \u00a0 \u00a0 \u00a0 \u00a0 \u00a0<\/p>\n<p>As\u00ed, \u00a0 \u00a0 \u00a0 \u00a0 \u00a0el delegado fiscal hizo uso de la declaraci\u00f3n de \u00c1ngela \u00a0 \u00a0 \u00a0 \u00a0 \u00a0Patricia Tique T\u00e9llez, del 7 de octubre de 2020, en el que \u00a0 \u00a0 \u00a0 \u00a0 \u00a0\u00e9sta reconoci\u00f3 haber sido pareja de Jhon \u00a0 \u00a0 \u00a0 \u00a0 \u00a0Fredy Gallo Bedoya, \u00a0 \u00a0 \u00a0 \u00a0 \u00a0ello desde la edad de 18 a\u00f1os -que \u00a0 \u00a0 \u00a0 \u00a0 \u00a0tambi\u00e9n se incorpor\u00f3 a este tr\u00e1mite \u00a0 \u00a0 \u00a0 \u00a0 \u00a0incidental-, de \u00a0 \u00a0 \u00a0 \u00a0 \u00a0la cual, tambi\u00e9n destac\u00f3 que esa uni\u00f3n habr\u00eda \u00a0 \u00a0 \u00a0 \u00a0 \u00a0cesado en el a\u00f1o 2002 -tiempo \u00a0 \u00a0 \u00a0 \u00a0 \u00a0durante el cual, tuvieron dos hijos-, \u00a0 \u00a0 \u00a0 \u00a0 \u00a0anualidad cercana al momento donde, se trasfiri\u00f3 la \u00a0 \u00a0 \u00a0 \u00a0 \u00a0titularidad del predio a la madre del postulado, conforme con la \u00a0 \u00a0 \u00a0 \u00a0 \u00a0l\u00ednea de tradici\u00f3n10, \u00a0 \u00a0 \u00a0 \u00a0 \u00a0esto es febrero de 2003. \u00a0 \u00a0 \u00a0 \u00a0 \u00a0<\/p>\n<p>\u00a0\u00a0 \u00a0 \u00a0 \u00a0 \u00a0<\/p>\n<p>Y \u00a0 \u00a0 \u00a0 \u00a0 \u00a0en lo pertinente, de la versi\u00f3n libre de \u00a0 \u00a0 \u00a0 \u00a0 \u00a0Jhon Fredy Gallo \u00a0 \u00a0 \u00a0 \u00a0 \u00a0efectuada el 9 de marzo de 201511, \u00a0 \u00a0 \u00a0 \u00a0 \u00a0en la que el desmovilizado reconoci\u00f3 la relaci\u00f3n \u00a0 \u00a0 \u00a0 \u00a0 \u00a0marital con \u00c1ngela Patricia Tique T\u00e9llez, \u00a0 \u00a0 \u00a0 \u00a0 \u00a0aproximadamente desde el a\u00f1o 1995, y se\u00f1al\u00f3 que \u00a0 \u00a0 \u00a0 \u00a0 \u00a0aquella no ten\u00eda nada cuando empezaron a vivir juntos; aun \u00a0 \u00a0 \u00a0 \u00a0 \u00a0cuando despu\u00e9s sostenga, que \u00e9l no tuvo nada que ver \u00a0 \u00a0 \u00a0 \u00a0 \u00a0con sus bienes y desconoce por complet\u00f3 los detalles de la \u00a0 \u00a0 \u00a0 \u00a0 \u00a0negociaci\u00f3n de \u00c1ngela Patricia con su progenitora. \u00a0 \u00a0 \u00a0 \u00a0 \u00a0<\/p>\n<p>\u00a0\u00a0 \u00a0 \u00a0 \u00a0 \u00a0<\/p>\n<p>Lo \u00a0 \u00a0 \u00a0 \u00a0 \u00a0cual, resultaba extra\u00f1o, pues, insiste, aun cuando el \u00a0 \u00a0 \u00a0 \u00a0 \u00a0desmovilizado niega haber adquirido algo junto con ella y dijo que \u00a0 \u00a0 \u00a0 \u00a0 \u00a0se gastaba todo lo que recib\u00eda, puede verificarse como, fue \u00a0 \u00a0 \u00a0 \u00a0 \u00a0durante el tiempo que estuvieron juntos, donde se increment\u00f3 \u00a0 \u00a0 \u00a0 \u00a0 \u00a0su patrimonio logr\u00e1ndose identificar varios bienes a su \u00a0 \u00a0 \u00a0 \u00a0 \u00a0nombre, trasferidos posteriormente. \u00a0 \u00a0 \u00a0 \u00a0 \u00a0<\/p>\n<p>\u00a0\u00a0 \u00a0 \u00a0 \u00a0 \u00a0<\/p>\n<p>Sin \u00a0 \u00a0 \u00a0 \u00a0 \u00a0que, se repite, se tenga una explicaci\u00f3n que justifique esa \u00a0 \u00a0 \u00a0 \u00a0 \u00a0situaci\u00f3n, pues, de acuerdo con lo narrado por el postulado \u00a0 \u00a0 \u00a0 \u00a0 \u00a0sobre la actividad econ\u00f3mica de su compa\u00f1era, \u00a0\u00a0 \u00a0 \u00a0 \u00a0 \u00a0mencion\u00f3 que cuando se involucr\u00f3 con ella, \u00e9sta \u00a0 \u00a0 \u00a0 \u00a0 \u00a0ganaba un poco m\u00e1s del m\u00ednimo -dice \u00a0 \u00a0 \u00a0 \u00a0 \u00a0que era secretaria de una organizaci\u00f3n de ganaderos-, \u00a0 \u00a0 \u00a0 \u00a0 \u00a0cargo en el que dur\u00f3 pocos meses, para dedicarse luego a la \u00a0 \u00a0 \u00a0 \u00a0 \u00a0realizaci\u00f3n de rifas en el pueblo, que a su vez, le \u00a0 \u00a0 \u00a0 \u00a0 \u00a0permitieron adquirir un carro (camioneta Hilux), que luego le fue \u00a0 \u00a0 \u00a0 \u00a0 \u00a0dejando buenos ingresos por su arriendo con empresas petroleras, lo \u00a0 \u00a0 \u00a0 \u00a0 \u00a0que le fue facilitando a que se dedicara a la compra y venta de \u00a0 \u00a0 \u00a0 \u00a0 \u00a0inmuebles, todo al margen de la organizaci\u00f3n ilegal; sin \u00a0 \u00a0 \u00a0 \u00a0 \u00a0embargo, de esto no se observa prueba alguna, y s\u00ed, por el \u00a0 \u00a0 \u00a0 \u00a0 \u00a0contrario, obra manifestaci\u00f3n de que el postulado le propuso \u00a0 \u00a0 \u00a0 \u00a0 \u00a0a Tique T\u00e9llez -seg\u00fan \u00a0 \u00a0 \u00a0 \u00a0 \u00a0lo narr\u00f3 en su versi\u00f3n libre- \u00a0 \u00a0 \u00a0 \u00a0 \u00a0la entrega del bien ante las autoridades, ante lo cual asever\u00f3, \u00a0 \u00a0 \u00a0 \u00a0 \u00a0que ella se neg\u00f3 y molest\u00f3. \u00a0 \u00a0 \u00a0 \u00a0 \u00a0<\/p>\n<p>\u00a0\u00a0 \u00a0 \u00a0 \u00a0 \u00a0<\/p>\n<p>Contexto \u00a0 \u00a0 \u00a0 \u00a0 \u00a0que adem\u00e1s, no encuentra soporte en el relato de \u00c1ngela \u00a0 \u00a0 \u00a0 \u00a0 \u00a0Patricia Tique T\u00e9llez, pues en la \u00fanica declaraci\u00f3n \u00a0 \u00a0 \u00a0 \u00a0 \u00a0que de ella se incorpor\u00f3 -7 \u00a0 \u00a0 \u00a0 \u00a0 \u00a0de octubre de 2020-, \u00a0 \u00a0 \u00a0 \u00a0 \u00a0lo que dijo fue que el predio objeto de este incidente lo adquiri\u00f3 \u00a0 \u00a0 \u00a0 \u00a0 \u00a0con recursos de una venta de ganado, junto con su t\u00edo Arturo \u00a0 \u00a0 \u00a0 \u00a0 \u00a0T\u00e9llez, haciendo alusi\u00f3n que trabaj\u00f3, luego de \u00a0 \u00a0 \u00a0 \u00a0 \u00a0que lleg\u00f3 a la casa de una se\u00f1ora Carolina Guzm\u00e1n, \u00a0 \u00a0 \u00a0 \u00a0 \u00a0en actividades varias, entre las que se tendr\u00eda la compra y \u00a0 \u00a0 \u00a0 \u00a0 \u00a0venta de predios, siendo el primero de aquellos, uno que consigui\u00f3 \u00a0 \u00a0 \u00a0 \u00a0 \u00a0en el a\u00f1o 1997, con aproximadamente 18 a\u00f1os de edad. \u00a0 \u00a0 \u00a0 \u00a0 \u00a0<\/p>\n<p>\u00a0\u00a0 \u00a0 \u00a0 \u00a0 \u00a0<\/p>\n<p>Asimismo, \u00a0 \u00a0 \u00a0 \u00a0 \u00a0la Fiscal\u00eda tambi\u00e9n dio cuenta que, la declaraci\u00f3n \u00a0 \u00a0 \u00a0 \u00a0 \u00a0de Aura In\u00e9s Bedoya de Gallo, progenitora de Jhon \u00a0 \u00a0 \u00a0 \u00a0 \u00a0Fredy Gallo Bedoya y \u00a0 \u00a0 \u00a0 \u00a0 \u00a0a quien le trasfiri\u00f3 el dominio \u00c1ngela T\u00e9llez, \u00a0 \u00a0 \u00a0 \u00a0 \u00a0no negar\u00eda que, a trav\u00e9s de aquella, se pretend\u00eda \u00a0 \u00a0 \u00a0 \u00a0 \u00a0disimular la pertenencia del bien. En esa l\u00ednea mostr\u00f3 \u00a0 \u00a0 \u00a0 \u00a0 \u00a0como ella, en la declaraci\u00f3n hasta ese momento obtenida, se \u00a0 \u00a0 \u00a0 \u00a0 \u00a0mostr\u00f3 ap\u00e1tica con el reconocimiento de la relaci\u00f3n \u00a0 \u00a0 \u00a0 \u00a0 \u00a0sentimental existente entre la vendedora del predio y su hijo, al \u00a0 \u00a0 \u00a0 \u00a0 \u00a0referirse como una novia -a pesar de que reconoci\u00f3 que ellos \u00a0 \u00a0 \u00a0 \u00a0 \u00a0tendr\u00edan dos hijos-, y la fuente los recursos que emple\u00f3 \u00a0 \u00a0 \u00a0 \u00a0 \u00a0la ubic\u00f3 en una \u201cherencia \u00a0 \u00a0 \u00a0 \u00a0 \u00a0que en vida\u201d \u00a0 \u00a0 \u00a0 \u00a0 \u00a0su progenitora le habr\u00eda dejado, es decir, antes de su \u00a0 \u00a0 \u00a0 \u00a0 \u00a0fallecimiento en el a\u00f1o 1990, al se\u00f1alar que su grupo \u00a0 \u00a0 \u00a0 \u00a0 \u00a0familiar decidi\u00f3 vender un bien, cuyo producto, le fue dejado \u00a0 \u00a0 \u00a0 \u00a0 \u00a0a su favor por ser la persona que se dedicaba a su cuidado. \u00a0 \u00a0 \u00a0 \u00a0 \u00a0<\/p>\n<p>\u00a0\u00a0 \u00a0 \u00a0 \u00a0 \u00a0<\/p>\n<p>Afirmaci\u00f3n \u00a0 \u00a0 \u00a0 \u00a0 \u00a0que no ten\u00eda respaldo alguno, al igual que, no se ofrec\u00eda \u00a0 \u00a0 \u00a0 \u00a0 \u00a0razonado que Aura In\u00e9s Bedoya de Gallo, guardara por \u00a0 \u00a0 \u00a0 \u00a0 \u00a0aproximadamente 13 a\u00f1os el dinero que dijo le fue entregado \u00a0 \u00a0 \u00a0 \u00a0 \u00a0como herencia, y solo cuando ya se hab\u00eda acabado la relaci\u00f3n \u00a0 \u00a0 \u00a0 \u00a0 \u00a0de \u00c1ngela Tique T\u00e9llez con su hijo, haya tomado \u00a0 \u00a0 \u00a0 \u00a0 \u00a0contacto con ella, para darle un uso a los recursos que desde hace \u00a0 \u00a0 \u00a0 \u00a0 \u00a0tanto tiempo ten\u00edan resguardados. \u00a0 \u00a0 \u00a0 \u00a0 \u00a0<\/p>\n<p>\u00a0\u00a0 \u00a0 \u00a0 \u00a0 \u00a0<\/p>\n<p>\u00a0\u00a0 \u00a0 \u00a0 \u00a0 \u00a0<\/p>\n<p>Panorama \u00a0 \u00a0 \u00a0 \u00a0 \u00a0que le permiti\u00f3 a la Magistratura con funci\u00f3n de \u00a0 \u00a0 \u00a0 \u00a0 \u00a0Control de Garant\u00edas de Bucaramanga, imponer medidas \u00a0 \u00a0 \u00a0 \u00a0 \u00a0cautelares sobre el bien en comento, \u00a0 \u00a0 \u00a0 \u00a0 \u00a0al \u00a0 \u00a0 \u00a0 \u00a0 \u00a0llegar a la inferencia de que ese inmueble s\u00ed ten\u00eda \u00a0 \u00a0 \u00a0 \u00a0 \u00a0nexos con la organizaci\u00f3n armada ilegal. As\u00ed razon\u00f3 \u00a0 \u00a0 \u00a0 \u00a0 \u00a0la funcionaria judicial: \u00a0 \u00a0 \u00a0 \u00a0 \u00a0<\/p>\n<p>\u00a0\u00a0 \u00a0 \u00a0 \u00a0 \u00a0<\/p>\n<p>\u00abLa \u00a0 \u00a0 \u00a0 \u00a0 \u00a0vinculaci\u00f3n o el nexo de este bien con el grupo armado ilegal \u00a0 \u00a0 \u00a0 \u00a0 \u00a0deviene de la misma cadena de tradici\u00f3n, donde se observa \u00a0 \u00a0 \u00a0 \u00a0 \u00a0como titular a la se\u00f1ora \u00c1ngela Patricia Tique T\u00e9llez, \u00a0 \u00a0 \u00a0 \u00a0 \u00a0quien seg\u00fan la anotaci\u00f3n dos del folio de matr\u00edcula \u00a0 \u00a0 \u00a0 \u00a0 \u00a0adquiri\u00f3 el 7 de julio del 2001, esta persona fue compa\u00f1era \u00a0 \u00a0 \u00a0 \u00a0 \u00a0sentimental del postulado John Fredy Gallo Bedoya, alias p\u00e1jaro, \u00a0 \u00a0 \u00a0 \u00a0 \u00a0escolta de Arnulfo Triana Mahecha, como se ha decantado en esta \u00a0 \u00a0 \u00a0 \u00a0 \u00a0jurisdicci\u00f3n y as\u00ed lo acept\u00f3 en versi\u00f3n \u00a0 \u00a0 \u00a0 \u00a0 \u00a0libre del 9 de marzo del 2015. Ver folio 43 de la carpeta del bien \u00a0 \u00a0 \u00a0 \u00a0 \u00a03, al se\u00f1alar que inici\u00f3 la convivencia marital con \u00a0 \u00a0 \u00a0 \u00a0 \u00a0\u00c1ngela Patricia en el a\u00f1o 1996, misma \u00e9poca en \u00a0 \u00a0 \u00a0 \u00a0 \u00a0que entr\u00f3 al grupo armado para militar bajo la Comandancia de \u00a0 \u00a0 \u00a0 \u00a0 \u00a0alias \u201cBotal\u00f3n\u201d. En cuanto a la capacidad \u00a0 \u00a0 \u00a0 \u00a0 \u00a0econ\u00f3mica de \u00c1ngela Patricia Tique T\u00e9llez para \u00a0 \u00a0 \u00a0 \u00a0 \u00a0adquirir este bien sin que hubiera intromisi\u00f3n de los dineros \u00a0 \u00a0 \u00a0 \u00a0 \u00a0il\u00edcitos devengados al interior de la organizaci\u00f3n por \u00a0 \u00a0 \u00a0 \u00a0 \u00a0su pareja, con quien conviv\u00eda aproximadamente 5 a\u00f1os \u00a0 \u00a0 \u00a0 \u00a0 \u00a0antes de la fecha de la compra, el mismo John Fredy gallo Bedolla \u00a0 \u00a0 \u00a0 \u00a0 \u00a0trata de mostrar en sus afirmaciones que \u00c1ngela era una mujer \u00a0 \u00a0 \u00a0 \u00a0 \u00a0muy trabajadora, multiplicadora de ganancias, habiendo comenzado con \u00a0 \u00a0 \u00a0 \u00a0 \u00a0la venta de frituras para luego convertirse en contratistas en \u00a0 \u00a0 \u00a0 \u00a0 \u00a0vendedora y compradora de inmuebles. Totalmente independiente de su \u00a0 \u00a0 \u00a0 \u00a0 \u00a0actividad delictiva, narrando inclusive que era ella quien le \u00a0 \u00a0 \u00a0 \u00a0 \u00a0colaboraba, pero estas afirmaciones no encuentran respaldo en \u00a0 \u00a0 \u00a0 \u00a0 \u00a0ninguna prueba y ni siquiera el mismo postulado hace un relato \u00a0 \u00a0 \u00a0 \u00a0 \u00a0concreto de la capacidad econ\u00f3mica de su compa\u00f1era, lo \u00a0 \u00a0 \u00a0 \u00a0 \u00a0cual resulta extra\u00f1o si se tiene en cuenta que la convivencia \u00a0 \u00a0 \u00a0 \u00a0 \u00a0se dio hasta el a\u00f1o 2002, seg\u00fan su mismo relato.<\/p>\n<p>Pero \u00a0 \u00a0 \u00a0 \u00a0 \u00a0m\u00e1s extra\u00f1o a\u00fan que no reclamara participaci\u00f3n \u00a0 \u00a0 \u00a0 \u00a0 \u00a0en ninguno de los bienes, al parecer obtenidos de manera l\u00edcita \u00a0 \u00a0 \u00a0 \u00a0 \u00a0por \u00c1ngela Patricia, pues ella se qued\u00f3 con todo. Esta \u00a0 \u00a0 \u00a0 \u00a0 \u00a0actitud del postulado permite inferir que trata de distraer este \u00a0 \u00a0 \u00a0 \u00a0 \u00a0bien, lo cual no resulta procedente, pues aunado a la titulaci\u00f3n \u00a0 \u00a0 \u00a0 \u00a0 \u00a0de su excompa\u00f1era, el bien fue transferido a la se\u00f1ora \u00a0 \u00a0 \u00a0 \u00a0 \u00a0madre del mismo postulado, Aura In\u00e9s Bedoya de Gallo. el 20 \u00a0 \u00a0 \u00a0 \u00a0 \u00a0de febrero de 2003, y aunque en versi\u00f3n libre del 16 de junio \u00a0 \u00a0 \u00a0 \u00a0 \u00a0de 2020, ver folio 66 de la carpeta 3, John Fredy Gallo Bedoya dice \u00a0 \u00a0 \u00a0 \u00a0 \u00a0que est\u00e1 tratando de indagar sobre los 7 predios que aparecen \u00a0 \u00a0 \u00a0 \u00a0 \u00a0a nombre de \u00c1ngela Patricia, pero que no le ha sido posible \u00a0 \u00a0 \u00a0 \u00a0 \u00a0porque no lleva buena relaci\u00f3n con ella y seg\u00fan \u00a0 \u00a0 \u00a0 \u00a0 \u00a0informaci\u00f3n del defensor, ella est\u00e1 preparando \u00a0 \u00a0 \u00a0 \u00a0 \u00a0informaci\u00f3n y pruebas con su abogada y contador para probar \u00a0 \u00a0 \u00a0 \u00a0 \u00a0su titularidad legal. Ello no ha ocurrido, luego no existe hasta el \u00a0 \u00a0 \u00a0 \u00a0 \u00a0momento ninguna prueba que permita analizar su real capacidad \u00a0 \u00a0 \u00a0 \u00a0 \u00a0econ\u00f3mica para adquirir este bien en el a\u00f1o 2001, \u00a0 \u00a0 \u00a0 \u00a0 \u00a0quedando sus afirmaciones en entrevista del 7 de octubre de 2020, \u00a0 \u00a0 \u00a0 \u00a0 \u00a0igualmente sin soporte probatorio. \u00a0 \u00a0 \u00a0 \u00a0 \u00a0<\/p>\n<p>Y \u00a0 \u00a0 \u00a0 \u00a0 \u00a0es que llama la atenci\u00f3n del despacho que \u00c1ngela \u00a0 \u00a0 \u00a0 \u00a0 \u00a0Patricia Tique se\u00f1ala que desde los 19 a\u00f1os ha sido \u00a0 \u00a0 \u00a0 \u00a0 \u00a0una negociante inquieta, ver folio 74, y sin embargo, no presenta \u00a0 \u00a0 \u00a0 \u00a0 \u00a0ninguna prueba de toda su actividad, a\u00fan sabiendo que la \u00a0 \u00a0 \u00a0 \u00a0 \u00a0Fiscal\u00eda est\u00e1 persiguiendo los bienes donde ella tuvo \u00a0 \u00a0 \u00a0 \u00a0 \u00a0titularidad y, adem\u00e1s, llama la atenci\u00f3n que para la \u00a0 \u00a0 \u00a0 \u00a0 \u00a0fecha de adquisici\u00f3n de este bien de acuerdo a su fecha de \u00a0 \u00a0 \u00a0 \u00a0 \u00a0nacimiento, 15 de enero de 1978, ver registro Civil folio 78, \u00a0 \u00a0 \u00a0 \u00a0 \u00a0contaba con tan solo 22 a\u00f1os de edad y 4 a\u00f1os de \u00a0 \u00a0 \u00a0 \u00a0 \u00a0convivencia con el postulado, aspecto que permite inferir que sus \u00a0 \u00a0 \u00a0 \u00a0 \u00a0recursos, al menos si se fundieron con los del postulado, s\u00ed \u00a0 \u00a0 \u00a0 \u00a0 \u00a0se fundieron con los del postulado, y en ese sentido se accede a la \u00a0 \u00a0 \u00a0 \u00a0 \u00a0petici\u00f3n del se\u00f1or fiscal, quedando el escenario del \u00a0 \u00a0 \u00a0 \u00a0 \u00a0incidente de oposici\u00f3n o levantamiento de la medida cautelar \u00a0 \u00a0 \u00a0 \u00a0 \u00a0para quien pretenda reclamar el mejor derecho.\u00bb12 \u00a0 \u00a0 \u00a0 \u00a0 \u00a0<\/p>\n<p>\u00a0\u00a0 \u00a0 \u00a0 \u00a0 \u00a0<\/p>\n<p>Siendo \u00a0 \u00a0 \u00a0 \u00a0 \u00a0este un tema que qued\u00f3 indemne en curso del presente \u00a0 \u00a0 \u00a0 \u00a0 \u00a0incidente de oposici\u00f3n, pues, aunque a petici\u00f3n del \u00a0 \u00a0 \u00a0 \u00a0 \u00a0proponente, se escuch\u00f3 a Jhon \u00a0 \u00a0 \u00a0 \u00a0 \u00a0Fredy Gallo Bedoya13 \u00a0 \u00a0 \u00a0 \u00a0 \u00a0y Aura In\u00e9s Bedoya de Gallo14, \u00a0 \u00a0 \u00a0 \u00a0 \u00a0\u00e9stos, en lo esencial, se ratificaron en los dicho en versi\u00f3n \u00a0 \u00a0 \u00a0 \u00a0 \u00a0libre y en declaraci\u00f3n que se aport\u00f3 para fundamentar \u00a0 \u00a0 \u00a0 \u00a0 \u00a0la imposici\u00f3n de medidas cautelares, sin aportar elementos \u00a0 \u00a0 \u00a0 \u00a0 \u00a0adicionales que permitieran descartar la inferencia ya explicada de \u00a0 \u00a0 \u00a0 \u00a0 \u00a0cara a que el bien reclamado, en realidad, s\u00ed ten\u00eda un \u00a0 \u00a0 \u00a0 \u00a0 \u00a0v\u00ednculo con la organizaci\u00f3n. \u00a0 \u00a0 \u00a0 \u00a0 \u00a0<\/p>\n<p>\u00a0\u00a0 \u00a0 \u00a0 \u00a0 \u00a0<\/p>\n<p>Ahora, \u00a0 \u00a0 \u00a0 \u00a0 \u00a0para definir la procedencia del levantamiento de las medidas \u00a0 \u00a0 \u00a0 \u00a0 \u00a0cautelares -seg\u00fan \u00a0 \u00a0 \u00a0 \u00a0 \u00a0se precis\u00f3 al inicio del aparte considerativo-, \u00a0 \u00a0 \u00a0 \u00a0 \u00a0es deber de la parte opositora, en este caso, Fanny Mart\u00ednez \u00a0 \u00a0 \u00a0 \u00a0 \u00a0de Rodr\u00edguez, demostrar la buena fe exenta de culpa con la \u00a0 \u00a0 \u00a0 \u00a0 \u00a0que actu\u00f3 en la adquisici\u00f3n de la casa ubicada en \u00a0 \u00a0 \u00a0 \u00a0 \u00a0calle 12 #4-39, en el municipio de Puerto Boyac\u00e1. \u00a0 \u00a0 \u00a0 \u00a0 \u00a0<\/p>\n<p>\u00a0\u00a0 \u00a0 \u00a0 \u00a0 \u00a0<\/p>\n<p>Con \u00a0 \u00a0 \u00a0 \u00a0 \u00a0dicha finalidad, en el incidente se escucharon, a petici\u00f3n \u00a0 \u00a0 \u00a0 \u00a0 \u00a0del proponente, los testimonios de Ruth Hern\u00e1ndez Sierra, Luz \u00a0 \u00a0 \u00a0 \u00a0 \u00a0Selly Londo\u00f1o Dur\u00e1n y Amparo Aguas Arguellez, personas \u00a0 \u00a0 \u00a0 \u00a0 \u00a0que, en lo esencial, aludieron la relaci\u00f3n de amistad que las \u00a0 \u00a0 \u00a0 \u00a0 \u00a0une con la incidentante durante varios a\u00f1os, lo que les \u00a0 \u00a0 \u00a0 \u00a0 \u00a0permit\u00eda sostener al un\u00edsono que Fanny Mart\u00ednez \u00a0 \u00a0 \u00a0 \u00a0 \u00a0de Rodr\u00edguez es una persona honesta y trabajadora, raz\u00f3n \u00a0 \u00a0 \u00a0 \u00a0 \u00a0por la que, expresaban su solidaridad con aquella ante el \u00a0 \u00a0 \u00a0 \u00a0 \u00a0procedimiento judicial en el que se ve involucrada la casa donde \u00a0 \u00a0 \u00a0 \u00a0 \u00a0actualmente habita. \u00a0 \u00a0 \u00a0 \u00a0 \u00a0<\/p>\n<p>\u00a0\u00a0 \u00a0 \u00a0 \u00a0 \u00a0<\/p>\n<p>Esas \u00a0 \u00a0 \u00a0 \u00a0 \u00a0deponentes, se\u00f1alaron que en efecto, en t\u00e9rminos \u00a0 \u00a0 \u00a0 \u00a0 \u00a0generales, conocen a Fanny Mart\u00ednez de Fern\u00e1ndez por \u00a0 \u00a0 \u00a0 \u00a0 \u00a0un tiempo superior a 30 a\u00f1os, destacando que sus actividades \u00a0 \u00a0 \u00a0 \u00a0 \u00a0econ\u00f3micas se han concentrado en la venta de arepas, tamales, \u00a0 \u00a0 \u00a0 \u00a0 \u00a0lavado de ropas, cuidado de ni\u00f1os, labores de costura, compra \u00a0 \u00a0 \u00a0 \u00a0 \u00a0y venta de bienes, y en los \u00faltimos a\u00f1os, como \u00a0 \u00a0 \u00a0 \u00a0 \u00a0estilista en el local que dispuso en la casa objeto de cautelas. \u00a0 \u00a0 \u00a0 \u00a0 \u00a0<\/p>\n<p>Sin \u00a0 \u00a0 \u00a0 \u00a0 \u00a0embargo, ninguna de ellas logr\u00f3 dar cuenta, debido a un \u00a0 \u00a0 \u00a0 \u00a0 \u00a0conocimiento personal, las gestiones o negociaciones que llev\u00f3 \u00a0 \u00a0 \u00a0 \u00a0 \u00a0a cabo Mart\u00ednez Fern\u00e1ndez para la adquisici\u00f3n \u00a0 \u00a0 \u00a0 \u00a0 \u00a0de bien, pues, la que m\u00e1s informaci\u00f3n dio, esto es, \u00a0 \u00a0 \u00a0 \u00a0 \u00a0Ruth Hern\u00e1ndez Sierra, simplemente indic\u00f3 que su amiga \u00a0 \u00a0 \u00a0 \u00a0 \u00a0le hab\u00eda contado que iba a adquirir la casa sin hacerle \u00a0 \u00a0 \u00a0 \u00a0 \u00a0precisi\u00f3n de dato adicional. \u00a0 \u00a0 \u00a0 \u00a0 \u00a0<\/p>\n<p>\u00a0\u00a0 \u00a0 \u00a0 \u00a0 \u00a0<\/p>\n<p>De \u00a0 \u00a0 \u00a0 \u00a0 \u00a0modo que, estas declaraciones no son \u00fatiles para acreditar la \u00a0 \u00a0 \u00a0 \u00a0 \u00a0buena fe cualificada que se exige en estos tr\u00e1mites de \u00a0 \u00a0 \u00a0 \u00a0 \u00a0oposici\u00f3n a las medidas cautelares de embargo, secuestro y \u00a0 \u00a0 \u00a0 \u00a0 \u00a0suspensi\u00f3n del poder dispositivo, pues de manera alguna \u00a0 \u00a0 \u00a0 \u00a0 \u00a0entregaban informaci\u00f3n de c\u00f3mo se hizo la negociaci\u00f3n \u00a0 \u00a0 \u00a0 \u00a0 \u00a0del predio y las gestiones que antecedieron a la compra. \u00a0 \u00a0 \u00a0 \u00a0 \u00a0<\/p>\n<p>\u00a0\u00a0 \u00a0 \u00a0 \u00a0 \u00a0<\/p>\n<p>En \u00a0 \u00a0 \u00a0 \u00a0 \u00a0lo que s\u00ed fueron \u00fatiles, fue para establecer las \u00a0 \u00a0 \u00a0 \u00a0 \u00a0condiciones de orden p\u00fablico que el municipio de Puerto \u00a0 \u00a0 \u00a0 \u00a0 \u00a0Boyac\u00e1 enfrent\u00f3 en los a\u00f1os 80, 90 e inicios de \u00a0 \u00a0 \u00a0 \u00a0 \u00a0los a\u00f1os 2000. Ello, porque todas ellas, terminaron por \u00a0 \u00a0 \u00a0 \u00a0 \u00a0reconocer la presencia paramilitar en el municipio, al igual que, el \u00a0 \u00a0 \u00a0 \u00a0 \u00a0mando que ejerc\u00eda en \u00e9l esa organizaci\u00f3n. \u00a0 \u00a0 \u00a0 \u00a0 \u00a0<\/p>\n<p>\u00a0\u00a0 \u00a0 \u00a0 \u00a0 \u00a0<\/p>\n<p>As\u00ed, \u00a0 \u00a0 \u00a0 \u00a0 \u00a0de manera t\u00edmida, dijeron que en municipio el grupo \u00a0 \u00a0 \u00a0 \u00a0 \u00a0paramilitar era el que mandaba, reconociendo que comet\u00edan \u00a0 \u00a0 \u00a0 \u00a0 \u00a0homicidios, solo que ellas, dicen, se manten\u00edan al margen de \u00a0 \u00a0 \u00a0 \u00a0 \u00a0ello, precisamente, para evitar problemas personales o que \u00a0 \u00a0 \u00a0 \u00a0 \u00a0involucrasen a su familia; adem\u00e1s que, en esa localidad, s\u00ed \u00a0 \u00a0 \u00a0 \u00a0 \u00a0se instal\u00f3 la valla que la autoproclamada \u201ccapital \u00a0 \u00a0 \u00a0 \u00a0 \u00a0antisubversiva de Colombia\u201d \u00a0 \u00a0 \u00a0 \u00a0 \u00a0y s\u00ed escucharon \u00a0 \u00a0 \u00a0 \u00a0 \u00a0el alias \u201cel \u00a0 \u00a0 \u00a0 \u00a0 \u00a0p\u00e1jaro\u201d \u00a0 \u00a0 \u00a0 \u00a0 \u00a0sin saber su nombre de pila y, menos, tratar con \u00e9l. \u00a0 \u00a0 \u00a0 \u00a0 \u00a0<\/p>\n<p>\u00a0\u00a0 \u00a0 \u00a0 \u00a0 \u00a0<\/p>\n<p>Situaci\u00f3n \u00a0 \u00a0 \u00a0 \u00a0 \u00a0que, como ya lo tiene sentado la Sala al resolver casos similares, \u00a0 \u00a0 \u00a0 \u00a0 \u00a0impon\u00eda elevar el grado de cuidado en la adquisici\u00f3n \u00a0 \u00a0 \u00a0 \u00a0 \u00a0de los bienes, por ser una regi\u00f3n azotada por la violencia. \u00a0 \u00a0 \u00a0 \u00a0 \u00a0<\/p>\n<p>\u00a0\u00a0 \u00a0 \u00a0 \u00a0 \u00a0<\/p>\n<p>Cuidado \u00a0 \u00a0 \u00a0 \u00a0 \u00a0y diligencia que no se constat\u00f3, pues, sobre este aspecto, la \u00a0 \u00a0 \u00a0 \u00a0 \u00a0prueba que cobra mayor relevancia es la testificaci\u00f3n de la \u00a0 \u00a0 \u00a0 \u00a0 \u00a0propia incidentante, Fanny Mart\u00ednez de Fern\u00e1ndez, \u00a0 \u00a0 \u00a0 \u00a0 \u00a0quien neg\u00f3 la ejecuci\u00f3n de labores m\u00ednimas de \u00a0 \u00a0 \u00a0 \u00a0 \u00a0b\u00fasqueda de informaci\u00f3n sobre el origen del bien o sus \u00a0 \u00a0 \u00a0 \u00a0 \u00a0anteriores propietarios. \u00a0 \u00a0 \u00a0 \u00a0 \u00a0<\/p>\n<p>\u00a0\u00a0 \u00a0 \u00a0 \u00a0 \u00a0<\/p>\n<p>Fue \u00a0 \u00a0 \u00a0 \u00a0 \u00a0clara esta deponente en indicar que no indag\u00f3 de forma alguna \u00a0 \u00a0 \u00a0 \u00a0 \u00a0por la persona que le vend\u00eda el bien, y menos por aquellas \u00a0 \u00a0 \u00a0 \u00a0 \u00a0que la antecedieron en la cadena de tradiciones, pues dice, se \u00a0 \u00a0 \u00a0 \u00a0 \u00a0conform\u00f3 con obtener un certificado de libertad y tradici\u00f3n, \u00a0 \u00a0 \u00a0 \u00a0 \u00a0en el cual verific\u00f3 la ausencia de limitaciones al derecho de \u00a0 \u00a0 \u00a0 \u00a0 \u00a0propiedad, con lo cual, procedi\u00f3 a hacer la compra. \u00a0 \u00a0 \u00a0 \u00a0 \u00a0<\/p>\n<p>\u00a0\u00a0 \u00a0 \u00a0 \u00a0 \u00a0<\/p>\n<p>En \u00a0 \u00a0 \u00a0 \u00a0 \u00a0ese sentido, sin dubitaci\u00f3n alguna reconoci\u00f3 que no \u00a0 \u00a0 \u00a0 \u00a0 \u00a0hizo ninguna indagaci\u00f3n sobre los propietarios del bien y \u00a0 \u00a0 \u00a0 \u00a0 \u00a0menos, si pod\u00edan tener v\u00ednculos con grupos \u00a0 \u00a0 \u00a0 \u00a0 \u00a0paramilitares. \u00a0 \u00a0 \u00a0 \u00a0 \u00a0<\/p>\n<p>\u00a0\u00a0 \u00a0 \u00a0 \u00a0 \u00a0<\/p>\n<p>Incluso, \u00a0 \u00a0 \u00a0 \u00a0 \u00a0en su declaraci\u00f3n hace referencia que ella ni siquiera busc\u00f3 \u00a0 \u00a0 \u00a0 \u00a0 \u00a0el bien, pues simplemente, le fue referido por un tercero a quien \u00a0 \u00a0 \u00a0 \u00a0 \u00a0identific\u00f3 como \u201cmilagros\u201d \u00a0 \u00a0 \u00a0 \u00a0 \u00a0-no \u00a0 \u00a0 \u00a0 \u00a0 \u00a0sabe su nombre ni si ese era su apellido-, \u00a0 \u00a0 \u00a0 \u00a0 \u00a0de quien dijo, sab\u00eda que a ella le gustaba comprar bienes \u00a0 \u00a0 \u00a0 \u00a0 \u00a0para pintarlos y luego venderlos, habi\u00e9ndose entonces \u00a0 \u00a0 \u00a0 \u00a0 \u00a0acercado a la casa, donde dice, la atendi\u00f3 una se\u00f1ora \u00a0 \u00a0 \u00a0 \u00a0 \u00a0\u201cPatricia\u201d, \u00a0 \u00a0 \u00a0 \u00a0 \u00a0que ten\u00eda dos ni\u00f1os, quien le pidi\u00f3 una suma de \u00a0 \u00a0 \u00a0 \u00a0 \u00a0dinero elevada, lo que de forma inicial le hizo perder el inter\u00e9s \u00a0 \u00a0 \u00a0 \u00a0 \u00a0ante su falta de capacidad econ\u00f3mica. \u00a0 \u00a0 \u00a0 \u00a0 \u00a0<\/p>\n<p>Se\u00f1al\u00f3 \u00a0 \u00a0 \u00a0 \u00a0 \u00a0que fue en d\u00edas posteriores, que por llamado de esa mujer, \u00a0 \u00a0 \u00a0 \u00a0 \u00a0motiv\u00e1ndola para que comprara el bien, tuvieron encuentros \u00a0 \u00a0 \u00a0 \u00a0 \u00a0adicionales, en los cuales, la se\u00f1ora le bajo el precio, que \u00a0 \u00a0 \u00a0 \u00a0 \u00a0no tiene claro pero era cercano a los 38 millones de pesos; del \u00a0 \u00a0 \u00a0 \u00a0 \u00a0cual, se pact\u00f3 la entrega de, una parte, en efectivo y, de \u00a0 \u00a0 \u00a0 \u00a0 \u00a0otra, un lote, por valor aproximado de 2 millones. \u00a0 \u00a0 \u00a0 \u00a0 \u00a0<\/p>\n<p>En \u00a0 \u00a0 \u00a0 \u00a0 \u00a0esos t\u00e9rminos, cont\u00f3, se concret\u00f3 el negocio \u00a0 \u00a0 \u00a0 \u00a0 \u00a0jur\u00eddico, raz\u00f3n por la que acudi\u00f3 a la notar\u00eda \u00a0 \u00a0 \u00a0 \u00a0 \u00a0a firmar escritura, momento donde dice, conoci\u00f3 a Aura In\u00e9s \u00a0 \u00a0 \u00a0 \u00a0 \u00a0Bedoya de Gallo quien aparec\u00eda como vendedora, pues durante \u00a0 \u00a0 \u00a0 \u00a0 \u00a0la negociaci\u00f3n no tuvo contacto con ella. Precis\u00f3 que, \u00a0 \u00a0 \u00a0 \u00a0 \u00a0en anterior ocasi\u00f3n la hab\u00eda saludado sin saber de \u00a0 \u00a0 \u00a0 \u00a0 \u00a0qui\u00e9n se trataba, y lo fue en un contexto totalmente ajeno a \u00a0 \u00a0 \u00a0 \u00a0 \u00a0esta compraventa, pues, fue cuando pasando por otro sector del \u00a0 \u00a0 \u00a0 \u00a0 \u00a0pueblo, pregunt\u00f3 por una casa en venta que al verificarla en \u00a0 \u00a0 \u00a0 \u00a0 \u00a0ruinas no le interes\u00f3. \u00a0 \u00a0 \u00a0 \u00a0 \u00a0<\/p>\n<p>\u00a0\u00a0 \u00a0 \u00a0 \u00a0 \u00a0<\/p>\n<p>Lo \u00a0 \u00a0 \u00a0 \u00a0 \u00a0cual llama la atenci\u00f3n, porque de acuerdo con su dicho, tuvo \u00a0 \u00a0 \u00a0 \u00a0 \u00a0oportunidad de revisar el certificado de libertad y tradici\u00f3n, \u00a0 \u00a0 \u00a0 \u00a0 \u00a0documento que le debi\u00f3 permitir darse cuenta que la persona \u00a0 \u00a0 \u00a0 \u00a0 \u00a0con quien negociaba ni siquiera era la propietaria de la vivienda, \u00a0 \u00a0 \u00a0 \u00a0 \u00a0pues refiri\u00f3 que su interlocutora era una se\u00f1ora de \u00a0 \u00a0 \u00a0 \u00a0 \u00a0nombre \u201cPatricia\u201d, \u00a0 \u00a0 \u00a0 \u00a0 \u00a0lo cual, deb\u00eda resultarle extra\u00f1o, m\u00e1xime, \u00a0 \u00a0 \u00a0 \u00a0 \u00a0cuando, seg\u00fan lo advirti\u00f3 ella y sus amigas que \u00a0 \u00a0 \u00a0 \u00a0 \u00a0comparecieron al incidente, entre las actividades econ\u00f3micas \u00a0 \u00a0 \u00a0 \u00a0 \u00a0que desarrollaba Fanny Mart\u00ednez, \u00e9sta no era la \u00a0 \u00a0 \u00a0 \u00a0 \u00a0primera vez que realizaba este tipo de transacciones, pues, se dijo, \u00a0 \u00a0 \u00a0 \u00a0 \u00a0que a veces compraba casas, para realizarle mejoras y luego \u00a0 \u00a0 \u00a0 \u00a0 \u00a0venderlas. \u00a0 \u00a0 \u00a0 \u00a0 \u00a0<\/p>\n<p>\u00a0\u00a0 \u00a0 \u00a0 \u00a0 \u00a0<\/p>\n<p>Sin \u00a0 \u00a0 \u00a0 \u00a0 \u00a0embargo, en este puntual asunto, hizo la negociaci\u00f3n sin \u00a0 \u00a0 \u00a0 \u00a0 \u00a0ninguna atenci\u00f3n de que quien le ofreci\u00f3 el bien, no \u00a0 \u00a0 \u00a0 \u00a0 \u00a0era la propietaria de \u00e9l; ni explic\u00f3, por ejemplo, que \u00a0 \u00a0 \u00a0 \u00a0 \u00a0mediara alg\u00fan tipo de autorizaci\u00f3n en tal sentido. \u00a0 \u00a0 \u00a0 \u00a0 \u00a0<\/p>\n<p>\u00a0\u00a0 \u00a0 \u00a0 \u00a0 \u00a0<\/p>\n<p>Tampoco \u00a0 \u00a0 \u00a0 \u00a0 \u00a0repar\u00f3 en que el bien bajara de precio y le fuera \u00a0 \u00a0 \u00a0 \u00a0 \u00a0recurrentemente ofertado, pues aunque refiri\u00f3 que no \u00a0 \u00a0 \u00a0 \u00a0 \u00a0recordaba cuanto le fue pedido de forma inicial, indic\u00f3 que \u00a0 \u00a0 \u00a0 \u00a0 \u00a0pod\u00eda ser 60, 50 o 40 millones, pero al advertir que no pod\u00eda \u00a0 \u00a0 \u00a0 \u00a0 \u00a0pagarlo, no insisti\u00f3, siendo su interlocutora la que inst\u00f3 \u00a0 \u00a0 \u00a0 \u00a0 \u00a0la venta, reduciendo su valor, a $38.000.000 o $39.000.000, no \u00a0 \u00a0 \u00a0 \u00a0 \u00a0recuerda por cuanto cerr\u00f3 el negocio y no lo puede precisar \u00a0 \u00a0 \u00a0 \u00a0 \u00a0ahora, ya que en la escritura se puso otro precio, dice, no sabe por \u00a0 \u00a0 \u00a0 \u00a0 \u00a0qu\u00e9, pero cree que fue por tema de impuestos (el \u00a0 \u00a0 \u00a0 \u00a0 \u00a0valor consignado en la escritura fue de $6.600.000)15, \u00a0 \u00a0 \u00a0 \u00a0 \u00a0todo en un tiempo de 20 d\u00edas aproximadamente. \u00a0 \u00a0 \u00a0 \u00a0 \u00a0<\/p>\n<p>\u00a0\u00a0 \u00a0 \u00a0 \u00a0 \u00a0<\/p>\n<p>Panorama \u00a0 \u00a0 \u00a0 \u00a0 \u00a0que altera, en los t\u00e9rminos que se vienen explicando, la \u00a0 \u00a0 \u00a0 \u00a0 \u00a0aseveraci\u00f3n del apoderado promotor en este incidente y su \u00a0 \u00a0 \u00a0 \u00a0 \u00a0recurso, seg\u00fan la cual, agot\u00f3 la compradora acciones \u00a0 \u00a0 \u00a0 \u00a0 \u00a0prudentes en la adquisici\u00f3n de la vivienda. \u00a0 \u00a0 \u00a0 \u00a0 \u00a0<\/p>\n<p>\u00a0\u00a0 \u00a0 \u00a0 \u00a0 \u00a0<\/p>\n<p>Sin \u00a0 \u00a0 \u00a0 \u00a0 \u00a0que adem\u00e1s, en este asunto, se haya acreditado con \u00a0 \u00a0 \u00a0 \u00a0 \u00a0suficiencia la capacidad adquisitiva de la compradora, pues, siendo \u00a0 \u00a0 \u00a0 \u00a0 \u00a0oficios varios a los que se ocup\u00f3 a lo largo de su vida, as\u00ed, \u00a0 \u00a0 \u00a0 \u00a0 \u00a0actividades informales como la venta de arepas, tamales, lavado de \u00a0 \u00a0 \u00a0 \u00a0 \u00a0ropas y costura, tuviese los recursos disponibles para cancelar, en \u00a0 \u00a0 \u00a0 \u00a0 \u00a0efectivo y en un solo contado, m\u00e1s de 30 millones de pesos. \u00a0 \u00a0 \u00a0 \u00a0 \u00a0<\/p>\n<p>\u00a0\u00a0 \u00a0 \u00a0 \u00a0 \u00a0<\/p>\n<p>As\u00ed, \u00a0 \u00a0 \u00a0 \u00a0 \u00a0sostuvo la opositora, que ella es una persona muy ahorrativa que no \u00a0 \u00a0 \u00a0 \u00a0 \u00a0hac\u00eda uso de productos financieros, a tal punto que el dinero \u00a0 \u00a0 \u00a0 \u00a0 \u00a0que entreg\u00f3, lo ten\u00eda resguardado en su casa ya que no \u00a0 \u00a0 \u00a0 \u00a0 \u00a0los guardaba en el banco debido a los costos que le pod\u00eda \u00a0 \u00a0 \u00a0 \u00a0 \u00a0generar, a lo que se sumaba, que no le gustaba deberle a nadie, sino \u00a0 \u00a0 \u00a0 \u00a0 \u00a0cancelar sus compromisos de forma inmediata -esta \u00a0 \u00a0 \u00a0 \u00a0 \u00a0afirmaci\u00f3n la realiz\u00f3 al expresar que la vendedora \u00a0 \u00a0 \u00a0 \u00a0 \u00a0incluso le dijo que le fiaba, pero ella no acept\u00f3-. \u00a0 \u00a0 \u00a0 \u00a0 \u00a0<\/p>\n<p>Y \u00a0 \u00a0 \u00a0 \u00a0 \u00a0que la primera \u201ccasita\u201d \u00a0 \u00a0 \u00a0 \u00a0 \u00a0que adquiri\u00f3 lo hizo con el premio de un chance, m\u00e1s \u00a0 \u00a0 \u00a0 \u00a0 \u00a0ahorros, lo que le permiti\u00f3 desempe\u00f1arse en la \u00a0 \u00a0 \u00a0 \u00a0 \u00a0compraventa de bienes, de manera sucesiva. \u00a0 \u00a0 \u00a0 \u00a0 \u00a0<\/p>\n<p>Aseveraciones \u00a0 \u00a0 \u00a0 \u00a0 \u00a0que no refrend\u00f3 con el aporte de elementos de persuasi\u00f3n \u00a0 \u00a0 \u00a0 \u00a0 \u00a0que determinaran sus ingresos y capacidad de ahorro. \u00a0 \u00a0 \u00a0 \u00a0 \u00a0<\/p>\n<p>\u00a0\u00a0 \u00a0 \u00a0 \u00a0 \u00a0<\/p>\n<p>De \u00a0 \u00a0 \u00a0 \u00a0 \u00a0manera que, los anteriores razonamientos no permiten asumir que \u00a0 \u00a0 \u00a0 \u00a0 \u00a0Fanny Mart\u00ednez de Fern\u00e1ndez actu\u00f3 con la suma \u00a0 \u00a0 \u00a0 \u00a0 \u00a0diligencia que se exige para acceder a una solicitud como la ac\u00e1 \u00a0 \u00a0 \u00a0 \u00a0 \u00a0realizada, pues, es la misma interesada, quien dice que no hizo \u00a0 \u00a0 \u00a0 \u00a0 \u00a0ninguna averiguaci\u00f3n y pens\u00f3 que bastaba la ausencia \u00a0 \u00a0 \u00a0 \u00a0 \u00a0de grav\u00e1menes en el certificado de libertad y tradici\u00f3n. \u00a0 \u00a0 \u00a0 \u00a0 \u00a0<\/p>\n<p>\u00a0\u00a0 \u00a0 \u00a0 \u00a0 \u00a0<\/p>\n<p>Es \u00a0 \u00a0 \u00a0 \u00a0 \u00a0decir, se atuvo a esa consideraci\u00f3n, y no le interes\u00f3 \u00a0 \u00a0 \u00a0 \u00a0 \u00a0verificar si quiera los t\u00edtulos de tradici\u00f3n \u00a0 \u00a0 \u00a0 \u00a0 \u00a0anteriores -dijo \u00a0 \u00a0 \u00a0 \u00a0 \u00a0que consigui\u00f3 las dem\u00e1s escrituras cuando ya lo \u00a0 \u00a0 \u00a0 \u00a0 \u00a0compr\u00f3, porque le gusta guardar los documentos-, \u00a0 \u00a0 \u00a0 \u00a0 \u00a0y conocer con quien hac\u00eda negocios, a pesar de sab\u00eda \u00a0 \u00a0 \u00a0 \u00a0 \u00a0que esa zona estaba bajo el dominio de los paramilitares. \u00a0 \u00a0 \u00a0 \u00a0 \u00a0<\/p>\n<p>\u00a0\u00a0 \u00a0 \u00a0 \u00a0 \u00a0<\/p>\n<p>Y \u00a0 \u00a0 \u00a0 \u00a0 \u00a0si lo anterior fuera insuficiente, tampoco qued\u00f3 claro la \u00a0 \u00a0 \u00a0 \u00a0 \u00a0manera en que se negoci\u00f3 la compraventa del bien, pues la \u00a0 \u00a0 \u00a0 \u00a0 \u00a0versi\u00f3n de la compradora y ac\u00e1 incidentante, no se \u00a0 \u00a0 \u00a0 \u00a0 \u00a0corrobor\u00f3 con lo relatado por la vendedora Aura In\u00e9s \u00a0 \u00a0 \u00a0 \u00a0 \u00a0Bedoya de Gallo, pues, en su testificaci\u00f3n al interior de \u00a0 \u00a0 \u00a0 \u00a0 \u00a0este incidente, narr\u00f3 que ella s\u00ed tuvo interlocuci\u00f3n \u00a0 \u00a0 \u00a0 \u00a0 \u00a0directa con Mart\u00ednez de Fern\u00e1ndez, y que fue \u00e9sta \u00a0 \u00a0 \u00a0 \u00a0 \u00a0la que mostr\u00f3 inter\u00e9s en el bien -luego \u00a0 \u00a0 \u00a0 \u00a0 \u00a0de que Fanny acudiera al ver el aviso de venta que hab\u00eda \u00a0 \u00a0 \u00a0 \u00a0 \u00a0dispuesto en el lugar-, \u00a0 \u00a0 \u00a0 \u00a0 \u00a0acudiendo ante ella, para lograr un acuerdo en el precio y su pago. \u00a0 \u00a0 \u00a0 \u00a0 \u00a0<\/p>\n<p>\u00a0\u00a0 \u00a0 \u00a0 \u00a0 \u00a0<\/p>\n<p>Lo \u00a0 \u00a0 \u00a0 \u00a0 \u00a0que deja en duda lo indicado por Fanny Mart\u00ednez de Fern\u00e1ndez, \u00a0 \u00a0 \u00a0 \u00a0 \u00a0pues, mientras Aura In\u00e9s indic\u00f3 que se entendi\u00f3 \u00a0 \u00a0 \u00a0 \u00a0 \u00a0de forma directa con la segunda, \u00e9sta, neg\u00f3 \u00a0 \u00a0 \u00a0 \u00a0 \u00a0interacci\u00f3n con ella antes de la suscripci\u00f3n de la \u00a0 \u00a0 \u00a0 \u00a0 \u00a0correspondiente escritura. \u00a0 \u00a0 \u00a0 \u00a0 \u00a0<\/p>\n<p>\u00a0\u00a0 \u00a0 \u00a0 \u00a0 \u00a0<\/p>\n<p>Y \u00a0 \u00a0 \u00a0 \u00a0 \u00a0de admitirse la segunda narraci\u00f3n, es decir, la de Aura In\u00e9s \u00a0 \u00a0 \u00a0 \u00a0 \u00a0Gallo de Bedoya, queda en evidencia la posibilidad efectiva que tuvo \u00a0 \u00a0 \u00a0 \u00a0 \u00a0Fanny Mart\u00ednez de interactuar con la compradora del bien e \u00a0 \u00a0 \u00a0 \u00a0 \u00a0indagar sobre \u00e9l y con ello, acceder al enterarse de los \u00a0 \u00a0 \u00a0 \u00a0 \u00a0v\u00ednculos que ten\u00eda aquel con un miembro de la \u00a0 \u00a0 \u00a0 \u00a0 \u00a0organizaci\u00f3n paramilitar \u00a0 \u00a0 \u00a0 \u00a0 \u00a0<\/p>\n<p>\u00a0\u00a0 \u00a0 \u00a0 \u00a0 \u00a0<\/p>\n<p>As\u00ed \u00a0 \u00a0 \u00a0 \u00a0 \u00a0las cosas, para la Sala, resulta acertado el raciocinio expuesto por \u00a0 \u00a0 \u00a0 \u00a0 \u00a0el Magistrado con Funci\u00f3n de Control de Garant\u00edas de \u00a0 \u00a0 \u00a0 \u00a0 \u00a0primera instancia, cuando concluye que la promotora del incidente de \u00a0 \u00a0 \u00a0 \u00a0 \u00a0oposici\u00f3n, no demostr\u00f3, como estaba obligada, a \u00a0 \u00a0 \u00a0 \u00a0 \u00a0mostrar que realiz\u00f3 acciones m\u00ednimas de indagaci\u00f3n \u00a0 \u00a0 \u00a0 \u00a0 \u00a0sobre el origen del bien y con ello, conocer el v\u00ednculo del \u00a0 \u00a0 \u00a0 \u00a0 \u00a0inmueble con la organizaci\u00f3n paramilitar. \u00a0 \u00a0 \u00a0 \u00a0 \u00a0<\/p>\n<p>\u00a0\u00a0 \u00a0 \u00a0 \u00a0 \u00a0<\/p>\n<p>Mismas \u00a0 \u00a0 \u00a0 \u00a0 \u00a0que no se mostraban de elevada dificultad o imposible cumplimiento, \u00a0 \u00a0 \u00a0 \u00a0 \u00a0pues, bastaba por indagar por los nombres registrados en el \u00a0 \u00a0 \u00a0 \u00a0 \u00a0certificado, los cuales, en un municipio con presencia notable del \u00a0 \u00a0 \u00a0 \u00a0 \u00a0grupo paramilitar, era razonable determinar la familiaridad de las \u00a0 \u00a0 \u00a0 \u00a0 \u00a0personas con uno de los comandantes de la organizaci\u00f3n armada \u00a0 \u00a0 \u00a0 \u00a0 \u00a0ilegal, esto es, que le estaba comprando a la madre de un \u00a0 \u00a0 \u00a0 \u00a0 \u00a0paramilitar reconocido en la zona, e incluso, que la anterior \u00a0 \u00a0 \u00a0 \u00a0 \u00a0detentora de su derecho de dominio fue su compa\u00f1era \u00a0 \u00a0 \u00a0 \u00a0 \u00a0sentimental. \u00a0 \u00a0 \u00a0 \u00a0 \u00a0<\/p>\n<p>\u00a0\u00a0 \u00a0 \u00a0 \u00a0 \u00a0<\/p>\n<p>Y \u00a0 \u00a0 \u00a0 \u00a0 \u00a0se dice que ello era posible, ya que el alias de \u201cp\u00e1jaro\u201d \u00a0 \u00a0 \u00a0 \u00a0 \u00a0con el que se identificaba a Jhon \u00a0 \u00a0 \u00a0 \u00a0 \u00a0Jairo Gallo Bedoya, \u00a0 \u00a0 \u00a0 \u00a0 \u00a0era de renombre en el municipio, pues tanto, la incidentante, como \u00a0 \u00a0 \u00a0 \u00a0 \u00a0amigas declarantes admitieron escuchar tal sobrenombre. \u00a0 \u00a0 \u00a0 \u00a0 \u00a0<\/p>\n<p>\u00a0\u00a0 \u00a0 \u00a0 \u00a0 \u00a0<\/p>\n<p>De \u00a0 \u00a0 \u00a0 \u00a0 \u00a0modo que, ese escenario impide asumir que se trata de una tercera de \u00a0 \u00a0 \u00a0 \u00a0 \u00a0buena fe exenta de culpa, dado que un ejercicio m\u00ednimo de \u00a0 \u00a0 \u00a0 \u00a0 \u00a0constataci\u00f3n del predio en el sector o de los propietarios \u00a0 \u00a0 \u00a0 \u00a0 \u00a0registrados en los folios de matr\u00edcula, hubiese bastado para \u00a0 \u00a0 \u00a0 \u00a0 \u00a0despertar alertas sobre la vinculaci\u00f3n del inmueble con la \u00a0 \u00a0 \u00a0 \u00a0 \u00a0organizaci\u00f3n paramilitar. \u00a0 \u00a0 \u00a0 \u00a0 \u00a0<\/p>\n<p>\u00a0\u00a0 \u00a0 \u00a0 \u00a0 \u00a0<\/p>\n<p>En \u00a0 \u00a0 \u00a0 \u00a0 \u00a0consecuencia, al no demostrarse los presupuestos de la buena fe \u00a0 \u00a0 \u00a0 \u00a0 \u00a0exenta de culpa por parte de Fanny Mart\u00ednez de Fern\u00e1ndez, \u00a0 \u00a0 \u00a0 \u00a0 \u00a0se impone confirmar el auto apelado. \u00a0 \u00a0 \u00a0 \u00a0 \u00a0<\/p>\n<p>\u00a0\u00a0 \u00a0 \u00a0 \u00a0 \u00a0<\/p>\n<p>En \u00a0 \u00a0 \u00a0 \u00a0 \u00a0m\u00e9rito de lo expuesto, la CORTE SUPREMA DE JUSTICIA, SALA DE \u00a0 \u00a0 \u00a0 \u00a0 \u00a0CASACI\u00d3N PENAL, \u00a0 \u00a0 \u00a0 \u00a0 \u00a0<\/p>\n<p>\u00a0\u00a0 \u00a0 \u00a0 \u00a0 \u00a0<\/p>\n<p>RESUELVE: \u00a0 \u00a0 \u00a0 \u00a0 \u00a0<\/p>\n<p>\u00a0\u00a0 \u00a0 \u00a0 \u00a0 \u00a0<\/p>\n<p>1\u00ba. \u00a0 \u00a0 \u00a0 \u00a0 \u00a0CONFIRMAR la \u00a0 \u00a0 \u00a0 \u00a0 \u00a0decisi\u00f3n del \u00a0 \u00a0 \u00a0 \u00a0 \u00a01\u00ba de noviembre de 2023, emitida por un Magistrado de Control \u00a0 \u00a0 \u00a0 \u00a0 \u00a0de Garant\u00edas de Justicia y Paz de Medell\u00edn, por cuyo \u00a0 \u00a0 \u00a0 \u00a0 \u00a0medio resolvi\u00f3 no ordenar el levantamiento de las medidas de \u00a0 \u00a0 \u00a0 \u00a0 \u00a0embargo, secuestro y suspensi\u00f3n del poder dispositivo que \u00a0 \u00a0 \u00a0 \u00a0 \u00a0recaen sobre el inmueble identificado con matr\u00edcula \u00a0 \u00a0 \u00a0 \u00a0 \u00a0inmobiliaria 088-10617, \u00a0 \u00a0 \u00a0 \u00a0 \u00a0ubicado en el municipio de Puerto Boyac\u00e1, dentro del proceso \u00a0 \u00a0 \u00a0 \u00a0 \u00a0que se sigue en contra de Jhon \u00a0 \u00a0 \u00a0 \u00a0 \u00a0Fredy Gallo Bedoya. \u00a0 \u00a0 \u00a0 \u00a0 \u00a0<\/p>\n<p>\u00a0\u00a0 \u00a0 \u00a0 \u00a0 \u00a0<\/p>\n<p>2\u00ba. \u00a0 \u00a0 \u00a0 \u00a0 \u00a0DEVOLVER la \u00a0 \u00a0 \u00a0 \u00a0 \u00a0actuaci\u00f3n al Tribunal de origen. \u00a0 \u00a0 \u00a0 \u00a0 \u00a0<\/p>\n<p>\u00a0\u00a0 \u00a0 \u00a0 \u00a0 \u00a0<\/p>\n<p>3\u00b0. \u00a0 \u00a0 \u00a0 \u00a0 \u00a0Contra esta decisi\u00f3n no procede ning\u00fan recurso. \u00a0 \u00a0 \u00a0 \u00a0 \u00a0<\/p>\n<p>\u00a0\u00a0 \u00a0 \u00a0 \u00a0 \u00a0<\/p>\n<p>NOTIF\u00cdQUESE \u00a0 \u00a0 \u00a0 \u00a0 \u00a0Y C\u00daMPLASE. \u00a0 \u00a0 \u00a0 \u00a0 \u00a0<\/p>\n<p>\u00a0\u00a0 \u00a0 \u00a0 \u00a0 \u00a0<\/p>\n<p>\u00a0\u00a0 \u00a0 \u00a0 \u00a0 \u00a0<\/p>\n<p>\u00a0\u00a0 \u00a0 \u00a0 \u00a0 \u00a0<\/p>\n<p>\u00a0\u00a0 \u00a0 \u00a0 \u00a0 \u00a0<\/p>\n<p>DIEGO \u00a0 \u00a0 \u00a0 \u00a0 \u00a0EUGENIO CORREDOR BELTR\u00c1N\u202f\u00a0 \u00a0 \u00a0 \u00a0 \u00a0 \u00a0<\/p>\n<p>Presidente\u202f\u00a0 \u00a0 \u00a0 \u00a0 \u00a0 \u00a0<\/p>\n<p>\u202f\u00a0 \u00a0 \u00a0 \u00a0 \u00a0 \u00a0<\/p>\n<p>\u202f\u00a0 \u00a0 \u00a0 \u00a0 \u00a0 \u00a0<\/p>\n<p>\u202f\u00a0 \u00a0 \u00a0 \u00a0 \u00a0 \u00a0<\/p>\n<p>\u202f\u00a0 \u00a0 \u00a0 \u00a0 \u00a0 \u00a0<\/p>\n<p>\u00a0\u00a0 \u00a0 \u00a0 \u00a0 \u00a0<\/p>\n<p>\u00a0\u00a0 \u00a0 \u00a0 \u00a0 \u00a0<\/p>\n<p>\u202f\u00a0 \u00a0 \u00a0 \u00a0 \u00a0 \u00a0<\/p>\n<p>\u00a0\u00a0 \u00a0 \u00a0 \u00a0 \u00a0<\/p>\n<p>MYRIAM \u00a0 \u00a0 \u00a0 \u00a0 \u00a0\u00c1VILA ROLD\u00c1N\u202f\u202f\u00a0 \u00a0 \u00a0 \u00a0 \u00a0 \u00a0<\/p>\n<p>\u202f\u00a0 \u00a0 \u00a0 \u00a0 \u00a0 \u00a0<\/p>\n<p>\u202f\u00a0 \u00a0 \u00a0 \u00a0 \u00a0 \u00a0<\/p>\n<p>\u202f\u00a0 \u00a0 \u00a0 \u00a0 \u00a0 \u00a0<\/p>\n<p>\u202f\u00a0 \u00a0 \u00a0 \u00a0 \u00a0 \u00a0<\/p>\n<p>\u202f\u00a0 \u00a0 \u00a0 \u00a0 \u00a0 \u00a0<\/p>\n<p>\u00a0\u00a0 \u00a0 \u00a0 \u00a0 \u00a0<\/p>\n<p>\u00a0\u00a0 \u00a0 \u00a0 \u00a0 \u00a0<\/p>\n<p>GERARDO \u00a0 \u00a0 \u00a0 \u00a0 \u00a0BARBOSA CASTILLO\u202f\u00a0 \u00a0 \u00a0 \u00a0 \u00a0 \u00a0<\/p>\n<p>\u202f\u00a0 \u00a0 \u00a0 \u00a0 \u00a0 \u00a0<\/p>\n<p>\u202f\u00a0 \u00a0 \u00a0 \u00a0 \u00a0 \u00a0<\/p>\n<p>\u202f\u00a0 \u00a0 \u00a0 \u00a0 \u00a0 \u00a0<\/p>\n<p>\u202f\u00a0 \u00a0 \u00a0 \u00a0 \u00a0 \u00a0<\/p>\n<p>\u202f\u00a0 \u00a0 \u00a0 \u00a0 \u00a0 \u00a0<\/p>\n<p>\u00a0\u00a0 \u00a0 \u00a0 \u00a0 \u00a0<\/p>\n<p>\u00a0\u00a0 \u00a0 \u00a0 \u00a0 \u00a0<\/p>\n<p>\u00a0\u00a0 \u00a0 \u00a0 \u00a0 \u00a0<\/p>\n<p>\u00a0\u00a0 \u00a0 \u00a0 \u00a0 \u00a0<\/p>\n<p>\u00a0\u00a0 \u00a0 \u00a0 \u00a0 \u00a0<\/p>\n<p>\u00a0\u00a0 \u00a0 \u00a0 \u00a0 \u00a0<\/p>\n<p>FERNANDO \u00a0 \u00a0 \u00a0 \u00a0 \u00a0LE\u00d3N BOLA\u00d1OS PALACIOS\u202f\u00a0 \u00a0 \u00a0 \u00a0 \u00a0 \u00a0<\/p>\n<p>\u202f\u00a0 \u00a0 \u00a0 \u00a0 \u00a0 \u00a0<\/p>\n<p>\u202f\u00a0 \u00a0 \u00a0 \u00a0 \u00a0 \u00a0<\/p>\n<p>\u202f\u00a0 \u00a0 \u00a0 \u00a0 \u00a0 \u00a0<\/p>\n<p>\u202f\u00a0 \u00a0 \u00a0 \u00a0 \u00a0 \u00a0<\/p>\n<p>\u00a0\u00a0 \u00a0 \u00a0 \u00a0 \u00a0<\/p>\n<p>\u202f\u00a0 \u00a0 \u00a0 \u00a0 \u00a0 \u00a0<\/p>\n<p>\u00a0\u00a0 \u00a0 \u00a0 \u00a0 \u00a0<\/p>\n<p>\u00a0\u00a0 \u00a0 \u00a0 \u00a0 \u00a0<\/p>\n<p>\u00a0\u00a0 \u00a0 \u00a0 \u00a0 \u00a0<\/p>\n<p>GERSON \u00a0 \u00a0 \u00a0 \u00a0 \u00a0CHAVERRA CASTRO\u202f \u00a0 \u00a0 \u00a0 \u00a0 \u00a0<\/p>\n<p>\u202f\u00a0 \u00a0 \u00a0 \u00a0 \u00a0 \u00a0<\/p>\n<p>\u202f\u00a0 \u00a0 \u00a0 \u00a0 \u00a0 \u00a0<\/p>\n<p>\u202f\u00a0 \u00a0 \u00a0 \u00a0 \u00a0 \u00a0<\/p>\n<p>\u202f\u00a0 \u00a0 \u00a0 \u00a0 \u00a0 \u00a0<\/p>\n<p>\u00a0\u00a0 \u00a0 \u00a0 \u00a0 \u00a0<\/p>\n<p>\u00a0\u00a0 \u00a0 \u00a0 \u00a0 \u00a0<\/p>\n<p>\u00a0\u00a0 \u00a0 \u00a0 \u00a0 \u00a0<\/p>\n<p>\u00a0\u00a0 \u00a0 \u00a0 \u00a0 \u00a0<\/p>\n<p>\u00a0\u00a0 \u00a0 \u00a0 \u00a0 \u00a0<\/p>\n<p>JORGE \u00a0 \u00a0 \u00a0 \u00a0 \u00a0HERN\u00c1N D\u00cdAZ SOTO\u202f\u00a0 \u00a0 \u00a0 \u00a0 \u00a0 \u00a0<\/p>\n<p>\u202f\u00a0 \u00a0 \u00a0 \u00a0 \u00a0 \u00a0<\/p>\n<p>\u202f\u00a0 \u00a0 \u00a0 \u00a0 \u00a0 \u00a0<\/p>\n<p>\u202f\u00a0 \u00a0 \u00a0 \u00a0 \u00a0 \u00a0<\/p>\n<p>\u202f\u00a0 \u00a0 \u00a0 \u00a0 \u00a0 \u00a0<\/p>\n<p>\u202f\u00a0 \u00a0 \u00a0 \u00a0 \u00a0 \u00a0<\/p>\n<p>\u00a0\u00a0 \u00a0 \u00a0 \u00a0 \u00a0<\/p>\n<p>\u00a0\u00a0 \u00a0 \u00a0 \u00a0 \u00a0<\/p>\n<p>\u00a0\u00a0 \u00a0 \u00a0 \u00a0 \u00a0<\/p>\n<p>LUIS \u00a0 \u00a0 \u00a0 \u00a0 \u00a0ANTONIO HERN\u00c1NDEZ BARBOSA\u202f\u00a0 \u00a0 \u00a0 \u00a0 \u00a0 \u00a0<\/p>\n<p>\u202f\u00a0 \u00a0 \u00a0 \u00a0 \u00a0 \u00a0<\/p>\n<p>\u202f\u00a0 \u00a0 \u00a0 \u00a0 \u00a0 \u00a0<\/p>\n<p>\u202f\u00a0 \u00a0 \u00a0 \u00a0 \u00a0 \u00a0<\/p>\n<p>\u202f\u00a0 \u00a0 \u00a0 \u00a0 \u00a0 \u00a0<\/p>\n<p>\u202f\u00a0 \u00a0 \u00a0 \u00a0 \u00a0 \u00a0<\/p>\n<p>\u202f\u00a0 \u00a0 \u00a0 \u00a0 \u00a0 \u00a0<\/p>\n<p>\u00a0\u00a0 \u00a0 \u00a0 \u00a0 \u00a0<\/p>\n<p>\u00a0\u00a0 \u00a0 \u00a0 \u00a0 \u00a0<\/p>\n<p>\u00a0\u00a0 \u00a0 \u00a0 \u00a0 \u00a0<\/p>\n<p>\u00a0\u00a0 \u00a0 \u00a0 \u00a0 \u00a0<\/p>\n<p>\u00a0\u00a0 \u00a0 \u00a0 \u00a0 \u00a0<\/p>\n<p>\u00a0\u00a0 \u00a0 \u00a0 \u00a0 \u00a0<\/p>\n<p>\u00a0\u00a0 \u00a0 \u00a0 \u00a0 \u00a0<\/p>\n<p>HUGO \u00a0 \u00a0 \u00a0 \u00a0 \u00a0QUINTERO BERNATE \u00a0 \u00a0 \u00a0 \u00a0 \u00a0<\/p>\n<p>\u00a0\u00a0 \u00a0 \u00a0 \u00a0 \u00a0<\/p>\n<p>\u00a0\u00a0 \u00a0 \u00a0 \u00a0 \u00a0<\/p>\n<p>\u00a0\u00a0 \u00a0 \u00a0 \u00a0 \u00a0<\/p>\n<p>\u00a0\u00a0 \u00a0 \u00a0 \u00a0 \u00a0<\/p>\n<p>\u00a0\u00a0 \u00a0 \u00a0 \u00a0 \u00a0<\/p>\n<p>\u00a0\u00a0 \u00a0 \u00a0 \u00a0 \u00a0<\/p>\n<p>\u00a0\u00a0 \u00a0 \u00a0 \u00a0 \u00a0<\/p>\n<p>\u00a0\u00a0 \u00a0 \u00a0 \u00a0 \u00a0<\/p>\n<p>CARLOS \u00a0 \u00a0 \u00a0 \u00a0 \u00a0ROBERTO SOL\u00d3RZANO GARAVITO\u202f\u00a0 \u00a0 \u00a0 \u00a0 \u00a0 \u00a0<\/p>\n<p>\u202f\u00a0 \u00a0 \u00a0 \u00a0 \u00a0 \u00a0<\/p>\n<p>\u202f\u00a0 \u00a0 \u00a0 \u00a0 \u00a0 \u00a0<\/p>\n<p>\u00a0\u00a0 \u00a0 \u00a0 \u00a0 \u00a0<\/p>\n<p>\u00a0\u00a0 \u00a0 \u00a0 \u00a0 \u00a0<\/p>\n<p>\u00a0\u00a0 \u00a0 \u00a0 \u00a0 \u00a0<\/p>\n<p>\u202f\u00a0 \u00a0 \u00a0 \u00a0 \u00a0 \u00a0<\/p>\n<p>\u202f\u00a0 \u00a0 \u00a0 \u00a0 \u00a0 \u00a0<\/p>\n<p>\u202f\u00a0 \u00a0 \u00a0 \u00a0 \u00a0 \u00a0<\/p>\n<p>NUBIA \u00a0 \u00a0 \u00a0 \u00a0 \u00a0YOLANDA NOVA GARC\u00cdA\u202f\u00a0 \u00a0 \u00a0 \u00a0 \u00a0 \u00a0<\/p>\n<p>Secretaria \u00a0<\/p>\n<p>2 \u00a0 \u00a0 \u00a0 \u00a0 \u00a0Audio \u00a0 \u00a0 \u00a0 \u00a0 \u00a0de la audiencia del 16 de noviembre de 2023, a partir del minuto \u00a0 \u00a0 \u00a0 \u00a0 \u00a046:00 \u00a0<\/p>\n<p>3 \u00a0 \u00a0 \u00a0 \u00a0 \u00a0Audio \u00a0 \u00a0 \u00a0 \u00a0 \u00a0de la audiencia del 16 de noviembre de 2023, a partir del minuto \u00a0 \u00a0 \u00a0 \u00a0 \u00a056:11 \u00a0<\/p>\n<p>4 \u00a0 \u00a0 \u00a0 \u00a0 \u00a0Audio \u00a0 \u00a0 \u00a0 \u00a0 \u00a0de la audiencia del 16 de noviembre de 2023, a partir de la hora \u00a0 \u00a0 \u00a0 \u00a0 \u00a001:02:00 \u00a0<\/p>\n<p>5 \u00a0 \u00a0 \u00a0 \u00a0 \u00a0Esta postulaci\u00f3n fue analizada por el Magistrado con funci\u00f3n \u00a0 \u00a0 \u00a0 \u00a0 \u00a0de Control de Garant\u00edas y, al constatar que el apoderado de \u00a0 \u00a0 \u00a0 \u00a0 \u00a0la incidentante s\u00ed sustent\u00f3 en debida forma el \u00a0 \u00a0 \u00a0 \u00a0 \u00a0recurso, al objetar los argumentos de la decisi\u00f3n, lo \u00a0 \u00a0 \u00a0 \u00a0 \u00a0concedi\u00f3 ante la Corte Suprema de Justicia. \u00a0<\/p>\n<p>6 \u00a0 \u00a0 \u00a0 \u00a0 \u00a0Cfr. Registro del audio \u201c68001221900120200005900s20210088581 \u00a0 \u00a0 \u00a0 \u00a0 \u00a002_24_2021 03_30 PM UTC.mp4\u201d \u00a0<\/p>\n<p>7 \u00a0 \u00a0 \u00a0 \u00a0 \u00a0Cfr. Archivo \u201cCARPETA RESERVADA PREDIO 088-10614.pdf\u201d \u00a0<\/p>\n<p>8 \u00a0 \u00a0 \u00a0 \u00a0 \u00a0As\u00ed se puede constatar del informe de investigador del \u00a0 \u00a0 \u00a0 \u00a0 \u00a027 de julio de 2015, a trav\u00e9s del cual, se dej\u00f3 \u00a0 \u00a0 \u00a0 \u00a0 \u00a0sentado el perfil patrimonial de \u00c1ngela Patricia Tique \u00a0 \u00a0 \u00a0 \u00a0 \u00a0T\u00e9llez, en el cual se indic\u00f3 la ausencia de \u00a0 \u00a0 \u00a0 \u00a0 \u00a0informaci\u00f3n financiera para los a\u00f1os 1988 al 2003, en \u00a0 \u00a0 \u00a0 \u00a0 \u00a0los cuales realiz\u00f3 transacciones sobre bienes. a trav\u00e9s \u00a0 \u00a0 \u00a0 \u00a0 \u00a0del cual, se dej\u00f3 sentado el perfil patrimonial de \u00c1ngela \u00a0 \u00a0 \u00a0 \u00a0 \u00a0Patricia Tique T\u00e9llez, en el cual se indic\u00f3 la \u00a0 \u00a0 \u00a0 \u00a0 \u00a0ausencia de informaci\u00f3n financiera para los a\u00f1os 1988 \u00a0 \u00a0 \u00a0 \u00a0 \u00a0al 2003, en los cuales realiz\u00f3 transacciones sobre bienes. \u00a0 \u00a0 \u00a0 \u00a0 \u00a0Cfr. Archivo \u201cOTRAS PRUEBAS.pdf\u201d \u00a0<\/p>\n<p>9 \u00a0 \u00a0 \u00a0 \u00a0 \u00a0La compraventa qued\u00f3 registrada en escritura 545 del 7 de \u00a0 \u00a0 \u00a0 \u00a0 \u00a0julio de 2021, cfr. \u00a0 \u00a0 \u00a0 \u00a0 \u00a0\u201cPREDIO \u00a0 \u00a0 \u00a0 \u00a0 \u00a0088-10614 CARPETA 1.pdf\u201d \u00a0<\/p>\n<p>10 \u00a0 \u00a0 \u00a0 \u00a0 \u00a0Escritura \u00a0 \u00a0 \u00a0 \u00a0 \u00a0p\u00fablica 109 del 20 de febrero de 2023, cfr. \u201cPREDIO \u00a0 \u00a0 \u00a0 \u00a0 \u00a0088-10614 CARPETA 1.pdf\u201d \u00a0<\/p>\n<p>11 \u00a0 \u00a0 \u00a0 \u00a0 \u00a0Cfr. \u201cPREDIO 088-10614 CARPETA 1.pdf\u201d \u00a0<\/p>\n<p>12 \u00a0 \u00a0 \u00a0 \u00a0 \u00a0Cfr. Audio \u201c68001221900120200005100s20210098228 03_05_2021 \u00a0 \u00a0 \u00a0 \u00a0 \u00a004_19 PM UTC.mp4\u201d \u00a0<\/p>\n<p>13 \u00a0 \u00a0 \u00a0 \u00a0 \u00a0Audiencia del 14 de junio de 2022 \u00a0<\/p>\n<p>14 \u00a0 \u00a0 \u00a0 \u00a0 \u00a0Audiencia del 6 de julio de 2022 \u00a0<\/p>\n<p>15 \u00a0 \u00a0 \u00a0 \u00a0 \u00a0Cfr. \u00a0 \u00a0 \u00a0 \u00a0 \u00a0Escritura 827, del 4 de noviembre de 2023. Visible en \u201cPREDIO \u00a0 \u00a0 \u00a0 \u00a0 \u00a0088-10614 CARPETA 1.pdf\u201d \u00a0<\/p>\n<p>15 \u00a0 \u00a0 \u00a0<\/p>\n<p><\/p>\n","protected":false},"excerpt":{"rendered":"<p>\u00a0 \u00a0 \u00a0 CUI 11001600025320068000204 \u00a0 \u00a0 \u00a0 \u00a0 \u00a0 N.I. 65307 \u00a0 \u00a0 \u00a0 \u00a0 \u00a0 Segunda Instancia Justicia y \u00a0 \u00a0 \u00a0 \u00a0 \u00a0Paz \u00a0 \u00a0 \u00a0 \u00a0 \u00a0 Jhon Fredy Gallo Bedoya \u00a0 \u00a0 \u00a0 \u00a0 \u00a0 \u00a0 \u00a0\u00a0 GERSON \u00a0 \u00a0 \u00a0 \u00a0 \u00a0CHAVERRA CASTRO \u00a0 \u00a0 \u00a0 \u00a0 \u00a0 Magistrado [&hellip;]<\/p>\n","protected":false},"author":1,"featured_media":0,"comment_status":"open","ping_status":"open","sticky":false,"template":"","format":"standard","meta":{"footnotes":""},"categories":[75],"tags":[],"class_list":["post-76686","post","type-post","status-publish","format-standard","hentry","category-marzo-2024"],"_links":{"self":[{"href":"https:\/\/dmsjuridica.com\/buscador_20179478954\/salapenalcronologico20230723\/wp-json\/wp\/v2\/posts\/76686","targetHints":{"allow":["GET"]}}],"collection":[{"href":"https:\/\/dmsjuridica.com\/buscador_20179478954\/salapenalcronologico20230723\/wp-json\/wp\/v2\/posts"}],"about":[{"href":"https:\/\/dmsjuridica.com\/buscador_20179478954\/salapenalcronologico20230723\/wp-json\/wp\/v2\/types\/post"}],"author":[{"embeddable":true,"href":"https:\/\/dmsjuridica.com\/buscador_20179478954\/salapenalcronologico20230723\/wp-json\/wp\/v2\/users\/1"}],"replies":[{"embeddable":true,"href":"https:\/\/dmsjuridica.com\/buscador_20179478954\/salapenalcronologico20230723\/wp-json\/wp\/v2\/comments?post=76686"}],"version-history":[{"count":0,"href":"https:\/\/dmsjuridica.com\/buscador_20179478954\/salapenalcronologico20230723\/wp-json\/wp\/v2\/posts\/76686\/revisions"}],"wp:attachment":[{"href":"https:\/\/dmsjuridica.com\/buscador_20179478954\/salapenalcronologico20230723\/wp-json\/wp\/v2\/media?parent=76686"}],"wp:term":[{"taxonomy":"category","embeddable":true,"href":"https:\/\/dmsjuridica.com\/buscador_20179478954\/salapenalcronologico20230723\/wp-json\/wp\/v2\/categories?post=76686"},{"taxonomy":"post_tag","embeddable":true,"href":"https:\/\/dmsjuridica.com\/buscador_20179478954\/salapenalcronologico20230723\/wp-json\/wp\/v2\/tags?post=76686"}],"curies":[{"name":"wp","href":"https:\/\/api.w.org\/{rel}","templated":true}]}}