{"id":76561,"date":"2024-04-24T20:20:46","date_gmt":"2024-04-24T20:20:46","guid":{"rendered":"https:\/\/dmsjuridica.com\/buscador_20179478954\/salapenalcronologico20230723\/2024\/04\/24\/ap1344-202446592editada\/"},"modified":"2024-04-24T20:20:46","modified_gmt":"2024-04-24T20:20:46","slug":"ap1344-202446592editada","status":"publish","type":"post","link":"https:\/\/dmsjuridica.com\/buscador_20179478954\/salapenalcronologico20230723\/2024\/04\/24\/ap1344-202446592editada\/","title":{"rendered":"AP1344-2024(46592)EDITADA"},"content":{"rendered":"\n<p>\u00a0 \u00a0 \u00a0 \u00a0\u00a0<\/p>\n<p>HUGO QUINTERO \u00a0BERNATE \u00a0<\/p>\n<p>Magistrado \u00a0Ponente \u00a0<\/p>\n<p>AP1344-2024 \u00a0<\/p>\n<p>Radicaci\u00f3n \u00a0n\u00b0 46592 \u00a0<\/p>\n<p>Acta \u00a0No. 045 \u00a0<\/p>\n<p>\u00a0 \u00a0<\/p>\n<p>\u00a0 \u00a0<\/p>\n<p>Bogot\u00e1 \u00a0D.C., seis (06) de marzo de dos mil veinticuatro (2024). \u00a0<\/p>\n<p>ASUNTO \u00a0<\/p>\n<p>Se \u00a0pronuncia la Sala frente a la solicitud del ciudadano FJAD \u00a0consistente en la supresi\u00f3n de los datos relacionados con la \u00a0actuaci\u00f3n penal que la autoridad judicial siguiera en su \u00a0contra. \u00a0<\/p>\n<p>ANTECEDENTES: \u00a0<\/p>\n<p>1. \u00a0Mediante providencia AP4683-2015 \u00a0del 19 de agosto de 2015, la Sala de Casaci\u00f3n Penal defini\u00f3 \u00a0la competencia para conocer la fase de juicio dentro del proceso \u00a0seguido en contra de\u00a0FJAD \u00a0y otro, por los delitos de tentativa de homicidio y porte ilegal de \u00a0armas de fuego. \u00a0<\/p>\n<p>2. \u00a0A trav\u00e9s de escrito de fecha 19 de diciembre de 2023, el se\u00f1or \u00a0AD \u00a0radic\u00f3 \u00a0ante el \u00a0Centro de Servicios del Sistema Penal Acusatorio de Neiva la \u00a0siguiente petici\u00f3n: \u00a0<\/p>\n<p>\u2026comedidamente \u00a0solicito ocultamiento al p\u00fablico del proceso con radicaci\u00f3n \u00a0n\u00famero\u2026 que se sigui\u00f3 en mi contra\u2026 como \u00a0sustento mi petici\u00f3n el derecho de habeas Data que me asiste, \u00a0adem\u00e1s la Corte Suprema en sentencia de tutela STP11620-2018, \u00a0Rad. 98979 del 06 SEP 2018\u2026 consider\u00f3 en punto de la \u00a0supresi\u00f3n de informaci\u00f3n relacionada con antecedentes \u00a0penales, de base de Datos, reiter\u00f3 posici\u00f3n anterior a \u00a0trav\u00e9s del cual se estableci\u00f3 la vulneraci\u00f3n de \u00a0derechos fundamentales a la persona objeto de condena con pena ya \u00a0cumplida o prescrita\u2026 \u00a0<\/p>\n<p>3. \u00a0La doctora Diana \u00a0Lorena Medina Trujillo, quien funge como Jueza Coordinadora de la \u00a0mencionada dependencia judicial, corri\u00f3 traslado del pedido a \u00a0la Corte, tras apuntar que, una vez hecha la verificaci\u00f3n en \u00a0la Consulta de Procesos Nacional Unificada (CPNU), de la Rama \u00a0Judicial y sistema de informaci\u00f3n judicial Justicia XXI, \u00a0encontr\u00f3 registro de actuaci\u00f3n surtida ante esta \u00a0Corporaci\u00f3n dentro del procesamiento referido por el \u00a0requirente. \u00a0<\/p>\n<p>CONSIDERACIONES \u00a0<\/p>\n<p>1. \u00a0En camino hacia la determinaci\u00f3n a adoptar, se \u00a0ha de apuntar que en autos CSJ \u00a0AP, 19 ago. 2015, rad. 20889 y CSJ AP, 15 feb. 2017, rad. 26288, \u00a0reiterados \u00a0recientemente en providencia CSJ \u00a0AP, 26 ene. 2022, rad. 42706, \u00a0la Sala se\u00f1al\u00f3 lo siguiente sobre las solicitudes de \u00a0anonimizaci\u00f3n: \u00a0<\/p>\n<p>Al \u00a0ponderar la tensi\u00f3n entre el derecho a la intimidad y al buen \u00a0nombre (\u2026), con el deber de divulgaci\u00f3n de las \u00a0sentencias judiciales, la Sala ha se\u00f1alado que si bien sus \u00a0providencias condenatorias o referidas a fallos de condena \u2013como \u00a0ocurre en este caso- se deben ofrecer \u00edntegras al p\u00fablico \u00a0en general, permitiendo as\u00ed que los ciudadanos accedan a ellas \u00a0mediante los buscadores web, lo cierto es que en virtud del derecho \u00a0al olvido y el principio de caducidad de dato negativo, se impone \u00a0suprimir los nombres de las personas condenadas cuando jur\u00eddicamente \u00a0se ha declarado el cumplimiento de la pena o su prescripci\u00f3n. \u00a0<\/p>\n<p>Desde luego, se \u00a0precis\u00f3 que en las mismas decisiones citadas, el documento se \u00a0mantendr\u00e1 \u00edntegro en los archivos de la Corporaci\u00f3n, \u00a0conforme las reglas del derecho de acceso a la informaci\u00f3n \u00a0p\u00fablica y podr\u00e1 consultarse directamente en las \u00a0oficinas donde reposa. \u00a0<\/p>\n<p>De \u00a0igual modo, frente a aquellos \u00a0casos en los que se haya declarado extinguidas las penas, bien sea \u00a0por prescripci\u00f3n o por liberaci\u00f3n definitiva, expres\u00f3: \u00a0<\/p>\n<p>Cuando se \u00a0compruebe que judicialmente se declar\u00f3 cumplida o prescrita la \u00a0pena, se suprimir\u00e1n de las bases de datos de acceso abierto \u00a0los nombres de las personas condenadas, salvo en los eventos en que \u00a0la ley obligue a conservar p\u00fablica esa informaci\u00f3n en \u00a0todo tiempo. No obstante, se mantendr\u00e1 el documento \u00edntegro \u00a0en los archivos de la Corporaci\u00f3n. Este, bajo los preceptos \u00a0legales que rigen el derecho de acceso a la informaci\u00f3n \u00a0p\u00fablica, podr\u00e1 consultarse directamente en las oficinas \u00a0en las cuales reposa.1 \u00a0<\/p>\n<p>2. \u00a0Pues bien, en el asunto de la referencia la Corte emiti\u00f3 el \u00a0auto\u00a0AP4683-2015 \u00a0del \u00a0que se desprende que FJAD \u00a0fue \u00a0sometido a un proceso penal, por el que, seg\u00fan \u00e9ste \u00a0refiri\u00f3, se profiri\u00f3 una sentencia de condena en su \u00a0contra. \u00a0<\/p>\n<p>Vista \u00a0la informaci\u00f3n aportada junto a la solicitud, de esta se \u00a0desprende que la pena que le fue impuesta al mencionado se\u00f1or \u00a0ya fue ejecutada, certeza que deriva de lo registrado en el auto del \u00a025 de octubre de 2022 en el que el Juzgado 1\u00b0 de Ejecuci\u00f3n \u00a0de Penas y Medidas de Seguridad de Neiva resolvi\u00f3: \u201cDECLARAR \u00a0en favor de FJAD, la LIBERACION DEFINITIVA de las penas principales y \u00a0accesorias impuestas en el fallo indicado en precedencia\u2026 En \u00a0consecuencia, DECRETAR la extinci\u00f3n de la pena a favor de \u00a0FJAD, por cumplimiento de la pena impuesta&#8230;\u201d. \u00a0<\/p>\n<p>Asimismo, \u00a0pudo establecerse que, a trav\u00e9s de la providencia emitida por \u00a0esta Judicatura, todav\u00eda es posible para terceros acceder a la \u00a0informaci\u00f3n que da cuenta del procesamiento que se le \u00a0adelantara al aludido ciudadano2, \u00a0misma que puede ser hallada ingresando su nombre en el portal de \u00a0consulta de procesos de la p\u00e1gina web \u00a0de la Rama Judicial, as\u00ed como en el buscador jurisprudencial \u00a0de esta Corporaci\u00f3n. \u00a0<\/p>\n<p>Entonces, siendo \u00a0un hecho cierto que judicialmente se ha declarado la extinci\u00f3n \u00a0de la pena, \u00a0la Sala ordena \u00a0a \u00a0la oficina de sistemas de la Corporaci\u00f3n que realice las \u00a0gestiones pertinentes para efectuar la anonimizaci\u00f3n \u00a0de los datos concernientes al asunto de la referencia, de manera que \u00a0aquel no sea accesible en el portal de consulta \u00a0de procesos \u00a0de la p\u00e1gina web \u00a0de la Rama Judicial mediante el ingreso del nombre del petente. \u00a0Igualmente, se ordena a la Relator\u00eda de esta Corporaci\u00f3n \u00a0que suprima del buscador jurisprudencial todo aquel contenido que \u00a0permita individualizar o identificar a la referida persona. \u00a0<\/p>\n<p>Inf\u00f3rmese \u00a0de esta decisi\u00f3n al peticionario. \u00a0<\/p>\n<p>COMUN\u00cdQUESE \u00a0Y C\u00daMPLASE. \u00a0<\/p>\n<p>DIEGO EUGENIO \u00a0CORREDOR BELTR\u00c1N \u00a0<\/p>\n<p>Presidente \u00a0<\/p>\n<p>MYRIAM \u00c1VILA \u00a0ROLD\u00c1N \u00a0<\/p>\n<p>GERARDO BARBOSA \u00a0CASTILLO \u00a0<\/p>\n<p>FERNANDO LE\u00d3N \u00a0BOLA\u00d1OS PALACIOS \u00a0<\/p>\n<p>GERSON CHAVERRA \u00a0CASTRO \u00a0<\/p>\n<p>JORGE HERN\u00c1N \u00a0D\u00cdAZ SOTO \u00a0<\/p>\n<p>LUIS ANTONIO \u00a0HERN\u00c1NDEZ BARBOSA \u00a0<\/p>\n<p>HUGO QUINTERO \u00a0BERNATE \u00a0<\/p>\n<p>CARLOS ROBERTO \u00a0SOL\u00d3RZANO GARAVITO \u00a0<\/p>\n<p>NUBIA YOLANDA \u00a0NOVA GARC\u00cdA \u00a0<\/p>\n<p>SECRETARIA \u00a0<\/p>\n<p>1 \u00a0 \u00a0 \u00a0 \u00a0 \u00a0Auto \u00a0 \u00a0 \u00a0 \u00a0 \u00a0CSJ AP, 19 ago. 2015, rad. 20889. \u00a0<\/p>\n<p>2 \u00a0 \u00a0 \u00a0 \u00a0 \u00a0En \u00a0 \u00a0 \u00a0 \u00a0 \u00a0el aparte de los hechos se registra su nombre, as\u00ed como el \u00a0 \u00a0 \u00a0 \u00a0 \u00a0comportamiento contra derecho por el que se le sancion\u00f3. \u00a0<\/p>\n<p>\u00a0 \u00a0 \u00a0\u00a0<\/p>\n<p><\/p>\n","protected":false},"excerpt":{"rendered":"<p>\u00a0 \u00a0 \u00a0 \u00a0\u00a0 HUGO QUINTERO \u00a0BERNATE \u00a0 Magistrado \u00a0Ponente \u00a0 AP1344-2024 \u00a0 Radicaci\u00f3n \u00a0n\u00b0 46592 \u00a0 Acta \u00a0No. 045 \u00a0 \u00a0 \u00a0 \u00a0 \u00a0 Bogot\u00e1 \u00a0D.C., seis (06) de marzo de dos mil veinticuatro (2024). \u00a0 ASUNTO \u00a0 Se \u00a0pronuncia la Sala frente a la solicitud del ciudadano FJAD \u00a0consistente en la supresi\u00f3n de [&hellip;]<\/p>\n","protected":false},"author":1,"featured_media":0,"comment_status":"open","ping_status":"open","sticky":false,"template":"","format":"standard","meta":{"footnotes":""},"categories":[75],"tags":[],"class_list":["post-76561","post","type-post","status-publish","format-standard","hentry","category-marzo-2024"],"_links":{"self":[{"href":"https:\/\/dmsjuridica.com\/buscador_20179478954\/salapenalcronologico20230723\/wp-json\/wp\/v2\/posts\/76561","targetHints":{"allow":["GET"]}}],"collection":[{"href":"https:\/\/dmsjuridica.com\/buscador_20179478954\/salapenalcronologico20230723\/wp-json\/wp\/v2\/posts"}],"about":[{"href":"https:\/\/dmsjuridica.com\/buscador_20179478954\/salapenalcronologico20230723\/wp-json\/wp\/v2\/types\/post"}],"author":[{"embeddable":true,"href":"https:\/\/dmsjuridica.com\/buscador_20179478954\/salapenalcronologico20230723\/wp-json\/wp\/v2\/users\/1"}],"replies":[{"embeddable":true,"href":"https:\/\/dmsjuridica.com\/buscador_20179478954\/salapenalcronologico20230723\/wp-json\/wp\/v2\/comments?post=76561"}],"version-history":[{"count":0,"href":"https:\/\/dmsjuridica.com\/buscador_20179478954\/salapenalcronologico20230723\/wp-json\/wp\/v2\/posts\/76561\/revisions"}],"wp:attachment":[{"href":"https:\/\/dmsjuridica.com\/buscador_20179478954\/salapenalcronologico20230723\/wp-json\/wp\/v2\/media?parent=76561"}],"wp:term":[{"taxonomy":"category","embeddable":true,"href":"https:\/\/dmsjuridica.com\/buscador_20179478954\/salapenalcronologico20230723\/wp-json\/wp\/v2\/categories?post=76561"},{"taxonomy":"post_tag","embeddable":true,"href":"https:\/\/dmsjuridica.com\/buscador_20179478954\/salapenalcronologico20230723\/wp-json\/wp\/v2\/tags?post=76561"}],"curies":[{"name":"wp","href":"https:\/\/api.w.org\/{rel}","templated":true}]}}