{"id":75858,"date":"2024-03-09T16:32:53","date_gmt":"2024-03-09T16:32:53","guid":{"rendered":"https:\/\/dmsjuridica.com\/buscador_20179478954\/salapenalcronologico20230723\/2024\/03\/09\/stp1853-2024\/"},"modified":"2024-03-09T16:32:53","modified_gmt":"2024-03-09T16:32:53","slug":"stp1853-2024","status":"publish","type":"post","link":"https:\/\/dmsjuridica.com\/buscador_20179478954\/salapenalcronologico20230723\/2024\/03\/09\/stp1853-2024\/","title":{"rendered":"STP1853-2024"},"content":{"rendered":"\n<p>\u00a0 \u00a0 \u00a0 \u00a0\u00a0<\/p>\n<p>SALA DE \u00a0DECISI\u00d3N DE TUTELAS #2 \u00a0<\/p>\n<p>LUIS ANTONIO \u00a0HERN\u00c1NDEZ BARBOSA \u00a0<\/p>\n<p>Magistrado \u00a0ponente \u00a0<\/p>\n<p>STP1853-2024 \u00a0<\/p>\n<p>Radicaci\u00f3n \u00a0#135170 \u00a0<\/p>\n<p>Acta \u00a0004 \u00a0<\/p>\n<p>Bogot\u00e1, D. \u00a0C., veintitr\u00e9s (23) de enero de dos mil veinticuatro (2024). \u00a0<\/p>\n<p>VISTOS: \u00a0<\/p>\n<p>Resuelve \u00a0la Corte la solicitud de tutela formulada por JUAN \u00a0DAVID MORALES MURILLO, \u00a0en procura del amparo de sus derechos fundamentales, presuntamente \u00a0vulnerados por la \u00a0Sala Penal del Tribunal Superior de Bogot\u00e1. \u00a0<\/p>\n<p>Al \u00a0tr\u00e1mite fue vinculada la Secretar\u00eda de esa Corporaci\u00f3n. \u00a0<\/p>\n<p>FUNDAMENTOS DE \u00a0LA ACCI\u00d3N: \u00a0<\/p>\n<p>JUAN \u00a0DAVID MORALES MURILLO instaur\u00f3 acci\u00f3n de tutela en \u00a0contra del Juzgado 1\u00ba de Ejecuci\u00f3n de Penas y Medidas de \u00a0Seguridad de Bogot\u00e1, la cual se asign\u00f3 a la Sala Penal \u00a0del Tribunal Superior de la misma ciudad. \u00a0<\/p>\n<p>Esa \u00a0autoridad, mediante providencia del 28 de agosto de 2023 -notificada \u00a0al accionante el 6 de septiembre siguiente- neg\u00f3 el amparo. \u00a0Inconforme, el actor la impugn\u00f3. \u00a0<\/p>\n<p>Denunci\u00f3 \u00a0el accionante que desconoce el tr\u00e1mite impartido a su recurso, \u00a0porque le ha solicitado al Tribunal informaci\u00f3n sin obtener \u00a0respuesta. Por ello, supone que no se le ha aplicado el procedimiento \u00a0respectivo. \u00a0<\/p>\n<p>Acudi\u00f3 \u00a0a la jurisdicci\u00f3n constitucional en b\u00fasqueda de la \u00a0protecci\u00f3n de sus derechos fundamentales de petici\u00f3n y \u00a0debido proceso. Su pretensi\u00f3n es que se ordene al Tribunal \u00a0accionado que tramite su recurso y lo remita a la autoridad judicial \u00a0de segunda instancia que corresponda. \u00a0<\/p>\n<p>TR\u00c1MITE \u00a0DE LA ACCI\u00d3N: \u00a0<\/p>\n<p>Mediante \u00a0auto del 16 de enero de 2024, la Sala admiti\u00f3 la demanda y \u00a0corri\u00f3 traslado al sujeto pasivo de la acci\u00f3n y al \u00a0vinculado. Mediante informe del 17 siguiente, la Secretar\u00eda \u00a0inform\u00f3 que notific\u00f3 en debida forma a los interesados. \u00a0<\/p>\n<p>La \u00a0Secretar\u00eda de la Sala Penal del Tribunal Superior de Bogot\u00e1 \u00a0solicit\u00f3 negar el amparo. Inform\u00f3 que la acci\u00f3n \u00a0de tutela a la que se refiere el demandante se tramit\u00f3 en \u00a0primera instancia por esa Corporaci\u00f3n bajo el radicado \u00a0110012204000202302796. Fue admitida el 14 de agosto de 2023 y el \u00a0fallo se profiri\u00f3 el 28 de ese mes. Dentro del t\u00e9rmino \u00a0legal, el 11 de septiembre siguiente, el accionante present\u00f3 \u00a0impugnaci\u00f3n, la cual se concedi\u00f3 el 1\u00ba de \u00a0diciembre de 2023. El 18 del mismo mes se envi\u00f3 el expediente \u00a0a la Secretar\u00eda de la Sala de Casaci\u00f3n Penal de la \u00a0Corte Suprema de Justicia. \u00a0<\/p>\n<p>Indic\u00f3 \u00a0que acorde con la p\u00e1gina web de la Rama Judicial, el asunto se \u00a0reparti\u00f3 al despacho correspondiente de la Corporaci\u00f3n \u00a0de segunda instancia el 19 de diciembre de 2023. \u00a0<\/p>\n<p>CONSIDERACIONES \u00a0DE LA CORTE: \u00a0<\/p>\n<p>Acorde \u00a0con el numeral 5\u00ba del art\u00edculo 2.2.3.1.2.1. del Decreto \u00a01069 de 2015, modificado por el art\u00edculo 1\u00ba del Decreto \u00a0333 de 2021, la Sala es competente para resolver este asunto en \u00a0primera instancia, por cuanto el procedimiento involucra a un \u00a0Tribunal Superior de Distrito Judicial.\u00a0 \u00a0<\/p>\n<p>Mediante \u00a0el ejercicio de la \u00a0presente acci\u00f3n constitucional, JUAN \u00a0DAVID MORALES MURILLO denunci\u00f3 la presunta omisi\u00f3n de \u00a0la Sala Penal del Tribunal Superior de Bogot\u00e1 de impartirle el \u00a0tr\u00e1mite respectivo a la impugnaci\u00f3n que instaur\u00f3 \u00a0contra el fallo de tutela emitido el 28 de agosto de 2023 al interior \u00a0del radicado 110012204000202302796. \u00a0<\/p>\n<p>Observa \u00a0la Corte que la supuesta irregularidad denunciada por el accionante \u00a0no existe. La Secretar\u00eda de la Corporaci\u00f3n demandada \u00a0acredit\u00f3, con los soportes pertinentes, que la impugnaci\u00f3n \u00a0de tutela presentada por el actor se concedi\u00f3 el 1\u00ba de \u00a0diciembre de 2023, y el 18 del mismo mes se envi\u00f3 el \u00a0expediente a la autoridad constitucional de segunda instancia, esto \u00a0es, la Sala de Casaci\u00f3n Penal de la Corte Suprema de Justicia. \u00a0<\/p>\n<p>Constatado lo \u00a0anterior, emerge evidente que los derechos fundamentales del \u00a0accionante no se quebrantaron bajo ninguna acci\u00f3n ni omisi\u00f3n \u00a0de la autoridad judicial accionada. Es claro que la pretensi\u00f3n \u00a0reclamada se encuentra satisfecha desde antes de la interposici\u00f3n \u00a0de la presente demanda. \u00a0<\/p>\n<p>La \u00a0Corte negar\u00e1, por tanto, la acci\u00f3n de tutela.\u00a0 \u00a0<\/p>\n<p>Por lo expuesto, \u00a0la Sala de Decisi\u00f3n de Tutelas # 2 de la Sala de Casaci\u00f3n \u00a0Penal de la Corte Suprema de Justicia, administrando justicia en \u00a0nombre de la Rep\u00fablica y por autoridad de la Ley, \u00a0<\/p>\n<p>\u00a0 \u00a0<\/p>\n<p>RESUELVE:\u00a0 \u00a0<\/p>\n<p>\u00a0 \u00a0<\/p>\n<p>1. NEGAR la \u00a0acci\u00f3n de tutela promovida por JUAN \u00a0DAVID MORALES MURILLO en \u00a0contra de la \u00a0Sala Penal del Tribunal Superior de Bogot\u00e1. \u00a0<\/p>\n<p>2. \u00a0NOTIFICAR \u00a0esta \u00a0providencia de conformidad con el art\u00edculo 30 del Decreto 2591 \u00a0de 1991.\u00a0 \u00a0<\/p>\n<p>NOTIF\u00cdQUESE \u00a0Y C\u00daMPLASE, \u00a0<\/p>\n<p>\u00a0 \u00a0<\/p>\n<p>LUIS ANTONIO \u00a0HERN\u00c1NDEZ BARBOSA \u00a0<\/p>\n<p>GERARDO \u00a0BARBOSA CASTILLO \u00a0<\/p>\n<p>HUGO QUINTERO \u00a0BERNATE \u00a0<\/p>\n<p>\u00a0 \u00a0<\/p>\n<p>NUBIA \u00a0YOLANDA NOVA GARC\u00cdA\u00a0 \u00a0<\/p>\n<p>Secretaria\u00a0 \u00a0<\/p>\n<p>\u00a0 \u00a0 \u00a0\u00a0<\/p>\n<p><\/p>\n","protected":false},"excerpt":{"rendered":"<p>\u00a0 \u00a0 \u00a0 \u00a0\u00a0 SALA DE \u00a0DECISI\u00d3N DE TUTELAS #2 \u00a0 LUIS ANTONIO \u00a0HERN\u00c1NDEZ BARBOSA \u00a0 Magistrado \u00a0ponente \u00a0 STP1853-2024 \u00a0 Radicaci\u00f3n \u00a0#135170 \u00a0 Acta \u00a0004 \u00a0 Bogot\u00e1, D. \u00a0C., veintitr\u00e9s (23) de enero de dos mil veinticuatro (2024). \u00a0 VISTOS: \u00a0 Resuelve \u00a0la Corte la solicitud de tutela formulada por JUAN \u00a0DAVID MORALES MURILLO, [&hellip;]<\/p>\n","protected":false},"author":1,"featured_media":0,"comment_status":"open","ping_status":"open","sticky":false,"template":"","format":"standard","meta":{"footnotes":""},"categories":[72],"tags":[],"class_list":["post-75858","post","type-post","status-publish","format-standard","hentry","category-enero-2024"],"_links":{"self":[{"href":"https:\/\/dmsjuridica.com\/buscador_20179478954\/salapenalcronologico20230723\/wp-json\/wp\/v2\/posts\/75858","targetHints":{"allow":["GET"]}}],"collection":[{"href":"https:\/\/dmsjuridica.com\/buscador_20179478954\/salapenalcronologico20230723\/wp-json\/wp\/v2\/posts"}],"about":[{"href":"https:\/\/dmsjuridica.com\/buscador_20179478954\/salapenalcronologico20230723\/wp-json\/wp\/v2\/types\/post"}],"author":[{"embeddable":true,"href":"https:\/\/dmsjuridica.com\/buscador_20179478954\/salapenalcronologico20230723\/wp-json\/wp\/v2\/users\/1"}],"replies":[{"embeddable":true,"href":"https:\/\/dmsjuridica.com\/buscador_20179478954\/salapenalcronologico20230723\/wp-json\/wp\/v2\/comments?post=75858"}],"version-history":[{"count":0,"href":"https:\/\/dmsjuridica.com\/buscador_20179478954\/salapenalcronologico20230723\/wp-json\/wp\/v2\/posts\/75858\/revisions"}],"wp:attachment":[{"href":"https:\/\/dmsjuridica.com\/buscador_20179478954\/salapenalcronologico20230723\/wp-json\/wp\/v2\/media?parent=75858"}],"wp:term":[{"taxonomy":"category","embeddable":true,"href":"https:\/\/dmsjuridica.com\/buscador_20179478954\/salapenalcronologico20230723\/wp-json\/wp\/v2\/categories?post=75858"},{"taxonomy":"post_tag","embeddable":true,"href":"https:\/\/dmsjuridica.com\/buscador_20179478954\/salapenalcronologico20230723\/wp-json\/wp\/v2\/tags?post=75858"}],"curies":[{"name":"wp","href":"https:\/\/api.w.org\/{rel}","templated":true}]}}