{"id":7584,"date":"2023-09-08T17:01:17","date_gmt":"2023-09-08T17:01:17","guid":{"rendered":"https:\/\/dmsjuridica.com\/buscador_20179478954\/salapenalcronologico20230723\/2023\/09\/08\/2041523-09-03\/"},"modified":"2023-09-08T17:01:17","modified_gmt":"2023-09-08T17:01:17","slug":"2041523-09-03","status":"publish","type":"post","link":"https:\/\/dmsjuridica.com\/buscador_20179478954\/salapenalcronologico20230723\/2023\/09\/08\/2041523-09-03\/","title":{"rendered":"20415(23-09-03)"},"content":{"rendered":"\n<p>\u00a0 \u00a0 Proceso No 20415 \u00a0<\/p>\n<p>CORTE SUPREMA DE JUSTICIA \u00a0<\/p>\n<p>SALA DE CASACI\u00d3N PENAL \u00a0<\/p>\n<p>MAGISTRADO PONENTE \u00a0<\/p>\n<p>\u00c1LVARO ORLANDO P\u00c9REZ PINZ\u00d3N \u00a0<\/p>\n<p>Aprobado: Acta No. 106 \u00a0<\/p>\n<p>\u00a0 \u00a0\u00a0 \u00a0\u00a0 \u00a0\u00a0Bogot\u00e1, \u00a0D. \u00a0C., \u00a0veintitr\u00e9s \u00a0(23) \u00a0de septiembre del dos mil tres \u00a0(2003). \u00a0\u00a0<\/p>\n<p>VISTOS \u00a0<\/p>\n<p>\u00a0 \u00a0\u00a0 \u00a0\u00a0 \u00a0\u00a0La \u00a0Sala \u00a0se pronuncia sobre la competencia para conocer del escrito \u00a0de \u00a0revisi\u00f3n \u00a0presentado \u00a0por \u00a0los \u00a0se\u00f1ores \u00a0William \u00a0Jaramillo \u00a0Garc\u00eda \u00a0e \u00a0\u00cdlser \u00a0Alberto \u00a0Mu\u00f1oz \u00a0Valdez, \u00a0condenados \u00a0por \u00a0el \u00a0Juzgado \u00a0Segundo \u00a0Penal del Circuito de Sevilla, por el delito de homicidio, y quienes se \u00a0hallan \u00a0privados \u00a0de \u00a0la \u00a0libertad \u00a0en \u00a0la \u00a0Penitenciar\u00eda Nacional de Calarc\u00e1. \u00a0\u00a0<\/p>\n<p>CONSIDERACIONES \u00a0<\/p>\n<p>De \u00a0conformidad \u00a0con \u00a0el \u00a0art\u00edculo 76-3 del \u00a0C\u00f3digo \u00a0de \u00a0Procedimiento \u00a0Penal, \u00a0la \u00a0competencia \u00a0para conocer de esa acci\u00f3n \u00a0contra \u00a0sentencias \u00a0proferidas \u00a0por \u00a0los \u00a0jueces, \u00a0corresponde \u00a0a los Tribunales \u00a0Superiores. \u00a0\u00a0<\/p>\n<p>A \u00a0la \u00a0Sala \u00a0de \u00a0Casaci\u00f3n Penal de la Corte \u00a0Suprema \u00a0de \u00a0Justicia \u00a0se \u00a0le \u00a0ha \u00a0otorgado \u00a0el \u00a0conocimiento de las acciones de \u00a0revisi\u00f3n \u00a0respecto \u00a0de \u00a0sentencias \u00a0dictadas \u00a0por \u00a0ella \u00a0en \u00a0\u00fanica \u00a0o \u00a0segunda \u00a0instancias, \u00a0o \u00a0por \u00a0los \u00a0Tribunales de Distrito, seg\u00fan el art\u00edculo\u00a0 75-2 \u00a0ib\u00eddem. \u00a0\u00a0<\/p>\n<p>Por \u00a0lo \u00a0anterior, la Corte se abstendr\u00e1 de \u00a0conocer \u00a0el \u00a0escrito \u00a0y \u00a0lo \u00a0remitir\u00e1 \u00a0a la Sala Penal del Tribunal Superior de \u00a0Buga. \u00a0\u00a0<\/p>\n<p>Consecuente \u00a0con \u00a0lo \u00a0expuesto, \u00a0la \u00a0Sala de \u00a0Casaci\u00f3n Penal de la Corte Suprema de Justicia, \u00a0\u00a0<\/p>\n<p>RESUELVE \u00a0\u00a0<\/p>\n<p>1. \u00a0 \u00a0 \u00a0 \u00a0 \u00a0 Abstenerse \u00a0de \u00a0conocer \u00a0del \u00a0escrito \u00a0de \u00a0revisi\u00f3n \u00a0 presentado \u00a0 por \u00a0 los \u00a0 se\u00f1ores \u00a0William \u00a0Jaramillo \u00a0Garc\u00eda \u00a0e \u00a0\u00cdlser \u00a0Alberto \u00a0Mu\u00f1oz \u00a0Valdez. \u00a0\u00a0<\/p>\n<p>2. \u00a0 \u00a0 \u00a0 \u00a0 \u00a0 Remitir \u00a0el \u00a0escrito \u00a0a \u00a0la Sala Penal del \u00a0Tribunal Superior de Buga. \u00a0\u00a0<\/p>\n<p>Comun\u00edquese y c\u00famplase. \u00a0<\/p>\n<p>YESID \u00a0 \u00a0RAM\u00cdREZ \u00a0BASTIDAS \u00a0\u00a0<\/p>\n<p>HERMAN \u00a0 GAL\u00c1N \u00a0 CASTELLANOS \u00a0\u00a0 \u00a0\u00a0 \u00a0\u00a0 \u00a0\u00a0CARLOS A. \u00a0G\u00c1LVEZ ARGOTE \u00a0\u00a0<\/p>\n<p>JORGE \u00a0 AN\u00cdBAL \u00a0 G\u00d3MEZ \u00a0 GALLEGO\u00a0 \u00a0 \u00a0 \u00a0\u00a0 \u00a0 \u00a0\u00a0 \u00a0 \u00a0\u00a0 \u00a0 \u00a0\u00c9DGAR LOMBANA TRUJILLO \u00a0\u00a0<\/p>\n<p>\u00c1LVARO \u00a0 O. \u00a0P\u00c9REZ \u00a0PINZ\u00d3N \u00a0 \u00a0 \u00a0 \u00a0\u00a0 \u00a0 \u00a0 \u00a0 \u00a0\u00a0MARINA \u00a0 PULIDO \u00a0DE \u00a0BAR\u00d3N \u00a0\u00a0<\/p>\n<p>JORGE \u00a0 L. \u00a0QUINTERO \u00a0MILAN\u00c9S \u00a0 \u00a0 \u00a0\u00a0 \u00a0\u00a0 \u00a0\u00a0MAURO SOLARTE \u00a0PORTILLA \u00a0\u00a0<\/p>\n<p>TERESA RU\u00cdZ NU\u00d1EZ \u00a0<\/p>\n<p>Secretaria \u00a0 \u00a0<\/p>\n<p><\/p>\n","protected":false},"excerpt":{"rendered":"<p>\u00a0 \u00a0 Proceso No 20415 \u00a0 CORTE SUPREMA DE JUSTICIA \u00a0 SALA DE CASACI\u00d3N PENAL \u00a0 MAGISTRADO PONENTE \u00a0 \u00c1LVARO ORLANDO P\u00c9REZ PINZ\u00d3N \u00a0 Aprobado: Acta No. 106 \u00a0 \u00a0 \u00a0\u00a0 \u00a0\u00a0 \u00a0\u00a0Bogot\u00e1, \u00a0D. \u00a0C., \u00a0veintitr\u00e9s \u00a0(23) \u00a0de septiembre del dos mil tres \u00a0(2003). \u00a0\u00a0 VISTOS \u00a0 \u00a0 \u00a0\u00a0 \u00a0\u00a0 \u00a0\u00a0La \u00a0Sala \u00a0se pronuncia sobre [&hellip;]<\/p>\n","protected":false},"author":1,"featured_media":0,"comment_status":"open","ping_status":"open","sticky":false,"template":"","format":"standard","meta":{"footnotes":""},"categories":[11],"tags":[],"class_list":["post-7584","post","type-post","status-publish","format-standard","hentry","category-11"],"_links":{"self":[{"href":"https:\/\/dmsjuridica.com\/buscador_20179478954\/salapenalcronologico20230723\/wp-json\/wp\/v2\/posts\/7584","targetHints":{"allow":["GET"]}}],"collection":[{"href":"https:\/\/dmsjuridica.com\/buscador_20179478954\/salapenalcronologico20230723\/wp-json\/wp\/v2\/posts"}],"about":[{"href":"https:\/\/dmsjuridica.com\/buscador_20179478954\/salapenalcronologico20230723\/wp-json\/wp\/v2\/types\/post"}],"author":[{"embeddable":true,"href":"https:\/\/dmsjuridica.com\/buscador_20179478954\/salapenalcronologico20230723\/wp-json\/wp\/v2\/users\/1"}],"replies":[{"embeddable":true,"href":"https:\/\/dmsjuridica.com\/buscador_20179478954\/salapenalcronologico20230723\/wp-json\/wp\/v2\/comments?post=7584"}],"version-history":[{"count":0,"href":"https:\/\/dmsjuridica.com\/buscador_20179478954\/salapenalcronologico20230723\/wp-json\/wp\/v2\/posts\/7584\/revisions"}],"wp:attachment":[{"href":"https:\/\/dmsjuridica.com\/buscador_20179478954\/salapenalcronologico20230723\/wp-json\/wp\/v2\/media?parent=7584"}],"wp:term":[{"taxonomy":"category","embeddable":true,"href":"https:\/\/dmsjuridica.com\/buscador_20179478954\/salapenalcronologico20230723\/wp-json\/wp\/v2\/categories?post=7584"},{"taxonomy":"post_tag","embeddable":true,"href":"https:\/\/dmsjuridica.com\/buscador_20179478954\/salapenalcronologico20230723\/wp-json\/wp\/v2\/tags?post=7584"}],"curies":[{"name":"wp","href":"https:\/\/api.w.org\/{rel}","templated":true}]}}