{"id":75665,"date":"2024-03-09T16:32:39","date_gmt":"2024-03-09T16:32:39","guid":{"rendered":"https:\/\/dmsjuridica.com\/buscador_20179478954\/salapenalcronologico20230723\/2024\/03\/09\/ap460-202457079\/"},"modified":"2024-03-09T16:32:39","modified_gmt":"2024-03-09T16:32:39","slug":"ap460-202457079","status":"publish","type":"post","link":"https:\/\/dmsjuridica.com\/buscador_20179478954\/salapenalcronologico20230723\/2024\/03\/09\/ap460-202457079\/","title":{"rendered":"AP460-2024(57079)"},"content":{"rendered":"\n<p>\u00a0 \u00a0 \u00a0 \u00a0\u00a0<\/p>\n<p>LUIS ANTONIO \u00a0HERN\u00c1NDEZ BARBOSA \u00a0<\/p>\n<p>Magistrado \u00a0Ponente \u00a0<\/p>\n<p>AP460-2024 \u00a0<\/p>\n<p>Casaci\u00f3n \u00a057079 \u00a0<\/p>\n<p>Acta \u00a0008 \u00a0<\/p>\n<p>Bogot\u00e1, \u00a0D.C., treinta y uno (31) de enero de dos mil veinticuatro (2024) \u00a0<\/p>\n<p>VISTOS: \u00a0<\/p>\n<p>La Sala se \u00a0pronuncia sobre la solicitud de \u00d3scar Alberto Molina Serna \u00a0consistente en que se ordene eliminar sus datos de identificaci\u00f3n \u00a0de la versi\u00f3n digital de la sentencia CSJ SP651-2022 publicada \u00a0en la p\u00e1gina web \u00a0oficial de la Corte, emitida en el tr\u00e1mite seguido contra JUAN \u00a0CARLOS BOTERO ARBOLEDA por el delito de homicidio \u00a0agravado \u00a0dentro del \u00a0radicado 11001314500120050005201, que corresponde al radicado interno \u00a057079. \u00a0<\/p>\n<p>\u00a0 \u00a0\u00a0 \u00a0 \u00a0 \u00a0 \u00a0<\/p>\n<p>1. El \u00a0 \u00a0 \u00a0 \u00a0 \u00a015 de junio de 2018 el Juzgado 2\u00ba Penal del Circuito de Quibd\u00f3 \u00a0 \u00a0 \u00a0 \u00a0 \u00a0con Funci\u00f3n de Conocimiento conden\u00f3 a JUAN CARLOS \u00a0 \u00a0 \u00a0 \u00a0 \u00a0BOTERO ARBOLEDA como autor de la conducta de fabricaci\u00f3n, \u00a0 \u00a0 \u00a0 \u00a0 \u00a0tr\u00e1fico, porte o tenencia de armas de fuego, accesorios \u00a0 \u00a0 \u00a0 \u00a0 \u00a0partes o municiones \u00a0 \u00a0 \u00a0 \u00a0 \u00a0y absolvi\u00f3 al implicado por el de homicidio \u00a0 \u00a0 \u00a0 \u00a0 \u00a0agravado. En \u00a0 \u00a0 \u00a0 \u00a0 \u00a0consecuencia, le impuso la pena principal de 117 meses de prisi\u00f3n, \u00a0 \u00a0 \u00a0 \u00a0 \u00a0as\u00ed como la accesoria de inhabilitaci\u00f3n para el \u00a0 \u00a0 \u00a0 \u00a0 \u00a0ejercicio de derechos y funciones p\u00fablicas por 5 a\u00f1os. \u00a0<\/p>\n<p>En desacuerdo, la \u00a0Fiscal\u00eda 2\u00aa Seccional de Quibd\u00f3 impugn\u00f3 la \u00a0anterior determinaci\u00f3n y el 23 de octubre de 2019 la Sala \u00a0Penal del Tribunal Superior de esa ciudad la revoc\u00f3 \u00a0parcialmente. En su lugar, conden\u00f3 a JUAN CARLOS BOTERO \u00a0ARBOLEDA a la pena principal de 415 meses de prisi\u00f3n como \u00a0autor del delito de homicidio \u00a0agravado por la posici\u00f3n de indefensi\u00f3n en que se situ\u00f3 \u00a0a la v\u00edctima \u2014arts. \u00a0103 y 104-7\u2014 en concurso con fabricaci\u00f3n, \u00a0tr\u00e1fico, porte o tenencia de armas de fuego, accesorios partes \u00a0o municiones \u00a0\u2014art. 365\u2014 e inhabilitaci\u00f3n para el ejercicio de \u00a0derechos y funciones p\u00fablicas por el mismo lapso de la sanci\u00f3n \u00a0privativa de la libertad. \u00a0<\/p>\n<p>La defensa \u00a0recurri\u00f3 la primera condena emitida en segunda instancia \u00a0respecto del delito contra la vida. Por sentencia CSJ SP651-2022 del \u00a09 de marzo de 2022 la Sala modific\u00f3 el fallo del Tribunal en \u00a0el sentido de condenar a JUAN \u00a0CARLOS BOTERO ARBOLEDA la pena de 208 meses de prisi\u00f3n en su \u00a0condici\u00f3n de autor del punible de homicidio \u00a0\u2014art. \u00a0103 de la Ley 599 de 2004\u2014, aumentada en 15 meses por el \u00a0concurso de conductas punibles, para una pena definitiva de 223 meses \u00a0de prisi\u00f3n. La sanci\u00f3n accesoria de inhabilitaci\u00f3n \u00a0para el ejercicio de derechos y funciones p\u00fablicas se fij\u00f3 \u00a0en igual monto. \u00a0<\/p>\n<p>La \u00a0anterior determinaci\u00f3n se soport\u00f3, entre otras pruebas, \u00a0en el testimonio de \u00d3scar Alberto Molina Serna. \u00a0<\/p>\n<p>\u00a0 \u00a0\u00a0 \u00a0 \u00a0 \u00a0 \u00a0<\/p>\n<p>2. Mediante \u00a0 \u00a0 \u00a0 \u00a0 \u00a0escrito remitido el 27 de diciembre de 2023 al Centro de \u00a0 \u00a0 \u00a0 \u00a0 \u00a0Documentaci\u00f3n Judicial -CENDOJ, el mencionado solicit\u00f3: \u00a0<\/p>\n<p>\u00ab(\u2026) \u00a0que \u00a0sea eliminado de la Web la informaci\u00f3n que aparece en el \u00a0enlace, toda vez que estoy recibiendo amenazas por haber sido testigo \u00a0de los hechos que se presentan en el documento. \u00a0<\/p>\n<p><a href=\"https:\/\/cortesuprema.gov.co\/corte\/wp-content\/uploads\/not\/penal22\/avisos\/57079casacion06042022.pdf\u00bb  \">https:\/\/cortesuprema.gov.co\/corte\/wp-content\/uploads\/not\/penal22\/avisos\/57079casacion06042022.pdf\u00bb  <\/a><\/p>\n<p>Dicho \u00a0enlace direcciona al archivo p\u00fablico contentivo de la \u00a0providencia CSJ \u00a0SP651-2022 del 9 de marzo, en la que se aludi\u00f3 de manera \u00a0primordial a las manifestaciones de \u00d3scar Alberto Molina \u00a0Serna, las cuales sirvieron de apoyo para estructurar el reproche \u00a0penal contra BOTERO ARBOLEDA. \u00a0<\/p>\n<p>\u00a0 \u00a0\u00a0 \u00a0 \u00a0 \u00a0 \u00a0<\/p>\n<p>3. Sobre \u00a0 \u00a0 \u00a0 \u00a0 \u00a0el particular, advierte la Sala que, desde el 19 de agosto de 2015, \u00a0 \u00a0 \u00a0 \u00a0 \u00a0adopt\u00f3 unas pautas generales para determinar la viabilidad de \u00a0 \u00a0 \u00a0 \u00a0 \u00a0acceder o no a la supresi\u00f3n de los datos de identificaci\u00f3n \u00a0 \u00a0 \u00a0 \u00a0 \u00a0de las personas condenadas \u00a0 \u00a0 \u00a0 \u00a0 \u00a0por la comisi\u00f3n de un delito que reposan en los bancos de \u00a0 \u00a0 \u00a0 \u00a0 \u00a0informaci\u00f3n administrados por la Corporaci\u00f3n. \u00a0<\/p>\n<p>Al efecto, \u00a0reconoci\u00f3 la necesidad de ponderar la tensi\u00f3n que surge \u00a0entre el libre acceso a la informaci\u00f3n p\u00fablica y la \u00a0protecci\u00f3n del derecho al h\u00e1beas \u00a0data \u00a0de quienes hayan estado vinculados a procesos penales, a fin de \u00a0materializar el derecho \u00a0al olvido. \u00a0De este modo, reconoci\u00f3 que la divulgaci\u00f3n de \u00a0informaci\u00f3n personal de los procesados puede resultar lesiva a \u00a0los intereses amparados con esta garant\u00eda. \u00a0<\/p>\n<p>\u00a0 \u00a0\u00a0 \u00a0 \u00a0 \u00a0 \u00a0<\/p>\n<p>4. En \u00a0 \u00a0 \u00a0 \u00a0 \u00a0el espec\u00edfico asunto que se examina, sin embargo, los \u00a0 \u00a0 \u00a0 \u00a0 \u00a0supuestos invocados por \u00d3scar \u00a0 \u00a0 \u00a0 \u00a0 \u00a0Alberto Molina Serna no tienen cabida dentro de esta hip\u00f3tesis. \u00a0 \u00a0 \u00a0 \u00a0 \u00a0Recu\u00e9rdese que no integr\u00f3 el sujeto pasivo de la \u00a0 \u00a0 \u00a0 \u00a0 \u00a0acci\u00f3n penal, ni tiene la condici\u00f3n de condenado. Su \u00a0 \u00a0 \u00a0 \u00a0 \u00a0participaci\u00f3n se restringi\u00f3 a rendir testimonio sobre \u00a0 \u00a0 \u00a0 \u00a0 \u00a0los hechos que percibi\u00f3 y que estaban relacionados con el \u00a0 \u00a0 \u00a0 \u00a0 \u00a0objeto de la acusaci\u00f3n. \u00a0<\/p>\n<p>Es \u00a0as\u00ed que, ante la imposibilidad de verificar la cl\u00e1usula \u00a0fundamental que habilita el estudio de las peticiones de supresi\u00f3n \u00a0de datos, a saber, la vinculaci\u00f3n del requirente al proceso \u00a0penal en condici\u00f3n de procesado o condenado, la Sala negar\u00e1 \u00a0dicha postulaci\u00f3n. \u00a0<\/p>\n<p>\u00a0 \u00a0\u00a0 \u00a0 \u00a0 \u00a0 \u00a0<\/p>\n<p>5. Sumado \u00a0 \u00a0 \u00a0 \u00a0 \u00a0a lo anterior, \u00a0 \u00a0 \u00a0 \u00a0 \u00a0es notorio que la solicitud de anonimizaci\u00f3n \u00a0 \u00a0 \u00a0 \u00a0 \u00a0formulada por el testigo se ofrece inid\u00f3nea para el prop\u00f3sito \u00a0 \u00a0 \u00a0 \u00a0 \u00a0de proteger sus derechos a la vida e integridad personal, debido a \u00a0 \u00a0 \u00a0 \u00a0 \u00a0que las partes e intervinientes tuvieron acceso, de primera mano, al \u00a0 \u00a0 \u00a0 \u00a0 \u00a0contenido de su intervenci\u00f3n dentro del juicio y conocen la \u00a0 \u00a0 \u00a0 \u00a0 \u00a0trascendencia de sus manifestaciones en la decisi\u00f3n de \u00a0 \u00a0 \u00a0 \u00a0 \u00a0condena proferida contra BOTERO ARBOLEDA. De tal suerte, la \u00a0 \u00a0 \u00a0 \u00a0 \u00a0supresi\u00f3n de datos requerida tambi\u00e9n carece de la \u00a0 \u00a0 \u00a0 \u00a0 \u00a0capacidad de salvaguarda perseguida por Molina Serna. \u00a0<\/p>\n<p>Entonces, lo \u00a0procedente es que el interesado acuda a la Fiscal\u00eda General de \u00a0la Naci\u00f3n y a la Unidad Nacional de Protecci\u00f3n, exponga \u00a0las amenazas recibidas y solicite las medidas de amparo procedentes a \u00a0fin de que, agotado el tr\u00e1mite apropiado, las autoridades \u00a0adopten las decisiones temporales o definitivas a que haya lugar. \u00a0<\/p>\n<p>\u00a0 \u00a0\u00a0 \u00a0 \u00a0 \u00a0 \u00a0<\/p>\n<p>6. Como \u00a0 \u00a0 \u00a0 \u00a0 \u00a0se anunci\u00f3, se niega la petici\u00f3n de supresi\u00f3n \u00a0 \u00a0 \u00a0 \u00a0 \u00a0de datos formulada por \u00d3scar \u00a0 \u00a0 \u00a0 \u00a0 \u00a0Alberto Molina Serna en los t\u00e9rminos se\u00f1alados. \u00a0<\/p>\n<p>\u00a0 \u00a0\u00a0 \u00a0 \u00a0 \u00a0 \u00a0<\/p>\n<p>7. Por \u00a0 \u00a0 \u00a0 \u00a0 \u00a0Secretar\u00eda, comun\u00edquese esta respuesta al \u00a0 \u00a0 \u00a0 \u00a0 \u00a0peticionario, haci\u00e9ndole saber que contra ella no procede \u00a0 \u00a0 \u00a0 \u00a0 \u00a0recurso alguno. \u00a0<\/p>\n<p>C\u00daMPLASE. \u00a0<\/p>\n<p>DIEGO EUGENIO \u00a0CORREDOR BELTR\u00c1N \u00a0<\/p>\n<p>MYRIAM \u00a0\u00c1VILA ROLD\u00c1N \u00a0<\/p>\n<p>GERARDO \u00a0BARBOSA CASTILLO \u00a0<\/p>\n<p>FERNANDO \u00a0LE\u00d3N BOLA\u00d1OS PALACIOS \u00a0<\/p>\n<p>GERSON \u00a0CHAVERRA CASTRO \u00a0<\/p>\n<p>JORGE \u00a0HERN\u00c1N D\u00cdAZ SOTO \u00a0<\/p>\n<p>LUIS ANTONIO \u00a0HERN\u00c1NDEZ BARBOSA \u00a0<\/p>\n<p>HUGO QUINTERO \u00a0BERNATE \u00a0<\/p>\n<p>CARLOS ROBERTO \u00a0SOL\u00d3RZANO GARAVITO \u00a0<\/p>\n<p>NUBIA \u00a0YOLANDA NOVA GARC\u00cdA \u00a0<\/p>\n<p>Secretaria \u00a0<\/p>\n<p>\u00a0 \u00a0 \u00a0\u00a0<\/p>\n<p><\/p>\n","protected":false},"excerpt":{"rendered":"<p>\u00a0 \u00a0 \u00a0 \u00a0\u00a0 LUIS ANTONIO \u00a0HERN\u00c1NDEZ BARBOSA \u00a0 Magistrado \u00a0Ponente \u00a0 AP460-2024 \u00a0 Casaci\u00f3n \u00a057079 \u00a0 Acta \u00a0008 \u00a0 Bogot\u00e1, \u00a0D.C., treinta y uno (31) de enero de dos mil veinticuatro (2024) \u00a0 VISTOS: \u00a0 La Sala se \u00a0pronuncia sobre la solicitud de \u00d3scar Alberto Molina Serna \u00a0consistente en que se ordene eliminar sus [&hellip;]<\/p>\n","protected":false},"author":1,"featured_media":0,"comment_status":"open","ping_status":"open","sticky":false,"template":"","format":"standard","meta":{"footnotes":""},"categories":[72],"tags":[],"class_list":["post-75665","post","type-post","status-publish","format-standard","hentry","category-enero-2024"],"_links":{"self":[{"href":"https:\/\/dmsjuridica.com\/buscador_20179478954\/salapenalcronologico20230723\/wp-json\/wp\/v2\/posts\/75665","targetHints":{"allow":["GET"]}}],"collection":[{"href":"https:\/\/dmsjuridica.com\/buscador_20179478954\/salapenalcronologico20230723\/wp-json\/wp\/v2\/posts"}],"about":[{"href":"https:\/\/dmsjuridica.com\/buscador_20179478954\/salapenalcronologico20230723\/wp-json\/wp\/v2\/types\/post"}],"author":[{"embeddable":true,"href":"https:\/\/dmsjuridica.com\/buscador_20179478954\/salapenalcronologico20230723\/wp-json\/wp\/v2\/users\/1"}],"replies":[{"embeddable":true,"href":"https:\/\/dmsjuridica.com\/buscador_20179478954\/salapenalcronologico20230723\/wp-json\/wp\/v2\/comments?post=75665"}],"version-history":[{"count":0,"href":"https:\/\/dmsjuridica.com\/buscador_20179478954\/salapenalcronologico20230723\/wp-json\/wp\/v2\/posts\/75665\/revisions"}],"wp:attachment":[{"href":"https:\/\/dmsjuridica.com\/buscador_20179478954\/salapenalcronologico20230723\/wp-json\/wp\/v2\/media?parent=75665"}],"wp:term":[{"taxonomy":"category","embeddable":true,"href":"https:\/\/dmsjuridica.com\/buscador_20179478954\/salapenalcronologico20230723\/wp-json\/wp\/v2\/categories?post=75665"},{"taxonomy":"post_tag","embeddable":true,"href":"https:\/\/dmsjuridica.com\/buscador_20179478954\/salapenalcronologico20230723\/wp-json\/wp\/v2\/tags?post=75665"}],"curies":[{"name":"wp","href":"https:\/\/api.w.org\/{rel}","templated":true}]}}