{"id":75644,"date":"2024-03-09T16:32:37","date_gmt":"2024-03-09T16:32:37","guid":{"rendered":"https:\/\/dmsjuridica.com\/buscador_20179478954\/salapenalcronologico20230723\/2024\/03\/09\/ap338-202459683\/"},"modified":"2024-03-09T16:32:37","modified_gmt":"2024-03-09T16:32:37","slug":"ap338-202459683","status":"publish","type":"post","link":"https:\/\/dmsjuridica.com\/buscador_20179478954\/salapenalcronologico20230723\/2024\/03\/09\/ap338-202459683\/","title":{"rendered":"AP338-2024(59683)"},"content":{"rendered":"\n<p>\u00a0 \u00a0 \u00a0 \u00a0\u00a0<\/p>\n<p>MYRIAM \u00c1VILA \u00a0ROLD\u00c1N \u00a0<\/p>\n<p>Magistrada \u00a0ponente \u00a0<\/p>\n<p>AP338-2024 \u00a0<\/p>\n<p>Radicado n.\u00b0 \u00a059683 \u00a0<\/p>\n<p>CUI \u00a085230610549620158013001 \u00a0<\/p>\n<p>Aprobado acta \u00a0n\u00b0 005 \u00a0<\/p>\n<p>Bogot\u00e1, D. \u00a0C., veinticuatro (24) de enero de dos mil veinticuatro (2024). \u00a0<\/p>\n<p>I. \u00a0MOTIVO DE LA DECISI\u00d3N \u00a0<\/p>\n<p>Se pronuncia la \u00a0Corte sobre la viabilidad de darle tr\u00e1mite a la petici\u00f3n \u00a0elevada por Juli\u00e1n \u00a0Rom\u00e1n Gonz\u00e1lez Herrera, \u00a0Juez Promiscuo del Circuito de Orocu\u00e9, \u00a0para que se corrija el nombre del procesado en la sentencia CSJ \u00a0SP322-2023, \u00a0a trav\u00e9s de la cual la Sala no cas\u00f3 de oficio la \u00a0sentencia del \u00a02 \u00a0de diciembre de 2020, de la Sala \u00danica del Tribunal Superior \u00a0de Yopal. \u00a0<\/p>\n<p>II. \u00a0HECHOS \u00a0<\/p>\n<p>1.- \u00a0Hacia las 10:00 p.m. del 4 de septiembre de 2015, mientras la pareja \u00a0conformada por Jeidri \u00a0Cabarte Ram\u00edrez y \u00a0Rafael \u00a0Antonio Sarmiento Daza dorm\u00eda \u00a0en su residencia, ubicada en la calle 4 # 16-32, barrio San Gregorio \u00a0de Orocu\u00e9 (Casanare), un sujeto que vest\u00eda pasamonta\u00f1as \u00a0negro, camisa de mangas largas de color gris con negro y pantal\u00f3n \u00a0negro ingres\u00f3 a la vivienda y dispar\u00f3 inicialmente \u00a0contra el segundo, caus\u00e1ndole instant\u00e1neamente la \u00a0muerte, como producto de una herida en la car\u00f3tida com\u00fan \u00a0izquierda, que le provoc\u00f3 un shock hipovol\u00e9mico. \u00a0<\/p>\n<p>2.- \u00a0Enseguida, luego de que el intruso despert\u00f3 a la se\u00f1ora \u00a0Cabarte \u00a0Ram\u00edrez \u00a0y le pidi\u00f3 que se levantara de su cama y saliera, dispar\u00f3 \u00a0contra ella a la altura del pecho, quedando gravemente herida, lo que \u00a0no impidi\u00f3 que esta se abalanzara contra su agresor, con el \u00a0prop\u00f3sito de desarmarlo sin lograrlo, ante lo cual \u00e9l \u00a0la golpe\u00f3 en la cabeza con el arma de fuego y emprendi\u00f3 \u00a0la huida por el patio trasero de la casa. \u00a0<\/p>\n<p>3.- \u00a0La mujer se arrastr\u00f3 hasta la puerta de ingreso a su domicilio \u00a0para pedir auxilio, siendo socorrida por sus vecinos y una patrulla \u00a0de vigilancia de la polic\u00eda, que, tras solicitar apoyo, sigui\u00f3 \u00a0los rastros de sangre dejados por el atacante y lleg\u00f3 a una \u00a0vivienda cercana, la cual fue allanada con el consentimiento de su \u00a0morador -un \u00a0adolescente de 14 a\u00f1os de edad-, \u00a0quien les relat\u00f3 que momentos antes hab\u00eda arribado al \u00a0lugar Carlos \u00a0Alberto Gualdr\u00f3n Rodr\u00edguez \u00a0y que se refugi\u00f3 en una habitaci\u00f3n de la edificaci\u00f3n. \u00a0<\/p>\n<p>4.- \u00a0En su interior, los uniformados encontraron un \u201cpasamonta\u00f1as\u201d \u00a0de color negro, un silenciador artesanal hecho a base de una botella \u00a0pl\u00e1stica y una media blanca. As\u00ed mismo, en el patio \u00a0hallaron un arma de fuego plateada, tipo rev\u00f3lver, marca Smith \u00a0&amp; Wesson, \u00a0calibre 38, una camisa gris con rayas negras y un pantal\u00f3n de \u00a0color negro, raz\u00f3n por la cual se dio inmediata captura a \u00a0Gualdr\u00f3n \u00a0Rodr\u00edguez. \u00a0<\/p>\n<p>III. \u00a0ANTECEDENTES PROCESALES \u00a0<\/p>\n<p>5.- El 5 de \u00a0septiembre de 2015, luego de que el Juez Segundo Promiscuo Municipal \u00a0con funciones de control de garant\u00edas de Orocu\u00e9 \u00a0legalizara la captura de Carlos \u00a0Alberto Gualdr\u00f3n Rodr\u00edguez, \u00a0el Fiscal 34 Local le imput\u00f3 a \u00e9ste los delitos de \u00a0homicidio -consumado \u00a0y tentado- \u00a0y fabricaci\u00f3n, \u00a0tr\u00e1fico, porte o tenencia de armas de fuego, accesorios, \u00a0partes o municiones \u00a0(art\u00edculos 103, 27 y 365 del C\u00f3digo Penal), a t\u00edtulo \u00a0de autor, cargos que no fueron aceptados por el indiciado, quien fue \u00a0afectado con medida de aseguramiento de detenci\u00f3n preventiva \u00a0en establecimiento carcelario1. \u00a0<\/p>\n<p>6.- \u00a0El 27 de noviembre del mismo a\u00f1o se radic\u00f3 el escrito \u00a0de acusaci\u00f3n2 \u00a0y su formulaci\u00f3n oral se realiz\u00f3 el 9 de febrero de \u00a02016, ante el Juzgado Promiscuo del Circuito con funciones de \u00a0conocimiento de esa localidad3. \u00a0<\/p>\n<p>7.- \u00a0El \u00a023 de mayo de 2017 tuvo lugar la audiencia preparatoria4, \u00a0y el juicio oral se desarroll\u00f3 en varias sesiones (23 de \u00a0agosto5 \u00a0y 186 \u00a0y 19 de octubre7 \u00a0siguientes; 23 de enero8, \u00a011 de abril9, \u00a017 de mayo10, \u00a027 de septiembre11 \u00a0y 18 de octubre de 201812; \u00a0y 18 de enero13 \u00a0y 26 de julio14 \u00a0de 2019; y 2215, \u00a02316 \u00a0y 29 de julio17 \u00a0y 518 \u00a0y 19 de agosto de 202019). \u00a0Al final, se anunci\u00f3 sentido de fallo condenatorio. \u00a0<\/p>\n<p>8.- \u00a0Mediante prove\u00eddo \u00a0del \u00a017 \u00a0de septiembre posterior, \u00a0el Juez de conocimiento conden\u00f3 a Carlos \u00a0Alberto Gualdr\u00f3n Rodr\u00edguez \u00a0como \u00a0autor responsable de los delitos por los que fue acusado, a la pena \u00a0principal de cuatrocientos setenta y dos (472) meses de prisi\u00f3n \u00a0y a las accesorias de inhabilitaci\u00f3n para el ejercicio de \u00a0derechos y funciones p\u00fablicas por igual t\u00e9rmino y de \u00a0privaci\u00f3n del derecho a la tenencia de porte de armas por \u00a0cuarenta y ocho (48) meses. Tambi\u00e9n, le neg\u00f3 la \u00a0suspensi\u00f3n condicional de la ejecuci\u00f3n de la pena y la \u00a0prisi\u00f3n domiciliaria y orden\u00f3 el comiso del rev\u00f3lver20. \u00a0<\/p>\n<p>9.- \u00a0El fallo fue apelado por la defensa t\u00e9cnica21 \u00a0y el 2 de diciembre de id\u00e9ntico a\u00f1o la Sala \u00danica \u00a0del Tribunal Superior de Yopal lo confirm\u00f3, con la \u00a0modificaci\u00f3n consistente en reducir la pena de inhabilitaci\u00f3n \u00a0para el ejercicio de derechos y funciones p\u00fablicas a veinte \u00a0(20) a\u00f1os22. \u00a0<\/p>\n<p>10.- El inculpado \u00a0interpuso \u00a0el recurso extraordinario de casaci\u00f3n23 \u00a0y, un nuevo apoderado present\u00f3, en tiempo, el libelo \u00a0correspondiente24. \u00a0<\/p>\n<p>11.- \u00a0A \u00a0trav\u00e9s de auto CSJ AP668-2023, la Sala de Casaci\u00f3n \u00a0Penal lo inadmiti\u00f3 y dispuso que, en firme esa decisi\u00f3n, \u00a0y -de \u00a0ser el caso- \u00a0agotado \u00a0el tr\u00e1mite de insistencia, \u00a0regresara el expediente al despacho de la Magistrada Ponente para \u00a0emitir pronunciamiento oficioso acerca de la posible vulneraci\u00f3n \u00a0de garant\u00edas fundamentales25. \u00a0<\/p>\n<p>12.- \u00a0Mediante sentencia CSJ \u00a0SP322-2023 no \u00a0se cas\u00f3 de oficio la sentencia impugnada. \u00a0<\/p>\n<p>13.- \u00a0El \u00a022 de enero del a\u00f1o en curso, el doctor Juli\u00e1n \u00a0Rom\u00e1n Gonz\u00e1lez Herrera, \u00a0Juez Promiscuo del Circuito de Orocu\u00e9, alleg\u00f3 a la \u00a0secretar\u00eda de la Sala, una petici\u00f3n de correcci\u00f3n \u00a0de dicha providencia, \u00a0la cual fue recibida en el despacho del magistrado ponente al d\u00eda \u00a0siguiente. \u00a0<\/p>\n<p>IV. \u00a0LA PETICI\u00d3N \u00a0<\/p>\n<p>14.- El doctor \u00a0Juli\u00e1n \u00a0Rom\u00e1n Gonz\u00e1lez Herrera, \u00a0quien fungi\u00f3 como juez de primera instancia en este proceso, \u00a0solicita la correcci\u00f3n de la sentencia CSJ SP322-2023, por \u00a0cuanto, advierte que, en esa decisi\u00f3n, se incurri\u00f3 en \u00a0el yerro de mencionar el nombre de dicho funcionario, en el ac\u00e1pite \u00a0de los antecedentes, concretamente en el relativo a la pena impuesta \u00a0al procesado, en cambio del de Carlos \u00a0Alberto Gualdr\u00f3n Rodr\u00edguez, \u00a0quien es el sentenciado. \u00a0<\/p>\n<p>V. \u00a0CONSIDERACIONES \u00a0<\/p>\n<p>15.- \u00a0De tiempo atr\u00e1s, la Corte ha resaltado que la \u00a0Ley 906 de 2004, bajo cuyo r\u00e9gimen se tramit\u00f3 el \u00a0proceso contra Gualdr\u00f3n \u00a0Rodr\u00edguez, \u00a0no regula lo concerniente a la \u00a0modificaci\u00f3n de una sentencia, \u00a0por lo que se debe acudir, por favorabilidad, a la Ley 600 de 2000, \u00a0concretamente, a su art\u00edculo 142, seg\u00fan el cual la \u00a0sentencia no es reformable ni revocable por el juez singular o plural \u00a0que la haya proferido, salvo que se trate de \u00aberror \u00a0aritm\u00e9tico, en el nombre del procesado o de omisi\u00f3n \u00a0sustancial en la parte resolutiva\u00bb. \u00a0(CSJ \u00a0AP, 25 ene. 2012, rad. 35.293) \u00a0<\/p>\n<p>16.- En el caso de \u00a0la especie, si bien se constata que la parte motiva y resolutiva de \u00a0la sentencia \u00a0CSJ SP322-2023 solamente \u00a0involucr\u00f3 al procesado Carlos \u00a0Alberto Gualdr\u00f3n Rodr\u00edguez, \u00a0tambi\u00e9n se advierte, como lo destac\u00f3 el juez de \u00a0conocimiento peticionario, que, en los antecedentes de la \u00a0providencia, espec\u00edficamente en el p\u00e1rrafo 8\u00ba, \u00a0relativo a la pena impuesta, se incurri\u00f3 en el lapsus \u00a0calami \u00a0de mencionar el nombre del funcionario petente, cuando lo correcto \u00a0era enunciar el de Gualdr\u00f3n \u00a0Rodr\u00edguez. \u00a0<\/p>\n<p>17.- En estas \u00a0condiciones, se impone retirar del citado p\u00e1rrafo de la \u00a0sentencia el nombre del doctor Juli\u00e1n \u00a0Rom\u00e1n Gonz\u00e1lez Herrera, \u00a0para sustituirlo por el de Carlos \u00a0Alberto Gualdr\u00f3n Rodr\u00edguez, \u00a0en el siguiente sentido: \u00a0<\/p>\n<p>8. Mediante \u00a0prove\u00eddo del 17 de septiembre posterior, el Juez de \u00a0conocimiento conden\u00f3 a Carlos \u00a0Alberto Gualdr\u00f3n Rodr\u00edguez como \u00a0autor responsable de los delitos por los que fue acusado, a la pena \u00a0principal de cuatrocientos setenta y dos (472) meses de prisi\u00f3n \u00a0y a las accesorias de inhabilitaci\u00f3n para el ejercicio de \u00a0derechos y funciones p\u00fablicas por igual t\u00e9rmino y de \u00a0privaci\u00f3n del derecho a la tenencia de porte de armas por \u00a0cuarenta y ocho (48) meses. Tambi\u00e9n, le neg\u00f3 la \u00a0suspensi\u00f3n condicional de la ejecuci\u00f3n de la pena y la \u00a0prisi\u00f3n domiciliaria y orden\u00f3 el comiso del rev\u00f3lver26. \u00a0<\/p>\n<p>18.- Por \u00faltimo, \u00a0esta determinaci\u00f3n, se extiende, en id\u00e9ntico sentido, \u00a0al auto inadmisorio CSJ AP668-2023, del 8 de marzo de 2023. \u00a0<\/p>\n<p>VI. RESUELVE \u00a0<\/p>\n<p>Primero. \u00a0CORREGIR \u00a0la sentencia CSJ \u00a0SP322-2023, en el sentido de excluir del p\u00e1rrafo 8, el nombre \u00a0del doctor \u00a0Juli\u00e1n \u00a0Rom\u00e1n Gonz\u00e1lez Herrera y \u00a0sustituirlo por el de Carlos \u00a0Alberto Gualdr\u00f3n Rodr\u00edguez. \u00a0<\/p>\n<p>Segundo. \u00a0CORREGIR, \u00a0de oficio, el auto inadmisorio CSJ AP668-2023, \u00a0en el sentido de excluir del p\u00e1rrafo 8, el nombre del doctor \u00a0Juli\u00e1n \u00a0Rom\u00e1n Gonz\u00e1lez Herrera y \u00a0sustituirlo por el de Carlos \u00a0Alberto Gualdr\u00f3n Rodr\u00edguez. \u00a0<\/p>\n<p>Comun\u00edquese \u00a0y c\u00famplase \u00a0<\/p>\n<p>HUGO \u00a0QUINTERO BERNATE \u00a0<\/p>\n<p>Presidente \u00a0<\/p>\n<p>MYRIAM \u00a0\u00c1VILA ROLD\u00c1N \u00a0<\/p>\n<p>GERARDO \u00a0BARBOSA CASTILLO \u00a0<\/p>\n<p>FERNANDO \u00a0LE\u00d3N BOLA\u00d1OS PALACIOS \u00a0<\/p>\n<p>GERSON \u00a0CHAVERRA CASTRO \u00a0<\/p>\n<p>DIEGO \u00a0EUGENIO CORREDOR BELTR\u00c1N \u00a0<\/p>\n<p>JORGE \u00a0HERN\u00c1N D\u00cdAZ SOTO \u00a0<\/p>\n<p>LUIS \u00a0ANTONIO HERN\u00c1NDEZ BARBOSA \u00a0<\/p>\n<p>CARLOS \u00a0ROBERTO SOL\u00d3RZANO GARAVITO \u00a0<\/p>\n<p>NUBIA \u00a0YOLANDA NOVA GARC\u00cdA \u00a0<\/p>\n<p>Secretaria \u00a0 \u00a0<\/p>\n<p>1 \u00a0 \u00a0 \u00a0 \u00a0 \u00a0Cfr. \u00a0 \u00a0 \u00a0 \u00a0 \u00a0folio 9 del archivo digital \u201cCarlos Gualdron FL 1-49. pdf\u201d. \u00a0 \u00a0 \u00a0 \u00a0 \u00a0El 5 de julio de 2016 le fue concedida la libertad provisional por \u00a0 \u00a0 \u00a0 \u00a0 \u00a0vencimiento de t\u00e9rminos. \u00a0<\/p>\n<p>2 \u00a0 \u00a0 \u00a0 \u00a0 \u00a0Cfr. \u00a0 \u00a0 \u00a0 \u00a0 \u00a0folios 16-22 ibidem. \u00a0<\/p>\n<p>3 \u00a0 \u00a0 \u00a0 \u00a0 \u00a0Cfr. \u00a0 \u00a0 \u00a0 \u00a0 \u00a0folio 51-53 ibidem. \u00a0<\/p>\n<p>4 \u00a0 \u00a0 \u00a0 \u00a0 \u00a0Cfr. \u00a0 \u00a0 \u00a0 \u00a0 \u00a0folios 263-269 del archivo digital \u201cCarlos gualdron fl \u00a0 \u00a0 \u00a0 \u00a0 \u00a0201-269.pdf\u201d. \u00a0<\/p>\n<p>5 \u00a0 \u00a0 \u00a0 \u00a0 \u00a0Cfr. \u00a0 \u00a0 \u00a0 \u00a0 \u00a0folios 342-346 del \u00a0 \u00a0 \u00a0 \u00a0 \u00a0archivo digital \u201cCarlos gualdron fl 301-363.pdf\u201d. \u00a0<\/p>\n<p>6 \u00a0 \u00a0 \u00a0 \u00a0 \u00a0Cfr. \u00a0 \u00a0 \u00a0 \u00a0 \u00a0folios 407-409 del archivo digital \u201ccarlos gualdron fl \u00a0 \u00a0 \u00a0 \u00a0 \u00a0386-440.pdf\u201d. \u00a0<\/p>\n<p>7 \u00a0 \u00a0 \u00a0 \u00a0 \u00a0Cfr. \u00a0 \u00a0 \u00a0 \u00a0 \u00a0archivo digital \u201cCARLOS GUALDRON \u00a0C J ORAL 19 10 17.pdf\u201d \u00a0<\/p>\n<p>8 \u00a0 \u00a0 \u00a0 \u00a0 \u00a0Cfr. \u00a0 \u00a0 \u00a0 \u00a0 \u00a0archivo digital \u201cCarlos Gualdron 230118 c j oral1.pdf\u201d \u00a0<\/p>\n<p>9 \u00a0 \u00a0 \u00a0 \u00a0 \u00a0Cfr. \u00a0 \u00a0 \u00a0 \u00a0 \u00a0folios 485-486 del \u00a0 \u00a0 \u00a0 \u00a0 \u00a0archivo digital \u201cCarlos gualdron fl 441-502.pdf\u201d \u00a0<\/p>\n<p>10 \u00a0 \u00a0 \u00a0 \u00a0 \u00a0Cfr. \u00a0 \u00a0 \u00a0 \u00a0 \u00a0folios 501-502 ibidem. \u00a0<\/p>\n<p>11 \u00a0 \u00a0 \u00a0 \u00a0 \u00a0Cfr. \u00a0 \u00a0 \u00a0 \u00a0 \u00a0folio 589 del archivo digital \u201ccarlos gualdron fl 589-600\u201d \u00a0 \u00a0 \u00a0 \u00a0 \u00a0y archivo digital \u201cC.J.O.\u201d. \u00a0<\/p>\n<p>12 \u00a0 \u00a0 \u00a0 \u00a0 \u00a0Cfr. \u00a0 \u00a0 \u00a0 \u00a0 \u00a0folios 604-605 del \u00a0 \u00a0 \u00a0 \u00a0 \u00a0archivo digital \u201cCarlos gualdron fl 601-636.pdf\u201d. \u00a0<\/p>\n<p>13 \u00a0 \u00a0 \u00a0 \u00a0 \u00a0Cfr. \u00a0 \u00a0 \u00a0 \u00a0 \u00a0folios 629-630 ibidem. \u00a0<\/p>\n<p>14 \u00a0 \u00a0 \u00a0 \u00a0 \u00a0Cfr. \u00a0 \u00a0 \u00a0 \u00a0 \u00a0folios 777-778 del \u00a0 \u00a0 \u00a0 \u00a0 \u00a0archivo digital \u201cCarlos gualdron fl 773-805.pdf\u201d. \u00a0<\/p>\n<p>15 \u00a0 \u00a0 \u00a0 \u00a0 \u00a0Cfr. \u00a0 \u00a0 \u00a0 \u00a0 \u00a0folio 843 del archivo digital \u201ccarlos gualdron fl 806-854\u201d. \u00a0<\/p>\n<p>16 \u00a0 \u00a0 \u00a0 \u00a0 \u00a0Cfr. \u00a0 \u00a0 \u00a0 \u00a0 \u00a0archivo digital \u201cCARLOS GUALDR\u00d3N C.J.O 23-07-2020. \u00a0 \u00a0 \u00a0 \u00a0 \u00a0pdf\u201d. \u00a0<\/p>\n<p>17 \u00a0 \u00a0 \u00a0 \u00a0 \u00a0Cfr. \u00a0 \u00a0 \u00a0 \u00a0 \u00a0archivo digital \u201cjuicio oral carlos gualdron.pdf\u201d. \u00a0<\/p>\n<p>18 \u00a0 \u00a0 \u00a0 \u00a0 \u00a0Cfr. \u00a0 \u00a0 \u00a0 \u00a0 \u00a0archivo digital \u201c07 AUDIENCIA DE JUICIO ORAL DEL 5 DE AGOSTO \u00a0 \u00a0 \u00a0 \u00a0 \u00a0DE 2020 CARLOS GUALDRON\u201d. \u00a0<\/p>\n<p>19 \u00a0 \u00a0 \u00a0 \u00a0 \u00a0Cfr. \u00a0 \u00a0 \u00a0 \u00a0 \u00a0folios 855-856 del \u00a0 \u00a0 \u00a0 \u00a0 \u00a0archivo digital \u201cCarlos gualdron fl 855-856.pdf\u201d. \u00a0<\/p>\n<p>20 \u00a0 \u00a0 \u00a0 \u00a0 \u00a0Cfr. \u00a0 \u00a0 \u00a0 \u00a0 \u00a0folios 860-876 del archivo digital \u201ccarlos gualdron fl \u00a0 \u00a0 \u00a0 \u00a0 \u00a0857-888.pdf\u201d. \u00a0<\/p>\n<p>21 \u00a0 \u00a0 \u00a0 \u00a0 \u00a0Cfr. \u00a0 \u00a0 \u00a0 \u00a0 \u00a0folios 878-880 del \u00a0 \u00a0 \u00a0 \u00a0 \u00a0archivo digital \u201cCarlos gualdron fl 857-888.pdf\u201d. \u00a0<\/p>\n<p>22 \u00a0 \u00a0 \u00a0 \u00a0 \u00a0Cfr. \u00a0 \u00a0 \u00a0 \u00a0 \u00a0folios 1 del archivo digital \u201c85230318900120150009001 &#8211; APEL \u00a0 \u00a0 \u00a0 \u00a0 \u00a0sentencia 2015-00090 Homicidio y otros\u201d. \u00a0<\/p>\n<p>23 \u00a0 \u00a0 \u00a0 \u00a0 \u00a0Cfr. \u00a0 \u00a0 \u00a0 \u00a0 \u00a0folio 1 del archivo digital \u201cTRAMITE Y CASACION CARLOS ALBERTO \u00a0 \u00a0 \u00a0 \u00a0 \u00a0GUALDRON\u201d. \u00a0<\/p>\n<p>24 \u00a0 \u00a0 \u00a0 \u00a0 \u00a0Cfr. \u00a0 \u00a0 \u00a0 \u00a0 \u00a0folio 18-31 del archivo digital \u201cTRAMITE Y CASACION CARLOS \u00a0 \u00a0 \u00a0 \u00a0 \u00a0ALBERTO GUALDRON\u201d. \u00a0<\/p>\n<p>25 \u00a0 \u00a0 \u00a0 \u00a0 \u00a0Cfr. \u00a0 \u00a0 \u00a0 \u00a0 \u00a0folios 6-34 del cuaderno de la Corte. \u00a0<\/p>\n<p>26 \u00a0 \u00a0 \u00a0 \u00a0 \u00a0Cfr. \u00a0 \u00a0 \u00a0 \u00a0 \u00a0folios 860-876 del archivo digital \u201ccarlos gualdron fl \u00a0 \u00a0 \u00a0 \u00a0 \u00a0857-888.pdf\u201d. \u00a0<\/p>\n<p>\u00a0 \u00a0 \u00a0\u00a0<\/p>\n<p><\/p>\n","protected":false},"excerpt":{"rendered":"<p>\u00a0 \u00a0 \u00a0 \u00a0\u00a0 MYRIAM \u00c1VILA \u00a0ROLD\u00c1N \u00a0 Magistrada \u00a0ponente \u00a0 AP338-2024 \u00a0 Radicado n.\u00b0 \u00a059683 \u00a0 CUI \u00a085230610549620158013001 \u00a0 Aprobado acta \u00a0n\u00b0 005 \u00a0 Bogot\u00e1, D. \u00a0C., veinticuatro (24) de enero de dos mil veinticuatro (2024). \u00a0 I. \u00a0MOTIVO DE LA DECISI\u00d3N \u00a0 Se pronuncia la \u00a0Corte sobre la viabilidad de darle tr\u00e1mite a [&hellip;]<\/p>\n","protected":false},"author":1,"featured_media":0,"comment_status":"open","ping_status":"open","sticky":false,"template":"","format":"standard","meta":{"footnotes":""},"categories":[72],"tags":[],"class_list":["post-75644","post","type-post","status-publish","format-standard","hentry","category-enero-2024"],"_links":{"self":[{"href":"https:\/\/dmsjuridica.com\/buscador_20179478954\/salapenalcronologico20230723\/wp-json\/wp\/v2\/posts\/75644","targetHints":{"allow":["GET"]}}],"collection":[{"href":"https:\/\/dmsjuridica.com\/buscador_20179478954\/salapenalcronologico20230723\/wp-json\/wp\/v2\/posts"}],"about":[{"href":"https:\/\/dmsjuridica.com\/buscador_20179478954\/salapenalcronologico20230723\/wp-json\/wp\/v2\/types\/post"}],"author":[{"embeddable":true,"href":"https:\/\/dmsjuridica.com\/buscador_20179478954\/salapenalcronologico20230723\/wp-json\/wp\/v2\/users\/1"}],"replies":[{"embeddable":true,"href":"https:\/\/dmsjuridica.com\/buscador_20179478954\/salapenalcronologico20230723\/wp-json\/wp\/v2\/comments?post=75644"}],"version-history":[{"count":0,"href":"https:\/\/dmsjuridica.com\/buscador_20179478954\/salapenalcronologico20230723\/wp-json\/wp\/v2\/posts\/75644\/revisions"}],"wp:attachment":[{"href":"https:\/\/dmsjuridica.com\/buscador_20179478954\/salapenalcronologico20230723\/wp-json\/wp\/v2\/media?parent=75644"}],"wp:term":[{"taxonomy":"category","embeddable":true,"href":"https:\/\/dmsjuridica.com\/buscador_20179478954\/salapenalcronologico20230723\/wp-json\/wp\/v2\/categories?post=75644"},{"taxonomy":"post_tag","embeddable":true,"href":"https:\/\/dmsjuridica.com\/buscador_20179478954\/salapenalcronologico20230723\/wp-json\/wp\/v2\/tags?post=75644"}],"curies":[{"name":"wp","href":"https:\/\/api.w.org\/{rel}","templated":true}]}}