{"id":75580,"date":"2024-03-08T18:50:45","date_gmt":"2024-03-08T18:50:45","guid":{"rendered":"https:\/\/dmsjuridica.com\/buscador_20179478954\/salapenalcronologico20230723\/2024\/03\/08\/stp17696-2023\/"},"modified":"2024-03-08T18:50:45","modified_gmt":"2024-03-08T18:50:45","slug":"stp17696-2023","status":"publish","type":"post","link":"https:\/\/dmsjuridica.com\/buscador_20179478954\/salapenalcronologico20230723\/2024\/03\/08\/stp17696-2023\/","title":{"rendered":"STP17696-2023"},"content":{"rendered":"\n<p>\u00a0 \u00a0 \u00a0 \u00a0\u00a0<\/p>\n<p>LUIS ANTONIO \u00a0HERN\u00c1NDEZ BARBOSA \u00a0<\/p>\n<p>Magistrado Ponente \u00a0<\/p>\n<p>STP-17696-2023 \u00a0<\/p>\n<p>Tutela de 1\u00aa \u00a0instancia No. 134169 \u00a0<\/p>\n<p>Acta No. 244 \u00a0<\/p>\n<p>Bogot\u00e1 D. \u00a0C., trece (13) de diciembre de dos mil veintitr\u00e9s (2023) \u00a0<\/p>\n<p>VISTOS \u00a0<\/p>\n<p>Resuelve \u00a0la Corte la acci\u00f3n de tutela interpuesta por CRISTIAN ANACONA \u00a0BARBERI en procura del amparo de su derecho fundamental de petici\u00f3n, \u00a0presuntamente vulnerado por la Sala Penal del Tribunal Superior de \u00a0Florencia. \u00a0<\/p>\n<p>FUNDAMENTOS DE \u00a0LA ACCI\u00d3N \u00a0<\/p>\n<p>En sentencia del \u00a027 de diciembre de 2021, el Juzgado 4\u00b0 Penal Municipal con \u00a0Funci\u00f3n de Conocimiento de Florencia conden\u00f3 a Reynel \u00a0Leal a la pena de 240 meses de prisi\u00f3n, al encontrarlo \u00a0responsable del delito de extorsi\u00f3n agravada del cual fue \u00a0v\u00edctima Pedro M\u00f3rea Toledo. \u00a0<\/p>\n<p>En desacuerdo, su \u00a0defensor interpuso el recurso de apelaci\u00f3n, el cual se \u00a0concedi\u00f3 a la Sala Penal del Tribunal Superior de Florencia a \u00a0donde se remitieron las diligencias el 3 de enero de 2022. \u00a0<\/p>\n<p>El 25 de \u00a0septiembre de 2023, CRISTIAN ANACONA BARBERI como representante de la \u00a0v\u00edctima Pedro M\u00f3rea Toledo, solicit\u00f3 al despacho \u00a0de la magistrada Nuria Mayerli Cuervo Espinosa, informaci\u00f3n \u00a0sobre el turno de la actuaci\u00f3n, sin que hasta la fecha le \u00a0hubiese dado respuesta. \u00a0<\/p>\n<p>TR\u00c1MITE \u00a0Y RESPUESTA DE LA AUTORIDAD ACCIONADA \u00a0<\/p>\n<p>Mediante \u00a0auto del 3 de noviembre de 2023, la Sala avoc\u00f3 el conocimiento \u00a0de la demanda de tutela y corri\u00f3 traslado de la misma a la \u00a0Sala Penal del Tribunal Superior de Florencia, autoridad que inform\u00f3 \u00a0que el pasado 9 de noviembre comunic\u00f3 al accionante que la \u00a0actuaci\u00f3n de su inter\u00e9s observa el turno 49, respuesta \u00a0que remiti\u00f3 a su cuenta de correo electr\u00f3nico \u00a0cr.anacona@udla.edu.co. \u00a0<\/p>\n<p>CONSIDERACIONES \u00a0DE LA CORTE \u00a0<\/p>\n<p>De \u00a0conformidad con el art\u00edculo 1, numeral 5\u00b0, del Decreto 333 \u00a0de 2021, esta Corporaci\u00f3n es competente para resolver la \u00a0presente tutela en primera instancia, por ser superior funcional de \u00a0la Sala Penal del Tribunal Superior de Florencia. \u00a0<\/p>\n<p>Mediante el \u00a0ejercicio de la presente acci\u00f3n, CRISTIAN ANACONA BARBERI \u00a0denunci\u00f3 la falta de respuesta a la petici\u00f3n que \u00a0present\u00f3 a la Sala Penal del Tribunal Superior de Florencia el \u00a027 de septiembre de 2023 y que se orientaba a obtener el turno de la \u00a0actuaci\u00f3n penal 180016000000201600117 en la que funge como \u00a0representante de la v\u00edctima. \u00a0<\/p>\n<p>Vinculada a la \u00a0presente acci\u00f3n de tutela, la autoridad judicial convocada \u00a0puso en conocimiento de la Sala que, mediante correo electr\u00f3nico \u00a0enviado el 9 de noviembre de 2023 -del cual aport\u00f3 la captura \u00a0de pantalla respectiva-, respondi\u00f3 al accionante que la \u00a0actuaci\u00f3n en la que funge como representante de la v\u00edctima \u00a0observa el turno 49. \u00a0<\/p>\n<p>La respuesta es \u00a0constitucionalmente admisible, en la medida que resuelve de fondo y \u00a0con claridad y congruencia lo solicitado por CRISTIAN ANACONA BARBERI \u00a0el 27 de septiembre de 2023. \u00a0<\/p>\n<p>En \u00a0eventos como el presente, la competencia del juez de tutela se agota \u00a0al verificar la satisfacci\u00f3n de los derechos fundamentales que \u00a0se estimaron violentados, en tanto, es manifiesto que durante el \u00a0tr\u00e1mite la autoridad involucrada hizo cesar la posible \u00a0vulneraci\u00f3n que podr\u00eda haber tenido lugar \u00a0anteriormente. \u00a0<\/p>\n<p>En \u00a0virtud de tal situaci\u00f3n, cualquier pronunciamiento del juez \u00a0constitucional carecer\u00eda de objeto, al desaparecer la raz\u00f3n \u00a0de ser de la acci\u00f3n constitucional. En consecuencia, se \u00a0declarar\u00e1 improcedente el amparo invocado por CRISTIAN ANACONA \u00a0BARBERI al haberse configurado un hecho superado. \u00a0<\/p>\n<p>En \u00a0m\u00e9rito de lo expuesto, la SALA \u00a0DE DECISI\u00d3N DE TUTELAS 2 DE LA SALA DE CASACI\u00d3N PENAL \u00a0DE LA CORTE SUPREMA DE JUSTICIA, \u00a0administrando justicia en nombre de la Rep\u00fablica y por \u00a0autoridad de la Ley, \u00a0<\/p>\n<p>RESUELVE: \u00a0<\/p>\n<p>1. \u00a0 \u00a0 \u00a0 \u00a0DECLARAR \u00a0IMPROCEDENTE el \u00a0amparo del derecho fundamental de petici\u00f3n de CRISTIAN ANACONA \u00a0BARBERI por la configuraci\u00f3n de la carencia actual de objeto \u00a0por hecho superado. \u00a0<\/p>\n<p>2. \u00a0 NOTIFICAR a \u00a0los interesados en la forma prevista en el art\u00edculo 30 del \u00a0Decreto 2591 de 1991 y, en caso de no ser impugnada, remitir en forma \u00a0inmediata la presente actuaci\u00f3n a la Corte Constitucional para \u00a0su eventual revisi\u00f3n. \u00a0<\/p>\n<p>NOTIF\u00cdQUESE \u00a0Y C\u00daMPLASE. \u00a0<\/p>\n<p>LUIS \u00a0ANTONIO HERN\u00c1NDEZ BARBOSA \u00a0<\/p>\n<p>HUGO \u00a0QUINTERO BERNATE \u00a0<\/p>\n<p>NUBIA \u00a0YOLANDA NOVA GARC\u00cdA\u202f \u00a0<\/p>\n<p>Secretaria \u00a0<\/p>\n<p>\u00a0 \u00a0 \u00a0\u00a0<\/p>\n<p><\/p>\n","protected":false},"excerpt":{"rendered":"<p>\u00a0 \u00a0 \u00a0 \u00a0\u00a0 LUIS ANTONIO \u00a0HERN\u00c1NDEZ BARBOSA \u00a0 Magistrado Ponente \u00a0 STP-17696-2023 \u00a0 Tutela de 1\u00aa \u00a0instancia No. 134169 \u00a0 Acta No. 244 \u00a0 Bogot\u00e1 D. \u00a0C., trece (13) de diciembre de dos mil veintitr\u00e9s (2023) \u00a0 VISTOS \u00a0 Resuelve \u00a0la Corte la acci\u00f3n de tutela interpuesta por CRISTIAN ANACONA \u00a0BARBERI en procura del [&hellip;]<\/p>\n","protected":false},"author":1,"featured_media":0,"comment_status":"open","ping_status":"open","sticky":false,"template":"","format":"standard","meta":{"footnotes":""},"categories":[70],"tags":[],"class_list":["post-75580","post","type-post","status-publish","format-standard","hentry","category-diciembre-2023"],"_links":{"self":[{"href":"https:\/\/dmsjuridica.com\/buscador_20179478954\/salapenalcronologico20230723\/wp-json\/wp\/v2\/posts\/75580","targetHints":{"allow":["GET"]}}],"collection":[{"href":"https:\/\/dmsjuridica.com\/buscador_20179478954\/salapenalcronologico20230723\/wp-json\/wp\/v2\/posts"}],"about":[{"href":"https:\/\/dmsjuridica.com\/buscador_20179478954\/salapenalcronologico20230723\/wp-json\/wp\/v2\/types\/post"}],"author":[{"embeddable":true,"href":"https:\/\/dmsjuridica.com\/buscador_20179478954\/salapenalcronologico20230723\/wp-json\/wp\/v2\/users\/1"}],"replies":[{"embeddable":true,"href":"https:\/\/dmsjuridica.com\/buscador_20179478954\/salapenalcronologico20230723\/wp-json\/wp\/v2\/comments?post=75580"}],"version-history":[{"count":0,"href":"https:\/\/dmsjuridica.com\/buscador_20179478954\/salapenalcronologico20230723\/wp-json\/wp\/v2\/posts\/75580\/revisions"}],"wp:attachment":[{"href":"https:\/\/dmsjuridica.com\/buscador_20179478954\/salapenalcronologico20230723\/wp-json\/wp\/v2\/media?parent=75580"}],"wp:term":[{"taxonomy":"category","embeddable":true,"href":"https:\/\/dmsjuridica.com\/buscador_20179478954\/salapenalcronologico20230723\/wp-json\/wp\/v2\/categories?post=75580"},{"taxonomy":"post_tag","embeddable":true,"href":"https:\/\/dmsjuridica.com\/buscador_20179478954\/salapenalcronologico20230723\/wp-json\/wp\/v2\/tags?post=75580"}],"curies":[{"name":"wp","href":"https:\/\/api.w.org\/{rel}","templated":true}]}}