{"id":75357,"date":"2024-03-08T18:50:29","date_gmt":"2024-03-08T18:50:29","guid":{"rendered":"https:\/\/dmsjuridica.com\/buscador_20179478954\/salapenalcronologico20230723\/2024\/03\/08\/atp1682-2023\/"},"modified":"2024-03-08T18:50:29","modified_gmt":"2024-03-08T18:50:29","slug":"atp1682-2023","status":"publish","type":"post","link":"https:\/\/dmsjuridica.com\/buscador_20179478954\/salapenalcronologico20230723\/2024\/03\/08\/atp1682-2023\/","title":{"rendered":"ATP1682-2023"},"content":{"rendered":"\n<p>\u00a0 \u00a0 \u00a0 \u00a0\u00a0<\/p>\n<p>LUIS \u00a0ANTONIO HERN\u00c1NDEZ BARBOSA \u00a0<\/p>\n<p>Magistrado \u00a0Ponente \u00a0<\/p>\n<p>ATP-1682-2023 \u00a0<\/p>\n<p>Tutela \u00a0de 2\u00aa instancia No. 134448 \u00a0<\/p>\n<p>Acta \u00a0No. 244 \u00a0<\/p>\n<p>Bogot\u00e1 \u00a0D.C., trece (13) de diciembre de dos mil veintitr\u00e9s (2023) \u00a0<\/p>\n<p>VISTOS \u00a0<\/p>\n<p>Resuelve \u00a0la Sala la solicitud de desistimiento \u00a0de la acci\u00f3n de tutela presentada por \u00d3SCAR HUMBERTO \u00a0LE\u00d3N RODR\u00cdGUEZ. \u00a0<\/p>\n<p>ANTECEDENTES \u00a0Y CONSIDERACIONES: \u00a0<\/p>\n<p>\u00d3SCAR \u00a0HUMBERTO LE\u00d3N RODR\u00cdGUEZ promovi\u00f3 acci\u00f3n \u00a0de tutela contra la Sala Laboral del Tribunal Superior de Bucaramanga \u00a0en aras de obtener el amparo de sus derechos fundamentales al debido \u00a0proceso y acceso a la administraci\u00f3n de justicia. \u00a0<\/p>\n<p>Como \u00a0sustento de su solicitud, refiri\u00f3 que el 8 de febrero de 2022 \u00a0present\u00f3 demanda ordinaria laboral contra Elsa Beltr\u00e1n \u00a0de Alvarado y Ad\u00e1n Hern\u00e1ndez Caballero, la cual fue \u00a0asignada al Juzgado 1\u00b0 Laboral del Circuito de Barrancabermeja, \u00a0autoridad judicial que impuso a los demandados medida cautelar \u00a0consistente en cauci\u00f3n. \u00a0<\/p>\n<p>Indic\u00f3 \u00a0que dicha decisi\u00f3n fue objeto del recurso de apelaci\u00f3n, \u00a0el cual se concedi\u00f3 el 12 de enero de 2023 ante la Sala \u00a0Laboral del Tribunal Superior de Bucaramanga, Corporaci\u00f3n que \u00a0hasta la fecha no ha resuelto lo pertinente. \u00a0<\/p>\n<p>Por \u00a0tanto, pretendi\u00f3 que, en amparo de sus derechos fundamentales, \u00a0se ordene a la Sala accionada resolver en forma inmediata el referido \u00a0medio de impugnaci\u00f3n. \u00a0<\/p>\n<p>Mediante \u00a0fallo de tutela de primera instancia del 18 de octubre de 2023, la \u00a0Sala de Casaci\u00f3n Laboral de la Corte Suprema de Justicia neg\u00f3 \u00a0el amparo constitucional invocado, pues tras revisar el proceso \u00a0objeto de censura constat\u00f3 que el Tribunal ha sido diligente \u00a0en el tr\u00e1mite de la actuaci\u00f3n. \u00a0<\/p>\n<p>Por \u00a0auto del 7 de noviembre de 2023, la Sala de primera instancia \u00a0concedi\u00f3 la impugnaci\u00f3n presentada por el demandante \u00a0contra la anterior determinaci\u00f3n y, en consecuencia, remiti\u00f3 \u00a0el expediente a la Sala de Casaci\u00f3n Penal de la Corte. \u00a0<\/p>\n<p>El \u00a06 de diciembre siguiente, \u00d3SCAR HUMBERTO LE\u00d3N RODR\u00cdGUEZ \u00a0desisti\u00f3 de la acci\u00f3n. \u00a0<\/p>\n<p>El \u00a0art\u00edculo 26 del Decreto 2591 de 1991 consagra la facultad de \u00a0desistir de la solicitud de amparo, prerrogativa que se extiende a \u00a0las dem\u00e1s actuaciones adelantadas al interior del tr\u00e1mite \u00a0de tutela, por ejemplo, la impugnaci\u00f3n. En tal caso, agrega la \u00a0norma en comento, debe archivarse el expediente. \u00a0<\/p>\n<p>Se \u00a0except\u00faan de dicha posibilidad las tutelas que est\u00e9n en \u00a0sede de revisi\u00f3n ante la Corte Constitucional o cuando la \u00a0controversia no se limita a las pretensiones individuales del actor y \u00a0puede estimarse un asunto de inter\u00e9s general. \u00a0<\/p>\n<p>En \u00a0el presente caso, el desistimiento fue presentado directamente por el \u00a0accionante, quien goza de legitimaci\u00f3n para hacerlo. Y no se \u00a0est\u00e1, de otra parte, ante ninguna de las situaciones que \u00a0impiden su procedencia. Por tanto, se aceptar\u00e1 y se ordenar\u00e1 \u00a0el archivo de las diligencias. \u00a0<\/p>\n<p>Por \u00a0lo expuesto, la Sala de Decisi\u00f3n de Tutelas #2 de la Sala de \u00a0Casaci\u00f3n Penal de la Corte Suprema de Justicia, \u00a0<\/p>\n<p>RESUELVE: \u00a0<\/p>\n<p>\u00a0 \u00a0\u00a0 \u00a0 \u00a0 \u00a0 \u00a0<\/p>\n<p>1. ACEPTAR \u00a0 \u00a0 \u00a0 \u00a0 \u00a0el \u00a0 \u00a0 \u00a0 \u00a0 \u00a0desistimiento presentado por \u00d3SCAR HUMBERTO LE\u00d3N \u00a0 \u00a0 \u00a0 \u00a0 \u00a0RODR\u00cdGUEZ. \u00a0<\/p>\n<p>\u00a0 \u00a0\u00a0 \u00a0 \u00a0 \u00a0 \u00a0<\/p>\n<p>2. ARCHIVAR \u00a0 \u00a0 \u00a0 \u00a0 \u00a0las \u00a0 \u00a0 \u00a0 \u00a0 \u00a0presentes diligencias. \u00a0<\/p>\n<p>3. \u00a0 \u00a0 \u00a0 \u00a0NOTIFICAR \u00a0esta \u00a0providencia, de conformidad con el art\u00edculo 16 del Decreto \u00a02591 de 1991. \u00a0<\/p>\n<p>NOTIF\u00cdQUESE \u00a0Y C\u00daMPLASE, \u00a0<\/p>\n<p>LUIS \u00a0ANTONIO HERN\u00c1NDEZ BARBOSA \u00a0<\/p>\n<p>NUBIA \u00a0YOLANDA NOVA GARC\u00cdA \u00a0<\/p>\n<p>Secretaria \u00a0<\/p>\n<p>\u00a0 \u00a0 \u00a0\u00a0<\/p>\n<p><\/p>\n","protected":false},"excerpt":{"rendered":"<p>\u00a0 \u00a0 \u00a0 \u00a0\u00a0 LUIS \u00a0ANTONIO HERN\u00c1NDEZ BARBOSA \u00a0 Magistrado \u00a0Ponente \u00a0 ATP-1682-2023 \u00a0 Tutela \u00a0de 2\u00aa instancia No. 134448 \u00a0 Acta \u00a0No. 244 \u00a0 Bogot\u00e1 \u00a0D.C., trece (13) de diciembre de dos mil veintitr\u00e9s (2023) \u00a0 VISTOS \u00a0 Resuelve \u00a0la Sala la solicitud de desistimiento \u00a0de la acci\u00f3n de tutela presentada por \u00d3SCAR HUMBERTO [&hellip;]<\/p>\n","protected":false},"author":1,"featured_media":0,"comment_status":"open","ping_status":"open","sticky":false,"template":"","format":"standard","meta":{"footnotes":""},"categories":[70],"tags":[],"class_list":["post-75357","post","type-post","status-publish","format-standard","hentry","category-diciembre-2023"],"_links":{"self":[{"href":"https:\/\/dmsjuridica.com\/buscador_20179478954\/salapenalcronologico20230723\/wp-json\/wp\/v2\/posts\/75357","targetHints":{"allow":["GET"]}}],"collection":[{"href":"https:\/\/dmsjuridica.com\/buscador_20179478954\/salapenalcronologico20230723\/wp-json\/wp\/v2\/posts"}],"about":[{"href":"https:\/\/dmsjuridica.com\/buscador_20179478954\/salapenalcronologico20230723\/wp-json\/wp\/v2\/types\/post"}],"author":[{"embeddable":true,"href":"https:\/\/dmsjuridica.com\/buscador_20179478954\/salapenalcronologico20230723\/wp-json\/wp\/v2\/users\/1"}],"replies":[{"embeddable":true,"href":"https:\/\/dmsjuridica.com\/buscador_20179478954\/salapenalcronologico20230723\/wp-json\/wp\/v2\/comments?post=75357"}],"version-history":[{"count":0,"href":"https:\/\/dmsjuridica.com\/buscador_20179478954\/salapenalcronologico20230723\/wp-json\/wp\/v2\/posts\/75357\/revisions"}],"wp:attachment":[{"href":"https:\/\/dmsjuridica.com\/buscador_20179478954\/salapenalcronologico20230723\/wp-json\/wp\/v2\/media?parent=75357"}],"wp:term":[{"taxonomy":"category","embeddable":true,"href":"https:\/\/dmsjuridica.com\/buscador_20179478954\/salapenalcronologico20230723\/wp-json\/wp\/v2\/categories?post=75357"},{"taxonomy":"post_tag","embeddable":true,"href":"https:\/\/dmsjuridica.com\/buscador_20179478954\/salapenalcronologico20230723\/wp-json\/wp\/v2\/tags?post=75357"}],"curies":[{"name":"wp","href":"https:\/\/api.w.org\/{rel}","templated":true}]}}