{"id":75295,"date":"2024-03-08T18:50:25","date_gmt":"2024-03-08T18:50:25","guid":{"rendered":"https:\/\/dmsjuridica.com\/buscador_20179478954\/salapenalcronologico20230723\/2024\/03\/08\/ap3830-202364324\/"},"modified":"2024-03-08T18:50:25","modified_gmt":"2024-03-08T18:50:25","slug":"ap3830-202364324","status":"publish","type":"post","link":"https:\/\/dmsjuridica.com\/buscador_20179478954\/salapenalcronologico20230723\/2024\/03\/08\/ap3830-202364324\/","title":{"rendered":"AP3830-2023(64324)"},"content":{"rendered":"\n<p>\u00a0 \u00a0 \u00a0 \u00a0\u00a0<\/p>\n<p>LUIS \u00a0ANTONIO HERN\u00c1NDEZ BARBOSA \u00a0<\/p>\n<p>Magistrado \u00a0Ponente \u00a0<\/p>\n<p>AP3830-2023 \u00a0<\/p>\n<p>Radicaci\u00f3n \u00a064324 \u00a0<\/p>\n<p>Acta 238 \u00a0<\/p>\n<p>Bogot\u00e1, D. \u00a0C., seis (6) de diciembre de dos mil veintitr\u00e9s (2023). \u00a0<\/p>\n<p>VISTOS: \u00a0<\/p>\n<p>Resuelve la Sala \u00a0si admite o no la demanda de casaci\u00f3n presentada por el \u00a0procesado LUIS HEIDER ARCILA CASTA\u00d1O, contra \u00a0la sentencia proferida el 10 de marzo de 2023 por la Sala Penal del \u00a0Tribunal Superior de Pereira, confirmatoria de la emitida por el \u00a0Juzgado 1\u00ba Penal del Circuito con Funci\u00f3n de Conocimiento \u00a0del mismo distrito judicial que lo conden\u00f3, junto a YHOAN \u00a0MANUEL HERN\u00c1NDEZ CRISTANCHO, \u00a0como coautor de los delitos de homicidio \u00a0agravado tentado y \u00a0uso \u00a0de menores en la comisi\u00f3n de delitos. \u00a0<\/p>\n<p>HECHOS: \u00a0<\/p>\n<p>En la noche del 22 \u00a0de febrero de 2014 el joven David Alejandro Guti\u00e9rrez sali\u00f3 \u00a0del bar Bombay, \u00a0ubicado en el barrio Corocito de Pereira y, bajo enga\u00f1os, \u00a0abord\u00f3 el veh\u00edculo de placas JGE-274 en compa\u00f1\u00eda \u00a0de dos personas. Minutos despu\u00e9s recogieron un menor de \u00a0aproximadamente 12 a\u00f1os y tomaron la v\u00eda que conduce \u00a0hacia el corregimiento de Mundo Nuevo. Cerca de las 10:50 de la noche \u00a0de ese mismo d\u00eda llegaron a un paraje rural, oscuro y \u00a0deshabitado donde fue obligado a descender del autom\u00f3vil y, en \u00a0total estado de indefensi\u00f3n, fue agredido en el suelo con arma \u00a0blanca por uno de los adultos y el menor de edad, mientras el tercer \u00a0sujeto lo inmovilizaba. \u00a0<\/p>\n<p>El afectado logr\u00f3 \u00a0escapar y se escondi\u00f3 entre la vegetaci\u00f3n hasta que sus \u00a0atacantes se marcharon. Inmediatamente sali\u00f3 a la carretera, \u00a0pidi\u00f3 ayuda y fue trasladado a un hospital. Producto del \u00a0asalto sufri\u00f3 heridas en cara, t\u00f3rax, hemot\u00f3rax \u00a0izquierdo, neumot\u00f3rax derecho y toracotom\u00eda izquierda, \u00a0que ameritaron atenci\u00f3n m\u00e9dica inmediata para salvar su \u00a0vida. \u00a0<\/p>\n<p>En la misma fecha \u00a0la Polic\u00eda Nacional inici\u00f3 la b\u00fasqueda del \u00a0automotor, logrando su interceptaci\u00f3n en el barrio Invico de \u00a0Pereira. En su interior se encontraban YHOAN MANUEL HERN\u00c1NDEZ \u00a0CRISTANCHO y LUIS HEIDER ARCILA CASTA\u00d1O, en compa\u00f1\u00eda \u00a0de un menor de edad que se identific\u00f3 como J.C.H. \u00a0<\/p>\n<p>ACTUACI\u00d3N \u00a0PROCESAL: \u00a0<\/p>\n<p>El 24 de febrero \u00a0de 2014, ante el Juzgado 1\u00ba Penal Municipal de Pereira con \u00a0Funci\u00f3n de Control de Garant\u00edas, la Fiscal\u00eda \u00a0imput\u00f3 a YHOAN MANUEL HERN\u00c1NDEZ CRISTANCHO y LUIS \u00a0HEIDER ARCILA CASTA\u00d1O la coautor\u00eda de los delitos de \u00a0homicidio \u00a0agravado tentado y \u00a0uso \u00a0de menores en la comisi\u00f3n de delitos \u00a0\u2014arts. 27, 103, 104-7 y 188D de la Ley 599 de 2000\u2014, bajo \u00a0la circunstancia de mayor punibilidad descrita en el art\u00edculo \u00a058-10 de la misma codificaci\u00f3n, toda vez que obraron \u00a0en coparticipaci\u00f3n criminal. \u00a0<\/p>\n<p>Los involucrados \u00a0no aceptaron los cargos y el Despacho les impuso medida de \u00a0aseguramiento privativa de la libertad en centro de reclusi\u00f3n. \u00a0<\/p>\n<p>El 27 de mayo de \u00a02014 la Fiscal\u00eda les formul\u00f3 acusaci\u00f3n por los \u00a0mismos hechos y calificaci\u00f3n jur\u00eddica originalmente \u00a0imputados ante el Juzgado 1\u00ba Penal del Circuito de Pereira con \u00a0Funci\u00f3n de Conocimiento. \u00a0<\/p>\n<p>La audiencia \u00a0preparatoria se realiz\u00f3 el 12 de agosto de ese mismo a\u00f1o \u00a0y la de juicio oral en sesiones del 27 y 28 de octubre siguiente. En \u00a0esta \u00faltima el juzgado anunci\u00f3 el sentido condenatorio \u00a0del fallo y el 25 de mayo de 2015 conden\u00f3 a YHOAN MANUEL \u00a0HERN\u00c1NDEZ CRISTANCHO y LUIS HEIDER ARCILA CASTA\u00d1O a la \u00a0pena de 360 meses de prisi\u00f3n como coautores de \u00a0homicidio agravado tentado y \u00a0uso \u00a0de menores en la comisi\u00f3n de delitos cometidos \u00a0en circunstancias de mayor punibilidad, as\u00ed como a la \u00a0accesoria de inhabilitaci\u00f3n pare el ejercicio de derechos y \u00a0funciones p\u00fablicas por 20 a\u00f1os. \u00a0<\/p>\n<p>Les neg\u00f3 la \u00a0concesi\u00f3n de subrogados y beneficios. \u00a0<\/p>\n<p>Apelada tal \u00a0providencia por la defensa de los procesados, la Sala Penal del \u00a0Tribunal Superior de Pereira la confirm\u00f3 el 10 de marzo de \u00a02023, a trav\u00e9s del fallo recurrido en casaci\u00f3n. \u00a0<\/p>\n<p>LA DEMANDA: \u00a0<\/p>\n<p>El sentenciado \u00a0LUIS HEIDER ARCILA CASTA\u00d1O presenta demanda de casaci\u00f3n \u00a0en la que afirma estar legitimado para interponerla debido al monto \u00a0de la sanci\u00f3n impuesta y porque su apoderado no lo hizo en su \u00a0nombre. \u00a0<\/p>\n<p>A continuaci\u00f3n \u00a0se\u00f1al\u00f3 que en su caso no se prob\u00f3 la \u00a0responsabilidad del delito de uso \u00a0de menores para la comisi\u00f3n de delitos, \u00a0en raz\u00f3n a que el adolescente involucrado es sobrino de YHOAN \u00a0MANUEL HERN\u00c1NDEZ CRISTANCHO. Agreg\u00f3 que no pertenece a \u00a0ninguna organizaci\u00f3n criminal y que el abogado que represent\u00f3 \u00a0sus intereses no actu\u00f3 de manera diligente, lo que impidi\u00f3 \u00a0que se le reconociera una disminuci\u00f3n de la pena. \u00a0<\/p>\n<p>Para terminar, \u00a0invoc\u00f3 \u2014sin ahondar en ello\u2014 el principio de \u00a0dignidad humana, el deber resocializador de la pena y la prohibici\u00f3n \u00a0de prisi\u00f3n perpetua. Por lo anterior, solicit\u00f3 que se \u00a0revoque la condena y se disminuya la pena a una m\u00e1s \u00a0favorable \u00a0para poder acceder al subrogado de libertad condicional. \u00a0<\/p>\n<p>CONSIDERACIONES \u00a0DE LA CORTE: \u00a0<\/p>\n<p>La demanda \u00a0presentada por el procesado LUIS HEIDER ARCILA CASTA\u00d1O no ser\u00e1 \u00a0considerada por la Sala. En lo esencial, porque \u00a0carece de la condici\u00f3n de abogado titulado y la casaci\u00f3n \u00a0est\u00e1 reservada para ese tipo de profesionales. As\u00ed se \u00a0desprende del art\u00edculo 182 de la Ley 906 de 2004: Est\u00e1n \u00a0legitimados para recurrir en casaci\u00f3n los intervinientes que \u00a0tengan inter\u00e9s, quienes podr\u00e1n hacerlo directamente si \u00a0fueren abogados en ejercicio. \u00a0<\/p>\n<p>El fundamento de \u00a0dicha exigencia, no sobra repetirlo, radica en la naturaleza \u00a0excepcional del recurso de casaci\u00f3n que supone un juicio \u00a0t\u00e9cnico-jur\u00eddico sobre la legalidad de la determinaci\u00f3n \u00a0judicial que se censura. Por tal motivo, el escrito de sustentaci\u00f3n \u00a0debe contener una forma espec\u00edfica de argumentaci\u00f3n. De \u00a0lo contrario se habilitar\u00eda un nuevo escenario para continuar \u00a0debatiendo temas resueltos por las instancias y se desconocer\u00eda \u00a0la naturaleza y los efectos de las causales consagradas en la ley. \u00a0<\/p>\n<p>En consecuencia, \u00a0como se anunci\u00f3, procede rechazar la demanda. Cabe \u00a0advertir que contra la presente decisi\u00f3n procede el recurso de \u00a0reposici\u00f3n. \u00a0<\/p>\n<p>En m\u00e9rito \u00a0de lo expuesto, la CORTE SUPREMA DE JUSTICIA, SALA DE CASACI\u00d3N \u00a0PENAL, \u00a0<\/p>\n<p>RESUELVE: \u00a0<\/p>\n<p>Primero. \u00a0 \u00a0 \u00a0 \u00a0RECHAZAR, \u00a0por falta de legitimaci\u00f3n, \u00a0la demanda de casaci\u00f3n promovida por el procesado LUIS HEIDER \u00a0ARCILA CASTA\u00d1O contra la sentencia del Tribunal Superior de \u00a0Pereira del 23 de marzo de 2023. \u00a0<\/p>\n<p>Segundo. \u00a0 \u00a0 \u00a0 \u00a0Contra \u00a0esta decisi\u00f3n procede el recurso de reposici\u00f3n. \u00a0<\/p>\n<p>NOTIF\u00cdQUESE \u00a0Y C\u00daMPLASE. \u00a0<\/p>\n<p>HUGO \u00a0QUINTERO BERNATE \u00a0<\/p>\n<p>Presidente \u00a0<\/p>\n<p>MYRIAM \u00a0\u00c1VILA ROLD\u00c1N \u00a0<\/p>\n<p>FERNANDO \u00a0LE\u00d3N BOLA\u00d1OS PALACIOS \u00a0<\/p>\n<p>GERSON \u00a0CHAVERRA CASTRO \u00a0<\/p>\n<p>DIEGO \u00a0EUGENIO CORREDOR BELTR\u00c1N \u00a0<\/p>\n<p>JORGE \u00a0HERN\u00c1N DIAZ SOTO \u00a0<\/p>\n<p>LUIS \u00a0ANTONIO HERN\u00c1NDEZ BARBOSA \u00a0<\/p>\n<p>CARLOS \u00a0ROBERTO SOL\u00d3RZANO GARAVITO \u00a0<\/p>\n<p>NUBIA YOLANDA \u00a0NOVA GARC\u00cdA \u00a0<\/p>\n<p>Secretaria \u00a0<\/p>\n<p>\u00a0 \u00a0 \u00a0\u00a0<\/p>\n<p><\/p>\n","protected":false},"excerpt":{"rendered":"<p>\u00a0 \u00a0 \u00a0 \u00a0\u00a0 LUIS \u00a0ANTONIO HERN\u00c1NDEZ BARBOSA \u00a0 Magistrado \u00a0Ponente \u00a0 AP3830-2023 \u00a0 Radicaci\u00f3n \u00a064324 \u00a0 Acta 238 \u00a0 Bogot\u00e1, D. \u00a0C., seis (6) de diciembre de dos mil veintitr\u00e9s (2023). \u00a0 VISTOS: \u00a0 Resuelve la Sala \u00a0si admite o no la demanda de casaci\u00f3n presentada por el \u00a0procesado LUIS HEIDER ARCILA CASTA\u00d1O, contra [&hellip;]<\/p>\n","protected":false},"author":1,"featured_media":0,"comment_status":"open","ping_status":"open","sticky":false,"template":"","format":"standard","meta":{"footnotes":""},"categories":[70],"tags":[],"class_list":["post-75295","post","type-post","status-publish","format-standard","hentry","category-diciembre-2023"],"_links":{"self":[{"href":"https:\/\/dmsjuridica.com\/buscador_20179478954\/salapenalcronologico20230723\/wp-json\/wp\/v2\/posts\/75295","targetHints":{"allow":["GET"]}}],"collection":[{"href":"https:\/\/dmsjuridica.com\/buscador_20179478954\/salapenalcronologico20230723\/wp-json\/wp\/v2\/posts"}],"about":[{"href":"https:\/\/dmsjuridica.com\/buscador_20179478954\/salapenalcronologico20230723\/wp-json\/wp\/v2\/types\/post"}],"author":[{"embeddable":true,"href":"https:\/\/dmsjuridica.com\/buscador_20179478954\/salapenalcronologico20230723\/wp-json\/wp\/v2\/users\/1"}],"replies":[{"embeddable":true,"href":"https:\/\/dmsjuridica.com\/buscador_20179478954\/salapenalcronologico20230723\/wp-json\/wp\/v2\/comments?post=75295"}],"version-history":[{"count":0,"href":"https:\/\/dmsjuridica.com\/buscador_20179478954\/salapenalcronologico20230723\/wp-json\/wp\/v2\/posts\/75295\/revisions"}],"wp:attachment":[{"href":"https:\/\/dmsjuridica.com\/buscador_20179478954\/salapenalcronologico20230723\/wp-json\/wp\/v2\/media?parent=75295"}],"wp:term":[{"taxonomy":"category","embeddable":true,"href":"https:\/\/dmsjuridica.com\/buscador_20179478954\/salapenalcronologico20230723\/wp-json\/wp\/v2\/categories?post=75295"},{"taxonomy":"post_tag","embeddable":true,"href":"https:\/\/dmsjuridica.com\/buscador_20179478954\/salapenalcronologico20230723\/wp-json\/wp\/v2\/tags?post=75295"}],"curies":[{"name":"wp","href":"https:\/\/api.w.org\/{rel}","templated":true}]}}