{"id":75279,"date":"2024-03-08T18:50:24","date_gmt":"2024-03-08T18:50:24","guid":{"rendered":"https:\/\/dmsjuridica.com\/buscador_20179478954\/salapenalcronologico20230723\/2024\/03\/08\/ap3802-202365290\/"},"modified":"2024-03-08T18:50:24","modified_gmt":"2024-03-08T18:50:24","slug":"ap3802-202365290","status":"publish","type":"post","link":"https:\/\/dmsjuridica.com\/buscador_20179478954\/salapenalcronologico20230723\/2024\/03\/08\/ap3802-202365290\/","title":{"rendered":"AP3802-2023(65290)"},"content":{"rendered":"\n<p>\u00a0 \u00a0 \u00a0 \u00a0\u00a0<\/p>\n<p>GERSON \u00a0CHAVERRA CASTRO \u00a0<\/p>\n<p>Magistrado \u00a0ponente \u00a0<\/p>\n<p>AP3802-2023 \u00a0<\/p>\n<p>Radicado \u00a0N\u00b0 65290 \u00a0<\/p>\n<p>Acta \u00a0No 236 \u00a0<\/p>\n<p>Bogot\u00e1, \u00a0D.C., seis (06) de diciembre de dos mil veintitr\u00e9s (2023). \u00a0<\/p>\n<p>VISTOS \u00a0<\/p>\n<p>Define \u00a0la Corte cu\u00e1l es la autoridad judicial competente para \u00a0resolver \u00a0la petici\u00f3n de libertad por vencimiento de t\u00e9rminos \u00a0presentada por la \u00a0defensa de Juan \u00a0Diego Fl\u00f3rez Pineda, \u00a0dentro \u00a0del proceso penal que se adelanta en su contra1, \u00a0por la presunta comisi\u00f3n de los delitos de \u00a0homicidio agravado y fabricaci\u00f3n, tr\u00e1fico y porte de \u00a0armas de fuego o municiones. \u00a0<\/p>\n<p>ANTECEDENTES \u00a0<\/p>\n<p>1. \u00a0En \u00a0contra de \u00a0Juan \u00a0Diego Fl\u00f3rez Pineda \u00a0y \u00a0otros \u00a0se \u00a0radic\u00f3 escrito de acusaci\u00f3n ante el Centro de Servicios \u00a0Judiciales de los Juzgados Penales del Circuito de Medell\u00edn, \u00a0por los delitos de homicidio \u00a0agravado y fabricaci\u00f3n, tr\u00e1fico y porte de armas de \u00a0fuego o municiones. \u00a0El procesado se encuentra en detenci\u00f3n domiciliaria en la \u00a0ciudad de Medell\u00edn desde el 16 de noviembre de 2022, luego de \u00a0que el Juzgado 24 Penal Municipal con Funciones de Control de \u00a0Garant\u00edas de Medell\u00edn, decretara la legalidad de la \u00a0captura, llevara a cabo la formulaci\u00f3n de imputaci\u00f3n e \u00a0impusiera medida de aseguramiento de detenci\u00f3n preventiva en \u00a0su domicilio. \u00a0<\/p>\n<p>El \u00a0asunto le correspondi\u00f3, el 17 de marzo de 2023, al Juzgado 27 \u00a0Penal del Circuito de Medell\u00edn, en donde actualmente se \u00a0adelanta la etapa de juzgamiento, actuaci\u00f3n dentro de la cual, \u00a0se se\u00f1al\u00f3 el 29 de enero de 2024, como d\u00eda y \u00a0hora para llevar a cabo la audiencia de acusaci\u00f3n. \u00a0<\/p>\n<p>2. \u00a0 \u00a0 \u00a0 \u00a0La \u00a0defensa de Juan \u00a0Diego Fl\u00f3rez Pineda \u00a0solicit\u00f3 audiencia de libertad por vencimiento de t\u00e9rminos \u00a0ante el centro de servicios de los Juzgados Penales de Medell\u00edn, \u00a0con fundamento en el numeral 5\u00ba del art\u00edculo 317 de la \u00a0Ley 906 de 2004, asunto que le correspondi\u00f3 por reparto al \u00a0Juzgado 38 Penal Municipal con Funci\u00f3n de Control de Garant\u00edas \u00a0de dicha ciudad. \u00a0<\/p>\n<p>3. \u00a0 \u00a0 \u00a0 \u00a0Instalada \u00a0la diligencia, el 24 de noviembre de 2023, la juez de garant\u00edas \u00a0rehus\u00f3 su competencia al se\u00f1alar que del escrito de \u00a0acusaci\u00f3n se advert\u00eda la necesidad de aplicar la regla \u00a0de competencia establecida en la Ley 1908 de 2018, esto es, que en \u00a0trat\u00e1ndose de la judicializaci\u00f3n de un grupo delictivo \u00a0organizado, le corresponde conocer a la actuaci\u00f3n a los \u00a0Juzgados de Control de Garant\u00edas Ambulantes con sede en \u00a0Medell\u00edn. \u00a0<\/p>\n<p>As\u00ed, \u00a0luego de examinar el escrito de acusaci\u00f3n, concluy\u00f3 que \u00a0se estaba judicializando a Juan \u00a0Diego Fl\u00f3rez Pineda por \u00a0su pertenencia y participaci\u00f3n en las actividades que \u00a0desarrollaba el \u201cGDO CONVIVIR CAICEDO\u201d, contexto a partir \u00a0del cual, deb\u00eda abstenerse de asumir el conocimiento de la \u00a0audiencia de libertad por vencimiento de t\u00e9rminos y remitirla \u00a0a la autoridad competente, que atiende las solicitudes de dichas \u00a0organizaciones delictivas. \u00a0<\/p>\n<p>4. \u00a0Por su parte, la Fiscal Cuarta Especializada de Medell\u00edn se \u00a0opuso a la anterior controversia y, conforme a ello, le pidi\u00f3 \u00a0a la Juez 38 Penal Municipal con Funciones de Control de Garant\u00edas \u00a0de la misma ciudad, que asumiera el tr\u00e1mite de la referida \u00a0audiencia preliminar. \u00a0<\/p>\n<p>Lo \u00a0anterior, en raz\u00f3n a que, como acto de lealtad y honestidad \u00a0deb\u00eda indicar que, en lo que se refiere al procesado Juan \u00a0Diego Fl\u00f3rez Pineda, \u00a0el escrito de acusaci\u00f3n reprocha un concreto acto delictivo de \u00a0homicidio en grado de complicidad, por prestar una ayuda concomitante \u00a0al hecho delincuencial, \u201clo \u00a0cual, no necesariamente lo vincula con la GDO Convivir, como se viene \u00a0planteando, y que es lo que realmente da la competencia\u201d; \u00a0por esta raz\u00f3n, sostiene que al solicitante no se le acus\u00f3 \u00a0del delito de concierto para delinquir. \u00a0<\/p>\n<p>Con \u00a0fundamento en tal situaci\u00f3n, la delegada considera que le \u00a0corresponde al Juzgado 38 Penal Municipal con Funciones de Control de \u00a0Garant\u00edas asumir y tramitar la presente solicitud de libertad \u00a0por vencimiento de t\u00e9rminos. \u00a0<\/p>\n<p>5. \u00a0El apoderado de Juan \u00a0Diego Fl\u00f3rez Pineda \u00a0apoy\u00f3 la exposici\u00f3n de la Delegada de la Fiscal\u00eda \u00a0General de la Naci\u00f3n, al considerar que en efecto, ni en la \u00a0imputaci\u00f3n o en la acusaci\u00f3n se hace una expl\u00edcita \u00a0referencia a la pertenencia o vinculaci\u00f3n del procesado con \u00a0alg\u00fan grupo delictivo organizado. \u00a0<\/p>\n<p>6. \u00a0Por lo anterior, al existir controversia frente al juez que \u00a0deber\u00e1 decidir la solicitud de libertad por vencimiento de \u00a0t\u00e9rminos, \u00a0orden\u00f3 remitir la actuaci\u00f3n a \u00a0esta Corporaci\u00f3n. \u00a0<\/p>\n<p>CONSIDERACIONES \u00a0<\/p>\n<p>1. \u00a0La \u00a0Sala de Casaci\u00f3n Penal de la Corte Suprema de Justicia es \u00a0competente para resolver la controversia propuesta, en virtud de lo \u00a0preceptuado en el ordinal 3\u00b0 del art\u00edculo 32 de la Ley 906 \u00a0de 2004, toda vez que, en el sub \u00a0judice, \u00a0se encuentran involucradas autoridades de diferentes distritos \u00a0judiciales, concretamente, despachos adscritos a los de Medell\u00edn \u00a0y Antioquia2. \u00a0<\/p>\n<p>2. \u00a0El \u00a0art\u00edculo 54 del Estatuto Procesal Penal de 2004, regula el \u00a0tr\u00e1mite del incidente de definici\u00f3n de competencia \u00a0se\u00f1alando que \u00ab\u2026cuando \u00a0el juez [\u2026] manifieste su incompetencia, as\u00ed lo har\u00e1 \u00a0saber a las partes en la misma audiencia y remitir\u00e1 el asunto \u00a0inmediatamente al funcionario que deba definirla, quien en el t\u00e9rmino \u00a0improrrogable de tres (3) d\u00edas decidir\u00e1 de plano. Igual \u00a0procedimiento se aplicar\u00e1 cuando se trate de lo previsto en el \u00a0art\u00edculo 286 de este c\u00f3digo y cuando la incompetencia \u00a0la proponga la defensa.\u00bb \u00a0<\/p>\n<p>A \u00a0su turno, el art\u00edculo 341 del mismo cuerpo normativo, \u00a0establece que \u00abDe \u00a0las impugnaciones de competencia conocer\u00e1 el superior \u00a0jer\u00e1rquico del juez, quien deber\u00e1 resolver de plano lo \u00a0pertinente dentro de los tres (3) d\u00edas siguientes al recibo de \u00a0lo actuado. En el evento de prosperar la impugnaci\u00f3n de \u00a0competencia, el superior deber\u00e1 remitir la actuaci\u00f3n al \u00a0funcionario competente. Esta decisi\u00f3n no admite recurso \u00a0alguno\u00bb3. \u00a0<\/p>\n<p>Luego, \u00a0es el mecanismo previsto en el ordenamiento jur\u00eddico para \u00a0precisar de manera perentoria y definitiva, cu\u00e1l de los \u00a0distintos Jueces o Magistrados es el llamado a conocer de una fase \u00a0procesal, o para ocuparse de un asunto determinado. \u00a0<\/p>\n<p>4. \u00a0Asimismo, \u00a0se hace necesario recordar que la Sala en decisi\u00f3n del 17 de \u00a0julio de 2019, CSJ AP2863-2019 dentro del radicado 556164, \u00a0explic\u00f3 el tr\u00e1mite que debe cumplirse en el marco del \u00a0incidente de impugnaci\u00f3n de competencia. En dicha oportunidad \u00a0se se\u00f1al\u00f3 que, cuando alguna de las partes o \u00a0intervinientes rechaza la competencia del juez para conocer de un \u00a0determinado asunto -ya \u00a0sea en sede de conocimiento o de control de garant\u00edas-, \u00a0surgen dos posibilidades, a saber: \u00a0<\/p>\n<p>(i) \u00a0Que las dem\u00e1s partes e intervinientes al igual que la \u00a0judicatura, compartan dicha postulaci\u00f3n, caso en el cual el \u00a0asunto debe remitirse al funcionario que un\u00e1nimemente se \u00a0considera competente, quien, a su vez, evaluar\u00e1 si les asiste \u00a0o no raz\u00f3n. En caso afirmativo, continuar\u00e1 con el curso \u00a0de la actuaci\u00f3n o, en el negativo, remitir\u00e1 el asunto \u00a0al funcionario habilitado para definir competencia. \u00a0<\/p>\n<p>(ii) \u00a0Que las partes e intervinientes o la judicatura no coincidan con la \u00a0proposici\u00f3n, generando una efectiva controversia sobre la \u00a0materia, situaci\u00f3n que da lugar a que se remita directamente \u00a0el asunto al funcionario autorizado para definir competencia, por \u00a0ejemplo, esta Corporaci\u00f3n, cuando se involucran autoridades de \u00a0distinto Distrito Judicial. \u00a0<\/p>\n<p>Hip\u00f3tesis \u00a0segunda que se verifica en el presente asunto, en raz\u00f3n de que \u00a0no \u00a0hubo consenso entre el juzgado y los intervinientes, sobre la \u00a0autoridad judicial que deb\u00eda asumir el conocimiento de la \u00a0solicitud de libertad por vencimiento de t\u00e9rminos que eleva el \u00a0defensor de Juan \u00a0Diego Fl\u00f3rez Pineda, \u00a0dentro del proceso penal que se adelanta en su contra, por la \u00a0presunta comisi\u00f3n de los delitos de homicidio agravado y \u00a0fabricaci\u00f3n, tr\u00e1fico y porte de armas de fuego o \u00a0municiones; puesto que, mientras la Juez 38 Penal Municipal con \u00a0Funciones de Control de Garant\u00edas de Medell\u00edn considera \u00a0que le corresponde a un Juez de Control de Garant\u00edas Ambulante \u00a0con sede en dicha ciudad; la delegada del ente acusador y la defensa \u00a0estiman que la competencia recae en la autoridad promotora de la \u00a0controversia. \u00a0<\/p>\n<p>5. \u00a0En ese contexto, ante la citada discusi\u00f3n, corresponde \u00a0establecer cu\u00e1l es la autoridad judicial llamada a conocer la \u00a0solicitud de libertad por vencimiento de t\u00e9rminos que presenta \u00a0el defensor de Juan \u00a0Diego Fl\u00f3rez Pineda, \u00a0con fundamento en el numeral 5\u00ba del art\u00edculo 317 de la \u00a0Ley 906 de 2004. \u00a0<\/p>\n<p>6. \u00a0Al \u00a0respecto, el art\u00edculo 39 del C\u00f3digo de Procedimiento \u00a0Penal, modificado por el art\u00edculo 48 de la Ley 1453 de 2011, \u00a0se\u00f1ala: \u00a0<\/p>\n<p>\u00abDe \u00a0la funci\u00f3n de control de garant\u00edas. La \u00a0funci\u00f3n de control de garant\u00edas ser\u00e1 ejercida \u00a0por cualquier juez penal municipal. El juez que ejerza el control de \u00a0garant\u00edas quedar\u00e1 impedido para ejercer la funci\u00f3n \u00a0del conocimiento del mismo caso en su \u00a0fondo.\u00bb \u00a0<\/p>\n<p>Lo \u00a0anterior significa que la norma, en principio, estableci\u00f3 una \u00a0competencia nacional para los jueces de control de garant\u00edas, \u00a0de forma que cualquiera de ellos est\u00e1 facultado para ejercer \u00a0dichas funciones, independientemente del lugar donde ocurran los \u00a0hechos. No obstante, la Corte en los autos CSJ AP, 26 oct. 2011, rad. \u00a037674 y CSJ AP, 29 ene. 2014, rad. 43.046, AP 648-2018, Rad. 52105, \u00a0AP061-2019, Rad. 54408 y AP224-2019, Rad 54493, precis\u00f3 que \u00a0dicho precepto debe ser aplicado en forma razonable y no arbitraria. \u00a0Al respecto, dijo: \u00a0<\/p>\n<p>[\u2026] \u00a03. \u00a0El art\u00edculo 39 de la Ley 906 de 2004, modificado por el \u00a0art\u00edculo 48 de la Ley 1453 de 2011, promulgada el 24 de junio \u00a0de este a\u00f1o, regula que la funci\u00f3n de control de \u00a0garant\u00edas ser\u00e1 ejercida por cualquier juez penal \u00a0municipal, quien quedar\u00e1 impedido para ejercer la funci\u00f3n \u00a0de juzgamiento. \u00a0<\/p>\n<p>[\u2026] \u00a0<\/p>\n<p>De \u00a0tal manera, es menester puntualizar que la funci\u00f3n de control \u00a0de garant\u00edas preferentemente debe ser ejercida por el juez del \u00a0lugar donde se cometi\u00f3 la conducta. Sin embargo, ello no obsta \u00a0para que pueda cumplirla un funcionario de territorio diferente, \u00a0siempre que exista alguna circunstancia especial que aconseje no \u00a0acudir ante el juez del sitio donde ocurri\u00f3 el hecho, como \u00a0cuando el sujeto haya sido aprehendido en \u00e1rea distinta, o se \u00a0encuentre privado de la libertad en establecimiento carcelario \u00a0de \u00a0lugar diferente al de la comisi\u00f3n del acontecer f\u00e1ctico, \u00a0o sea en otro territorio donde deban recopilarse las evidencias \u00a0f\u00edsicas o los elementos materiales probatorios pertinentes al \u00a0caso. \u00a0<\/p>\n<p>Lo \u00a0anterior quiere decir, que si bien es cierto la ley no impone que el \u00a0control de garant\u00edas tenga que ser siempre realizado por un \u00a0juez del lugar en el que ocurri\u00f3 la conducta punible, de todas \u00a0formas la intervenci\u00f3n de cualquier funcionario judicial de \u00a0esa naturaleza, en cada caso concreto, debe obedecer a la necesidad \u00a0de proteger las garant\u00edas fundamentales de las personas que \u00a0pudieran verse comprometidas, merced a la ocurrencia de conductas \u00a0delictuales sucedidas en su territorio, o que habiendo ocurrido fuera \u00a0de \u00e9l, han de ser investigadas dentro del \u00e1mbito de su \u00a0jurisdicci\u00f3n, lo que implica en una u otra forma, que exista \u00a0una conexi\u00f3n del hecho delictual con su sede funcional. \u00a0<\/p>\n<p>De \u00a0modo que, la \u00a0selecci\u00f3n del Juez con Funci\u00f3n de Control de Garant\u00edas \u00a0debe ser razonable y no arbitraria. Las partes deben optar \u00a0preferentemente por aqu\u00e9l que tenga competencia sobre el lugar \u00a0de ocurrencia de los hechos, y s\u00f3lo en casos excepcionales, \u00a0que deber\u00e1n explicarse en la respectiva audiencia, podr\u00e1n \u00a0acudir a sitio diverso, con fundamento en criterios de razonabilidad \u00a0y la mayor protecci\u00f3n posible de las garant\u00edas \u00a0procesales5. \u00a0<\/p>\n<p>7. \u00a0As\u00ed mismo, en trat\u00e1ndose \u00a0de procesos seguidos contra miembros de Grupos \u00a0Delictivos Organizados (GDO) \u00a0y Grupos \u00a0Armados Organizados (GAO), \u00a0en los que se ha hecho reconocimiento expreso de su pertenencia a \u00a0ellos, el conocimiento de las audiencias preliminares sufre una \u00a0variante, toda vez que la regla a aplicar es la fijada \u00a0espec\u00edficamente en \u00a0el par\u00e1grafo del art\u00edculo 307A y en el par\u00e1grafo \u00a03\u00ba del art\u00edculo 317A \u00eddem, adicionado por la Ley \u00a01908 de 20186, \u00a0que prev\u00e9: \u00a0<\/p>\n<p>PAR\u00c1GRAFO \u00a03\u00ba. \u00a0La libertad de los miembros de Grupos Delictivos Organizados y Grupos \u00a0Armados Organizados solo podr\u00e1 ser solicitada ante los jueces \u00a0de control de garant\u00edas de la ciudad o municipio donde se \u00a0formul\u00f3 la imputaci\u00f3n, y donde se present\u00f3 o \u00a0donde deba presentarse el escrito de acusaci\u00f3n. \u00a0<\/p>\n<p>La \u00a0Sala ha se\u00f1alado que estas disposiciones legales establecen: \u00a0<\/p>\n<p>\u201cuna \u00a0regla progresiva, tal como corresponde a la din\u00e1mica propia \u00a0del conocimiento del objeto procesal en la actuaci\u00f3n penal, \u00a0para el conocimiento de las solicitudes de libertad de miembros de \u00a0grupos armados organizados. Es mandato de la norma que deben \u00a0presentarse, en primer lugar, en el mismo lugar donde se haya \u00a0realizado la audiencia de imputaci\u00f3n. Pero \u00a0si se ha superado esa fase, como en este asunto en concreto, debe \u00a0radicarse \u201cdonde se present\u00f3 o donde deba presentarse\u201d \u00a0el escrito de acusaci\u00f3n7.\u201d \u00a0<\/p>\n<p>Tambi\u00e9n \u00a0ha precisado que los funcionarios competentes para atender, de forma \u00a0preferente y prioritaria, las audiencias preliminares relacionadas \u00a0con los delitos cometidos por Grupos \u00a0Delictivos Organizados (GDO) \u00a0y Grupos \u00a0Armados Organizados (GAO), \u00a0son los jueces de control de garant\u00edas ambulantes8, \u00a0los \u00a0cuales, \u201cpodr\u00e1n \u00a0desplazarse para ejercer sus funciones sin que ello afecte su \u00a0competencia\u201d, \u00a0de acuerdo con lo previsto en el art\u00edculo 26 de la Ley 1908 de \u00a02018. \u00a0<\/p>\n<p>Es \u00a0pertinente tambi\u00e9n indicar que la Corte, en el AP558 del 1\u00ba \u00a0de marzo de 2023, Rad. 63189, al armonizar el contenido de los \u00a0art\u00edculos 307A y 317A de la Ley 906 de 2004 \u00a0con la atribuci\u00f3n especial de competencia fijada en \u00a0el art\u00edculo 26 de la Ley 1908 de 2018, precis\u00f3 \u00a0que los jueces con funci\u00f3n de garant\u00edas ambulantes con \u00a0competencia territorial en el lugar donde se formul\u00f3 la \u00a0imputaci\u00f3n o se present\u00f3 el escrito de acusaci\u00f3n, \u00a0son las autoridades a quienes corresponde asumir el conocimiento de \u00a0todas las audiencias preliminares que versen contra personas respecto \u00a0de quienes se advierte su pertenencia a un GDO \u00a0y GAO. \u00a0<\/p>\n<p>Este \u00a0entendimiento deriva de la circunstancia de haber sido dichos \u00a0despachos creados con el fin de que las diligencias adelantadas \u00a0contra Grupos \u00a0Delictivos Organizados (GDO) \u00a0y Grupos \u00a0Armados Organizados (GAO) \u00a0se concentren en la sede judicial en la que \u00e9stos tienen \u00a0competencia territorial para atender la funci\u00f3n de garant\u00edas, \u00a0lo que facilita las labores investigativas de la Fiscal\u00eda \u00a0General de la Naci\u00f3n para enfrentar de manera oportuna y \u00a0eficaz el actuar delictivo de estas estructuras criminales, as\u00ed \u00a0como garantizar su sometimiento a la justicia a trav\u00e9s de un \u00a0procedimiento que reduzca el riesgo de los agentes de polic\u00eda \u00a0judicial, fiscales, jueces y dem\u00e1s partes e intervinientes en \u00a0la actuaci\u00f3n procesal. \u00a0<\/p>\n<p>La \u00a0Corte tambi\u00e9n ha precisado que la efectiva pertenencia de los \u00a0procesados a un Grupo \u00a0Delictivo Organizado (GDO) o \u00a0a un Grupo \u00a0Armado Organizado (GAO), \u00a0debe aparecer expresamente reconocida en la imputaci\u00f3n o la \u00a0acusaci\u00f3n9, \u00a0cuando estos actos ya han tenido lugar, para que tenga incidencia en \u00a0la fijaci\u00f3n de la competencia y se garantice el debido proceso \u00a0y defensa de los procesados. \u00a0<\/p>\n<p>Sobre \u00a0el particular, en la AP1720 \u00a0del 21 de junio de 2023, Rad. 63971, \u00a0indic\u00f3 que: \u00a0<\/p>\n<p>\u201c(\u2026) \u00a0el respeto por la funci\u00f3n del instructor no implica secundar \u00a0la menci\u00f3n que \u00e9ste efect\u00fae sobre la Ley 1908 de \u00a02018 -sin mayor soporte-, en cualquier momento de la actuaci\u00f3n \u00a0procesal, con el fin de subsumir la situaci\u00f3n f\u00e1ctica \u00a0en las previsiones de esa norma, con las consecuencias que de ella se \u00a0desprendan en la contabilizaci\u00f3n de t\u00e9rminos y dem\u00e1s \u00a0pautas de procedimiento. Es as\u00ed como, para atribuir la \u00a0pertenencia del implicado como \u201cmiembros de Grupos Delictivos \u00a0Organizados y Grupos Armados Organizados\u201d, en tanto ingrediente \u00a0normativo \u00a0relevante para el caso, es necesario que el fiscal haya se\u00f1alado \u00a0de manera inequ\u00edvoca esa circunstancia, desde la audiencia de \u00a0formulaci\u00f3n de imputaci\u00f3n [o \u00a0acusaci\u00f3n], \u00a0pues ser\u00e1 de esa manera que se garantice el debido proceso y \u00a0la defensa en la actuaci\u00f3n\u201d. (Subraya \u00a0en el texto original). \u00a0<\/p>\n<p>Esta \u00a0precisi\u00f3n resulta relevante, pues como lo ha precisado esta \u00a0Corporaci\u00f3n10 \u00a0ello implica la: \u00a0<\/p>\n<p>[\u2026] \u00a0incorporaci\u00f3n de nuevas herramientas de investigaci\u00f3n y \u00a0judicializaci\u00f3n que facilitara la labor de fiscales e \u00a0investigadores encargados de perseguir a Grupos Delictivos \u00a0Organizados y Grupos Armados Organizados dispuso; adem\u00e1s de la \u00a0modificaci\u00f3n de t\u00e9rminos para adelantar las actividades \u00a0investigativas, la ampliaci\u00f3n de la duraci\u00f3n de la \u00a0medida de aseguramiento puesto que, al tratarse de un \u00abtipo \u00a0de criminalidad compleja\u00bb, \u00a0requiere de instrumentos legales s\u00f3lidos que permitan al ente \u00a0acusador adelantar su funci\u00f3n investigativa \u00absin \u00a0la interferencia de los miembros de las organizaciones criminales que \u00a0ya han sido identificado y respecto de los cuales sea procedente la \u00a0medida de aseguramiento\u00bb. \u00a0<\/p>\n<p>(i) \u00a0En lo que tiene que ver con las herramientas \u00a0de investigaci\u00f3n y judicializaci\u00f3n, \u00a0se advierte la siguiente diferenciaci\u00f3n: \u00a0<\/p>\n<p>\u00a0 \u00a0\u00a0 \u00a0 \u00a0 \u00a0 \u00a0 \u00a0 \u00a0 \u00a0 \u00a0 \u00a0 \u00a0 \u00a0 \u00a0 \u00a0 \u00a0<\/p>\n<p>Ley \u00a0 \u00a0 \u00a0 \u00a0 \u00a0 \u00a0 \u00a0 \u00a0 \u00a0 \u00a0 \u00a0 \u00a0 \u00a0906 de 2004 \u00a0 \u00a0 \u00a0 \u00a0 \u00a0 \u00a0 \u00a0 \u00a0 \u00a0 \u00a0 \u00a0 \u00a0 \u00a0 \u00a0 \u00a0 \u00a0 \u00a0 \u00a0 \u00a0 \u00a0 \u00a0 \u00a0 \u00a0 \u00a0 \u00a0 \u00a0 \u00a0 \u00a0 \u00a0 \u00a0 \u00a0 \u00a0 \u00a0 \u00a0 \u00a0<\/p>\n<p>Ley \u00a0 \u00a0 \u00a0 \u00a0 \u00a0 \u00a0 \u00a0 \u00a0 \u00a0 \u00a0 \u00a0 \u00a0 \u00a01908 de 2018 \u00a0 \u00a0 \u00a0 \u00a0 \u00a0<\/p>\n<p>ART\u00cdCULO \u00a0 \u00a0 \u00a0 \u00a0 \u00a0 \u00a0 \u00a0 \u00a0 \u00a0 \u00a0 \u00a0 \u00a0 \u00a0224. PLAZO DE DILIGENCIAMIENTO DE LA ORDEN DE REGISTRO Y \u00a0 \u00a0 \u00a0 \u00a0 \u00a0 \u00a0 \u00a0 \u00a0 \u00a0 \u00a0 \u00a0 \u00a0 \u00a0ALLANAMIENTO. \u00a0 \u00a0 \u00a0 \u00a0 \u00a0 \u00a0 \u00a0 \u00a0 \u00a0 \u00a0 \u00a0 \u00a0 \u00a0<\/p>\n<p>La \u00a0 \u00a0 \u00a0 \u00a0 \u00a0 \u00a0 \u00a0 \u00a0 \u00a0 \u00a0 \u00a0 \u00a0 \u00a0orden de registro y allanamiento deber\u00e1 ser diligenciada en \u00a0 \u00a0 \u00a0 \u00a0 \u00a0 \u00a0 \u00a0 \u00a0 \u00a0 \u00a0 \u00a0 \u00a0 \u00a0un t\u00e9rmino m\u00e1ximo de treinta \u00a0 \u00a0 \u00a0 \u00a0 \u00a0 \u00a0 \u00a0 \u00a0 \u00a0 \u00a0 \u00a0 \u00a0 \u00a0(30) d\u00edas, \u00a0 \u00a0 \u00a0 \u00a0 \u00a0 \u00a0 \u00a0 \u00a0 \u00a0 \u00a0 \u00a0 \u00a0 \u00a0si se trata de la indagaci\u00f3n y de quince \u00a0 \u00a0 \u00a0 \u00a0 \u00a0 \u00a0 \u00a0 \u00a0 \u00a0 \u00a0 \u00a0 \u00a0 \u00a0(15) d\u00edas, \u00a0 \u00a0 \u00a0 \u00a0 \u00a0 \u00a0 \u00a0 \u00a0 \u00a0 \u00a0 \u00a0 \u00a0 \u00a0si se trata de una que tenga lugar despu\u00e9s de la \u00a0 \u00a0 \u00a0 \u00a0 \u00a0 \u00a0 \u00a0 \u00a0 \u00a0 \u00a0 \u00a0 \u00a0 \u00a0formulaci\u00f3n de la imputaci\u00f3n. En el evento de mediar \u00a0 \u00a0 \u00a0 \u00a0 \u00a0 \u00a0 \u00a0 \u00a0 \u00a0 \u00a0 \u00a0 \u00a0 \u00a0razones que justifiquen una demora, el fiscal podr\u00e1, por \u00a0 \u00a0 \u00a0 \u00a0 \u00a0 \u00a0 \u00a0 \u00a0 \u00a0 \u00a0 \u00a0 \u00a0 \u00a0una sola vez, prorrogarla hasta por el mismo tiempo. \u00a0 \u00a0 \u00a0 \u00a0 \u00a0 \u00a0 \u00a0 \u00a0 \u00a0 \u00a0 \u00a0 \u00a0 \u00a0 \u00a0 \u00a0 \u00a0 \u00a0 \u00a0 \u00a0 \u00a0 \u00a0 \u00a0 \u00a0 \u00a0 \u00a0 \u00a0 \u00a0 \u00a0 \u00a0 \u00a0 \u00a0 \u00a0 \u00a0 \u00a0 \u00a0<\/p>\n<p>ART\u00cdCULO \u00a0 \u00a0 \u00a0 \u00a0 \u00a0 \u00a0 \u00a0 \u00a0 \u00a0 \u00a0 \u00a0 \u00a0 \u00a0224A.T\u00c9RMINO PARA LA REALIZACI\u00d3N DE ACTIVIDADES \u00a0 \u00a0 \u00a0 \u00a0 \u00a0 \u00a0 \u00a0 \u00a0 \u00a0 \u00a0 \u00a0 \u00a0 \u00a0INVESTIGATIVAS DE GRUPOS DELICTIVOS ORGANIZADOS Y GRUPOS ARMADOS \u00a0 \u00a0 \u00a0 \u00a0 \u00a0 \u00a0 \u00a0 \u00a0 \u00a0 \u00a0 \u00a0 \u00a0 \u00a0ORGANIZADOS. \u00a0 \u00a0 \u00a0 \u00a0 \u00a0 \u00a0 \u00a0 \u00a0 \u00a0 \u00a0 \u00a0 \u00a0 \u00a0<\/p>\n<p>ART\u00cdCULO \u00a0 \u00a0 \u00a0 \u00a0 \u00a0 \u00a0 \u00a0 \u00a0 \u00a0 \u00a0 \u00a0 \u00a0 \u00a0244. B\u00daSQUEDA SELECTIVA EN BASES DE DATOS. \u00a0 \u00a0 \u00a0 \u00a0 \u00a0 \u00a0 \u00a0 \u00a0 \u00a0 \u00a0 \u00a0 \u00a0 \u00a0<\/p>\n<p>En \u00a0 \u00a0 \u00a0 \u00a0 \u00a0 \u00a0 \u00a0 \u00a0 \u00a0 \u00a0 \u00a0 \u00a0 \u00a0estos casos, la revisi\u00f3n de la legalidad se realizar\u00e1 \u00a0 \u00a0 \u00a0 \u00a0 \u00a0 \u00a0 \u00a0 \u00a0 \u00a0 \u00a0 \u00a0 \u00a0 \u00a0ante el juez de control de garant\u00edas, dentro de las \u00a0 \u00a0 \u00a0 \u00a0 \u00a0 \u00a0 \u00a0 \u00a0 \u00a0 \u00a0 \u00a0 \u00a0 \u00a0treinta y seis (36) horas siguientes \u00a0 \u00a0 \u00a0 \u00a0 \u00a0 \u00a0 \u00a0 \u00a0 \u00a0 \u00a0 \u00a0 \u00a0 \u00a0a la culminaci\u00f3n de la b\u00fasqueda selectiva de la \u00a0 \u00a0 \u00a0 \u00a0 \u00a0 \u00a0 \u00a0 \u00a0 \u00a0 \u00a0 \u00a0 \u00a0 \u00a0informaci\u00f3n \u00a0 \u00a0 \u00a0 \u00a0 \u00a0 \u00a0 \u00a0 \u00a0 \u00a0 \u00a0 \u00a0 \u00a0 \u00a0 \u00a0 \u00a0 \u00a0 \u00a0 \u00a0 \u00a0 \u00a0 \u00a0 \u00a0 \u00a0 \u00a0 \u00a0 \u00a0 \u00a0 \u00a0 \u00a0 \u00a0 \u00a0 \u00a0 \u00a0 \u00a0 \u00a0<\/p>\n<p>ART\u00cdCULO \u00a0 \u00a0 \u00a0 \u00a0 \u00a0 \u00a0 \u00a0 \u00a0 \u00a0 \u00a0 \u00a0 \u00a0 \u00a018. B\u00daSQUEDA SELECTIVA EN BASES DE DATOS. \u00a0 \u00a0 \u00a0 \u00a0 \u00a0 \u00a0 \u00a0 \u00a0 \u00a0 \u00a0 \u00a0 \u00a0 \u00a0<\/p>\n<p>PAR\u00c1GRAFO \u00a0 \u00a0 \u00a0 \u00a0 \u00a0 \u00a0 \u00a0 \u00a0 \u00a0 \u00a0 \u00a0 \u00a0 \u00a01.\u00a0Los \u00a0 \u00a0 \u00a0 \u00a0 \u00a0 \u00a0 \u00a0 \u00a0 \u00a0 \u00a0 \u00a0 \u00a0 \u00a0t\u00e9rminos para la b\u00fasqueda selectiva en base de datos \u00a0 \u00a0 \u00a0 \u00a0 \u00a0 \u00a0 \u00a0 \u00a0 \u00a0 \u00a0 \u00a0 \u00a0 \u00a0en las investigaciones que se adelanten contra miembros de Grupos \u00a0 \u00a0 \u00a0 \u00a0 \u00a0 \u00a0 \u00a0 \u00a0 \u00a0 \u00a0 \u00a0 \u00a0 \u00a0Delictivos Organizados y Grupos Armados Organizados en etapa de \u00a0 \u00a0 \u00a0 \u00a0 \u00a0 \u00a0 \u00a0 \u00a0 \u00a0 \u00a0 \u00a0 \u00a0 \u00a0indagaci\u00f3n ser\u00e1n de seis (6) \u00a0 \u00a0 \u00a0 \u00a0 \u00a0 \u00a0 \u00a0 \u00a0 \u00a0 \u00a0 \u00a0 \u00a0 \u00a0meses y en investigaci\u00f3n de tres (3) meses, \u00a0 \u00a0 \u00a0 \u00a0 \u00a0 \u00a0 \u00a0 \u00a0 \u00a0 \u00a0 \u00a0 \u00a0 \u00a0prorrogables hasta por un t\u00e9rmino igual.(\u2026). \u00a0 \u00a0<\/p>\n<p>(ii) \u00a0Ahora, en lo relacionado con el t\u00e9rmino de la detenci\u00f3n \u00a0preventiva: \u00a0 \u00a0 \u00a0 \u00a0 \u00a0 \u00a0 \u00a0 \u00a0 \u00a0 \u00a0 \u00a0 \u00a0 \u00a0 \u00a0 \u00a0 \u00a0<\/p>\n<p>ART\u00cdCULO \u00a0 \u00a0 \u00a0 \u00a0 \u00a0 \u00a0 \u00a0 \u00a0 \u00a0 \u00a0 \u00a0 \u00a0 \u00a0307. MEDIDAS DE ASEGURAMIENTO \u00a0 \u00a0 \u00a0 \u00a0 \u00a0 \u00a0 \u00a0 \u00a0 \u00a0 \u00a0 \u00a0 \u00a0 \u00a0<\/p>\n<p>El \u00a0 \u00a0 \u00a0 \u00a0 \u00a0 \u00a0 \u00a0 \u00a0 \u00a0 \u00a0 \u00a0 \u00a0 \u00a0t\u00e9rmino de las medidas de aseguramiento privativas de la \u00a0 \u00a0 \u00a0 \u00a0 \u00a0 \u00a0 \u00a0 \u00a0 \u00a0 \u00a0 \u00a0 \u00a0 \u00a0libertad no podr\u00e1 exceder de un \u00a0 \u00a0 \u00a0 \u00a0 \u00a0 \u00a0 \u00a0 \u00a0 \u00a0 \u00a0 \u00a0 \u00a0 \u00a0(1) a\u00f1o. \u00a0 \u00a0 \u00a0 \u00a0 \u00a0 \u00a0 \u00a0 \u00a0 \u00a0 \u00a0 \u00a0 \u00a0 \u00a0<\/p>\n<p>Cuando \u00a0 \u00a0 \u00a0 \u00a0 \u00a0 \u00a0 \u00a0 \u00a0 \u00a0 \u00a0 \u00a0 \u00a0 \u00a0el proceso se surta ante la justicia penal especializada, o sean \u00a0 \u00a0 \u00a0 \u00a0 \u00a0 \u00a0 \u00a0 \u00a0 \u00a0 \u00a0 \u00a0 \u00a0 \u00a0tres (3) o m\u00e1s los acusados contra quienes estuviere \u00a0 \u00a0 \u00a0 \u00a0 \u00a0 \u00a0 \u00a0 \u00a0 \u00a0 \u00a0 \u00a0 \u00a0 \u00a0vigente la detenci\u00f3n preventiva, o se trate de \u00a0 \u00a0 \u00a0 \u00a0 \u00a0 \u00a0 \u00a0 \u00a0 \u00a0 \u00a0 \u00a0 \u00a0 \u00a0investigaci\u00f3n o juicio de actos de corrupci\u00f3n de los \u00a0 \u00a0 \u00a0 \u00a0 \u00a0 \u00a0 \u00a0 \u00a0 \u00a0 \u00a0 \u00a0 \u00a0 \u00a0que trata la Ley\u00a01474\u00a0de \u00a0 \u00a0 \u00a0 \u00a0 \u00a0 \u00a0 \u00a0 \u00a0 \u00a0 \u00a0 \u00a0 \u00a0 \u00a02011 o de cualquiera de las conductas previstas en el T\u00edtulo \u00a0 \u00a0 \u00a0 \u00a0 \u00a0 \u00a0 \u00a0 \u00a0 \u00a0 \u00a0 \u00a0 \u00a0 \u00a0IV del Libro Segundo de la Ley\u00a0599\u00a0de \u00a0 \u00a0 \u00a0 \u00a0 \u00a0 \u00a0 \u00a0 \u00a0 \u00a0 \u00a0 \u00a0 \u00a0 \u00a02000 (C\u00f3digo Penal), dicho t\u00e9rmino podr\u00e1 \u00a0 \u00a0 \u00a0 \u00a0 \u00a0 \u00a0 \u00a0 \u00a0 \u00a0 \u00a0 \u00a0 \u00a0 \u00a0prorrogarse, a solicitud del fiscal o del apoderado de la v\u00edctima, \u00a0 \u00a0 \u00a0 \u00a0 \u00a0 \u00a0 \u00a0 \u00a0 \u00a0 \u00a0 \u00a0 \u00a0 \u00a0hasta por el mismo t\u00e9rmino inicial. \u00a0 \u00a0 \u00a0 \u00a0 \u00a0 \u00a0 \u00a0 \u00a0 \u00a0 \u00a0 \u00a0 \u00a0 \u00a0<\/p>\n<p>Vencido \u00a0 \u00a0 \u00a0 \u00a0 \u00a0 \u00a0 \u00a0 \u00a0 \u00a0 \u00a0 \u00a0 \u00a0 \u00a0el t\u00e9rmino, el Juez de Control de Garant\u00edas, a \u00a0 \u00a0 \u00a0 \u00a0 \u00a0 \u00a0 \u00a0 \u00a0 \u00a0 \u00a0 \u00a0 \u00a0 \u00a0petici\u00f3n de la Fiscal\u00eda, de la defensa o del \u00a0 \u00a0 \u00a0 \u00a0 \u00a0 \u00a0 \u00a0 \u00a0 \u00a0 \u00a0 \u00a0 \u00a0 \u00a0apoderado de la v\u00edctima podr\u00e1 sustituir la medida de \u00a0 \u00a0 \u00a0 \u00a0 \u00a0 \u00a0 \u00a0 \u00a0 \u00a0 \u00a0 \u00a0 \u00a0 \u00a0aseguramiento privativa de la libertad de que se trate, por otra u \u00a0 \u00a0 \u00a0 \u00a0 \u00a0 \u00a0 \u00a0 \u00a0 \u00a0 \u00a0 \u00a0 \u00a0 \u00a0otras medidas de aseguramiento no privativas de la libertad de que \u00a0 \u00a0 \u00a0 \u00a0 \u00a0 \u00a0 \u00a0 \u00a0 \u00a0 \u00a0 \u00a0 \u00a0 \u00a0trata el presente art\u00edculo. \u00a0 \u00a0 \u00a0 \u00a0 \u00a0 \u00a0 \u00a0 \u00a0 \u00a0 \u00a0 \u00a0 \u00a0 \u00a0 \u00a0 \u00a0 \u00a0 \u00a0 \u00a0 \u00a0 \u00a0 \u00a0 \u00a0 \u00a0 \u00a0 \u00a0 \u00a0 \u00a0 \u00a0 \u00a0 \u00a0 \u00a0 \u00a0 \u00a0 \u00a0 \u00a0<\/p>\n<p>Art\u00edculo\u00a0307A. \u00a0 \u00a0 \u00a0 \u00a0 \u00a0 \u00a0 \u00a0 \u00a0 \u00a0 \u00a0 \u00a0 \u00a0 \u00a0<\/p>\n<p>T\u00e9rmino \u00a0 \u00a0 \u00a0 \u00a0 \u00a0 \u00a0 \u00a0 \u00a0 \u00a0 \u00a0 \u00a0 \u00a0 \u00a0de la detenci\u00f3n preventiva. \u00a0 \u00a0 \u00a0 \u00a0 \u00a0 \u00a0 \u00a0 \u00a0 \u00a0 \u00a0 \u00a0 \u00a0 \u00a0Cuando se trate de delitos cometidos por miembros de Grupos \u00a0 \u00a0 \u00a0 \u00a0 \u00a0 \u00a0 \u00a0 \u00a0 \u00a0 \u00a0 \u00a0 \u00a0 \u00a0Delictivos Organizados el t\u00e9rmino de la medida de \u00a0 \u00a0 \u00a0 \u00a0 \u00a0 \u00a0 \u00a0 \u00a0 \u00a0 \u00a0 \u00a0 \u00a0 \u00a0aseguramiento privativa de la libertad no podr\u00e1 exceder de \u00a0 \u00a0 \u00a0 \u00a0 \u00a0 \u00a0 \u00a0 \u00a0 \u00a0 \u00a0 \u00a0 \u00a0 \u00a0tres \u00a0 \u00a0 \u00a0 \u00a0 \u00a0 \u00a0 \u00a0 \u00a0 \u00a0 \u00a0 \u00a0 \u00a0 \u00a0(3) a\u00f1os. \u00a0 \u00a0 \u00a0 \u00a0 \u00a0 \u00a0 \u00a0 \u00a0 \u00a0 \u00a0 \u00a0 \u00a0 \u00a0<\/p>\n<p>Cuando \u00a0 \u00a0 \u00a0 \u00a0 \u00a0 \u00a0 \u00a0 \u00a0 \u00a0 \u00a0 \u00a0 \u00a0 \u00a0se trate de Grupos Armados Organizados, el t\u00e9rmino de la \u00a0 \u00a0 \u00a0 \u00a0 \u00a0 \u00a0 \u00a0 \u00a0 \u00a0 \u00a0 \u00a0 \u00a0 \u00a0medida de aseguramiento privativa de la libertad no \u00a0 \u00a0 \u00a0 \u00a0 \u00a0 \u00a0 \u00a0 \u00a0 \u00a0 \u00a0 \u00a0 \u00a0 \u00a0podr\u00e1 exceder de cuatro (4) a\u00f1os. \u00a0 \u00a0 \u00a0 \u00a0 \u00a0 \u00a0 \u00a0 \u00a0 \u00a0 \u00a0 \u00a0 \u00a0 \u00a0<\/p>\n<p>Vencido \u00a0 \u00a0 \u00a0 \u00a0 \u00a0 \u00a0 \u00a0 \u00a0 \u00a0 \u00a0 \u00a0 \u00a0 \u00a0el t\u00e9rmino anterior sin que se haya emitido sentido del \u00a0 \u00a0 \u00a0 \u00a0 \u00a0 \u00a0 \u00a0 \u00a0 \u00a0 \u00a0 \u00a0 \u00a0 \u00a0fallo, se sustituir\u00e1 la medida de aseguramiento por una no \u00a0 \u00a0 \u00a0 \u00a0 \u00a0 \u00a0 \u00a0 \u00a0 \u00a0 \u00a0 \u00a0 \u00a0 \u00a0privativa de la libertad que permita cumplir con los fines \u00a0 \u00a0 \u00a0 \u00a0 \u00a0 \u00a0 \u00a0 \u00a0 \u00a0 \u00a0 \u00a0 \u00a0 \u00a0constitucionales de la medida en relaci\u00f3n con los derechos \u00a0 \u00a0 \u00a0 \u00a0 \u00a0 \u00a0 \u00a0 \u00a0 \u00a0 \u00a0 \u00a0 \u00a0 \u00a0de las v\u00edctimas, la seguridad de la comunidad, la efectiva \u00a0 \u00a0 \u00a0 \u00a0 \u00a0 \u00a0 \u00a0 \u00a0 \u00a0 \u00a0 \u00a0 \u00a0 \u00a0administraci\u00f3n de justicia y el debido proceso. \u00a0 \u00a0 \u00a0 \u00a0 \u00a0 \u00a0 \u00a0 \u00a0 \u00a0 \u00a0 \u00a0 \u00a0 \u00a0<\/p>\n<p>(\u2026) \u00a0 \u00a0<\/p>\n<p>(iii) \u00a0Y, finalmente respecto a las causales \u00a0de libertad: \u00a0<\/p>\n<p>\u00a0 \u00a0\u00a0 \u00a0 \u00a0 \u00a0 \u00a0 \u00a0 \u00a0 \u00a0 \u00a0 \u00a0 \u00a0 \u00a0 \u00a0 \u00a0 \u00a0<\/p>\n<p>ART\u00cdCULO \u00a0 \u00a0 \u00a0 \u00a0 \u00a0 \u00a0 \u00a0 \u00a0 \u00a0 \u00a0 \u00a0 \u00a0 \u00a0317. \u00a0 \u00a0 \u00a0 \u00a0 \u00a0 \u00a0 \u00a0 \u00a0 \u00a0 \u00a0 \u00a0 \u00a0 \u00a0<\/p>\n<p>\u00a0\u00a0 \u00a0 \u00a0 \u00a0 \u00a0 \u00a0 \u00a0 \u00a0 \u00a0 \u00a0 \u00a0 \u00a0 \u00a0<\/p>\n<p>La \u00a0 \u00a0 \u00a0 \u00a0 \u00a0 \u00a0 \u00a0 \u00a0 \u00a0 \u00a0 \u00a0 \u00a0 \u00a0libertad del imputado o acusado se cumplir\u00e1 de inmediato y \u00a0 \u00a0 \u00a0 \u00a0 \u00a0 \u00a0 \u00a0 \u00a0 \u00a0 \u00a0 \u00a0 \u00a0 \u00a0solo proceder\u00e1 en los siguientes eventos: \u00a0 \u00a0 \u00a0 \u00a0 \u00a0 \u00a0 \u00a0 \u00a0 \u00a0 \u00a0 \u00a0 \u00a0 \u00a0<\/p>\n<p>(\u2026) \u00a0 \u00a0 \u00a0 \u00a0 \u00a0 \u00a0 \u00a0 \u00a0 \u00a0 \u00a0 \u00a0 \u00a0 \u00a0<\/p>\n<p>\u00a0\u00a0 \u00a0 \u00a0 \u00a0 \u00a0 \u00a0 \u00a0 \u00a0 \u00a0 \u00a0 \u00a0 \u00a0 \u00a0<\/p>\n<p>\u00a0\u00a0 \u00a0 \u00a0 \u00a0 \u00a0 \u00a0 \u00a0 \u00a0 \u00a0 \u00a0 \u00a0 \u00a0 \u00a0<\/p>\n<p>\u00a0\u00a0 \u00a0 \u00a0 \u00a0 \u00a0 \u00a0 \u00a0 \u00a0 \u00a0 \u00a0 \u00a0 \u00a0 \u00a0<\/p>\n<p>\u00a0\u00a0 \u00a0 \u00a0 \u00a0 \u00a0 \u00a0 \u00a0 \u00a0 \u00a0 \u00a0 \u00a0 \u00a0 \u00a0<\/p>\n<p>\u00a0\u00a0 \u00a0 \u00a0 \u00a0 \u00a0 \u00a0 \u00a0 \u00a0 \u00a0 \u00a0 \u00a0 \u00a0 \u00a0<\/p>\n<p>4. \u00a0 \u00a0 \u00a0 \u00a0 \u00a0 \u00a0 \u00a0 \u00a0 \u00a0 \u00a0 \u00a0 \u00a0 \u00a0Cuando transcurridos sesenta \u00a0 \u00a0 \u00a0 \u00a0 \u00a0 \u00a0 \u00a0 \u00a0 \u00a0 \u00a0 \u00a0 \u00a0 \u00a0(60) d\u00edas \u00a0 \u00a0 \u00a0 \u00a0 \u00a0 \u00a0 \u00a0 \u00a0 \u00a0 \u00a0 \u00a0 \u00a0 \u00a0contados a partir de la fecha de imputaci\u00f3n no se hubiere \u00a0 \u00a0 \u00a0 \u00a0 \u00a0 \u00a0 \u00a0 \u00a0 \u00a0 \u00a0 \u00a0 \u00a0 \u00a0presentado el escrito de acusaci\u00f3n o solicitado la \u00a0 \u00a0 \u00a0 \u00a0 \u00a0 \u00a0 \u00a0 \u00a0 \u00a0 \u00a0 \u00a0 \u00a0 \u00a0preclusi\u00f3n, conforme a lo dispuesto en el art\u00edculo\u00a0294. \u00a0 \u00a0 \u00a0 \u00a0 \u00a0 \u00a0 \u00a0 \u00a0 \u00a0 \u00a0 \u00a0 \u00a0 \u00a0<\/p>\n<p>\u00a0\u00a0 \u00a0 \u00a0 \u00a0 \u00a0 \u00a0 \u00a0 \u00a0 \u00a0 \u00a0 \u00a0 \u00a0 \u00a0<\/p>\n<p>5. \u00a0 \u00a0 \u00a0 \u00a0 \u00a0 \u00a0 \u00a0 \u00a0 \u00a0 \u00a0 \u00a0 \u00a0 \u00a0Cuando transcurridos ciento veinte \u00a0 \u00a0 \u00a0 \u00a0 \u00a0 \u00a0 \u00a0 \u00a0 \u00a0 \u00a0 \u00a0 \u00a0 \u00a0(120) d\u00edas \u00a0 \u00a0 \u00a0 \u00a0 \u00a0 \u00a0 \u00a0 \u00a0 \u00a0 \u00a0 \u00a0 \u00a0 \u00a0contados a partir de la fecha de presentaci\u00f3n del escrito \u00a0 \u00a0 \u00a0 \u00a0 \u00a0 \u00a0 \u00a0 \u00a0 \u00a0 \u00a0 \u00a0 \u00a0 \u00a0de acusaci\u00f3n, no se haya dado inicio a la audiencia de \u00a0 \u00a0 \u00a0 \u00a0 \u00a0 \u00a0 \u00a0 \u00a0 \u00a0 \u00a0 \u00a0 \u00a0 \u00a0juicio. \u00a0 \u00a0 \u00a0 \u00a0 \u00a0 \u00a0 \u00a0 \u00a0 \u00a0 \u00a0 \u00a0 \u00a0 \u00a0<\/p>\n<p>\u00a0\u00a0 \u00a0 \u00a0 \u00a0 \u00a0 \u00a0 \u00a0 \u00a0 \u00a0 \u00a0 \u00a0 \u00a0 \u00a0<\/p>\n<p>6. \u00a0 \u00a0 \u00a0 \u00a0 \u00a0 \u00a0 \u00a0 \u00a0 \u00a0 \u00a0 \u00a0 \u00a0 \u00a0Cuando \u00a0 \u00a0 \u00a0 \u00a0 \u00a0 \u00a0 \u00a0 \u00a0 \u00a0 \u00a0 \u00a0 \u00a0 \u00a0transcurridos ciento cincuenta (150) \u00a0 \u00a0 \u00a0 \u00a0 \u00a0 \u00a0 \u00a0 \u00a0 \u00a0 \u00a0 \u00a0 \u00a0 \u00a0d\u00edas contados \u00a0 \u00a0 \u00a0 \u00a0 \u00a0 \u00a0 \u00a0 \u00a0 \u00a0 \u00a0 \u00a0 \u00a0 \u00a0a partir de la fecha de inicio de la audiencia de juicio, no se \u00a0 \u00a0 \u00a0 \u00a0 \u00a0 \u00a0 \u00a0 \u00a0 \u00a0 \u00a0 \u00a0 \u00a0 \u00a0haya celebrado la audiencia de lectura de fallo o su equivalente. \u00a0 \u00a0 \u00a0 \u00a0 \u00a0 \u00a0 \u00a0 \u00a0 \u00a0 \u00a0 \u00a0 \u00a0 \u00a0<\/p>\n<p>\u00a0\u00a0 \u00a0 \u00a0 \u00a0 \u00a0 \u00a0 \u00a0 \u00a0 \u00a0 \u00a0 \u00a0 \u00a0 \u00a0<\/p>\n<p>(\u2026) \u00a0 \u00a0 \u00a0 \u00a0 \u00a0 \u00a0 \u00a0 \u00a0 \u00a0 \u00a0 \u00a0 \u00a0 \u00a0<\/p>\n<p>\u00a0\u00a0 \u00a0 \u00a0 \u00a0 \u00a0 \u00a0 \u00a0 \u00a0 \u00a0 \u00a0 \u00a0 \u00a0 \u00a0 \u00a0 \u00a0 \u00a0 \u00a0 \u00a0 \u00a0 \u00a0 \u00a0 \u00a0 \u00a0 \u00a0 \u00a0 \u00a0 \u00a0 \u00a0 \u00a0 \u00a0 \u00a0 \u00a0 \u00a0 \u00a0 \u00a0<\/p>\n<p>ART\u00cdCULO \u00a0 \u00a0 \u00a0 \u00a0 \u00a0 \u00a0 \u00a0 \u00a0 \u00a0 \u00a0 \u00a0 \u00a0 \u00a0317A \u00a0 \u00a0 \u00a0 \u00a0 \u00a0 \u00a0 \u00a0 \u00a0 \u00a0 \u00a0 \u00a0 \u00a0 \u00a0<\/p>\n<p>\u00a0\u00a0 \u00a0 \u00a0 \u00a0 \u00a0 \u00a0 \u00a0 \u00a0 \u00a0 \u00a0 \u00a0 \u00a0 \u00a0<\/p>\n<p>Las \u00a0 \u00a0 \u00a0 \u00a0 \u00a0 \u00a0 \u00a0 \u00a0 \u00a0 \u00a0 \u00a0 \u00a0 \u00a0medidas de aseguramiento en los casos de miembros de Grupos \u00a0 \u00a0 \u00a0 \u00a0 \u00a0 \u00a0 \u00a0 \u00a0 \u00a0 \u00a0 \u00a0 \u00a0 \u00a0Delictivos Organizados y Grupos Armados Organizados tendr\u00e1n \u00a0 \u00a0 \u00a0 \u00a0 \u00a0 \u00a0 \u00a0 \u00a0 \u00a0 \u00a0 \u00a0 \u00a0 \u00a0vigencia durante toda la actuaci\u00f3n. \u00a0 \u00a0 \u00a0 \u00a0 \u00a0 \u00a0 \u00a0 \u00a0 \u00a0 \u00a0 \u00a0 \u00a0 \u00a0<\/p>\n<p>La \u00a0 \u00a0 \u00a0 \u00a0 \u00a0 \u00a0 \u00a0 \u00a0 \u00a0 \u00a0 \u00a0 \u00a0 \u00a0libertad del imputado o acusado se cumplir\u00e1 de inmediato y \u00a0 \u00a0 \u00a0 \u00a0 \u00a0 \u00a0 \u00a0 \u00a0 \u00a0 \u00a0 \u00a0 \u00a0 \u00a0solo proceder\u00e1 en los siguientes eventos: \u00a0 \u00a0 \u00a0 \u00a0 \u00a0 \u00a0 \u00a0 \u00a0 \u00a0 \u00a0 \u00a0 \u00a0 \u00a0<\/p>\n<p>\u00a0\u00a0 \u00a0 \u00a0 \u00a0 \u00a0 \u00a0 \u00a0 \u00a0 \u00a0 \u00a0 \u00a0 \u00a0 \u00a0<\/p>\n<p>4. \u00a0 \u00a0 \u00a0 \u00a0 \u00a0 \u00a0 \u00a0 \u00a0 \u00a0 \u00a0 \u00a0 \u00a0 \u00a0Cuando transcurridos cuatrocientos \u00a0 \u00a0 \u00a0 \u00a0 \u00a0 \u00a0 \u00a0 \u00a0 \u00a0 \u00a0 \u00a0 \u00a0 \u00a0(400) d\u00edas \u00a0 \u00a0 \u00a0 \u00a0 \u00a0 \u00a0 \u00a0 \u00a0 \u00a0 \u00a0 \u00a0 \u00a0 \u00a0contados a partir de la fecha de imputaci\u00f3n no se hubiere \u00a0 \u00a0 \u00a0 \u00a0 \u00a0 \u00a0 \u00a0 \u00a0 \u00a0 \u00a0 \u00a0 \u00a0 \u00a0presentado el escrito de acusaci\u00f3n o solicitado la \u00a0 \u00a0 \u00a0 \u00a0 \u00a0 \u00a0 \u00a0 \u00a0 \u00a0 \u00a0 \u00a0 \u00a0 \u00a0preclusi\u00f3n, conforme a lo dispuesto en el art\u00edculo\u00a0294\u00a0del \u00a0 \u00a0 \u00a0 \u00a0 \u00a0 \u00a0 \u00a0 \u00a0 \u00a0 \u00a0 \u00a0 \u00a0 \u00a0C\u00f3digo de Procedimiento Penal. \u00a0 \u00a0 \u00a0 \u00a0 \u00a0 \u00a0 \u00a0 \u00a0 \u00a0 \u00a0 \u00a0 \u00a0 \u00a0<\/p>\n<p>5. \u00a0 \u00a0 \u00a0 \u00a0 \u00a0 \u00a0 \u00a0 \u00a0 \u00a0 \u00a0 \u00a0 \u00a0 \u00a0Cuando transcurridos quinientos \u00a0 \u00a0 \u00a0 \u00a0 \u00a0 \u00a0 \u00a0 \u00a0 \u00a0 \u00a0 \u00a0 \u00a0 \u00a0(500) d\u00edas \u00a0 \u00a0 \u00a0 \u00a0 \u00a0 \u00a0 \u00a0 \u00a0 \u00a0 \u00a0 \u00a0 \u00a0 \u00a0contados a partir de la fecha de presentaci\u00f3n del escrito \u00a0 \u00a0 \u00a0 \u00a0 \u00a0 \u00a0 \u00a0 \u00a0 \u00a0 \u00a0 \u00a0 \u00a0 \u00a0de acusaci\u00f3n, no se haya dado inicio a la audiencia de \u00a0 \u00a0 \u00a0 \u00a0 \u00a0 \u00a0 \u00a0 \u00a0 \u00a0 \u00a0 \u00a0 \u00a0 \u00a0juicio por causa no imputable al procesado o a su defensa. \u00a0 \u00a0 \u00a0 \u00a0 \u00a0 \u00a0 \u00a0 \u00a0 \u00a0 \u00a0 \u00a0 \u00a0 \u00a0<\/p>\n<p>6. \u00a0 \u00a0 \u00a0 \u00a0 \u00a0 \u00a0 \u00a0 \u00a0 \u00a0 \u00a0 \u00a0 \u00a0 \u00a0Cuando \u00a0 \u00a0 \u00a0 \u00a0 \u00a0 \u00a0 \u00a0 \u00a0 \u00a0 \u00a0 \u00a0 \u00a0 \u00a0transcurridos quinientos (500) d\u00edas \u00a0 \u00a0 \u00a0 \u00a0 \u00a0 \u00a0 \u00a0 \u00a0 \u00a0 \u00a0 \u00a0 \u00a0 \u00a0contados a partir de la fecha de inicio de la audiencia de juicio, \u00a0 \u00a0 \u00a0 \u00a0 \u00a0 \u00a0 \u00a0 \u00a0 \u00a0 \u00a0 \u00a0 \u00a0 \u00a0no se haya emitido el sentido del fallo. \u00a0 \u00a0 \u00a0 \u00a0 \u00a0 \u00a0 \u00a0 \u00a0 \u00a0 \u00a0 \u00a0 \u00a0 \u00a0<\/p>\n<p>\u00a0\u00a0 \u00a0 \u00a0 \u00a0 \u00a0 \u00a0 \u00a0 \u00a0 \u00a0 \u00a0 \u00a0 \u00a0 \u00a0<\/p>\n<p>(\u2026) \u00a0 \u00a0<\/p>\n<p>De \u00a0manera que, resulta de importancia \u00a0que la Fiscal\u00eda General de la Naci\u00f3n precise en \u00a0la imputaci\u00f3n \u00a0o la acusaci\u00f3n, \u00a0de acuerdo con los hechos jur\u00eddicamente relevantes, si la \u00a0conducta por la cual llama a juicio al indiciado fue ejecutada como \u00a0integrante de un grupo delincuencial com\u00fan; o en su condici\u00f3n \u00a0de perteneciente a un Grupo Delictivo Organizado; o Grupo Armado \u00a0Organizado, pues a partir de esta distinci\u00f3n se tendr\u00e1 \u00a0claridad sobre, entre otros aspectos, la duraci\u00f3n de la medida \u00a0de aseguramiento que se imponga, y las causales de libertad, pues las \u00a0incidencias de hacer menci\u00f3n de si trata de uno u otro, s\u00ed \u00a0genera unas consecuencias. \u00a0<\/p>\n<p>8. \u00a0An\u00e1lisis del caso concreto \u00a0<\/p>\n<p>En \u00a0el caso sub \u00a0judice, \u00a0de acuerdo con lo se\u00f1alado por la Fiscal\u00eda en el \u00a0escrito de acusaci\u00f3n, los hechos concretos por los cuales se \u00a0encuentra judicializado Juan \u00a0Diego Fl\u00f3rez Pineda \u00a0se contraen a los siguientes: \u00a0<\/p>\n<p>\u00abLa \u00a0imputaci\u00f3n que le efectu\u00f3 la FISCAL\u00cdA parti\u00f3 \u00a0de la colaboraci\u00f3n eficaz que prest\u00f3 el se\u00f1or \u00a0JUAN DIEGO FLOREZ PINEDA, para que integrantes de la GDCO (sic) \u00a0CONVIVIR CAICEDO del centro de la ciudad de Medell\u00edn, lograran \u00a0sacar de la zona c\u00e9ntrica de la ciudad al se\u00f1or YOHAN \u00a0CUERVO MARTINEZ, y conducirlo finalmente al corregimiento de SANTA \u00a0ELENA, donde fue ultimado con arma de fuego por \u00e9stos \u00faltimos; \u00a0este hecho tuvo lugar el d\u00eda 18 de enero de 2022 a las 01:58 \u00a0horas, teniendo en cuenta que la hora de comienzo de la conducta se \u00a0da el d\u00eda anterior aproximadamente a las 11:29 horas, cuando \u00a0la v\u00edctima es sacado del centro de la ciudad, m\u00e1s \u00a0concretamente de la carrera 50 con calle 57. \u00a0<\/p>\n<p>Es \u00a0de resaltar que no obstante la Fiscal\u00eda en el momento de la \u00a0imputaci\u00f3n reclame como COAUTOR de este hecho al se\u00f1or \u00a0JUAN DIEGO FLOREZ PINEDA, revisadas las diligencias esta delegada \u00a0advierte que la conducta desplegada por \u00e9ste el d\u00eda de \u00a0los hechos, se adec\u00faa a lo se\u00f1alado en el inciso \u00a0tercero del art\u00edculo 30 del C\u00f3digo Penal, pues dentro \u00a0del hecho lo que efectu\u00f3 el se\u00f1or JUAN DIEGO fue \u00a0prestar una ayuda para la realizaci\u00f3n del hecho frente a un \u00a0concierto concomitante a la ejecuci\u00f3n de la conducta, es por \u00a0ello que esta delegada Fiscal lo acusar\u00e1 por este hecho en \u00a0calidad C\u00d3MPLICE de la conducta.- \u00a0<\/p>\n<p>Lo \u00a0anterior como quiera que JUAN DIEGO FLOREZ PINEDA, al realizar esta \u00a0conducta lo hizo con conciencia y voluntad, sabiendo que con ella \u00a0estaba poniendo en peligro la vida de una persona, pues era conocedor \u00a0de que actuar de esta forma era prohibido por el legislador, y aun \u00a0as\u00ed quiso hacerlo sin que mediara ninguna causal que lo \u00a0justificara o lo eximiera de responsabilidad. &#8211; \u00a0<\/p>\n<p>CONCLUSI\u00d3N: \u00a01. UNA (1) CONDUCTA DE HOMICIDIO AGRAVADO \u2013 ART. 103 Y 104 N\u00ba. \u00a07 C.P. EN CALIDAD DE C\u00d3MPLICE \u2013 ART. 30 INCISO 3 DEL \u00a0C.P. 2. UNA (1) CONDUCTA DE PORTE ILEGAL DE ARMA DE FUEGO \u2013 \u00a0COMUNICABILIDAD DE CIRCUNSTANCIAS \u2013 ART. 365 INCISO 3 N\u00ba.\u00bb \u00a0<\/p>\n<p>Del \u00a0anterior recuento, surge evidente que la fiscal\u00eda no indic\u00f3 \u00a0la pertenencia de Juan \u00a0Diego Fl\u00f3rez Pineda \u00a0a \u00a0un Grupo Delincuencia Organizado \u2013GDO-, con las caracter\u00edsticas \u00a0jur\u00eddicas y procesales que ello conlleva, por el contrario, en \u00a0dicha actuaci\u00f3n aludi\u00f3 \u00fanicamente a que la \u00a0actuaci\u00f3n investigada se limit\u00f3 a que prest\u00f3 una \u00a0ayuda o colaboraci\u00f3n eficaz a la GDO \u00a0CONVIVIR CAICEDO. \u00a0<\/p>\n<p>As\u00ed \u00a0las cosas, \u00a0ante dicha situaci\u00f3n, no es posible aplicar la regla de \u00a0competencia establecida en la Ley 1908 de 2018, de modo que el asunto \u00a0debe definirse a partir de la regla general, seg\u00fan la cual, \u00a0ante una solicitud de audiencia preliminar, el juez con funci\u00f3n \u00a0de control de garant\u00edas competente es aquel del lugar donde \u00a0ocurrieron los hechos objeto de investigaci\u00f3n o donde se \u00a0adelanta el juzgamiento que, en este caso, corresponde a Medell\u00edn. \u00a0<\/p>\n<p>Como \u00a0se indic\u00f3 en precedencia, la atribuci\u00f3n de pertenencia \u00a0a un GDO o GAO genera enormes consecuencias jur\u00eddicas al \u00a0imputado y otorga mejores herramientas de investigaci\u00f3n y \u00a0judicializaci\u00f3n al ente acusador para facilitar su labor; por \u00a0manera que dicho aspecto debe quedar suficientemente claro al \u00a0interior de la actuaci\u00f3n, pues la sola menci\u00f3n a la \u00a0existencia de una organizaci\u00f3n no se traduce inequ\u00edvocamente \u00a0a la pertenencia de aquel pues, como precisa esta Sala, la \u00a0especificaci\u00f3n debe ser concreta y espec\u00edfica en lo \u00a0f\u00e1ctico, en lo normativo y en torno de las evidencias de \u00a0sustento. \u00a0<\/p>\n<p>Aunado \u00a0a lo anterior, no puede soslayarse la manifestaci\u00f3n que \u00a0realiz\u00f3 la Fiscal Cuarta Especializada de Medell\u00edn, al \u00a0interior de la presente actuaci\u00f3n, que como titular de la \u00a0acci\u00f3n penal destac\u00f3 que Juan \u00a0Diego Fl\u00f3rez Pineda \u00a0no est\u00e1 siendo judicializado por su pertenencia a grupo \u00a0delincuencial alguno, sino a la concreta ayuda o colaboraci\u00f3n \u00a0en uno de los varios homicidios atribuidos al Grupo de Delincuencia \u00a0Organizacida- GDO Convivir Caicedo, en la ciudad de Medell\u00edn. \u00a0<\/p>\n<p>As\u00ed \u00a0las cosas, se remitir\u00e1 el asunto al Juzgado 38 \u00a0Penal Municipal con Funci\u00f3n de Control de Garant\u00edas de \u00a0Medell\u00edn, \u00a0para que contin\u00fae con el conocimiento de la solicitud de \u00a0libertad por vencimiento de t\u00e9rminos elevada por la defensa de \u00a0Juan \u00a0Diego Fl\u00f3rez Pineda. \u00a0<\/p>\n<p>En \u00a0m\u00e9rito de lo expuesto la Sala de Casaci\u00f3n Penal de la \u00a0Corte Suprema de Justicia, \u00a0<\/p>\n<p>RESUELVE \u00a0<\/p>\n<p>Primero.- \u00a0DECLARAR \u00a0que la competencia para llevar \u00a0a cabo audiencia \u00a0de solicitud de libertad por vencimiento de t\u00e9rminos que eleva \u00a0el defensor de Juan \u00a0Diego Fl\u00f3rez Pineda, \u00a0corresponde \u00a0al Juzgado 38 Penal Municipal con Funci\u00f3n de Control de \u00a0Garant\u00edas de Medell\u00edn. \u00a0<\/p>\n<p>Segundo.- \u00a0REMITIR \u00a0inmediatamente la actuaci\u00f3n a \u00a0dicho despacho para lo de su cargo. \u00a0<\/p>\n<p>Tercero.- \u00a0COMUNICAR \u00a0la presente decisi\u00f3n a las partes interesadas. \u00a0<\/p>\n<p>Contra \u00a0la presente decisi\u00f3n no procede ning\u00fan recurso. \u00a0<\/p>\n<p>Comun\u00edquese \u00a0y c\u00famplase, \u00a0<\/p>\n<p>HUGO \u00a0QUINTERO BERNATE \u00a0<\/p>\n<p>Presidente \u00a0<\/p>\n<p>MYRIAM \u00a0\u00c1VILA ROLD\u00c1N \u00a0<\/p>\n<p>FERNANDO \u00a0LE\u00d3N BOLA\u00d1OS PALACIOS \u00a0<\/p>\n<p>GERSON \u00a0CHAVERRA CASTRO \u00a0<\/p>\n<p>DIEGO \u00a0EUGENIO CORREDOR BELTR\u00c1N \u00a0<\/p>\n<p>JORGE \u00a0HERN\u00c1N D\u00cdAZ SOTO \u00a0<\/p>\n<p>LUIS \u00a0ANTONIO HERN\u00c1NDEZ BARBOSA \u00a0<\/p>\n<p>CARLOS \u00a0ROBERTO SOL\u00d3RZANO GARAVITO \u00a0<\/p>\n<p>Nubia \u00a0Yolanda Nova Garc\u00eda \u00a0<\/p>\n<p>Secretaria \u00a0<\/p>\n<p>1 \u00a0 \u00a0 \u00a0 \u00a0 \u00a0Actuaci\u00f3n que se sigue, \u00a0 \u00a0 \u00a0 \u00a0 \u00a0igualmente, en contra Jhon Albeiro Buritic\u00e1 Henao, V\u00edctor \u00a0 \u00a0 \u00a0 \u00a0 \u00a0Manuel Posada Grajales, Santiago Osorio P\u00e9rez, \u00c1lvaro \u00a0 \u00a0 \u00a0 \u00a0 \u00a0Enrique Rodr\u00edguez Taborda, Kevin Daniel Guzm\u00e1n R\u00edos, \u00a0 \u00a0 \u00a0 \u00a0 \u00a0Jhonatan Andr\u00e9s Montoya Giraldo y Orlen Iv\u00e1n Hern\u00e1ndez \u00a0 \u00a0 \u00a0 \u00a0 \u00a0Heredia, a quienes se acusa de ser integrantes de la GDO Convivir \u00a0 \u00a0 \u00a0 \u00a0 \u00a0Caicedo. \u00a0<\/p>\n<p>2 \u00a0 \u00a0 \u00a0 \u00a0 \u00a0Sea del caso precisar, que \u00a0 \u00a0 \u00a0 \u00a0 \u00a0seg\u00fan el art\u00edculo 24 del Acuerdo PSAA10-7495 de 2010 \u00a0 \u00a0 \u00a0 \u00a0 \u00a0del del 3 de noviembre de 2010, el Tribunal Superior de Antioquia es \u00a0 \u00a0 \u00a0 \u00a0 \u00a0la autoridad nominadora de los Juzgados Penales Municipales con \u00a0 \u00a0 \u00a0 \u00a0 \u00a0Funci\u00f3n de Control de Garant\u00edas Ambulantes con sede en \u00a0 \u00a0 \u00a0 \u00a0 \u00a0la ciudad de Medell\u00edn, al igual que, la Corte en decisiones \u00a0 \u00a0 \u00a0 \u00a0 \u00a0CSJ AP279-2023, AP920-2023 y AP5297-2022, desat\u00f3 definiciones \u00a0 \u00a0 \u00a0 \u00a0 \u00a0de competencias entre las mismas autoridades. \u00a0<\/p>\n<p>3 \u00a0 \u00a0 \u00a0 \u00a0 \u00a0Art\u00edculo modificado por el art\u00edculo 13 de la Ley 1395 \u00a0 \u00a0 \u00a0 \u00a0 \u00a0de 2010 \u00a0<\/p>\n<p>4 \u00a0 \u00a0 \u00a0 \u00a0 \u00a0Postura que ha sido \u00a0 \u00a0 \u00a0 \u00a0 \u00a0reiterada de forma constante y pac\u00edfica por la Sala en \u00a0 \u00a0 \u00a0 \u00a0 \u00a0m\u00faltiples decisiones, entre ellas, CSJ AP 2807-2020, Rad. \u00a0 \u00a0 \u00a0 \u00a0 \u00a058028, AP2329-2020, Rad. 58007, AP2343-2020, Rad. 58008, \u00a0 \u00a0 \u00a0 \u00a0 \u00a0AP2204-2020, Rad. 58017, AP2191-2020, Rad. 57977, AP2001-2020, Rad. \u00a0 \u00a0 \u00a0 \u00a0 \u00a057959, AP2049-2020, Rad. 57924. \u00a0<\/p>\n<p>5 \u00a0 \u00a0 \u00a0 \u00a0 \u00a0Cfr. \u00a0 \u00a0 \u00a0 \u00a0 \u00a0CSJ \u00a0 \u00a0 \u00a0 \u00a0 \u00a0AP118-2020, 22 enero, rad. 56856; AP2790-2021, 7 de julio, rad. \u00a0 \u00a0 \u00a0 \u00a0 \u00a059715; AP5962-2021, 9 de diciembre, rad. 60705; AP217-2022, 2 de \u00a0 \u00a0 \u00a0 \u00a0 \u00a0febrero, rad. 60952; AP752-2022, 23 de febrero, rad. 60784, entre \u00a0 \u00a0 \u00a0 \u00a0 \u00a0otros. \u00a0<\/p>\n<p>6Por \u00a0 \u00a0 \u00a0 \u00a0 \u00a0medio de la cual se fortalecen la investigaci\u00f3n y \u00a0 \u00a0 \u00a0 \u00a0 \u00a0judicializaci\u00f3n de organizaciones criminales, se adoptan \u00a0 \u00a0 \u00a0 \u00a0 \u00a0medidas para su sujeci\u00f3n a la justicia y se dictan otras \u00a0 \u00a0 \u00a0 \u00a0 \u00a0disposiciones. \u00a0<\/p>\n<p>7 \u00a0 \u00a0 \u00a0 \u00a0 \u00a0CSJ \u00a0 \u00a0 \u00a0 \u00a0 \u00a0AP, 21 jul. 2021, Rad. 59.835 y CSJ AP, 2 feb. 2022, Rad. 60.945 \u00a0<\/p>\n<p>8 \u00a0 \u00a0 \u00a0 \u00a0 \u00a0Creados mediante \u00a0 \u00a0 \u00a0 \u00a0 \u00a0Acuerdo PSAA10-7495, emitido por el Consejo Superior de la \u00a0 \u00a0 \u00a0 \u00a0 \u00a0Judicatura el 3 de noviembre de 2010, modificado por los Acuerdos \u00a0 \u00a0 \u00a0 \u00a0 \u00a0PSAA10-7517 del 17 de noviembre de 2010, PCSJA17-10750 del 12 de \u00a0 \u00a0 \u00a0 \u00a0 \u00a0septiembre de 2017 y PCSJA19-11379 \u00a0 \u00a0 \u00a0 \u00a0 \u00a0del 6 de septiembre de 2019. \u00a0<\/p>\n<p>9 \u00a0 \u00a0 \u00a0 \u00a0 \u00a0As\u00ed \u00a0 \u00a0 \u00a0 \u00a0 \u00a0lo precis\u00f3 la Sala en AP1720-2023, \u00a0 \u00a0 \u00a0 \u00a0 \u00a021 de junio de 2023, Rad. 63971, reiterada en AP1999-2023, \u00a0 \u00a0 \u00a0 \u00a0 \u00a012 de julio de 2023, Rad. 64111, AP-2023, 26 julio de 2023, Rad. \u00a0 \u00a0 \u00a0 \u00a0 \u00a064110, entre otras. \u00a0<\/p>\n<p>10 \u00a0 \u00a0 \u00a0 \u00a0 \u00a0CSJ AP3519-2023, rad. No. \u00a0 \u00a0 \u00a0 \u00a0 \u00a064428 del 17 de noviembre de 2023. \u00a0<\/p>\n<p>1 \u00a0 \u00a0 \u00a0<\/p>\n<p><\/p>\n","protected":false},"excerpt":{"rendered":"<p>\u00a0 \u00a0 \u00a0 \u00a0\u00a0 GERSON \u00a0CHAVERRA CASTRO \u00a0 Magistrado \u00a0ponente \u00a0 AP3802-2023 \u00a0 Radicado \u00a0N\u00b0 65290 \u00a0 Acta \u00a0No 236 \u00a0 Bogot\u00e1, \u00a0D.C., seis (06) de diciembre de dos mil veintitr\u00e9s (2023). \u00a0 VISTOS \u00a0 Define \u00a0la Corte cu\u00e1l es la autoridad judicial competente para \u00a0resolver \u00a0la petici\u00f3n de libertad por vencimiento de t\u00e9rminos \u00a0presentada [&hellip;]<\/p>\n","protected":false},"author":1,"featured_media":0,"comment_status":"open","ping_status":"open","sticky":false,"template":"","format":"standard","meta":{"footnotes":""},"categories":[70],"tags":[],"class_list":["post-75279","post","type-post","status-publish","format-standard","hentry","category-diciembre-2023"],"_links":{"self":[{"href":"https:\/\/dmsjuridica.com\/buscador_20179478954\/salapenalcronologico20230723\/wp-json\/wp\/v2\/posts\/75279","targetHints":{"allow":["GET"]}}],"collection":[{"href":"https:\/\/dmsjuridica.com\/buscador_20179478954\/salapenalcronologico20230723\/wp-json\/wp\/v2\/posts"}],"about":[{"href":"https:\/\/dmsjuridica.com\/buscador_20179478954\/salapenalcronologico20230723\/wp-json\/wp\/v2\/types\/post"}],"author":[{"embeddable":true,"href":"https:\/\/dmsjuridica.com\/buscador_20179478954\/salapenalcronologico20230723\/wp-json\/wp\/v2\/users\/1"}],"replies":[{"embeddable":true,"href":"https:\/\/dmsjuridica.com\/buscador_20179478954\/salapenalcronologico20230723\/wp-json\/wp\/v2\/comments?post=75279"}],"version-history":[{"count":0,"href":"https:\/\/dmsjuridica.com\/buscador_20179478954\/salapenalcronologico20230723\/wp-json\/wp\/v2\/posts\/75279\/revisions"}],"wp:attachment":[{"href":"https:\/\/dmsjuridica.com\/buscador_20179478954\/salapenalcronologico20230723\/wp-json\/wp\/v2\/media?parent=75279"}],"wp:term":[{"taxonomy":"category","embeddable":true,"href":"https:\/\/dmsjuridica.com\/buscador_20179478954\/salapenalcronologico20230723\/wp-json\/wp\/v2\/categories?post=75279"},{"taxonomy":"post_tag","embeddable":true,"href":"https:\/\/dmsjuridica.com\/buscador_20179478954\/salapenalcronologico20230723\/wp-json\/wp\/v2\/tags?post=75279"}],"curies":[{"name":"wp","href":"https:\/\/api.w.org\/{rel}","templated":true}]}}