{"id":75218,"date":"2024-03-08T18:50:20","date_gmt":"2024-03-08T18:50:20","guid":{"rendered":"https:\/\/dmsjuridica.com\/buscador_20179478954\/salapenalcronologico20230723\/2024\/03\/08\/6534711-12-23\/"},"modified":"2024-03-08T18:50:20","modified_gmt":"2024-03-08T18:50:20","slug":"6534711-12-23","status":"publish","type":"post","link":"https:\/\/dmsjuridica.com\/buscador_20179478954\/salapenalcronologico20230723\/2024\/03\/08\/6534711-12-23\/","title":{"rendered":"65347(11-12-23)"},"content":{"rendered":"\n<p>\u00a0 \u00a0 \u00a0 \u00a0\u00a0<\/p>\n<p>LUIS ANTONIO \u00a0HERN\u00c1NDEZ BARBOSA \u00a0<\/p>\n<p>Magistrado \u00a0ponente \u00a0<\/p>\n<p>Radicaci\u00f3n \u00a065347 \u00a0<\/p>\n<p>Bogot\u00e1, D. \u00a0C., once (11) de diciembre de dos mil \u00a0veintitr\u00e9s (2023). \u00a0<\/p>\n<p>VISTOS: \u00a0<\/p>\n<p>Se resuelve la impugnaci\u00f3n interpuesta por el \u00a0apoderado judicial de JOS\u00c9 \u00a0ORLANDO VANEGAS -privado de la libertad en \u00a0su domicilio-, contra el auto del 1\u00b0 de diciembre de 2023, \u00a0mediante el cual un Magistrado de la Sala Penal del Tribunal Superior \u00a0de Cundinamarca le neg\u00f3 la acci\u00f3n de h\u00e1beas \u00a0corpus. \u00a0<\/p>\n<p>ANTECEDENTES: \u00a0<\/p>\n<p>JOS\u00c9 \u00a0ORLANDO VANEGAS \u00a0se encuentra privado de la libertad en su domicilio, descontando la \u00a0pena de 60 meses de prisi\u00f3n impuesta \u00a0el 1\u00b0 de diciembre de 2022 por el Juzgado 2\u00b0 \u00a0Penal del Circuito de Soacha, tras ser declarado responsable de los \u00a0delitos de fabricaci\u00f3n, \u00a0tr\u00e1fico, porte o tenencia de armas de fuego y hurto calificado \u00a0y agravado. \u00a0<\/p>\n<p>Adujo el actor que \u00a0estuvo detenido en \u00a0el Centro Penitenciario La Picota desde el 18 de octubre de 2019 \u00a0hasta 16 de mayo de 2023 cuando el Juzgado de \u00a0Ejecuci\u00f3n de Penas y Medidas de Seguridad de Fusagasug\u00e1 \u00a0le sustituy\u00f3 la medida intramural por prisi\u00f3n \u00a0domiciliaria. \u00a0<\/p>\n<p>Indic\u00f3 que \u00a0el 21 de noviembre de 2023 el juez de penas le reconoci\u00f3 7 \u00a0meses y 15 d\u00edas como pena redimida. \u00a0<\/p>\n<p>Advirti\u00f3, \u00a0adem\u00e1s, que el 14 de noviembre de 2023 el INPEC certific\u00f3 \u00a0\u00ab1284 \u00a0horas por trabajo y estudio que equivalen a 3 meses y 5 d\u00edas\u00bb \u00a0de redenci\u00f3n. No obstante, no aparece la constancia del tiempo \u00a0redimido desde el 1\u00b0 de abril al 15 de mayo de este a\u00f1o, \u00a0con lo cual, consider\u00f3 que cumpli\u00f3 la pena impuesta en \u00a0su contra desde antes del 28 de noviembre pasado. \u00a0<\/p>\n<p>Denunci\u00f3 \u00a0que se est\u00e1 prolongando ilegalmente su privaci\u00f3n de la \u00a0libertad. Pretende, \u00a0en consecuencia, que se ordene a las autoridades competentes conceder \u00a0su \u00a0libertad inmediata. \u00a0<\/p>\n<p>TR\u00c1MITE \u00a0DE LA PRIMERA \u00a0INSTANCIA: \u00a0<\/p>\n<p>El \u00a0Tribunal de primera instancia neg\u00f3 la acci\u00f3n, al \u00a0concluir que la demanda no est\u00e1 sustentada en una detenci\u00f3n \u00a0o en una prolongaci\u00f3n ilegal de la libertad. \u00a0<\/p>\n<p>Explic\u00f3 \u00a0que, acorde con las respuestas otorgadas por las autoridades \u00a0involucradas en el presente tr\u00e1mite, JOS\u00c9 \u00a0ORLANDO VANEGAS \u00a0se \u00a0encuentra privado de la libertad con sustento en la sentencia dictada \u00a0por el Juzgado 2\u00b0 Penal del Circuito de Soacha el 1\u00b0 de \u00a0diciembre de 2022, mediante la cual fue condenado a 60 meses de \u00a0prisi\u00f3n, tras hallarlo penalmente responsable de la comisi\u00f3n \u00a0de los \u00a0delitos de fabricaci\u00f3n, \u00a0tr\u00e1fico, porte o tenencia de armas de fuego y hurto calificado \u00a0y agravado. \u00a0<\/p>\n<p>Precis\u00f3 \u00a0que, a la fecha -1\u00ba de diciembre-, el \u00a0descuento de la pena es de 56 meses y 18.5 d\u00edas, \u00a0faltando 3 meses y 11.5 d\u00edas para que se cumpla el total de la \u00a0pena. \u00a0<\/p>\n<p>El \u00a0accionante impugn\u00f3 la decisi\u00f3n. En \u00a0lo esencial, reiter\u00f3 los argumentos de la demanda. \u00a0<\/p>\n<p>CONSIDERACIONES: \u00a0<\/p>\n<p>De \u00a0conformidad con lo dispuesto en el numeral 2\u00b0 del art\u00edculo \u00a07\u00b0 de la Ley 1095 de 2006, el suscrito Magistrado es competente \u00a0para conocer de la impugnaci\u00f3n promovida contra el auto del 1\u00b0 \u00a0de diciembre de 20231, \u00a0mediante el cual un Magistrado de la Sala Penal del Tribunal Superior \u00a0de Cundinamarca \u00a0neg\u00f3 por improcedente la solicitud de h\u00e1beas \u00a0corpus presentada \u00a0por \u00a0el apoderado judicial de JOS\u00c9 \u00a0ORLANDO VANEGAS. \u00a0<\/p>\n<p>El \u00a0art\u00edculo 30 de la Constituci\u00f3n Pol\u00edtica consagra \u00a0el derecho fundamental de h\u00e1beas \u00a0corpus, \u00a0el cual se encuentra reglamentado a trav\u00e9s de la Ley 1095 de \u00a02006. \u00c9sta, en su art\u00edculo 1\u00ba dispone que la \u00a0acci\u00f3n procede cuando la privaci\u00f3n de la libertad no \u00a0respeta las garant\u00edas constitucionales y legales, o bien \u00a0cuando habi\u00e9ndolo hecho, la limitaci\u00f3n de ese derecho \u00a0fundamental se prolonga de manera arbitraria, m\u00e1s all\u00e1 \u00a0de los l\u00edmites establecidos por la ley. \u00a0<\/p>\n<p>En \u00a0el caso bajo estudio, advierte el Despacho que la primera hip\u00f3tesis \u00a0que hace procedente el mecanismo constitucional referido, esto es, la \u00a0privaci\u00f3n ilegal de la libertad, se descarta de plano, pues la \u00a0detenci\u00f3n de \u00a0ORLANDO \u00a0VANEGAS \u00a0obedece \u00a0al cumplimiento de la sentencia de 60 \u00a0meses de prisi\u00f3n \u00a0dictada por \u00a0el Juzgado 2\u00b0 \u00a0Penal del Circuito de Soacha \u00a0el 1\u00b0 de diciembre de 2022 tras declararlo penalmente responsable \u00a0de la comisi\u00f3n de los \u00a0delitos de fabricaci\u00f3n, \u00a0tr\u00e1fico, porte o tenencia de armas de fuego y hurto calificado \u00a0y agravado. \u00a0<\/p>\n<p>Ahora bien, el \u00a0demandante acudi\u00f3 a la acci\u00f3n constitucional de h\u00e1beas \u00a0corpus \u00a0al considerar que cumpli\u00f3 la referida pena, por cuanto se \u00a0encuentra detenido desde 18 \u00a0de octubre de 2019, ha redimido 7 \u00a0meses y 15 d\u00edas y, adem\u00e1s, seg\u00fan manifest\u00f3, \u00a0trabaj\u00f3 y\/o estudi\u00f3 el equivalente a 3 meses y 5 d\u00edas \u00a0adicionales, \u00a0de manera que se configura \u00a0la hip\u00f3tesis de la \u00abprolongaci\u00f3n \u00a0il\u00edcita de la privaci\u00f3n de la libertad\u00bb. \u00a0<\/p>\n<p>No obstante, como \u00a0se advirti\u00f3 en primera instancia, no \u00a0existe prueba respecto de la cual el juez de penas le haya reconocido \u00a0como redenci\u00f3n de pena los \u00ab3 \u00a0meses y 5 d\u00edas\u00bb \u00a0que JOS\u00c9 \u00a0ORLANDO VANEGAS \u00a0aduce \u00a0trabaj\u00f3 y\/o \u00a0estudi\u00f3. \u00a0<\/p>\n<p>De \u00a0ese modo, contrario a lo manifestado por el actor, de \u00a0los elementos de prueba allegados al presente tr\u00e1mite se \u00a0observa que, a la fecha, ha purgado 57 \u00a0meses de prisi\u00f3n de \u00a0los 60 meses que \u00a0debe cumplir. \u00a0<\/p>\n<p>Claramente, \u00a0entonces, ning\u00fan t\u00e9rmino legal, que genere la libertad \u00a0del condenado, ha sido desbordado en el presente caso. \u00a0<\/p>\n<p>En \u00a0conclusi\u00f3n, tras verificar que JOS\u00c9 \u00a0ORLANDO VANEGAS \u00a0se \u00a0encuentra privado de la libertad acorde con una sentencia de condena \u00a0dictada por autoridad competente con \u00a0la cual se comprueban los \u00a0requisitos constitucionales y legales que la justifican, \u00a0se confirmar\u00e1 el \u00a0auto impugnado. \u00a0<\/p>\n<p>Por \u00a0lo expuesto, el suscrito Magistrado de la Sala de Casaci\u00f3n \u00a0Penal de la Corte Suprema de Justicia, \u00a0<\/p>\n<p>RESUELVE: \u00a0<\/p>\n<p>CONFIRMAR la \u00a0providencia de 1\u00b0 de diciembre de 2023, mediante la cual un \u00a0Magistrado de la Sala Penal del Tribunal Superior de Cundinamarca \u00a0neg\u00f3 \u00a0la acci\u00f3n de h\u00e1beas \u00a0corpus \u00a0interpuesta por el \u00a0apoderado judicial de JOS\u00c9 \u00a0ORLANDO VANEGAS. \u00a0<\/p>\n<p>Devu\u00e9lvase \u00a0la actuaci\u00f3n al Tribunal de origen. \u00a0<\/p>\n<p>NOTIF\u00cdQUESE \u00a0Y C\u00daMPLASE, \u00a0<\/p>\n<p>LUIS ANTONIO \u00a0HERN\u00c1NDEZ BARBOSA \u00a0<\/p>\n<p>Magistrado \u00a0<\/p>\n<p>NUBIA YOLANDA \u00a0NOVA GARC\u00cdA \u00a0<\/p>\n<p>Secretaria \u00a0<\/p>\n<p>1 \u00a0 \u00a0 \u00a0 \u00a0 \u00a0Que fue \u00a0 \u00a0 \u00a0 \u00a0 \u00a0remitido a esta Corporaci\u00f3n el 7 de diciembre de 2023. \u00a0<\/p>\n<p>Calle \u00a0 \u00a0 \u00a0 \u00a0 \u00a012 No. 7 \u2013 65 Palacio de Justicia &#8211; Bogot\u00e1, Colombia. \u00a0 \u00a0 \u00a0 \u00a0 \u00a0<\/p>\n<p>PBX: \u00a0 \u00a0 \u00a0 \u00a0 \u00a0(571) 562 20 00 Exts.1126 -1142 &#8211; 1143 &#8211; 1144 &#8211; 1145 Fax: 1125 &#8211; \u00a0 \u00a0 \u00a0 \u00a0 \u00a01428 \u00a0 \u00a0 \u00a0 \u00a0 \u00a0<\/p>\n<p><a href=\"http:\/\/www.cortesuprema.gov.co      \">www.cortesuprema.gov.co      <\/a><\/p>\n<p><\/p>\n","protected":false},"excerpt":{"rendered":"<p>\u00a0 \u00a0 \u00a0 \u00a0\u00a0 LUIS ANTONIO \u00a0HERN\u00c1NDEZ BARBOSA \u00a0 Magistrado \u00a0ponente \u00a0 Radicaci\u00f3n \u00a065347 \u00a0 Bogot\u00e1, D. \u00a0C., once (11) de diciembre de dos mil \u00a0veintitr\u00e9s (2023). \u00a0 VISTOS: \u00a0 Se resuelve la impugnaci\u00f3n interpuesta por el \u00a0apoderado judicial de JOS\u00c9 \u00a0ORLANDO VANEGAS -privado de la libertad en \u00a0su domicilio-, contra el auto del 1\u00b0 [&hellip;]<\/p>\n","protected":false},"author":1,"featured_media":0,"comment_status":"open","ping_status":"open","sticky":false,"template":"","format":"standard","meta":{"footnotes":""},"categories":[70],"tags":[],"class_list":["post-75218","post","type-post","status-publish","format-standard","hentry","category-diciembre-2023"],"_links":{"self":[{"href":"https:\/\/dmsjuridica.com\/buscador_20179478954\/salapenalcronologico20230723\/wp-json\/wp\/v2\/posts\/75218","targetHints":{"allow":["GET"]}}],"collection":[{"href":"https:\/\/dmsjuridica.com\/buscador_20179478954\/salapenalcronologico20230723\/wp-json\/wp\/v2\/posts"}],"about":[{"href":"https:\/\/dmsjuridica.com\/buscador_20179478954\/salapenalcronologico20230723\/wp-json\/wp\/v2\/types\/post"}],"author":[{"embeddable":true,"href":"https:\/\/dmsjuridica.com\/buscador_20179478954\/salapenalcronologico20230723\/wp-json\/wp\/v2\/users\/1"}],"replies":[{"embeddable":true,"href":"https:\/\/dmsjuridica.com\/buscador_20179478954\/salapenalcronologico20230723\/wp-json\/wp\/v2\/comments?post=75218"}],"version-history":[{"count":0,"href":"https:\/\/dmsjuridica.com\/buscador_20179478954\/salapenalcronologico20230723\/wp-json\/wp\/v2\/posts\/75218\/revisions"}],"wp:attachment":[{"href":"https:\/\/dmsjuridica.com\/buscador_20179478954\/salapenalcronologico20230723\/wp-json\/wp\/v2\/media?parent=75218"}],"wp:term":[{"taxonomy":"category","embeddable":true,"href":"https:\/\/dmsjuridica.com\/buscador_20179478954\/salapenalcronologico20230723\/wp-json\/wp\/v2\/categories?post=75218"},{"taxonomy":"post_tag","embeddable":true,"href":"https:\/\/dmsjuridica.com\/buscador_20179478954\/salapenalcronologico20230723\/wp-json\/wp\/v2\/tags?post=75218"}],"curies":[{"name":"wp","href":"https:\/\/api.w.org\/{rel}","templated":true}]}}