{"id":74972,"date":"2024-03-08T17:47:32","date_gmt":"2024-03-08T17:47:32","guid":{"rendered":"https:\/\/dmsjuridica.com\/buscador_20179478954\/salapenalcronologico20230723\/2024\/03\/08\/ap3447-2023\/"},"modified":"2024-03-08T17:47:32","modified_gmt":"2024-03-08T17:47:32","slug":"ap3447-2023","status":"publish","type":"post","link":"https:\/\/dmsjuridica.com\/buscador_20179478954\/salapenalcronologico20230723\/2024\/03\/08\/ap3447-2023\/","title":{"rendered":"AP3447-2023"},"content":{"rendered":"\n<p>\u00a0 \u00a0 \u00a0 \u00a0\u00a0<\/p>\n<p>CARLOS \u00a0ROBERTO SOL\u00d3RZANO GARAVITO \u00a0<\/p>\n<p>AP3447-2023 \u00a0<\/p>\n<p>Colisi\u00f3n \u00a0de competencia No. 64789 \u00a0<\/p>\n<p>Acta No. 209 \u00a0<\/p>\n<p>Bogot\u00e1, \u00a0D.C., ocho (8) de noviembre de dos mil veintitr\u00e9s (2023). \u00a0<\/p>\n<p>ASUNTO \u00a0<\/p>\n<p>La Sala define la \u00a0competencia \u00a0para conocer la fase de juzgamiento del proceso de extinci\u00f3n \u00a0de dominio adelantado sobre varios inmuebles de propiedad de Cristian \u00a0Rymel Yurgaky Rey, Lina Mar\u00eda Urrego Monsalve, Br\u00edgida \u00a0Yisell S\u00e1nchez Cantillo y la sociedad Grupo Constructores \u00a0Aliados S.A.S. \u00a0<\/p>\n<p>ANTECEDENTES \u00a0PROCESALES RELEVANTES \u00a0<\/p>\n<p>\u00a0 \u00a0\u00a0 \u00a0 \u00a0 \u00a0 \u00a0<\/p>\n<p>1. Mediante \u00a0 \u00a0 \u00a0 \u00a0 \u00a0Resoluci\u00f3n del 20 de febrero de 2019, la Fiscal\u00eda 36 \u00a0 \u00a0 \u00a0 \u00a0 \u00a0Especializada de Extinci\u00f3n de Dominio, con fundamento en la \u00a0 \u00a0 \u00a0 \u00a0 \u00a0Ley 1708 de 2014 -con las modificaciones de la Ley 1849 de 2017-, \u00a0 \u00a0 \u00a0 \u00a0 \u00a0dio inicio a la fase de investigaci\u00f3n del tr\u00e1mite de \u00a0 \u00a0 \u00a0 \u00a0 \u00a0la misma naturaleza respecto de los \u00a0 \u00a0 \u00a0 \u00a0 \u00a0bienes identificados con matr\u00edcula \u00a0 \u00a0 \u00a0 \u00a0 \u00a0inmobiliaria 040-173085, \u00a0 \u00a0 \u00a0 \u00a0 \u00a0040-45298, 041-3539, 041-3543 y 190-140058, \u00a0 \u00a0 \u00a0 \u00a0 \u00a0registrados a nombre de Cristian Rymel Yurgaky Rey, Lina Mar\u00eda \u00a0 \u00a0 \u00a0 \u00a0 \u00a0Urrego Monsalve, Br\u00edgida Yisell S\u00e1nchez Cantillo y la \u00a0 \u00a0 \u00a0 \u00a0 \u00a0sociedad Grupo Constructores Aliados S.A.S. \u00a0<\/p>\n<p>\u00a0 \u00a0\u00a0 \u00a0 \u00a0 \u00a0 \u00a0<\/p>\n<p>2. Con \u00a0 \u00a0 \u00a0 \u00a0 \u00a0resoluci\u00f3n del 29 de junio de 2022, decret\u00f3 la medida \u00a0 \u00a0 \u00a0 \u00a0 \u00a0cautelar de suspensi\u00f3n del poder dispositivo sobre dichas \u00a0 \u00a0 \u00a0 \u00a0 \u00a0propiedades. \u00a0<\/p>\n<p>\u00a0 \u00a0\u00a0 \u00a0 \u00a0 \u00a0 \u00a0<\/p>\n<p>3. Agotada \u00a0 \u00a0 \u00a0 \u00a0 \u00a0la investigaci\u00f3n pertinente, el 6 de julio de 2023 la \u00a0 \u00a0 \u00a0 \u00a0 \u00a0fiscal\u00eda radic\u00f3 demanda de extinci\u00f3n de dominio \u00a0 \u00a0 \u00a0 \u00a0 \u00a0ante \u00a0 \u00a0 \u00a0 \u00a0 \u00a0los Juzgados de la misma especialidad con sede en Antioquia. \u00a0<\/p>\n<p>\u00a0 \u00a0\u00a0 \u00a0 \u00a0 \u00a0 \u00a0<\/p>\n<p>4. La \u00a0 \u00a0 \u00a0 \u00a0 \u00a0fase de juzgamiento del proceso correspondi\u00f3 por reparto al \u00a0 \u00a0 \u00a0 \u00a0 \u00a0Juzgado Segundo Penal del Circuito Especializado de Extinci\u00f3n \u00a0 \u00a0 \u00a0 \u00a0 \u00a0de Dominio de ese distrito. \u00a0Aquella autoridad, mediante auto del 17 \u00a0 \u00a0 \u00a0 \u00a0 \u00a0de agosto de 2023, rehus\u00f3 la competencia para tramitar la \u00a0 \u00a0 \u00a0 \u00a0 \u00a0actuaci\u00f3n. \u00a0<\/p>\n<p>Argument\u00f3 \u00a0que los bienes objeto de extinci\u00f3n de dominio est\u00e1n \u00a0ubicados en el distrito judicial de Barranquilla. \u00a0Por esa raz\u00f3n, \u00a0su hom\u00f3logo de ese lugar es el competente para conocer el \u00a0asunto, de acuerdo con lo establecido en el inciso 1\u00ba del \u00a0art\u00edculo 35 de la Ley 1708 de 2014. \u00a0<\/p>\n<p>\u00a0 \u00a0\u00a0 \u00a0 \u00a0 \u00a0 \u00a0<\/p>\n<p>Explic\u00f3 \u00a0que la demanda de extinci\u00f3n de dominio versa sobre cinco \u00a0bienes. Dos de ellos est\u00e1n situados en Barranquilla \u00a0(Atl\u00e1ntico), dos en el municipio de Soledad (Atl\u00e1ntico) \u00a0y uno en el municipio de Valledupar (Cesar). Por tanto, advirti\u00f3, \u00a0deb\u00eda aplicarse el inciso 2\u00ba del art\u00edculo 35 de la \u00a0Ley 1708 de 2014, seg\u00fan el cual, cuando los bienes est\u00e1n \u00a0ubicados en distintos distritos judiciales, la competencia debe \u00a0asumirla un juez del distrito que cuente con el mayor n\u00famero \u00a0de jueces de extinci\u00f3n de dominio. \u00a0<\/p>\n<p>Indic\u00f3 \u00a0que el distrito especializado de extinci\u00f3n de dominio de \u00a0Barranquilla cuenta solo con un juez de esta especialidad, mientras \u00a0que el de C\u00facuta, que tiene jurisdicci\u00f3n territorial \u00a0sobre el distrito de Valledupar, cuenta con dos jueces de extinci\u00f3n \u00a0de dominio. \u00a0<\/p>\n<p>Apoyado en estas \u00a0razones, dispuso la remisi\u00f3n de las diligencias a esta \u00a0Corporaci\u00f3n, para que defina la competencia. \u00a0<\/p>\n<p>CONSIDERACIONES \u00a0DE LA CORTE \u00a0<\/p>\n<p>\u00a0 \u00a0\u00a0 \u00a0 \u00a0 \u00a0 \u00a0<\/p>\n<p>1. De \u00a0 \u00a0 \u00a0 \u00a0 \u00a0conformidad con lo previsto en \u00a0 \u00a0 \u00a0 \u00a0 \u00a0los art\u00edculos 26 de la Ley 1708 de 2014 y 75.4 de la Ley 600 \u00a0 \u00a0 \u00a0 \u00a0 \u00a0de 2000, la Sala es \u00a0 \u00a0 \u00a0 \u00a0 \u00a0competente para conocer el presente asunto, por cuanto involucra a \u00a0 \u00a0 \u00a0 \u00a0 \u00a0juzgados de diferentes distritos judiciales1. \u00a0<\/p>\n<p>\u00a0 \u00a0\u00a0 \u00a0 \u00a0 \u00a0 \u00a0<\/p>\n<p>2. La \u00a0 \u00a0 \u00a0 \u00a0 \u00a0colisi\u00f3n de competencia es el mecanismo previsto en el \u00a0 \u00a0 \u00a0 \u00a0 \u00a0ordenamiento jur\u00eddico para establecer cu\u00e1l de los \u00a0 \u00a0 \u00a0 \u00a0 \u00a0distintos Jueces o Magistrados que reclaman o reh\u00fasan el \u00a0 \u00a0 \u00a0 \u00a0 \u00a0conocimiento de un asunto, es el llamado a asumirlo. \u00a0<\/p>\n<p>\u00a0 \u00a0\u00a0 \u00a0 \u00a0 \u00a0 \u00a0<\/p>\n<p>3. En \u00a0 \u00a0 \u00a0 \u00a0 \u00a0el tr\u00e1mite de \u00a0 \u00a0 \u00a0 \u00a0 \u00a0extinci\u00f3n de dominio regulado por la Ley 1708 de 2014, \u00a0 \u00a0 \u00a0 \u00a0 \u00a0modificada por la Ley 1849 de 2017, la competencia territorial de \u00a0 \u00a0 \u00a0 \u00a0 \u00a0los jueces de extinci\u00f3n de dominio para conocer la fase de \u00a0 \u00a0 \u00a0 \u00a0 \u00a0juzgamiento del proceso est\u00e1 prevista en el art\u00edculo \u00a0 \u00a0 \u00a0 \u00a0 \u00a035 de la siguiente forma: \u00a0<\/p>\n<p>Corresponde \u00a0a los Jueces del Circuito Especializados en Extinci\u00f3n de \u00a0Dominio del Distrito Judicial donde se encuentren los bienes, asumir \u00a0el juzgamiento y emitir el correspondiente fallo. \u00a0<\/p>\n<p>Cuando haya \u00a0bienes en distintos distritos judiciales, ser\u00e1 competente el \u00a0juez del distrito que cuente con el mayor n\u00famero de jueces de \u00a0extinci\u00f3n de dominio. \u00a0<\/p>\n<p>Cuando exista \u00a0el mismo n\u00famero de jueces de extinci\u00f3n de dominio en \u00a0distintos distritos judiciales se aplicar\u00e1 lo previsto en el \u00a0art\u00edculo 28 numeral 7 del C\u00f3digo General del Proceso. \u00a0La aparici\u00f3n de bienes en otros lugares despu\u00e9s de la \u00a0demanda de extinci\u00f3n de dominio no alterar\u00e1 la \u00a0competencia. \u00a0<\/p>\n<p>Si hay bienes \u00a0que se encuentran en su totalidad en territorio extranjero, ser\u00e1n \u00a0competentes en primera instancia los Jueces del Circuito \u00a0Especializados en Extinci\u00f3n de Dominio del Distrito Judicial \u00a0de Bogot\u00e1. \u00a0<\/p>\n<p>La Sala de \u00a0Casaci\u00f3n Penal de la Corte Suprema de Justicia tendr\u00e1 \u00a0competencia para el juzgamiento en \u00fanica instancia de la \u00a0extinci\u00f3n de dominio de los bienes cuya titularidad recaiga en \u00a0un agente diplom\u00e1tico debidamente acreditado, \u00a0independientemente de su lugar de ubicaci\u00f3n en el territorio \u00a0nacional\u00bb. \u00a0<\/p>\n<p>Teniendo en cuenta \u00a0las reglas fijadas en la norma que viene de citarse, la competencia \u00a0para adelantar el juicio de extinci\u00f3n de dominio, en virtud \u00a0del factor territorial, corresponde asumirla: \u00a0<\/p>\n<p>\u00a0 \u00a0\u00a0 \u00a0 \u00a0 \u00a0 \u00a0<\/p>\n<p>i. Al \u00a0 \u00a0 \u00a0 \u00a0 \u00a0juez del lugar donde se encuentren ubicados los bienes.<\/p>\n<p>ii. Si \u00a0 \u00a0 \u00a0 \u00a0 \u00a0los bienes se encuentran ubicados en diferentes distritos \u00a0 \u00a0 \u00a0 \u00a0 \u00a0judiciales, el competente ser\u00e1 el juez del distrito judicial \u00a0 \u00a0 \u00a0 \u00a0 \u00a0con mayor n\u00famero de jueces de extinci\u00f3n de dominio,<\/p>\n<p>iii. Si \u00a0 \u00a0 \u00a0 \u00a0 \u00a0el n\u00famero de jueces de extinci\u00f3n de dominio coincide, \u00a0 \u00a0 \u00a0 \u00a0 \u00a0ser\u00e1 competente el juez de cualquiera de los distritos donde \u00a0 \u00a0 \u00a0 \u00a0 \u00a0se encuentran ubicados los bienes, a elecci\u00f3n del demandante, \u00a0 \u00a0 \u00a0 \u00a0 \u00a0conforme a lo dispuesto en el art\u00edculo 28.5 del c\u00f3digo \u00a0 \u00a0 \u00a0 \u00a0 \u00a0General del Proceso2. \u00a0 \u00a0 \u00a0 \u00a0 \u00a0Para el caso, la Fiscal\u00eda General de la Naci\u00f3n como \u00a0 \u00a0 \u00a0 \u00a0 \u00a0sujeto requirente de la extinci\u00f3n de dominio. \u00a0<\/p>\n<p>\u00a0 \u00a0\u00a0 \u00a0 \u00a0 \u00a0 \u00a0 \u00a0 \u00a0 \u00a0 \u00a0 \u00a0 \u00a0 \u00a0 \u00a0 \u00a0 \u00a0 \u00a0 \u00a0 \u00a0 \u00a0 \u00a0 \u00a0 \u00a0 \u00a0 \u00a0 \u00a0 \u00a0 \u00a0 \u00a0 \u00a0 \u00a0 \u00a0 \u00a0 \u00a0 \u00a0 \u00a0 \u00a0 \u00a0 \u00a0 \u00a0 \u00a0 \u00a0 \u00a0 \u00a0 \u00a0 \u00a0 \u00a0<\/p>\n<p>Distrito \u00a0 \u00a0 \u00a0 \u00a0 \u00a0 \u00a0 \u00a0 \u00a0 \u00a0 \u00a0 \u00a0 \u00a0 \u00a0 \u00a0 \u00a0 \u00a0 \u00a0de Extinci\u00f3n de Dominio \u00a0 \u00a0 \u00a0 \u00a0 \u00a0 \u00a0 \u00a0 \u00a0 \u00a0 \u00a0 \u00a0 \u00a0 \u00a0 \u00a0 \u00a0 \u00a0 \u00a0 \u00a0 \u00a0 \u00a0 \u00a0 \u00a0 \u00a0 \u00a0 \u00a0 \u00a0 \u00a0 \u00a0 \u00a0 \u00a0 \u00a0 \u00a0 \u00a0 \u00a0 \u00a0 \u00a0 \u00a0 \u00a0 \u00a0 \u00a0 \u00a0 \u00a0 \u00a0 \u00a0 \u00a0 \u00a0 \u00a0<\/p>\n<p>Sede \u00a0 \u00a0 \u00a0 \u00a0 \u00a0 \u00a0 \u00a0 \u00a0 \u00a0 \u00a0 \u00a0 \u00a0 \u00a0 \u00a0 \u00a0 \u00a0 \u00a0de los Juzgados \u00a0 \u00a0 \u00a0 \u00a0 \u00a0 \u00a0 \u00a0 \u00a0 \u00a0 \u00a0 \u00a0 \u00a0 \u00a0 \u00a0 \u00a0 \u00a0 \u00a0 \u00a0 \u00a0 \u00a0 \u00a0 \u00a0 \u00a0 \u00a0 \u00a0 \u00a0 \u00a0 \u00a0 \u00a0 \u00a0 \u00a0 \u00a0 \u00a0 \u00a0 \u00a0 \u00a0 \u00a0 \u00a0 \u00a0 \u00a0 \u00a0 \u00a0 \u00a0 \u00a0 \u00a0 \u00a0 \u00a0<\/p>\n<p>COMPETENCIA \u00a0 \u00a0 \u00a0 \u00a0 \u00a0 \u00a0 \u00a0 \u00a0 \u00a0 \u00a0 \u00a0 \u00a0 \u00a0 \u00a0 \u00a0 \u00a0 \u00a0TERRITORIAL EN LOS DISTRITOS JUDICIALES DE: \u00a0 \u00a0 \u00a0 \u00a0 \u00a0 \u00a0 \u00a0 \u00a0 \u00a0<\/p>\n<p>Bogot\u00e1 \u00a0 \u00a0 \u00a0 \u00a0 \u00a0 \u00a0 \u00a0 \u00a0 \u00a0 \u00a0 \u00a0 \u00a0 \u00a0 \u00a0 \u00a0 \u00a0 \u00a0 \u00a0 \u00a0 \u00a0 \u00a0 \u00a0 \u00a0 \u00a0 \u00a0 \u00a0 \u00a0 \u00a0 \u00a0 \u00a0 \u00a0 \u00a0 \u00a0 \u00a0 \u00a0 \u00a0 \u00a0 \u00a0 \u00a0 \u00a0 \u00a0 \u00a0 \u00a0 \u00a0 \u00a0 \u00a0 \u00a0<\/p>\n<p>Bogot\u00e1 \u00a0 \u00a0 \u00a0 \u00a0 \u00a0 \u00a0 \u00a0 \u00a0 \u00a0 \u00a0 \u00a0 \u00a0 \u00a0 \u00a0 \u00a0 \u00a0 \u00a0 \u00a0 \u00a0 \u00a0 \u00a0 \u00a0 \u00a0 \u00a0 \u00a0 \u00a0 \u00a0 \u00a0 \u00a0 \u00a0 \u00a0 \u00a0 \u00a0 \u00a0 \u00a0 \u00a0 \u00a0 \u00a0 \u00a0 \u00a0 \u00a0 \u00a0 \u00a0 \u00a0 \u00a0 \u00a0 \u00a0<\/p>\n<p>Bogot\u00e1, \u00a0 \u00a0 \u00a0 \u00a0 \u00a0 \u00a0 \u00a0 \u00a0 \u00a0 \u00a0 \u00a0 \u00a0 \u00a0 \u00a0 \u00a0 \u00a0 \u00a0Cundinamarca, Tunja y Santa Rosa de Viterbo \u00a0 \u00a0 \u00a0 \u00a0 \u00a0 \u00a0 \u00a0 \u00a0 \u00a0<\/p>\n<p>Neiva \u00a0 \u00a0 \u00a0 \u00a0 \u00a0 \u00a0 \u00a0 \u00a0 \u00a0 \u00a0 \u00a0 \u00a0 \u00a0 \u00a0 \u00a0 \u00a0 \u00a0 \u00a0 \u00a0 \u00a0 \u00a0 \u00a0 \u00a0 \u00a0 \u00a0 \u00a0 \u00a0 \u00a0 \u00a0 \u00a0 \u00a0 \u00a0 \u00a0 \u00a0 \u00a0 \u00a0 \u00a0 \u00a0 \u00a0 \u00a0 \u00a0 \u00a0 \u00a0 \u00a0 \u00a0 \u00a0 \u00a0<\/p>\n<p>Neiva \u00a0 \u00a0 \u00a0 \u00a0 \u00a0 \u00a0 \u00a0 \u00a0 \u00a0 \u00a0 \u00a0 \u00a0 \u00a0 \u00a0 \u00a0 \u00a0 \u00a0 \u00a0 \u00a0 \u00a0 \u00a0 \u00a0 \u00a0 \u00a0 \u00a0 \u00a0 \u00a0 \u00a0 \u00a0 \u00a0 \u00a0 \u00a0 \u00a0 \u00a0 \u00a0 \u00a0 \u00a0 \u00a0 \u00a0 \u00a0 \u00a0 \u00a0 \u00a0 \u00a0 \u00a0 \u00a0 \u00a0<\/p>\n<p>Neiva, \u00a0 \u00a0 \u00a0 \u00a0 \u00a0 \u00a0 \u00a0 \u00a0 \u00a0 \u00a0 \u00a0 \u00a0 \u00a0 \u00a0 \u00a0 \u00a0 \u00a0Ibagu\u00e9 y Florencia \u00a0 \u00a0 \u00a0 \u00a0 \u00a0 \u00a0 \u00a0 \u00a0 \u00a0<\/p>\n<p>Pereira \u00a0 \u00a0 \u00a0 \u00a0 \u00a0 \u00a0 \u00a0 \u00a0 \u00a0 \u00a0 \u00a0 \u00a0 \u00a0 \u00a0 \u00a0 \u00a0 \u00a0 \u00a0 \u00a0 \u00a0 \u00a0 \u00a0 \u00a0 \u00a0 \u00a0 \u00a0 \u00a0 \u00a0 \u00a0 \u00a0 \u00a0 \u00a0 \u00a0 \u00a0 \u00a0 \u00a0 \u00a0 \u00a0 \u00a0 \u00a0 \u00a0 \u00a0 \u00a0 \u00a0 \u00a0 \u00a0 \u00a0<\/p>\n<p>Pereira \u00a0 \u00a0 \u00a0 \u00a0 \u00a0 \u00a0 \u00a0 \u00a0 \u00a0 \u00a0 \u00a0 \u00a0 \u00a0 \u00a0 \u00a0 \u00a0 \u00a0 \u00a0 \u00a0 \u00a0 \u00a0 \u00a0 \u00a0 \u00a0 \u00a0 \u00a0 \u00a0 \u00a0 \u00a0 \u00a0 \u00a0 \u00a0 \u00a0 \u00a0 \u00a0 \u00a0 \u00a0 \u00a0 \u00a0 \u00a0 \u00a0 \u00a0 \u00a0 \u00a0 \u00a0 \u00a0 \u00a0<\/p>\n<p>Pereira, \u00a0 \u00a0 \u00a0 \u00a0 \u00a0 \u00a0 \u00a0 \u00a0 \u00a0 \u00a0 \u00a0 \u00a0 \u00a0 \u00a0 \u00a0 \u00a0 \u00a0Armenia y Manizales \u00a0 \u00a0 \u00a0 \u00a0 \u00a0 \u00a0 \u00a0 \u00a0 \u00a0<\/p>\n<p>Cali \u00a0 \u00a0 \u00a0 \u00a0 \u00a0 \u00a0 \u00a0 \u00a0 \u00a0 \u00a0 \u00a0 \u00a0 \u00a0 \u00a0 \u00a0 \u00a0 \u00a0 \u00a0 \u00a0 \u00a0 \u00a0 \u00a0 \u00a0 \u00a0 \u00a0 \u00a0 \u00a0 \u00a0 \u00a0 \u00a0 \u00a0 \u00a0 \u00a0 \u00a0 \u00a0 \u00a0 \u00a0 \u00a0 \u00a0 \u00a0 \u00a0 \u00a0 \u00a0 \u00a0 \u00a0 \u00a0 \u00a0<\/p>\n<p>Cali \u00a0 \u00a0 \u00a0 \u00a0 \u00a0 \u00a0 \u00a0 \u00a0 \u00a0 \u00a0 \u00a0 \u00a0 \u00a0 \u00a0 \u00a0 \u00a0 \u00a0 \u00a0 \u00a0 \u00a0 \u00a0 \u00a0 \u00a0 \u00a0 \u00a0 \u00a0 \u00a0 \u00a0 \u00a0 \u00a0 \u00a0 \u00a0 \u00a0 \u00a0 \u00a0 \u00a0 \u00a0 \u00a0 \u00a0 \u00a0 \u00a0 \u00a0 \u00a0 \u00a0 \u00a0 \u00a0 \u00a0<\/p>\n<p>Cali, \u00a0 \u00a0 \u00a0 \u00a0 \u00a0 \u00a0 \u00a0 \u00a0 \u00a0 \u00a0 \u00a0 \u00a0 \u00a0 \u00a0 \u00a0 \u00a0 \u00a0Buga, Mocoa, Pasto y Popay\u00e1n \u00a0 \u00a0 \u00a0 \u00a0 \u00a0 \u00a0 \u00a0 \u00a0 \u00a0<\/p>\n<p>C\u00facuta \u00a0 \u00a0 \u00a0 \u00a0 \u00a0 \u00a0 \u00a0 \u00a0 \u00a0 \u00a0 \u00a0 \u00a0 \u00a0 \u00a0 \u00a0 \u00a0 \u00a0 \u00a0 \u00a0 \u00a0 \u00a0 \u00a0 \u00a0 \u00a0 \u00a0 \u00a0 \u00a0 \u00a0 \u00a0 \u00a0 \u00a0 \u00a0 \u00a0 \u00a0 \u00a0 \u00a0 \u00a0 \u00a0 \u00a0 \u00a0 \u00a0 \u00a0 \u00a0 \u00a0 \u00a0 \u00a0 \u00a0<\/p>\n<p>C\u00facuta \u00a0 \u00a0 \u00a0 \u00a0 \u00a0 \u00a0 \u00a0 \u00a0 \u00a0 \u00a0 \u00a0 \u00a0 \u00a0 \u00a0 \u00a0 \u00a0 \u00a0 \u00a0 \u00a0 \u00a0 \u00a0 \u00a0 \u00a0 \u00a0 \u00a0 \u00a0 \u00a0 \u00a0 \u00a0 \u00a0 \u00a0 \u00a0 \u00a0 \u00a0 \u00a0 \u00a0 \u00a0 \u00a0 \u00a0 \u00a0 \u00a0 \u00a0 \u00a0 \u00a0 \u00a0 \u00a0 \u00a0<\/p>\n<p>C\u00facuta, \u00a0 \u00a0 \u00a0 \u00a0 \u00a0 \u00a0 \u00a0 \u00a0 \u00a0 \u00a0 \u00a0 \u00a0 \u00a0 \u00a0 \u00a0 \u00a0 \u00a0Arauca, Bucaramanga, Pamplona, San Gil y Valledupar \u00a0 \u00a0 \u00a0 \u00a0 \u00a0 \u00a0 \u00a0 \u00a0 \u00a0<\/p>\n<p>Antioquia \u00a0 \u00a0 \u00a0 \u00a0 \u00a0 \u00a0 \u00a0 \u00a0 \u00a0 \u00a0 \u00a0 \u00a0 \u00a0 \u00a0 \u00a0 \u00a0 \u00a0 \u00a0 \u00a0 \u00a0 \u00a0 \u00a0 \u00a0 \u00a0 \u00a0 \u00a0 \u00a0 \u00a0 \u00a0 \u00a0 \u00a0 \u00a0 \u00a0 \u00a0 \u00a0 \u00a0 \u00a0 \u00a0 \u00a0 \u00a0 \u00a0 \u00a0 \u00a0 \u00a0 \u00a0 \u00a0 \u00a0<\/p>\n<p>Medell\u00edn \u00a0 \u00a0 \u00a0 \u00a0 \u00a0 \u00a0 \u00a0 \u00a0 \u00a0 \u00a0 \u00a0 \u00a0 \u00a0 \u00a0 \u00a0 \u00a0 \u00a0 \u00a0 \u00a0 \u00a0 \u00a0 \u00a0 \u00a0 \u00a0 \u00a0 \u00a0 \u00a0 \u00a0 \u00a0 \u00a0 \u00a0 \u00a0 \u00a0 \u00a0 \u00a0 \u00a0 \u00a0 \u00a0 \u00a0 \u00a0 \u00a0 \u00a0 \u00a0 \u00a0 \u00a0 \u00a0 \u00a0<\/p>\n<p>Medell\u00edn, \u00a0 \u00a0 \u00a0 \u00a0 \u00a0 \u00a0 \u00a0 \u00a0 \u00a0 \u00a0 \u00a0 \u00a0 \u00a0 \u00a0 \u00a0 \u00a0 \u00a0Antioquia, Quibd\u00f3 y Monter\u00eda. \u00a0 \u00a0 \u00a0 \u00a0 \u00a0 \u00a0 \u00a0 \u00a0 \u00a0<\/p>\n<p>Villavicencio \u00a0 \u00a0 \u00a0 \u00a0 \u00a0 \u00a0 \u00a0 \u00a0 \u00a0 \u00a0 \u00a0 \u00a0 \u00a0 \u00a0 \u00a0 \u00a0 \u00a0 \u00a0 \u00a0 \u00a0 \u00a0 \u00a0 \u00a0 \u00a0 \u00a0 \u00a0 \u00a0 \u00a0 \u00a0 \u00a0 \u00a0 \u00a0 \u00a0 \u00a0 \u00a0 \u00a0 \u00a0 \u00a0 \u00a0 \u00a0 \u00a0 \u00a0 \u00a0 \u00a0 \u00a0 \u00a0 \u00a0<\/p>\n<p>Villavicencio, \u00a0 \u00a0 \u00a0 \u00a0 \u00a0 \u00a0 \u00a0 \u00a0 \u00a0 \u00a0 \u00a0 \u00a0 \u00a0 \u00a0 \u00a0 \u00a0 \u00a0San Jos\u00e9 del Guaviare y Yopal \u00a0 \u00a0 \u00a0 \u00a0 \u00a0 \u00a0 \u00a0 \u00a0 \u00a0<\/p>\n<p>Barranquilla \u00a0 \u00a0 \u00a0 \u00a0 \u00a0 \u00a0 \u00a0 \u00a0 \u00a0 \u00a0 \u00a0 \u00a0 \u00a0 \u00a0 \u00a0 \u00a0 \u00a0 \u00a0 \u00a0 \u00a0 \u00a0 \u00a0 \u00a0 \u00a0 \u00a0 \u00a0 \u00a0 \u00a0 \u00a0 \u00a0 \u00a0 \u00a0 \u00a0 \u00a0 \u00a0 \u00a0 \u00a0 \u00a0 \u00a0 \u00a0 \u00a0 \u00a0 \u00a0 \u00a0 \u00a0 \u00a0 \u00a0<\/p>\n<p>Barranquilla \u00a0 \u00a0 \u00a0 \u00a0 \u00a0 \u00a0 \u00a0 \u00a0 \u00a0 \u00a0 \u00a0 \u00a0 \u00a0 \u00a0 \u00a0 \u00a0 \u00a0 \u00a0 \u00a0 \u00a0 \u00a0 \u00a0 \u00a0 \u00a0 \u00a0 \u00a0 \u00a0 \u00a0 \u00a0 \u00a0 \u00a0 \u00a0 \u00a0 \u00a0 \u00a0 \u00a0 \u00a0 \u00a0 \u00a0 \u00a0 \u00a0 \u00a0 \u00a0 \u00a0 \u00a0 \u00a0 \u00a0<\/p>\n<p>Barranquilla, \u00a0 \u00a0 \u00a0 \u00a0 \u00a0 \u00a0 \u00a0 \u00a0 \u00a0 \u00a0 \u00a0 \u00a0 \u00a0 \u00a0 \u00a0 \u00a0 \u00a0Archipi\u00e9lago de San Andr\u00e9s y Santa Catalina, \u00a0 \u00a0 \u00a0 \u00a0 \u00a0 \u00a0 \u00a0 \u00a0 \u00a0 \u00a0 \u00a0 \u00a0 \u00a0 \u00a0 \u00a0 \u00a0 \u00a0Cartagena, Riohacha, Santa Marta y Sincelejo. \u00a0 \u00a0 \u00a0 \u00a0 \u00a0 \u00a0 \u00a0<\/p>\n<p>4. \u00a0En \u00a0este caso, la Fiscal\u00eda present\u00f3 demanda de extinci\u00f3n \u00a0de dominio respecto de los bienes identificados con matr\u00edcula \u00a0inmobiliaria 040-173085, \u00a0040-45298, 041-3539, 041-3543 y 190-140058. Los dos primeros est\u00e1n \u00a0situados en Barranquilla (Atl\u00e1ntico), los dos siguientes en \u00a0Soledad (Atl\u00e1ntico) y el \u00faltimo en Valledupar (Cesar). \u00a0<\/p>\n<p>De conformidad con \u00a0el Acuerdo PCSJA23-12067 del 10 de mayo de 2023, el distrito de \u00a0extinci\u00f3n de dominio de Barranquilla comprende el distrito \u00a0judicial de la misma ciudad, que est\u00e1 integrado, entre otros \u00a0circuitos, por el de Soledad, en tanto, el distrito de extinci\u00f3n \u00a0de dominio de C\u00facuta tiene competencia territorial en el \u00a0distrito judicial de Valledupar. \u00a0<\/p>\n<p>Como \u00a0los bienes inmuebles sobre los que recae la acci\u00f3n est\u00e1n \u00a0ubicados en los distritos judiciales de Barranquilla y C\u00facuta, \u00a0la \u00a0competencia del proceso debe ser asumida por el juez del distrito \u00a0judicial que cuenta con el mayor n\u00famero de juzgados de \u00a0extinci\u00f3n de dominio. Seg\u00fan el Acuerdo \u00a0PCSJA22-12028 \u00a0del 19 de diciembre de 20223, \u00a0el distrito de extinci\u00f3n de dominio de C\u00facuta cuenta \u00a0con dos juzgados de esta especialidad, mientras que en el de \u00a0Barranquilla solo hay uno. \u00a0<\/p>\n<p>En \u00a0consecuencia, la Sala definir\u00e1 la competencia para conocer la \u00a0fase de juzgamiento del proceso de extinci\u00f3n de dominio en los \u00a0Jueces Penales del Circuito Especializado de Extinci\u00f3n de \u00a0Dominio de C\u00facuta \u2013 reparto-, a donde se remitir\u00e1n \u00a0las diligencias. \u00a0<\/p>\n<p>En \u00a0m\u00e9rito de lo expuesto, \u00a0la SALA \u00a0DE CASACI\u00d3N PENAL DE LA CORTE SUPREMA DE JUSTICIA, \u00a0<\/p>\n<p>RESUELVE \u00a0<\/p>\n<p>PRIMERO: \u00a0DEFINIR \u00a0que \u00a0recae \u00a0en \u00a0los Juzgados \u00a0Penales del Circuito Especializado de Extinci\u00f3n de Dominio de \u00a0C\u00facuta -reparto- la \u00a0competencia para \u00a0conocer \u00a0la \u00a0fase de juzgamiento del proceso de extinci\u00f3n de dominio \u00a0seguido sobre los bienes identificados \u00a0con matr\u00edcula \u00a0inmobiliaria 040-173085, \u00a0040-45298, 041-3539, 041-3543 y 190-140058. \u00a0<\/p>\n<p>SEGUNDO: \u00a0INFORMAR \u00a0esta decisi\u00f3n a las partes e intervinientes en este tr\u00e1mite \u00a0procesal. \u00a0<\/p>\n<p>Contra esta \u00a0providencia no proceden recursos. \u00a0<\/p>\n<p>Comun\u00edquese \u00a0y c\u00famplase. \u00a0<\/p>\n<p>HUGO \u00a0QUINTERO BERNATE \u00a0<\/p>\n<p>Presidente \u00a0<\/p>\n<p>MYRIAM \u00a0\u00c1VILA ROLD\u00c1N \u00a0<\/p>\n<p>FERNANDO \u00a0LE\u00d3N BOLA\u00d1OS PALACIOS \u00a0<\/p>\n<p>GERSON \u00a0CHAVERRA CASTRO \u00a0<\/p>\n<p>DIEGO \u00a0EUGENIO CORREDOR BELTR\u00c1N \u00a0<\/p>\n<p>JORGE \u00a0HERN\u00c1N D\u00cdAZ SOTO \u00a0<\/p>\n<p>LUIS \u00a0ANTONIO HERN\u00c1NDEZ BARBOSA \u00a0<\/p>\n<p>CARLOS ROBERTO \u00a0SOL\u00d3RZANO GARAVITO \u00a0<\/p>\n<p>NUBIA \u00a0YOLANDA NOVA GARC\u00cdA \u00a0<\/p>\n<p>Secretaria \u00a0<\/p>\n<p>1 \u00a0 \u00a0 \u00a0 \u00a0 \u00a0Cfr. \u00a0 \u00a0 \u00a0 \u00a0 \u00a0CSJ AP1654-2017, \u00a0 \u00a0 \u00a0 \u00a0 \u00a0reiterada en CSJ AP894 \u00a0 \u00a0 \u00a0 \u00a0 \u00a0\u2013 2022. \u00a0<\/p>\n<p>2 \u00a0 \u00a0 \u00a0 \u00a0 \u00a0Art\u00edculo \u00a0 \u00a0 \u00a0 \u00a0 \u00a028. La competencia territorial se sujeta a las siguientes reglas: \u00a0 \u00a0 \u00a0 \u00a0 \u00a0(\u2026) 7. En \u00a0 \u00a0 \u00a0 \u00a0 \u00a0los procesos en que se ejerciten derechos reales, en los divisorios, \u00a0 \u00a0 \u00a0 \u00a0 \u00a0de deslinde y amojonamiento, expropiaci\u00f3n, servidumbres, \u00a0 \u00a0 \u00a0 \u00a0 \u00a0posesorios de cualquier naturaleza, restituci\u00f3n de tenencia, \u00a0 \u00a0 \u00a0 \u00a0 \u00a0declaraci\u00f3n de pertenencia y de bienes vacantes y mostrencos, \u00a0 \u00a0 \u00a0 \u00a0 \u00a0ser\u00e1 competente, de modo privativo, el juez del lugar donde \u00a0 \u00a0 \u00a0 \u00a0 \u00a0est\u00e9n ubicados los bienes, y si se hallan en distintas \u00a0 \u00a0 \u00a0 \u00a0 \u00a0circunscripciones territoriales, el de cualquiera de ellas a \u00a0 \u00a0 \u00a0 \u00a0 \u00a0elecci\u00f3n del demandante (\u2026). \u00a0<\/p>\n<p>3 \u00a0 \u00a0 \u00a0 \u00a0 \u00a0Acuerdo \u00a0 \u00a0 \u00a0 \u00a0 \u00a0\u00abPor \u00a0 \u00a0 \u00a0 \u00a0 \u00a0el cual se crean cargos permanentes en algunos tribunales y juzgados \u00a0 \u00a0 \u00a0 \u00a0 \u00a0de la Jurisdicci\u00f3n Ordinaria en el territorio nacional y se \u00a0 \u00a0 \u00a0 \u00a0 \u00a0dictan otras disposiciones\u00bb. \u00a0<\/p>\n<p><\/p>\n","protected":false},"excerpt":{"rendered":"<p>\u00a0 \u00a0 \u00a0 \u00a0\u00a0 CARLOS \u00a0ROBERTO SOL\u00d3RZANO GARAVITO \u00a0 AP3447-2023 \u00a0 Colisi\u00f3n \u00a0de competencia No. 64789 \u00a0 Acta No. 209 \u00a0 Bogot\u00e1, \u00a0D.C., ocho (8) de noviembre de dos mil veintitr\u00e9s (2023). \u00a0 ASUNTO \u00a0 La Sala define la \u00a0competencia \u00a0para conocer la fase de juzgamiento del proceso de extinci\u00f3n \u00a0de dominio adelantado sobre varios [&hellip;]<\/p>\n","protected":false},"author":1,"featured_media":0,"comment_status":"open","ping_status":"open","sticky":false,"template":"","format":"standard","meta":{"footnotes":""},"categories":[69],"tags":[],"class_list":["post-74972","post","type-post","status-publish","format-standard","hentry","category-noviembre-2023"],"_links":{"self":[{"href":"https:\/\/dmsjuridica.com\/buscador_20179478954\/salapenalcronologico20230723\/wp-json\/wp\/v2\/posts\/74972","targetHints":{"allow":["GET"]}}],"collection":[{"href":"https:\/\/dmsjuridica.com\/buscador_20179478954\/salapenalcronologico20230723\/wp-json\/wp\/v2\/posts"}],"about":[{"href":"https:\/\/dmsjuridica.com\/buscador_20179478954\/salapenalcronologico20230723\/wp-json\/wp\/v2\/types\/post"}],"author":[{"embeddable":true,"href":"https:\/\/dmsjuridica.com\/buscador_20179478954\/salapenalcronologico20230723\/wp-json\/wp\/v2\/users\/1"}],"replies":[{"embeddable":true,"href":"https:\/\/dmsjuridica.com\/buscador_20179478954\/salapenalcronologico20230723\/wp-json\/wp\/v2\/comments?post=74972"}],"version-history":[{"count":0,"href":"https:\/\/dmsjuridica.com\/buscador_20179478954\/salapenalcronologico20230723\/wp-json\/wp\/v2\/posts\/74972\/revisions"}],"wp:attachment":[{"href":"https:\/\/dmsjuridica.com\/buscador_20179478954\/salapenalcronologico20230723\/wp-json\/wp\/v2\/media?parent=74972"}],"wp:term":[{"taxonomy":"category","embeddable":true,"href":"https:\/\/dmsjuridica.com\/buscador_20179478954\/salapenalcronologico20230723\/wp-json\/wp\/v2\/categories?post=74972"},{"taxonomy":"post_tag","embeddable":true,"href":"https:\/\/dmsjuridica.com\/buscador_20179478954\/salapenalcronologico20230723\/wp-json\/wp\/v2\/tags?post=74972"}],"curies":[{"name":"wp","href":"https:\/\/api.w.org\/{rel}","templated":true}]}}