{"id":746,"date":"2023-09-07T20:38:54","date_gmt":"2023-09-07T20:38:54","guid":{"rendered":"https:\/\/dmsjuridica.com\/buscador_20179478954\/salapenalcronologico20230723\/2023\/09\/07\/12291-10-12-97\/"},"modified":"2023-09-07T20:38:54","modified_gmt":"2023-09-07T20:38:54","slug":"12291-10-12-97","status":"publish","type":"post","link":"https:\/\/dmsjuridica.com\/buscador_20179478954\/salapenalcronologico20230723\/2023\/09\/07\/12291-10-12-97\/","title":{"rendered":"12291 (10-12-97)"},"content":{"rendered":"\n<p>\u00a0 \u00a0 EMBARGO-Parte \u00a0civil\/ MEDIDA DE ASEGURAMIENTO \u00a0\u00a0<\/p>\n<p>4\u00a0\u00a0 \u00a0El \u00a0art\u00edculo \u00a052 \u00a0del \u00a0C\u00f3digo \u00a0Procesal Penal precept\u00faa que despu\u00e9s de proferida \u00a0una \u00a0medida \u00a0de \u00a0aseguramiento \u00a0en \u00a0contra del procesado, si no se conocieren en \u00a0concreto \u00a0bienes de su propiedad o los embargados fueren insuficientes, la parte \u00a0civil \u00a0 podr\u00e1 \u00a0 denunciarlos \u00a0 en \u00a0 cualquier \u00a0momento, \u00a0correspondi\u00e9ndole \u00a0al \u00a0funcionario \u00a0decretar \u00a0su \u00a0embargo \u00a0y \u00a0secuestro \u00a0en \u00a0la \u00a0medida \u00a0que \u00a0considere \u00a0necesaria, previa prestaci\u00f3n de cauci\u00f3n. \u00a0\u00a0<\/p>\n<p>PROCESO No. 12291 \u00a0<\/p>\n<p>\u00a0 \u00a0\u00a0 \u00a0\u00a0 \u00a0\u00a0CORTE SUPREMA DE JUSTICIA \u00a0\u00a0<\/p>\n<p>\u00a0 \u00a0\u00a0 \u00a0\u00a0 \u00a0\u00a0SALA DE CASACION PENAL \u00a0\u00a0<\/p>\n<p>\u00a0 \u00a0\u00a0 \u00a0\u00a0 \u00a0\u00a0 \u00a0\u00a0 \u00a0\u00a0 \u00a0\u00a0 \u00a0\u00a0 \u00a0\u00a0 \u00a0\u00a0 \u00a0 \u00a0Magistrado Ponente: \u00a0\u00a0<\/p>\n<p>\u00a0 \u00a0\u00a0 \u00a0\u00a0 \u00a0\u00a0 \u00a0\u00a0 \u00a0\u00a0 \u00a0\u00a0 \u00a0\u00a0 \u00a0\u00a0 \u00a0\u00a0 \u00a0 \u00a0 \u00a0 \u00a0Dr. \u00a0 JUAN \u00a0 MANUEL \u00a0 TORRES \u00a0FRESNEDA \u00a0\u00a0<\/p>\n<p>\u00a0 \u00a0\u00a0 \u00a0\u00a0 \u00a0\u00a0 \u00a0\u00a0 \u00a0\u00a0 \u00a0\u00a0 \u00a0\u00a0 \u00a0\u00a0 \u00a0\u00a0 \u00a0 \u00a0Aprobado Acta No.152 \u00a0\u00a0<\/p>\n<p>\u00a0 \u00a0\u00a0 \u00a0\u00a0 \u00a0\u00a0 \u00a0\u00a0 \u00a0\u00a0 \u00a0\u00a0 \u00a0\u00a0 \u00a0\u00a0 \u00a0\u00a0 \u00a0\u00a0 \u00a0\u00a0Santaf\u00e9 de Bogot\u00e1 D. C.,\u00a0 \u00a0diez (10) de diciembre de mil novecientos noventa y siete (1997). \u00a0\u00a0<\/p>\n<p>\u00a0 \u00a0\u00a0 \u00a0\u00a0 \u00a0\u00a0VISTOS: \u00a0\u00a0<\/p>\n<p>\u00a0 \u00a0\u00a0 \u00a0\u00a0 \u00a0\u00a0 \u00a0\u00a0 \u00a0\u00a0 \u00a0\u00a0 \u00a0\u00a0 \u00a0\u00a0 \u00a0\u00a0 \u00a0\u00a0 \u00a0\u00a0Demanda el apoderado de la parte \u00a0civil \u00a0el \u00a0embargo \u00a0y \u00a0secuestro \u00a0del veh\u00edculo de placas GPG-l73 y el embargo y \u00a0retenci\u00f3n \u00a0del \u00a0sueldo \u00a0y \u00a0prestaciones \u00a0sociales que el procesado percibe como \u00a0Representante \u00a0a \u00a0la C\u00e1mara, con el fin de garantizar el pago de los perjuicios \u00a0ocasionados con la infracci\u00f3n. \u00a0\u00a0<\/p>\n<p>\u00a0 \u00a0\u00a0 \u00a0\u00a0 \u00a0\u00a0ANTECEDENTES: \u00a0\u00a0<\/p>\n<p>\u00a0 \u00a0\u00a0 \u00a0\u00a0 \u00a0\u00a0 \u00a0\u00a0 \u00a0\u00a0 \u00a0\u00a0 \u00a0\u00a0 \u00a0\u00a0 \u00a0\u00a0 \u00a0\u00a0 \u00a0\u00a0l. Mediante providencia del once \u00a0de \u00a0septiembre \u00a0\u00faltimo \u00a0esta \u00a0Sala decret\u00f3 medida de aseguramiento de cauci\u00f3n \u00a0prendaria \u00a0por \u00a0la \u00a0suma \u00a0equivalente \u00a0a \u00a0veinte \u00a0salarios m\u00ednimos mensuales en \u00a0contra \u00a0del \u00a0Representante \u00a0a \u00a0la \u00a0C\u00e1mara TOMAS CAICEDO HUERTO por el delito de \u00a0falsa denuncia contra persona determinada (art. l67 del C. P.). \u00a0\u00a0<\/p>\n<p>\u00a0 \u00a0\u00a0 \u00a0\u00a0 \u00a0\u00a0 \u00a0\u00a0 \u00a0\u00a0 \u00a0\u00a0 \u00a0\u00a0 \u00a0\u00a0 \u00a0\u00a0 \u00a0\u00a0 \u00a0\u00a0Con \u00a0el \u00e1nimo de garantizar la \u00a0indemnizaci\u00f3n \u00a0de los da\u00f1os y perjuicios ocasionados con la infracci\u00f3n, en la \u00a0misma \u00a0providencia \u00a0decret\u00f3 \u00a0el embargo y secuestro del remanente de los bienes \u00a0de \u00a0propiedad \u00a0del \u00a0procesado \u00a0gravados \u00a0con \u00a0similar medida cautelar dentro del \u00a0proceso \u00a0ejecutivo \u00a0de \u00a0mayor cuant\u00eda, que por demanda de Jorge Bravo Sarmiento \u00a0adelanta \u00a0 el \u00a0 Juzgado \u00a0 28 \u00a0Civil \u00a0del \u00a0Circuito \u00a0de \u00a0Bogot\u00e1 \u00a0en \u00a0contra \u00a0del \u00a0aforado. \u00a0\u00a0<\/p>\n<p>\u00a0 \u00a0\u00a0 \u00a0\u00a0 \u00a0\u00a0 \u00a0\u00a0 \u00a0\u00a0 \u00a0\u00a0 \u00a0\u00a0 \u00a0\u00a0 \u00a0\u00a0 \u00a0\u00a0 \u00a0\u00a0Dicha \u00a0medida aparece decretada \u00a0desde \u00a0el \u00a0l9 \u00a0de junio de l.996 sobre los inmuebles de matr\u00edcula 230-0003l53 y \u00a050N-20l88837, \u00a0y sobre los dineros que el procesado devenga como Representante a \u00a0la \u00a0C\u00e1mara, \u00a0en \u00a0proporci\u00f3n \u00a0equivalente a una quinta parte sobre el excedente \u00a0del \u00a0salario \u00a0m\u00ednimo legal, limit\u00e1ndolo a la suma $l68.000.000; extremo al que \u00a0tambi\u00e9n \u00a0circunscribi\u00f3 el embargo y retenci\u00f3n de los dineros que el ejecutado \u00a0TOMAS \u00a0CAICEDO \u00a0HUERTO \u00a0tuviera \u00a0en \u00a0ese \u00a0instante \u00a0en \u00a0la \u00a0cuenta corriente No. \u00a0053-2663 del Banco Ganadero sucursal Congreso. \u00a0\u00a0<\/p>\n<p>\u00a0 \u00a0\u00a0 \u00a0\u00a0 \u00a0\u00a0 \u00a0\u00a0 \u00a0\u00a0 \u00a0 \u00a0 Adem\u00e1s de \u00a0los \u00a0inmuebles gravados, el procesado se atribuy\u00f3 la calidad de propietario del \u00a0veh\u00edculo \u00a0Renault \u00a0l2 de placas GPG l73, como consecuencia de haberlo ganado en \u00a0una rifa realizada en el a\u00f1o de l.98l. \u00a0\u00a0<\/p>\n<p>\u00a0 \u00a0\u00a0 \u00a0\u00a0 \u00a0CONSIDERACIONES DE LA SALA: \u00a0\u00a0<\/p>\n<p>\u00a0 \u00a0\u00a0 \u00a0\u00a0 \u00a0\u00a0 \u00a0\u00a0 \u00a0\u00a0 \u00a0\u00a0 \u00a0\u00a0 \u00a0\u00a0 \u00a0\u00a0 \u00a0\u00a0 \u00a0\u00a0El \u00a0art\u00edculo \u00a052 \u00a0del \u00a0C\u00f3digo \u00a0Procesal \u00a0Penal precept\u00faa que despu\u00e9s de proferida una medida de aseguramiento \u00a0en \u00a0contra del procesado, si no se conocieren en concreto bienes de su propiedad \u00a0o \u00a0los \u00a0embargados \u00a0fueren \u00a0insuficientes, la parte civil podr\u00e1 denunciarlos en \u00a0cualquier \u00a0momento, \u00a0correspondi\u00e9ndole \u00a0al \u00a0funcionario \u00a0decretar \u00a0su embargo y \u00a0secuestro \u00a0 en \u00a0 la \u00a0medida \u00a0que \u00a0considere \u00a0necesaria, \u00a0previa \u00a0prestaci\u00f3n \u00a0de \u00a0cauci\u00f3n. \u00a0\u00a0<\/p>\n<p>\u00a0 \u00a0\u00a0 \u00a0\u00a0 \u00a0\u00a0 \u00a0\u00a0 \u00a0\u00a0 \u00a0\u00a0 \u00a0\u00a0 \u00a0\u00a0 \u00a0\u00a0 \u00a0\u00a0 \u00a0Ahora bien, atendiendo el l\u00edmite \u00a0de \u00a0la \u00a0medida \u00a0cautelar fijado en el proceso civil ($l68.000.000), el car\u00e1cter \u00a0contingente \u00a0e \u00a0incierto de la eficacia del embargo y secuestro sobre remanentes \u00a0y \u00a0la \u00a0cuant\u00eda \u00a0demandada \u00a0en \u00a0este \u00a0asunto \u00a0como \u00a0perjuicios, \u00a0cercana \u00a0a \u00a0los \u00a0$50.000.000 \u00a0se \u00a0hace \u00a0procedente \u00a0extender \u00a0el \u00a0embargo \u00a0al veh\u00edculo automotor \u00a0Renault \u00a0de \u00a0placas \u00a0GPG \u00a0173, \u00a0pero \u00a0sin necesidad de que la parte civil preste \u00a0cauci\u00f3n \u00a0para \u00a0garantizar \u00a0perjuicios a terceros, en virtud de que el automotor \u00a0fue \u00a0 \u00a0declarado \u00a0 por \u00a0 el \u00a0 procesado \u00a0 en \u00a0 la \u00a0 indagatoria \u00a0 como \u00a0 de \u00a0 su \u00a0dominio. \u00a0\u00a0<\/p>\n<p>\u00a0 \u00a0\u00a0 \u00a0\u00a0 \u00a0\u00a0 \u00a0\u00a0 \u00a0\u00a0 \u00a0\u00a0 \u00a0\u00a0 \u00a0\u00a0 \u00a0\u00a0 \u00a0\u00a0 \u00a0\u00a0Para \u00a0el \u00a0perfeccionamiento del \u00a0embargo \u00a0se \u00a0proceder\u00e1 \u00a0a la formalizaci\u00f3n de la diligencia de secuestro, para \u00a0la \u00a0cual \u00a0se \u00a0comisiona \u00a0al \u00a0Juzgado \u00a0Civil Municipal de Santaf\u00e9 de Bogot\u00e1 que \u00a0corresponda \u00a0en \u00a0reparto, \u00a0en \u00a0la \u00a0cual \u00a0actuar\u00e1 \u00a0como secuestre el se\u00f1or ADAN \u00a0AREVALO \u00a0JOSE \u00a0MANUEL, quien hace parte de la lista de auxiliares de la justicia \u00a0de la Sala de Casaci\u00f3n Civil de la Corte. \u00a0\u00a0<\/p>\n<p>\u00a0 \u00a0\u00a0 \u00a0\u00a0 \u00a0\u00a0 \u00a0\u00a0 \u00a0\u00a0 \u00a0\u00a0 \u00a0\u00a0 \u00a0 \u00a0\u00a0 \u00a0 \u00a0 \u00a0\u00a0<\/p>\n<p>\u00a0 \u00a0\u00a0 \u00a0\u00a0 \u00a0 \u00a0\u00a0 \u00a0\u00a0 \u00a0\u00a0 \u00a0\u00a0 \u00a0 \u00a0\u00a0 \u00a0\u00a0 \u00a0\u00a0Por \u00a0otra \u00a0parte, \u00a0lo \u00a0que s\u00ed \u00a0resulta \u00a0improcedente \u00a0es la pretensi\u00f3n del postulante, de obtener el embargo y \u00a0retenci\u00f3n \u00a0del \u00a0sueldo y las prestaciones sociales que percibe el Parlamentario \u00a0en \u00a0la \u00a0C\u00e1mara \u00a0de \u00a0Representantes, \u00a0en \u00a0virtud \u00a0de que su salario se encuentra \u00a0embargado \u00a0en \u00a0el \u00a0porcentaje \u00a0m\u00e1ximo \u00a0autorizado \u00a0por \u00a0el art. l55 del C\u00f3digo \u00a0Sustantivo \u00a0del \u00a0Trabajo \u00a0en \u00a0armon\u00eda \u00a0con \u00a0el 684 del C\u00f3digo de Procedimiento \u00a0Penal. \u00a0Las \u00a0prestaciones \u00a0tienen restringido el objeto de su embargo para casos \u00a0que \u00a0no contemplan el presente, de conformidad con el art. 344 del mismo C\u00f3digo \u00a0Sustantivo del Trabajo. \u00a0\u00a0<\/p>\n<p>\u00a0 \u00a0\u00a0 \u00a0\u00a0 \u00a0 \u00a0\u00a0 \u00a0\u00a0 \u00a0\u00a0 \u00a0\u00a0En \u00a0su \u00a0lugar, \u00a0oficiosamente \u00a0adicionar\u00e1 \u00a0la \u00a0Sala la orden de embargo a fin de que no \u00a0solamente \u00a0recaiga \u00a0sobre \u00a0el \u00a0remanente \u00a0de \u00a0los \u00a0bienes gravados en el proceso \u00a0ejecutivo, \u00a0sino \u00a0tambi\u00e9n \u00a0sobre \u00a0los \u00a0que \u00a0all\u00ed \u00a0llegaren a ser desembargados \u00a0(art.543 C.P.C.). \u00a0\u00a0<\/p>\n<p>\u00a0 \u00a0\u00a0 \u00a0\u00a0 \u00a0 \u00a0\u00a0 \u00a0\u00a0 \u00a0\u00a0 \u00a0\u00a0 \u00a0 \u00a0\u00a0 \u00a0\u00a0 \u00a0\u00a0Por \u00a0lo \u00a0expuesto, \u00a0la Sala de \u00a0Casaci\u00f3n Penal de la Corte Suprema de Justicia, \u00a0\u00a0<\/p>\n<p>\u00a0 \u00a0\u00a0 \u00a0 \u00a0RESUELVE: \u00a0\u00a0<\/p>\n<p>\u00a0 \u00a0\u00a0 \u00a0\u00a0 \u00a0 \u00a0\u00a0 \u00a0\u00a0 \u00a0\u00a0 \u00a0\u00a0 \u00a0 \u00a0\u00a0 \u00a0\u00a0 \u00a0PRIMERO: Decretar el embargo del \u00a0veh\u00edculo \u00a0renault \u00a0l2 \u00a0distinguido \u00a0con \u00a0las \u00a0placas \u00a0GPG l73, de propiedad del \u00a0procesado. \u00a0\u00a0<\/p>\n<p>\u00a0 \u00a0\u00a0 \u00a0\u00a0 \u00a0 \u00a0\u00a0 \u00a0\u00a0 \u00a0\u00a0 \u00a0\u00a0 \u00a0 \u00a0\u00a0 \u00a0\u00a0 \u00a0\u00a0SEGUNDO: \u00a0Comisi\u00f3nase al Juez \u00a0Civil \u00a0Municipal \u00a0Reparto \u00a0de \u00a0Santaf\u00e9 \u00a0de \u00a0Bogot\u00e1 \u00a0para \u00a0la \u00a0pr\u00e1ctica \u00a0de la \u00a0diligencia \u00a0de \u00a0secuestro \u00a0del \u00a0automotor \u00a0por el t\u00e9rmino de 15 d\u00edas h\u00e1biles, \u00a0para \u00a0lo \u00a0cual se designa como secuestre al auxiliar de la justicia ADAN AREVALO \u00a0JOSE MANUEL. \u00a0\u00a0<\/p>\n<p>\u00a0 \u00a0\u00a0 \u00a0\u00a0 \u00a0 \u00a0\u00a0 \u00a0\u00a0 \u00a0\u00a0 \u00a0\u00a0 \u00a0 \u00a0\u00a0 \u00a0\u00a0 \u00a0\u00a0TERCERO: No decretar el embargo \u00a0de \u00a0los \u00a0salarios \u00a0y \u00a0prestaciones \u00a0sociales \u00a0del \u00a0procesado, \u00a0en \u00a0raz\u00f3n \u00a0a los \u00a0argumentos \u00a0atr\u00e1s \u00a0expuestos. \u00a0En \u00a0su lugar se extiende oficiosamente la medida \u00a0sobre \u00a0los \u00a0bienes \u00a0de \u00a0propiedad \u00a0del \u00a0procesado que fueren desembargados en el \u00a0proceso ejecutivo. Of\u00edciese lo de rigor. \u00a0\u00a0<\/p>\n<p>\u00a0 \u00a0\u00a0 \u00a0 \u00a0COPIESE, NOTIFIQUESE Y CUMPLASE. \u00a0\u00a0<\/p>\n<p>\u00a0 \u00a0\u00a0 \u00a0 \u00a0CARLOS AUGUSTO GALVEZ ARGOTE \u00a0\u00a0<\/p>\n<p>\u00a0 \u00a0\u00a0 \u00a0\u00a0 \u00a0 \u00a0\u00a0 \u00a0\u00a0 \u00a0\u00a0 \u00a0\u00a0 \u00a0 \u00a0\u00a0 \u00a0 \u00a0 \u00a0 \u00a0 \u00a0 \u00a0 \u00a0 \u00a0 \u00a0 \u00a0 \u00a0\u00a0 \u00a0 \u00a0 \u00a0\u00a0 \u00a0\u00a0 \u00a0\u00a0 \u00a0 \u00a0 \u00a0 \u00a0 \u00a0 \u00a0 \u00a0 \u00a0NO \u00a0FIRMO \u00a0\u00a0<\/p>\n<p>FERNANDO \u00a0 \u00a0 \u00a0 E. \u00a0 \u00a0 \u00a0 ARBOLEDA \u00a0RIPOLL\u00a0\u00a0\u00a0\u00a0\u00a0 RICARDO CALVETE RANGEL \u00a0\u00a0<\/p>\n<p>JORGE \u00a0 \u00a0 \u00a0 \u00a0E. \u00a0 \u00a0 \u00a0 \u00a0CORDOBA \u00a0POVEDA\u00a0\u00a0\u00a0\u00a0\u00a0\u00a0\u00a0\u00a0\u00a0 \u00a0JORGE ANIBAL GOMEZ \u00a0GALLEGO \u00a0\u00a0<\/p>\n<p>CARLOS \u00a0 \u00a0 \u00a0 \u00a0E. \u00a0 \u00a0 \u00a0 \u00a0MEJIA \u00a0ESCOBAR\u00a0\u00a0\u00a0\u00a0\u00a0\u00a0\u00a0\u00a0 \u00a0 \u00a0 \u00a0 \u00a0DIDIMO \u00a0 \u00a0 \u00a0 PAEZ \u00a0VELANDIA \u00a0\u00a0<\/p>\n<p>NILSON \u00a0 \u00a0 \u00a0 \u00a0 \u00a0 PINILLA \u00a0PINILLA\u00a0\u00a0\u00a0\u00a0\u00a0\u00a0\u00a0\u00a0 \u00a0 JUAN \u00a0 MANUEL \u00a0 TORRES \u00a0FRESNEDA \u00a0\u00a0<\/p>\n<p>\u00a0 \u00a0\u00a0 \u00a0 \u00a0PATRICIA SALAZAR CUELLAR \u00a0\u00a0<\/p>\n<p>\u00a0 \u00a0\u00a0 \u00a0 \u00a0Secretaria \u00a0\u00a0<\/p>\n<p>\u00a0 \u00a0<\/p>\n<p>\u00a0 \u00a0\u00a0<\/p>\n<p><\/p>\n","protected":false},"excerpt":{"rendered":"<p>\u00a0 \u00a0 EMBARGO-Parte \u00a0civil\/ MEDIDA DE ASEGURAMIENTO \u00a0\u00a0 4\u00a0\u00a0 \u00a0El \u00a0art\u00edculo \u00a052 \u00a0del \u00a0C\u00f3digo \u00a0Procesal Penal precept\u00faa que despu\u00e9s de proferida \u00a0una \u00a0medida \u00a0de \u00a0aseguramiento \u00a0en \u00a0contra del procesado, si no se conocieren en \u00a0concreto \u00a0bienes de su propiedad o los embargados fueren insuficientes, la parte \u00a0civil \u00a0 podr\u00e1 \u00a0 denunciarlos \u00a0 en \u00a0 cualquier [&hellip;]<\/p>\n","protected":false},"author":1,"featured_media":0,"comment_status":"open","ping_status":"open","sticky":false,"template":"","format":"standard","meta":{"footnotes":""},"categories":[5],"tags":[],"class_list":["post-746","post","type-post","status-publish","format-standard","hentry","category-5"],"_links":{"self":[{"href":"https:\/\/dmsjuridica.com\/buscador_20179478954\/salapenalcronologico20230723\/wp-json\/wp\/v2\/posts\/746","targetHints":{"allow":["GET"]}}],"collection":[{"href":"https:\/\/dmsjuridica.com\/buscador_20179478954\/salapenalcronologico20230723\/wp-json\/wp\/v2\/posts"}],"about":[{"href":"https:\/\/dmsjuridica.com\/buscador_20179478954\/salapenalcronologico20230723\/wp-json\/wp\/v2\/types\/post"}],"author":[{"embeddable":true,"href":"https:\/\/dmsjuridica.com\/buscador_20179478954\/salapenalcronologico20230723\/wp-json\/wp\/v2\/users\/1"}],"replies":[{"embeddable":true,"href":"https:\/\/dmsjuridica.com\/buscador_20179478954\/salapenalcronologico20230723\/wp-json\/wp\/v2\/comments?post=746"}],"version-history":[{"count":0,"href":"https:\/\/dmsjuridica.com\/buscador_20179478954\/salapenalcronologico20230723\/wp-json\/wp\/v2\/posts\/746\/revisions"}],"wp:attachment":[{"href":"https:\/\/dmsjuridica.com\/buscador_20179478954\/salapenalcronologico20230723\/wp-json\/wp\/v2\/media?parent=746"}],"wp:term":[{"taxonomy":"category","embeddable":true,"href":"https:\/\/dmsjuridica.com\/buscador_20179478954\/salapenalcronologico20230723\/wp-json\/wp\/v2\/categories?post=746"},{"taxonomy":"post_tag","embeddable":true,"href":"https:\/\/dmsjuridica.com\/buscador_20179478954\/salapenalcronologico20230723\/wp-json\/wp\/v2\/tags?post=746"}],"curies":[{"name":"wp","href":"https:\/\/api.w.org\/{rel}","templated":true}]}}