{"id":7450,"date":"2023-09-08T17:01:09","date_gmt":"2023-09-08T17:01:09","guid":{"rendered":"https:\/\/dmsjuridica.com\/buscador_20179478954\/salapenalcronologico20230723\/2023\/09\/08\/2018523-09-03\/"},"modified":"2023-09-08T17:01:09","modified_gmt":"2023-09-08T17:01:09","slug":"2018523-09-03","status":"publish","type":"post","link":"https:\/\/dmsjuridica.com\/buscador_20179478954\/salapenalcronologico20230723\/2023\/09\/08\/2018523-09-03\/","title":{"rendered":"20185(23-09-03)"},"content":{"rendered":"\n<p>\u00a0 \u00a0 Proceso No 20185 \u00a0<\/p>\n<p>CORTE SUPREMA DE JUSTICIA \u00a0<\/p>\n<p>SALA DE CASACI\u00d3N PENAL \u00a0<\/p>\n<p>Magistrado Ponente: \u00a0<\/p>\n<p>Dr. YESID RAM\u00cdREZ BASTIDAS \u00a0<\/p>\n<p>Aprobado Acta No.106 \u00a0<\/p>\n<p>Bogot\u00e1 \u00a0D.C., veintitr\u00e9s (23) de septiembre \u00a0de dos mil tres (2003). \u00a0\u00a0<\/p>\n<p>VISTOS: \u00a0<\/p>\n<p>\u00a0 \u00a0\u00a0 \u00a0\u00a0 \u00a0\u00a0Se \u00a0pronuncia \u00a0la \u00a0Sala acerca de la demanda de revisi\u00f3n presentada \u00a0por el defensor del condenado JORGE ENRIQUE RIASCOS RAMOS. \u00a0\u00a0<\/p>\n<p>ANTECEDENTES Y CONSIDERACIONES: \u00a0<\/p>\n<p>Al \u00a0amparo de la causal tercera de revisi\u00f3n, \u00a0se\u00f1ala \u00a0el \u00a0libelista \u00a0que \u00a0en \u00a0el \u00a0asunto \u00a0materia \u00a0de examen se afirma que su \u00a0representado \u00a0fue \u00a0el \u00a0autor de la muerte de la se\u00f1ora Johana Patricia Pati\u00f1o, \u00a0sin \u00a0que \u00a0exista \u00a0prueba \u00a0de esa responsabilidad, pues se consider\u00f3 como tal el \u00a0testimonio \u00a0de \u00a0una \u00a0persona \u00a0presuntamente \u00a0amenazada \u00a0por \u00a0el \u00a0verdadero autor \u00a0material del delito. \u00a0\u00a0<\/p>\n<p>Por tanto, se se\u00f1al\u00f3 como autor del injusto \u00a0a \u00a0un \u00a0inocente, \u00a0cuando \u00a0el \u00a0verdadero culpable anda suelto deambulando por las \u00a0calles. \u00a0\u00a0<\/p>\n<p>\u00a0 \u00a0\u00a0 \u00a0\u00a0 \u00a0\u00a0As\u00ed \u00a0lo \u00a0confes\u00f3 \u00a0JORGE ENRIQUE RIASCOS RAM\u00cdREZ, al se\u00f1alar como \u00a0autor \u00a0material \u00a0e \u00a0intelectual \u00a0del \u00a0hecho \u00a0a Armando Prado Galeano alias \u201cel \u00a0negro\u201d, \u00a0siendo \u00a0testigos las se\u00f1ora Mar\u00eda Esperanza M\u00e9ndez , Adela Rosero, \u00a0Sandra \u00a0Milena \u00a0Gil \u00a0R\u00edos \u00a0y \u00a0Viviana \u00a0Patricia \u00a0Cano, de las cuales aporta las \u00a0correspondientes \u00a0 declaraciones \u00a0y \u00a0adem\u00e1s \u00a0solicita \u00a0sean \u00a0citadas \u00a0para \u00a0que \u00a0ratifiquen su dicho. \u00a0\u00a0<\/p>\n<p>\u00a0 \u00a0\u00a0 \u00a0\u00a0 \u00a0\u00a02. \u00a0 La \u00a0 acci\u00f3n \u00a0de \u00a0revisi\u00f3n \u00a0es \u00a0una \u00a0herramienta \u00a0procesal consagrada para la remoci\u00f3n de una decisi\u00f3n que ha hecho \u00a0tr\u00e1nsito \u00a0a \u00a0cosa \u00a0juzgada, \u00a0a \u00a0trav\u00e9s \u00a0de \u00a0alguna \u00a0de \u00a0las causales previstas \u00a0expresamente \u00a0por \u00a0la \u00a0ley. \u00a0Como se sabe, debe interponerse mediante apoderado, \u00a0quien \u00a0debe \u00a0acreditar, \u00a0a \u00a0trav\u00e9s del poder debidamente otorgado, que tiene la \u00a0legitimidad requerida para promover la acci\u00f3n. \u00a0\u00a0<\/p>\n<p>3. \u00a0En el asunto que \u00a0es \u00a0materia \u00a0de \u00a0examen, \u00a0el \u00a0peticionario \u00a0aduce \u00a0en \u00a0la \u00a0demanda \u00a0que \u00a0obra en \u00a0condici\u00f3n \u00a0de \u00a0abogado defensor del se\u00f1or JORGE ENRIQUE RIASCOS RAMOS, lo cual \u00a0no \u00a0resulta \u00a0suficiente \u00a0para \u00a0acceder \u00a0a \u00a0esta \u00a0instancia, \u00a0pues para el efecto \u00a0requer\u00eda \u00a0 de \u00a0 un \u00a0nuevo \u00a0poder \u00a0otorgado \u00a0debidamente \u00a0por \u00a0su \u00a0representado. \u00a0\u00a0<\/p>\n<p>Lo \u00a0anterior obedece a que el proceso dentro \u00a0del \u00a0cual \u00a0intervino \u00a0como \u00a0defensor, termin\u00f3 con la ejecutoria\u00a0 del fallo \u00a0proferido \u00a0por \u00a0el \u00a0Tribunal \u00a0Superior \u00a0de \u00a0Cali y, por tanto, la gesti\u00f3n all\u00ed \u00a0encomendada tambi\u00e9n culmin\u00f3. \u00a0\u00a0<\/p>\n<p>A \u00a0m\u00e9rito \u00a0de \u00a0lo \u00a0expuesto, \u00a0la \u00a0Sala \u00a0de \u00a0Casaci\u00f3n Penal de la Corte Suprema de Justicia, \u00a0\u00a0<\/p>\n<p>RESUELVE: \u00a0<\/p>\n<p>\u00a0 \u00a0\u00a0 \u00a0\u00a0 \u00a0\u00a0RECHAZAR \u00a0 \u00a0la \u00a0 demanda \u00a0 de \u00a0 revisi\u00f3n \u00a0presentada \u00a0 \u00a0por \u00a0 \u00a0el \u00a0 defensor \u00a0 del \u00a0 condenado \u00a0 JORGE \u00a0 ENRIQUE \u00a0 RIASCOS \u00a0RAMOS. \u00a0\u00a0<\/p>\n<p>\u00a0 \u00a0\u00a0 \u00a0\u00a0 \u00a0\u00a0Disponer \u00a0que \u00a0la demanda y sus anexos sean devueltos al profesional \u00a0del derecho que los present\u00f3. \u00a0\u00a0<\/p>\n<p>\u00a0 \u00a0\u00a0 \u00a0\u00a0 \u00a0\u00a0Contra \u00a0 \u00a0 \u00a0esta \u00a0 \u00a0 decisi\u00f3n \u00a0 \u00a0 procede \u00a0 \u00a0 el \u00a0 \u00a0 recurso \u00a0 \u00a0 de \u00a0reposici\u00f3n. \u00a0\u00a0<\/p>\n<p>NOTIF\u00cdQUESE\u00a0 y C\u00daMPLASE \u00a0<\/p>\n<p>YESID \u00a0 \u00a0RAM\u00cdREZ \u00a0BASTIDAS \u00a0\u00a0<\/p>\n<p>HERMAN \u00a0 GAL\u00c1N \u00a0 CASTELLANOS \u00a0\u00a0 \u00a0\u00a0 \u00a0\u00a0 \u00a0\u00a0 \u00a0\u00a0 \u00a0\u00a0 \u00a0 \u00a0\u00a0 \u00a0 \u00a0\u00a0CARLOS \u00a0 AUGUSTO \u00a0 G\u00c1LVEZ \u00a0ARGOTE\u00a0\u00a0\u00a0\u00a0\u00a0\u00a0\u00a0\u00a0\u00a0\u00a0\u00a0\u00a0\u00a0\u00a0\u00a0\u00a0\u00a0\u00a0\u00a0\u00a0\u00a0\u00a0 \u00a0\u00a0<\/p>\n<p>JORGE \u00a0AN\u00cdBAL \u00a0G\u00d3MEZ \u00a0GALLEGO \u00a0\u00a0 \u00a0\u00a0 \u00a0\u00a0 \u00a0\u00a0 \u00a0\u00a0 \u00a0\u00a0 \u00a0 \u00a0\u00a0 \u00a0 \u00a0 \u00a0 \u00a0 \u00a0 \u00a0 \u00a0 \u00a0 \u00a0\u00a0\u00c9DGAR \u00a0 \u00a0 \u00a0 \u00a0 \u00a0 \u00a0 \u00a0 \u00a0 \u00a0LOMBANA \u00a0TRUJILLO\u00a0\u00a0\u00a0\u00a0\u00a0\u00a0\u00a0\u00a0\u00a0\u00a0\u00a0\u00a0\u00a0\u00a0\u00a0\u00a0\u00a0\u00a0\u00a0\u00a0\u00a0\u00a0\u00a0\u00a0\u00a0\u00a0\u00a0\u00a0\u00a0\u00a0\u00a0\u00a0\u00a0\u00a0\u00a0\u00a0\u00a0\u00a0 \u00a0\u00a0<\/p>\n<p>\u00c1LVARO \u00a0ORLANDO \u00a0P\u00c9REZ PINZ\u00d3N \u00a0\u00a0 \u00a0 \u00a0 \u00a0 \u00a0 \u00a0 \u00a0\u00a0 \u00a0 \u00a0 \u00a0 \u00a0\u00a0MARINA \u00a0 \u00a0 \u00a0 PULIDO \u00a0 \u00a0 \u00a0 DE \u00a0BAR\u00d3N\u00a0\u00a0\u00a0\u00a0\u00a0\u00a0\u00a0\u00a0\u00a0\u00a0\u00a0\u00a0\u00a0\u00a0\u00a0\u00a0\u00a0\u00a0\u00a0\u00a0 \u00a0\u00a0<\/p>\n<p>JORGE \u00a0LUIS \u00a0QUINTERO \u00a0MILAN\u00c9S \u00a0 \u00a0 \u00a0 \u00a0 \u00a0 \u00a0 \u00a0 \u00a0\u00a0 \u00a0MAURO SOLARTE PORTILLA \u00a0\u00a0<\/p>\n<p>TERESA RUIZ N\u00da\u00d1EZ \u00a0<\/p>\n<p>Secretaria \u00a0 \u00a0\u00a0<\/p>\n<p><\/p>\n","protected":false},"excerpt":{"rendered":"<p>\u00a0 \u00a0 Proceso No 20185 \u00a0 CORTE SUPREMA DE JUSTICIA \u00a0 SALA DE CASACI\u00d3N PENAL \u00a0 Magistrado Ponente: \u00a0 Dr. YESID RAM\u00cdREZ BASTIDAS \u00a0 Aprobado Acta No.106 \u00a0 Bogot\u00e1 \u00a0D.C., veintitr\u00e9s (23) de septiembre \u00a0de dos mil tres (2003). \u00a0\u00a0 VISTOS: \u00a0 \u00a0 \u00a0\u00a0 \u00a0\u00a0 \u00a0\u00a0Se \u00a0pronuncia \u00a0la \u00a0Sala acerca de la demanda de revisi\u00f3n [&hellip;]<\/p>\n","protected":false},"author":1,"featured_media":0,"comment_status":"open","ping_status":"open","sticky":false,"template":"","format":"standard","meta":{"footnotes":""},"categories":[11],"tags":[],"class_list":["post-7450","post","type-post","status-publish","format-standard","hentry","category-11"],"_links":{"self":[{"href":"https:\/\/dmsjuridica.com\/buscador_20179478954\/salapenalcronologico20230723\/wp-json\/wp\/v2\/posts\/7450","targetHints":{"allow":["GET"]}}],"collection":[{"href":"https:\/\/dmsjuridica.com\/buscador_20179478954\/salapenalcronologico20230723\/wp-json\/wp\/v2\/posts"}],"about":[{"href":"https:\/\/dmsjuridica.com\/buscador_20179478954\/salapenalcronologico20230723\/wp-json\/wp\/v2\/types\/post"}],"author":[{"embeddable":true,"href":"https:\/\/dmsjuridica.com\/buscador_20179478954\/salapenalcronologico20230723\/wp-json\/wp\/v2\/users\/1"}],"replies":[{"embeddable":true,"href":"https:\/\/dmsjuridica.com\/buscador_20179478954\/salapenalcronologico20230723\/wp-json\/wp\/v2\/comments?post=7450"}],"version-history":[{"count":0,"href":"https:\/\/dmsjuridica.com\/buscador_20179478954\/salapenalcronologico20230723\/wp-json\/wp\/v2\/posts\/7450\/revisions"}],"wp:attachment":[{"href":"https:\/\/dmsjuridica.com\/buscador_20179478954\/salapenalcronologico20230723\/wp-json\/wp\/v2\/media?parent=7450"}],"wp:term":[{"taxonomy":"category","embeddable":true,"href":"https:\/\/dmsjuridica.com\/buscador_20179478954\/salapenalcronologico20230723\/wp-json\/wp\/v2\/categories?post=7450"},{"taxonomy":"post_tag","embeddable":true,"href":"https:\/\/dmsjuridica.com\/buscador_20179478954\/salapenalcronologico20230723\/wp-json\/wp\/v2\/tags?post=7450"}],"curies":[{"name":"wp","href":"https:\/\/api.w.org\/{rel}","templated":true}]}}