{"id":738,"date":"2023-09-07T20:38:53","date_gmt":"2023-09-07T20:38:53","guid":{"rendered":"https:\/\/dmsjuridica.com\/buscador_20179478954\/salapenalcronologico20230723\/2023\/09\/07\/12208-18-06-97\/"},"modified":"2023-09-07T20:38:53","modified_gmt":"2023-09-07T20:38:53","slug":"12208-18-06-97","status":"publish","type":"post","link":"https:\/\/dmsjuridica.com\/buscador_20179478954\/salapenalcronologico20230723\/2023\/09\/07\/12208-18-06-97\/","title":{"rendered":"12208 (18-06-97)"},"content":{"rendered":"\n<p>\u00a0 \u00a0 \u00a0\u00a0<\/p>\n<p>INJURIA\/ \u00a0 \u00a0 CALUMNIA\/ \u00a0 \u00a0 CONGRESISTA\/ \u00a0INMUNIDAD \u00a0\u00a0<\/p>\n<p>La \u00a0inmunidad \u00a0respecto de las expresiones de \u00a0los \u00a0 congresistas \u00a0al \u00a0interior \u00a0de \u00a0sus \u00a0respectivas \u00a0c\u00e1maras \u00a0desarrolla \u00a0el \u00a0principio \u00a0de \u00a0la autonom\u00eda y el equilibrio de las Ramas del Poder P\u00fablico, lo \u00a0que\u00a0 \u00a0\u00a0<\/p>\n<p>&#8220;&#8230; \u00a0exige \u00a0la presencia de mecanismos que a \u00a0manera \u00a0de\u00a0 \u00a0balanzas, \u00a0controlen y regulen el ejercicio del poder para que \u00a0no \u00a0se \u00a0torne \u00a0absoluto \u00a0y \u00a0arbitrario \u00a0en \u00a0unos \u00a0casos \u00a0o \u00a0ca\u00f3tico \u00a0en otros&#8221;. \u00a0\u00a0<\/p>\n<p>&#8220;En \u00a0este orden de ideas es que se concibe la \u00a0actividad \u00a0parlamentaria \u00a0como expresi\u00f3n de las luchas pol\u00edticas; all\u00ed tienen \u00a0su \u00a0escenario \u00a0natural \u00a0los \u00a0diferentes \u00a0grupos \u00a0pol\u00edticos, los que apoyan a un \u00a0gobierno \u00a0determinado \u00a0y \u00a0los \u00a0que \u00a0lo \u00a0combaten \u00a0y \u00a0controlan; \u00a0dentro \u00a0de \u00a0esa \u00a0concepci\u00f3n \u00a0se \u00a0entiende, \u00a0entre \u00a0otras \u00a0cosas \u00a0la \u00a0atribuci\u00f3n \u00a0que tienen las \u00a0C\u00e1maras \u00a0 al \u00a0citar \u00a0a \u00a0los \u00a0miembros \u00a0del \u00a0gobierno \u00a0para \u00a0que \u00a0expliquen \u00a0sus \u00a0actividades, \u00a0de \u00a0iniciar \u00a0debates \u00a0y \u00a0cuestionar \u00a0actuaciones \u00a0en \u00a0la m\u00e1s sana \u00a0cr\u00edtica purificadora. \u00a0\u00a0<\/p>\n<p>&#8220;La \u00a0vitalidad \u00a0de un sistema pol\u00edtico est\u00e1 \u00a0\u00edntimamente \u00a0relacionada \u00a0con \u00a0estas pr\u00e1cticas democr\u00e1ticas que imponen\u00a0 \u00a0el \u00a0riguroso \u00a0control \u00a0del \u00a0ejercicio \u00a0del \u00a0poder, la posibilidad de la denuncia \u00a0oportuna \u00a0de las malas pr\u00e1cticas y de los comportamientos viciosos. Es por ello \u00a0propio \u00a0de \u00a0los \u00a0sistemas \u00a0democr\u00e1ticos \u00a0la \u00a0necesaria \u00a0disponibilidad \u00a0de \u00a0los \u00a0funcionarios \u00a0 que \u00a0como \u00a0en \u00a0una \u00a0vitrina \u00a0p\u00fablica \u00a0sean \u00a0examinados \u00a0por \u00a0sus \u00a0actuaciones permanentemente sin tapujos y sin contemplaciones&#8221;. \u00a0\u00a0<\/p>\n<p>&#8220;Es precisamente dentro de ese marco, donde se \u00a0entiende \u00a0el \u00a0art\u00edculo \u00a0106 \u00a0de \u00a0la \u00a0Constituci\u00f3n \u00a0(hoy 185 se aclara), que le \u00a0garantiza \u00a0a \u00a0los \u00a0Senadores \u00a0y \u00a0Representantes el ejercicio de su actividad con \u00a0libertad, \u00a0 sin \u00a0 temores \u00a0 al \u00a0 emitir \u00a0sus \u00a0votos \u00a0y \u00a0opiniones, \u00a0sujet\u00e1ndose \u00a0l\u00f3gicamente \u00a0al \u00a0decoro \u00a0y \u00a0la \u00a0decencia por cuya violaci\u00f3n deber\u00e1n responder \u00a0ante \u00a0su propia C\u00e1mara. Se trata de una prerrogativa, de un privilegio y de una \u00a0facultad \u00a0de los parlamentarios, en el sentido de que no ser\u00e1n responsables por \u00a0sus \u00a0votos \u00a0y opiniones en el ejercicio de su cargo y que podr\u00e1n decir cosas en \u00a0ocasiones \u00a0urticantes y molestas, sin responsabilidad, en el cumplimiento de sus \u00a0activida-des.&#8221; \u00a0(cfr.: \u00a0auto \u00a0de \u00a0septiembre \u00a06 \u00a0de 1988, Magistrado Ponente Dr. \u00a0Rodolfo Mantilla J\u00e1come). \u00a0\u00a0<\/p>\n<p>Cierto \u00a0es, pues, como queda dicho, que en el \u00a0ejercicio \u00a0de esta actividad puede haber lugar a excesos verbales, y no dif\u00edcil \u00a0reconocer \u00a0que \u00a0en \u00a0ellos \u00a0podr\u00eda \u00a0llegarse \u00a0hasta \u00a0la \u00a0imputaci\u00f3n \u00a0de \u00a0hechos \u00a0deshonrosos \u00a0o de conductas delictivas. No obstante, la comprensi\u00f3n cabal de la \u00a0inmunidad \u00a0impide \u00a0la \u00a0coincidencia \u00a0a \u00a0un \u00a0mismo \u00a0tiempo \u00a0de la tolerancia y la \u00a0punibilidad \u00a0de \u00a0esas \u00a0conductas, \u00a0salvo \u00a0la \u00a0intervenci\u00f3n de la propia c\u00e1mara \u00a0donde \u00a0los \u00a0posibles \u00a0agravios \u00a0fuesen hechos, pues lo contrario se opondr\u00eda al \u00a0precepto constitucional del art\u00edculo 185 que ha quedado invocado. \u00a0\u00a0<\/p>\n<p>RAD. 12208 \u00a0<\/p>\n<p>\u00a0 \u00a0\u00a0 \u00a0\u00a0 \u00a0\u00a0CORTE SUPREMA DE JUSTICIA \u00a0\u00a0<\/p>\n<p>\u00a0 \u00a0\u00a0 \u00a0\u00a0 \u00a0\u00a0SALA DE CASACION PENAL \u00a0\u00a0<\/p>\n<p>\u00a0 \u00a0\u00a0 \u00a0\u00a0 \u00a0\u00a0 \u00a0\u00a0 \u00a0\u00a0 \u00a0\u00a0 \u00a0\u00a0 \u00a0\u00a0 \u00a0\u00a0 \u00a0 \u00a0 \u00a0 \u00a0 \u00a0 \u00a0Magistrado \u00a0 \u00a0 Ponente \u00a0Dr.: \u00a0\u00a0<\/p>\n<p>\u00a0 \u00a0\u00a0 \u00a0\u00a0 \u00a0\u00a0 \u00a0\u00a0 \u00a0\u00a0 \u00a0\u00a0 \u00a0\u00a0 \u00a0\u00a0 \u00a0\u00a0 \u00a0 \u00a0 \u00a0 \u00a0 \u00a0\u00a0JUAN \u00a0 \u00a0MANUEL \u00a0 \u00a0TORRES \u00a0FRESNEDA \u00a0\u00a0<\/p>\n<p>\u00a0 \u00a0\u00a0 \u00a0\u00a0 \u00a0\u00a0 \u00a0\u00a0 \u00a0\u00a0 \u00a0\u00a0 \u00a0\u00a0 \u00a0\u00a0 \u00a0\u00a0 \u00a0 \u00a0 \u00a0 \u00a0Aprobado \u00a0Acta \u00a0No.67 \u00a0(junio \u00a017\/97) \u00a0\u00a0<\/p>\n<p>\u00a0 \u00a0\u00a0 \u00a0\u00a0 \u00a0 \u00a0\u00a0 \u00a0\u00a0 \u00a0\u00a0 \u00a0\u00a0 \u00a0\u00a0 \u00a0\u00a0 \u00a0 \u00a0 \u00a0 \u00a0Santaf\u00e9 \u00a0de \u00a0Bogot\u00e1, \u00a0D.C. \u00a0dieciocho (18) de junio de mil novecientos noventa y siete (1997). \u00a0\u00a0<\/p>\n<p>\u00a0 \u00a0\u00a0 \u00a0\u00a0 \u00a0V I S T O S : \u00a0\u00a0<\/p>\n<p>\u00a0 \u00a0\u00a0 \u00a0\u00a0 \u00a0 \u00a0\u00a0 \u00a0\u00a0 \u00a0\u00a0 \u00a0\u00a0 \u00a0\u00a0 \u00a0\u00a0 \u00a0\u00a0 \u00a0\u00a0Define \u00a0la \u00a0Sala si la querella \u00a0formulada \u00a0por \u00a0el \u00a0doctor \u00a0Pedro \u00a0Juan Moreno Villa, Secretario de Gobierno del \u00a0Departamento \u00a0de \u00a0Antioquia, \u00a0otorga fundamento para la apertura de instrucci\u00f3n \u00a0penal \u00a0en \u00a0contra \u00a0del \u00a0Senador de la Rep\u00fablica doctor FABIO VALENCIA COSSIO, a \u00a0quien \u00a0le \u00a0imputa \u00a0la \u00a0comisi\u00f3n \u00a0de \u00a0los \u00a0delitos \u00a0de \u00a0injuria, calumnia, falso \u00a0testimonio \u00a0y otros que pudiera haber cometido en la realizaci\u00f3n de la conducta \u00a0que a continuaci\u00f3n se indica: \u00a0\u00a0<\/p>\n<p>\u00a0 \u00a0\u00a0 \u00a0\u00a0 \u00a0H E C H O S : \u00a0\u00a0<\/p>\n<p>\u00a0 \u00a0\u00a0 \u00a0\u00a0 \u00a0 \u00a0\u00a0 \u00a0\u00a0 \u00a0\u00a0 \u00a0\u00a0 \u00a0\u00a0 \u00a0\u00a0 \u00a0\u00a0 \u00a0\u00a0Expresa \u00a0el enterante que en el \u00a0diario \u00a0El \u00a0Colombiano de la ciudad de Medell\u00edn, edici\u00f3n del d\u00eda 28 de agosto \u00a0de \u00a01995, \u00a0se transcribieron algunas opiniones del Senador FABIO VALENCIA COSSIO \u00a0relacionadas \u00a0con \u00a0los \u00a0problemas \u00a0de violencia vividos en la regi\u00f3n del Urab\u00e1 \u00a0Antioque\u00f1o, \u00a0censurando \u00a0al \u00a0Gobierno \u00a0Departamental \u00a0por \u00a0el \u00a0manejo del orden \u00a0p\u00fablico \u00a0en \u00a0dicha zona, ya que en su criterio, la creaci\u00f3n de asociaciones de \u00a0civiles \u00a0armados \u00a0solo \u00a0conduce \u00a0a \u00a0la \u00a0generaci\u00f3n \u00a0de \u00a0m\u00e1s violen\u00adcia. \u00a0\u00a0<\/p>\n<p>\u00a0 \u00a0\u00a0 \u00a0\u00a0 \u00a0 \u00a0\u00a0 \u00a0\u00a0 \u00a0\u00a0 \u00a0\u00a0 \u00a0\u00a0 \u00a0\u00a0 \u00a0\u00a0 \u00a0Este comentario hac\u00eda referencia \u00a0al \u00a0debate \u00a0que \u00a0se \u00a0realizar\u00eda \u00a0en sesi\u00f3n plenaria ordinaria del Senado de la \u00a0Rep\u00fabli\u00adca el d\u00eda 29 de \u00a0agosto \u00a0de \u00a01995 \u00a0donde \u00a0se \u00a0abord\u00f3 \u00a0el \u00a0tema \u00a0de \u00a0la \u00a0violencia \u00a0en \u00a0el Urab\u00e1 \u00a0Antioque\u00f1o, \u00a0con \u00a0la \u00a0presencia \u00a0( \u00a0y \u00a0a\u00fan \u00a0la \u00a0audiencia informal) del se\u00f1or \u00a0Gobernador \u00a0 \u00a0 de \u00a0 \u00a0aquel \u00a0 \u00a0Departa\u00admento \u00a0doctor \u00a0Alvaro \u00a0Uribe \u00a0V\u00e9lez, ocasi\u00f3n en la cual el se\u00f1or \u00a0Senador \u00a0ahora \u00a0denunciado \u00a0tuvo \u00a0oportunidad \u00a0de \u00a0criticar \u00a0el \u00a0manejo \u00a0de \u00a0las \u00a0pol\u00edticas \u00a0gubernamentales, \u00a0atribuyendo \u00a0a \u00a0la \u00a0creaci\u00f3n \u00a0de las Cooperativas \u00a0Convivir \u00a0 creadas \u00a0 por \u00a0 la \u00a0Presiden\u00adcia \u00a0 \u00a0de \u00a0 la \u00a0 Rep\u00fabli\u00adca \u00a0el \u00a0convertirse \u00a0en \u00a0el \u00a0&#8220;disfraz \u00a0que se est\u00e1 utilizando para \u00a0fomentar, \u00a0 \u00a0 par \u00a0 \u00a0 inducir \u00a0 \u00a0 a \u00a0 \u00a0 que \u00a0 \u00a0haya \u00a0 \u00a0paramilitaris\u00admo \u00a0y \u00a0unas \u00a0autodefensas \u00a0que \u00a0est\u00e1n \u00a0creando \u00a0 \u00a0la \u00a0 \u00a0agudizaci\u00f3n \u00a0 \u00a0de \u00a0 \u00a0la \u00a0 guerra \u00a0 en \u00a0 el \u00a0 Departamento \u00a0 de \u00a0Antioquia&#8221;. \u00a0\u00a0<\/p>\n<p>\u00a0 \u00a0\u00a0 \u00a0\u00a0 \u00a0 \u00a0\u00a0 \u00a0\u00a0 \u00a0\u00a0 \u00a0\u00a0 \u00a0\u00a0 \u00a0\u00a0 \u00a0\u00a0 \u00a0\u00a0Tales hechos, seg\u00fan entiende el \u00a0querellante, \u00a0y \u00a0en especial su condici\u00f3n de orientador y promotor de grupos al \u00a0margen \u00a0de \u00a0la \u00a0ley \u00a0se \u00a0le \u00a0imputaron por el congresista de manera tendenciosa, \u00a0adicion\u00e1ndole \u00a0antecedentes \u00a0mendaces, \u00a0todo \u00a0lo \u00a0cual \u00a0le ha ocasionado graves \u00a0perjuicios \u00a0de \u00a0orden \u00a0moral \u00a0y \u00a0evidentes \u00a0riesgos \u00a0para \u00a0su \u00a0vida \u00a0y \u00a0la de su \u00a0familia. \u00a0\u00a0<\/p>\n<p>\u00a0 \u00a0\u00a0 \u00a0\u00a0 \u00a0 \u00a0\u00a0 \u00a0\u00a0 \u00a0\u00a0 \u00a0\u00a0 \u00a0\u00a0 \u00a0\u00a0 \u00a0\u00a0 \u00a0\u00a0A su denuncia inicial a\u00f1adir\u00eda \u00a0luego \u00a0el quejoso otros hechos incluidos en sucesivas ampliaciones, relacionados \u00a0siempre \u00a0con el invocado debate parlamentario, sus proyecciones y consecuencias, \u00a0mediante \u00a0escritos (septiembre 4, octubre 3 y diciembre 10 de 1996, y enero 17 y \u00a0febrero \u00a024 \u00a0del corriente a\u00f1o), que m\u00e1s a espacio ser\u00e1n motivo de an\u00e1lisis, \u00a0pero \u00a0en \u00a0los \u00a0cuales \u00a0extiende \u00a0sus \u00a0reparos al tambi\u00e9n senador doctor Hern\u00e1n \u00a0Motta \u00a0Motta, \u00a0a \u00a0la \u00a0esposa del Senador Juan Camilo Restrepo, periodista Mar\u00eda \u00a0Teresa \u00a0 \u00a0Herr\u00e1n, \u00a0 \u00a0insistiendo \u00a0 \u00a0en \u00a0 \u00a0las \u00a0 \u00a0graves \u00a0 consecuen\u00adcias \u00a0que \u00a0las \u00a0diatribas \u00a0del \u00a0doctor \u00a0VALENCIA \u00a0han \u00a0generado \u00a0en \u00a0su \u00a0contra, al tiempo que insin\u00faa que otra Sala de \u00a0esta \u00a0Corte, la Fiscal\u00eda y otras instancias judiciales han valorado de graves y \u00a0penalmente \u00a0reprochables \u00a0las \u00a0afirmaciones \u00a0hechas \u00a0en \u00a0su intervenci\u00f3n por el \u00a0querellado, \u00a0en \u00a0tanto \u00a0que \u00a0la \u00a0Fiscal\u00eda \u00a0exoner\u00f3 \u00a0al \u00a0doctor Moreno Villa de \u00a0cualquier \u00a0comporta\u00admiento \u00a0penal \u00a0 que \u00a0hubiera \u00a0podido \u00a0inferirse \u00a0de \u00a0las \u00a0afirmaciones \u00a0lanzadas \u00a0en \u00a0su \u00a0contra. \u00a0\u00a0<\/p>\n<p>\u00a0 \u00a0\u00a0 \u00a0 \u00a0L \u00a0A \u00a0S\u00a0\u00a0 \u00a0P \u00a0R \u00a0U E B A S\u00a0\u00a0 A L L E G A D A S \u00a0: \u00a0\u00a0<\/p>\n<p>\u00a0 \u00a0\u00a0 \u00a0 \u00a0 \u00a0\u00a0 \u00a0\u00a0 \u00a0\u00a0 \u00a0\u00a0 \u00a0 \u00a0\u00a0 \u00a0\u00a0 \u00a0\u00a01.- Los elementos de juicio que \u00a0llevar\u00e1n \u00a0a adoptar la decisi\u00f3n que en derecho corresponda cuentan como primer \u00a0supuesto \u00a0con prueba documental sobre la vinculaci\u00f3n actual del doctor VALENCIA \u00a0COSSIO \u00a0como \u00a0Senador \u00a0de \u00a0la Rep\u00fablica, elegido y posesionado para el per\u00edodo \u00a0constitu\u00adcional de 1994 \u00a0a \u00a01998, hecho al cual se suma en relaci\u00f3n con las imputaciones de injuria y de \u00a0calumnia \u00a0la \u00a0formulaci\u00f3n \u00a0oportuna de la querella, en cuanto esta se recibe en \u00a0la \u00a0Secretar\u00eda \u00a0de \u00a0la \u00a0Sala \u00a0un \u00a0d\u00eda \u00a0antes \u00a0del plazo de un a\u00f1o que para su \u00a0presentaci\u00f3n \u00a0 \u00a0fija \u00a0 el \u00a0 art\u00edculo \u00a0 32 \u00a0 del \u00a0 C\u00f3digo \u00a0 de \u00a0 Procedimiento \u00a0Penal. \u00a0\u00a0<\/p>\n<p>\u00a0 \u00a0\u00a0 \u00a0 \u00a0 \u00a0\u00a0 \u00a0\u00a0 \u00a0\u00a0 \u00a0\u00a0 \u00a0 \u00a0\u00a0 \u00a0 \u00a0 \u00a0 \u00a02.- \u00a0 Hecha \u00a0 la \u00a0 anterior \u00a0advertencia, \u00a0resulta \u00a0pertinente \u00a0realizar la puntualizaci\u00f3n y an\u00e1lisis de la \u00a0extensa \u00a0queja \u00a0que \u00a0formula \u00a0el doctor Moreno Villa y la copiosa prueba que con \u00a0ella \u00a0 se \u00a0 acompa\u00f1a, \u00a0la \u00a0cual \u00a0se \u00a0inicia \u00a0con \u00a0la \u00a0advertencia, \u00a0debidamente \u00a0demostrada, \u00a0de \u00a0ser \u00a0el \u00a0quejoso \u00a0para \u00a0el momento de los hecho y desde el 2 de \u00a0enero \u00a0de \u00a01995 \u00a0el Secretario de Gobierno del Departamento de Antioquia, lo que \u00a0le \u00a0otorga \u00a0legitimidad \u00a0como querellante, dadas las referencias que a ese cargo \u00a0se \u00a0 \u00a0hacen \u00a0 \u00a0en \u00a0 \u00a0su \u00a0 \u00a0detrimento \u00a0 \u00a0dentro \u00a0 \u00a0de \u00a0 la \u00a0 intervenci\u00f3n \u00a0 del \u00a0parlamentario. \u00a0\u00a0<\/p>\n<p>\u00a0 \u00a0\u00a0 \u00a0 \u00a0 \u00a0\u00a0 \u00a0\u00a0 \u00a0\u00a0 \u00a0\u00a0 \u00a0 \u00a0\u00a0 \u00a0\u00a0 \u00a0\u00a0De all\u00ed se parte para indicar \u00a0que \u00a0como antece\u00addente de \u00a0la \u00a0 formulaci\u00f3n \u00a0 de \u00a0 la \u00a0 querella \u00a0 debe \u00a0 tomarse \u00a0 la \u00a0 inter\u00advenci\u00f3n \u00a0del \u00a0reclamante \u00a0ante \u00a0el \u00a0Tribunal \u00a0Superior del Distrito Judicial de Santaf\u00e9 de Bogot\u00e1, donde interpuso \u00a0una \u00a0acci\u00f3n de tutela para sus derechos fundamentales vulnerados por el Senador \u00a0FABIO \u00a0VALENCIA \u00a0COSSIO \u00a0al \u00a0afirmar, \u00a0so \u00a0pretexto del ejercicio de su funci\u00f3n \u00a0congresional, \u00a0que \u00a0el \u00a0doctor \u00a0Pedro \u00a0Juan \u00a0Moreno \u00a0actuaba como &#8220;organizador y \u00a0coordinador \u00a0de \u00a0grupos al margen de la ley, autores de masacres y protagonistas \u00a0de \u00a0violencia&#8221;, \u00a0afirmaciones \u00a0que \u00a0se \u00a0hicieron \u00a0p\u00fablicas \u00a0con la transmisi\u00f3n \u00a0televisada \u00a0 \u00a0del \u00a0 \u00a0debate \u00a0 \u00a0en \u00a0 el \u00a0 Congreso \u00a0 y \u00a0 su \u00a0 divulga\u00adci\u00f3n \u00a0 \u00a0 \u00a0 \u00a0poste\u00adrior \u00a0 por \u00a0los \u00a0medios \u00a0de \u00a0prensa \u00a0parciales \u00a0 \u00a0 \u00a0 al \u00a0 \u00a0 \u00a0 querella\u00addo. \u00a0\u00a0<\/p>\n<p>\u00a0 \u00a0\u00a0 \u00a0 \u00a0 \u00a0\u00a0 \u00a0\u00a0 \u00a0\u00a0 \u00a0\u00a0 \u00a0 \u00a0\u00a0 \u00a0 \u00a0 \u00a0\u00a0De \u00a0esta \u00a0tutela \u00a0resalta \u00a0el \u00a0formulante \u00a0que \u00a0si bien no tuvo eco en primera instancia, s\u00ed prosper\u00f3 ante la \u00a0Sala \u00a0de \u00a0Casaci\u00f3n \u00a0Civil \u00a0y \u00a0Agraria \u00a0de \u00a0la \u00a0Corte Suprema de Justicia que no \u00a0encontr\u00f3 \u00a0tolerable \u00a0el que bajo el supuesto de la inviolabilidad parlamentaria \u00a0pudiesen \u00a0conculcarse \u00a0derechos \u00a0de tanta entidad como el de la dignidad humana, \u00a0la intimidad, el buen nombre y la honra. \u00a0\u00a0<\/p>\n<p>\u00a0 \u00a0\u00a0 \u00a0 \u00a0 \u00a0\u00a0 \u00a0\u00a0 \u00a0\u00a0 \u00a0\u00a0 \u00a0 \u00a0\u00a0 \u00a0\u00a0 \u00a0\u00a0Y \u00a0si \u00a0bien con respeto por la \u00a0verdad \u00a0hist\u00f3rica \u00a0el \u00a0quejoso \u00a0admite que la Corte Constitucional no aval\u00f3 la \u00a0decisi\u00f3n \u00a0de \u00a0segunda \u00a0instancia, \u00a0ello \u00a0en \u00a0su \u00a0sentir \u00a0no signifi\u00adca \u00a0 el \u00a0 desconocimiento \u00a0 de \u00a0 la \u00a0vulneraci\u00f3n \u00a0 \u00a0 de \u00a0 \u00a0 su \u00a0 \u00a0 digni\u00addad, \u00a0la \u00a0que \u00a0se \u00a0coloc\u00f3 \u00a0al amparo en las acciones penales y de \u00a0resarci\u00admiento que desde \u00a0entonces \u00a0 \u00a0anunciaba, \u00a0 \u00a0pues \u00a0 no \u00a0 se \u00a0 podr\u00eda \u00a0 ser \u00a0 indiferente \u00a0 a \u00a0 las \u00a0extralimi\u00adtaciones \u00a0del \u00a0Congresista \u00a0cuando recurre a los agravios, como que ello se constituir\u00eda en un \u00a0verdadero abuso del derecho. \u00a0\u00a0<\/p>\n<p>\u00a0 \u00a0\u00a0 \u00a0 \u00a0 \u00a0\u00a0 \u00a0\u00a0 \u00a0\u00a0 \u00a0\u00a0 \u00a0 \u00a0\u00a0 \u00a0\u00a0 \u00a0\u00a0Seguidamente el escrito aborda \u00a0la \u00a0calificaci\u00f3n \u00a0y \u00a0trascendencia \u00a0de los hechos que el Senador le imputara al \u00a0denunciante, \u00a0 \u00a0 \u00a0 para \u00a0 \u00a0 \u00a0 resaltar \u00a0 \u00a0 \u00a0que \u00a0 \u00a0 \u00a0la \u00a0 \u00a0 \u00a0legisla\u00adci\u00f3n \u00a0nacional \u00a0describe como hecho \u00a0punible \u00a0 la \u00a0 promoci\u00f3n, \u00a0 financia\u00adci\u00f3n, \u00a0organizaci\u00f3n, \u00a0direcci\u00f3n, \u00a0fomento o ejecuci\u00f3n de actos \u00a0tendien\u00adtes \u00a0 a \u00a0 la \u00a0formaci\u00f3n \u00a0 \u00a0o \u00a0 ingreso \u00a0 a \u00a0 los \u00a0 llamados \u00a0 grupos \u00a0 paramilita\u00adres, \u00a0actividad vedada desde el a\u00f1o \u00a0de \u00a01965, \u00a0pero m\u00e1s reciente y dr\u00e1sticamente sancionada por el Decreto 1194 de \u00a01989, \u00a0lo \u00a0que \u00a0implica \u00a0que \u00a0la \u00a0imputaci\u00f3n recibida se adec\u00faa a un delito de \u00a0calumnia, \u00a0de \u00a0modo \u00a0que \u00a0de \u00a0haber \u00a0tenido \u00a0alg\u00fan respaldo o serie\u00addad \u00a0 \u00a0los \u00a0 \u00a0hechos, \u00a0 \u00a0debieron \u00a0formalizarse \u00a0 \u00a0 \u00a0 como \u00a0 \u00a0 \u00a0denuncia \u00a0 \u00a0 \u00a0ante \u00a0 \u00a0 \u00a0las \u00a0 \u00a0 \u00a0autori\u00adda\u00addes \u00a0 \u00a0 \u00a0 competen\u00adtes, \u00a0como en efecto se lo solicit\u00f3 \u00a0al aforado. \u00a0\u00a0<\/p>\n<p>\u00a0 \u00a0\u00a0 \u00a0 \u00a0 \u00a0\u00a0 \u00a0\u00a0 \u00a0\u00a0 \u00a0\u00a0 \u00a0 \u00a0\u00a0 \u00a0\u00a0 \u00a0\u00a0E ingresando m\u00e1s a fondo a la \u00a0configura\u00adci\u00f3n \u00a0de los \u00a0hechos \u00a0 \u00a0denunciados, \u00a0 \u00a0parte \u00a0 \u00a0la \u00a0 \u00a0queja \u00a0 \u00a0de \u00a0 \u00a0la \u00a0 publica\u00adci\u00f3n \u00a0que \u00a0hiciera \u00a0el \u00a0diario \u00a0El \u00a0Colombiano \u00a0el \u00a0d\u00eda \u00a028 \u00a0de agosto de 1995 al transcribir opiniones del senador \u00a0FABIO \u00a0VALENCIA \u00a0relacionadas \u00a0con \u00a0los \u00a0problemas \u00a0de \u00a0Urab\u00e1, \u00a0censurando \u00a0los \u00a0crite\u00adrios del Gobierno \u00a0departamental \u00a0respecto \u00a0del \u00a0orden \u00a0p\u00fablico, \u00a0para \u00a0advertir \u00a0que \u00a0ellos \u00a0solo \u00a0conducen a mayor violencia. \u00a0\u00a0<\/p>\n<p>\u00a0 \u00a0\u00a0 \u00a0 \u00a0 \u00a0\u00a0 \u00a0\u00a0 \u00a0\u00a0 \u00a0\u00a0 \u00a0 \u00a0\u00a0 \u00a0\u00a0 \u00a0\u00a0\u00a0 \u00a0Sin \u00a0embargo, donde se \u00a0centra \u00a0y \u00a0radicaliza el reclamo contra el comportamiento del congresal es en su \u00a0intervenci\u00f3n \u00a0en la sesi\u00f3n ordinaria del Senado del d\u00eda 29 de agosto de aquel \u00a0a\u00f1o \u00a0 en \u00a0que \u00a0el \u00a0parlamentario \u00a0debati\u00f3 \u00a0directa \u00a0y \u00a0expresamente \u00a0el \u00a0tema, \u00a0analizando \u00a0estad\u00edsticas \u00a0sobre \u00a0deten\u00adcio\u00adnes, \u00a0migraci\u00f3n, \u00a0pobreza, \u00a0abandono, \u00a0muertes \u00a0violentas, \u00a0hurtos y otras agresiones \u00a0ocurridas \u00a0en \u00a0el \u00a0Urab\u00e1 \u00a0Antioque\u00f1o, \u00a0sesi\u00f3n a la cual dice el Doctor Moreno \u00a0haber \u00a0 \u00a0concurrido \u00a0 \u00a0en \u00a0 \u00a0asocio \u00a0 \u00a0del \u00a0 Gobernador \u00a0 de \u00a0 Antio\u00adquia \u00a0doctor \u00a0Alvaro \u00a0Uribe \u00a0V\u00e9lez, \u00a0para \u00a0 \u00a0 escuchar \u00a0 \u00a0cuando \u00a0 \u00a0se \u00a0 \u00a0calificaron \u00a0 \u00a0las \u00a0 \u00a0cooperati\u00advas \u00a0 &#8220;Convivir&#8221; \u00a0como \u00a0un \u00a0disfraz \u00a0utilizado \u00a0&#8220;para \u00a0fomentar, \u00a0para \u00a0inducir \u00a0a \u00a0que halla un paramili\u00adtarismo \u00a0y \u00a0unas \u00a0autodefensas \u00a0que \u00a0est\u00e1n creando la agudizaci\u00f3n de la guerra&#8230;&#8221;(sic). \u00a0\u00a0<\/p>\n<p>\u00a0 \u00a0\u00a0 \u00a0 \u00a0 \u00a0\u00a0 \u00a0\u00a0 \u00a0\u00a0 \u00a0\u00a0 \u00a0 \u00a0\u00a0 \u00a0\u00a0 \u00a0\u00a0A\u00f1ade que el senador inst\u00f3 al \u00a0Gobernador \u00a0all\u00ed \u00a0presente para que expresara su desacuerdo con el armamentismo \u00a0propuesto \u00a0por \u00a0su \u00a0Secretario, \u00a0que \u00a0con la orientaci\u00f3n dada a los Inspectores \u00a0Departamentales \u00a0generaba \u00a0los grupos de autodefensa, pasando luego a instigar a \u00a0su \u00a0colega \u00a0el \u00a0Senador Hern\u00e1n Motta Motta, quien prosigui\u00f3 dentro de la misma \u00a0l\u00ednea \u00a0de \u00a0ataques, \u00a0al \u00a0punto \u00a0de llevar al compa\u00f1ero de bancada Senador Luis \u00a0Guillermo \u00a0 V\u00e9lez \u00a0 a \u00a0 censurar \u00a0 el \u00a0 lenguaje \u00a0que \u00a0estaban \u00a0utilizando \u00a0sus \u00a0colegas. \u00a0\u00a0<\/p>\n<p>\u00a0 \u00a0\u00a0 \u00a0 \u00a0 \u00a0\u00a0 \u00a0\u00a0 \u00a0\u00a0 \u00a0\u00a0 \u00a0 \u00a0\u00a0 \u00a0\u00a0 \u00a0\u00a0Resalta la intervenci\u00f3n que se \u00a0le \u00a0permiti\u00f3 \u00a0al \u00a0Gobernador, \u00a0una \u00a0vez \u00a0se convino en restarle para ese fin su \u00a0formalidad \u00a0 a \u00a0 la \u00a0sesi\u00f3n, \u00a0y \u00a0la \u00a0r\u00e9plica \u00a0que \u00a0hizo \u00a0el \u00a0mandatario \u00a0a \u00a0la \u00a0menti\u00adra, \u00a0 \u00a0 la \u00a0desinformaci\u00f3n \u00a0y \u00a0la deshonra a la que hab\u00edan recurrido los oradores frente a \u00a0los \u00a0canales \u00a0de \u00a0la televisi\u00f3n que captaban el debate, apuntando al margen que \u00a0de \u00a0all\u00ed \u00a0precisamente surgieron actitudes de los partidarios pol\u00edticos de los \u00a0doctores \u00a0Motta \u00a0y \u00a0Valencia \u00a0y \u00a0de otros sectores, con el coro de los medios de \u00a0prensa, \u00a0que \u00a0redundaron \u00a0en \u00a0amenazas, an\u00f3nimos, y hasta en la solicitud de su \u00a0renuncia, \u00a0surti\u00e9n\u00addose \u00a0a \u00a0 nivel \u00a0 de \u00a0 la \u00a0Asamblea \u00a0Departamental \u00a0otros \u00a0debates \u00a0parale\u00adlos. \u00a0\u00a0<\/p>\n<p>\u00a0 \u00a0\u00a0 \u00a0 \u00a0 \u00a0\u00a0 \u00a0\u00a0 \u00a0\u00a0 \u00a0\u00a0 \u00a0 \u00a0\u00a0 \u00a0 \u00a0 \u00a0\u00a0\u00a0 \u00a0Abriendo \u00a0otro \u00a0punto \u00a0dentro \u00a0de \u00a0la \u00a0formulaci\u00f3n de los hechos, el querellante aduce que de all\u00ed en \u00a0adelante \u00a0se inici\u00f3 en su contra una campa\u00f1a difamatoria de la cual hizo parte \u00a0una \u00a0denuncia formulada el 20 de marzo de 1996 por el Senador VALENCIA en contra \u00a0suya, \u00a0y \u00a0de \u00a0la \u00a0cual conocer\u00eda la Fiscal\u00eda 58 Delegada de Medell\u00edn, en cuya \u00a0ratificaci\u00f3n \u00a0 \u00a0 hizo \u00a0 \u00a0 el \u00a0 \u00a0 aforado \u00a0 \u00a0afirmaciones \u00a0 \u00a0mentiro\u00adsas \u00a0que \u00a0lo \u00a0har\u00edan \u00a0incurso en el \u00a0delito \u00a0de \u00a0falso \u00a0testimonio \u00a0al insinuar que el doctor Pedro Juan Moreno Villa \u00a0era \u00a0un \u00a0sujeto \u00a0mat\u00f3n, \u00a0peligroso \u00a0y \u00a0paramilitar, \u00a0para lo cual pidi\u00f3 que se \u00a0escuchara a un testigo sin rostro. \u00a0\u00a0<\/p>\n<p>\u00a0 \u00a0\u00a0 \u00a0 \u00a0 \u00a0\u00a0 \u00a0\u00a0 \u00a0\u00a0 \u00a0\u00a0 \u00a0 \u00a0\u00a0 \u00a0\u00a0 \u00a0M\u00e1s adelante el doctor VALENCIA \u00a0COSSIO \u00a0se rectifi\u00adcar\u00eda \u00a0parcialmente \u00a0de \u00a0lo \u00a0dicho, \u00a0con \u00a0lo \u00a0que se comprueba su mendacidad y al mismo \u00a0tiempo \u00a0la \u00a0transgresi\u00f3n \u00a0que hizo de la ley penal, hecho ocurrido al margen de \u00a0la \u00a0 \u00a0 \u00a0 invocada \u00a0 \u00a0 \u00a0 inviolabi\u00adlidad \u00a0 \u00a0 \u00a0parlamenta\u00adria. \u00a0\u00a0<\/p>\n<p>\u00a0 \u00a0\u00a0 \u00a0 \u00a0 \u00a0\u00a0 \u00a0\u00a0 \u00a0\u00a0 \u00a0\u00a0 \u00a0 \u00a0\u00a0 \u00a0\u00a0 \u00a0Al valorar estas afirmaciones al \u00a0lado \u00a0del \u00a0testimonio \u00a0de los diputados seguidores del ahora querellado (quienes \u00a0reconocieron \u00a0que \u00a0la \u00a0\u00fanica amenaza conocida en contra del doctor VALENCIA era \u00a0la \u00a0contenida \u00a0en \u00a0un \u00a0panfleto \u00a0que \u00a0\u00e9ste \u00a0exhib\u00eda \u00a0y ofrec\u00eda como excusa de \u00a0temores \u00a0para \u00a0no \u00a0acompa\u00f1ar \u00a0sus visitas por algunos municipios), la Fiscal\u00eda \u00a0estableci\u00f3 \u00a0la \u00a0inocencia \u00a0del doctor Pedro Juan Moreno y profiri\u00f3 en su favor \u00a0una \u00a0 \u00a0resolu\u00adci\u00f3n \u00a0inhibito\u00adria. \u00a0\u00a0<\/p>\n<p>\u00a0 \u00a0\u00a0 \u00a0 \u00a0 \u00a0\u00a0 \u00a0\u00a0 \u00a0\u00a0 \u00a0\u00a0 \u00a0 \u00a0\u00a0 \u00a0\u00a0 \u00a0De all\u00ed en adelante, el quejoso \u00a0alude \u00a0para \u00a0reprocharlas, \u00a0a \u00a0la \u00a0actitud \u00a0asumida por otros dirigentes como la \u00a0se\u00f1ora \u00a0 A\u00edda \u00a0Abella \u00a0Esquivel \u00a0que \u00a0hicieron \u00a0eco \u00a0al \u00a0debate \u00a0del \u00a0congreso \u00a0reclamando \u00a0su \u00a0desvinculaci\u00f3n \u00a0ante \u00a0el \u00a0Gobernador \u00a0del \u00a0Departamento, \u00a0a \u00a0la \u00a0publicaci\u00f3n \u00a0de \u00a0un editorial del diario El Colombiano, \u00f3rgano que dice afecto \u00a0al \u00a0querellado, \u00a0donde \u00a0le \u00a0enrostran \u00a0duros \u00a0ep\u00edtetos \u00a0como \u00a0los \u00a0de b\u00e1rbaro, \u00a0desp\u00f3tico, \u00a0extremista \u00a0y \u00a0violento, \u00a0y \u00a0a \u00a0una \u00a0constancia \u00a0que se dej\u00f3 en la \u00a0Asamblea \u00a0del \u00a0Departamento, \u00a0entidades \u00a0a las cuales se vio impuesto a replicar \u00a0oportunamente. \u00a0\u00a0<\/p>\n<p>\u00a0 \u00a0\u00a0 \u00a0 \u00a0 \u00a0\u00a0 \u00a0\u00a0 \u00a0\u00a0 \u00a0\u00a0 \u00a0 \u00a0\u00a0 \u00a0 \u00a0 \u00a0 \u00a0Ya \u00a0terminando \u00a0agrega \u00a0como \u00a0&#8220;hechos \u00a0Especiales&#8221; \u00a0que \u00a0el \u00a0Senador \u00a0VALENCIA \u00a0le \u00a0dirigi\u00f3 a la Fiscal\u00eda el \u00a0oficio \u00a01926 \u00a0del \u00a029 \u00a0de \u00a0abril \u00a0de \u00a01996 \u00a0incurriendo \u00a0en \u00a0afirmaciones que no \u00a0concuerdan \u00a0con \u00a0la realidad, sobre los cuales trata en la denuncia que formul\u00f3 \u00a0despu\u00e9s \u00a0al \u00a0doctor \u00a0Moreno \u00a0Villa, \u00a0sugiriendo \u00a0que la Procuradur\u00eda lo hab\u00eda \u00a0investigado \u00a0por paramilitar, siendo que la supuesta averiguaci\u00f3n se refer\u00eda a \u00a0unos \u00a0socios \u00a0de \u00a0Fadeg\u00e1n, \u00a0no \u00a0al \u00a0querellante, imprecisiones que adicion\u00f3 al \u00a0sostener \u00a0que \u00a0hab\u00eda conocido de una carta porque el &#8220;Se\u00f1or Moreno Villa&#8221;se la \u00a0hab\u00eda \u00a0enviado, \u00a0cuando \u00a0el \u00a0aqu\u00ed quejoso se hab\u00eda limitado a remitirle copia \u00a0para \u00a0 su \u00a0conocimiento, \u00a0mas \u00a0no \u00a0a \u00a0otorgarle \u00a0autenticidad, \u00a0como \u00a0afirma \u00a0la \u00a0denun\u00adcia. \u00a0\u00a0<\/p>\n<p>\u00a0 \u00a0\u00a0 \u00a0 \u00a0 \u00a0\u00a0 \u00a0\u00a0 \u00a0\u00a0 \u00a0\u00a0 \u00a0 \u00a0\u00a0 \u00a0\u00a0 \u00a0\u00a0Despu\u00e9s de analizar versiones \u00a0de \u00a0las \u00a0que \u00a0entiende \u00a0el doctor Moreno que surgen las contradiccio\u00adnes \u00a0del doctor VALENCIA COSSIO ante \u00a0la \u00a0Fiscal\u00eda, termina insistiendo\u00a0 en los apartes de la intervenci\u00f3n ante \u00a0el \u00a0Senado \u00a0en \u00a0que \u00a0a \u00a0su juicio se le imputan nexos con el paramilitarismo, la \u00a0r\u00e9plica \u00a0del \u00a0se\u00f1or \u00a0Gobernador, \u00a0un \u00a0oficio \u00a0del \u00a0Congresista \u00a0al Tribunal de \u00a0Santaf\u00e9 \u00a0de \u00a0Bogot\u00e1 \u00a0con \u00a0motivo \u00a0de \u00a0la \u00a0tutela \u00a0del \u00a0doctor Moreno Villa, la \u00a0intervenci\u00f3n \u00a0de \u00a0este \u00a0\u00faltimo \u00a0al \u00a0impugnar \u00a0el fallo de tutela, las amenazas \u00a0surgidas \u00a0contra \u00a0el \u00a0Gobernador \u00a0y \u00a0el \u00a0quejoso \u00a0a \u00a0ra\u00edz \u00a0de \u00a0las palabras del \u00a0denuncia\u00addo, incluyendo \u00a0una \u00a0 \u00a0 \u00a0 copiosa \u00a0 \u00a0 \u00a0relaci\u00f3n \u00a0 \u00a0 \u00a0del \u00a0 \u00a0 \u00a0material \u00a0 \u00a0 \u00a0probato\u00adrio \u00a0 \u00a0que \u00a0 \u00a0va \u00a0 apoyando \u00a0 cada \u00a0item. \u00a0\u00a0<\/p>\n<p>\u00a0 \u00a0\u00a0 \u00a0 \u00a0 \u00a0\u00a0 \u00a0\u00a0 \u00a0\u00a0 \u00a0\u00a0 \u00a0 \u00a0\u00a0 \u00a0\u00a0 \u00a0\u00a0Las subsiguientes ampliaciones \u00a0del \u00a0doctor \u00a0Moreno \u00a0Villa \u00a0no \u00a0modifican \u00a0en su esencia la extensa e incipiente \u00a0queja aqu\u00ed relacionada: \u00a0\u00a0<\/p>\n<p>\u00a0 \u00a0\u00a0 \u00a0 \u00a0 \u00a0\u00a0 \u00a0\u00a0 \u00a0\u00a0 \u00a0\u00a0 \u00a0 \u00a0\u00a0 \u00a0 \u00a0 \u00a0 \u00a0En \u00a0la \u00a0primera \u00a0analiza \u00a0la \u00a0decisi\u00f3n \u00a0inhibitoria de la Fiscal\u00eda Regional de Medell\u00edn del 28 de agosto de \u00a01996, \u00a0sobre \u00a0una \u00a0solicitud \u00a0del \u00a0doctor \u00a0Moreno Villa quien reclam\u00f3 que se le \u00a0investigara \u00a0 como \u00a0 presunto \u00a0 promotor, \u00a0 financiador \u00a0u \u00a0organiza\u00addor \u00a0de grupos paramilitares, frente \u00a0a \u00a0la \u00a0imputaci\u00f3n \u00a0que \u00a0hac\u00edan en el debate televisado los doctores VALENCIA y \u00a0Motta \u00a0Motta, auto del cual subraya la calificaci\u00f3n fiscal de graves que se dan \u00a0a \u00a0las \u00a0quejas, \u00a0y c\u00f3mo ninguno de los congresistas\u00a0 presentaba pruebas en \u00a0contra del doctor Moreno Villa. \u00a0\u00a0<\/p>\n<p>\u00a0 \u00a0\u00a0 \u00a0 \u00a0 \u00a0\u00a0 \u00a0\u00a0 \u00a0\u00a0 \u00a0\u00a0 \u00a0 \u00a0\u00a0 \u00a0\u00a0 \u00a0\u00a0Otra \u00a0ampliaci\u00f3n \u00a0que entrega \u00a0para \u00a0 la \u00a0 misma \u00a0 fecha, \u00a0 dice \u00a0 que \u00a0 ante \u00a0 los \u00a0 calificativos \u00a0 ofensivos \u00a0utiliza\u00addos \u00a0 por \u00a0el \u00a0apoderado \u00a0del \u00a0doctor \u00a0VALENCIA \u00a0COSSIO \u00a0en \u00a0el escrito de apelaci\u00f3n contra el \u00a0inhibitorio, \u00a0el \u00a0doctor \u00a0Moreno \u00a0hab\u00eda \u00a0acusado \u00a0al \u00a0abogado Hernando Londo\u00f1o \u00a0Jim\u00e9nez \u00a0ante \u00a0el Consejo de la Judica\u00adtu\u00adra, \u00a0considerando que su lenguaje no era de recibo en un togado. \u00a0\u00a0<\/p>\n<p>\u00a0 \u00a0\u00a0 \u00a0 \u00a0 \u00a0\u00a0 \u00a0\u00a0 \u00a0\u00a0 \u00a0\u00a0 \u00a0 \u00a0\u00a0 \u00a0\u00a0 \u00a0La siguiente se dice motivada en \u00a0la \u00a0ejecutoria\u00a0 \u00a0del \u00a0auto \u00a0inhibitorio \u00a0de \u00a0la justicia regional sobre las \u00a0afirma\u00adciones del doctor \u00a0VALENCIA \u00a0 \u00a0 contra \u00a0 \u00a0 el \u00a0 \u00a0 doctor \u00a0 \u00a0 Moreno \u00a0 \u00a0 por \u00a0 \u00a0 partici\u00adpa\u00adci\u00f3n \u00a0 \u00a0presunta \u00a0 \u00a0en \u00a0 \u00a0grupos \u00a0paramilitares, \u00a0reiterando \u00a0una \u00a0vez \u00a0m\u00e1s \u00a0que \u00a0las \u00a0imputaciones deshonrosas y \u00a0calumniosas \u00a0que \u00a0le \u00a0adjudica \u00a0al \u00a0Senador \u00a0son \u00a0las de su interven\u00adci\u00f3n en la sesi\u00f3n del 29 de agosto \u00a0de \u00a01995, \u00a0algunos \u00a0de \u00a0cuyos \u00a0apartes \u00a0vuelve \u00a0a \u00a0transcribir \u00a0diciendo \u00a0que el \u00a0denunciado \u00a0 tergivers\u00f3 \u00a0 las \u00a0 expre\u00adsio\u00adnes \u00a0del \u00a0 \u00a0Secretario \u00a0 ante \u00a0 la \u00a0 Asamblea, \u00a0 pues \u00a0 mientras \u00a0 \u00e9ste \u00a0 dijo \u00a0 que \u00a0&#8220;desar\u00admar a la gente de \u00a0bien \u00a0 \u00a0 no \u00a0 \u00a0es \u00a0 \u00a0ninguna \u00a0 \u00a0solu\u00adci\u00f3n&#8221;, \u00a0 \u00a0 \u00a0 \u00a0 \u00a0el \u00a0 \u00a0 \u00a0 \u00a0 congresista \u00a0 \u00a0 \u00a0 \u00a0 preten\u00adde \u00a0que \u00a0ello \u00a0equivale \u00a0a que a &#8220;la \u00a0gente \u00a0hay \u00a0que \u00a0armarla y que la soluci\u00f3n es a sangre y fuego&#8221;.\u00a0 Tambi\u00e9n \u00a0a\u00f1ade \u00a0que \u00a0pese \u00a0haber podido rectificarse, luego de o\u00edr las aclaraciones del \u00a0Gobernador, \u00a0el \u00a0senador \u00a0VALENCIA lo que hizo fue ratificar ante la televisi\u00f3n \u00a0sus \u00a0afirmaciones \u00a0al \u00a0hacer \u00a0uso de la palabra en tercera oportunidad dentro de \u00a0aquel \u00a0debate. \u00a0Una \u00a0vez \u00a0m\u00e1s se queja de las expresiones ofensivas del abogado \u00a0del \u00a0doctor \u00a0VALENCIA \u00a0al \u00a0apelar \u00a0del \u00a0auto inhibitorio del doctor Moreno, como \u00a0tambi\u00e9n \u00a0insiste \u00a0en la &#8220;campa\u00f1a difamatoria&#8221; adelantada por los seguidores de \u00a0los \u00a0 dos \u00a0 senadores \u00a0que \u00a0lo \u00a0acusaron \u00a0en \u00a0el \u00a0debate, \u00a0recordando \u00a0de \u00a0nuevo \u00a0razonamientos \u00a0del auto inhibitorio y de las Sala de Casaci\u00f3n Civil y Agraria y \u00a0de \u00a0la \u00a0Corte \u00a0Constitucional \u00a0que \u00a0conocieron \u00a0de \u00a0la tutela del Doctor Moreno, \u00a0volviendo \u00a0a \u00a0calificar \u00a0de \u00a0punibles \u00a0las afirmaciones del doctor VALENCIA y su \u00a0intervenci\u00f3n \u00a0ante la Fiscal\u00eda al no probar los cargos ni cumplir con el deber \u00a0ciudadano \u00a0de \u00a0denun\u00adciar \u00a0las \u00a0&#8220;presuntas \u00a0actividades \u00a0al \u00a0margen \u00a0de \u00a0la \u00a0Ley \u00a0del Se\u00f1or Moreno Villa&#8221;, \u00a0tergiversando \u00a0en \u00a0cambio de modo irresponsable sus palabras y actuaciones, para \u00a0accionar \u00a0 \u00a0una \u00a0 campa\u00f1a \u00a0 difamato\u00adria en su contra. \u00a0\u00a0<\/p>\n<p>\u00a0 \u00a0\u00a0 \u00a0 \u00a0 \u00a0\u00a0 \u00a0\u00a0 \u00a0\u00a0 \u00a0\u00a0 \u00a0 \u00a0\u00a0 \u00a0 \u00a0 \u00a0 \u00a0En \u00a0 esta \u00a0ocasi\u00f3n \u00a0aporta \u00a0constancia \u00a0 \u00a0 \u00a0 de \u00a0 \u00a0 \u00a0 ejecuto\u00adria \u00a0del \u00a0auto \u00a0inhibitorio, nueva copia de la Gaceta del Congreso \u00a0con \u00a0las \u00a0intervenciones del doctor VALENCIA, y notas cruzadas con el Procurador \u00a0Regional \u00a0de \u00a0Antioquia, \u00a0reafirmando \u00a0que \u00a0a su juicio la imputaci\u00f3n contra el \u00a0senador \u00a0 \u00a0 se \u00a0 \u00a0 halla \u00a0 \u00a0 debida\u00admente \u00a0 \u00a0 \u00a0 demostra\u00adda. \u00a0\u00a0<\/p>\n<p>\u00a0 \u00a0\u00a0 \u00a0 \u00a0 \u00a0\u00a0 \u00a0\u00a0 \u00a0\u00a0 \u00a0\u00a0 \u00a0 \u00a0\u00a0 \u00a0\u00a0 \u00a0\u00a0La pen\u00faltima intervenci\u00f3n del \u00a0querellante \u00a0informa \u00a0que en la revista Alternativa y bajo la responsabilidad de \u00a0la \u00a0periodista \u00a0Mar\u00eda \u00a0Teresa \u00a0Herr\u00e1n, \u00a0esposa \u00a0del \u00a0congresista \u00a0Juan \u00a0Camilo \u00a0Restrepo \u00a0quien \u00a0es \u00a0segundo \u00a0rengl\u00f3n en la lista del Senador FABIO VALENCIA se \u00a0divulg\u00f3 \u00a0una \u00a0nueva \u00a0referencia \u00a0al debate adelantado por aquel, repitiendo los \u00a0mismos \u00a0agravios \u00a0de \u00a0ese \u00a0entonces, \u00a0por \u00a0lo \u00a0que \u00a0el \u00a0querellante \u00a0infiere \u00a0la \u00a0interven\u00adci\u00f3n o acuerdo \u00a0del \u00a0 imputado, \u00a0 de \u00a0 modo \u00a0 que \u00a0 se \u00a0 vio \u00a0 impuesto \u00a0 a \u00a0 reclamar \u00a0ante \u00a0la \u00a0informado\u00adra \u00a0y ante su \u00a0silencio, \u00a0a \u00a0querellarla \u00a0tambi\u00e9n \u00a0ante la Fiscal\u00eda. Por ello pide se llame a \u00a0declarar \u00a0a \u00a0la \u00a0se\u00f1ora Herr\u00e1n y a su esposo, como al senador Hern\u00e1n Motta, y \u00a0se \u00a0 interro\u00adgue \u00a0 al \u00a0senador \u00a0VALENCIA, estableciendo ante la Fiscal\u00eda en qu\u00e9 oficina se radic\u00f3 la \u00a0queja \u00a0en contra de la se\u00f1ora Herr\u00e1n, a fin de determinar la participaci\u00f3n de \u00a0los senadores VALENCIA y Motta. \u00a0\u00a0<\/p>\n<p>\u00a0 \u00a0\u00a0 \u00a0 \u00a0 \u00a0\u00a0 \u00a0\u00a0 \u00a0\u00a0 \u00a0\u00a0 \u00a0 \u00a0\u00a0 \u00a0 \u00a0 \u00a0 \u00a0El \u00a0 \u00faltimo \u00a0 memorial \u00a0de \u00a0ampliaci\u00f3n \u00a0precisa \u00a0que \u00a0como \u00a0consecuencias \u00a0da\u00f1inas de la inter\u00advenci\u00f3n \u00a0 del \u00a0 denunciado \u00a0se \u00a0ha \u00a0desatado \u00a0una \u00a0persecuci\u00f3n \u00a0por \u00a0diferentes \u00a0grupos \u00a0que se dicen adversos a la \u00a0actividad \u00a0 \u00a0 paramilitar, \u00a0 \u00a0 quienes \u00a0 \u00a0 acogen \u00a0 \u00a0 la \u00a0 \u00a0 hip\u00f3te\u00adsis \u00a0irresponsable de participaci\u00f3n \u00a0del \u00a0doctor \u00a0Moreno en ella. En esta ocasi\u00f3n tambi\u00e9n censura el denunciante al \u00a0apodera\u00addo que design\u00f3 \u00a0para \u00a0este \u00a0asunto el aforado, calificando de irregular el contrato de asesor\u00eda \u00a0que \u00a0hab\u00eda \u00a0celebrado \u00a0con \u00a0el \u00a0Congreso, \u00a0y \u00a0ahora \u00a0la \u00a0representaci\u00f3n que le \u00a0confiere \u00a0el \u00a0doctor VALENCIA COSSIO, hechos de los que dice ya dio informaci\u00f3n \u00a0a \u00a0 \u00a0 \u00a0 \u00a0 \u00a0la \u00a0 \u00a0 \u00a0 \u00a0 \u00a0Procura\u00addu\u00adr\u00eda, y \u00a0pide \u00a0se \u00a0tengan \u00a0como \u00a0prueba \u00a0de \u00a0las \u00a0secuelas \u00a0da\u00f1osas \u00a0a sus intereses las \u00a0m\u00faltiples amenazas recibidas. \u00a0\u00a0<\/p>\n<p>\u00a0 \u00a0\u00a0 \u00a0 \u00a0 \u00a0\u00a0 \u00a0\u00a0 \u00a0\u00a0 \u00a0\u00a0 \u00a0 \u00a0\u00a0 \u00a0\u00a0 \u00a03.- Con miras al esclarecimiento \u00a0de \u00a0los \u00a0hechos, la Sala requiri\u00f3 los testimonios por certificaci\u00f3n jurada del \u00a0se\u00f1or \u00a0Gobernador \u00a0de \u00a0Antioquia \u00a0doctor \u00a0Alvaro \u00a0Uribe V\u00e9lez lo mismo que del \u00a0Senador \u00a0de \u00a0la \u00a0Rep\u00fablica doctor Luis Guillermo V\u00e9lez Trujillo, quienes dicen \u00a0ignorar \u00a0las \u00a0relaciones \u00a0que \u00a0existen entre el denunciado doctor FABIO VALENCIA \u00a0COSSIO \u00a0y el Secretario de Gobierno de Antioquia doctor Pedro Juan Moreno Villa. \u00a0Les \u00a0consta \u00a0s\u00ed \u00a0a \u00a0los declarantes la intervenci\u00f3n del senador VALENCIA en la \u00a0plenaria \u00a0de \u00a0ese \u00a0cuerpo legislativo a la que se refiere el denunciante, dentro \u00a0del \u00a0debate all\u00ed suscitado sobre la cr\u00edtica situaci\u00f3n de Urab\u00e1, y sobre ella \u00a0a\u00f1ade \u00a0 el \u00a0 doctor \u00a0 Uribe \u00a0 V\u00e9lez \u00a0 que \u00a0 las \u00a0 palabras \u00a0 del \u00a0 aforado \u00a0se \u00a0distinguie\u00adron \u00a0por \u00a0la \u00a0agresividad \u00a0con \u00a0la \u00a0que cuestion\u00f3 las pol\u00edticas de manejo del orden p\u00fablico \u00a0en \u00a0el \u00a0Departamento \u00a0de \u00a0Antioquia, siendo coadyuvado por el tambi\u00e9n congresal \u00a0Hern\u00e1n \u00a0Motta \u00a0Motta, \u00a0para \u00a0quienes \u00a0tanto el Gobernador como su Secretario de \u00a0Gobierno \u00a0fomentaban \u00a0y \u00a0alentaban \u00a0la \u00a0creaci\u00f3n de grupos al margen de la ley, \u00a0encubiertos \u00a0bajo \u00a0la \u00a0figura de las asociaciones &#8220;Convivir&#8221;. Esa fue la raz\u00f3n, \u00a0a\u00f1ade, \u00a0por \u00a0la que el testigo intervino en ese foro para explicar el verdadero \u00a0significado \u00a0 \u00a0de \u00a0 tales \u00a0 asociacio\u00adnes, \u00a0los \u00a0alcances \u00a0de \u00a0la pol\u00edtica de su gobierno en lo tocante \u00a0con \u00a0el \u00a0manejo \u00a0del orden p\u00fablico\u00a0 y las pol\u00edticas de paz, convivencia y \u00a0seguridad \u00a0ciudadana, \u00a0destacando \u00a0all\u00ed \u00a0mismo \u00a0algunas \u00a0de \u00a0las cualidades del \u00a0doctor Moreno Villa. \u00a0\u00a0<\/p>\n<p>\u00a0 \u00a0\u00a0 \u00a0 \u00a0 \u00a0\u00a0 \u00a0\u00a0 \u00a0\u00a0 \u00a0\u00a0 \u00a0 \u00a0\u00a0 \u00a0\u00a0 \u00a0\u00a0El \u00a0Senador V\u00e9lez Trujillo se \u00a0remiti\u00f3 \u00a0en \u00a0cuanto al contenido de la intervenci\u00f3n del doctor VALENCIA COSSIO \u00a0a \u00a0la \u00a0divulgaci\u00f3n \u00a0oficial \u00a0de \u00a0su \u00a0texto \u00a0contenida en la Gaceta del Congreso \u00a0n\u00famero \u00a0271 del 1o. de septiembre de 1995 que integra en copia como parte de su \u00a0testimonio, \u00a0 a\u00f1adiendo \u00a0que \u00a0de \u00a0su \u00a0lectura \u00a0podr\u00e1 \u00a0inferirse \u00a0la \u00a0clase \u00a0de \u00a0acusaciones \u00a0lanzadas \u00a0por \u00a0su \u00a0colega \u00a0el senador VALENCIA en contra del doctor \u00a0Moreno \u00a0Villa, \u00a0y \u00a0que \u00a0nada \u00a0le \u00a0consta \u00a0sobre \u00a0una \u00a0presunta \u00a0vinculaci\u00f3n del \u00a0Secretario \u00a0de \u00a0Gobierno con organizaciones paramilitares. Tampoco conoce lo que \u00a0al \u00a0respecto \u00a0se \u00a0haya \u00a0dicho en la sesi\u00f3n de la Asamblea de Antioquia el 21 de \u00a0febrero de 1995. \u00a0\u00a0<\/p>\n<p>\u00a0 \u00a0\u00a0 \u00a0 \u00a0 \u00a0\u00a0 \u00a0\u00a0 \u00a0\u00a0 \u00a0\u00a0 \u00a0 \u00a0\u00a0 \u00a0\u00a0 \u00a0\u00a0El testimonio del se\u00f1or Oscar \u00a0Aristizabal \u00a0invocado tambi\u00e9n por parte del denunciante, nada aport\u00f3 sobre los \u00a0hechos. \u00a0\u00a0<\/p>\n<p>\u00a0 \u00a0\u00a0 \u00a0 \u00a0 \u00a0\u00a0 \u00a0\u00a0 \u00a0\u00a0 \u00a0\u00a0 \u00a0 \u00a0\u00a0 \u00a0\u00a0 \u00a04.- De la copiosa documentaci\u00f3n \u00a0allegada \u00a0por \u00a0el \u00a0querellante \u00a0para apoyo de su prol\u00edfica intervenci\u00f3n merece \u00a0destacar \u00a0que \u00a0la \u00a0publicaci\u00f3n \u00a0certificada \u00a0del diario El Colombia\u00adno \u00a0del 28 de agosto de 1995 no hizo \u00a0cosa \u00a0distinta \u00a0de \u00a0relacionar \u00a0una \u00a0actuaci\u00f3n \u00a0oficial \u00a0del congresista doctor \u00a0VALENCIA \u00a0COSSIO al advertir que \u00e9ste hab\u00eda entregado una constancia &#8220;en medio \u00a0del \u00a0debate que se adelanta en el Senado&#8221; sobre la grave situaci\u00f3n de deterioro \u00a0que \u00a0vive \u00a0el \u00a0Departamento \u00a0de \u00a0Antioquia, \u00a0&#8220;A \u00a0manera \u00a0de \u00a0abrebocas al debate \u00a0convocado por el senador Jaime Henr\u00edquez Gallo&#8221;. \u00a0\u00a0<\/p>\n<p>\u00a0 \u00a0\u00a0 \u00a0 \u00a0 \u00a0\u00a0 \u00a0\u00a0 \u00a0\u00a0 \u00a0\u00a0 \u00a0 \u00a0\u00a0 \u00a0\u00a0 \u00a0\u00a0Por \u00a0lo dem\u00e1s, el texto de la \u00a0publicaci\u00f3n \u00a0se \u00a0limita \u00a0a \u00a0reproducir \u00a0palabras del congresista que de ninguna \u00a0manera \u00a0vinculan \u00a0la \u00a0actividad \u00a0del \u00a0quejoso \u00a0con \u00a0el paramilitaris\u00admo, porque si bien se dice all\u00ed que \u00a0la \u00a0pol\u00edtica del gobierno departamental la inspira en ese \u00e1mbito el Secretario \u00a0de \u00a0Gobierno, \u00a0y \u00a0en \u00a0ella \u00a0se menciona el impulso de las cooperativas Convivir, \u00a0all\u00ed \u00a0mismo \u00a0se \u00a0apunta \u00a0que \u00a0el inter\u00e9s por armar a los ciudadanos solo puede \u00a0redundar \u00a0en \u00a0m\u00e1s \u00a0violencia e incremento de la barbarie, y adem\u00e1s podr\u00eda ser \u00a0mal \u00a0entendida \u00a0especialmente en el exterior donde &#8220;a la luz de las experiencias \u00a0pasadas, \u00a0la \u00a0promoci\u00f3n \u00a0oficial \u00a0de \u00a0autodefensas, pueden ser interpretadas en \u00a0alg\u00fan \u00a0momento como una se\u00f1al de tolerancia a la extrema derecha&#8221;, insistiendo \u00a0en \u00a0que \u00a0los \u00a0editorialistas de la prensa europea y norteamericana, lo mismo que \u00a0los \u00a0activistas \u00a0de derechos humanos &#8220;no entienden las sutiles diferencias\u00a0 \u00a0que \u00a0 existen\u00a0 \u00a0 entre \u00a0 el \u00a0 significado \u00a0de \u00a0las \u00a0palabras \u00a0autodefensas, \u00a0cooperativas \u00a0de \u00a0vigilancia \u00a0o \u00a0grupo \u00a0paramilitar&#8221;, por lo que el texto lo que \u00a0hace \u00a0 en \u00a0 esencia \u00a0 es \u00a0una \u00a0exhorta\u00adci\u00f3n \u00a0al \u00a0se\u00f1or \u00a0Gobernador para que se comprometa con una mayor \u00a0presencia \u00a0estatal \u00a0encaminada \u00a0a \u00a0restablecer \u00a0el orden en la regi\u00f3n de Urab\u00e1 \u00a0como una prioridad inaplazable. \u00a0\u00a0<\/p>\n<p>\u00a0 \u00a0\u00a0 \u00a0 \u00a0 \u00a0\u00a0 \u00a0\u00a0 \u00a0\u00a0 \u00a0\u00a0 \u00a0 \u00a0\u00a0 \u00a0\u00a0 \u00a0\u00a0Posteriormente, \u00a0y \u00a0en \u00a0cuanto \u00a0ata\u00f1e \u00a0con \u00a0la relaci\u00f3n de lo sucedido al interior de la sesi\u00f3n del martes 29 \u00a0de \u00a0agosto \u00a0de 1995, el texto de la Gaceta del Congreso del 1o. de septiembre de \u00a01995 \u00a0plural \u00a0y \u00a0formalmente allegado a estas preliminares, entera que el debate \u00a0se \u00a0dio \u00a0al \u00a0interior \u00a0de \u00a0una sesi\u00f3n formal del Senado, que en ella medi\u00f3 una \u00a0amplia \u00a0 \u00a0 \u00a0 \u00a0 \u00a0 \u00a0 \u00a0presen\u00adta\u00adci\u00f3n y \u00a0discusi\u00f3n \u00a0del \u00a0tema de la citaci\u00f3n relacionado con la situaci\u00f3n de deterioro \u00a0que \u00a0en \u00a0el \u00a0orden \u00a0p\u00fablico, el empleo, la econom\u00eda, y la justicia mostraba la \u00a0zona \u00a0de \u00a0Urab\u00e1, \u00a0debate en el cual intervinieron varios senadores, entre ellos \u00a0el \u00a0ahora \u00a0denunciado doctor FABIO VALENCIA COSSIO, quien apoy\u00f3 su discurso con \u00a0el \u00a0aporte \u00a0de \u00a0datos \u00a0estad\u00edsticos y otros informes relacionados con la severa \u00a0crisis \u00a0que en m\u00faltiples aspectos ven\u00eda padeciendo esa zona del pa\u00eds, y quien \u00a0incluy\u00f3 \u00a0en \u00a0su \u00a0oraci\u00f3n \u00a0cr\u00edticas al gobierno departamental, recrimin\u00e1ndole \u00a0porque \u00a0sus \u00a0pol\u00edticas \u00a0estaban alentando m\u00e1s violencia antes que la b\u00fasqueda \u00a0de la paz. \u00a0\u00a0<\/p>\n<p>\u00a0 \u00a0\u00a0 \u00a0 \u00a0 \u00a0\u00a0 \u00a0\u00a0 \u00a0\u00a0 \u00a0\u00a0 \u00a0 \u00a0\u00a0 \u00a0\u00a0 \u00a0\u00a0En \u00a0la \u00a0misma \u00a0oportunidad \u00a0se \u00a0habilit\u00f3 \u00a0 \u00a0 \u00a0 \u00a0la \u00a0 \u00a0 \u00a0 prosecu\u00adci\u00f3n \u00a0informal \u00a0de \u00a0la \u00a0sesi\u00f3n \u00a0con el fin de escuchar al se\u00f1or \u00a0Gobernador \u00a0doctor \u00a0Alvaro \u00a0Uribe V\u00e9lez, facilit\u00e1ndole las explicaciones que a \u00a0bien \u00a0tuviese \u00a0y \u00a0la \u00a0r\u00e9plica \u00a0de \u00a0las cr\u00edticas recibidas, luego de lo cual el \u00a0debate \u00a0prosigui\u00f3 \u00a0de \u00a0manera ordinaria con nuevas intervenciones del aforado y \u00a0otros de sus colegas. \u00a0\u00a0<\/p>\n<p>\u00a0 \u00a0\u00a0 \u00a0 \u00a0 \u00a0\u00a0 \u00a0\u00a0 \u00a0\u00a0 \u00a0\u00a0 \u00a0 \u00a0\u00a0 \u00a0\u00a0 \u00a0\u00a0El \u00a0aporte del querellante, de \u00a0all\u00ed \u00a0se \u00a0extiende \u00a0a \u00a0acreditar que como consecuencia de ese debate existieron \u00a0otras \u00a0r\u00e9plicas a nivel de la Asamblea departamental, se hicieron publicaciones \u00a0de \u00a0 \u00a0prensa \u00a0 \u00a0y \u00a0 otras \u00a0 clandesti\u00adnas \u00a0donde \u00a0se \u00a0le \u00a0se\u00f1ala como responsable del impulso de grupos \u00a0paramilitares, \u00a0que \u00a0rematan con amenazas en su contra, y en particular, como ha \u00a0quedado \u00a0dicho, \u00a0una publicaci\u00f3n de la revista Alternativa que se atribuye a la \u00a0esposa \u00a0del \u00a0tambi\u00e9n \u00a0senador \u00a0doctor \u00a0Juan \u00a0Camilo Restrepo, periodista Mar\u00eda \u00a0Teresa \u00a0Herr\u00e1n, \u00a0en cuya contra se sigue por separado una averiguaci\u00f3n ante la \u00a0Fiscal\u00eda. \u00a0\u00a0<\/p>\n<p>\u00a0 \u00a0\u00a0 \u00a0 \u00a0 \u00a0\u00a0 \u00a0\u00a0 \u00a0\u00a0 \u00a0\u00a0 \u00a0 \u00a0\u00a0 \u00a0\u00a0 \u00a0\u00a0Como \u00a0resultas, \u00a0tambi\u00e9n, \u00a0de \u00a0aquel \u00a0debate, se cita la intervenci\u00f3n de la Fiscal\u00eda 58 Delegada de la Unidad \u00a0Primera \u00a0de \u00a0delitos \u00a0contra \u00a0la Seguridad con sede en Medell\u00edn, estimulada por \u00a0denuncia \u00a0del \u00a0doctor \u00a0FABIO \u00a0VALENCIA COSSIO en contra del doctor Moreno Villa, \u00a0por \u00a0&#8220;amenazas \u00a0contra \u00a0su \u00a0vida \u00a0e \u00a0integridad \u00a0personal&#8221;, \u00a0queja \u00a0que culmin\u00f3 \u00a0mediante \u00a0auto inhibitorio del 5 de agosto de 1996, en el cual se afirma que los \u00a0hechos \u00a0denunciados \u00a0por el senador y relacionados con la amplia divulgaci\u00f3n de \u00a0un \u00a0panfleto \u00a0amenazante \u00a0en \u00a0su contra, y la existencia de una fotograf\u00eda suya \u00a0grabada \u00a0en \u00a0las \u00a0computadoras \u00a0del Departamento no resultaron vinculados con la \u00a0actividad \u00a0del \u00a0Secretario \u00a0de \u00a0Gobierno, ni con los retos y acciones intentados \u00a0por \u00a0\u00e9ste \u00a0en \u00a0contra \u00a0del \u00a0congresista, \u00a0por lo que se estim\u00f3 ajeno el doctor \u00a0Moreno \u00a0 Villa \u00a0 a \u00a0las \u00a0amenazas \u00a0punibles.\u00a0\u00a0\u00a0\u00a0\u00a0\u00a0 \u00a0\u00a0<\/p>\n<p>\u00a0 \u00a0\u00a0 \u00a0 \u00a0 \u00a0\u00a0 \u00a0\u00a0 \u00a0\u00a0 \u00a0\u00a0 \u00a0 \u00a0\u00a0 \u00a0 \u00a0 \u00a0\u00a0El \u00a0denunciante \u00a0destaca \u00a0que \u00a0dentro \u00a0de \u00a0esa \u00a0actuaci\u00f3n el doctor VALENCIA COSSIO pudo incurrir en un delito \u00a0de \u00a0falsa \u00a0denuncia por haber atribuido primero y bajo la gravedad del juramento \u00a0al \u00a0doctor \u00a0Moreno \u00a0la \u00a0autor\u00eda \u00a0de \u00a0unas comunicaciones, pese a lo cual, meses \u00a0despu\u00e9s \u00a0se \u00a0rectific\u00f3 \u00a0advirtiendo \u00a0que \u00a0hab\u00eda \u00a0incurrido \u00a0en \u00a0&#8220;un \u00a0error de \u00a0transcripci\u00f3n&#8221;, \u00a0a \u00a0juicio \u00a0del \u00a0quejoso \u00a0inadmisible, \u00a0en \u00a0cuanto \u00a0la \u00a0primera \u00a0afirma\u00adci\u00f3n \u00a0 \u00a0era \u00a0directa, \u00a0 juramentada \u00a0 y \u00a0 jur\u00eddicamente \u00a0relevante, \u00a0de \u00a0donde \u00a0concluye \u00a0su \u00a0trascendencia \u00a0 \u00a0 \u00a0penal \u00a0 \u00a0 \u00a0por \u00a0 \u00a0 encima \u00a0 \u00a0 de \u00a0 \u00a0 la \u00a0 \u00a0 poste\u00adrior \u00a0 retractaci\u00f3n. \u00a0 Este \u00a0hecho \u00a0aparece \u00a0informado con pedido de investigaci\u00f3n desde el 26 de agosto de 1996 al \u00a0Director Regional de Fiscal\u00edas de Medell\u00edn. \u00a0\u00a0<\/p>\n<p>\u00a0 \u00a0\u00a0 \u00a0 \u00a0 \u00a0\u00a0 \u00a0\u00a0 \u00a0\u00a0 \u00a0\u00a0 \u00a0 \u00a0\u00a0 \u00a0\u00a0 \u00a0\u00a0De igual manera y dentro de la \u00a0averiguaci\u00f3n \u00a0que \u00a0a \u00a0solicitud del doctor Moreno Villa adelant\u00f3 una Fiscal\u00eda \u00a0Regional \u00a0de \u00a0Medell\u00edn \u00a0bajo \u00a0la \u00a0radicaci\u00f3n \u00a019076 \u00a0se acredita que el doctor \u00a0VALENCIA \u00a0COSSIO \u00a0rindi\u00f3 \u00a0un testimonio mediante certificaci\u00f3n jurada el 17 de \u00a0mayo \u00a0de 1996, dentro del cual reitera la forma como recibi\u00f3 de\u00a0 parte del \u00a0doctor \u00a0Moreno \u00a0Villa \u00a0copia \u00a0de un mensaje supuestamente suscrito por el se\u00f1or \u00a0Ram\u00f3n \u00a0Isaza \u00a0a \u00a0quien \u00a0se tilda de dirigente de las autodefensas del Magdalena \u00a0Medio \u00a0en \u00a0el \u00a0cual le niega al congresista el apoyo que algunos amigos suyos le \u00a0ped\u00edan \u00a0a Isaza, y copia de unas versiones testimoniales rendidas, que apoyando \u00a0el \u00a0 dicho \u00a0 del \u00a0 senador, \u00a0 rechazan \u00a0 haber \u00a0 sido \u00a0 contactado \u00a0el \u00a0presunto \u00a0paramili\u00adtar \u00a0a \u00a0nombre \u00a0del denunciado. \u00a0\u00a0<\/p>\n<p>\u00a0\u00a0 \u00a0<\/p>\n<p>\u00a0 \u00a0\u00a0 \u00a0 \u00a0C \u00a0O \u00a0N \u00a0S \u00a0I \u00a0D \u00a0E \u00a0R A C I O N E S\u00a0\u00a0 D E\u00a0\u00a0 L \u00a0A\u00a0\u00a0 S A L A: \u00a0\u00a0<\/p>\n<p>\u00a0 \u00a0\u00a0 \u00a0 \u00a0 \u00a0\u00a0 \u00a0\u00a0 \u00a0\u00a0 \u00a0\u00a0 \u00a0 \u00a0\u00a0 \u00a0\u00a0 \u00a0\u00a01.- De la relaci\u00f3n profusa de \u00a0los \u00a0 hechos \u00a0 propuestos \u00a0 y \u00a0 los \u00a0 medios \u00a0de \u00a0prueba \u00a0allegados, \u00a0surge \u00a0sin \u00a0conexi\u00addad \u00a0alguna \u00a0la \u00a0proposici\u00f3n \u00a0de \u00a0dos \u00a0episodios diferentes y distantes en el tiempo, el lugar y \u00a0las \u00a0circunstancias, \u00a0lo \u00a0que \u00a0imposibilita \u00a0dentro \u00a0del principio de unidad que \u00a0sienta \u00a0el \u00a0art\u00edculo \u00a088 \u00a0del \u00a0C\u00f3digo \u00a0de Procedimiento Penal su averiguaci\u00f3n \u00a0conjunta, \u00a0de \u00a0modo \u00a0que la presente providencia se ocupar\u00e1 del pronunciamiento \u00a0que \u00a0reclama \u00a0la \u00a0querella \u00a0por \u00a0los \u00a0posibles delitos de injuria y de calumnia, \u00a0mientras \u00a0 que \u00a0 en \u00a0 relaci\u00f3n \u00a0 con \u00a0 la \u00a0 presunta \u00a0 infracci\u00f3n \u00a0 contra \u00a0la \u00a0administra\u00adci\u00f3n \u00a0 de \u00a0justicia \u00a0(falsa \u00a0denuncia), \u00a0se han de expedir las copias pertinentes, a fin de \u00a0que \u00a0por \u00a0separado \u00a0se \u00a0adelante \u00a0la \u00a0averiguaci\u00f3n que concierna, si es que del \u00a0reclamo \u00a0ya hecho por el quejoso y de tiempo atr\u00e1s ante la Fiscal\u00eda -seg\u00fan lo \u00a0acredita \u00a0con \u00a0los \u00a0documentos \u00a0primeramente \u00a0aportados \u00a0:anexo \u00a011.3.18-, no se \u00a0acredita que de ese episodio se haya ocupado ya la Sala.\u00a0 \u00a0\u00a0<\/p>\n<p>\u00a0 \u00a0\u00a0 \u00a0 \u00a0 \u00a0\u00a0 \u00a0\u00a0 \u00a0\u00a0 \u00a0\u00a0 \u00a0 \u00a0\u00a0 \u00a0\u00a0 \u00a0\u00a02.- Sobre el punto concreto que \u00a0amerita \u00a0este \u00a0pronunciamiento \u00a0se \u00a0ha \u00a0clarificado ya la competencia de la Sala \u00a0derivada \u00a0 de \u00a0 la \u00a0vinculaci\u00f3n \u00a0actual \u00a0del \u00a0querellado \u00a0como \u00a0Senador \u00a0de \u00a0la \u00a0Rep\u00fablica, \u00a0 de \u00a0 donde \u00a0 emerge \u00a0 el \u00a0 fuero \u00a0 para \u00a0su \u00a0investiga\u00adci\u00f3n y juzgamiento por esta Sala de \u00a0la Corte de conformidad con el art\u00edculo 235 Constitucional. \u00a0\u00a0<\/p>\n<p>\u00a0 \u00a0\u00a0 \u00a0 \u00a0 \u00a0\u00a0 \u00a0\u00a0 \u00a0\u00a0 \u00a0\u00a0 \u00a0 \u00a0\u00a0 \u00a0\u00a0 \u00a0\u00a0Tambi\u00e9n \u00a0la \u00a0vigencia \u00a0de \u00a0la \u00a0respectiva \u00a0acci\u00f3n \u00a0penal, \u00a0en cuanto siendo los hechos penalmente perseguibles \u00a0por \u00a0exclusiva \u00a0solicitud de la persona ofendida o perjudicada (art\u00edculo 33 del \u00a0C\u00f3digo \u00a0de \u00a0Procedimiento \u00a0Penal), \u00a0de ella proviene en este caso la iniciativa \u00a0para \u00a0 \u00a0 denunciarlos, \u00a0 \u00a0 cuya \u00a0 \u00a0 queja \u00a0 \u00a0 alcanz\u00f3 \u00a0 \u00a0a \u00a0 \u00a0formu\u00adlar \u00a0poco \u00a0antes \u00a0de \u00a0que operara la \u00a0caduci\u00addad (art\u00edculo 32 \u00a0ib\u00eddem). \u00a0\u00a0<\/p>\n<p>\u00a0 \u00a0\u00a0 \u00a0 \u00a0 \u00a0\u00a0 \u00a0\u00a0 \u00a0\u00a0 \u00a0\u00a0 \u00a0 \u00a0\u00a0 \u00a0\u00a0 \u00a0\u00a03.- Realizado el an\u00e1lisis del \u00a0hecho \u00a0y \u00a0de \u00a0sus circunstancias, es de advertir que no existe actuaci\u00f3n alguna \u00a0del \u00a0aforado, \u00a0presumiblemente \u00a0constitutiva \u00a0de \u00a0los \u00a0delitos \u00a0de \u00a0injuria o de \u00a0calumnia \u00a0cumplida \u00a0fuera \u00a0de \u00a0su \u00a0intervenci\u00f3n parlamentaria, lo que conduce a \u00a0valorar \u00a0su \u00a0conducta \u00a0frente a la naturaleza y caracter\u00edsticas que a esa clase \u00a0de \u00a0 \u00a0itervenciones \u00a0 \u00a0fijan \u00a0 \u00a0la \u00a0 \u00a0Carta \u00a0 \u00a0Pol\u00edtica \u00a0 y \u00a0 la \u00a0 legislaci\u00f3n \u00a0vigente. \u00a0\u00a0<\/p>\n<p>\u00a0 \u00a0\u00a0 \u00a0 \u00a0 \u00a0\u00a0 \u00a0\u00a0 \u00a0\u00a0 \u00a0\u00a0 \u00a0 \u00a0\u00a0 \u00a0\u00a0 \u00a0Cierto es que la primera noticia \u00a0que \u00a0alert\u00f3 \u00a0al \u00a0quejoso \u00a0fue \u00a0la \u00a0aparecida \u00a0en el diario El Colombiano, en su \u00a0edici\u00f3n \u00a0del \u00a0d\u00eda 28 de agosto de 1995, que en su contenido formal traslada el \u00a0inconforme \u00a0a \u00a0estas \u00a0diligencias. \u00a0Pero \u00a0adem\u00e1s \u00a0de \u00a0observar \u00a0que la versi\u00f3n \u00a0divulgada \u00a0es \u00a0la \u00a0del \u00a0texto \u00a0de una constancia que el senador llev\u00f3 al Senado \u00a0dentro \u00a0de \u00a0su gesti\u00f3n parlamentaria con el fin de servir como &#8220;abrebocas&#8221; para \u00a0el \u00a0debate \u00a0que \u00a0con \u00a0la citaci\u00f3n de los ministros realizar\u00eda esa Corporaci\u00f3n \u00a0sobre \u00a0la situaci\u00f3n de Urab\u00e1, cualquier duda al respecto se disipa al observar \u00a0de \u00a0ese \u00a0documento que de ninguna forma se utilizaban calificativos vejativos ni \u00a0injurio\u00adsos \u00a0para \u00a0el \u00a0reclamante, \u00a0 \u00a0 como \u00a0 \u00a0 tampoco \u00a0 \u00a0se \u00a0 \u00a0le \u00a0 \u00a0hac\u00edan \u00a0 \u00a0imputacio\u00adnes por la comisi\u00f3n de alg\u00fan hecho \u00a0punible, \u00a0 pues \u00a0 si \u00a0 algo \u00a0caracteri\u00adza \u00a0 \u00a0el \u00a0 art\u00edculo \u00a0 es \u00a0 la \u00a0 diferenciaci\u00f3n \u00a0 que \u00a0 hace \u00a0 el \u00a0congre\u00adsis\u00adta \u00a0entre \u00a0las Cooperati\u00advas \u00a0 \u00a0 Convivir \u00a0 \u00a0 de \u00a0 \u00a0origen \u00a0gubernamental, \u00a0y \u00a0otros grupos de auto defensa al margen de la ley, pues lo que \u00a0se \u00a0le \u00a0pide \u00a0al \u00a0Gobierno \u00a0departamental es que prescinda de aqu\u00e9llas ante las \u00a0dificulta\u00addes que en el \u00a0\u00e1mbito \u00a0internacional genera la distin\u00adci\u00f3n entre una y otra clase de organizaciones. \u00a0\u00a0<\/p>\n<p>\u00a0 \u00a0\u00a0 \u00a0 \u00a0 \u00a0\u00a0 \u00a0\u00a0 \u00a0\u00a0 \u00a0\u00a0 \u00a0 \u00a0\u00a0 \u00a0\u00a0 \u00a0\u00a0Por lo anterior se entiende que \u00a0la \u00a0inconformi\u00addad \u00a0del \u00a0denunciante \u00a0radique su verdadera esencia en la intervenci\u00f3n del congresista al \u00a0interior \u00a0 \u00a0del \u00a0 \u00a0debate \u00a0 \u00a0parlamen\u00adtario \u00a0del \u00a029 \u00a0de \u00a0agosto \u00a0de 1995, donde en medio de un amplio y \u00a0sustentado \u00a0discurso \u00a0hizo \u00a0repetidas \u00a0cr\u00edticas \u00a0al \u00a0gobierno del doctor Alvaro \u00a0Uribe \u00a0V\u00e9lez y de su Secretario doctor Pedro Juan Moreno Villa, como frecuentes \u00a0citas \u00a0de \u00a0sus \u00a0criterios e intervenciones, censurando porque a su juicio hab\u00eda \u00a0en \u00a0ellos \u00a0una \u00a0&#8220;clara \u00a0orientaci\u00f3n&#8221; \u00a0a \u00a0armar a la gente para que la soluci\u00f3n \u00a0fuese \u00a0&#8220;a \u00a0sangre \u00a0y \u00a0fuego \u00a0y \u00a0que \u00a0las \u00a0tales \u00a0cooperativas Convivir no son de \u00a0inteligencia \u00a0sino \u00a0son unas cooperativas armadas que conducen inexorablemente a \u00a0llevarle \u00a0el \u00a0mensaje \u00a0claro \u00a0a \u00a0la \u00a0opini\u00f3n \u00a0de \u00a0que son autodefensas&#8221; y otras \u00a0afirmaciones \u00a0de \u00a0esa estirpe, de las que infiere el quejoso su vinculaci\u00f3n con \u00a0la \u00a0promoci\u00f3n \u00a0o \u00a0patrocinio \u00a0de \u00a0grupos \u00a0paramilitares \u00a0al \u00a0margen de la ley y \u00a0penados por ella. \u00a0\u00a0<\/p>\n<p>\u00a0 \u00a0\u00a0 \u00a0 \u00a0 \u00a0\u00a0 \u00a0\u00a0 \u00a0\u00a0 \u00a0\u00a0 \u00a0 \u00a0\u00a0 \u00a0\u00a0 \u00a0\u00a0Frente \u00a0a \u00a0ese \u00a0reparo resulta \u00a0inaplazable \u00a0precisar \u00a0que \u00a0las \u00a0afirmaciones \u00a0criticadas \u00a0se \u00a0hallan contenidas \u00a0dentro \u00a0del \u00a0ejercicio \u00a0del \u00a0derecho-deber de expresi\u00f3n del congresista y de su \u00a0participaci\u00f3n \u00a0oficial \u00a0dentro de un debate de inter\u00e9s nacional, lo que guarda \u00a0estrecha \u00a0 relaci\u00f3n \u00a0 con \u00a0el \u00a0cumpli\u00admiento \u00a0de funciones tales como las que se indican bajo el numeral \u00a08 \u00a0 del \u00a0 art\u00edculo \u00a0135 \u00a0la \u00a0Constitu\u00adci\u00f3n \u00a0 \u00a0 \u00a0 Pol\u00edtica, \u00a0 \u00a0 \u00a0 y \u00a0 \u00a0 \u00a0 muy \u00a0 \u00a0 \u00a0 particu\u00adlarmente \u00a0dentro \u00a0del \u00a0ejercicio del \u00a0control \u00a0pol\u00edtico \u00a0que \u00a0se le atribuye al Congreso (art\u00edculo 6-3 de la ley 5a. \u00a0de 1992) \u00a0\u00a0<\/p>\n<p>&#8220;para \u00a0requerir y emplazar a los Ministros \u00a0del \u00a0Despacho \u00a0(all\u00ed \u00a0fueron \u00a0citados \u00a0los \u00a0del Interior, Agricultura, Comercio \u00a0\u00a0<\/p>\n<p>Exterior \u00a0y \u00a0Defensa \u00a0Nacional) \u00a0y \u00a0dem\u00e1s \u00a0autoridades \u00a0(tambi\u00e9n \u00a0concurri\u00f3 \u00a0el se\u00f1or Gobernador de Antioquia) y conocer \u00a0de \u00a0 las \u00a0 acusaciones \u00a0 que \u00a0 se \u00a0 formulen \u00a0 a \u00a0 los \u00a0altos \u00a0funcionarios \u00a0del \u00a0Estado&#8230;&#8221;. \u00a0\u00a0<\/p>\n<p>\u00a0 \u00a0\u00a0 \u00a0 \u00a0 \u00a0\u00a0 \u00a0\u00a0 \u00a0\u00a0 \u00a0\u00a0 \u00a0 \u00a0\u00a0 \u00a0\u00a0 \u00a0\u00a0Siendo \u00a0ello \u00a0as\u00ed, \u00a0y \u00a0por no \u00a0sustraerse \u00a0al \u00a0estudio \u00a0de ese foro un tema tan sensible para los intereses del \u00a0pa\u00eds \u00a0como \u00a0el \u00a0de \u00a0la \u00a0grave \u00a0crisis \u00a0de \u00a0Urab\u00e1, \u00a0tendr\u00e1 \u00a0que reconocerse la \u00a0operancia \u00a0del \u00a0art\u00edculo \u00a0185 constitu\u00adcio\u00adnal, \u00a0relativa \u00a0 \u00a0 \u00a0a \u00a0 \u00a0 \u00a0la \u00a0 \u00a0 inviolabilidad \u00a0 \u00a0 de \u00a0 \u00a0 los \u00a0 \u00a0 congre\u00adsistas \u00a0&#8220;por \u00a0las opinio\u00adnes \u00a0y \u00a0los \u00a0votos \u00a0que emitan en el \u00a0ejerci\u00adcio de su cargo, \u00a0sin \u00a0perjuicio \u00a0de \u00a0las normas discipli\u00adna\u00adrias \u00a0contenidas \u00a0en \u00a0el \u00a0reglamento respecti\u00advo&#8221;, \u00a0lo \u00a0que \u00a0no \u00a0podr\u00eda \u00a0ser \u00a0de otro modo, como que colocar en \u00a0manos \u00a0de \u00a0otro \u00f3rgano del Estado la persecuci\u00f3n y eventual sanci\u00f3n de alg\u00fan \u00a0exceso \u00a0en dichas intervenciones, pondr\u00eda a riesgo la existencia de una mordaza \u00a0que \u00a0coartando \u00a0la \u00a0necesaria \u00a0libertad y autonom\u00eda de aquel foro, socavara los \u00a0intereses y la vigencia misma de la democracia. \u00a0\u00a0<\/p>\n<p>\u00a0 \u00a0\u00a0 \u00a0 \u00a0 \u00a0\u00a0 \u00a0\u00a0 \u00a0\u00a0 \u00a0\u00a0 \u00a0 \u00a0\u00a0 \u00a0\u00a0 \u00a0\u00a0Es \u00a0por ello que refiriendo al \u00a0alcance \u00a0de \u00a0esta instituci\u00f3n, ya en providencia del 19 de junio de 1996, y con \u00a0ponencia \u00a0de \u00a0este \u00a0mismo \u00a0Despacho, \u00a0tuvo \u00a0ocasi\u00f3n \u00a0la Sala de reiterar que el \u00a0leg\u00edtimo \u00a0ejercicio del derecho de expresi\u00f3n se constituye en &#8220;un deber cuando \u00a0se \u00a0 \u00a0 \u00a0 ejerce \u00a0 \u00a0 \u00a0la \u00a0 \u00a0 \u00a0repre\u00adsentaci\u00f3n \u00a0de \u00a0la \u00a0comunidad \u00a0en \u00f3rganos representativos como el \u00a0Congreso&#8221;, \u00f3rgano esencial de la democracia, \u00a0\u00a0<\/p>\n<p>\u00a0 \u00a0\u00a0 \u00a0 \u00a0&#8220;a \u00a0la \u00a0que \u00a0no \u00a0podr\u00edan \u00a0serle indiferentes las opiniones de las \u00a0minor\u00edas \u00a0ni de los grupos de oposici\u00f3n que por antonomasia deben tener en ese \u00a0foro \u00a0la mejor audien\u00adcia \u00a0para la expresi\u00f3n de su pensamiento discrepante&#8221;. \u00a0\u00a0<\/p>\n<p>\u00a0 \u00a0\u00a0 \u00a0 \u00a0 \u00a0\u00a0 \u00a0\u00a0 \u00a0\u00a0 \u00a0\u00a0 \u00a0 \u00a0\u00a0 \u00a0 \u00a0 \u00a0\u00a0Del \u00a0mismo \u00a0modo \u00a0y \u00a0como \u00a0en \u00a0ocasiones \u00a0precedentes esta misma Sala lo ha expuesto, se record\u00f3 all\u00ed y ahora \u00a0se \u00a0reafirma, \u00a0que \u00a0la inmunidad respecto de las expresiones de los congresistas \u00a0al \u00a0 \u00a0 interior \u00a0 \u00a0 de \u00a0 \u00a0 sus \u00a0 \u00a0respectivas \u00a0 \u00a0c\u00e1maras \u00a0 \u00a0desarro\u00adlla \u00a0el principio de la autonom\u00eda y \u00a0el equilibrio de las Ramas del Poder P\u00fablico, lo que\u00a0 \u00a0\u00a0<\/p>\n<p>\u00a0 \u00a0\u00a0 \u00a0 \u00a0&#8220;&#8230; \u00a0exige \u00a0la \u00a0presencia \u00a0de \u00a0mecanismos \u00a0que \u00a0a manera de\u00a0 \u00a0balanzas, \u00a0controlen \u00a0y \u00a0regulen \u00a0el \u00a0ejercicio \u00a0del \u00a0poder para que no se torne \u00a0absoluto y arbitrario en unos casos o ca\u00f3tico en otros&#8221;. \u00a0\u00a0<\/p>\n<p>\u00a0 \u00a0\u00a0 \u00a0 \u00a0&#8220;En \u00a0este \u00a0orden \u00a0de ideas es que se concibe la activi\u00addad parlamentaria como expresi\u00f3n de \u00a0las \u00a0luchas \u00a0pol\u00edticas; all\u00ed tienen su escenario natural los diferentes grupos \u00a0pol\u00edticos, \u00a0los \u00a0que \u00a0apoyan \u00a0a un gobierno determinado y los que lo combaten y \u00a0contro\u00adlan; \u00a0dentro \u00a0de \u00a0esa \u00a0concepci\u00f3n \u00a0se \u00a0entiende, \u00a0entre otras cosas la atribuci\u00f3n que tienen las \u00a0C\u00e1maras \u00a0 al \u00a0citar \u00a0a \u00a0los \u00a0miembros \u00a0del \u00a0gobierno \u00a0para \u00a0que \u00a0expliquen \u00a0sus \u00a0actividades, \u00a0de \u00a0iniciar \u00a0debates \u00a0y \u00a0cuestionar \u00a0actuaciones \u00a0en \u00a0la m\u00e1s sana \u00a0cr\u00edtica purificadora. \u00a0\u00a0<\/p>\n<p>\u00a0 \u00a0\u00a0 \u00a0 \u00a0&#8220;La \u00a0 vitalidad \u00a0 de \u00a0 un \u00a0sistema \u00a0pol\u00edtico \u00a0est\u00e1 \u00a0\u00edntimamente \u00a0relacionada \u00a0con \u00a0estas \u00a0pr\u00e1cticas \u00a0democr\u00e1ticas que imponen\u00a0 el riguroso \u00a0control \u00a0del \u00a0ejercicio del poder, la posibilidad de la denuncia oportuna de las \u00a0malas \u00a0pr\u00e1cticas \u00a0y \u00a0de los comportamientos viciosos. Es por ello propio de los \u00a0sistemas \u00a0democr\u00e1ticos la necesaria disponibilidad de los funcionarios que como \u00a0en \u00a0una vitrina p\u00fablica sean examinados por sus actuaciones permanentemente sin \u00a0tapujos y sin contemplaciones&#8221;. \u00a0\u00a0<\/p>\n<p>\u00a0 \u00a0\u00a0 \u00a0 \u00a0&#8220;Es \u00a0precisamente \u00a0dentro \u00a0de \u00a0ese \u00a0marco, \u00a0donde \u00a0se \u00a0entiende el \u00a0art\u00edculo \u00a0106 \u00a0de \u00a0la Constituci\u00f3n (hoy 185 se aclara), que le garantiza a los \u00a0Senadores \u00a0y \u00a0Representantes \u00a0el \u00a0ejercicio \u00a0de \u00a0su \u00a0actividad con libertad, sin \u00a0temores \u00a0al \u00a0emitir \u00a0sus votos y opinio\u00adnes, \u00a0sujet\u00e1ndose \u00a0l\u00f3gicamente \u00a0al decoro y la decencia por cuya \u00a0violaci\u00f3n \u00a0 deber\u00e1n \u00a0responder \u00a0ante \u00a0su \u00a0propia \u00a0C\u00e1mara. \u00a0Se \u00a0trata \u00a0de \u00a0una \u00a0prerrogativa, \u00a0 \u00a0de \u00a0 \u00a0un \u00a0 \u00a0privile\u00adgio \u00a0y de una facultad de los parlamentarios, en el sentido de que \u00a0no \u00a0ser\u00e1n \u00a0responsables por sus votos y opiniones en el ejercicio de su cargo y \u00a0que \u00a0 podr\u00e1n \u00a0 decir \u00a0 cosas \u00a0 en \u00a0 ocasiones \u00a0 urticantes \u00a0 y \u00a0 molestas, \u00a0sin \u00a0responsabilidad, \u00a0 \u00a0en \u00a0 \u00a0el \u00a0 \u00a0cumplimiento \u00a0 \u00a0de \u00a0 \u00a0sus \u00a0 activida\u00addes.&#8221; (cfr.: auto de septiembre 6 de \u00a01988, Magistrado Ponente Dr. Rodolfo Mantilla J\u00e1come). \u00a0\u00a0<\/p>\n<p>\u00a0 \u00a0\u00a0 \u00a0 \u00a0 \u00a0\u00a0 \u00a0\u00a0 \u00a0\u00a0 \u00a0\u00a0 \u00a0 \u00a0\u00a0 \u00a0\u00a0 \u00a0\u00a0Cierto \u00a0es, \u00a0pues, \u00a0como queda \u00a0dicho, \u00a0que \u00a0en \u00a0el \u00a0ejercicio \u00a0de \u00a0esta \u00a0actividad \u00a0puede haber lugar a excesos \u00a0verbales, \u00a0y \u00a0no \u00a0dif\u00edcil \u00a0reconocer \u00a0que \u00a0en \u00a0ellos \u00a0podr\u00eda llegarse hasta la \u00a0imputaci\u00f3n \u00a0 \u00a0 de \u00a0 \u00a0 hechos \u00a0 \u00a0 deshonrosos \u00a0 \u00a0 o \u00a0 \u00a0 de \u00a0 \u00a0conduc\u00adtas \u00a0delictivas. \u00a0No \u00a0obstante, \u00a0la \u00a0comprensi\u00f3n \u00a0cabal \u00a0de la inmunidad impide la coincidencia a un mismo tiempo de \u00a0la \u00a0 \u00a0tolerancia \u00a0 \u00a0y \u00a0 \u00a0la \u00a0 \u00a0punibi\u00adlidad \u00a0de \u00a0esas \u00a0conductas, \u00a0salvo \u00a0la \u00a0intervenci\u00f3n de la propia \u00a0c\u00e1mara \u00a0donde \u00a0los \u00a0posibles \u00a0agravios \u00a0fuesen \u00a0hechos, \u00a0pues \u00a0lo \u00a0contrario se \u00a0opondr\u00eda \u00a0 \u00a0al \u00a0 precepto \u00a0 constitu\u00adcional del art\u00edculo 185 que ha quedado invocado. \u00a0\u00a0<\/p>\n<p>\u00a0 \u00a0\u00a0 \u00a0 \u00a0 \u00a0\u00a0 \u00a0\u00a0 \u00a0\u00a0 \u00a0\u00a0 \u00a0 \u00a0\u00a0 \u00a0\u00a0 \u00a0\u00a0Ello explica que el Reglamento \u00a0del \u00a0Congreso \u00a0admita \u00a0al \u00a0interior \u00a0de los debates la r\u00e9plica de quien resulte \u00a0agraviado, \u00a0 sea \u00a0que \u00a0se \u00a0trate \u00a0de \u00a0otro \u00a0miembro \u00a0del \u00a0parlamento \u00a0o \u00a0de \u00a0una \u00a0colectividad \u00a0que \u00a0en \u00a0\u00e9l \u00a0est\u00e9 \u00a0representada \u00a0(art\u00edculo \u00a099 \u00a0y 100), pero es \u00a0tambi\u00e9n \u00a0el \u00a0sentido de las citaciones de los Ministros del Despacho o de otras \u00a0autoridades \u00a0a \u00a0quienes \u00a0como \u00a0en \u00a0el \u00a0caso \u00a0de \u00a0la \u00a0controversia \u00a0se \u00a0concedi\u00f3 \u00a0oportunidad \u00a0de \u00a0mostrar \u00a0sus \u00a0posturas \u00a0y contraargumentar los cargos, lo que a \u00a0nombre \u00a0del Gobierno Nacional realiz\u00f3 el se\u00f1or Ministro de Defensa, y a nombre \u00a0de \u00a0la \u00a0Gobernaci\u00f3n \u00a0su \u00a0titular, \u00a0mediante la suspensi\u00f3n de la sesi\u00f3n formal \u00a0para \u00a0que \u00a0fuera de ella y sin violentar el reglamento -pero con la audiencia de \u00a0todos \u00a0 \u00a0los \u00a0 \u00a0presentes \u00a0 \u00a0en \u00a0 \u00a0la \u00a0 \u00a0sesi\u00f3n-, \u00a0 se \u00a0 le \u00a0 conce\u00addiera el uso de la palabra al doctor \u00a0Uribe \u00a0V\u00e9lez \u00a0quien \u00a0aclar\u00f3 \u00a0y \u00a0replic\u00f3 \u00a0como \u00a0a \u00a0bien \u00a0lo tuvo. \u00a0 \u00a0 \u00a0\u00a0 \u00a0\u00a0 \u00a0\u00a0 \u00a0 \u00a0\u00a0 \u00a0 \u00a0 \u00a0 \u00a0 \u00a0 \u00a0 \u00a0 \u00a0 \u00a0 \u00a0 \u00a0\u00a0 \u00a0\u00a0<\/p>\n<p>\u00a0 \u00a0\u00a0 \u00a0 \u00a0 \u00a0\u00a0 \u00a0\u00a0 \u00a0\u00a0 \u00a0\u00a0 \u00a0 \u00a0\u00a0 \u00a0 \u00a0 \u00a0 \u00a0All\u00ed \u00a0se \u00a0garantizaron \u00a0los \u00a0derechos \u00a0 \u00a0 de \u00a0 \u00a0 cada \u00a0 \u00a0 intervi\u00adniente \u00a0dentro \u00a0de \u00a0un \u00a0sentido de lealtad y de objetividad que le \u00a0permiti\u00f3 \u00a0al \u00a0doctor \u00a0Uribe \u00a0V\u00e9lez \u00a0explicar \u00a0y controvertir como as\u00ed consta, \u00a0aludiendo \u00a0 \u00a0 \u00a0a \u00a0 \u00a0 \u00a0la \u00a0 \u00a0 natura\u00adleza, \u00a0objeto \u00a0e \u00a0integra\u00adci\u00f3n \u00a0de \u00a0las \u00a0Cooperativas Convivir, y a sus diferencias con los \u00a0grupos \u00a0 \u00a0de \u00a0 \u00a0autodefensa, \u00a0 \u00a0pero \u00a0 adem\u00e1s \u00a0 defenderse \u00a0 y \u00a0 respaldar \u00a0 al \u00a0Secreta\u00adrio de Gobierno, \u00a0cuyo \u00a0 apoyo \u00a0 le \u00a0 ofreci\u00f3 \u00a0mostr\u00e1n\u00addole \u00a0como \u00a0hombre valien\u00adte, \u00a0 \u00a0honrado \u00a0 \u00a0y \u00a0 \u00a0respetuoso \u00a0 \u00a0de \u00a0 \u00a0la \u00a0 legali\u00addad, \u00a0 lo \u00a0que \u00a0comprue\u00adba \u00a0a \u00a0las \u00a0claras que dentro de las \u00a0particularidades \u00a0 que \u00a0caracterizaban \u00a0ese \u00a0acto, \u00a0se \u00a0dio \u00a0oportunidad \u00a0a \u00a0los \u00a0representan\u00adtes de cada \u00a0una \u00a0de \u00a0las \u00a0tesis enfrentadas, para enderezar los unos una cr\u00edtica dura a las \u00a0pol\u00edticas \u00a0gubernativas, \u00a0la \u00a0que se extendi\u00f3 a quienes la representaban, pero \u00a0tambi\u00e9n \u00a0a \u00a0\u00e9stos \u00a0para \u00a0explicarse \u00a0oficial \u00a0y \u00a0particularmente \u00a0seg\u00fan queda \u00a0rese\u00f1ado. \u00a0\u00a0<\/p>\n<p>\u00a0 \u00a0\u00a0 \u00a0 \u00a0 \u00a0\u00a0 \u00a0\u00a0 \u00a0\u00a0 \u00a0\u00a0 \u00a0 \u00a0\u00a0 \u00a0\u00a0 \u00a0Si alg\u00fan exceso, al interior de \u00a0aquella \u00a0 discu\u00adsi\u00f3n, \u00a0pudo \u00a0llegar \u00a0a \u00a0cometer \u00a0el \u00a0denuncia\u00addo, \u00a0es claro que para su represi\u00f3n no puede intervenir otro ente \u00a0distinto \u00a0 de \u00a0 la \u00a0c\u00e1mara \u00a0a \u00a0la \u00a0que \u00a0pertenece, \u00a0pues \u00a0otra \u00a0interpretaci\u00f3n \u00a0quebrantar\u00eda \u00a0la autonom\u00eda que reconoce la Carta a los diferentes \u00f3rganos del \u00a0Estado, \u00a0y \u00a0muy \u00a0particularmente \u00a0al \u00a0Congreso \u00a0en \u00a0el \u00a0cumplimiento del control \u00a0pol\u00edtico \u00a0 \u00a0que \u00a0 \u00a0le \u00a0 compete \u00a0 en \u00a0 provecho \u00a0 de \u00a0 la \u00a0 democra\u00adcia. \u00a0\u00a0<\/p>\n<p>\u00a0 \u00a0\u00a0 \u00a0 \u00a0 \u00a0\u00a0 \u00a0\u00a0 \u00a0\u00a0 \u00a0\u00a0 \u00a0 \u00a0\u00a0 \u00a0 \u00a0 \u00a0 \u00a0Como \u00a0lo \u00a0dicho \u00a0implica \u00a0la \u00a0atipicidad \u00a0 \u00a0 \u00a0 del \u00a0 \u00a0 \u00a0 compor\u00adta\u00admiento \u00a0denunciado, \u00a0y \u00a0de \u00a0\u00e9sta \u00a0surge \u00a0la \u00a0inviabilidad \u00a0de \u00a0una apertura sumarial en \u00a0t\u00e9rminos \u00a0del art\u00edculo 327 del C\u00f3digo de Procedimiento Penal, se inhibir\u00e1 la \u00a0Sala \u00a0 \u00a0de \u00a0 \u00a0iniciar \u00a0 \u00a0la \u00a0 instruc\u00adci\u00f3n \u00a0que \u00a0el \u00a0querellante \u00a0pide, \u00a0y \u00a0en \u00a0su lugar archivar\u00e1 las \u00a0diligencias tan pronto esta decisi\u00f3n alcance ejecutoria. \u00a0\u00a0<\/p>\n<p>\u00a0 \u00a0\u00a0 \u00a0 \u00a0 \u00a0\u00a0 \u00a0\u00a0 \u00a0\u00a0 \u00a0\u00a0 \u00a0 \u00a0\u00a0 \u00a0\u00a0 \u00a0\u00a04.- La decisi\u00f3n que para este \u00a0caso \u00a0se \u00a0sustenta, \u00a0muestra \u00a0a \u00a0las \u00a0claras la impertinencia de las pruebas que \u00a0todav\u00eda \u00a0 \u00a0insin\u00faa \u00a0 \u00a0el \u00a0 \u00a0denunciante, \u00a0 \u00a0pues \u00a0 \u00a0las \u00a0 versiones \u00a0 de \u00a0 los \u00a0parlamenta\u00adrios Hern\u00e1n \u00a0Motta \u00a0Motta, \u00a0Juan \u00a0Camilo \u00a0Restrepo \u00a0y \u00a0VALENCIA \u00a0COSSIO, \u00a0la de Mar\u00eda Teresa \u00a0Herr\u00e1n, \u00a0o \u00a0la \u00a0ubicaci\u00f3n \u00a0del expediente correspondiente a la querella que el \u00a0doctor \u00a0 \u00a0Moreno \u00a0 \u00a0Villa \u00a0 intenta \u00a0 contra \u00a0 esta \u00a0 periodista, \u00a0 carecen \u00a0 de \u00a0relevan\u00adcia respecto de \u00a0la \u00a0imputaci\u00f3n \u00a0que \u00a0en \u00a0este \u00a0expediente se debate, siendo claro que de surgir \u00a0alguna \u00a0imputaci\u00f3n \u00a0en \u00a0contra \u00a0del \u00a0aforado \u00a0en \u00a0desarrollo de la denuncia que \u00a0recibe \u00a0la \u00a0comunicadora \u00a0Mar\u00eda \u00a0Teresa \u00a0Herr\u00e1n, \u00a0ser\u00eda \u00a0de \u00a0all\u00ed \u00a0de \u00a0donde \u00a0partir\u00eda \u00a0la \u00a0iniciativa \u00a0para \u00a0comunicarla \u00a0a la Corte, y no a la inversa como \u00a0equivocadamente \u00a0se \u00a0pretende, pues no es de competencia de la Sala investigar a \u00a0la \u00a0 editora, \u00a0 solo \u00a0 a \u00a0 la \u00a0 espera \u00a0de \u00a0alguna \u00a0imputaci\u00f3n \u00a0en \u00a0contra \u00a0del \u00a0parlamentario. \u00a0\u00a0<\/p>\n<p>\u00a0 \u00a0\u00a0 \u00a0 \u00a0 \u00a0\u00a0 \u00a0\u00a0 \u00a0\u00a0 \u00a0\u00a0 \u00a0 \u00a0\u00a0 \u00a0 \u00a0 \u00a0 \u00a0Util, \u00a0por \u00a0lo \u00a0dem\u00e1s, \u00a0la \u00a0observaci\u00f3n, \u00a0para \u00a0aclarar \u00a0que \u00a0tampoco \u00a0es de cargo de la Corte definir si a \u00a0alguna \u00a0de \u00a0las partes trenzadas en un debate pol\u00edtico apasionado y de especial \u00a0encono \u00a0le \u00a0asiste la raz\u00f3n, solo porque despues de emplazar sus diferencias en \u00a0acciones \u00a0de \u00a0tutela, \u00a0en \u00a0acciones \u00a0penales \u00a0ante \u00a0la \u00a0Fiscal\u00eda, en debates de \u00a0corpora\u00adciones p\u00fablicas \u00a0y \u00a0medios \u00a0de \u00a0comunicaci\u00f3n, \u00a0o \u00a0en \u00a0quejas ante la Procuradur\u00eda, terminan por \u00a0concurrir \u00a0ante \u00a0la \u00a0Sala, \u00a0pues \u00a0\u00e9sta solo procede a investigar y acusar a los \u00a0miembros \u00a0del \u00a0congreso, \u00a0a \u00a0condici\u00f3n \u00a0de que para ello haya lugar conforme al \u00a0art\u00edculo \u00a0235 \u00a0de \u00a0la Carta Pol\u00edtica, lo que en el caso presente se descuenta. \u00a0\u00a0<\/p>\n<p>\u00a0 \u00a0\u00a0 \u00a0 \u00a0 \u00a0\u00a0 \u00a0\u00a0 \u00a0\u00a0 \u00a0\u00a0 \u00a0 \u00a0\u00a0 \u00a0\u00a0 \u00a0\u00a0Por \u00a0la \u00a0misma \u00a0raz\u00f3n \u00a0no \u00a0le \u00a0concierne \u00a0a \u00a0la \u00a0Corte investigar si el abogado que design\u00f3 el doctor VALENCIA \u00a0COSSIO \u00a0para \u00a0su \u00a0representaci\u00f3n \u00a0en \u00a0este asunto, pudo incumplir deberes de su \u00a0profesi\u00f3n, \u00a0o \u00a0si \u00a0hubo fallas en su contrataci\u00f3n por parte del Congreso, pues \u00a0lo \u00a0primero \u00a0compete \u00a0al \u00a0Consejo \u00a0Seccional de la Judicatura, y lo segundo a la \u00a0Procuradur\u00eda, \u00a0ante \u00a0la cual querell\u00f3 tambi\u00e9n el denunciante, sin que la sola \u00a0afirmaci\u00f3n \u00a0de su inconformidad o su sospecha, sea fundamento para impulsar por \u00a0copias \u00a0una \u00a0instrucci\u00f3n \u00a0incierta, \u00a0distinta \u00a0de \u00a0la que est\u00e1 ya en manos del \u00a0Ministerio P\u00fablico. \u00a0\u00a0<\/p>\n<p>\u00a0 \u00a0\u00a0 \u00a0 \u00a0 \u00a0 \u00a0 \u00a0 \u00a0 \u00a0\u00a0<\/p>\n<p>\u00a0\u00a0\u00a0 \u00a0 \u00a0 \u00a0 \u00a0 \u00a0\u00a0 \u00a0\u00a0 \u00a0\u00a0 \u00a0 \u00a0\u00a0 \u00a0 \u00a0 \u00a0 \u00a0 \u00a0 \u00a0 \u00a0 \u00a0 \u00a0 \u00a0 \u00a0\u00a0En m\u00e9rito de lo expuesto, la Corte Suprema de \u00a0Justicia, en Sala de Casaci\u00f3n Penal, \u00a0\u00a0<\/p>\n<p>\u00a0 \u00a0\u00a0 \u00a0 \u00a0R E S U E L V E : \u00a0\u00a0<\/p>\n<p>\u00a0 \u00a0\u00a0 \u00a0 \u00a0 \u00a0\u00a0 \u00a0\u00a0 \u00a0\u00a0 \u00a0\u00a0 \u00a0 \u00a0\u00a0 \u00a0\u00a0 \u00a0\u00a0PRIMERO: \u00a0Abstenerse \u00a0de abrir \u00a0investigaci\u00f3n \u00a0penal en contra del aforado doctor FABIO VALENCIA COSSIO, frente \u00a0a \u00a0la \u00a0querella \u00a0que en su contra formula el doctor Pedro Juan Moreno Villa, por \u00a0los delitos de injuria y de calumnia. \u00a0\u00a0<\/p>\n<p>\u00a0 \u00a0\u00a0 \u00a0 \u00a0 \u00a0\u00a0 \u00a0\u00a0 \u00a0\u00a0 \u00a0\u00a0 \u00a0 \u00a0\u00a0 \u00a0 \u00a0\u00a0 \u00a0 \u00a0\u00a0SEGUNDO: \u00a0 Denegar \u00a0 por \u00a0improcedentes \u00a0la \u00a0pr\u00e1ctica \u00a0de \u00a0los \u00a0testimonios \u00a0de los doctores Hern\u00e1n Mota \u00a0Motta, \u00a0Juan \u00a0Camilo Restrepo, de la se\u00f1ora Mar\u00eda Teresa Herr\u00e1n y la versi\u00f3n \u00a0del \u00a0denunciado \u00a0doctor \u00a0FABIO \u00a0VALENCIA \u00a0COSSIO, \u00a0lo \u00a0mismo que la informaci\u00f3n \u00a0tendiente \u00a0a \u00a0localizar \u00a0la \u00a0querella \u00a0formulada \u00a0contra \u00a0la \u00a0se\u00f1ora Herr\u00e1n de \u00a0Restrepo, y \u00a0\u00a0<\/p>\n<p>\u00a0 \u00a0\u00a0 \u00a0 \u00a0 \u00a0\u00a0 \u00a0\u00a0 \u00a0\u00a0 \u00a0\u00a0 \u00a0 \u00a0\u00a0 \u00a0\u00a0 \u00a0\u00a0TERCERO: Ordenar la expedici\u00f3n \u00a0de \u00a0copias para que por separado se investigue, si hay lugar a ello, el presunto \u00a0delito \u00a0de \u00a0falsa \u00a0denuncia \u00a0que \u00a0se le imputa al Senador FABIO VALENCIA COSSIO, \u00a0seg\u00fan lo motivado. \u00a0\u00a0<\/p>\n<p>\u00a0 \u00a0\u00a0 \u00a0 \u00a0 \u00a0\u00a0 \u00a0\u00a0 \u00a0\u00a0 \u00a0\u00a0 \u00a0 \u00a0\u00a0 \u00a0\u00a0 \u00a0\u00a0C\u00f3piese, \u00a0notif\u00edquese, y una \u00a0vez \u00a0 \u00a0en \u00a0 \u00a0firme \u00a0 \u00a0esta \u00a0 \u00a0providencia, \u00a0 \u00a0arch\u00edvese \u00a0 el \u00a0 expe\u00addiente.\u00a0 \u00a0\u00a0<\/p>\n<p>\u00a0 \u00a0\u00a0 \u00a0 \u00a0 \u00a0\u00a0 \u00a0\u00a0 \u00a0\u00a0 \u00a0\u00a0 \u00a0 \u00a0\u00a0 \u00a0\u00a0 \u00a0\u00a0 \u00a0 \u00a0\u00a0 \u00a0\u00a0 \u00a0\u00a0 \u00a0\u00a0CARLOS \u00a0AUGUSTO GALVEZ \u00a0ARGOTE \u00a0\u00a0<\/p>\n<p>FERNANDO \u00a0 \u00a0 \u00a0 E. \u00a0 \u00a0 \u00a0 ARBOLEDA \u00a0RIPOLL\u00a0\u00a0\u00a0\u00a0\u00a0\u00a0\u00a0 \u00a0 \u00a0 \u00a0 \u00a0 RICARDO \u00a0 \u00a0 \u00a0 \u00a0 CALVETE \u00a0RANGEL \u00a0\u00a0<\/p>\n<p>JORGE \u00a0 \u00a0 \u00a0 \u00a0E. \u00a0 \u00a0 \u00a0 \u00a0CORDOBA \u00a0POVEDA\u00a0\u00a0\u00a0\u00a0\u00a0\u00a0\u00a0\u00a0\u00a0\u00a0\u00a0 JORGE \u00a0ANIBAL GOMEZ GALLEGO \u00a0\u00a0<\/p>\n<p>CARLOS \u00a0 \u00a0 \u00a0 EDUARDO \u00a0 \u00a0 \u00a0 MEJIA \u00a0ESCOBAR\u00a0\u00a0\u00a0\u00a0\u00a0\u00a0 DIDIMO PAEZ VELANDIA \u00a0\u00a0<\/p>\n<p>NLSON \u00a0 \u00a0 \u00a0 \u00a0 \u00a0 PINILLA \u00a0PINILLA\u00a0\u00a0\u00a0\u00a0\u00a0\u00a0\u00a0\u00a0\u00a0\u00a0\u00a0\u00a0\u00a0 \u00a0JUAN MAUEL TORRES FRESNEDA \u00a0\u00a0<\/p>\n<p>\u00a0 \u00a0\u00a0 \u00a0 \u00a0PATRICIA SALAZAR CUELLAR \u00a0\u00a0<\/p>\n<p>\u00a0 \u00a0\u00a0 \u00a0 \u00a0SECRETARIA \u00a0\u00a0<\/p>\n<p>\u00a0 \u00a0<\/p>\n<p>\u00a0 \u00a0\u00a0<\/p>\n<p><\/p>\n","protected":false},"excerpt":{"rendered":"<p>\u00a0 \u00a0 \u00a0\u00a0 INJURIA\/ \u00a0 \u00a0 CALUMNIA\/ \u00a0 \u00a0 CONGRESISTA\/ \u00a0INMUNIDAD \u00a0\u00a0 La \u00a0inmunidad \u00a0respecto de las expresiones de \u00a0los \u00a0 congresistas \u00a0al \u00a0interior \u00a0de \u00a0sus \u00a0respectivas \u00a0c\u00e1maras \u00a0desarrolla \u00a0el \u00a0principio \u00a0de \u00a0la autonom\u00eda y el equilibrio de las Ramas del Poder P\u00fablico, lo \u00a0que\u00a0 \u00a0\u00a0 &#8220;&#8230; \u00a0exige \u00a0la presencia de mecanismos que a \u00a0manera [&hellip;]<\/p>\n","protected":false},"author":1,"featured_media":0,"comment_status":"open","ping_status":"open","sticky":false,"template":"","format":"standard","meta":{"footnotes":""},"categories":[5],"tags":[],"class_list":["post-738","post","type-post","status-publish","format-standard","hentry","category-5"],"_links":{"self":[{"href":"https:\/\/dmsjuridica.com\/buscador_20179478954\/salapenalcronologico20230723\/wp-json\/wp\/v2\/posts\/738","targetHints":{"allow":["GET"]}}],"collection":[{"href":"https:\/\/dmsjuridica.com\/buscador_20179478954\/salapenalcronologico20230723\/wp-json\/wp\/v2\/posts"}],"about":[{"href":"https:\/\/dmsjuridica.com\/buscador_20179478954\/salapenalcronologico20230723\/wp-json\/wp\/v2\/types\/post"}],"author":[{"embeddable":true,"href":"https:\/\/dmsjuridica.com\/buscador_20179478954\/salapenalcronologico20230723\/wp-json\/wp\/v2\/users\/1"}],"replies":[{"embeddable":true,"href":"https:\/\/dmsjuridica.com\/buscador_20179478954\/salapenalcronologico20230723\/wp-json\/wp\/v2\/comments?post=738"}],"version-history":[{"count":0,"href":"https:\/\/dmsjuridica.com\/buscador_20179478954\/salapenalcronologico20230723\/wp-json\/wp\/v2\/posts\/738\/revisions"}],"wp:attachment":[{"href":"https:\/\/dmsjuridica.com\/buscador_20179478954\/salapenalcronologico20230723\/wp-json\/wp\/v2\/media?parent=738"}],"wp:term":[{"taxonomy":"category","embeddable":true,"href":"https:\/\/dmsjuridica.com\/buscador_20179478954\/salapenalcronologico20230723\/wp-json\/wp\/v2\/categories?post=738"},{"taxonomy":"post_tag","embeddable":true,"href":"https:\/\/dmsjuridica.com\/buscador_20179478954\/salapenalcronologico20230723\/wp-json\/wp\/v2\/tags?post=738"}],"curies":[{"name":"wp","href":"https:\/\/api.w.org\/{rel}","templated":true}]}}