{"id":7341,"date":"2023-09-08T17:01:02","date_gmt":"2023-09-08T17:01:02","guid":{"rendered":"https:\/\/dmsjuridica.com\/buscador_20179478954\/salapenalcronologico20230723\/2023\/09\/08\/1982212-03-03\/"},"modified":"2023-09-08T17:01:02","modified_gmt":"2023-09-08T17:01:02","slug":"1982212-03-03","status":"publish","type":"post","link":"https:\/\/dmsjuridica.com\/buscador_20179478954\/salapenalcronologico20230723\/2023\/09\/08\/1982212-03-03\/","title":{"rendered":"19822(12-03-03)"},"content":{"rendered":"\n<p>\u00a0 \u00a0 \u00a0\u00a0<\/p>\n<p>Proceso \u00a0 \u00a0 No \u00a019822 \u00a0\u00a0<\/p>\n<p>CORTE \u00a0 SUPREMA \u00a0 DE \u00a0JUSTICIA \u00a0\u00a0<\/p>\n<p>SALA DE CASACI\u00d3N PENAL \u00a0<\/p>\n<p>Magistrado \u00a0 \u00a0Ponente: \u00a0 \u00a0HERMAN GAL\u00c1N CASTELLANOS \u00a0\u00a0<\/p>\n<p>Aprobado Acta No. 033 \u00a0<\/p>\n<p>Bogot\u00e1, D.C., doce (12) de marzo de dos mil \u00a0tres (2003) \u00a0\u00a0<\/p>\n<p>Se\u00a0 \u00a0 procede \u00a0 a \u00a0decidir \u00a0sobre \u00a0el \u00a0impedimento\u00a0 \u00a0expresado \u00a0por \u00a0varios de los Magistrados de la Sala, quienes \u00a0invocan \u00a0la causal especial\u00a0 prevista en el art\u00edculo 228\u00a0 del C\u00f3digo \u00a0de Procedimiento Penal. \u00a0\u00a0<\/p>\n<p>I \u00a0ANTECEDENTES \u00a0\u00a0<\/p>\n<p>\u00a0 \u00a0\u00a0<\/p>\n<p>1. Luz Mila Ferreira de Caballero, por \u00a0medio \u00a0de \u00a0apoderado, \u00a0solicit\u00f3 la revisi\u00f3n de la sentencia proferida el\u00a0 \u00a012 \u00a0de \u00a0septiembre \u00a0de \u00a01996 \u00a0por \u00a0el \u00a0Tribunal Nacional, que confirm\u00f3 el fallo \u00a0proferido \u00a0por\u00a0 \u00a0un \u00a0Juzgado \u00a0Regional de esta ciudad, mediante el cual fue \u00a0condenada \u00a0como \u00a0c\u00f3mplice de infracci\u00f3n al art\u00edculo 33 de la Ley 30 de 1986 a \u00a0la pena principal de 6 a\u00f1os de prisi\u00f3n. \u00a0 \u00a0\u00a0<\/p>\n<p>2. \u00a0Contra el anterior fallo fue interpuesto \u00a0el\u00a0 \u00a0recurso \u00a0de \u00a0apelaci\u00f3n \u00a0que \u00a0desat\u00f3 \u00a0el \u00a0Tribunal \u00a0Nacional el 12 de \u00a0septiembre modificando la \u00a0\u00a0<\/p>\n<p>pena impuesta a Luz Mila Ferreira Ardila que \u00a0pas\u00f3 a ser de 64 meses de prisi\u00f3n. \u00a0\u00a0<\/p>\n<p>3. \u00a0Interpuesto el recurso extraordinario de \u00a0casaci\u00f3n \u00a0fue\u00a0 \u00a0resuelto \u00a0por \u00a0la Corporaci\u00f3n el 23 de\u00a0 noviembre de \u00a02000, \u00a0con \u00a0ponencia \u00a0del \u00a0doctor \u00a0Jorge \u00a0An\u00edbal \u00a0G\u00f3mez Gallego, no casando la \u00a0sentencia. \u00a0\u00a0<\/p>\n<p>4. La demanda de revisi\u00f3n correspondi\u00f3 por \u00a0Reparto \u00a0al \u00a0magistrado doctor Jorge An\u00edbal G\u00f3mez Gallego, quien junto con los \u00a0magistrados \u00a0que aprobaron y\u00a0 suscribieron la sentencia de casaci\u00f3n del 23 \u00a0de\u00a0 \u00a0noviembre \u00a0de \u00a02000, doctores: Fernando Arboleda Ripoll, Jorge Enrique \u00a0C\u00f3rdoba \u00a0Poveda, \u00a0Carlos \u00a0Augusto \u00a0G\u00e1lvez \u00a0Argote,\u00a0 \u00a0Jorge An\u00edbal G\u00f3mez \u00a0Gallego, \u00a0\u00c1lvaro Orlando P\u00e9rez Pinz\u00f3n, Edgar Lombana Trujillo, Carlos Eduardo \u00a0Mej\u00eda \u00a0Escobar\u00a0\u00a0 y\u00a0 Nilson Pinilla Pinilla se declaran impedidos \u00a0para \u00a0conocer \u00a0del \u00a0presente \u00a0asunto, \u00a0aduciendo \u00a0la \u00a0concurrencia \u00a0de la causal \u00a0especial \u00a0de \u00a0impedimento \u00a0de \u00a0que \u00a0trata\u00a0 \u00a0el art\u00edculo 228 del C\u00f3digo de \u00a0Procedimiento Penal. \u00a0\u00a0<\/p>\n<p>II CONSIDERACIONES \u00a0<\/p>\n<p>\u00a0 \u00a0\u00a0<\/p>\n<p>1. El \u00a0art\u00edculo 104 del C\u00f3digo de \u00a0Procedimiento \u00a0Penal \u00a0se\u00f1ala \u00a0que\u00a0 \u00a0cuando \u00a0la \u00a0causal \u00a0de \u00a0impedimento se \u00a0extiende \u00a0a \u00a0varios \u00a0de \u00a0los \u00a0magistrados integrantes de la Sala se decidir\u00e1 en \u00a0forma \u00a0conjunta \u00a0sobre \u00a0le particular. Luego,\u00a0 en tal sentido se proceder\u00e1 \u00a0al\u00a0 \u00a0declararse \u00a0impedidos \u00a0para \u00a0conocer del presente asunto varios de los \u00a0magistrados que integran la Sala. \u00a0 \u00a0\u00a0<\/p>\n<p>Como quiera que la acci\u00f3n de revisi\u00f3n\u00a0 \u00a0que\u00a0 \u00a0se \u00a0promueve a favor de Luz Mila Ferreira de Caballero\u00a0 pretende \u00a0desconocer \u00a0 tanto \u00a0el \u00a0pronunciamiento \u00a0del \u00a0Tribunal\u00a0 \u00a0Nacional \u00a0como \u00a0la \u00a0decisi\u00f3n \u00a0de\u00a0 \u00a0la \u00a0Corte \u00a0al \u00a0concluir \u00a0que \u00a0no \u00a0hab\u00eda \u00a0lugar \u00a0a casar la \u00a0sentencia impugnada respecto de la ahora demandante. \u00a0\u00a0<\/p>\n<p>2. Los se\u00f1ores Magistrados invocan la causal \u00a0especial \u00a0prevista \u00a0en \u00a0el art\u00edculo 228 del C\u00f3digo de Procedimiento Penal, que \u00a0se\u00f1ala \u00a0que\u00a0 \u00a0no \u00a0podr\u00e1 \u00a0intervenir \u00a0en \u00a0el tr\u00e1mite de revisi\u00f3n ning\u00fan \u00a0magistrado \u00a0de \u00a0los \u00a0que haya suscrito la decisi\u00f3n que se cuestiona, causal que \u00a0se \u00a0encuentra \u00a0demostrada \u00a0en \u00a0este \u00a0asunto \u00a0seg\u00fan \u00a0se colige de la copia de la \u00a0sentencia \u00a0aportada \u00a0a \u00a0este \u00a0tr\u00e1mite, \u00a0por \u00a0lo \u00a0que sin discusi\u00f3n alguna debe \u00a0procederse a su aceptaci\u00f3n. \u00a0\u00a0<\/p>\n<p>III DECISI\u00d3N \u00a0<\/p>\n<p>Debe, \u00a0 entonces, \u00a0 la \u00a0 Sala \u00a0aceptar \u00a0el \u00a0impedimento \u00a0expresado \u00a0por \u00a0los se\u00f1ores Magistrados: Fernando Arboleda Ripoll, \u00a0Carlos \u00a0Augusto \u00a0G\u00e1lvez \u00a0Argote,\u00a0 \u00a0Jorge \u00a0An\u00edbal \u00a0G\u00f3mez \u00a0Gallego, \u00a0Edgar \u00a0Lombana \u00a0 Trujillo \u00a0 y \u00a0 \u00c1lvaro \u00a0 Orlando \u00a0P\u00e9rez \u00a0Pinz\u00f3n, \u00a0separ\u00e1ndolos \u00a0del \u00a0conocimiento \u00a0de \u00a0esta \u00a0actuaci\u00f3n; \u00a0no \u00a0as\u00ed \u00a0el de los doctores: Jorge Enrique \u00a0C\u00f3rdoba \u00a0Poveda, \u00a0Carlos \u00a0Eduardo \u00a0Mej\u00eda \u00a0Escobar\u00a0\u00a0 \u00a0y\u00a0 \u00a0Nilson \u00a0Pinilla Pinilla, quienes ya no hacen parte de la Corporaci\u00f3n. \u00a0\u00a0<\/p>\n<p>En \u00a0m\u00e9rito de lo expuesto, la Corte Suprema \u00a0de Justicia, en Sala de Casaci\u00f3n Penal, \u00a0\u00a0<\/p>\n<p>RESUELVE: \u00a0\u00a0<\/p>\n<p>Aceptar \u00a0el \u00a0impedimento \u00a0expresado \u00a0por los \u00a0doctores \u00a0Fernando \u00a0Arboleda \u00a0Ripoll, \u00a0Carlos Augusto \u00a0G\u00e1lvez \u00a0Argote,\u00a0 \u00a0Jorge \u00a0An\u00edbal \u00a0G\u00f3mez \u00a0Gallego, \u00a0Edgar Lombana Trujillo \u00a0y\u00a0 \u00c1lvaro Orlando P\u00e9rez Pinz\u00f3n. \u00a0\u00a0<\/p>\n<p>\u00a0 COMUN\u00cdQUESE \u00a0 \u00a0Y \u00a0C\u00daMPLASE \u00a0\u00a0<\/p>\n<p>HERMAN GAL\u00c1N CASTELLANOS \u00a0<\/p>\n<p>MARINA \u00a0 \u00a0 \u00a0 \u00a0PULIDO \u00a0 \u00a0 \u00a0 \u00a0DE \u00a0BAR\u00d3N\u00a0\u00a0\u00a0\u00a0\u00a0\u00a0\u00a0 \u00a0 \u00a0 \u00a0 \u00a0 \u00a0YESID \u00a0 \u00a0 \u00a0 \u00a0 RAM\u00cdREZ \u00a0BASTIDAS \u00a0\u00a0<\/p>\n<p>FRANCISCO \u00a0 \u00a0 \u00a0 \u00a0 \u00a0 ACU\u00d1A \u00a0VIZCAYA\u00a0\u00a0\u00a0\u00a0 JAIME CAMACHO FL\u00d3REZ \u00a0\u00a0<\/p>\n<p>\u00a0\u00a0\u00a0\u00a0\u00a0\u00a0\u00a0\u00a0\u00a0\u00a0\u00a0\u00a0\u00a0\u00a0 \u00a0Conjuez\u00a0\u00a0\u00a0\u00a0\u00a0\u00a0\u00a0\u00a0\u00a0\u00a0\u00a0\u00a0\u00a0\u00a0\u00a0\u00a0\u00a0\u00a0\u00a0\u00a0\u00a0\u00a0\u00a0\u00a0\u00a0\u00a0\u00a0\u00a0\u00a0\u00a0\u00a0\u00a0\u00a0\u00a0\u00a0\u00a0\u00a0\u00a0\u00a0\u00a0\u00a0\u00a0\u00a0\u00a0\u00a0\u00a0\u00a0 \u00a0Conjuez \u00a0\u00a0<\/p>\n<p>GUILLERMO \u00a0GARC\u00cdA GUAJE\u00a0\u00a0 WILLIAM \u00a0MONROY VICTORIA \u00a0\u00a0<\/p>\n<p>\u00a0\u00a0\u00a0\u00a0\u00a0\u00a0\u00a0\u00a0\u00a0\u00a0\u00a0\u00a0\u00a0\u00a0\u00a0\u00a0 \u00a0Conjuez\u00a0\u00a0\u00a0\u00a0\u00a0\u00a0\u00a0\u00a0\u00a0\u00a0\u00a0\u00a0\u00a0\u00a0\u00a0\u00a0\u00a0\u00a0\u00a0\u00a0\u00a0\u00a0\u00a0\u00a0\u00a0\u00a0\u00a0\u00a0\u00a0\u00a0\u00a0\u00a0\u00a0\u00a0\u00a0\u00a0\u00a0 \u00a0Conjuez \u00a0\u00a0<\/p>\n<p>ALFONSO PINILLA CONTRERAS\u00a0\u00a0 EDUARDO \u00a0TORRES ESCALL\u00d3N \u00a0\u00a0<\/p>\n<p>\u00a0\u00a0\u00a0\u00a0\u00a0\u00a0\u00a0\u00a0\u00a0\u00a0\u00a0\u00a0\u00a0\u00a0\u00a0\u00a0\u00a0\u00a0\u00a0\u00a0\u00a0\u00a0\u00a0\u00a0\u00a0\u00a0 \u00a0Conjuez\u00a0\u00a0\u00a0\u00a0\u00a0\u00a0\u00a0\u00a0\u00a0\u00a0\u00a0\u00a0\u00a0\u00a0\u00a0\u00a0\u00a0\u00a0\u00a0\u00a0\u00a0\u00a0\u00a0\u00a0\u00a0\u00a0\u00a0\u00a0\u00a0\u00a0\u00a0\u00a0\u00a0\u00a0\u00a0\u00a0\u00a0\u00a0\u00a0 \u00a0Conjuez \u00a0\u00a0<\/p>\n<p>Teresa Ruiz N\u00fa\u00f1ez \u00a0<\/p>\n<p>Secretaria \u00a0<\/p>\n<p>\u00a0 \u00a0\u00a0<\/p>\n<p><\/p>\n","protected":false},"excerpt":{"rendered":"<p>\u00a0 \u00a0 \u00a0\u00a0 Proceso \u00a0 \u00a0 No \u00a019822 \u00a0\u00a0 CORTE \u00a0 SUPREMA \u00a0 DE \u00a0JUSTICIA \u00a0\u00a0 SALA DE CASACI\u00d3N PENAL \u00a0 Magistrado \u00a0 \u00a0Ponente: \u00a0 \u00a0HERMAN GAL\u00c1N CASTELLANOS \u00a0\u00a0 Aprobado Acta No. 033 \u00a0 Bogot\u00e1, D.C., doce (12) de marzo de dos mil \u00a0tres (2003) \u00a0\u00a0 Se\u00a0 \u00a0 procede \u00a0 a \u00a0decidir \u00a0sobre \u00a0el \u00a0impedimento\u00a0 [&hellip;]<\/p>\n","protected":false},"author":1,"featured_media":0,"comment_status":"open","ping_status":"open","sticky":false,"template":"","format":"standard","meta":{"footnotes":""},"categories":[11],"tags":[],"class_list":["post-7341","post","type-post","status-publish","format-standard","hentry","category-11"],"_links":{"self":[{"href":"https:\/\/dmsjuridica.com\/buscador_20179478954\/salapenalcronologico20230723\/wp-json\/wp\/v2\/posts\/7341","targetHints":{"allow":["GET"]}}],"collection":[{"href":"https:\/\/dmsjuridica.com\/buscador_20179478954\/salapenalcronologico20230723\/wp-json\/wp\/v2\/posts"}],"about":[{"href":"https:\/\/dmsjuridica.com\/buscador_20179478954\/salapenalcronologico20230723\/wp-json\/wp\/v2\/types\/post"}],"author":[{"embeddable":true,"href":"https:\/\/dmsjuridica.com\/buscador_20179478954\/salapenalcronologico20230723\/wp-json\/wp\/v2\/users\/1"}],"replies":[{"embeddable":true,"href":"https:\/\/dmsjuridica.com\/buscador_20179478954\/salapenalcronologico20230723\/wp-json\/wp\/v2\/comments?post=7341"}],"version-history":[{"count":0,"href":"https:\/\/dmsjuridica.com\/buscador_20179478954\/salapenalcronologico20230723\/wp-json\/wp\/v2\/posts\/7341\/revisions"}],"wp:attachment":[{"href":"https:\/\/dmsjuridica.com\/buscador_20179478954\/salapenalcronologico20230723\/wp-json\/wp\/v2\/media?parent=7341"}],"wp:term":[{"taxonomy":"category","embeddable":true,"href":"https:\/\/dmsjuridica.com\/buscador_20179478954\/salapenalcronologico20230723\/wp-json\/wp\/v2\/categories?post=7341"},{"taxonomy":"post_tag","embeddable":true,"href":"https:\/\/dmsjuridica.com\/buscador_20179478954\/salapenalcronologico20230723\/wp-json\/wp\/v2\/tags?post=7341"}],"curies":[{"name":"wp","href":"https:\/\/api.w.org\/{rel}","templated":true}]}}