{"id":7297,"date":"2023-09-08T17:01:00","date_gmt":"2023-09-08T17:01:00","guid":{"rendered":"https:\/\/dmsjuridica.com\/buscador_20179478954\/salapenalcronologico20230723\/2023\/09\/08\/1966311-03-03\/"},"modified":"2023-09-08T17:01:00","modified_gmt":"2023-09-08T17:01:00","slug":"1966311-03-03","status":"publish","type":"post","link":"https:\/\/dmsjuridica.com\/buscador_20179478954\/salapenalcronologico20230723\/2023\/09\/08\/1966311-03-03\/","title":{"rendered":"19663(11-03-03)"},"content":{"rendered":"\n<p>\u00a0 \u00a0 \u00a0\u00a0<\/p>\n<p>Proceso No 19663 \u00a0<\/p>\n<p>CORTE SUPREMA DE JUSTICIA \u00a0<\/p>\n<p>SALA DE CASACI\u00d3N PENAL \u00a0<\/p>\n<p>MAGISTRADO PONENTE \u00a0<\/p>\n<p>\u00c1LVARO ORLANDO P\u00c9REZ PINZ\u00d3N \u00a0<\/p>\n<p>Aprobado: Acta No. 32 \u00a0<\/p>\n<p>\u00a0 \u00a0\u00a0 \u00a0\u00a0 \u00a0\u00a0Bogot\u00e1, \u00a0 D. \u00a0 C., \u00a0 once \u00a0 (11) \u00a0 de \u00a0 marzo \u00a0 del \u00a0dos \u00a0mil \u00a0tres \u00a0(2003). \u00a0\u00a0<\/p>\n<p>VISTOS \u00a0<\/p>\n<p>\u00a0 \u00a0\u00a0 \u00a0\u00a0 \u00a0\u00a0Mediante \u00a0resoluci\u00f3n \u00a0del \u00a03 \u00a0de diciembre de 2001, la Fiscal\u00eda 88 \u00a0Seccional \u00a0de \u00a0Medell\u00edn \u00a0acus\u00f3 \u00a0a \u00a0Adriana \u00a0Patricia \u00a0Castro \u00a0Toro \u00a0como \u00a0responsable del delito de fraude a \u00a0resoluci\u00f3n \u00a0judicial. \u00a0La decisi\u00f3n fue recurrida y, el 15 de enero de 2002, el \u00a0Fiscal \u00a0Cuarto \u00a0Delegado \u00a0ante \u00a0el \u00a0Tribunal \u00a0Superior de esa ciudad, la revoc\u00f3 \u00a0para, en su lugar, precluir la investigaci\u00f3n en su favor. \u00a0\u00a0<\/p>\n<p>\u00a0 \u00a0\u00a0 \u00a0\u00a0 \u00a0\u00a0A \u00a0 trav\u00e9s \u00a0 de \u00a0abogado, \u00a0el \u00a0se\u00f1or \u00a0John \u00a0Alberto \u00a0Henao \u00a0D\u00edez, \u00a0querellante \u00a0dentro \u00a0del \u00a0proceso, \u00a0instaur\u00f3 \u00a0acci\u00f3n \u00a0de revisi\u00f3n. La Sala se \u00a0pronuncia sobre los aspectos formales del escrito. \u00a0\u00a0<\/p>\n<p>HECHOS Y ACTUACI\u00d3N PROCESAL \u00a0<\/p>\n<p>\u00a0 \u00a0\u00a0 \u00a0\u00a0 \u00a0\u00a0En \u00a0sentencias \u00a0del \u00a028 \u00a0de \u00a0julio y 4 de agosto de 2000, el Juzgado \u00a0Doce \u00a0de \u00a0Familia \u00a0de \u00a0Medell\u00edn \u00a0concedi\u00f3 \u00a0la custodia de la hija menor de los \u00a0esposos \u00a0 Adriana \u00a0Patricia \u00a0Castro \u00a0Toro \u00a0y \u00a0John \u00a0Alberto \u00a0Henao \u00a0D\u00edez, \u00a0a la primera, y regul\u00f3 visitas y \u00a0comunicaciones telef\u00f3nicas para el \u00faltimo. \u00a0\u00a0<\/p>\n<p>\u00a0 \u00a0\u00a0 \u00a0\u00a0 \u00a0\u00a0El \u00a027 \u00a0de \u00a0diciembre \u00a0de 2001, el se\u00f1or Henao D\u00edez denunci\u00f3 a la \u00a0se\u00f1ora \u00a0Castro \u00a0Toro por la \u00a0manipulaci\u00f3n \u00a0ejercida sobre la ni\u00f1a, a quien caus\u00f3 graves da\u00f1os morales que \u00a0llevaron a que rechazara las visitas. \u00a0\u00a0<\/p>\n<p>\u00a0 \u00a0\u00a0 \u00a0\u00a0 \u00a0\u00a0Proferidas \u00a0las decisiones de la fiscal\u00eda, John Alberto Henao D\u00edez \u00a0confiri\u00f3 poder a un letrado para incoar la acci\u00f3n de revisi\u00f3n. \u00a0\u00a0<\/p>\n<p>LA DEMANDA \u00a0<\/p>\n<p>\u00a0 \u00a0\u00a0 \u00a0\u00a0 \u00a0\u00a0El \u00a0representante \u00a0del \u00a0se\u00f1or \u00a0Henao D\u00edez invoc\u00f3 la causal quinta \u00a0del \u00a0 art\u00edculo \u00a0 220 \u00a0 del \u00a0C\u00f3digo \u00a0de \u00a0Procedimiento \u00a0Penal, \u00a0por \u00a0cuanto \u00a0la \u00a0\u201cResoluci\u00f3n \u00a0de \u00a0preclusi\u00f3n \u00a0de \u00a0la \u00a0investigaci\u00f3n se fundament\u00f3 en prueba \u00a0falsa\u201d. \u00a0Hizo \u00a0un \u00a0recuento \u00a0de \u00a0la \u00a0actuaci\u00f3n \u00a0dentro \u00a0del \u00a0expediente, para \u00a0concluir, \u00a0con \u00a0base \u00a0en \u00a0el an\u00e1lisis probatorio que realiz\u00f3, que el fiscal de \u00a0segunda \u00a0 instancia \u00a0 ha \u00a0 debido \u00a0confirmar \u00a0la \u00a0acusaci\u00f3n, \u00a0pues \u00a0la \u00a0se\u00f1ora \u00a0Castro \u00a0Toro s\u00ed incurri\u00f3 en \u00a0fraude \u00a0 a \u00a0resoluci\u00f3n \u00a0judicial, \u00a0sin \u00a0que \u00a0obrara \u00a0dentro \u00a0de \u00a0la \u00a0causal \u00a0de \u00a0inculpabilidad \u00a0que \u00a0con descaro dedujo el funcionario, m\u00e1xime que la sindicada \u00a0fue condenada previamente por la misma conducta. \u00a0\u00a0<\/p>\n<p>\u00a0 \u00a0\u00a0 \u00a0\u00a0 \u00a0\u00a0Solicit\u00f3 \u00a0se \u00a0declare \u00a0sin \u00a0valor la decisi\u00f3n de segunda instancia \u00a0para \u00a0que, \u00a0en \u00a0su \u00a0lugar, \u00a0la Sala desate la apelaci\u00f3n y confirme el pliego de \u00a0cargos u ordene la remisi\u00f3n a un despacho de igual categor\u00eda. \u00a0\u00a0<\/p>\n<p>CONSIDERACIONES \u00a0<\/p>\n<p>El \u00a0apoderado \u00a0del se\u00f1or John Alberto Henao \u00a0D\u00edez \u00a0solicit\u00f3 \u00a0la \u00a0revisi\u00f3n \u00a0de \u00a0la \u00a0providencia \u00a0que \u00a0en \u00a0segunda instancia \u00a0declar\u00f3 \u00a0la preclusi\u00f3n en favor de la se\u00f1ora Adriana \u00a0Patricia \u00a0Castro \u00a0Toro, para lo cual acudi\u00f3 al numeral \u00a05\u00b0 del art\u00edculo 220 del C\u00f3digo de Procedimiento Penal. \u00a0\u00a0<\/p>\n<p>De \u00a0las \u00a0copias \u00a0aportadas \u00a0al \u00a0escrito, \u00a0se \u00a0desprende \u00a0que \u00a0la \u00a0acci\u00f3n \u00a0penal \u00a0que \u00a0culmin\u00f3 con la providencia acusada, se \u00a0origin\u00f3 \u00a0en \u00a0la \u00a0denuncia presentada por el se\u00f1or Henao D\u00edez, cuya actuaci\u00f3n \u00a0se limit\u00f3 a ese acto. \u00a0\u00a0<\/p>\n<p>Seg\u00fan \u00a0 el \u00a0art\u00edculo \u00a0221 \u00a0del \u00a0Estatuto \u00a0procesal, \u00a0\u201cLa acci\u00f3n de revisi\u00f3n podr\u00e1 ser promovida por cualquiera de los \u00a0sujetos \u00a0procesales \u00a0que \u00a0tengan \u00a0inter\u00e9s jur\u00eddico y \u00a0hayan \u00a0 \u00a0 sido \u00a0 \u00a0 legalmente \u00a0 \u00a0reconocidos \u00a0 \u00a0dentro \u00a0 \u00a0de \u00a0 \u00a0la \u00a0 \u00a0actuaci\u00f3n \u00a0procesal\u201d. \u00a0\u00a0<\/p>\n<p>Como \u00a0el \u00a0denunciante \u00a0&#8211; \u00a0ofendido \u00a0no \u00a0se \u00a0constituy\u00f3 \u00a0en \u00a0parte \u00a0civil \u00a0dentro \u00a0del proceso penal cuyo examen se reclama, \u00a0surge \u00a0evidente que carece de legitimidad para intentar el tr\u00e1mite, como que no \u00a0adquiri\u00f3 la condici\u00f3n de sujeto procesal que exige el legislador. \u00a0\u00a0<\/p>\n<p>Se \u00a0tiene, \u00a0entonces, \u00a0que \u00a0el \u00a0libelo \u00a0se \u00a0present\u00f3 \u00a0por \u00a0quien \u00a0carece de inter\u00e9s jur\u00eddico, circunstancia que conduce a \u00a0su inadmisi\u00f3n. \u00a0\u00a0<\/p>\n<p>\u00a0 \u00a0\u00a0 \u00a0\u00a0 \u00a0\u00a0Consecuente \u00a0con lo expuesto, la Sala de Casaci\u00f3n Penal de la Corte \u00a0Suprema de Justicia, \u00a0\u00a0<\/p>\n<p>RESUELVE \u00a0\u00a0<\/p>\n<p>1. Reconocer al doctor Gustavo Alonso Moreno \u00a0V\u00e1squez, como apoderado del se\u00f1or John Alberto Henao D\u00edez. \u00a0\u00a0<\/p>\n<p>2. \u00a0 Inadmitir \u00a0la \u00a0demanda \u00a0de \u00a0revisi\u00f3n \u00a0presentada. \u00a0\u00a0<\/p>\n<p>Esta \u00a0decisi\u00f3n \u00a0no \u00a0admite \u00a0recurso alguno. \u00a0\u00a0<\/p>\n<p>Notif\u00edquese y c\u00famplase. \u00a0<\/p>\n<p>\u00c1LVARO \u00a0ORLANDO P\u00c9REZ PINZ\u00d3N \u00a0\u00a0 \u00a0\u00a0 \u00a0 \u00a0FERNANDO E. \u00a0ARBOLEDA \u00a0 \u00a0 RIPOLL \u00a0 \u00a0 \u00a0 \u00a0 \u00a0\u00a0 \u00a0 \u00a0\u00a0 \u00a0\u00a0\u00a0\u00a0\u00a0\u00a0\u00a0 \u00a0 \u00a0\u00a0 \u00a0 \u00a0 \u00a0 \u00a0\u00a0<\/p>\n<p>HERMAN \u00a0 \u00a0 \u00a0 \u00a0 \u00a0 GAL\u00c1N \u00a0CASTELLANOS\u00a0\u00a0\u00a0\u00a0\u00a0\u00a0\u00a0\u00a0\u00a0 \u00a0 \u00a0CARLOS \u00a0 A. \u00a0G\u00c1LVEZ \u00a0 \u00a0 ARGOTE \u00a0 \u00a0 \u00a0 \u00a0 \u00a0 \u00a0 \u00a0 \u00a0\u00a0 \u00a0\u00a0 \u00a0 \u00a0 \u00a0 \u00a0 \u00a0\u00a0 \u00a0\u00a0 \u00a0\u00a0 \u00a0\u00a0 \u00a0\u00a0 \u00a0\u00a0 \u00a0\u00a0 \u00a0\u00a0 \u00a0 \u00a0 \u00a0\u00a0<\/p>\n<p>JORGE \u00a0 \u00a0 \u00a0 AN\u00cdBAL \u00a0 \u00a0 \u00a0 G\u00d3MEZ \u00a0GALLEGO\u00a0\u00a0\u00a0\u00a0\u00a0\u00a0\u00a0 \u00a0 \u00a0 \u00a0 \u00a0 \u00c9DGAR \u00a0 \u00a0 \u00a0 \u00a0 LOMBANA \u00a0TRUJILLO \u00a0 \u00a0 \u00a0 \u00a0 \u00a0\u00a0<\/p>\n<p>MARINA \u00a0 \u00a0 \u00a0 \u00a0PULIDO \u00a0 \u00a0 \u00a0 \u00a0DE \u00a0BAR\u00d3N\u00a0\u00a0\u00a0\u00a0\u00a0\u00a0\u00a0\u00a0\u00a0\u00a0\u00a0\u00a0\u00a0\u00a0\u00a0\u00a0\u00a0\u00a0 \u00a0YESID \u00a0 RAM\u00cdREZ \u00a0 BASTIDAS \u00a0 \u00a0 \u00a0\u00a0 \u00a0\u00a0 \u00a0\u00a0 \u00a0 \u00a0 \u00a0 \u00a0 \u00a0\u00a0<\/p>\n<p>TERESA RUIZ NU\u00d1EZ \u00a0<\/p>\n<p>Secretaria \u00a0 \u00a0<\/p>\n<p><\/p>\n","protected":false},"excerpt":{"rendered":"<p>\u00a0 \u00a0 \u00a0\u00a0 Proceso No 19663 \u00a0 CORTE SUPREMA DE JUSTICIA \u00a0 SALA DE CASACI\u00d3N PENAL \u00a0 MAGISTRADO PONENTE \u00a0 \u00c1LVARO ORLANDO P\u00c9REZ PINZ\u00d3N \u00a0 Aprobado: Acta No. 32 \u00a0 \u00a0 \u00a0\u00a0 \u00a0\u00a0 \u00a0\u00a0Bogot\u00e1, \u00a0 D. \u00a0 C., \u00a0 once \u00a0 (11) \u00a0 de \u00a0 marzo \u00a0 del \u00a0dos \u00a0mil \u00a0tres \u00a0(2003). \u00a0\u00a0 VISTOS \u00a0 [&hellip;]<\/p>\n","protected":false},"author":1,"featured_media":0,"comment_status":"open","ping_status":"open","sticky":false,"template":"","format":"standard","meta":{"footnotes":""},"categories":[11],"tags":[],"class_list":["post-7297","post","type-post","status-publish","format-standard","hentry","category-11"],"_links":{"self":[{"href":"https:\/\/dmsjuridica.com\/buscador_20179478954\/salapenalcronologico20230723\/wp-json\/wp\/v2\/posts\/7297","targetHints":{"allow":["GET"]}}],"collection":[{"href":"https:\/\/dmsjuridica.com\/buscador_20179478954\/salapenalcronologico20230723\/wp-json\/wp\/v2\/posts"}],"about":[{"href":"https:\/\/dmsjuridica.com\/buscador_20179478954\/salapenalcronologico20230723\/wp-json\/wp\/v2\/types\/post"}],"author":[{"embeddable":true,"href":"https:\/\/dmsjuridica.com\/buscador_20179478954\/salapenalcronologico20230723\/wp-json\/wp\/v2\/users\/1"}],"replies":[{"embeddable":true,"href":"https:\/\/dmsjuridica.com\/buscador_20179478954\/salapenalcronologico20230723\/wp-json\/wp\/v2\/comments?post=7297"}],"version-history":[{"count":0,"href":"https:\/\/dmsjuridica.com\/buscador_20179478954\/salapenalcronologico20230723\/wp-json\/wp\/v2\/posts\/7297\/revisions"}],"wp:attachment":[{"href":"https:\/\/dmsjuridica.com\/buscador_20179478954\/salapenalcronologico20230723\/wp-json\/wp\/v2\/media?parent=7297"}],"wp:term":[{"taxonomy":"category","embeddable":true,"href":"https:\/\/dmsjuridica.com\/buscador_20179478954\/salapenalcronologico20230723\/wp-json\/wp\/v2\/categories?post=7297"},{"taxonomy":"post_tag","embeddable":true,"href":"https:\/\/dmsjuridica.com\/buscador_20179478954\/salapenalcronologico20230723\/wp-json\/wp\/v2\/tags?post=7297"}],"curies":[{"name":"wp","href":"https:\/\/api.w.org\/{rel}","templated":true}]}}