{"id":70154,"date":"2024-03-07T17:47:12","date_gmt":"2024-03-07T17:47:12","guid":{"rendered":"https:\/\/dmsjuridica.com\/buscador_20179478954\/salapenalcronologico20230723\/2024\/03\/07\/stp616-2023\/"},"modified":"2024-03-07T17:47:12","modified_gmt":"2024-03-07T17:47:12","slug":"stp616-2023","status":"publish","type":"post","link":"https:\/\/dmsjuridica.com\/buscador_20179478954\/salapenalcronologico20230723\/2024\/03\/07\/stp616-2023\/","title":{"rendered":"STP616-2023"},"content":{"rendered":"\n<p>\u00a0 \u00a0 \u00a0 CUI \u00a0 \u00a0 \u00a0 \u00a0 \u00a011001020400020230013200 \u00a0 \u00a0 \u00a0 \u00a0 \u00a0<\/p>\n<p>N\u00famero \u00a0 \u00a0 \u00a0 \u00a0 \u00a0interno 128443 \u00a0 \u00a0 \u00a0 \u00a0 \u00a0<\/p>\n<p>Tutela \u00a0 \u00a0 \u00a0 \u00a0 \u00a0primera instancia \u00a0 \u00a0 \u00a0 \u00a0 \u00a0<\/p>\n<p>RAM\u00d3N \u00a0 \u00a0 \u00a0 \u00a0 \u00a0EMILIO VILLA RAM\u00cdREZ \u00a0 \u00a0<\/p>\n<p>FERNANDO \u00a0LE\u00d3N BOLA\u00d1OS PALACIOS \u00a0<\/p>\n<p>STP616-2023 \u00a0<\/p>\n<p>Radicaci\u00f3n \u00a0n\u00b0. 128443 \u00a0<\/p>\n<p>Acta \u00a0014 \u00a0<\/p>\n<p>Bogot\u00e1, \u00a0D.C., treinta y uno (31) de enero de dos mil veintitr\u00e9s \u00a0(2023). \u00a0<\/p>\n<p>VISTOS \u00a0<\/p>\n<p>1. \u00a0Se pronuncia la Sala sobre la demanda de tutela formulada mediante \u00a0apoderado por RAM\u00d3N \u00a0EMILIO VILLA RAM\u00cdREZ, contra \u00a0la \u00a0SALA \u00a0PENAL DEL TRIBUNAL SUPERIOR DE MEDELL\u00cdN, el JUZGADO 7\u00ba DE \u00a0EJECUCI\u00d3N DE PENAS Y MEDIDAS DE SEGURIDAD de la misma ciudad y \u00a0el JUZGADO 2\u00ba PENAL DEL CIRCUITO DE ITAG\u00dc\u00cd &#8211; \u00a0ANTIOQUIA, \u00a0por \u00a0la presunta vulneraci\u00f3n de sus derechos fundamentales. \u00a0<\/p>\n<p>ANTECEDENTES \u00a0Y \u00a0FUNDAMENTOS DE LA ACCI\u00d3N \u00a0<\/p>\n<p>2. \u00a0Del \u00a0texto de la demanda y el expediente se extrae que: \u00a0<\/p>\n<p>3. \u00a0El 10 de julio de 2019, ante el Juzgado Primero Penal Municipal de \u00a0Itag\u00fc\u00ed, la Fiscal\u00eda formul\u00f3 imputaci\u00f3n \u00a0en calidad de coautores en contra de RAM\u00d3N EMILIO VILLA \u00a0RAM\u00cdREZ y otro por los delitos de secuestro simple agravado \u00a0bajo el verbo rector retener y hurto calificado agravado en grado de \u00a0tentativa (art\u00edculos 168, 170 numerales 6\u00b0 y 10\u00b0, 239, \u00a0240 incisos 2\u00ba, 241 numeral 10 y 27 del c\u00f3digo penal). \u00a0<\/p>\n<p>3.1. \u00a0El conocimiento del proceso correspondi\u00f3 al Juzgado 2\u00b0 \u00a0Penal del Circuito de Itag\u00fc\u00ed, ante el cual la Fiscal\u00eda \u00a0acus\u00f3 formalmente a los procesados por los delitos imputados. \u00a0El 30 de enero de 2020, en el desarrollo de la audiencia \u00a0preparatoria, VILLA RAM\u00cdREZ acept\u00f3 la comisi\u00f3n \u00a0del delito de hurto calificado y agravado en grado de tentativa. Por \u00a0este motivo, se decret\u00f3 la ruptura de la unidad procesal para \u00a0que continuara la fase de juzgamiento por el delito de secuestro. \u00a0<\/p>\n<p>3.2. \u00a0Culminadas las etapas procesales pertinentes, el 10 de junio de 2020, \u00a0el Juzgado de conocimiento conden\u00f3 a RAM\u00d3N EMILIO VILLA \u00a0RAM\u00cdREZ a la pena de prisi\u00f3n de 84 meses e \u00a0inhabilitaci\u00f3n para el ejercicio de derechos y funciones \u00a0p\u00fablicas por el mismo t\u00e9rmino, al hallarlo coautor del \u00a0delito de hurto calificado agravado en grado de tentativa. Le neg\u00f3 \u00a0la suspensi\u00f3n condicional de la ejecuci\u00f3n de la pena y \u00a0la prisi\u00f3n domiciliaria (rad. 053606000000202000005). \u00a0<\/p>\n<p>3.3. \u00a0El 31 de agosto de esa anualidad, la Sala Penal del Tribunal Superior \u00a0de Medell\u00edn confirm\u00f3 la decisi\u00f3n de primera \u00a0instancia, al resolver el recurso de apelaci\u00f3n presentado por \u00a0el procesado. Contra la decisi\u00f3n de segundo grado no se \u00a0interpuso el recurso extraordinario de casaci\u00f3n. \u00a0<\/p>\n<p>4. \u00a0Tras la ruptura de la unidad procesal, dio inicio el proceso con \u00a0radicado 053606099057201904958, dentro del cual, el 30 de octubre de \u00a02020, el Juzgado 2\u00b0 Penal del Circuito de Itag\u00fc\u00ed \u00a0conden\u00f3 a RAM\u00d3N EMILIO VILLA RAM\u00cdREZ por el \u00a0delito de secuestro simple agravado, imponi\u00e9ndole la pena de \u00a0260 meses de prisi\u00f3n. \u00a0<\/p>\n<p>4.1. \u00a0El 22 de abril de 2021, la Sala Penal del Tribunal Superior de \u00a0Medell\u00edn confirm\u00f3 la sentencia de primera instancia, al \u00a0resolver la apelaci\u00f3n interpuesta por el procesado. Esta \u00a0decisi\u00f3n no fue objeto del recurso extraordinario de casaci\u00f3n. \u00a0<\/p>\n<p>5. \u00a0Inconforme con las anteriores decisiones, en lo que respecta al \u00a0proceso N\u00b0 053606099057201904958, surtido por el delito de \u00a0secuestro simple, interpone acci\u00f3n de tutela en busca de que \u00a0se protejan sus derechos fundamentales, pues sostiene que la Sala \u00a0Penal del Tribunal Superior de Medell\u00edn, y el Juzgado 2\u00ba \u00a0Penal del Circuito de Itag\u00fc\u00ed \u2013 Antioquia, actuaron \u00a0dentro de dicha causa \u201cde \u00a0manera ilegal, arbitraria, injusta y desproporcionada y en un proceso \u00a0viciado de nulidad\u201d, lo \u00a0anterior por cuanto el delito de secuestro es inexistente en su caso, \u00a0y fue, entonces, juzgado dos veces por los mismos hechos. \u00a0<\/p>\n<p>5.1. \u00a0Como pretensi\u00f3n, solicit\u00f3 decretar la nulidad de todo \u00a0lo actuado en el proceso por secuestro simple y ordenar su libertad. \u00a0<\/p>\n<p>DE \u00a0LAS AUTORIDADES ACCIONADAS \u00a0<\/p>\n<p>6. \u00a0Mediante auto del 24 de enero de 2023, esta Sala avoc\u00f3 el \u00a0conocimiento y orden\u00f3 correr traslado de la demanda a los \u00a0accionados y vinculados, a efectos de garantizar sus derechos de \u00a0defensa y contradicci\u00f3n. \u00a0<\/p>\n<p>7. \u00a0El Juzgado \u00a02\u00ba Penal del Circuito de Itag\u00fc\u00ed \u2013 Antioquia, \u00a0record\u00f3 el tr\u00e1mite surtido tanto por el delito por \u00a0hurto calificado agravado, proceso 05-360-60-00000-2020-00005, como \u00a0por el de secuestro simple, radicado 05- 360-60-99057-2019-04958, \u00a0afirm\u00f3 que se respetaron todos los derechos del accionante, y \u00a0advirti\u00f3 que las sentencias emitidas por ese despacho fueron \u00a0confirmadas en su integridad por la Sala Penal del Tribunal Superior \u00a0de Medell\u00edn. \u00a0<\/p>\n<p>7.1. \u00a0Por otra parte, inform\u00f3 que dentro de este caso RAM\u00d3N \u00a0EMILIO VILLA RAM\u00cdREZ, ha interpuesto varias acciones de tutela \u00a0con anterioridad, las que han sido declaradas improcedentes, al igual \u00a0que acciones de habeas corpus que siempre se han denegado. \u00a0<\/p>\n<p>8. \u00a0Vencido el termino para responder, no se recibi\u00f3 respuesta de \u00a0la Sala Penal del Tribunal Superior de Medell\u00edn. \u00a0<\/p>\n<p>CONSIDERACIONES \u00a0<\/p>\n<p>Competencia. \u00a0<\/p>\n<p>9. \u00a0De conformidad con lo establecido en el numeral 5\u00ba del art\u00edculo \u00a02.2.3.1.2.1 del Decreto 1069 de 2015, modificado por el art\u00edculo \u00a01\u00ba del Decreto 333 de 2021, la Sala de Casaci\u00f3n Penal es \u00a0competente para resolver la demanda de tutela instaurada mediante \u00a0apoderado por RAM\u00d3N \u00a0EMILIO VILLA RAM\u00cdREZ, \u00a0contra la \u00a0Sala Penal del Tribunal Superior de Medell\u00edn. \u00a0<\/p>\n<p>10. \u00a0Dispone el art\u00edculo 86 de la Constituci\u00f3n Pol\u00edtica, \u00a0y as\u00ed lo reitera el art\u00edculo 1\u00ba del Decreto 2591 \u00a0de 1991, que toda persona tendr\u00e1 acci\u00f3n de tutela para \u00a0reclamar ante los jueces la protecci\u00f3n inmediata de sus \u00a0derechos fundamentales, cuando quiera que estos resulten vulnerados o \u00a0amenazados por acci\u00f3n u omisi\u00f3n de cualquier autoridad \u00a0p\u00fablica o de los particulares en los casos que la ley \u00a0contempla; amparo que solo proceder\u00e1 si el afectado no dispone \u00a0de otro medio de defensa judicial, salvo que se utilice como \u00a0mecanismo transitorio para evitar un perjuicio irremediable. \u00a0<\/p>\n<p>An\u00e1lisis \u00a0del caso en concreto. \u00a0<\/p>\n<p>11. \u00a0La censura constitucional propuesta \u00a0por RAM\u00d3N \u00a0EMILIO VILLA RAM\u00cdREZ se \u00a0dirige a decretar la nulidad de las sentencias emitidas por el \u00a0Juzgado 2\u00b0 Penal del Circuito de Itag\u00fc\u00ed y la Sala \u00a0Penal del Tribunal Superior de Medell\u00edn, que en primera y \u00a0segunda instancia respectivamente, el 30 de octubre de 2020 y el 22 \u00a0de abril de 2021, impusieron a RAM\u00d3N EMILIO VILLA RAM\u00cdREZ, \u00a0la \u00a0pena de 260 meses de prisi\u00f3n \u00a0por el \u00a0delito de secuestro simple agravado, dentro del radicado N\u00b0 \u00a0053606099057201904958, adem\u00e1s de ordenar su libertad. \u00a0<\/p>\n<p>12. \u00a0Ahora, \u00a0el Juzgado 2\u00b0 Penal del Circuito de Itag\u00fc\u00ed informa \u00a0que el aqu\u00ed demandante en pret\u00e9ritas oportunidades \u00a0promovi\u00f3 acciones de tutela contra las mismas partes, por \u00a0iguales pretensiones y con fundamento en los mismos hechos y \u00a0reproches que expone en el presente mecanismo de amparo frente a las \u00a0referidas decisiones. \u00a0<\/p>\n<p>12.1. \u00a0Pues \u00a0bien, esta Sala pudo constatar que desde el a\u00f1o 2019 el \u00a0accionante ha interpuesto varias acciones constitucionales, todas \u00a0conocidas por la Sala de Casaci\u00f3n Penal en el marco de los \u00a0procesos penales adelantados en su contra, algunas de ellas contra \u00a0las decisiones tomadas en la causa por el delito de hurto calificado \u00a0y agravado (rad. \u00a0053606000000202000005), \u00a0otras en busca de que se le otorgue la libertad, y las \u00faltimas \u00a0contra el proceso que curs\u00f3 por secuestro simple agravado \u00a0(rad. 053606099057201904958). \u00a0<\/p>\n<p>12.2. \u00a0El cotejo de aquellas decisiones de tutela muestra identidad de \u00a0partes, causa y objeto \u00a0con la acci\u00f3n constitucional aqu\u00ed estudiada, as\u00ed: \u00a0<\/p>\n<p>\u00a0 \u00a0\u00a0 \u00a0 \u00a0 \u00a0 \u00a0 \u00a0 \u00a0 \u00a0 \u00a0 \u00a0 \u00a0 \u00a0 \u00a0 \u00a0 \u00a0 \u00a0 \u00a0 \u00a0 \u00a0 \u00a0 \u00a0 \u00a0 \u00a0 \u00a0 \u00a0 \u00a0 \u00a0 \u00a0 \u00a0 \u00a0<\/p>\n<p>FALLO \u00a0 \u00a0 \u00a0 \u00a0 \u00a0 \u00a0 \u00a0 \u00a0 \u00a0 \u00a0 \u00a0 \u00a0 \u00a0 \u00a0 \u00a0 \u00a0 \u00a0 \u00a0 \u00a0 \u00a0 \u00a0 \u00a0 \u00a0 \u00a0 \u00a0 \u00a0 \u00a0 \u00a0 \u00a0 \u00a0 \u00a0 \u00a0 \u00a0 \u00a0 \u00a0<\/p>\n<p>FECHA \u00a0 \u00a0 \u00a0 \u00a0 \u00a0 \u00a0 \u00a0 \u00a0 \u00a0 \u00a0 \u00a0 \u00a0 \u00a0 \u00a0 \u00a0 \u00a0 \u00a0 \u00a0 \u00a0 \u00a0 \u00a0 \u00a0 \u00a0 \u00a0 \u00a0 \u00a0 \u00a0 \u00a0 \u00a0 \u00a0 \u00a0 \u00a0 \u00a0 \u00a0 \u00a0<\/p>\n<p>ACCIONADOS \u00a0 \u00a0 \u00a0 \u00a0 \u00a0 \u00a0 \u00a0 \u00a0 \u00a0 \u00a0 \u00a0 \u00a0 \u00a0 \u00a0 \u00a0 \u00a0 \u00a0 \u00a0 \u00a0 \u00a0 \u00a0 \u00a0 \u00a0 \u00a0 \u00a0 \u00a0 \u00a0 \u00a0 \u00a0 \u00a0 \u00a0 \u00a0 \u00a0 \u00a0 \u00a0<\/p>\n<p>HECHOS \u00a0 \u00a0 \u00a0 \u00a0 \u00a0 \u00a0 \u00a0 \u00a0 \u00a0 \u00a0 \u00a0 \u00a0 \u00a0 \u00a0 \u00a0 \u00a0 \u00a0 \u00a0 \u00a0 \u00a0 \u00a0 \u00a0 \u00a0 \u00a0 \u00a0 \u00a0 \u00a0 \u00a0 \u00a0 \u00a0 \u00a0 \u00a0 \u00a0 \u00a0 \u00a0<\/p>\n<p>DECISI\u00d3N \u00a0 \u00a0 \u00a0 \u00a0 \u00a0<\/p>\n<p>Tutela \u00a0 \u00a0 \u00a0 \u00a0 \u00a0 \u00a0 \u00a0 \u00a0 \u00a0 \u00a0 \u00a0 \u00a0 \u00a0108956, \u00a0 \u00a0 \u00a0 \u00a0 \u00a0 \u00a0 \u00a0 \u00a0 \u00a0 \u00a0 \u00a0 \u00a0 \u00a0sentencia STP1219-2020. \u00a0 \u00a0 \u00a0 \u00a0 \u00a0 \u00a0 \u00a0 \u00a0 \u00a0 \u00a0 \u00a0 \u00a0 \u00a0 \u00a0 \u00a0 \u00a0 \u00a0 \u00a0 \u00a0 \u00a0 \u00a0 \u00a0 \u00a0 \u00a0 \u00a0 \u00a0 \u00a0 \u00a0 \u00a0 \u00a0 \u00a0 \u00a0 \u00a0 \u00a0 \u00a0<\/p>\n<p>4 \u00a0 \u00a0 \u00a0 \u00a0 \u00a0 \u00a0 \u00a0 \u00a0 \u00a0 \u00a0 \u00a0 \u00a0 \u00a0de febrero de 2020 \u00a0 \u00a0 \u00a0 \u00a0 \u00a0 \u00a0 \u00a0 \u00a0 \u00a0 \u00a0 \u00a0 \u00a0 \u00a0 \u00a0 \u00a0 \u00a0 \u00a0 \u00a0 \u00a0 \u00a0 \u00a0 \u00a0 \u00a0 \u00a0 \u00a0 \u00a0 \u00a0 \u00a0 \u00a0 \u00a0 \u00a0 \u00a0 \u00a0 \u00a0 \u00a0<\/p>\n<p>Juzgados \u00a0 \u00a0 \u00a0 \u00a0 \u00a0 \u00a0 \u00a0 \u00a0 \u00a0 \u00a0 \u00a0 \u00a0 \u00a01\u00ba Penal Municipal de Itag\u00fc\u00ed con Funci\u00f3n \u00a0 \u00a0 \u00a0 \u00a0 \u00a0 \u00a0 \u00a0 \u00a0 \u00a0 \u00a0 \u00a0 \u00a0 \u00a0de Control de Garant\u00edas y 2\u00ba Penal del Circuito de la \u00a0 \u00a0 \u00a0 \u00a0 \u00a0 \u00a0 \u00a0 \u00a0 \u00a0 \u00a0 \u00a0 \u00a0 \u00a0misma ciudad con Funci\u00f3n de Conocimiento. \u00a0 \u00a0 \u00a0 \u00a0 \u00a0 \u00a0 \u00a0 \u00a0 \u00a0 \u00a0 \u00a0 \u00a0 \u00a0 \u00a0 \u00a0 \u00a0 \u00a0 \u00a0 \u00a0 \u00a0 \u00a0 \u00a0 \u00a0 \u00a0 \u00a0 \u00a0 \u00a0 \u00a0 \u00a0 \u00a0 \u00a0 \u00a0 \u00a0 \u00a0 \u00a0<\/p>\n<p>\u2026se \u00a0 \u00a0 \u00a0 \u00a0 \u00a0 \u00a0 \u00a0 \u00a0 \u00a0 \u00a0 \u00a0 \u00a0 \u00a0oponen a la calificaci\u00f3n jur\u00eddica efectuada por la \u00a0 \u00a0 \u00a0 \u00a0 \u00a0 \u00a0 \u00a0 \u00a0 \u00a0 \u00a0 \u00a0 \u00a0 \u00a0Fiscal\u00eda durante la imputaci\u00f3n, pues no debi\u00f3 \u00a0 \u00a0 \u00a0 \u00a0 \u00a0 \u00a0 \u00a0 \u00a0 \u00a0 \u00a0 \u00a0 \u00a0 \u00a0atribuirles el delito de secuestro simple, y, por ello, era \u00a0 \u00a0 \u00a0 \u00a0 \u00a0 \u00a0 \u00a0 \u00a0 \u00a0 \u00a0 \u00a0 \u00a0 \u00a0improcedente impon\u00e9rseles medida de aseguramiento \u00a0 \u00a0 \u00a0 \u00a0 \u00a0 \u00a0 \u00a0 \u00a0 \u00a0 \u00a0 \u00a0 \u00a0 \u00a0intramural. \u00a0 \u00a0 \u00a0 \u00a0 \u00a0 \u00a0 \u00a0 \u00a0 \u00a0 \u00a0 \u00a0 \u00a0 \u00a0 \u00a0 \u00a0 \u00a0 \u00a0 \u00a0 \u00a0 \u00a0 \u00a0 \u00a0 \u00a0 \u00a0 \u00a0 \u00a0 \u00a0 \u00a0 \u00a0 \u00a0 \u00a0 \u00a0 \u00a0 \u00a0 \u00a0<\/p>\n<p>La \u00a0 \u00a0 \u00a0 \u00a0 \u00a0 \u00a0 \u00a0 \u00a0 \u00a0 \u00a0 \u00a0 \u00a0 \u00a0declara temeraria, al verificar que el 8 de noviembre de 2019 la \u00a0 \u00a0 \u00a0 \u00a0 \u00a0 \u00a0 \u00a0 \u00a0 \u00a0 \u00a0 \u00a0 \u00a0 \u00a0Sala Penal del Tribunal Superior de Medell\u00edn conoci\u00f3 \u00a0 \u00a0 \u00a0 \u00a0 \u00a0 \u00a0 \u00a0 \u00a0 \u00a0 \u00a0 \u00a0 \u00a0 \u00a0de similar acci\u00f3n, la que fue declarada improcedente. \u00a0 \u00a0 \u00a0 \u00a0 \u00a0<\/p>\n<p>Tutela \u00a0 \u00a0 \u00a0 \u00a0 \u00a0 \u00a0 \u00a0 \u00a0 \u00a0 \u00a0 \u00a0 \u00a0 \u00a0113766, sentencia STP12301-2020. \u00a0 \u00a0 \u00a0 \u00a0 \u00a0 \u00a0 \u00a0 \u00a0 \u00a0 \u00a0 \u00a0 \u00a0 \u00a0 \u00a0 \u00a0 \u00a0 \u00a0 \u00a0 \u00a0 \u00a0 \u00a0 \u00a0 \u00a0 \u00a0 \u00a0 \u00a0 \u00a0 \u00a0 \u00a0 \u00a0 \u00a0 \u00a0 \u00a0 \u00a0 \u00a0<\/p>\n<p>26 \u00a0 \u00a0 \u00a0 \u00a0 \u00a0 \u00a0 \u00a0 \u00a0 \u00a0 \u00a0 \u00a0 \u00a0 \u00a0de noviembre de 2020 \u00a0 \u00a0 \u00a0 \u00a0 \u00a0 \u00a0 \u00a0 \u00a0 \u00a0 \u00a0 \u00a0 \u00a0 \u00a0 \u00a0 \u00a0 \u00a0 \u00a0 \u00a0 \u00a0 \u00a0 \u00a0 \u00a0 \u00a0 \u00a0 \u00a0 \u00a0 \u00a0 \u00a0 \u00a0 \u00a0 \u00a0 \u00a0 \u00a0 \u00a0 \u00a0<\/p>\n<p>Juzgado \u00a0 \u00a0 \u00a0 \u00a0 \u00a0 \u00a0 \u00a0 \u00a0 \u00a0 \u00a0 \u00a0 \u00a0 \u00a0Segundo Penal del Circuito de Itag\u00fc\u00ed y Fiscal\u00eda \u00a0 \u00a0 \u00a0 \u00a0 \u00a0 \u00a0 \u00a0 \u00a0 \u00a0 \u00a0 \u00a0 \u00a0 \u00a0240 Seccional de la misma municipalidad \u00a0 \u00a0 \u00a0 \u00a0 \u00a0 \u00a0 \u00a0 \u00a0 \u00a0 \u00a0 \u00a0 \u00a0 \u00a0 \u00a0 \u00a0 \u00a0 \u00a0 \u00a0 \u00a0 \u00a0 \u00a0 \u00a0 \u00a0 \u00a0 \u00a0 \u00a0 \u00a0 \u00a0 \u00a0 \u00a0 \u00a0 \u00a0 \u00a0 \u00a0 \u00a0<\/p>\n<p>En \u00a0 \u00a0 \u00a0 \u00a0 \u00a0 \u00a0 \u00a0 \u00a0 \u00a0 \u00a0 \u00a0 \u00a0 \u00a0su escrito de tutela el accionante cuestiona el tr\u00e1mite \u00a0 \u00a0 \u00a0 \u00a0 \u00a0 \u00a0 \u00a0 \u00a0 \u00a0 \u00a0 \u00a0 \u00a0 \u00a0adelantado en su contra por el il\u00edcito de secuestro simple \u00a0 \u00a0 \u00a0 \u00a0 \u00a0 \u00a0 \u00a0 \u00a0 \u00a0 \u00a0 \u00a0 \u00a0 \u00a0agravado. En particular, advierte que tanto la imputaci\u00f3n \u00a0 \u00a0 \u00a0 \u00a0 \u00a0 \u00a0 \u00a0 \u00a0 \u00a0 \u00a0 \u00a0 \u00a0 \u00a0como la acusaci\u00f3n son arbitrarias e ilegales, pues no \u00a0 \u00a0 \u00a0 \u00a0 \u00a0 \u00a0 \u00a0 \u00a0 \u00a0 \u00a0 \u00a0 \u00a0 \u00a0existe ning\u00fan elemento material probatorio, evidencia \u00a0 \u00a0 \u00a0 \u00a0 \u00a0 \u00a0 \u00a0 \u00a0 \u00a0 \u00a0 \u00a0 \u00a0 \u00a0f\u00edsica o informaci\u00f3n legalmente obtenida que permita \u00a0 \u00a0 \u00a0 \u00a0 \u00a0 \u00a0 \u00a0 \u00a0 \u00a0 \u00a0 \u00a0 \u00a0 \u00a0inferir la existencia del hecho. \u00a0 \u00a0 \u00a0 \u00a0 \u00a0 \u00a0 \u00a0 \u00a0 \u00a0 \u00a0 \u00a0 \u00a0 \u00a0 \u00a0 \u00a0 \u00a0 \u00a0 \u00a0 \u00a0 \u00a0 \u00a0 \u00a0 \u00a0 \u00a0 \u00a0 \u00a0 \u00a0 \u00a0 \u00a0 \u00a0 \u00a0 \u00a0 \u00a0 \u00a0 \u00a0<\/p>\n<p>La \u00a0 \u00a0 \u00a0 \u00a0 \u00a0 \u00a0 \u00a0 \u00a0 \u00a0 \u00a0 \u00a0 \u00a0 \u00a0declar\u00f3 improcedente al estar pendiente de resolverse el \u00a0 \u00a0 \u00a0 \u00a0 \u00a0 \u00a0 \u00a0 \u00a0 \u00a0 \u00a0 \u00a0 \u00a0 \u00a0recurso de apelaci\u00f3n ante el Tribunal de Medell\u00edn. \u00a0 \u00a0 \u00a0 \u00a0 \u00a0<\/p>\n<p>Tutela \u00a0 \u00a0 \u00a0 \u00a0 \u00a0 \u00a0 \u00a0 \u00a0 \u00a0 \u00a0 \u00a0 \u00a0 \u00a0117013, sentencia STP6481-2021 \u00a0 \u00a0 \u00a0 \u00a0 \u00a0 \u00a0 \u00a0 \u00a0 \u00a0 \u00a0 \u00a0 \u00a0 \u00a0 \u00a0 \u00a0 \u00a0 \u00a0 \u00a0 \u00a0 \u00a0 \u00a0 \u00a0 \u00a0 \u00a0 \u00a0 \u00a0 \u00a0 \u00a0 \u00a0 \u00a0 \u00a0 \u00a0 \u00a0 \u00a0 \u00a0<\/p>\n<p>1\u00b0 \u00a0 \u00a0 \u00a0 \u00a0 \u00a0 \u00a0 \u00a0 \u00a0 \u00a0 \u00a0 \u00a0 \u00a0 \u00a0de junio de 2021 \u00a0 \u00a0 \u00a0 \u00a0 \u00a0 \u00a0 \u00a0 \u00a0 \u00a0 \u00a0 \u00a0 \u00a0 \u00a0 \u00a0 \u00a0 \u00a0 \u00a0 \u00a0 \u00a0 \u00a0 \u00a0 \u00a0 \u00a0 \u00a0 \u00a0 \u00a0 \u00a0 \u00a0 \u00a0 \u00a0 \u00a0 \u00a0 \u00a0 \u00a0 \u00a0<\/p>\n<p>Sala \u00a0 \u00a0 \u00a0 \u00a0 \u00a0 \u00a0 \u00a0 \u00a0 \u00a0 \u00a0 \u00a0 \u00a0 \u00a0Penal del Tribunal Superior del Distrito Judicial de Medell\u00edn \u00a0 \u00a0 \u00a0 \u00a0 \u00a0 \u00a0 \u00a0 \u00a0 \u00a0 \u00a0 \u00a0 \u00a0 \u00a0y el Juzgado Segundo Penal del Circuito de Itag\u00fc\u00ed \u00a0 \u00a0 \u00a0 \u00a0 \u00a0 \u00a0 \u00a0 \u00a0 \u00a0 \u00a0 \u00a0 \u00a0 \u00a0 \u00a0 \u00a0 \u00a0 \u00a0 \u00a0 \u00a0 \u00a0 \u00a0 \u00a0 \u00a0 \u00a0 \u00a0 \u00a0 \u00a0 \u00a0 \u00a0 \u00a0 \u00a0 \u00a0 \u00a0 \u00a0 \u00a0<\/p>\n<p>Acude \u00a0 \u00a0 \u00a0 \u00a0 \u00a0 \u00a0 \u00a0 \u00a0 \u00a0 \u00a0 \u00a0 \u00a0 \u00a0al presente tr\u00e1mite constitucional, con el fin que se \u00a0 \u00a0 \u00a0 \u00a0 \u00a0 \u00a0 \u00a0 \u00a0 \u00a0 \u00a0 \u00a0 \u00a0 \u00a0decrete la nulidad de las sentencias condenatorias proferidas en \u00a0 \u00a0 \u00a0 \u00a0 \u00a0 \u00a0 \u00a0 \u00a0 \u00a0 \u00a0 \u00a0 \u00a0 \u00a0su contra dentro del proceso penal 2019-04958, puesto que, el \u00a0 \u00a0 \u00a0 \u00a0 \u00a0 \u00a0 \u00a0 \u00a0 \u00a0 \u00a0 \u00a0 \u00a0 \u00a0delito de secuestro simple es inexistente \u201cporque \u00a0 \u00a0 \u00a0 \u00a0 \u00a0 \u00a0 \u00a0 \u00a0 \u00a0 \u00a0 \u00a0 \u00a0 \u00a0la intenci\u00f3n o el prop\u00f3sito era cometer un hurto y \u00a0 \u00a0 \u00a0 \u00a0 \u00a0 \u00a0 \u00a0 \u00a0 \u00a0 \u00a0 \u00a0 \u00a0 \u00a0no un secuestro y la retenci\u00f3n de las personas fue por la \u00a0 \u00a0 \u00a0 \u00a0 \u00a0 \u00a0 \u00a0 \u00a0 \u00a0 \u00a0 \u00a0 \u00a0 \u00a0causalidad del delito de hurto\u201d \u00a0 \u00a0 \u00a0 \u00a0 \u00a0 \u00a0 \u00a0 \u00a0 \u00a0 \u00a0 \u00a0 \u00a0 \u00a0. \u00a0 \u00a0 \u00a0 \u00a0 \u00a0 \u00a0 \u00a0 \u00a0 \u00a0 \u00a0 \u00a0 \u00a0 \u00a0 \u00a0 \u00a0 \u00a0 \u00a0 \u00a0 \u00a0 \u00a0 \u00a0 \u00a0 \u00a0 \u00a0 \u00a0 \u00a0 \u00a0 \u00a0 \u00a0 \u00a0 \u00a0 \u00a0 \u00a0 \u00a0 \u00a0<\/p>\n<p>La \u00a0 \u00a0 \u00a0 \u00a0 \u00a0 \u00a0 \u00a0 \u00a0 \u00a0 \u00a0 \u00a0 \u00a0 \u00a0declara improcedente al verificar que no se cumpli\u00f3 con el \u00a0 \u00a0 \u00a0 \u00a0 \u00a0 \u00a0 \u00a0 \u00a0 \u00a0 \u00a0 \u00a0 \u00a0 \u00a0requisito general de subsidiariedad, al no presentar la demanda de \u00a0 \u00a0 \u00a0 \u00a0 \u00a0 \u00a0 \u00a0 \u00a0 \u00a0 \u00a0 \u00a0 \u00a0 \u00a0casaci\u00f3n, adem\u00e1s de poder acudir a la acci\u00f3n \u00a0 \u00a0 \u00a0 \u00a0 \u00a0 \u00a0 \u00a0 \u00a0 \u00a0 \u00a0 \u00a0 \u00a0 \u00a0de revisi\u00f3n. \u00a0 \u00a0 \u00a0 \u00a0 \u00a0<\/p>\n<p>Tutela \u00a0 \u00a0 \u00a0 \u00a0 \u00a0 \u00a0 \u00a0 \u00a0 \u00a0 \u00a0 \u00a0 \u00a0 \u00a0119121, sentencia STP2546 &#8211; 2022 \u00a0 \u00a0 \u00a0 \u00a0 \u00a0 \u00a0 \u00a0 \u00a0 \u00a0 \u00a0 \u00a0 \u00a0 \u00a0 \u00a0 \u00a0 \u00a0 \u00a0 \u00a0 \u00a0 \u00a0 \u00a0 \u00a0 \u00a0 \u00a0 \u00a0 \u00a0 \u00a0 \u00a0 \u00a0 \u00a0 \u00a0 \u00a0 \u00a0 \u00a0 \u00a0<\/p>\n<p>1\u00b0 \u00a0 \u00a0 \u00a0 \u00a0 \u00a0 \u00a0 \u00a0 \u00a0 \u00a0 \u00a0 \u00a0 \u00a0 \u00a0de febrero de 2022 \u00a0 \u00a0 \u00a0 \u00a0 \u00a0 \u00a0 \u00a0 \u00a0 \u00a0 \u00a0 \u00a0 \u00a0 \u00a0 \u00a0 \u00a0 \u00a0 \u00a0 \u00a0 \u00a0 \u00a0 \u00a0 \u00a0 \u00a0 \u00a0 \u00a0 \u00a0 \u00a0 \u00a0 \u00a0 \u00a0 \u00a0 \u00a0 \u00a0 \u00a0 \u00a0<\/p>\n<p>Juzgado \u00a0 \u00a0 \u00a0 \u00a0 \u00a0 \u00a0 \u00a0 \u00a0 \u00a0 \u00a0 \u00a0 \u00a0 \u00a0Segundo Penal del Circuito de Itag\u00fc\u00ed, la Sala Penal \u00a0 \u00a0 \u00a0 \u00a0 \u00a0 \u00a0 \u00a0 \u00a0 \u00a0 \u00a0 \u00a0 \u00a0 \u00a0del Tribunal Superior del Distrito Judicial de Medell\u00edn y \u00a0 \u00a0 \u00a0 \u00a0 \u00a0 \u00a0 \u00a0 \u00a0 \u00a0 \u00a0 \u00a0 \u00a0 \u00a0la Fiscal\u00eda 240 Seccional del mismo lugar. \u00a0 \u00a0 \u00a0 \u00a0 \u00a0 \u00a0 \u00a0 \u00a0 \u00a0 \u00a0 \u00a0 \u00a0 \u00a0 \u00a0 \u00a0 \u00a0 \u00a0 \u00a0 \u00a0 \u00a0 \u00a0 \u00a0 \u00a0 \u00a0 \u00a0 \u00a0 \u00a0 \u00a0 \u00a0 \u00a0 \u00a0 \u00a0 \u00a0 \u00a0 \u00a0<\/p>\n<p>La \u00a0 \u00a0 \u00a0 \u00a0 \u00a0 \u00a0 \u00a0 \u00a0 \u00a0 \u00a0 \u00a0 \u00a0 \u00a0Sala resumi\u00f3 as\u00ed los alegatos del accionante: en la \u00a0 \u00a0 \u00a0 \u00a0 \u00a0 \u00a0 \u00a0 \u00a0 \u00a0 \u00a0 \u00a0 \u00a0 \u00a0sentencia condenatoria [por el delito de secuestro simple] se \u00a0 \u00a0 \u00a0 \u00a0 \u00a0 \u00a0 \u00a0 \u00a0 \u00a0 \u00a0 \u00a0 \u00a0 \u00a0vulner\u00f3 su principio non bis in \u00eddem, teniendo en \u00a0 \u00a0 \u00a0 \u00a0 \u00a0 \u00a0 \u00a0 \u00a0 \u00a0 \u00a0 \u00a0 \u00a0 \u00a0cuenta que, \u201cd\u00e1ndole \u00a0 \u00a0 \u00a0 \u00a0 \u00a0 \u00a0 \u00a0 \u00a0 \u00a0 \u00a0 \u00a0 \u00a0 \u00a0una denominaci\u00f3n diferente se me incrimin\u00f3 y se me \u00a0 \u00a0 \u00a0 \u00a0 \u00a0 \u00a0 \u00a0 \u00a0 \u00a0 \u00a0 \u00a0 \u00a0 \u00a0judicializ\u00f3 dos veces por el mismo hecho punible y con los \u00a0 \u00a0 \u00a0 \u00a0 \u00a0 \u00a0 \u00a0 \u00a0 \u00a0 \u00a0 \u00a0 \u00a0 \u00a0mismos elementos materiales probatorios del proceso no. \u00a0 \u00a0 \u00a0 \u00a0 \u00a0 \u00a0 \u00a0 \u00a0 \u00a0 \u00a0 \u00a0 \u00a0 \u00a02020-00005\u201d, \u00a0 \u00a0 \u00a0 \u00a0 \u00a0 \u00a0 \u00a0 \u00a0 \u00a0 \u00a0 \u00a0 \u00a0 \u00a0pese a que \u201cel \u00a0 \u00a0 \u00a0 \u00a0 \u00a0 \u00a0 \u00a0 \u00a0 \u00a0 \u00a0 \u00a0 \u00a0 \u00a0delito de secuestro simple es inexistente\u201d. \u00a0 \u00a0 \u00a0 \u00a0 \u00a0 \u00a0 \u00a0 \u00a0 \u00a0 \u00a0 \u00a0 \u00a0 \u00a0 \u00a0 \u00a0 \u00a0 \u00a0 \u00a0 \u00a0 \u00a0 \u00a0 \u00a0 \u00a0 \u00a0 \u00a0 \u00a0 \u00a0 \u00a0 \u00a0 \u00a0 \u00a0 \u00a0 \u00a0 \u00a0 \u00a0<\/p>\n<p>12.3. \u00a0De la s\u00edntesis precedente se concluye, que se \u00a0configura una actuaci\u00f3n temeraria \u00a0en lo referente a discutir la condena emitida contra el libelista por \u00a0el delito de secuestro simple agravado, por lo que \u00a0la nueva demanda re\u00fane los requisitos definidos por la \u00a0jurisprudencia de la Corte Constitucional y reiterados por esta \u00a0Corporaci\u00f3n para ser considerada una acci\u00f3n de tal \u00a0categor\u00eda, esto es, identidad de partes, de causa y de objeto, \u00a0como lo explic\u00f3 esa Corporaci\u00f3n en sentencia CC \u00a0T-556\/10 al referir que ello ocurre: \u00a0<\/p>\n<p>\u201c\u2026cuando \u00a0existe (i) identidad de partes; (ii) identidad de causa petendi; \u00a0(iii) identidad de objeto; (iv) ausencia de un argumento v\u00e1lido \u00a0que permita convalidar la duplicidad en el ejercicio de la acci\u00f3n, \u00a0es decir, mala fe o abuso del derecho de acceso a la administraci\u00f3n \u00a0de justicia. Surgiendo como consecuencia en caso de que llegue a \u00a0configurarse la temeridad, el rechazo o la decisi\u00f3n \u00a0desfavorable de todas las solicitudes de tutela, teniendo el juez la \u00a0posibilidad de imponer las sanciones a que haya lugar\u201d. \u00a0<\/p>\n<p>12.4. \u00a0En ese orden, evidencia la Sala que lo que pretende el demandante \u00a0frente a los despachos accionados, es que se emita un nuevo \u00a0pronunciamiento sobre peticiones ya analizadas en sede de tutela por \u00a0diferentes despachos y en diferentes oportunidades. \u00a0<\/p>\n<p>13. \u00a0Agr\u00e9guese a lo anterior, que si RAM\u00d3N EMILIO VILLA \u00a0RAM\u00cdREZ considera que posee elementos materiales probatorios \u00a0que no exist\u00edan al momento de surtirse el proceso penal \u00a0adelantado en su contra, los cuales versan sobre hechos que no fueron \u00a0objeto debate en dicha oportunidad y que tienen la vocaci\u00f3n \u00a0probatoria suficiente para demostrar su inocencia, puede hacer uso de \u00a0la acci\u00f3n de revisi\u00f3n establecida en el art\u00edculo \u00a0192 y subsiguientes de la Ley 906 de 2004. \u00a0<\/p>\n<p>14. \u00a0As\u00ed las cosas, se declarar\u00e1 improcedente el amparo \u00a0invocado ante la manifiesta temeridad de las pretensiones, pues como \u00a0se expuso l\u00edneas atr\u00e1s, los temas que pretende debatir, \u00a0ya fueron abordados por esta Corporaci\u00f3n en sede de tutela. \u00a0<\/p>\n<p>Por \u00a0lo expuesto, \u00a0la \u00a0CORTE SUPREMA DE JUSTICIA, SALA DE CASACI\u00d3N PENAL \u2013 EN \u00a0SALA DE DECISI\u00d3N DE ACCIONES DE TUTELA N\u00b0 1, administrando \u00a0justicia, \u00a0en nombre de la Rep\u00fablica y por autoridad de la Ley, \u00a0<\/p>\n<p>RESUELVE \u00a0<\/p>\n<p>1\u00ba. \u00a0DECLARAR \u00a0improcedente \u00a0el amparo invocado por temeridad en el ejercicio de la acci\u00f3n \u00a0de tutela, conforme se expuso en la parte motiva de esta providencia. \u00a0<\/p>\n<p>2\u00b0. \u00a0NOTIFICAR \u00a0este fallo a las partes, de conformidad con el art\u00edculo 30 del \u00a0Decreto 2591 de 1991. \u00a0<\/p>\n<p>3\u00ba. \u00a0ENVIAR \u00a0el expediente a la Corte Constitucional para la eventual revisi\u00f3n \u00a0de este fallo, en caso de no ser impugnado. \u00a0<\/p>\n<p>NOTIF\u00cdQUESE \u00a0y C\u00daMPLASE \u00a0<\/p>\n<p>FERNANDO \u00a0LE\u00d3N BOLA\u00d1OS PALACIOS \u00a0<\/p>\n<p>JOS\u00c9 \u00a0FRANCISCO ACU\u00d1A VIZCAYA \u00a0<\/p>\n<p>NUBIA \u00a0YOLANDA NOVA GARC\u00cdA \u00a0<\/p>\n<p>Secretaria \u00a0<\/p>\n<p>5 \u00a0 \u00a0 \u00a0<\/p>\n<p><\/p>\n","protected":false},"excerpt":{"rendered":"<p>\u00a0 \u00a0 \u00a0 CUI \u00a0 \u00a0 \u00a0 \u00a0 \u00a011001020400020230013200 \u00a0 \u00a0 \u00a0 \u00a0 \u00a0 N\u00famero \u00a0 \u00a0 \u00a0 \u00a0 \u00a0interno 128443 \u00a0 \u00a0 \u00a0 \u00a0 \u00a0 Tutela \u00a0 \u00a0 \u00a0 \u00a0 \u00a0primera instancia \u00a0 \u00a0 \u00a0 \u00a0 \u00a0 RAM\u00d3N \u00a0 \u00a0 \u00a0 \u00a0 \u00a0EMILIO VILLA RAM\u00cdREZ \u00a0 \u00a0 FERNANDO \u00a0LE\u00d3N BOLA\u00d1OS PALACIOS \u00a0 STP616-2023 \u00a0 [&hellip;]<\/p>\n","protected":false},"author":1,"featured_media":0,"comment_status":"open","ping_status":"open","sticky":false,"template":"","format":"standard","meta":{"footnotes":""},"categories":[60],"tags":[],"class_list":["post-70154","post","type-post","status-publish","format-standard","hentry","category-enero-2023"],"_links":{"self":[{"href":"https:\/\/dmsjuridica.com\/buscador_20179478954\/salapenalcronologico20230723\/wp-json\/wp\/v2\/posts\/70154","targetHints":{"allow":["GET"]}}],"collection":[{"href":"https:\/\/dmsjuridica.com\/buscador_20179478954\/salapenalcronologico20230723\/wp-json\/wp\/v2\/posts"}],"about":[{"href":"https:\/\/dmsjuridica.com\/buscador_20179478954\/salapenalcronologico20230723\/wp-json\/wp\/v2\/types\/post"}],"author":[{"embeddable":true,"href":"https:\/\/dmsjuridica.com\/buscador_20179478954\/salapenalcronologico20230723\/wp-json\/wp\/v2\/users\/1"}],"replies":[{"embeddable":true,"href":"https:\/\/dmsjuridica.com\/buscador_20179478954\/salapenalcronologico20230723\/wp-json\/wp\/v2\/comments?post=70154"}],"version-history":[{"count":0,"href":"https:\/\/dmsjuridica.com\/buscador_20179478954\/salapenalcronologico20230723\/wp-json\/wp\/v2\/posts\/70154\/revisions"}],"wp:attachment":[{"href":"https:\/\/dmsjuridica.com\/buscador_20179478954\/salapenalcronologico20230723\/wp-json\/wp\/v2\/media?parent=70154"}],"wp:term":[{"taxonomy":"category","embeddable":true,"href":"https:\/\/dmsjuridica.com\/buscador_20179478954\/salapenalcronologico20230723\/wp-json\/wp\/v2\/categories?post=70154"},{"taxonomy":"post_tag","embeddable":true,"href":"https:\/\/dmsjuridica.com\/buscador_20179478954\/salapenalcronologico20230723\/wp-json\/wp\/v2\/tags?post=70154"}],"curies":[{"name":"wp","href":"https:\/\/api.w.org\/{rel}","templated":true}]}}