{"id":69280,"date":"2024-03-06T15:55:10","date_gmt":"2024-03-06T15:55:10","guid":{"rendered":"https:\/\/dmsjuridica.com\/buscador_20179478954\/salapenalcronologico20230723\/2024\/03\/06\/stp16906-2022\/"},"modified":"2024-03-06T15:55:10","modified_gmt":"2024-03-06T15:55:10","slug":"stp16906-2022","status":"publish","type":"post","link":"https:\/\/dmsjuridica.com\/buscador_20179478954\/salapenalcronologico20230723\/2024\/03\/06\/stp16906-2022\/","title":{"rendered":"STP16906-2022"},"content":{"rendered":"\n<p>\u00a0 \u00a0 \u00a0 \u00a0\u00a0<\/p>\n<p>JOS\u00c9 \u00a0FRANCISCO ACU\u00d1A VIZCAYA \u00a0<\/p>\n<p>Magistrado \u00a0Ponente \u00a0<\/p>\n<p>STP16906-2022 \u00a0<\/p>\n<p>Radicaci\u00f3n \u00a0No. 127704 \u00a0<\/p>\n<p>(Aprobado \u00a0Acta No. 294) \u00a0<\/p>\n<p>Bogot\u00e1 \u00a0D.C., diecinueve (19) de diciembre de dos mil veintid\u00f3s (2022) \u00a0<\/p>\n<p>VISTOS \u00a0<\/p>\n<p>Decide \u00a0la Sala la impugnaci\u00f3n interpuesta por DAR\u00cdO \u00a0SMITH CERA HENR\u00cdQUEZ, \u00a0contra \u00a0el fallo de tutela proferido el 19 de octubre de 2022 por la Sala \u00a0Penal del Tribunal Superior del Distrito Judicial de Santa Marta, \u00a0que \u00a0declar\u00f3 improcedente la solicitud de amparo interpuesta contra \u00a0el Juzgado Segundo de Ejecuci\u00f3n de Penas y Medidas de \u00a0Seguridad de Santa Marta. \u00a0<\/p>\n<p>ANTECEDENTES \u00a0<\/p>\n<p>Y \u00a0<\/p>\n<p>FUNDAMENTOS \u00a0DE LA ACCI\u00d3N \u00a0<\/p>\n<p>Fueron \u00a0recogidos en la decisi\u00f3n de primera instancia, en los \u00a0siguientes t\u00e9rminos: \u00a0<\/p>\n<p>1.- \u00a0El accionante manifiesta que teniendo en cuenta lo establecido en el \u00a0art\u00edculo 20 del Acto Legislativo 01 de 2016 y en los art\u00edculos \u00a022 y 188 de la Constituci\u00f3n Pol\u00edtica de Colombia, se \u00a0encuentra que la paz es un derecho y un deber obligatorio que debe \u00a0ser garantizado por el Presidente la Republica como responsable del \u00a0orden p\u00fablico con ocasi\u00f3n a los di\u00e1logos de paz \u00a0y el resultado de las negociaciones realizadas el 12 de noviembre de \u00a02016 en la Habana (Cuba) entre el Gobierno Nacional y representantes \u00a0de las FARC. \u00a0<\/p>\n<p>2.- \u00a0Afirma que el acuerdo firmado por el Presidente de la Republica y el \u00a0comandante de las FARC para la terminaci\u00f3n del conflicto y la \u00a0construcci\u00f3n de una paz estable y duradera en Colombia fue un \u00a0proceso democr\u00e1tico constituido por mecanismos de \u00a0participaci\u00f3n regulados por la ley. \u00a0<\/p>\n<p>3.- \u00a0Asevera que por lo anterior, se adoptaron tratamientos penales \u00a0especiales a favor de agentes del estado que fueron condenados por \u00a0relaci\u00f3n directa o indirecta con el conflicto armado, pues si \u00a0bien fueron beneficiarios exintegrantes del Acuerdo Final tambi\u00e9n \u00a0lo fueron aquellos que se encontraban dentro de los listados \u00a0reconocidos, aunque no tuvieran relaci\u00f3n directa o indirecta \u00a0con los firmantes. \u00a0<\/p>\n<p>4.- \u00a0Igualmente manifiesta que tambi\u00e9n fueron beneficiados agentes \u00a0del estado vinculados por la Justicia Penal y Ordinaria Especializada \u00a0por delitos atroces, mismos que no hac\u00edan parte del conflicto \u00a0armado en raz\u00f3n a que las v\u00edctimas eran civiles \u00a0asesinados por integrantes del Ej\u00e9rcito Nacional quienes \u00a0buscaban recibir lucramiento econ\u00f3mico, permisos o permanecer \u00a0en la zona fruct\u00edfera del narcotr\u00e1fico, entre otros, \u00a0quienes tambi\u00e9n hicieron mal uso de su uniforme, por lo que no \u00a0se puede comparar estos actos con el de los grupos armados al margen \u00a0de la ley dadas las funciones que contienen las Fuerzas Armadas. \u00a0<\/p>\n<p>EL \u00a0FALLO IMPUGNADO \u00a0<\/p>\n<p>La \u00a0Sala \u00a0Penal del Tribunal Superior del Distrito Judicial de Santa Marta \u00a0declar\u00f3 \u00a0improcedente el amparo invocado, teniendo en cuenta que, contra el \u00a0auto de 22 de junio de 2022, emitidos por el Juzgado \u00a0Segundo de Ejecuci\u00f3n de Penas y Medidas de Seguridad de Santa \u00a0Marta, \u00a0proced\u00edan los recursos de reposici\u00f3n y apelaci\u00f3n, \u00a0sin que DAR\u00cdO \u00a0SMITH CERA HENR\u00cdQUEZ \u00a0hubieran mostrado su inconformidad a trav\u00e9s de dichos \u00a0recursos. \u00a0<\/p>\n<p>Siendo \u00a0as\u00ed, manifest\u00f3 que con la habilitaci\u00f3n de los \u00a0recursos de reposici\u00f3n y apelaci\u00f3n, pudo presentar los \u00a0reproches que expone mediante esta v\u00eda excepcional, sin que se \u00a0evidencie en el expediente que, acudi\u00f3 a estos mecanismos \u00a0id\u00f3neos para argumentar sus reparos contra la decisi\u00f3n \u00a0del Juzgado accionado neg\u00f3 por improcedente la solicitud \u00a0elevada por el accionante, correspondiente a la rebaja del 20% de la \u00a0condena en aplicaci\u00f3n de la Ley 1820 de 2016 por \u00a0favorabilidad. \u00a0<\/p>\n<p>LA \u00a0IMPUGNACI\u00d3N \u00a0<\/p>\n<p>Fue \u00a0propuesta por el accionante, sin determinar las razones de su \u00a0inconformidad. \u00a0<\/p>\n<p>CONSIDERACIONES \u00a0DE LA SALA \u00a0<\/p>\n<p>De \u00a0conformidad con lo previsto en el art\u00edculo 32 del Decreto 2591 \u00a0de 1991, en concordancia con el art\u00edculo 44 del Reglamento \u00a0Interno de esta Corporaci\u00f3n, esta Sala es competente para \u00a0resolver el recurso de impugnaci\u00f3n interpuesto por DAR\u00cdO \u00a0SMITH CERA HENR\u00cdQUEZ, \u00a0contra \u00a0el fallo de tutela proferido el 29 de marzo de 2022 por la Sala Penal \u00a0del Tribunal Superior del Distrito Judicial de Santa Marta, \u00a0que \u00a0declar\u00f3 improcedente la solicitud de amparo interpuesta contra \u00a0el Juzgado Segundo de Ejecuci\u00f3n de Penas y Medidas de \u00a0Seguridad de la misma cuidad. \u00a0<\/p>\n<p>Requisitos \u00a0de procedibilidad de la acci\u00f3n de tutela contra providencias \u00a0judiciales \u00a0<\/p>\n<p>La \u00a0tutela es un mecanismo de protecci\u00f3n excepcional frente a \u00a0providencias judiciales, su prosperidad va ligada al cumplimiento de \u00a0estrictos requisitos \u00a0de \u00a0procedibilidad que implican una carga para el actor, tanto en su \u00a0planteamiento como en su demostraci\u00f3n, como lo ha expuesto la \u00a0propia Corte Constitucional1. \u00a0<\/p>\n<p>La \u00a0acci\u00f3n de tutela contra providencias judiciales, exige: \u00a0<\/p>\n<p>a. \u00a0Que la cuesti\u00f3n que se discuta resulte de evidente relevancia \u00a0constitucional. \u00a0<\/p>\n<p>b. \u00a0Que se hayan agotado todos los medios -ordinarios y extraordinarios- \u00a0de defensa judicial al alcance de la persona afectada, salvo que se \u00a0trate de evitar la consumaci\u00f3n de un perjuicio iusfundamental \u00a0irremediable. \u00a0<\/p>\n<p>c. \u00a0Que se cumpla el requisito de la inmediatez, es decir, que la tutela \u00a0se hubiere interpuesto en un t\u00e9rmino razonable y proporcionado \u00a0a partir del hecho que origin\u00f3 la vulneraci\u00f3n. \u00a0<\/p>\n<p>d. \u00a0Cuando se trate de una irregularidad procesal, debe quedar claro que \u00a0la misma tiene un efecto decisivo o determinante en la sentencia que \u00a0se impugna y que ata\u00f1e a los derechos fundamentales del \u00a0accionante. \u00a0<\/p>\n<p>e. \u00a0Que la parte actora identifique de manera razonable tanto los hechos \u00a0que generaron la vulneraci\u00f3n como los derechos vulnerados y \u00a0que hubiere alegado tal vulneraci\u00f3n en el proceso judicial \u00a0siempre que esto hubiere sido posible.2 \u00a0<\/p>\n<p>f. \u00a0Que no se trate de sentencias de tutela. \u00a0<\/p>\n<p>Mientras \u00a0que, en punto de las exigencias espec\u00edficas, se han \u00a0establecido las que a continuaci\u00f3n se relacionan: \u00a0<\/p>\n<p>i) \u00a0Defecto org\u00e1nico, que se presenta cuando el funcionario \u00a0judicial que profiri\u00f3 la providencia impugnada carece \u00a0absolutamente de competencia para ello. \u00a0<\/p>\n<p>ii) \u00a0Defecto procedimental absoluto, que se origina cuando el juez actu\u00f3 \u00a0completamente al margen del procedimiento establecido. \u00a0<\/p>\n<p>iii) \u00a0Defecto f\u00e1ctico, el cual surge cuando el juez carece del apoyo \u00a0probatorio que permita la aplicaci\u00f3n del supuesto legal en el \u00a0que se sustenta la decisi\u00f3n. \u00a0<\/p>\n<p>iv) \u00a0Defecto material o sustantivo, como son los casos en que se decide \u00a0con base en normas inexistentes o inconstitucionales3 \u00a0o que presentan una evidente y grosera contradicci\u00f3n entre los \u00a0fundamentos y la decisi\u00f3n; \u00a0<\/p>\n<p>v) \u00a0Error inducido, el cual surge cuando el juez o tribunal fue v\u00edctima \u00a0de un enga\u00f1o por parte de terceros y ese enga\u00f1o lo \u00a0condujo a la toma de una decisi\u00f3n que afecta derechos \u00a0fundamentales. \u00a0<\/p>\n<p>vi) \u00a0Decisi\u00f3n sin motivaci\u00f3n, que implica el incumplimiento \u00a0de los funcionarios judiciales de explicitar los fundamentos f\u00e1cticos \u00a0y jur\u00eddicos de sus decisiones, en el entendido que \u00a0precisamente en esa motivaci\u00f3n reposa la legitimidad de su \u00a0\u00f3rbita funcional. \u00a0<\/p>\n<p>vii) \u00a0Desconocimiento del precedente, hip\u00f3tesis que se presenta, por \u00a0ejemplo, cuando la Corte Constitucional establece el alcance de un \u00a0derecho fundamental y el juez ordinario aplica una ley limitando \u00a0sustancialmente dicho alcance. En estos casos la tutela procede como \u00a0mecanismo para garantizar la eficacia jur\u00eddica del contenido \u00a0constitucionalmente vinculante del derecho fundamental vulnerado4. \u00a0<\/p>\n<p>viii) \u00a0Violaci\u00f3n directa de la Constituci\u00f3n. \u00a0<\/p>\n<p>Los \u00a0anteriores requisitos, no pueden quedarse en meros enunciados, pues \u00a0han sido reiterados por la Corte Constitucional, primero en la \u00a0sentencia C-590 \u00a0de 2005, luego en las decisiones T-332, T-780 y T-212 de 2006, \u00a0reforzando lo dicho en la primera de las mencionadas providencias, en \u00a0el sentido de que, cuando se trata \u00a0de acciones de tutela contra providencias judiciales, las mismas solo \u00a0pueden tener cabida \u00ab\u2026 \u00a0si se cumplen ciertos y rigurosos requisitos de procedibilidad. \u00a0Dentro de estos pueden distinguirse unos de car\u00e1cter general, \u00a0que habilitan la interposici\u00f3n de la tutela, y otros de \u00a0car\u00e1cter espec\u00edfico, que tocan con la procedencia misma \u00a0del amparo, una vez interpuesta\u00bb. \u00a0-C-590 de 2005-. \u00a0<\/p>\n<p>La impugnaci\u00f3n \u00a0se centra en un punto espec\u00edfico: determinar \u00a0si la solicitud de amparo presentada DAR\u00cdO \u00a0SMITH CERA HENR\u00cdQUEZ, \u00a0se encuentra entre una de las excepciones del requisito de \u00a0subsidiariedad de la acci\u00f3n de tutela contra providencias \u00a0judiciales. \u00a0<\/p>\n<p>El \u00a0estudio en esta instancia se centrar\u00e1 en el mencionado \u00a0supuesto, debido a que el actor ten\u00eda a su disposici\u00f3n \u00a0otros mecanismos para obtener su pretensi\u00f3n, a saber, la \u00a0interposici\u00f3n de los recursos de reposici\u00f3n y apelaci\u00f3n \u00a0contra el auto interlocutorio de 22 de junio de 2022, a trav\u00e9s \u00a0del cual, el \u00a0Juzgado\u00a0 \u00a0 \u00a0 \u00a0 \u00a0Segundo de Ejecuci\u00f3n de Penas y Medidas de Seguridad \u00a0de Santa Marta \u00a0neg\u00f3 por improcedente la solicitud de rebaja del 20% de la \u00a0condena impuesta en contra del accionante, en aplicaci\u00f3n de la \u00a0Ley 1820 de 2016. \u00a0<\/p>\n<p>La \u00a0jurisprudencia de la Corte Constitucional ha reiterado en numerosas \u00a0ocasiones que el requisito de la subsidiariedad puede ser \u00a0flexibilizado en dos situaciones, la primera es cuando se demuestre \u00a0que el mecanismo ordinario es inid\u00f3neo o ineficaz para el \u00a0cumplimiento de las pretensiones del actor y, el segundo, cuando a \u00a0pesar de la idoneidad y efectividad del mecanismo, se demuestre la \u00a0existencia de un perjuicio irremediable que requiera la intervenci\u00f3n \u00a0inmediata del juez constitucional. \u00a0<\/p>\n<p>En \u00a0ese sentido se pronunci\u00f3 el \u00f3rgano de cierre de la \u00a0jurisdicci\u00f3n constitucional, en la sentencia T397 \u2013 18, \u00a0al reiterar su propia jurisprudencia: \u00a0<\/p>\n<p>No \u00a0obstante, se ha reconocido que existen ciertos eventos en los que, a \u00a0pesar de la existencia de mecanismos ordinarios de protecci\u00f3n, \u00a0resulta admisible acudir directamente a la acci\u00f3n de tutela, \u00a0los cuales han sido sintetizados de la siguiente manera:\u00a0(i)\u00a0cuando \u00a0se acredita que a trav\u00e9s de estos es imposible obtener un \u00a0amparo integral de los derechos fundamentales del actor, esto es, en \u00a0los eventos en los que el mecanismo existente carece de \u00a0la\u00a0idoneidad\u00a0y\u00a0eficacia\u00a0necesaria \u00a0para otorgar la protecci\u00f3n de \u00e9l requerida, y, por \u00a0tanto, resulta indispensable un pronunciamiento por parte del juez \u00a0constitucional que resuelva en forma definitiva la\u00a0litis\u00a0planteada; \u00a0hip\u00f3tesis dentro de las que se encuentran inmersas las \u00a0situaciones en las cuales la persona que solicita el amparo ostenta \u00a0la condici\u00f3n de sujeto de especial protecci\u00f3n \u00a0constitucional y, por ello, su situaci\u00f3n requiere de una \u00a0particular consideraci\u00f3n por parte del juez de tutela; \u00a0y\u00a0(ii)\u00a0cuando \u00a0se evidencia que la protecci\u00f3n a trav\u00e9s de los \u00a0procedimientos ordinarios no resulta lo suficientemente expedita como \u00a0para impedir la configuraci\u00f3n de un\u00a0perjuicio \u00a0de car\u00e1cter irremediable, \u00a0evento en el cual el juez de la acci\u00f3n de amparo se encuentra \u00a0compelido a proferir una orden que permita la protecci\u00f3n \u00a0provisional de los derechos del actor, mientras sus pretensiones se \u00a0resuelven ante el juez natural. \u00a0<\/p>\n<p>\u00a0 \u00a0<\/p>\n<p>Sobre el \u00a0primero de los eventos anteriormente mencionados, esta Corporaci\u00f3n \u00a0indic\u00f3 en la Sentencia SU-772 de 2014, que para determinar la \u00a0idoneidad y eficacia del mecanismo ordinario es necesario que el juez \u00a0constitucional valore: \u00a0<\/p>\n<p>\u201ci) \u00a0que el tiempo de tr\u00e1mite no sea desproporcionado frente a las \u00a0consecuencias de la decisi\u00f3n (\u2026); ii) que las \u00a0exigencias procesales no sean excesivas, dada la situaci\u00f3n en \u00a0que se encuentra el afectado (\u2026); iii) que el remedio que \u00a0puede ordenar el juez no sea adecuado para satisfacer el derecho de \u00a0que se trate, por ejemplo, cuando el juez no pueda ordenar medidas de \u00a0restablecimiento del derecho; y iv) cuando el otro mecanismo no \u00a0permita atender las particularidades de los sujetos, como cuando la \u00a0resoluci\u00f3n del problema (\u2026) dependa estrictamente de \u00a0criterios legales ajenos a las condiciones particulares y especiales \u00a0de vulnerabilidad en que se encuentre una persona.\u201d \u00a0<\/p>\n<p>\u00a0 \u00a0<\/p>\n<p>(&#8230;) \u00a0<\/p>\n<p>Respecto \u00a0del segundo de ellos, la jurisprudencia de esta Corte ha establecido \u00a0ciertos criterios con base en los cuales es posible determinar la \u00a0ocurrencia o no de un perjuicio que pueda tildarse de irremediable. \u00a0Entre ellos se encuentran: que\u00a0(i)\u00a0se \u00a0est\u00e9 ante un da\u00f1o\u00a0inminente\u00a0o \u00a0pr\u00f3ximo a suceder, lo que exige un grado suficiente de certeza \u00a0respecto de los hechos y la causa del da\u00f1o;\u00a0(ii)\u00a0de \u00a0ocurrir, no existir\u00eda forma de repararlo, esto es, que \u00a0resulta\u00a0irreparable;\u00a0(iii)\u00a0debe \u00a0ser\u00a0grave\u00a0y \u00a0que, por tanto, conlleve la afectaci\u00f3n de un bien susceptible \u00a0de determinaci\u00f3n jur\u00eddica que se estima como altamente \u00a0significativo para la persona;\u00a0(iv)\u00a0se \u00a0requieran medidas\u00a0urgentes\u00a0para \u00a0superar la condici\u00f3n de amenaza en la que se encuentra, las \u00a0cuales deben ser adecuadas frente a la inminencia del perjuicio y, a \u00a0su vez, deben considerar las circunstancias particulares del caso; \u00a0y\u00a0(v)\u00a0las \u00a0medidas de protecci\u00f3n deben ser\u00a0impostergables, \u00a0lo que significa que deben responder a condiciones de oportunidad y \u00a0eficacia, que eviten la consumaci\u00f3n del da\u00f1o \u00a0irreparable. \u00a0<\/p>\n<p>Luego \u00a0de examinar las pruebas obrantes en el expediente, la Sala considera \u00a0que no existen los elementos suficientes para considerar que los \u00a0mecanismos ordinarios propuestos son inid\u00f3neos e ineficaces, \u00a0m\u00e1xime cuando no acudi\u00f3 a los recursos de reposici\u00f3n \u00a0y apelaci\u00f3n planteados, ni tampoco, se evidencia la existencia \u00a0de un perjuicio irremediable actual o inminente. \u00a0<\/p>\n<p>La Sala ha \u00a0precisado que la acci\u00f3n de tutela no fue dise\u00f1ada con \u00a0miras a reemplazar al juez competente, de ah\u00ed que no sea de \u00a0recibo cuando se advierte que el accionante cuenta con otro medio \u00a0judicial para invocar la protecci\u00f3n de los derechos \u00a0fundamentales que considera le han sido vulnerados. \u00a0<\/p>\n<p>Siendo \u00a0as\u00ed, se pone en duda las razones reales que conllevaron a \u00a0omitir la presentaci\u00f3n de los recursos de reposici\u00f3n y \u00a0apelaci\u00f3n; mecanismos id\u00f3neos y eficaces para subsanar \u00a0vulneraciones de garant\u00edas fundamentales, toda vez que, no \u00a0existen razones de peso, para vislumbrar la imposibilidad de acciones \u00a0para su presentaci\u00f3n. \u00a0<\/p>\n<p>Luego, como se \u00a0anticip\u00f3, la acci\u00f3n de tutela resulta improcedente \u00a0frente a estos aspectos, por no cumplir el presupuesto de la \u00a0subsidiariedad. \u00a0<\/p>\n<p>Por \u00a0lo expuesto, \u00a0la \u00a0CORTE SUPREMA DE JUSTICIA, SALA DE CASACI\u00d3N PENAL \u2013 EN \u00a0SALA DE DECISI\u00d3N DE ACCIONES DE TUTELA No. 1, \u00a0administrando justicia, en nombre de la Rep\u00fablica y por \u00a0autoridad de la Ley, \u00a0<\/p>\n<p>RESUELVE \u00a0<\/p>\n<p>PRIMERO. \u00a0CONFIRMAR el \u00a0fallo de tutela impugnado, por las razones expuesta. \u00a0<\/p>\n<p>SEGUNDO. \u00a0NOTIFICAR \u00a0a los sujetos procesales el presente fallo, por el medio m\u00e1s \u00a0expedito. \u00a0<\/p>\n<p>TERCERO. \u00a0Env\u00edese la actuaci\u00f3n a la Corte Constitucional para su \u00a0eventual revisi\u00f3n, dentro del t\u00e9rmino indicado en el \u00a0art\u00edculo 31 del Decreto 2591 de 1991. \u00a0<\/p>\n<p>NOTIF\u00cdQUESE \u00a0Y C\u00daMPLASE \u00a0<\/p>\n<p>JOS\u00c9 \u00a0FRANCISCO ACU\u00d1A VIZCAYA \u00a0<\/p>\n<p>FERNANDO \u00a0LEON BOLA\u00d1OS PALACIOS \u00a0<\/p>\n<p>NUBIA YOLANDA \u00a0NOVA GARC\u00cdA \u00a0<\/p>\n<p>Secretaria \u00a0<\/p>\n<p>1 \u00a0 \u00a0 \u00a0 \u00a0 \u00a0Fallos C-590 de 2005 y T-332 de 2006. \u00a0<\/p>\n<p>2 \u00a0 \u00a0 \u00a0 \u00a0 \u00a0Ib\u00eddem. \u00a0<\/p>\n<p>3 \u00a0 \u00a0 \u00a0 \u00a0 \u00a0Sentencia T-522 de 2001. \u00a0<\/p>\n<p>4 \u00a0 \u00a0 \u00a0 \u00a0 \u00a0Cfr. Sentencias T-462 de 2003; SU-1184 de 2001; T-1625 de 2000 y \u00a0 \u00a0 \u00a0 \u00a0 \u00a0T-1031 de 2001. \u00a0<\/p>\n<p>\u00a0 \u00a0 \u00a0\u00a0<\/p>\n<p><\/p>\n","protected":false},"excerpt":{"rendered":"<p>\u00a0 \u00a0 \u00a0 \u00a0\u00a0 JOS\u00c9 \u00a0FRANCISCO ACU\u00d1A VIZCAYA \u00a0 Magistrado \u00a0Ponente \u00a0 STP16906-2022 \u00a0 Radicaci\u00f3n \u00a0No. 127704 \u00a0 (Aprobado \u00a0Acta No. 294) \u00a0 Bogot\u00e1 \u00a0D.C., diecinueve (19) de diciembre de dos mil veintid\u00f3s (2022) \u00a0 VISTOS \u00a0 Decide \u00a0la Sala la impugnaci\u00f3n interpuesta por DAR\u00cdO \u00a0SMITH CERA HENR\u00cdQUEZ, \u00a0contra \u00a0el fallo de tutela proferido el [&hellip;]<\/p>\n","protected":false},"author":1,"featured_media":0,"comment_status":"open","ping_status":"open","sticky":false,"template":"","format":"standard","meta":{"footnotes":""},"categories":[56],"tags":[],"class_list":["post-69280","post","type-post","status-publish","format-standard","hentry","category-diciembre-2022"],"_links":{"self":[{"href":"https:\/\/dmsjuridica.com\/buscador_20179478954\/salapenalcronologico20230723\/wp-json\/wp\/v2\/posts\/69280","targetHints":{"allow":["GET"]}}],"collection":[{"href":"https:\/\/dmsjuridica.com\/buscador_20179478954\/salapenalcronologico20230723\/wp-json\/wp\/v2\/posts"}],"about":[{"href":"https:\/\/dmsjuridica.com\/buscador_20179478954\/salapenalcronologico20230723\/wp-json\/wp\/v2\/types\/post"}],"author":[{"embeddable":true,"href":"https:\/\/dmsjuridica.com\/buscador_20179478954\/salapenalcronologico20230723\/wp-json\/wp\/v2\/users\/1"}],"replies":[{"embeddable":true,"href":"https:\/\/dmsjuridica.com\/buscador_20179478954\/salapenalcronologico20230723\/wp-json\/wp\/v2\/comments?post=69280"}],"version-history":[{"count":0,"href":"https:\/\/dmsjuridica.com\/buscador_20179478954\/salapenalcronologico20230723\/wp-json\/wp\/v2\/posts\/69280\/revisions"}],"wp:attachment":[{"href":"https:\/\/dmsjuridica.com\/buscador_20179478954\/salapenalcronologico20230723\/wp-json\/wp\/v2\/media?parent=69280"}],"wp:term":[{"taxonomy":"category","embeddable":true,"href":"https:\/\/dmsjuridica.com\/buscador_20179478954\/salapenalcronologico20230723\/wp-json\/wp\/v2\/categories?post=69280"},{"taxonomy":"post_tag","embeddable":true,"href":"https:\/\/dmsjuridica.com\/buscador_20179478954\/salapenalcronologico20230723\/wp-json\/wp\/v2\/tags?post=69280"}],"curies":[{"name":"wp","href":"https:\/\/api.w.org\/{rel}","templated":true}]}}