{"id":69232,"date":"2024-03-06T15:55:06","date_gmt":"2024-03-06T15:55:06","guid":{"rendered":"https:\/\/dmsjuridica.com\/buscador_20179478954\/salapenalcronologico20230723\/2024\/03\/06\/stp16792-2022\/"},"modified":"2024-03-06T15:55:06","modified_gmt":"2024-03-06T15:55:06","slug":"stp16792-2022","status":"publish","type":"post","link":"https:\/\/dmsjuridica.com\/buscador_20179478954\/salapenalcronologico20230723\/2024\/03\/06\/stp16792-2022\/","title":{"rendered":"STP16792-2022"},"content":{"rendered":"\n<p>\u00a0 \u00a0 \u00a0 \u00a0\u00a0<\/p>\n<p>JOS\u00c9 \u00a0FRANCISCO ACU\u00d1A VIZCAYA \u00a0<\/p>\n<p>Magistrado \u00a0Ponente \u00a0<\/p>\n<p>STP16792-2022 \u00a0<\/p>\n<p>Radicaci\u00f3n \u00a0No. 127618 \u00a0<\/p>\n<p>(Aprobado \u00a0Acta No. 291) \u00a0<\/p>\n<p>Bogot\u00e1 \u00a0D.C., trece (13) de diciembre de dos mil veintid\u00f3s (2022) \u00a0<\/p>\n<p>VISTOS \u00a0<\/p>\n<p>Decide \u00a0la Sala la impugnaci\u00f3n interpuesta por MISAEL \u00a0POLOCHE, \u00a0contra \u00a0el fallo de tutela proferido el 25 de octubre de 2022 por la Sala \u00a0Penal del Tribunal Superior del Distrito Judicial de Bogot\u00e1, \u00a0que \u00a0declar\u00f3 improcedente la solicitud de amparo interpuesta contra \u00a0el Juzgado 28 de Ejecuci\u00f3n de Penas y Medidas de Seguridad de \u00a0Bogot\u00e1. \u00a0<\/p>\n<p>ANTECEDENTES \u00a0<\/p>\n<p>Y \u00a0<\/p>\n<p>Fueron \u00a0recogidos en la decisi\u00f3n de primera instancia, en los \u00a0siguientes t\u00e9rminos: \u00a0<\/p>\n<p>Misael \u00a0expuso que el Juzgado 28 de Ejecuci\u00f3n de Penas ha incurrido en \u00a0m\u00faltiples defectos sustanciales absolutos al momento de \u00a0resolver sus postulaciones. Esto, debido a que desde el 2020 le ha \u00a0negado la prisi\u00f3n domiciliaria, la libertad condicional y el \u00a0permiso para salir del establecimiento carcelario de hasta 72 horas, \u00a0a pesar de que tiene derecho a ellos y ha interpuesto recursos en \u00a0contra de tales decisiones. Adem\u00e1s, dicha autoridad no ejerce \u00a0sus competencias y confundi\u00f3 su nombre con el de otra persona \u00a0en uno de sus autos. \u00a0<\/p>\n<p>Por \u00a0estos motivos, instaur\u00f3 acci\u00f3n de tutela en contra del \u00a0juzgado mencionado, por la posible vulneraci\u00f3n de sus derechos \u00a0fundamentales al debido proceso, al acceso a la administraci\u00f3n \u00a0de justicia y a la igualdad. Pidi\u00f3 al tribunal que le conceda \u00a0la libertad condicional. \u00a0<\/p>\n<p>EL \u00a0FALLO IMPUGNADO \u00a0<\/p>\n<p>La \u00a0Sala \u00a0Penal del Tribunal Superior del Distrito Judicial de Bogot\u00e1 \u00a0declar\u00f3 \u00a0improcedente el amparo invocado, teniendo en cuenta que, contra los \u00a0autos interlocutorios de 15 de junio de 2016 -mediante \u00a0el cual el juzgado vig\u00eda neg\u00f3 la prisi\u00f3n \u00a0domiciliaria al accionante-, \u00a0de 15 de junio de 2019, 10 de marzo y 30 de septiembre de 2022 \u00a0-mediante \u00a0el cual el juzgado vig\u00eda neg\u00f3 el permiso administrativo \u00a0de 72 horas al accionante-, \u00a0y de 30 de septiembre de 2022 -mediante \u00a0el cual el juzgado vig\u00eda neg\u00f3 la libertad condicional \u00a0al accionante-, \u00a0proced\u00edan los recursos de reposici\u00f3n en subsidio de \u00a0apelaci\u00f3n, sin que por \u00a0MISAEL \u00a0POLOCHE \u00a0hubiera mostrado su inconformidad a trav\u00e9s de dichos recursos. \u00a0<\/p>\n<p>Siendo \u00a0as\u00ed, manifest\u00f3 que con la habilitaci\u00f3n del \u00a0recurso de reposici\u00f3n en subsidio de apelaci\u00f3n, pudo \u00a0presentar los reproches que expone mediante esta v\u00eda \u00a0excepcional, sin que se evidencie en el expediente que, acudi\u00f3 \u00a0a estos mecanismos id\u00f3neos para argumentar sus reparos contra \u00a0las decisiones del Juzgado accionado, mediante las cuales, neg\u00f3 \u00a0sus solicitudes de subrogados penales y permisos administrativos de \u00a0hasta de 72 horas. \u00a0<\/p>\n<p>LA \u00a0IMPUGNACI\u00d3N \u00a0<\/p>\n<p>Fue \u00a0propuesta por el accionante, sin argumentos adicionales a los \u00a0expuestos en el libelo primigenio. \u00a0<\/p>\n<p>CONSIDERACIONES \u00a0DE LA SALA \u00a0<\/p>\n<p>De \u00a0conformidad con lo previsto en el art\u00edculo 32 del Decreto 2591 \u00a0de 1991, en concordancia con el art\u00edculo 44 del Reglamento \u00a0Interno de esta Corporaci\u00f3n, esta Sala es competente para \u00a0resolver el recurso de impugnaci\u00f3n interpuesto por MISAEL \u00a0POLOCHE, \u00a0contra \u00a0el fallo de tutela proferido el 25 de octubre de 2022 por la Sala \u00a0Penal del Tribunal Superior del Distrito Judicial de Bogot\u00e1, \u00a0que \u00a0declar\u00f3 improcedente la solicitud de amparo interpuesta contra \u00a0el Juzgado 28 de Ejecuci\u00f3n de Penas y Medidas de Seguridad de \u00a0Bogot\u00e1. \u00a0<\/p>\n<p>Requisitos \u00a0de procedibilidad de la acci\u00f3n de tutela contra providencias \u00a0judiciales \u00a0<\/p>\n<p>La \u00a0tutela es un mecanismo de protecci\u00f3n excepcional frente a \u00a0providencias judiciales, su prosperidad va ligada al cumplimiento de \u00a0estrictos requisitos \u00a0de \u00a0procedibilidad que implican una carga para el actor, tanto en su \u00a0planteamiento como en su demostraci\u00f3n, como lo ha expuesto la \u00a0propia Corte Constitucional1. \u00a0<\/p>\n<p>La \u00a0acci\u00f3n de tutela contra providencias judiciales, exige: \u00a0<\/p>\n<p>a. \u00a0Que la cuesti\u00f3n que se discuta resulte de evidente relevancia \u00a0constitucional. \u00a0<\/p>\n<p>b. \u00a0Que se hayan agotado todos los medios -ordinarios y extraordinarios- \u00a0de defensa judicial al alcance de la persona afectada, salvo que se \u00a0trate de evitar la consumaci\u00f3n de un perjuicio iusfundamental \u00a0irremediable. \u00a0<\/p>\n<p>c. \u00a0Que se cumpla el requisito de la inmediatez, es decir, que la tutela \u00a0se hubiere interpuesto en un t\u00e9rmino razonable y proporcionado \u00a0a partir del hecho que origin\u00f3 la vulneraci\u00f3n. \u00a0<\/p>\n<p>d. \u00a0Cuando se trate de una irregularidad procesal, debe quedar claro que \u00a0la misma tiene un efecto decisivo o determinante en la sentencia que \u00a0se impugna y que ata\u00f1e a los derechos fundamentales del \u00a0accionante. \u00a0<\/p>\n<p>e. \u00a0Que la parte actora identifique de manera razonable tanto los hechos \u00a0que generaron la vulneraci\u00f3n como los derechos vulnerados y \u00a0que hubiere alegado tal vulneraci\u00f3n en el proceso judicial \u00a0siempre que esto hubiere sido posible.2 \u00a0<\/p>\n<p>f. \u00a0Que no se trate de sentencias de tutela. \u00a0<\/p>\n<p>Mientras \u00a0que, en punto de las exigencias espec\u00edficas, se han \u00a0establecido las que a continuaci\u00f3n se relacionan: \u00a0<\/p>\n<p>i) \u00a0Defecto org\u00e1nico, que se presenta cuando el funcionario \u00a0judicial que profiri\u00f3 la providencia impugnada carece \u00a0absolutamente de competencia para ello. \u00a0<\/p>\n<p>ii) \u00a0Defecto procedimental absoluto, que se origina cuando el juez actu\u00f3 \u00a0completamente al margen del procedimiento establecido. \u00a0<\/p>\n<p>iii) \u00a0Defecto f\u00e1ctico, el cual surge cuando el juez carece del apoyo \u00a0probatorio que permita la aplicaci\u00f3n del supuesto legal en el \u00a0que se sustenta la decisi\u00f3n. \u00a0<\/p>\n<p>iv) \u00a0Defecto material o sustantivo, como son los casos en que se decide \u00a0con base en normas inexistentes o inconstitucionales3 \u00a0o que presentan una evidente y grosera contradicci\u00f3n entre los \u00a0fundamentos y la decisi\u00f3n; \u00a0<\/p>\n<p>v) \u00a0Error inducido, el cual surge cuando el juez o tribunal fue v\u00edctima \u00a0de un enga\u00f1o por parte de terceros y ese enga\u00f1o lo \u00a0condujo a la toma de una decisi\u00f3n que afecta derechos \u00a0fundamentales. \u00a0<\/p>\n<p>vi) \u00a0Decisi\u00f3n sin motivaci\u00f3n, que implica el incumplimiento \u00a0de los funcionarios judiciales de explicitar los fundamentos f\u00e1cticos \u00a0y jur\u00eddicos de sus decisiones, en el entendido que \u00a0precisamente en esa motivaci\u00f3n reposa la legitimidad de su \u00a0\u00f3rbita funcional. \u00a0<\/p>\n<p>vii) \u00a0Desconocimiento del precedente, hip\u00f3tesis que se presenta, por \u00a0ejemplo, cuando la Corte Constitucional establece el alcance de un \u00a0derecho fundamental y el juez ordinario aplica una ley limitando \u00a0sustancialmente dicho alcance. En estos casos la tutela procede como \u00a0mecanismo para garantizar la eficacia jur\u00eddica del contenido \u00a0constitucionalmente vinculante del derecho fundamental vulnerado4. \u00a0<\/p>\n<p>viii) \u00a0Violaci\u00f3n directa de la Constituci\u00f3n. \u00a0<\/p>\n<p>Los \u00a0anteriores requisitos, no pueden quedarse en meros enunciados, pues \u00a0han sido reiterados por la Corte Constitucional, primero en la \u00a0sentencia C-590 \u00a0de 2005, luego en las decisiones T-332, T-780 y T-212 de 2006, \u00a0reforzando lo dicho en la primera de las mencionadas providencias, en \u00a0el sentido de que, cuando se trata \u00a0de acciones de tutela contra providencias judiciales, las mismas solo \u00a0pueden tener cabida \u00ab\u2026 \u00a0si se cumplen ciertos y rigurosos requisitos de procedibilidad. \u00a0Dentro de estos pueden distinguirse unos de car\u00e1cter general, \u00a0que habilitan la interposici\u00f3n de la tutela, y otros de \u00a0car\u00e1cter espec\u00edfico, que tocan con la procedencia misma \u00a0del amparo, una vez interpuesta\u00bb. \u00a0-C-590 de 2005-. \u00a0<\/p>\n<p>AN\u00c1LISIS \u00a0DEL CASO CONCRETO \u00a0<\/p>\n<p>La impugnaci\u00f3n \u00a0se centra en un punto espec\u00edfico: determinar \u00a0si la solicitud de amparo presentada por MISAEL \u00a0POLOCHE, \u00a0se encuentra entre una de las excepciones del requisito de \u00a0subsidiariedad de la acci\u00f3n de tutela contra providencias \u00a0judiciales. \u00a0<\/p>\n<p>El \u00a0estudio en esta instancia se centrar\u00e1 en el mencionado \u00a0supuesto, debido a que el actor ten\u00eda a su disposici\u00f3n \u00a0otros mecanismos para obtener su pretensi\u00f3n, a saber, la \u00a0interposici\u00f3n del recurso de reposici\u00f3n en subsidio el \u00a0de apelaci\u00f3n contra los autos interlocutorios de fechas 15 \u00a0de junio de 2016, 15 de junio de 2019, 10 de marzo y 30 de septiembre \u00a0de 2022, \u00a0a trav\u00e9s de los cuales, respectivamente, \u00a0el Juzgado \u00a0que vigila la condena del accionante, \u00a0neg\u00f3 \u00a0sus solicitudes de subrogados penales de prisi\u00f3n domiciliaria \u00a0y libertad condicional, y los permisos administrativos de hasta 72 \u00a0horas, elevados ante esa autoridad. \u00a0<\/p>\n<p>La \u00a0jurisprudencia de la Corte Constitucional ha reiterado en numerosas \u00a0ocasiones que el requisito de la subsidiariedad puede ser \u00a0flexibilizado en dos situaciones, la primera es cuando se demuestre \u00a0que el mecanismo ordinario es inid\u00f3neo o ineficaz para el \u00a0cumplimiento de las pretensiones del actor y, el segundo, cuando a \u00a0pesar de la idoneidad y efectividad del mecanismo, se demuestre la \u00a0existencia de un perjuicio irremediable que requiera la intervenci\u00f3n \u00a0inmediata del juez constitucional. \u00a0<\/p>\n<p>En \u00a0ese sentido se pronunci\u00f3 el \u00f3rgano de cierre de la \u00a0jurisdicci\u00f3n constitucional, en la sentencia T397 \u2013 18, \u00a0al reiterar su propia jurisprudencia: \u00a0<\/p>\n<p>No \u00a0obstante, se ha reconocido que existen ciertos eventos en los que, a \u00a0pesar de la existencia de mecanismos ordinarios de protecci\u00f3n, \u00a0resulta admisible acudir directamente a la acci\u00f3n de tutela, \u00a0los cuales han sido sintetizados de la siguiente manera:\u00a0(i)\u00a0cuando \u00a0se acredita que a trav\u00e9s de estos es imposible obtener un \u00a0amparo integral de los derechos fundamentales del actor, esto es, en \u00a0los eventos en los que el mecanismo existente carece de \u00a0la\u00a0idoneidad\u00a0y\u00a0eficacia\u00a0necesaria \u00a0para otorgar la protecci\u00f3n de \u00e9l requerida, y, por \u00a0tanto, resulta indispensable un pronunciamiento por parte del juez \u00a0constitucional que resuelva en forma definitiva la\u00a0litis\u00a0planteada; \u00a0hip\u00f3tesis dentro de las que se encuentran inmersas las \u00a0situaciones en las cuales la persona que solicita el amparo ostenta \u00a0la condici\u00f3n de sujeto de especial protecci\u00f3n \u00a0constitucional y, por ello, su situaci\u00f3n requiere de una \u00a0particular consideraci\u00f3n por parte del juez de tutela; \u00a0y\u00a0(ii)\u00a0cuando \u00a0se evidencia que la protecci\u00f3n a trav\u00e9s de los \u00a0procedimientos ordinarios no resulta lo suficientemente expedita como \u00a0para impedir la configuraci\u00f3n de un\u00a0perjuicio \u00a0de car\u00e1cter irremediable, \u00a0evento en el cual el juez de la acci\u00f3n de amparo se encuentra \u00a0compelido a proferir una orden que permita la protecci\u00f3n \u00a0provisional de los derechos del actor, mientras sus pretensiones se \u00a0resuelven ante el juez natural. \u00a0<\/p>\n<p>\u00a0 \u00a0<\/p>\n<p>Sobre el \u00a0primero de los eventos anteriormente mencionados, esta Corporaci\u00f3n \u00a0indic\u00f3 en la Sentencia SU-772 de 2014, que para determinar la \u00a0idoneidad y eficacia del mecanismo ordinario es necesario que el juez \u00a0constitucional valore: \u00a0<\/p>\n<p>\u201ci) \u00a0que el tiempo de tr\u00e1mite no sea desproporcionado frente a las \u00a0consecuencias de la decisi\u00f3n (\u2026); ii) que las \u00a0exigencias procesales no sean excesivas, dada la situaci\u00f3n en \u00a0que se encuentra el afectado (\u2026); iii) que el remedio que \u00a0puede ordenar el juez no sea adecuado para satisfacer el derecho de \u00a0que se trate, por ejemplo, cuando el juez no pueda ordenar medidas de \u00a0restablecimiento del derecho; y iv) cuando el otro mecanismo no \u00a0permita atender las particularidades de los sujetos, como cuando la \u00a0resoluci\u00f3n del problema (\u2026) dependa estrictamente de \u00a0criterios legales ajenos a las condiciones particulares y especiales \u00a0de vulnerabilidad en que se encuentre una persona.\u201d \u00a0<\/p>\n<p>(&#8230;) \u00a0<\/p>\n<p>Respecto \u00a0del segundo de ellos, la jurisprudencia de esta Corte ha establecido \u00a0ciertos criterios con base en los cuales es posible determinar la \u00a0ocurrencia o no de un perjuicio que pueda tildarse de irremediable. \u00a0Entre ellos se encuentran: que\u00a0(i)\u00a0se \u00a0est\u00e9 ante un da\u00f1o\u00a0inminente\u00a0o \u00a0pr\u00f3ximo a suceder, lo que exige un grado suficiente de certeza \u00a0respecto de los hechos y la causa del da\u00f1o;\u00a0(ii)\u00a0de \u00a0ocurrir, no existir\u00eda forma de repararlo, esto es, que \u00a0resulta\u00a0irreparable;\u00a0(iii)\u00a0debe \u00a0ser\u00a0grave\u00a0y \u00a0que, por tanto, conlleve la afectaci\u00f3n de un bien susceptible \u00a0de determinaci\u00f3n jur\u00eddica que se estima como altamente \u00a0significativo para la persona;\u00a0(iv)\u00a0se \u00a0requieran medidas\u00a0urgentes\u00a0para \u00a0superar la condici\u00f3n de amenaza en la que se encuentra, las \u00a0cuales deben ser adecuadas frente a la inminencia del perjuicio y, a \u00a0su vez, deben considerar las circunstancias particulares del caso; \u00a0y\u00a0(v)\u00a0las \u00a0medidas de protecci\u00f3n deben ser\u00a0impostergables, \u00a0lo que significa que deben responder a condiciones de oportunidad y \u00a0eficacia, que eviten la consumaci\u00f3n del da\u00f1o \u00a0irreparable. \u00a0<\/p>\n<p>Luego \u00a0de examinar las pruebas obrantes en el expediente, la Sala considera \u00a0que no existen los elementos suficientes para considerar que los \u00a0mecanismos ordinarios propuestos son inid\u00f3neos e ineficaces, \u00a0m\u00e1xime cuando no acudi\u00f3 al recurso de reposici\u00f3n \u00a0en subsidio de apelaci\u00f3n planteado, ni tampoco, se evidencia \u00a0la existencia de un perjuicio irremediable actual o inminente. \u00a0<\/p>\n<p>La Sala ha \u00a0precisado que la acci\u00f3n de tutela no fue dise\u00f1ada con \u00a0miras a reemplazar al juez competente, de ah\u00ed que no sea de \u00a0recibo cuando se advierte que el accionante cuenta con otro medio \u00a0judicial para invocar la protecci\u00f3n de los derechos \u00a0fundamentales que considera le han sido vulnerados. \u00a0<\/p>\n<p>Siendo \u00a0as\u00ed, se pone en duda las razones reales que conllevaron a \u00a0omitir la presentaci\u00f3n del recurso de reposici\u00f3n, en \u00a0subsidio de apelaci\u00f3n; mecanismo id\u00f3neo y eficaz para \u00a0subsanar vulneraciones de garant\u00edas fundamentales, toda vez \u00a0que, no existen razones de peso, para vislumbrar la imposibilidad de \u00a0acciones para su presentaci\u00f3n. \u00a0<\/p>\n<p>Luego, como se \u00a0anticip\u00f3, la acci\u00f3n de tutela resulta improcedente \u00a0frente a estos aspectos, por no cumplir el presupuesto de la \u00a0subsidiariedad. \u00a0<\/p>\n<p>En \u00a0este caso, adem\u00e1s que el accionante no acredit\u00f3 la \u00a0urgencia, la gravedad, la inminencia y la impostergabilidad del \u00a0amparo, tampoco hay lugar a considerar que se encuentra ante un \u00a0perjuicio irremediable. \u00a0<\/p>\n<p>Por \u00a0lo expuesto, \u00a0la \u00a0CORTE SUPREMA DE JUSTICIA, SALA DE CASACI\u00d3N PENAL \u2013 EN \u00a0SALA DE DECISI\u00d3N DE ACCIONES DE TUTELA No. 1, \u00a0administrando justicia, en nombre de la Rep\u00fablica y por \u00a0autoridad de la Ley, \u00a0<\/p>\n<p>RESUELVE \u00a0<\/p>\n<p>PRIMERO. \u00a0CONFIRMAR el \u00a0fallo de tutela impugnado, por las razones expuesta. \u00a0<\/p>\n<p>SEGUNDO. \u00a0NOTIFICAR \u00a0a los sujetos procesales el presente fallo, por el medio m\u00e1s \u00a0expedito. \u00a0<\/p>\n<p>TERCERO. \u00a0Env\u00edese la actuaci\u00f3n a la Corte Constitucional para su \u00a0eventual revisi\u00f3n, dentro del t\u00e9rmino indicado en el \u00a0art\u00edculo 31 del Decreto 2591 de 1991. \u00a0<\/p>\n<p>NOTIF\u00cdQUESE \u00a0Y C\u00daMPLASE \u00a0<\/p>\n<p>JOS\u00c9 \u00a0FRANCISCO ACU\u00d1A VIZCAYA \u00a0<\/p>\n<p>FERNANDO \u00a0LEON BOLA\u00d1OS PALACIOS \u00a0<\/p>\n<p>NUBIA YOLANDA \u00a0NOVA GARC\u00cdA \u00a0<\/p>\n<p>Secretaria \u00a0<\/p>\n<p>1 \u00a0 \u00a0 \u00a0 \u00a0 \u00a0Fallos C-590 de 2005 y T-332 de 2006. \u00a0<\/p>\n<p>2 \u00a0 \u00a0 \u00a0 \u00a0 \u00a0Ib\u00eddem. \u00a0<\/p>\n<p>3 \u00a0 \u00a0 \u00a0 \u00a0 \u00a0Sentencia T-522 de 2001. \u00a0<\/p>\n<p>4 \u00a0 \u00a0 \u00a0 \u00a0 \u00a0Cfr. Sentencias T-462 de 2003; SU-1184 de 2001; T-1625 de 2000 y \u00a0 \u00a0 \u00a0 \u00a0 \u00a0T-1031 de 2001. \u00a0<\/p>\n<p>\u00a0 \u00a0 \u00a0\u00a0<\/p>\n<p><\/p>\n","protected":false},"excerpt":{"rendered":"<p>\u00a0 \u00a0 \u00a0 \u00a0\u00a0 JOS\u00c9 \u00a0FRANCISCO ACU\u00d1A VIZCAYA \u00a0 Magistrado \u00a0Ponente \u00a0 STP16792-2022 \u00a0 Radicaci\u00f3n \u00a0No. 127618 \u00a0 (Aprobado \u00a0Acta No. 291) \u00a0 Bogot\u00e1 \u00a0D.C., trece (13) de diciembre de dos mil veintid\u00f3s (2022) \u00a0 VISTOS \u00a0 Decide \u00a0la Sala la impugnaci\u00f3n interpuesta por MISAEL \u00a0POLOCHE, \u00a0contra \u00a0el fallo de tutela proferido el 25 de [&hellip;]<\/p>\n","protected":false},"author":1,"featured_media":0,"comment_status":"open","ping_status":"open","sticky":false,"template":"","format":"standard","meta":{"footnotes":""},"categories":[56],"tags":[],"class_list":["post-69232","post","type-post","status-publish","format-standard","hentry","category-diciembre-2022"],"_links":{"self":[{"href":"https:\/\/dmsjuridica.com\/buscador_20179478954\/salapenalcronologico20230723\/wp-json\/wp\/v2\/posts\/69232","targetHints":{"allow":["GET"]}}],"collection":[{"href":"https:\/\/dmsjuridica.com\/buscador_20179478954\/salapenalcronologico20230723\/wp-json\/wp\/v2\/posts"}],"about":[{"href":"https:\/\/dmsjuridica.com\/buscador_20179478954\/salapenalcronologico20230723\/wp-json\/wp\/v2\/types\/post"}],"author":[{"embeddable":true,"href":"https:\/\/dmsjuridica.com\/buscador_20179478954\/salapenalcronologico20230723\/wp-json\/wp\/v2\/users\/1"}],"replies":[{"embeddable":true,"href":"https:\/\/dmsjuridica.com\/buscador_20179478954\/salapenalcronologico20230723\/wp-json\/wp\/v2\/comments?post=69232"}],"version-history":[{"count":0,"href":"https:\/\/dmsjuridica.com\/buscador_20179478954\/salapenalcronologico20230723\/wp-json\/wp\/v2\/posts\/69232\/revisions"}],"wp:attachment":[{"href":"https:\/\/dmsjuridica.com\/buscador_20179478954\/salapenalcronologico20230723\/wp-json\/wp\/v2\/media?parent=69232"}],"wp:term":[{"taxonomy":"category","embeddable":true,"href":"https:\/\/dmsjuridica.com\/buscador_20179478954\/salapenalcronologico20230723\/wp-json\/wp\/v2\/categories?post=69232"},{"taxonomy":"post_tag","embeddable":true,"href":"https:\/\/dmsjuridica.com\/buscador_20179478954\/salapenalcronologico20230723\/wp-json\/wp\/v2\/tags?post=69232"}],"curies":[{"name":"wp","href":"https:\/\/api.w.org\/{rel}","templated":true}]}}