{"id":69137,"date":"2024-03-06T15:54:58","date_gmt":"2024-03-06T15:54:58","guid":{"rendered":"https:\/\/dmsjuridica.com\/buscador_20179478954\/salapenalcronologico20230723\/2024\/03\/06\/atp1916-2022\/"},"modified":"2024-03-06T15:54:58","modified_gmt":"2024-03-06T15:54:58","slug":"atp1916-2022","status":"publish","type":"post","link":"https:\/\/dmsjuridica.com\/buscador_20179478954\/salapenalcronologico20230723\/2024\/03\/06\/atp1916-2022\/","title":{"rendered":"ATP1916-2022"},"content":{"rendered":"\n<p>\u00a0 \u00a0 \u00a0 \u00a0\u00a0<\/p>\n<p>FABIO OSPITIA \u00a0GARZ\u00d3N \u00a0<\/p>\n<p>Magistrado Ponente \u00a0<\/p>\n<p>ATP1916-2022 \u00a0<\/p>\n<p>Tutela de 2\u00aa \u00a0instancia No. 127735 \u00a0<\/p>\n<p>Acta No. 291 \u00a0<\/p>\n<p>Bogot\u00e1 D. \u00a0C., trece (13) de diciembre de dos mil veintid\u00f3s (2022). \u00a0<\/p>\n<p>VISTOS \u00a0<\/p>\n<p>Ser\u00eda del \u00a0caso resolver la impugnaci\u00f3n interpuesta por el accionante \u00a0RODOLFO \u00a0MORENO BERNAL \u00a0y el Fiscal 13 Delegado ante los Jueces Penales del Circuito de \u00a0Tunja, contra el fallo proferido el 02 de noviembre de 2022 por la \u00a0Sala Penal del Tribunal Superior de Tunja que i) tutel\u00f3 los \u00a0derechos fundamentales al debido proceso y acceso a la administraci\u00f3n \u00a0de justicia del actor vulnerados por la aludida Fiscal\u00eda 13 y \u00a0ii) neg\u00f3 \u00a0por improcedente el \u00a0amparo invocado respecto de la Fiscal\u00eda General de la Naci\u00f3n, \u00a0la Polic\u00eda Nacional y las autoridades vinculadas, de no ser \u00a0porque se advierte una irregularidad que amerita la invalidaci\u00f3n \u00a0de lo actuado. \u00a0<\/p>\n<p>ANTECEDENTES Y \u00a0FUNDAMENTOS DE LA ACCI\u00d3N \u00a0<\/p>\n<p>Como hechos \u00a0jur\u00eddicamente relevantes se destacan los siguientes: \u00a0<\/p>\n<p>1. El se\u00f1or \u00a0RODOLFO \u00a0MORENO BERNAL, \u00a0residente en la Vereda Parroquia Ventaquemada Boyac\u00e1 Colombia, \u00a0se\u00f1ala que ha acudido ante la Fiscal\u00eda General de la \u00a0Naci\u00f3n, a trav\u00e9s de sus delegadas en la ciudad de \u00a0Tunja, a denunciar diferentes hechos constitutivos de conductas \u00a0punibles de los que ha sido v\u00edctima, de forma persistente, \u00a0repetida y que generan una amenaza continua para su vida. \u00a0<\/p>\n<p>De igual forma, al \u00a0tratarse de disputas con sus vecinos, ha acudido a la Polic\u00eda \u00a0Nacional y la Inspectora de Polic\u00eda de dicho municipio, a fin \u00a0de que, en aplicaci\u00f3n de la Ley 1801 de 2016, de forma \u00a0preventiva se logren establecer unas condiciones de convivencia \u00a0permanentes. \u00a0<\/p>\n<p>2. Se extracta del \u00a0expediente allegado la existencia de las siguientes noticias \u00a0criminales, en las que el actor funge como denunciante y\/o v\u00edctima: \u00a0<\/p>\n<p>\u00a0 \u00a0\u00a0 \u00a0 \u00a0 \u00a0 \u00a0 \u00a0 \u00a0 \u00a0 \u00a0 \u00a0 \u00a0 \u00a0 \u00a0 \u00a0 \u00a0 \u00a0 \u00a0 \u00a0 \u00a0 \u00a0 \u00a0 \u00a0 \u00a0 \u00a0 \u00a0<\/p>\n<p>CUI \u00a0 \u00a0 \u00a0 \u00a0 \u00a0 \u00a0 \u00a0 \u00a0 \u00a0 \u00a0 \u00a0 \u00a0 \u00a0 \u00a0 \u00a0 \u00a0 \u00a0 \u00a0 \u00a0 \u00a0 \u00a0 \u00a0 \u00a0 \u00a0 \u00a0 \u00a0 \u00a0 \u00a0 \u00a0 \u00a0 \u00a0 \u00a0 \u00a0 \u00a0 \u00a0<\/p>\n<p>\u00a0\u00a0 \u00a0 \u00a0 \u00a0 \u00a0 \u00a0 \u00a0 \u00a0 \u00a0 \u00a0 \u00a0 \u00a0 \u00a0<\/p>\n<p>Fiscal\u00eda \u00a0 \u00a0 \u00a0 \u00a0 \u00a0 \u00a0 \u00a0 \u00a0 \u00a0 \u00a0 \u00a0 \u00a0 \u00a0 \u00a0 \u00a0 \u00a0 \u00a0 \u00a0 \u00a0 \u00a0 \u00a0 \u00a0 \u00a0 \u00a0 \u00a0 \u00a0 \u00a0 \u00a0 \u00a0 \u00a0 \u00a0 \u00a0 \u00a0 \u00a0 \u00a0<\/p>\n<p>\u00a0\u00a0 \u00a0 \u00a0 \u00a0 \u00a0 \u00a0 \u00a0 \u00a0 \u00a0 \u00a0 \u00a0 \u00a0 \u00a0<\/p>\n<p>Denunciado \u00a0 \u00a0 \u00a0 \u00a0 \u00a0 \u00a0 \u00a0 \u00a0 \u00a0 \u00a0 \u00a0 \u00a0 \u00a0 \u00a0 \u00a0 \u00a0 \u00a0 \u00a0 \u00a0 \u00a0 \u00a0 \u00a0 \u00a0 \u00a0 \u00a0 \u00a0 \u00a0 \u00a0 \u00a0 \u00a0 \u00a0 \u00a0 \u00a0 \u00a0 \u00a0<\/p>\n<p>Ultima \u00a0 \u00a0 \u00a0 \u00a0 \u00a0 \u00a0 \u00a0 \u00a0 \u00a0 \u00a0 \u00a0 \u00a0 \u00a0actuaci\u00f3n \u00a0 \u00a0 \u00a0 \u00a0 \u00a0<\/p>\n<p>150016099163201900671 \u00a0 \u00a0 \u00a0 \u00a0 \u00a0 \u00a0 \u00a0 \u00a0 \u00a0 \u00a0 \u00a0 \u00a0 \u00a0 \u00a0 \u00a0 \u00a0 \u00a0 \u00a0 \u00a0 \u00a0 \u00a0 \u00a0 \u00a0 \u00a0 \u00a0 \u00a0 \u00a0 \u00a0 \u00a0 \u00a0 \u00a0 \u00a0 \u00a0 \u00a0 \u00a0<\/p>\n<p>Fiscal\u00eda \u00a0 \u00a0 \u00a0 \u00a0 \u00a0 \u00a0 \u00a0 \u00a0 \u00a0 \u00a0 \u00a0 \u00a0 \u00a019 Seccional \u00a0 \u00a0 \u00a0 \u00a0 \u00a0 \u00a0 \u00a0 \u00a0 \u00a0 \u00a0 \u00a0 \u00a0 \u00a0 \u00a0 \u00a0 \u00a0 \u00a0 \u00a0 \u00a0 \u00a0 \u00a0 \u00a0 \u00a0 \u00a0 \u00a0 \u00a0 \u00a0 \u00a0 \u00a0 \u00a0 \u00a0 \u00a0 \u00a0 \u00a0 \u00a0<\/p>\n<p>Agentes de la \u00a0 \u00a0 \u00a0 \u00a0 \u00a0 \u00a0 \u00a0 \u00a0 \u00a0 \u00a0 \u00a0 \u00a0 \u00a0Polic\u00eda Nacional a quienes \u00a0 \u00a0 \u00a0 \u00a0 \u00a0 \u00a0 \u00a0 \u00a0 \u00a0 \u00a0 \u00a0 \u00a0 \u00a0<\/p>\n<p>identific\u00f3 \u00a0 \u00a0 \u00a0 \u00a0 \u00a0 \u00a0 \u00a0 \u00a0 \u00a0 \u00a0 \u00a0 \u00a0 \u00a0con las placas 195180-165719 \u00a0 \u00a0 \u00a0 \u00a0 \u00a0 \u00a0 \u00a0 \u00a0 \u00a0 \u00a0 \u00a0 \u00a0 \u00a0 \u00a0 \u00a0 \u00a0 \u00a0 \u00a0 \u00a0 \u00a0 \u00a0 \u00a0 \u00a0 \u00a0 \u00a0 \u00a0 \u00a0 \u00a0 \u00a0 \u00a0 \u00a0 \u00a0 \u00a0 \u00a0 \u00a0<\/p>\n<p>27 de enero de \u00a0 \u00a0 \u00a0 \u00a0 \u00a0 \u00a0 \u00a0 \u00a0 \u00a0 \u00a0 \u00a0 \u00a0 \u00a0<\/p>\n<p>2020, \u00a0 \u00a0 \u00a0 \u00a0 \u00a0 \u00a0 \u00a0 \u00a0 \u00a0 \u00a0 \u00a0 \u00a0 \u00a0fueron remitidas las diligencias a la justicia penal militar \u00a0 \u00a0 \u00a0 \u00a0 \u00a0<\/p>\n<p>150016099163202250178 \u00a0 \u00a0 \u00a0 \u00a0 \u00a0 \u00a0 \u00a0 \u00a0 \u00a0 \u00a0 \u00a0 \u00a0 \u00a0 \u00a0 \u00a0 \u00a0 \u00a0 \u00a0 \u00a0 \u00a0 \u00a0 \u00a0 \u00a0 \u00a0 \u00a0 \u00a0 \u00a0 \u00a0 \u00a0 \u00a0 \u00a0 \u00a0 \u00a0 \u00a0 \u00a0<\/p>\n<p>Fiscal\u00eda \u00a0 \u00a0 \u00a0 \u00a0 \u00a0 \u00a0 \u00a0 \u00a0 \u00a0 \u00a0 \u00a0 \u00a0 \u00a017 Delegado \u00a0 \u00a0 \u00a0 \u00a0 \u00a0 \u00a0 \u00a0 \u00a0 \u00a0 \u00a0 \u00a0 \u00a0 \u00a0 \u00a0 \u00a0 \u00a0 \u00a0 \u00a0 \u00a0 \u00a0 \u00a0 \u00a0 \u00a0 \u00a0 \u00a0 \u00a0 \u00a0 \u00a0 \u00a0 \u00a0 \u00a0 \u00a0 \u00a0 \u00a0 \u00a0<\/p>\n<p>Rosa \u00a0 \u00a0 \u00a0 \u00a0 \u00a0 \u00a0 \u00a0 \u00a0 \u00a0 \u00a0 \u00a0 \u00a0 \u00a0Mar\u00eda Quiroga Amado \u00a0 \u00a0 \u00a0 \u00a0 \u00a0 \u00a0 \u00a0 \u00a0 \u00a0 \u00a0 \u00a0 \u00a0 \u00a0 \u00a0 \u00a0 \u00a0 \u00a0 \u00a0 \u00a0 \u00a0 \u00a0 \u00a0 \u00a0 \u00a0 \u00a0 \u00a0 \u00a0 \u00a0 \u00a0 \u00a0 \u00a0 \u00a0 \u00a0 \u00a0 \u00a0<\/p>\n<p>Orden \u00a0 \u00a0 \u00a0 \u00a0 \u00a0 \u00a0 \u00a0 \u00a0 \u00a0 \u00a0 \u00a0 \u00a0 \u00a0a polic\u00eda judicial en t\u00e9rmino de cumplimiento \u00a0 \u00a0 \u00a0 \u00a0 \u00a0<\/p>\n<p>158616000129202150003 \u00a0 \u00a0 \u00a0 \u00a0 \u00a0 \u00a0 \u00a0 \u00a0 \u00a0 \u00a0 \u00a0 \u00a0 \u00a0acumulado con 150016099163202151883 \u00a0 \u00a0 \u00a0 \u00a0 \u00a0 \u00a0 \u00a0 \u00a0 \u00a0 \u00a0 \u00a0 \u00a0 \u00a0 \u00a0 \u00a0 \u00a0 \u00a0 \u00a0 \u00a0 \u00a0 \u00a0 \u00a0 \u00a0 \u00a0 \u00a0 \u00a0 \u00a0 \u00a0 \u00a0 \u00a0 \u00a0 \u00a0 \u00a0 \u00a0 \u00a0<\/p>\n<p>Averiguaci\u00f3n \u00a0 \u00a0 \u00a0 \u00a0 \u00a0 \u00a0 \u00a0 \u00a0 \u00a0 \u00a0 \u00a0 \u00a0 \u00a0de responsables \u00a0 \u00a0 \u00a0 \u00a0 \u00a0 \u00a0 \u00a0 \u00a0 \u00a0 \u00a0 \u00a0 \u00a0 \u00a0 \u00a0 \u00a0 \u00a0 \u00a0 \u00a0 \u00a0 \u00a0 \u00a0 \u00a0 \u00a0 \u00a0 \u00a0 \u00a0 \u00a0 \u00a0 \u00a0 \u00a0 \u00a0 \u00a0 \u00a0 \u00a0 \u00a0<\/p>\n<p>Programa \u00a0 \u00a0 \u00a0 \u00a0 \u00a0 \u00a0 \u00a0 \u00a0 \u00a0 \u00a0 \u00a0 \u00a0 \u00a0metodol\u00f3gico con \u00f3rdenes a polic\u00eda judicial \u00a0 \u00a0 \u00a0 \u00a0 \u00a0<\/p>\n<p>150016099163202150381 \u00a0 \u00a0 \u00a0 \u00a0 \u00a0 \u00a0 \u00a0 \u00a0 \u00a0 \u00a0 \u00a0 \u00a0 \u00a0 \u00a0 \u00a0 \u00a0 \u00a0 \u00a0 \u00a0 \u00a0 \u00a0 \u00a0 \u00a0 \u00a0 \u00a0 \u00a0 \u00a0 \u00a0 \u00a0 \u00a0 \u00a0 \u00a0 \u00a0 \u00a0 \u00a0<\/p>\n<p>Fiscal\u00eda \u00a0 \u00a0 \u00a0 \u00a0 \u00a0 \u00a0 \u00a0 \u00a0 \u00a0 \u00a0 \u00a0 \u00a0 \u00a035 Seccional \u00a0 \u00a0 \u00a0 \u00a0 \u00a0 \u00a0 \u00a0 \u00a0 \u00a0 \u00a0 \u00a0 \u00a0 \u00a0 \u00a0 \u00a0 \u00a0 \u00a0 \u00a0 \u00a0 \u00a0 \u00a0 \u00a0 \u00a0 \u00a0 \u00a0 \u00a0 \u00a0 \u00a0 \u00a0 \u00a0 \u00a0 \u00a0 \u00a0 \u00a0 \u00a0<\/p>\n<p>Averiguaci\u00f3n \u00a0 \u00a0 \u00a0 \u00a0 \u00a0 \u00a0 \u00a0 \u00a0 \u00a0 \u00a0 \u00a0 \u00a0 \u00a0de responsables \u00a0 \u00a0 \u00a0 \u00a0 \u00a0 \u00a0 \u00a0 \u00a0 \u00a0 \u00a0 \u00a0 \u00a0 \u00a0 \u00a0 \u00a0 \u00a0 \u00a0 \u00a0 \u00a0 \u00a0 \u00a0 \u00a0 \u00a0 \u00a0 \u00a0 \u00a0 \u00a0 \u00a0 \u00a0 \u00a0 \u00a0 \u00a0 \u00a0 \u00a0 \u00a0<\/p>\n<p>Se \u00a0 \u00a0 \u00a0 \u00a0 \u00a0 \u00a0 \u00a0 \u00a0 \u00a0 \u00a0 \u00a0 \u00a0 \u00a0solicit\u00f3 medida de protecci\u00f3n a la Polic\u00eda \u00a0 \u00a0 \u00a0 \u00a0 \u00a0 \u00a0 \u00a0 \u00a0 \u00a0 \u00a0 \u00a0 \u00a0 \u00a0Nacional. En actos de investigaci\u00f3n. \u00a0 \u00a0 \u00a0 \u00a0 \u00a0<\/p>\n<p>150016099163202152295 \u00a0 \u00a0 \u00a0 \u00a0 \u00a0 \u00a0 \u00a0 \u00a0 \u00a0 \u00a0 \u00a0 \u00a0 \u00a0 \u00a0 \u00a0 \u00a0 \u00a0 \u00a0 \u00a0 \u00a0 \u00a0 \u00a0 \u00a0 \u00a0 \u00a0 \u00a0 \u00a0 \u00a0 \u00a0 \u00a0 \u00a0 \u00a0 \u00a0 \u00a0 \u00a0<\/p>\n<p>Fiscal\u00eda \u00a0 \u00a0 \u00a0 \u00a0 \u00a0 \u00a0 \u00a0 \u00a0 \u00a0 \u00a0 \u00a0 \u00a0 \u00a035 Seccional \u00a0 \u00a0 \u00a0 \u00a0 \u00a0 \u00a0 \u00a0 \u00a0 \u00a0 \u00a0 \u00a0 \u00a0 \u00a0 \u00a0 \u00a0 \u00a0 \u00a0 \u00a0 \u00a0 \u00a0 \u00a0 \u00a0 \u00a0 \u00a0 \u00a0 \u00a0 \u00a0 \u00a0 \u00a0 \u00a0 \u00a0 \u00a0 \u00a0 \u00a0 \u00a0<\/p>\n<p>Wilman \u00a0 \u00a0 \u00a0 \u00a0 \u00a0 \u00a0 \u00a0 \u00a0 \u00a0 \u00a0 \u00a0 \u00a0 \u00a0Alcib\u00edades Jim\u00e9nez Vallarez \u00a0 \u00a0 \u00a0 \u00a0 \u00a0 \u00a0 \u00a0 \u00a0 \u00a0 \u00a0 \u00a0 \u00a0 \u00a0 \u00a0 \u00a0 \u00a0 \u00a0 \u00a0 \u00a0 \u00a0 \u00a0 \u00a0 \u00a0 \u00a0 \u00a0 \u00a0 \u00a0 \u00a0 \u00a0 \u00a0 \u00a0 \u00a0 \u00a0 \u00a0 \u00a0<\/p>\n<p>Se \u00a0 \u00a0 \u00a0 \u00a0 \u00a0 \u00a0 \u00a0 \u00a0 \u00a0 \u00a0 \u00a0 \u00a0 \u00a0solicit\u00f3 medida de protecci\u00f3n a la Polic\u00eda \u00a0 \u00a0 \u00a0 \u00a0 \u00a0 \u00a0 \u00a0 \u00a0 \u00a0 \u00a0 \u00a0 \u00a0 \u00a0Nacional. En desarrollo de actos de investigaci\u00f3n. \u00a0 \u00a0 \u00a0 \u00a0 \u00a0<\/p>\n<p>158616000129201900026 \u00a0 \u00a0 \u00a0 \u00a0 \u00a0 \u00a0 \u00a0 \u00a0 \u00a0 \u00a0 \u00a0 \u00a0 \u00a0 \u00a0 \u00a0 \u00a0 \u00a0 \u00a0 \u00a0 \u00a0 \u00a0 \u00a0 \u00a0 \u00a0 \u00a0 \u00a0 \u00a0 \u00a0 \u00a0 \u00a0 \u00a0 \u00a0 \u00a0 \u00a0 \u00a0<\/p>\n<p>Fiscal\u00eda \u00a0 \u00a0 \u00a0 \u00a0 \u00a0 \u00a0 \u00a0 \u00a0 \u00a0 \u00a0 \u00a0 \u00a0 \u00a013 seccional \u00a0 \u00a0 \u00a0 \u00a0 \u00a0 \u00a0 \u00a0 \u00a0 \u00a0 \u00a0 \u00a0 \u00a0 \u00a0 \u00a0 \u00a0 \u00a0 \u00a0 \u00a0 \u00a0 \u00a0 \u00a0 \u00a0 \u00a0 \u00a0 \u00a0 \u00a0 \u00a0 \u00a0 \u00a0 \u00a0 \u00a0 \u00a0 \u00a0 \u00a0 \u00a0<\/p>\n<p>Contra \u00a0 \u00a0 \u00a0 \u00a0 \u00a0 \u00a0 \u00a0 \u00a0 \u00a0 \u00a0 \u00a0 \u00a0 \u00a0servidores p\u00fablicos Dar\u00edo Alejandro Garc\u00eda \u00a0 \u00a0 \u00a0 \u00a0 \u00a0 \u00a0 \u00a0 \u00a0 \u00a0 \u00a0 \u00a0 \u00a0 \u00a0Cifuentes y Otros \u00a0 \u00a0 \u00a0 \u00a0 \u00a0 \u00a0 \u00a0 \u00a0 \u00a0 \u00a0 \u00a0 \u00a0 \u00a0 \u00a0 \u00a0 \u00a0 \u00a0 \u00a0 \u00a0 \u00a0 \u00a0 \u00a0 \u00a0 \u00a0 \u00a0 \u00a0 \u00a0 \u00a0 \u00a0 \u00a0 \u00a0 \u00a0 \u00a0 \u00a0 \u00a0<\/p>\n<p>Informe \u00a0 \u00a0 \u00a0 \u00a0 \u00a0 \u00a0 \u00a0 \u00a0 \u00a0 \u00a0 \u00a0 \u00a0 \u00a0de investigador de campo del 18 de julio de 2022 \u00a0 \u00a0 \u00a0 \u00a0 \u00a0<\/p>\n<p>150016099163202051045 \u00a0 \u00a0 \u00a0 \u00a0 \u00a0 \u00a0 \u00a0 \u00a0 \u00a0 \u00a0 \u00a0 \u00a0 \u00a0conexidad con 1500160991632020051089 \u00a0 \u00a0 \u00a0 \u00a0 \u00a0 \u00a0 \u00a0 \u00a0 \u00a0 \u00a0 \u00a0 \u00a0 \u00a0 \u00a0 \u00a0 \u00a0 \u00a0 \u00a0 \u00a0 \u00a0 \u00a0 \u00a0 \u00a0 \u00a0 \u00a0 \u00a0 \u00a0 \u00a0 \u00a0 \u00a0 \u00a0 \u00a0 \u00a0 \u00a0 \u00a0<\/p>\n<p>Fiscal\u00eda \u00a0 \u00a0 \u00a0 \u00a0 \u00a0 \u00a0 \u00a0 \u00a0 \u00a0 \u00a0 \u00a0 \u00a0 \u00a040 seccional \u00a0 \u00a0 \u00a0 \u00a0 \u00a0 \u00a0 \u00a0 \u00a0 \u00a0 \u00a0 \u00a0 \u00a0 \u00a0 \u00a0 \u00a0 \u00a0 \u00a0 \u00a0 \u00a0 \u00a0 \u00a0 \u00a0 \u00a0 \u00a0 \u00a0 \u00a0 \u00a0 \u00a0 \u00a0 \u00a0 \u00a0 \u00a0 \u00a0 \u00a0 \u00a0<\/p>\n<p>En \u00a0 \u00a0 \u00a0 \u00a0 \u00a0 \u00a0 \u00a0 \u00a0 \u00a0 \u00a0 \u00a0 \u00a0 \u00a0averiguaci\u00f3n \u00a0 \u00a0 \u00a0 \u00a0 \u00a0 \u00a0 \u00a0 \u00a0 \u00a0 \u00a0 \u00a0 \u00a0 \u00a0 \u00a0 \u00a0 \u00a0 \u00a0 \u00a0 \u00a0 \u00a0 \u00a0 \u00a0 \u00a0 \u00a0 \u00a0 \u00a0 \u00a0 \u00a0 \u00a0 \u00a0 \u00a0 \u00a0 \u00a0 \u00a0 \u00a0<\/p>\n<p>Activa \u00a0 \u00a0 \u00a0 \u00a0 \u00a0 \u00a0 \u00a0 \u00a0 \u00a0 \u00a0 \u00a0 \u00a0 \u00a0\u2013 indagaci\u00f3n \u00a0 \u00a0 \u00a0 \u00a0 \u00a0<\/p>\n<p>150016099163202050491 \u00a0 \u00a0 \u00a0 \u00a0 \u00a0 \u00a0 \u00a0 \u00a0 \u00a0 \u00a0 \u00a0 \u00a0 \u00a0 \u00a0 \u00a0 \u00a0 \u00a0 \u00a0 \u00a0 \u00a0 \u00a0 \u00a0 \u00a0 \u00a0 \u00a0 \u00a0 \u00a0 \u00a0 \u00a0 \u00a0 \u00a0 \u00a0 \u00a0 \u00a0 \u00a0<\/p>\n<p>Fiscal\u00eda \u00a0 \u00a0 \u00a0 \u00a0 \u00a0 \u00a0 \u00a0 \u00a0 \u00a0 \u00a0 \u00a0 \u00a0 \u00a022 Delegada \u00a0 \u00a0 \u00a0 \u00a0 \u00a0 \u00a0 \u00a0 \u00a0 \u00a0 \u00a0 \u00a0 \u00a0 \u00a0 \u00a0 \u00a0 \u00a0 \u00a0 \u00a0 \u00a0 \u00a0 \u00a0 \u00a0 \u00a0 \u00a0 \u00a0 \u00a0 \u00a0 \u00a0 \u00a0 \u00a0 \u00a0 \u00a0 \u00a0 \u00a0 \u00a0<\/p>\n<p>Luis \u00a0 \u00a0 \u00a0 \u00a0 \u00a0 \u00a0 \u00a0 \u00a0 \u00a0 \u00a0 \u00a0 \u00a0 \u00a0Alejandro Reina L\u00f3pez \u00a0 \u00a0 \u00a0 \u00a0 \u00a0 \u00a0 \u00a0 \u00a0 \u00a0 \u00a0 \u00a0 \u00a0 \u00a0 \u00a0 \u00a0 \u00a0 \u00a0 \u00a0 \u00a0 \u00a0 \u00a0 \u00a0 \u00a0 \u00a0 \u00a0 \u00a0 \u00a0 \u00a0 \u00a0 \u00a0 \u00a0 \u00a0 \u00a0 \u00a0 \u00a0<\/p>\n<p>Archivo \u00a0 \u00a0 \u00a0 \u00a0 \u00a0 \u00a0 \u00a0 \u00a0 \u00a0 \u00a0 \u00a0 \u00a0 \u00a0del 30 de septiembre de 2022 \u00a0 \u00a0 \u00a0 \u00a0 \u00a0<\/p>\n<p>158616000129202050040 \u00a0 \u00a0 \u00a0 \u00a0 \u00a0 \u00a0 \u00a0 \u00a0 \u00a0 \u00a0 \u00a0 \u00a0 \u00a0 \u00a0 \u00a0 \u00a0 \u00a0 \u00a0 \u00a0 \u00a0 \u00a0 \u00a0 \u00a0 \u00a0 \u00a0 \u00a0 \u00a0 \u00a0 \u00a0 \u00a0 \u00a0 \u00a0 \u00a0 \u00a0 \u00a0<\/p>\n<p>Fiscal\u00eda \u00a0 \u00a0 \u00a0 \u00a0 \u00a0 \u00a0 \u00a0 \u00a0 \u00a0 \u00a0 \u00a0 \u00a0 \u00a05 Delegado \u00a0 \u00a0 \u00a0 \u00a0 \u00a0 \u00a0 \u00a0 \u00a0 \u00a0 \u00a0 \u00a0 \u00a0 \u00a0 \u00a0 \u00a0 \u00a0 \u00a0 \u00a0 \u00a0 \u00a0 \u00a0 \u00a0 \u00a0 \u00a0 \u00a0 \u00a0 \u00a0 \u00a0 \u00a0 \u00a0 \u00a0 \u00a0 \u00a0 \u00a0 \u00a0<\/p>\n<p>Diana \u00a0 \u00a0 \u00a0 \u00a0 \u00a0 \u00a0 \u00a0 \u00a0 \u00a0 \u00a0 \u00a0 \u00a0 \u00a0Cristina Boh\u00f3rquez G\u00f3mez \u00a0 \u00a0 \u00a0 \u00a0 \u00a0 \u00a0 \u00a0 \u00a0 \u00a0 \u00a0 \u00a0 \u00a0 \u00a0 \u00a0 \u00a0 \u00a0 \u00a0 \u00a0 \u00a0 \u00a0 \u00a0 \u00a0 \u00a0 \u00a0 \u00a0 \u00a0 \u00a0 \u00a0 \u00a0 \u00a0 \u00a0 \u00a0 \u00a0 \u00a0 \u00a0<\/p>\n<p>desarchivo \u00a0 \u00a0 \u00a0 \u00a0 \u00a0 \u00a0 \u00a0 \u00a0 \u00a0 \u00a0 \u00a0 \u00a0 \u00a0del 25 de mayo de 2022. El 31 de agosto se recibe informaci\u00f3n \u00a0 \u00a0 \u00a0 \u00a0 \u00a0 \u00a0 \u00a0 \u00a0 \u00a0 \u00a0 \u00a0 \u00a0 \u00a0encontr\u00e1ndose en estudio. \u00a0 \u00a0<\/p>\n<p>3. Refiere el \u00a0actor que las acciones por \u00e9l desplegadas ante las autoridades \u00a0correspondientes no presentan resultados evidentes, pues las \u00a0conductas en contra de su integridad personal y su propiedad siguen \u00a0ocurriendo de forma recurrente, sinti\u00e9ndose sin mecanismos \u00a0constitucionales para garantizar sus derechos. \u00a0<\/p>\n<p>4. En \u00a0este contexto, solicita la protecci\u00f3n de su derecho a la vida \u00a0y a \u00a0no ser desterrado. \u00a0En consecuencia, pretende que se resuelvan los asuntos penales que se \u00a0adelantan contra la Administraci\u00f3n del Municipio de \u00a0Ventaquemada dentro de los radicados No. 150016099163201900671, \u00a0158616000129202050040, 158616000129201900026, 150016099163202150774 y \u00a0150016099163202250178, entre otros. \u00a0<\/p>\n<p>RESPUESTA DE LA \u00a0AUTORIDAD ACCIONADA \u00a0<\/p>\n<p>Mediante auto del \u00a018 de octubre de 2022, la Sala Penal del Tribunal Superior del \u00a0Distrito Judicial de Tunja avoc\u00f3 conocimiento del asunto, \u00a0surti\u00f3 el traslado a las autoridades accionadas, Fiscal\u00eda \u00a0General de la Naci\u00f3n y Polic\u00eda Nacional. \u00a0<\/p>\n<p>Vincul\u00f3 a \u00a0la Direcci\u00f3n Seccional de Fiscal\u00edas de Boyac\u00e1, a \u00a0la Personer\u00eda Municipal de Ventaquemada, y a las Fiscal\u00edas \u00a0Quinta Especializada, Veintiuno Seccional, Trece Seccional, \u00a0Veintiocho Local, Veintid\u00f3s Local, Quinta Local, Cuarenta \u00a0Seccional, Treinta y Cinco Seccional y Diecisiete Seccional, todas de \u00a0Tunja. Quienes se pronunciaron en los siguientes t\u00e9rminos: \u00a0<\/p>\n<p>1. La Fiscal\u00eda \u00a019 Seccional de Administraci\u00f3n P\u00fablica de Tunja \u00a0inform\u00f3 que, consultado el SPOA, advirti\u00f3 que conoci\u00f3 \u00a0de la noticia criminal No. 150016099163201900671, por presuntas \u00a0conductas desplegadas por agentes de la Polic\u00eda Nacional a \u00a0quienes el denunciante identific\u00f3 con las placas 195180 y \u00a0165719. \u00a0<\/p>\n<p>2. La Fiscal\u00eda \u00a017 Delegada ante los Jueces Penales del Circuito de Tunja \u00a0se\u00f1al\u00f3 que, el 07 de marzo de 2022, recibi\u00f3 por \u00a0reasignaci\u00f3n la noticia criminal No. 150016099163202250178, en \u00a0raz\u00f3n de la reubicaci\u00f3n de la Fiscal\u00eda 44 \u00a0Seccional. La indagaci\u00f3n cursa por el delito de falsa denuncia \u00a0contra la personer\u00eda del Municipio de Ventaquemada en cabeza \u00a0de Rosa Mar\u00eda Quiroga Amado. \u00a0<\/p>\n<p>Que se encuentra \u00a0pendiente orden a polic\u00eda judicial a fin de obtener entrevista \u00a0del se\u00f1or Rodolfo Moreno Bernal e inspecci\u00f3n a la \u00a0carpeta con noticia criminal 150016099163202150774 que cursa en la \u00a0Fiscal\u00eda 35 Seccional de Tunja, las cuales se encuentran en \u00a0t\u00e9rmino de cumplimiento, por lo que una vez se reciba el \u00a0informe respectivo se tomar\u00e1n las determinaciones \u00a0correspondientes. \u00a0<\/p>\n<p>Advirti\u00f3 \u00a0que desde la reasignaci\u00f3n de la investigaci\u00f3n no ha \u00a0recibido ninguna solicitud del actor. \u00a0<\/p>\n<p>3. El Coordinador \u00a0de la Unidad de Seguridad P\u00fablica y Salud P\u00fablica, en \u00a0apoyo de la Fiscal\u00eda 35 Seccional de Tunja, \u00a0relacion\u00f3 que ante dicha delegada se adelantan la indagaci\u00f3n \u00a0158616000129202150003 a la cual se acumul\u00f3 la noticia criminal \u00a0150016099163202151883, por tratarse de los mismos hechos, por el \u00a0delito de amenazas, siendo denunciante y v\u00edctima el \u00a0accionante, en averiguaci\u00f3n de responsables, la que se \u00a0encuentra en desarrollo de actos de investigaci\u00f3n en aras de \u00a0establecer el autor o autores de los hechos . Aclara que el \u00a0accionante cuenta con medida de protecci\u00f3n vigente. \u00a0<\/p>\n<p>Mencion\u00f3 la \u00a0noticia criminal No. 150016099163202150381, reasignada el 26 de \u00a0agosto de 2022, por el delito de amenazas, y destac\u00f3 que se \u00a0solicit\u00f3 medida de protecci\u00f3n a favor de Moreno Bernal. \u00a0En la actualidad en etapa de indagaci\u00f3n. \u00a0<\/p>\n<p>Tambi\u00e9n, \u00a0rese\u00f1\u00f3 la indagaci\u00f3n No. 150016099163202152295, \u00a0reasignada el 26 de agosto de 2022, en contra de Wilman Alcib\u00edades \u00a0Jim\u00e9nez Vallarez. Expuso que en la misma tambi\u00e9n cuenta \u00a0con medida de protecci\u00f3n vigente y est\u00e1 en desarrollo \u00a0de actos de investigaci\u00f3n. \u00a0<\/p>\n<p>Cit\u00f3 los \u00a0radicados Nos. 150016099163202151338, 150016099163202154723, \u00a0150016099163202255737, que fueron acumulados a la noticia criminal \u00a0150016099163202150774, en la que funge como denunciante Rosa Mar\u00eda \u00a0Quiroga Amado, por el delito de amenazas, en contra de Rodolfo Moreno \u00a0Bernal. \u00a0<\/p>\n<p>4. La Fiscal\u00eda \u00a013 Delegada ante los Juzgados Penales del Circuito de Tunja \u00a0manifest\u00f3 que conoce de la indagaci\u00f3n No. \u00a0158616000129201900026, la que se encuentra en estado activa, contra \u00a0los servidores p\u00fablicos Dar\u00edo Alejandro Garc\u00eda \u00a0Cifuentes y otros por los presuntos delitos de fraudulenta \u00a0internaci\u00f3n en asilo, cl\u00ednica o establecimiento \u00a0similar, abuso de autoridad por acto arbitrario e injusto y calumnia, \u00a0derivados de hechos ocurridos el 04 de marzo de 2019 en Ventaquemada \u00a0y Tunja, cuya \u00faltima actuaci\u00f3n data del 18 de julio de \u00a02022 con la presentaci\u00f3n del informe de investigador de campo, \u00a0pendiente de reprogramar reuni\u00f3n de seguimiento y evaluaci\u00f3n \u00a0de los resultados. \u00a0<\/p>\n<p>5. La Fiscal\u00eda \u00a040 Seccional del Medio Ambiente de Tunja \u00a0aludi\u00f3 que tramita la actuaci\u00f3n No. \u00a0150016099163202051045, la que fue conexada con la No. \u00a0150016099163202051089, por tratarse de hechos similares, \u00a0encontr\u00e1ndose activo el primer radicado, denuncia promovida \u00a0por Rodolfo Moreno Bernal. Indica que luego de desarrollado el \u00a0programa metodol\u00f3gico, \u201cla \u00a0informaci\u00f3n sobre los lugares donde se adelanta la miner\u00eda \u00a0ilegal en zonas de paramo, resulta ser incipiente, pues no es posible \u00a0determinar la procedencia del carb\u00f3n de donde toma registros \u00a0de video de veh\u00edculos transportando el mineral, as\u00ed \u00a0mismo, no es posible establecer si efectivamente es de la zona de \u00a0especial protecci\u00f3n ecol\u00f3gica denominada P\u00e1ramo \u00a0de Rabanal\u201d, \u00a0sin embargo, la actuaci\u00f3n se encuentra activa. \u00a0<\/p>\n<p>En igual sentido, \u00a0describe los resultados obtenidos en otras investigaciones que \u00a0generaron aprehensi\u00f3n de personas e incautaci\u00f3n de \u00a0elementos vinculados con la explotaci\u00f3n de carb\u00f3n \u00a0mineral (150016000132202200838 y 150016099163202151352). \u00a0<\/p>\n<p>6. La Fiscal\u00eda \u00a022 Delegada ante los Jueces Municipales de Tunja \u00a0describi\u00f3 la actuaci\u00f3n procesal acaecida al interior de \u00a0la noticia criminal No. 150016099163202050491, seguida contra Luis \u00a0Alejandro Reina L\u00f3pez por el delito de da\u00f1o en bien \u00a0ajeno, siendo denunciante Rodolfo Moreno. \u00a0<\/p>\n<p>Subray\u00f3 \u00a0que, en aras de agotar el requisito de procedibilidad, cit\u00f3 a \u00a0las partes a audiencia de conciliaci\u00f3n los d\u00edas 29 de \u00a0abril, 18 de agosto y 17 septiembre de 2021 y 04 de febrero de 2022, \u00a0donde no asistieron tanto el querellante como el querellado, con la \u00a0notaci\u00f3n de que no existe \u00e1nimo conciliatorio por parte \u00a0del querellante. \u00a0<\/p>\n<p>Agreg\u00f3 que \u00a0profiri\u00f3 orden a polic\u00eda judicial, una vez recibido el \u00a0informe por parte del investigador, el 30 de septiembre de 2022, \u00a0dispuso el archivo de la investigaci\u00f3n por la imposibilidad de \u00a0ubicar o establecer el sujeto activo de la conducta, decisi\u00f3n \u00a0que se encuentra en tr\u00e1mite de notificaci\u00f3n. \u00a0<\/p>\n<p>7. La Personera \u00a0del Municipio de Ventaquemada sostiene \u00a0que no ha realizado intervenci\u00f3n alguna en los procesos \u00a0adelantados por la Fiscal\u00eda. Tampoco se encuentra pendiente \u00a0ning\u00fan tr\u00e1mite solicitado por parte del accionante. \u00a0<\/p>\n<p>8. La Fiscal\u00eda \u00a028 Delegada ante los Jueces Penales Municipales de Tunja \u00a0comunic\u00f3 que conoci\u00f3 de la investigaci\u00f3n No. \u00a0158616000129202000044 por el delito de lesiones personales contra \u00a0Rodolfo Moreno Bernal, siendo querellante Julia Mercedes L\u00f3pez \u00a0y v\u00edctima su esposo Humberto Rubiano. \u00a0<\/p>\n<p>Declar\u00f3 \u00a0que, el 08 de junio de 2022, la denunciante manifest\u00f3 su deseo \u00a0de desistir, por lo que, el 10 de junio de 2022, procedi\u00f3 a \u00a0archivar la actuaci\u00f3n. \u00a0<\/p>\n<p>9. La Fiscal\u00eda \u00a05 Delegado ante los Juzgados Penales del Circuito Especializados \u00a0exterioriz\u00f3 que adelanta una actuaci\u00f3n penal que se \u00a0encuentra en fase de indagaci\u00f3n y que se halla radicado bajo \u00a0el n\u00famero 158616000129202050040, la que tuvo origen en la \u00a0noticia criminal instaurada por el ciudadano RODOLFO MORENO BERNAL, \u00a0en donde se investiga el posible delito de prevaricato por acci\u00f3n \u00a0en que pudo haber incurrido la Inspectora de Polic\u00eda del \u00a0Municipio de Ventaquemada, doctora Diana Cristina Boh\u00f3rquez \u00a0G\u00f3mez, con motivo de la tramitaci\u00f3n y expedici\u00f3n \u00a0de la respectiva resoluci\u00f3n que puso fin al asunto ventilado \u00a0dentro del proceso verbal abreviado radicado bajo el n\u00famero \u00a02017-035. \u00a0<\/p>\n<p>Luego de discurrir \u00a0en el acontecer procesal al interior de la mencionada indagaci\u00f3n, \u00a0aclar\u00f3 que, el 25 de mayo de 2022, se orden\u00f3 el \u00a0desarchivo de la actuaci\u00f3n y se libr\u00f3 nueva orden de \u00a0polic\u00eda judicial. Encontr\u00e1ndose en la actualidad en \u00a0tuno para realizar estudio a los elementos materiales probatorios \u00a0acopiados con la finalidad de adoptar el paso a seguir, esto es, si \u00a0esos elementos fueron suficientes o no para acreditar la existencia y \u00a0la tipicidad de la conducta denunciada o si se requiere de alg\u00fan \u00a0otro elemento probatorio para tener claridad de los hechos \u00a0investigados. \u00a0<\/p>\n<p>9. La Direcci\u00f3n \u00a0Seccional de Fiscal\u00edas de Boyac\u00e1 \u00a0precis\u00f3 ser una dependencia de car\u00e1cter administrativo, \u00a0que solo puede hacer seguimiento a las investigaciones que los \u00a0fiscales adelantan, en atenci\u00f3n a la autonom\u00eda de los \u00a0funcionarios, quienes son los encargados de adoptar las decisiones \u00a0procesales. \u00a0<\/p>\n<p>Mencion\u00f3 \u00a0que corri\u00f3 traslado de la presente acci\u00f3n \u00a0constitucional a las Fiscal\u00edas 5 especializada, 21 seccional, \u00a013 seccional, 28 local, 22 local, 5 local, 40 seccional, 35 Seccional \u00a0y 17 seccional, todas de Tunja, delegadas antes las que se adelantan \u00a0las investigaciones penales mencionadas por el accionante. \u00a0<\/p>\n<p>EL FALLO \u00a0IMPUGNADO \u00a0<\/p>\n<p>La Sala Penal del \u00a0Tribunal Superior del Distrito Judicial de Tunja especific\u00f3 \u00a0que el accionante ha actuado en calidad de denunciante de m\u00faltiples \u00a0hechos contra personas y autoridades administrativas y judiciales del \u00a0municipio de Ventaquemada, por la comisi\u00f3n de presuntos \u00a0delitos en su contra. \u00a0<\/p>\n<p>En relaci\u00f3n \u00a0con los hechos denunciados, precis\u00f3 que por parte de las \u00a0diferentes delegadas fiscales de Tunja se adelantan las diferentes \u00a0indagaciones de las conductas denunciadas, dentro de los t\u00e9rminos \u00a0y etapas dispuestas por la ley, algunas en estado activo, archivadas \u00a0y en etapa de indagaci\u00f3n, donde se cumplen las \u00f3rdenes \u00a0impartidas a la polic\u00eda judicial para investigar los hechos, \u00a0sin que se adviertan omisiones o un actuar arbitrario dentro de las \u00a0decisiones adoptadas o el tr\u00e1mite adelantado, que d\u00e9 \u00a0lugar a la vulneraci\u00f3n de los derechos fundamentales invocados \u00a0por el accionante. \u00a0<\/p>\n<p>Destac\u00f3 que \u00a0no es posible a trav\u00e9s de la acci\u00f3n de tutela \u00a0controvertir las decisiones tomadas por las autoridades dentro del \u00a0marco de sus competencias, pues al interior de dichas actuaciones el \u00a0accionante cuenta con los mecanismos ordinarios para exteriorizar sus \u00a0inconformidades. \u00a0<\/p>\n<p>As\u00ed las \u00a0cosas, al no cumplirse con el requisito de subsidiariedad, neg\u00f3 \u00a0por improcedente \u00a0la tutela respecto de las actuaciones efectuadas por la Fiscal\u00eda \u00a0Quinta Especializada de Tunja, Fiscal\u00eda Veintiuna Seccional de \u00a0Tunja, Fiscal\u00eda Veintiocho Local, Fiscal\u00eda Veintid\u00f3s \u00a0Local, Fiscal\u00eda Quinta Local, Fiscal\u00eda Cuarenta \u00a0Seccional, Fiscal\u00eda Treinta y Cinco Seccional y Fiscal\u00eda \u00a0Diecisiete Seccional. \u00a0<\/p>\n<p>Desde otra arista, \u00a0ampar\u00f3 los derechos al debido proceso y acceso a la \u00a0administraci\u00f3n de justicia en relaci\u00f3n con la Fiscal\u00eda \u00a013 Delegada \u00a0ante los Jueces Penales del Circuito de Tunja, \u00a0al establecer el incumplimiento de los presupuestos indicados en el \u00a0par\u00e1grafo 1 del art\u00edculo 175 del C.P.P., por cuanto la \u00a0denuncia de la noticia criminal a su cargo fue radicada en el a\u00f1o \u00a02019 sin que a la fecha se haya tomado una determinaci\u00f3n de \u00a0fondo. \u00a0<\/p>\n<p>LA IMPUGNACI\u00d3N \u00a0<\/p>\n<p>RODOLFO MORENO \u00a0BERNAL, \u00a0exterioriz\u00f3 su inconformidad con el fallo de primera \u00a0instancia, insistiendo en los hechos y premisas propuestas en la \u00a0demanda. \u00a0<\/p>\n<p>Reliev\u00f3 que \u00a0las aseveraciones realizadas por la Fiscal\u00eda 22 Delegada \u00a0carecen de veracidad, pues asegura que el 22 de abril del cursante se \u00a0llev\u00f3 a cabo audiencia de conciliaci\u00f3n dentro de la \u00a0noticia criminal No. 150016099163202050491, a la que asisti\u00f3 \u00a0el denunciado y su defensor, de la cual allega formato de no \u00a0conciliaci\u00f3n suscrito por los asistentes. En ese sentido, \u00a0advierte que la causal invocada para el archivo de las diligencias, \u00a0imposibilidad \u00a0de ubicar o establecer sujeto activo de la conducta, \u00a0demuestra una falta de garant\u00edas en la investigaci\u00f3n. \u00a0<\/p>\n<p>Adicion\u00f3 \u00a0que no se tuvo en cuenta que la actuaci\u00f3n le fue asignada solo \u00a0hasta el 10 de marzo de 2022, ni las restricciones impuestas por las \u00a0medidas adoptadas por la emergencia sanitaria del COVID 19. \u00a0<\/p>\n<p>De otra parte, \u00a0precis\u00f3 que se desconoci\u00f3 el principio de \u00a0subsidiariedad pues si el accionante reprocha la inactividad de la \u00a0Fiscal\u00eda, aquel no agot\u00f3 la v\u00eda gubernativa ni \u00a0las otras acciones judiciales o administrativas a su disposici\u00f3n. \u00a0En consecuencia, solicit\u00f3 la revocatoria de la sentencia \u00a0atacada y que, en su lugar, se niegue por improcedente la acci\u00f3n \u00a0de tutela. \u00a0<\/p>\n<p>CONSIDERACIONES \u00a0DE LA CORTE \u00a0<\/p>\n<p>Competencia \u00a0<\/p>\n<p>De acuerdo con el \u00a0art\u00edculo 32 del Decreto 2591 de 1991, la Sala es competente \u00a0para resolver la impugnaci\u00f3n planteada por el accionante \u00a0respecto de la decisi\u00f3n proferida por la Sala Penal del \u00a0Tribunal Superior del Distrito Judicial de Tunja. \u00a0<\/p>\n<p>Como \u00a0ya se dijo, la Sala no har\u00e1 un pronunciamiento de fondo sobre \u00a0el contenido y sentido de la decisi\u00f3n impugnada, por advertir \u00a0que en el tr\u00e1mite de la vinculaci\u00f3n a las partes se \u00a0incurri\u00f3 en irregularidad sustancial que afecta de nulidad \u00a0parte de la actuaci\u00f3n cumplida. \u00a0<\/p>\n<p>El caso \u00a0<\/p>\n<p>La demanda \u00a0constitucional est\u00e1 dirigida a salvaguardar los derechos \u00a0fundamentales al debido proceso y acceso a la administraci\u00f3n \u00a0de justicia de RODOLFO \u00a0MORENO BERNAL, \u00a0presuntamente vulnerados por la Fiscal\u00eda General de la Naci\u00f3n \u00a0a trav\u00e9s de las delegadas 19 Seccional, 17 Delegada, 35 \u00a0Seccional, 13 Seccional, 40 Seccional, 22 Delegada y Fiscal\u00eda \u00a05 Delegada, todas de Tunja, con ocasi\u00f3n a la tardanza de los \u00a0aludidos despachos en adoptar una decisi\u00f3n de fondo en \u00a0relaci\u00f3n con las investigaciones en las que funge como \u00a0denunciante y\/o v\u00edctima, identificadas con Nos. \u00a0150016099163201900671, 150016099163202250178, 158616000129202150003 \u00a0acumulado con 150016099163202151883, 150016099163202150381, \u00a0150016099163202152295, 158616000129201900026, 150016099163202051045 \u00a0conexidad con 1500160991632020051089, 150016099163202050491 y \u00a0158616000129202050040. \u00a0<\/p>\n<p>En el tr\u00e1mite \u00a0de la demanda constitucional, es deber de la autoridad judicial \u00a0adelantar las acciones pertinentes a efectos de verificar la posible \u00a0vulneraci\u00f3n de los derechos fundamentales que la parte \u00a0accionante denuncia, y de adoptar la decisi\u00f3n que corresponda, \u00a0con la integraci\u00f3n por activa y pasiva de las personas o \u00a0entidades que se encuentren comprometidas de acuerdo con la parte \u00a0f\u00e1ctica de la acci\u00f3n. \u00a0<\/p>\n<p>Esta informaci\u00f3n \u00a0se obtiene del escrito de tutela o de las respuestas que brinden las \u00a0partes, e incluso, de aspectos tales como los posibles efectos del \u00a0fallo, siendo en ese escenario donde el juez debe proyectar su \u00a0capacidad oficiosa para vincular al tr\u00e1mite a quien deba \u00a0concurrir al mismo, con el fin de permitir su participaci\u00f3n y, \u00a0por tanto, su defensa, posibilitando que conozca el contenido de la \u00a0demanda para que ejerza su derecho de contradicci\u00f3n en debida \u00a0forma (CC SU116-18). \u00a0<\/p>\n<p>En este caso, el \u00a0Tribunal de primera instancia vincul\u00f3 a las diferentes \u00a0delegadas fiscales de Tunja que adelantan las investigaciones \u00a0preliminares por esta v\u00eda cuestionadas, pero omiti\u00f3 \u00a0integrar \u00a0el contradictorio con las autoridades de la Justicia Penal Militar a \u00a0las que les correspondi\u00f3 adelantar la actuaci\u00f3n que fue \u00a0remitida por la Fiscal\u00eda \u00a019 Seccional de Tunja -radicaci\u00f3n 150016099163201900671- y a \u00a0las partes e intervinientes en esa actuaci\u00f3n. \u00a0<\/p>\n<p>Adem\u00e1s, \u00a0omiti\u00f3 convocar a los sujetos procesales e intervinientes en \u00a0las dem\u00e1s actuaciones, concretamente en aquellas que ten\u00edan \u00a0indiciado conocido: Rosa Mar\u00eda Quiroga Amado \u00a0(150016099163202250178), \u00a0Wilman Alcib\u00edades Jim\u00e9nez Vallarez \u00a0(150016099163202152295), \u00a0Alejandro Garc\u00eda Cifuentes y Otros (158616000129201900026), \u00a0Luis Alejandro Reina L\u00f3pez (150016099163202050491) \u00a0y Diana Cristina Boh\u00f3rquez G\u00f3mez \u00a0(158616000129202050040), \u00a0quienes por ser sujeto pasivo de la acci\u00f3n penal, podr\u00eda \u00a0ver afectados sus intereses con la determinaci\u00f3n que en el \u00a0presente tr\u00e1mite se adopte. \u00a0<\/p>\n<p>Frente a esta \u00a0realidad, se concluye que su vinculaci\u00f3n resulta necesaria y \u00a0que el Tribunal a \u00a0quo \u00a0ten\u00eda la obligaci\u00f3n de correrle traslado del libelo \u00a0introductorio, para que, en ejercicio del derecho de defensa y \u00a0contradicci\u00f3n, se hicieran parte de ella y se pronunciaran \u00a0sobre el particular. \u00a0<\/p>\n<p>Como esta \u00a0irregularidad se erige en \u00a0causal de invalidez de la actuaci\u00f3n, la Sala \u00a0decretar\u00e1 la nulidad a partir de la notificaci\u00f3n del \u00a0auto del 18 de octubre de 2022, proferido por la Sala de Penal del \u00a0Tribunal Superior de Tunja, admisorio de la demanda de tutela, para \u00a0que se vincule a las \u00a0autoridades de la Justicia Penal Militar a las que les correspondi\u00f3 \u00a0adelantar la actuaci\u00f3n que fue remitida por la Fiscal\u00eda \u00a019 Seccional de Tunja -radicaci\u00f3n 150016099163201900671- y \u00a0todas \u00a0las partes e intervinientes en esa actuaci\u00f3n y en los procesos \u00a0penales con radicado Nos. 150016099163202250178, \u00a0150016099163202152295, 158616000129201900026, 150016099163202050491 y \u00a0158616000129202050040, \u00a0con el fin de integrar debidamente el contradictorio. \u00a0<\/p>\n<p>Se aclara que los \u00a0traslados cumplidos y \u00a0las pruebas recaudadas mantienen validez. \u00a0<\/p>\n<p>En \u00a0m\u00e9rito de lo expuesto, la CORTE SUPREMA DE JUSTICIA, SALA DE \u00a0CASACI\u00d3N PENAL, Sala Segunda de Decisi\u00f3n de Tutelas, \u00a0administrando justicia en nombre de la Rep\u00fablica y por \u00a0autoridad de la Ley, \u00a0<\/p>\n<p>RESUELVE \u00a0<\/p>\n<p>1. \u00a0DECRETAR \u00a0la \u00a0NULIDAD \u00a0de todo lo actuado a partir de la notificaci\u00f3n del auto del 18 \u00a0de octubre de 2022, proferido por la Sala de Penal del Tribunal \u00a0Superior de Tunja, admisorio de la demanda de tutela, para que se \u00a0vincule a las autoridades \u00a0de la Justicia Penal Militar a las que les correspondi\u00f3 \u00a0adelantar la actuaci\u00f3n que fue remitida por la Fiscal\u00eda \u00a019 Seccional de Tunja -radicaci\u00f3n 150016099163201900671- y \u00a0todas \u00a0las partes e intervinientes en esa actuaci\u00f3n y en los procesos \u00a0penales con radicado Nos. 150016099163202250178, \u00a0150016099163202152295, 158616000129201900026, 150016099163202050491 y \u00a0158616000129202050040, \u00a0con el fin de integrar debidamente el contradictorio. \u00a0<\/p>\n<p>2. \u00a0 \u00a0 \u00a0 \u00a0DEVOLVER las \u00a0diligencias a la Colegiatura de origen, para lo de su cargo. \u00a0<\/p>\n<p>3. \u00a0 \u00a0 \u00a0 \u00a0NOTIFICAR \u00a0este \u00a0prove\u00eddo \u00a0conforme al art\u00edculo 16 del Decreto 2591 de 1991. \u00a0<\/p>\n<p>Notif\u00edquese \u00a0y c\u00famplase \u00a0<\/p>\n<p>FABIO \u00a0OSPITIA GARZ\u00d3N \u00a0<\/p>\n<p>LUIS \u00a0ANTONIO HERN\u00c1NDEZ BARBOSA \u00a0<\/p>\n<p>HUGO \u00a0QUINTERO BERNATE \u00a0<\/p>\n<p>NUBIA \u00a0YOLANDA NOVA GARC\u00cdA \u00a0<\/p>\n<p>Secretaria \u00a0<\/p>\n<p>\u00a0 \u00a0 \u00a0\u00a0<\/p>\n<p><\/p>\n","protected":false},"excerpt":{"rendered":"<p>\u00a0 \u00a0 \u00a0 \u00a0\u00a0 FABIO OSPITIA \u00a0GARZ\u00d3N \u00a0 Magistrado Ponente \u00a0 ATP1916-2022 \u00a0 Tutela de 2\u00aa \u00a0instancia No. 127735 \u00a0 Acta No. 291 \u00a0 Bogot\u00e1 D. \u00a0C., trece (13) de diciembre de dos mil veintid\u00f3s (2022). \u00a0 VISTOS \u00a0 Ser\u00eda del \u00a0caso resolver la impugnaci\u00f3n interpuesta por el accionante \u00a0RODOLFO \u00a0MORENO BERNAL \u00a0y el Fiscal [&hellip;]<\/p>\n","protected":false},"author":1,"featured_media":0,"comment_status":"open","ping_status":"open","sticky":false,"template":"","format":"standard","meta":{"footnotes":""},"categories":[56],"tags":[],"class_list":["post-69137","post","type-post","status-publish","format-standard","hentry","category-diciembre-2022"],"_links":{"self":[{"href":"https:\/\/dmsjuridica.com\/buscador_20179478954\/salapenalcronologico20230723\/wp-json\/wp\/v2\/posts\/69137","targetHints":{"allow":["GET"]}}],"collection":[{"href":"https:\/\/dmsjuridica.com\/buscador_20179478954\/salapenalcronologico20230723\/wp-json\/wp\/v2\/posts"}],"about":[{"href":"https:\/\/dmsjuridica.com\/buscador_20179478954\/salapenalcronologico20230723\/wp-json\/wp\/v2\/types\/post"}],"author":[{"embeddable":true,"href":"https:\/\/dmsjuridica.com\/buscador_20179478954\/salapenalcronologico20230723\/wp-json\/wp\/v2\/users\/1"}],"replies":[{"embeddable":true,"href":"https:\/\/dmsjuridica.com\/buscador_20179478954\/salapenalcronologico20230723\/wp-json\/wp\/v2\/comments?post=69137"}],"version-history":[{"count":0,"href":"https:\/\/dmsjuridica.com\/buscador_20179478954\/salapenalcronologico20230723\/wp-json\/wp\/v2\/posts\/69137\/revisions"}],"wp:attachment":[{"href":"https:\/\/dmsjuridica.com\/buscador_20179478954\/salapenalcronologico20230723\/wp-json\/wp\/v2\/media?parent=69137"}],"wp:term":[{"taxonomy":"category","embeddable":true,"href":"https:\/\/dmsjuridica.com\/buscador_20179478954\/salapenalcronologico20230723\/wp-json\/wp\/v2\/categories?post=69137"},{"taxonomy":"post_tag","embeddable":true,"href":"https:\/\/dmsjuridica.com\/buscador_20179478954\/salapenalcronologico20230723\/wp-json\/wp\/v2\/tags?post=69137"}],"curies":[{"name":"wp","href":"https:\/\/api.w.org\/{rel}","templated":true}]}}