{"id":69125,"date":"2024-03-06T15:54:56","date_gmt":"2024-03-06T15:54:56","guid":{"rendered":"https:\/\/dmsjuridica.com\/buscador_20179478954\/salapenalcronologico20230723\/2024\/03\/06\/atp1878-2022\/"},"modified":"2024-03-06T15:54:56","modified_gmt":"2024-03-06T15:54:56","slug":"atp1878-2022","status":"publish","type":"post","link":"https:\/\/dmsjuridica.com\/buscador_20179478954\/salapenalcronologico20230723\/2024\/03\/06\/atp1878-2022\/","title":{"rendered":"ATP1878-2022"},"content":{"rendered":"\n<p>\u00a0 \u00a0 \u00a0 \u00a0\u00a0<\/p>\n<p>Myriam \u00a0\u00c1vila Rold\u00e1n \u00a0<\/p>\n<p>Magistrada \u00a0ponente \u00a0<\/p>\n<p>CUI: \u00a011001220400020140180701 \u00a0<\/p>\n<p>Radicaci\u00f3n \u00a0n.\u00b0 127626 \u00a0<\/p>\n<p>ATP1878-2022 \u00a0<\/p>\n<p>(Aprobado \u00a0Acta n.\u00b0280) \u00a0<\/p>\n<p>Bogot\u00e1, \u00a0D.C., primero (1) de diciembre de dos mil veintid\u00f3s (2022). \u00a0<\/p>\n<p>I. \u00a0OBJETO DE LA DECISI\u00d3N \u00a0<\/p>\n<p>La Sala resuelve \u00a0el impedimento manifestado por el magistrado Gerson \u00a0Chaverra Castro integrante \u00a0de \u00a0la Sala de Decisi\u00f3n de Tutelas no. 3 de la Sala de Casaci\u00f3n \u00a0Penal de la Corte Suprema de Justicia, para conocer de la consulta de \u00a0incidente de desacato de \u00a0la providencia proferida el 11 de noviembre de 2022 por la Sala Penal \u00a0del Tribunal Superior de Bogot\u00e1. \u00a0<\/p>\n<p>Esa decisi\u00f3n \u00a0sancion\u00f3 a la directora del Batall\u00f3n de Sanidad \u201cSL. \u00a0Jos\u00e9 Mar\u00eda Hern\u00e1ndez\u201d -Centro de \u00a0Rehabilitaci\u00f3n Hospitalaria-, mayor Lina Johanna Rojas Galvis, \u00a0y al director de Sanidad del Ej\u00e9rcito Nacional, coronel Carlos \u00a0Alberto Rinc\u00f3n Arango, con tres (3) d\u00edas de arresto y \u00a0multa de tres (3) salarios m\u00ednimos legales mensuales vigentes, \u00a0dentro del incidente de desacato promovido, mediante apoderada por \u00a0Jimmy \u00a0Andrey Bocanegra Molina. \u00a0<\/p>\n<p>II. \u00a0HECHOS Y ANTECEDENTES PROCESALES \u00a0<\/p>\n<p>1.- A trav\u00e9s \u00a0de su representante legal, Jimmy \u00a0Andrey Bocanegra Molina -menor \u00a0de edad- promovi\u00f3 acci\u00f3n de tutela contra la Direcci\u00f3n \u00a0General de Sanidad Militar y del Ej\u00e9rcito Nacional, el \u00a0Dispensario Occidental Militar, la Fundaci\u00f3n Surcos y el \u00a0Hospital Militar Central, por la presunta vulneraci\u00f3n de sus \u00a0derechos fundamentales a la salud, integridad f\u00edsica y vida en \u00a0condiciones dignas. En esta oportunidad, la parte accionante \u00a0argument\u00f3 que las autoridades demandadas negaron al menor de \u00a0edad la prestaci\u00f3n del servicio a la salud para tratar sus \u00a0patolog\u00edas de \u201chipoxia peinatal y cuadriparesia \u00a0esp\u00e1stica\u201d. \u00a0<\/p>\n<p>2.- El 22 de \u00a0agosto de 2014, la Sala Penal del Tribunal Superior de Bogot\u00e1 \u00a0ampar\u00f3 los derechos fundamentales a la salud, integridad \u00a0f\u00edsica y vida en condiciones dignas del menor de edad Jimmy \u00a0Andrey Bocanegra Molina. \u00a0<\/p>\n<p>4.- \u00a0El 11 de noviembre de 2022, la Sala Penal del Tribunal Superior de \u00a0Bogot\u00e1 sancion\u00f3 \u00a0a la \u00a0directora del Batall\u00f3n de Sanidad \u201cSL. Jos\u00e9 Mar\u00eda \u00a0Hern\u00e1ndez\u201d -Centro de Rehabilitaci\u00f3n \u00a0Hospitalaria-, mayor Lina \u00a0Johanna Rojas Galvis, \u00a0y al director de Sanidad del Ej\u00e9rcito Nacional, coronel Carlos \u00a0Alberto Rinc\u00f3n Arango, \u00a0con tres (3) d\u00edas de arresto y multa de tres (3) salarios \u00a0m\u00ednimos legales mensuales vigentes. Consider\u00f3 que el \u00a0servicio de salud no se est\u00e1 prestando de acuerdo con las \u00a0determinaciones m\u00e9dicas, pues se demostr\u00f3 que los \u00a0m\u00e9dicos dispusieron doce terapias ocupacionales y solamente se \u00a0est\u00e1n brindando ocho. Adem\u00e1s, refiri\u00f3 que las \u00a0entidades incidentadas no se pronunciaron en relaci\u00f3n con \u00a0insumos m\u00e9dicos que no le han entregado al menor de edad y no \u00a0informaron el resultado de la valoraci\u00f3n de Jimmy \u00a0Andrey Bocanegra Molina \u00a0con el especialista en pediatr\u00eda. \u00a0<\/p>\n<p>5.- \u00a0El \u00a0magistrado Gerson \u00a0Chaverra Castro manifest\u00f3 \u00a0su \u00a0impedimento para conocer la consulta de incidente de desacato en \u00a0comento porque hizo parte de los magistrados que suscribieron la \u00a0sentencia que ampar\u00f3 los derechos fundamentales de Jimmy \u00a0Andrey Bocanegra Molina \u00a0el 22 de agosto de 2014. Por eso, considera que se \u00a0configura lo dispuesto en el numeral \u00a06\u00ba del art\u00edculo 56 de la Ley 906 de 2004. \u00a0<\/p>\n<p>II \u00a0CONSIDERACIONES \u00a0<\/p>\n<p>6.- \u00a0En \u00a0virtud de lo establecido en el art\u00edculo 58A de la Ley 906 de \u00a02004, modificado por el canon 83 de la Ley 1395 de 2010, la Sala es \u00a0competente para pronunciarse en relaci\u00f3n con el impedimento \u00a0propuesto. \u00a0<\/p>\n<p>7.- \u00a0En \u00a0el asunto bajo estudio, el magistrado Gerson \u00a0Chaverra Castro manifest\u00f3 \u00a0su impedimento con fundamento \u00a0en lo dispuesto en el numeral 6\u00b0 del art\u00edculo 56 de la Ley \u00a0906 de 2004, esto es, \u00abque \u00a0el funcionario haya dictado la providencia de cuya revisio\u0301n se \u00a0trata, o \u00a0hubiere participado dentro del proceso \u00a0(&#8230;)\u00bb. \u00a0(Negrilla \u00a0fuera del texto original) \u00a0<\/p>\n<p>8.- \u00a0Sustent\u00f3 su postura en el hecho de que suscribi\u00f3 la \u00a0sentencia de tutela que ampar\u00f3 los derechos fundamentales de \u00a0Jimmy \u00a0Andrey Bocanegra Molina \u00a0el 22 de agosto de 2014, cuando entonces se desempe\u00f1aba como \u00a0magistrado de la Sala Penal del Tribunal Superior de Bogot\u00e1. \u00a0<\/p>\n<p>9.- Ante ese \u00a0panorama, \u00a0es evidente que en este asunto procede la causal de impedimento \u00a0manifestada por el magistrado, toda vez que, en efecto, particip\u00f3 \u00a0en el proceso y suscribi\u00f3 la decisi\u00f3n de tutela cuyo \u00a0cumplimiento se debate en el presente incidente de desacato objeto de \u00a0consulta. \u00a0<\/p>\n<p>10.- \u00a0En \u00a0consecuencia, se \u00a0declarar\u00e1 fundado \u00a0el impedimento expresado por el magistrado Gerson \u00a0Chaverra Castro. \u00a0<\/p>\n<p>En \u00a0m\u00e9rito de lo expuesto, la Sala de Decisi\u00f3n de Tutelas \u00a0No 3\u00ba de la Corte \u00a0Suprema de Justicia, \u00a0<\/p>\n<p>RESUELVE \u00a0<\/p>\n<p>Primero: \u00a0DECLARAR \u00a0FUNDADO el \u00a0impedimento manifestado por el magistrado Gerson \u00a0Chaverra Castro para \u00a0conocer de la consulta de incidente de desacato respecto de la \u00a0sentencia proferida el 11 de noviembre de 2022 por la Sala Penal del \u00a0Tribunal Superior de Bogot\u00e1. Por tanto, ser\u00e1 separado \u00a0del conocimiento de este tr\u00e1mite. \u00a0<\/p>\n<p>Segundo: \u00a0Contra \u00a0esta providencia no procede recurso alguno. \u00a0<\/p>\n<p>Notif\u00edquese \u00a0y C\u00famplase \u00a0<\/p>\n<p>Magistrada \u00a0<\/p>\n<p>Diego \u00a0Eugenio Corredor Beltr\u00e1n \u00a0<\/p>\n<p>Magistrado \u00a0<\/p>\n<p>Nubia \u00a0Yolanda Nova Garc\u00eda \u00a0<\/p>\n<p>Secretaria \u00a0<\/p>\n<p>\u00a0 \u00a0 \u00a0\u00a0<\/p>\n<p><\/p>\n","protected":false},"excerpt":{"rendered":"<p>\u00a0 \u00a0 \u00a0 \u00a0\u00a0 Myriam \u00a0\u00c1vila Rold\u00e1n \u00a0 Magistrada \u00a0ponente \u00a0 CUI: \u00a011001220400020140180701 \u00a0 Radicaci\u00f3n \u00a0n.\u00b0 127626 \u00a0 ATP1878-2022 \u00a0 (Aprobado \u00a0Acta n.\u00b0280) \u00a0 Bogot\u00e1, \u00a0D.C., primero (1) de diciembre de dos mil veintid\u00f3s (2022). \u00a0 I. \u00a0OBJETO DE LA DECISI\u00d3N \u00a0 La Sala resuelve \u00a0el impedimento manifestado por el magistrado Gerson \u00a0Chaverra Castro integrante [&hellip;]<\/p>\n","protected":false},"author":1,"featured_media":0,"comment_status":"open","ping_status":"open","sticky":false,"template":"","format":"standard","meta":{"footnotes":""},"categories":[56],"tags":[],"class_list":["post-69125","post","type-post","status-publish","format-standard","hentry","category-diciembre-2022"],"_links":{"self":[{"href":"https:\/\/dmsjuridica.com\/buscador_20179478954\/salapenalcronologico20230723\/wp-json\/wp\/v2\/posts\/69125","targetHints":{"allow":["GET"]}}],"collection":[{"href":"https:\/\/dmsjuridica.com\/buscador_20179478954\/salapenalcronologico20230723\/wp-json\/wp\/v2\/posts"}],"about":[{"href":"https:\/\/dmsjuridica.com\/buscador_20179478954\/salapenalcronologico20230723\/wp-json\/wp\/v2\/types\/post"}],"author":[{"embeddable":true,"href":"https:\/\/dmsjuridica.com\/buscador_20179478954\/salapenalcronologico20230723\/wp-json\/wp\/v2\/users\/1"}],"replies":[{"embeddable":true,"href":"https:\/\/dmsjuridica.com\/buscador_20179478954\/salapenalcronologico20230723\/wp-json\/wp\/v2\/comments?post=69125"}],"version-history":[{"count":0,"href":"https:\/\/dmsjuridica.com\/buscador_20179478954\/salapenalcronologico20230723\/wp-json\/wp\/v2\/posts\/69125\/revisions"}],"wp:attachment":[{"href":"https:\/\/dmsjuridica.com\/buscador_20179478954\/salapenalcronologico20230723\/wp-json\/wp\/v2\/media?parent=69125"}],"wp:term":[{"taxonomy":"category","embeddable":true,"href":"https:\/\/dmsjuridica.com\/buscador_20179478954\/salapenalcronologico20230723\/wp-json\/wp\/v2\/categories?post=69125"},{"taxonomy":"post_tag","embeddable":true,"href":"https:\/\/dmsjuridica.com\/buscador_20179478954\/salapenalcronologico20230723\/wp-json\/wp\/v2\/tags?post=69125"}],"curies":[{"name":"wp","href":"https:\/\/api.w.org\/{rel}","templated":true}]}}