{"id":69122,"date":"2024-03-06T15:54:56","date_gmt":"2024-03-06T15:54:56","guid":{"rendered":"https:\/\/dmsjuridica.com\/buscador_20179478954\/salapenalcronologico20230723\/2024\/03\/06\/atp1874-2022\/"},"modified":"2024-03-06T15:54:56","modified_gmt":"2024-03-06T15:54:56","slug":"atp1874-2022","status":"publish","type":"post","link":"https:\/\/dmsjuridica.com\/buscador_20179478954\/salapenalcronologico20230723\/2024\/03\/06\/atp1874-2022\/","title":{"rendered":"ATP1874-2022"},"content":{"rendered":"\n<p>\u00a0 \u00a0 \u00a0 \u00a0\u00a0<\/p>\n<p>\u00a0 \u00a0 \u00a0\u00a0<\/p>\n<p>GERSON \u00a0CHAVERRA CASTRO \u00a0<\/p>\n<p>Magistrado \u00a0Ponente \u00a0<\/p>\n<p>ATP1874-2022 \u00a0<\/p>\n<p>Radicaci\u00f3n \u00a0n\u00b0 127755 \u00a0<\/p>\n<p>Acta \u00a0No 286 \u00a0<\/p>\n<p>Bogot\u00e1, \u00a0D.C., siete (07) de diciembre de dos mil veintid\u00f3s (2022). \u00a0<\/p>\n<p>ASUNTO \u00a0<\/p>\n<p>ANTECEDENTES \u00a0Y CONSIDERACIONES \u00a0<\/p>\n<p>1. \u00a0El 22 de noviembre del a\u00f1o en curso, la Secretar\u00eda de \u00a0la Sala de Casaci\u00f3n Penal efectu\u00f3 reparto de la demanda \u00a0de tutela antes referida, asign\u00e1ndosele el radicado \u00a011001020400020220245200 y n\u00famero interno 127755, la cual fue \u00a0remitida al despacho del magistrado sustanciador el mismo d\u00eda \u00a0a trav\u00e9s del sistema digital ESAV -Ecosistema Digital Corte \u00a0Suprema de Justicia-. \u00a0<\/p>\n<p>2. \u00a0Como la demanda presentada no contaba con poder especial otorgado por \u00a0Jianjun \u00a0Wang al \u00a0memorialista Rulvin Ni\u00f1o Ni\u00f1o, mediante auto de 23 de \u00a0noviembre siguiente se conmin\u00f3 al accionante para que allegara \u00a0el mandato, para lo cual se concedi\u00f3 el t\u00e9rmino de tres \u00a0d\u00edas h\u00e1biles. \u00a0<\/p>\n<p>3. \u00a0En cumplimiento de la providencia citada, la Secretar\u00eda de la \u00a0Sala de Casaci\u00f3n Penal de la Corte Suprema de Justicia \u00a0procedi\u00f3 a enterar a la accionante del requerimiento, al \u00a0correo electr\u00f3nico consignado en el libelo inicial \u00a0rulvinnino@hotmail.com1, \u00a0el 25 de noviembre; no obstante, mediante informe de 5 de diciembre \u00a0de 2022 la Secretar\u00eda de la dependencia referida, dio cuenta \u00a0de lo siguiente2: \u00a0<\/p>\n<p>\u00abAl \u00a0Despacho del se\u00f1or Magistrado GERSON CHAVERRA CASTRO las \u00a0presentes diligencias en cumplimiento al auto del 23 de noviembre de \u00a02022, a trav\u00e9s del cual orden\u00f3 Requerir al se\u00f1or \u00a0RULVIN NI\u00d1O NI\u00d1O para que allegue poder especial que lo \u00a0habilite para acudir ante la administraci\u00f3n de justicia a \u00a0representar los intereses de Jianjun Wang, al interior de este \u00a0tr\u00e1mite constitucional. \u00a0<\/p>\n<p>En \u00a0atenci\u00f3n al requerimiento efectuado por el Despacho, se \u00a0emitieron las respectivas comunicaciones el d\u00eda 25 de \u00a0noviembre de 2022 al correo electr\u00f3nico \u00a0rulvinnino@hotmail.com, sin embargo, una vez expirado el t\u00e9rmino \u00a0otorgado de tres (03) d\u00edas, no se alleg\u00f3 respuesta por \u00a0el se\u00f1or RULVIN NI\u00d1O NI\u00d1O. (\u2026)\u00bb \u00a0<\/p>\n<p>4. \u00a0Vistas as\u00ed las cosas, se advierte que el accionante no subsan\u00f3 \u00a0la demanda presentando el mandato especial necesario para acudir en \u00a0representaci\u00f3n de Jianjun Wang, titular de los derechos \u00a0fundamentales alegados como vulnerados, conforme le fue exigido en el \u00a0auto de 23 de noviembre \u00faltimo, lo cual conduce al rechazo de \u00a0la demanda de tutela, tal como lo dispone el art\u00edculo 17 del \u00a0Decreto 2591 de 1991. \u00a0<\/p>\n<p>5. \u00a0En consecuencia, sin necesidad de mayores elucubraciones, se impone \u00a0el rechazo de la presente demanda. \u00a0<\/p>\n<p>6. \u00a0Finalmente, la Sala recuerda que, con anterioridad, en casos como el \u00a0ac\u00e1 analizado, donde se impone el rechazo de la demanda de \u00a0tutela, las diligencias eran archivadas y contra esa decisi\u00f3n \u00a0no proced\u00eda recurso alguno, postura esta que fue variada a \u00a0partir del auto CSJ ATP719-2019 del 9 mayo 2019. Por ello, se \u00a0proceder\u00e1 a conceder la posibilidad de impugnar esa clase de \u00a0determinaci\u00f3n y, en caso de que no sea apelada, a remitir el \u00a0expediente a la Corte Constitucional para su eventual revisi\u00f3n, \u00a0en cumplimiento a lo se\u00f1alado en pronunciamiento CC \u00a0T-313-2018. \u00a0<\/p>\n<p>En m\u00e9rito \u00a0de lo expuesto, la \u00a0Sala de Decisi\u00f3n de Tutelas n.\u00b0 3 de la Sala de Casaci\u00f3n \u00a0Penal de la Corte Suprema de Justicia, \u00a0<\/p>\n<p>RESUELVE \u00a0<\/p>\n<p>Primero-. \u00a0RECHAZAR la demanda de tutela promovida por Rulvin \u00a0Ni\u00f1o Ni\u00f1o en contra de la de la Sala Penal del Tribunal \u00a0Superior de Bogot\u00e1. \u00a0<\/p>\n<p>Segundo-. \u00a0Ordenar que, si la decisi\u00f3n no es impugnada ante la Sala de \u00a0Casaci\u00f3n Civil de esta Corporaci\u00f3n, se remita el \u00a0expediente a la Corte Constitucional para su eventual revisi\u00f3n. \u00a0<\/p>\n<p>Comun\u00edquese \u00a0y C\u00famplase \u00a0<\/p>\n<p>GERSON \u00a0CHAVERRA CASTRO \u00a0<\/p>\n<p>Magistrado \u00a0<\/p>\n<p>MYRIAM \u00a0\u00c1VILA ROLD\u00c1N \u00a0<\/p>\n<p>Magistrada \u00a0<\/p>\n<p>DIEGO \u00a0EUGENIO CORREDOR BELTR\u00c1N \u00a0<\/p>\n<p>Magistrado \u00a0<\/p>\n<p>Nubia \u00a0Yolanda Nova Garc\u00eda \u00a0<\/p>\n<p>Secretaria \u00a0<\/p>\n<p>1 \u00a0 \u00a0 \u00a0 \u00a0 \u00a0Cfr. \u00a0 \u00a0 \u00a0 \u00a0 \u00a0Folio 8 de la demanda. \u00a0<\/p>\n<p>2 \u00a0 \u00a0 \u00a0 \u00a0 \u00a0Allegado \u00a0 \u00a0 \u00a0 \u00a0 \u00a0al tr\u00e1mite en documento PDF de 2 folios. \u00a0 \u00a0 \u00a0<\/p>\n<p><\/p>\n","protected":false},"excerpt":{"rendered":"<p>\u00a0 \u00a0 \u00a0 \u00a0\u00a0 \u00a0 \u00a0 \u00a0\u00a0 GERSON \u00a0CHAVERRA CASTRO \u00a0 Magistrado \u00a0Ponente \u00a0 ATP1874-2022 \u00a0 Radicaci\u00f3n \u00a0n\u00b0 127755 \u00a0 Acta \u00a0No 286 \u00a0 Bogot\u00e1, \u00a0D.C., siete (07) de diciembre de dos mil veintid\u00f3s (2022). \u00a0 ASUNTO \u00a0 ANTECEDENTES \u00a0Y CONSIDERACIONES \u00a0 1. \u00a0El 22 de noviembre del a\u00f1o en curso, la Secretar\u00eda de \u00a0la [&hellip;]<\/p>\n","protected":false},"author":1,"featured_media":0,"comment_status":"open","ping_status":"open","sticky":false,"template":"","format":"standard","meta":{"footnotes":""},"categories":[56],"tags":[],"class_list":["post-69122","post","type-post","status-publish","format-standard","hentry","category-diciembre-2022"],"_links":{"self":[{"href":"https:\/\/dmsjuridica.com\/buscador_20179478954\/salapenalcronologico20230723\/wp-json\/wp\/v2\/posts\/69122","targetHints":{"allow":["GET"]}}],"collection":[{"href":"https:\/\/dmsjuridica.com\/buscador_20179478954\/salapenalcronologico20230723\/wp-json\/wp\/v2\/posts"}],"about":[{"href":"https:\/\/dmsjuridica.com\/buscador_20179478954\/salapenalcronologico20230723\/wp-json\/wp\/v2\/types\/post"}],"author":[{"embeddable":true,"href":"https:\/\/dmsjuridica.com\/buscador_20179478954\/salapenalcronologico20230723\/wp-json\/wp\/v2\/users\/1"}],"replies":[{"embeddable":true,"href":"https:\/\/dmsjuridica.com\/buscador_20179478954\/salapenalcronologico20230723\/wp-json\/wp\/v2\/comments?post=69122"}],"version-history":[{"count":0,"href":"https:\/\/dmsjuridica.com\/buscador_20179478954\/salapenalcronologico20230723\/wp-json\/wp\/v2\/posts\/69122\/revisions"}],"wp:attachment":[{"href":"https:\/\/dmsjuridica.com\/buscador_20179478954\/salapenalcronologico20230723\/wp-json\/wp\/v2\/media?parent=69122"}],"wp:term":[{"taxonomy":"category","embeddable":true,"href":"https:\/\/dmsjuridica.com\/buscador_20179478954\/salapenalcronologico20230723\/wp-json\/wp\/v2\/categories?post=69122"},{"taxonomy":"post_tag","embeddable":true,"href":"https:\/\/dmsjuridica.com\/buscador_20179478954\/salapenalcronologico20230723\/wp-json\/wp\/v2\/tags?post=69122"}],"curies":[{"name":"wp","href":"https:\/\/api.w.org\/{rel}","templated":true}]}}