{"id":69121,"date":"2024-03-06T15:54:56","date_gmt":"2024-03-06T15:54:56","guid":{"rendered":"https:\/\/dmsjuridica.com\/buscador_20179478954\/salapenalcronologico20230723\/2024\/03\/06\/atp1873-2022\/"},"modified":"2024-03-06T15:54:56","modified_gmt":"2024-03-06T15:54:56","slug":"atp1873-2022","status":"publish","type":"post","link":"https:\/\/dmsjuridica.com\/buscador_20179478954\/salapenalcronologico20230723\/2024\/03\/06\/atp1873-2022\/","title":{"rendered":"ATP1873-2022"},"content":{"rendered":"\n<p>\u00a0 \u00a0 \u00a0 \u00a0\u00a0<\/p>\n<p>GERSON \u00a0CHAVERRA CASTRO \u00a0<\/p>\n<p>Magistrado \u00a0Ponente \u00a0<\/p>\n<p>ATP1873-2022 \u00a0<\/p>\n<p>Radicaci\u00f3n \u00a0n\u00b0 127809 \u00a0<\/p>\n<p>Acta \u00a0No. 280 \u00a0<\/p>\n<p>Bogot\u00e1, \u00a0D.C., primero (1\u00ba) de diciembre de dos mil veintid\u00f3s \u00a0(2022) \u00a0<\/p>\n<p>ASUNTO \u00a0<\/p>\n<p>Procede \u00a0la Corte a pronunciarse \u00a0frente a la solicitud de desistimiento presentada por el accionante \u00a0ROBERT ANDREY GUTI\u00c9RREZ FAJARDO dentro \u00a0de la acci\u00f3n de tutela promovida en \u00a0contra del Consejo Superior de la Judicatura -Unidad de Registro \u00a0Nacional de Abogados-, por la presunta vulneraci\u00f3n de los \u00a0derechos fundamentales a la educaci\u00f3n, trabajo y m\u00ednimo \u00a0vital. \u00a0<\/p>\n<p>ANTECEDENTES \u00a0<\/p>\n<p>1. \u00a0De lo expuesto en el libelo de la demanda se extrae lo siguiente: \u00a0<\/p>\n<p>1.1. \u00a0El accionante se\u00f1ala que en el lapso del 27 de enero al 4 de \u00a0noviembre de 2022 realiz\u00f3 la judicatura en el Juzgado Segundo \u00a0Administrativo Oral de Ibagu\u00e9, por tal raz\u00f3n el 6 de \u00a0noviembre radic\u00f3 solicitud para su acreditaci\u00f3n ante la \u00a0Unidad de Registro Nacional de Abogados y Auxiliares de la Justicia, \u00a0sin que hubiese recibido respuesta alguna su postulaci\u00f3n. \u00a0<\/p>\n<p>1.2. \u00a0Por lo anterior, solicita la protecci\u00f3n de sus derechos \u00a0fundamentales y, consecuente con ello, se ordene a la citada entidad \u00a0emita pronta respuesta a su solicitud. \u00a0<\/p>\n<p>2. \u00a0La demanda fue repartida por Sala Plena el 23 de noviembre de 2022 y \u00a0en auto del 24 de ese mismo mes se avoc\u00f3 su conocimiento. \u00a0<\/p>\n<p>3. \u00a0El \u00a0d\u00eda 25 de noviembre de 2022 se alleg\u00f3 memorial de \u00a0desistimiento suscrito por el accionante Robert Andrey Guti\u00e9rrez \u00a0Fajardo, donde solicita lo siguiente: \u00a0<\/p>\n<p>(\u2026) \u00a0se decrete el desistimiento del tr\u00e1mite de tutela, toda \u00a0vez<\/p>\n<p>que \u00a0ha cesado la vulneraci\u00f3n del derecho fundamental objeto de \u00a0esta, ya que recib\u00ed una respuesta oportuna y satisfactoria el \u00a0d\u00eda 24 de noviembre del a\u00f1o 2022 por \u00a0arte \u00a0de la accionada y por lo tanto, solicito terminar el proceso y \u00a0archivarlo. \u00a0<\/p>\n<p>CONSIDERACIONES \u00a0<\/p>\n<p>1. \u00a0La acci\u00f3n de tutela es \u00a0un mecanismo de raigambre constitucional, establecido para proteger \u00a0los derechos fundamentales de los ciudadanos, cuando se vean \u00a0amenazados o vulnerados por acciones u omisiones de las autoridades \u00a0p\u00fablicas o de los particulares en los casos previstos por el \u00a0legislador, al cual puede acceder cualquier persona que considere se \u00a0encuentra en alguna de tales eventualidades, cuyo ejercicio surge de \u00a0la voluntad del demandante, quien, por lo tanto, tambi\u00e9n tiene \u00a0la facultad de renunciar a esa atribuci\u00f3n. \u00a0<\/p>\n<p>Dicha \u00a0circunstancia se encuentra prevista en el inciso 2\u00ba del art\u00edculo \u00a026 del Decreto 2591 de 1991, en cuanto dispone que \u00abel \u00a0recurrente podr\u00e1 desistir de la tutela, en cuyo caso se \u00a0archivar\u00e1 el expediente\u00bb. \u00a0<\/p>\n<p>Al \u00a0respecto, la Corte Constitucional en el auto CC-A345-2010, sostuvo: \u00a0<\/p>\n<p>\u00abEn \u00a0efecto, a partir del contenido del art\u00edculo 26 del Decreto \u00a02591 de 1991, es claro que procede el desistimiento de la acci\u00f3n \u00a0de tutela mientras que \u00e9sta estuviere \u201cen curso\u201d, \u00a0lo que se ha interpretado en el sentido de que aqu\u00e9l debe \u00a0presentarse antes de que exista una sentencia al respecto (\u2026). \u00a0<\/p>\n<p>Seg\u00fan \u00a0se deduce de esa norma, el desistimiento suele estar ligado a la \u00a0satisfacci\u00f3n del actor por haber obtenido ya lo esperado, \u00a0incluso sin necesidad del pronunciamiento judicial. Se except\u00faan \u00a0de la posibilidad de ser desistidas \u00fanicamente las tutelas en \u00a0que la controversia planteada afecta a un n\u00famero considerable \u00a0de personas y puede estimarse asunto de inter\u00e9s general, pues \u00a0no resulta posible que uno solo de los afectados impida un \u00a0pronunciamiento de fondo que interesa a todos ellos.\u00bb \u00a0<\/p>\n<p>2. \u00a0En \u00a0el caso objeto de an\u00e1lisis, el accionante Robert Andrey \u00a0Guti\u00e9rrez Fajardo ha manifestado expresamente su deseo de \u00a0desistir de la acci\u00f3n de tutela en consideraci\u00f3n a que \u00a0la Unidad \u00a0de Registro Nacional de Abogados y Auxiliares de la Justicia \u00a0demandada emiti\u00f3 la resoluci\u00f3n que acredita el \u00a0cumplimiento de la judicatura \u00a0como requisito alternativo para optar el t\u00edtulo de abogado; \u00a0sin \u00a0que, al respecto, se observe vicio de consentimiento alguno en la \u00a0manifestaci\u00f3n y teniendo en cuenta que dicha petici\u00f3n \u00a0resulta procedente, en consecuencia, debe disponerse el archivo del \u00a0expediente, en los t\u00e9rminos se\u00f1alados en la norma atr\u00e1s \u00a0citada. \u00a0<\/p>\n<p>En \u00a0m\u00e9rito de lo expuesto, la Sala de Decisi\u00f3n de Tutelas \u00a0n.\u00b0 3 de la Sala de Casaci\u00f3n Penal de la Corte Suprema de \u00a0Justicia, \u00a0<\/p>\n<p>RESUELVE \u00a0<\/p>\n<p>Primero. \u00a0Aceptar \u00a0el \u00a0desistimiento de la acci\u00f3n de tutela presentada por Robert \u00a0Andrey Guti\u00e9rrez Fajardo. \u00a0<\/p>\n<p>Segundo. \u00a0Archivar la \u00a0actuaci\u00f3n, de conformidad con lo previsto en el art\u00edculo \u00a026 del Decreto 2591 de 1991. \u00a0<\/p>\n<p>NOTIF\u00cdQUESE Y \u00a0C\u00daMPLASE \u00a0<\/p>\n<p>GERSON CHAVERRA \u00a0CASTRO \u00a0<\/p>\n<p>MYRIAM \u00c1VILA \u00a0ROLD\u00c1N \u00a0<\/p>\n<p>DIEGO \u00a0EUGENIO CORREDOR BELTR\u00c1N \u00a0<\/p>\n<p>Nubia Yolanda Nova \u00a0Garc\u00eda \u00a0<\/p>\n<p>Secretaria \u00a0<\/p>\n<p>\u00a0 \u00a0 \u00a0\u00a0<\/p>\n<p><\/p>\n","protected":false},"excerpt":{"rendered":"<p>\u00a0 \u00a0 \u00a0 \u00a0\u00a0 GERSON \u00a0CHAVERRA CASTRO \u00a0 Magistrado \u00a0Ponente \u00a0 ATP1873-2022 \u00a0 Radicaci\u00f3n \u00a0n\u00b0 127809 \u00a0 Acta \u00a0No. 280 \u00a0 Bogot\u00e1, \u00a0D.C., primero (1\u00ba) de diciembre de dos mil veintid\u00f3s \u00a0(2022) \u00a0 ASUNTO \u00a0 Procede \u00a0la Corte a pronunciarse \u00a0frente a la solicitud de desistimiento presentada por el accionante \u00a0ROBERT ANDREY GUTI\u00c9RREZ FAJARDO dentro [&hellip;]<\/p>\n","protected":false},"author":1,"featured_media":0,"comment_status":"open","ping_status":"open","sticky":false,"template":"","format":"standard","meta":{"footnotes":""},"categories":[56],"tags":[],"class_list":["post-69121","post","type-post","status-publish","format-standard","hentry","category-diciembre-2022"],"_links":{"self":[{"href":"https:\/\/dmsjuridica.com\/buscador_20179478954\/salapenalcronologico20230723\/wp-json\/wp\/v2\/posts\/69121","targetHints":{"allow":["GET"]}}],"collection":[{"href":"https:\/\/dmsjuridica.com\/buscador_20179478954\/salapenalcronologico20230723\/wp-json\/wp\/v2\/posts"}],"about":[{"href":"https:\/\/dmsjuridica.com\/buscador_20179478954\/salapenalcronologico20230723\/wp-json\/wp\/v2\/types\/post"}],"author":[{"embeddable":true,"href":"https:\/\/dmsjuridica.com\/buscador_20179478954\/salapenalcronologico20230723\/wp-json\/wp\/v2\/users\/1"}],"replies":[{"embeddable":true,"href":"https:\/\/dmsjuridica.com\/buscador_20179478954\/salapenalcronologico20230723\/wp-json\/wp\/v2\/comments?post=69121"}],"version-history":[{"count":0,"href":"https:\/\/dmsjuridica.com\/buscador_20179478954\/salapenalcronologico20230723\/wp-json\/wp\/v2\/posts\/69121\/revisions"}],"wp:attachment":[{"href":"https:\/\/dmsjuridica.com\/buscador_20179478954\/salapenalcronologico20230723\/wp-json\/wp\/v2\/media?parent=69121"}],"wp:term":[{"taxonomy":"category","embeddable":true,"href":"https:\/\/dmsjuridica.com\/buscador_20179478954\/salapenalcronologico20230723\/wp-json\/wp\/v2\/categories?post=69121"},{"taxonomy":"post_tag","embeddable":true,"href":"https:\/\/dmsjuridica.com\/buscador_20179478954\/salapenalcronologico20230723\/wp-json\/wp\/v2\/tags?post=69121"}],"curies":[{"name":"wp","href":"https:\/\/api.w.org\/{rel}","templated":true}]}}