{"id":6803,"date":"2023-09-08T17:00:31","date_gmt":"2023-09-08T17:00:31","guid":{"rendered":"https:\/\/dmsjuridica.com\/buscador_20179478954\/salapenalcronologico20230723\/2023\/09\/08\/1561017-09-03\/"},"modified":"2023-09-08T17:00:31","modified_gmt":"2023-09-08T17:00:31","slug":"1561017-09-03","status":"publish","type":"post","link":"https:\/\/dmsjuridica.com\/buscador_20179478954\/salapenalcronologico20230723\/2023\/09\/08\/1561017-09-03\/","title":{"rendered":"15610(17-09-03)"},"content":{"rendered":"\n<p>\u00a0 \u00a0 Proceso No 15610 \u00a0<\/p>\n<p>CORTE SUPREMA DE JUSTICIA \u00a0<\/p>\n<p>SALA DE CASACION PENAL \u00a0<\/p>\n<p>Magistrado ponente: \u00a0<\/p>\n<p>Dr. \u00a0MAURO \u00a0SOLARTE \u00a0PORTILLA \u00a0\u00a0<\/p>\n<p>Aprobado Acta No. 104. \u00a0<\/p>\n<p>Bogot\u00e1 D.C., diecisiete (17) de septiembre de \u00a0dos mil tres (2003). \u00a0\u00a0<\/p>\n<p>VISTOS \u00a0<\/p>\n<p>Se \u00a0pronuncia \u00a0la \u00a0Corte \u00a0sobre \u00a0la solicitud \u00a0presentada \u00a0por \u00a0el sentenciado LUCAS SEGUNDO GNECCO CERCHAR en relaci\u00f3n con la \u00a0rehabilitaci\u00f3n de derechos y funciones p\u00fablicas. \u00a0\u00a0<\/p>\n<p>ANTECEDENTES \u00a0\u00a0<\/p>\n<p>1. \u00a0En sentencia de 26 de octubre de 2000, la \u00a0Corte \u00a0conden\u00f3 \u00a0a \u00a0LUCAS \u00a0SEGUNDO \u00a0GNECCO \u00a0CERCHAR \u00a0a \u00a0las penas principales de \u00a0cuarenta \u00a0y \u00a0dos \u00a0(42) \u00a0meses de prisi\u00f3n y multa en cuant\u00eda de diecis\u00e9is (16) \u00a0salarios \u00a0m\u00ednimos \u00a0legales \u00a0mensuales, \u00a0y \u00a0a \u00a0la \u00a0accesoria de interdicci\u00f3n de \u00a0derechos \u00a0y \u00a0funciones \u00a0p\u00fablicas \u00a0por \u00a0t\u00e9rmino \u00a0igual al de la privativa de la \u00a0libertad. \u00a0\u00a0<\/p>\n<p>Declar\u00f3 asimismo, entre otras decisiones, que \u00a0el \u00a0condenado \u00a0no \u00a0ten\u00eda derecho a la condena de ejecuci\u00f3n condicional, por lo \u00a0que fue privado de la libertad para el cumplimiento de la sanci\u00f3n. \u00a0\u00a0<\/p>\n<p>2. Mediante prove\u00eddo del pasado 25 de julio, \u00a0la Corte decret\u00f3 la libertad del sentenciado por pena cumplida. \u00a0\u00a0<\/p>\n<p>3. En esta oportunidad el condenado demanda la \u00a0rehabilitaci\u00f3n \u00a0de \u00a0sus \u00a0derechos \u00a0y funciones p\u00fablicas, con fundamento en los \u00a0art\u00edculos \u00a092 \u00a0del \u00a0c\u00f3digo \u00a0penal \u00a0y \u00a0490 \u00a0y ss., del c\u00f3digo de procedimiento \u00a0penal, \u00a0aludiendo \u00a0al \u00a0cumplimiento \u00a0de \u00a0la \u00a0pena, \u00a0al \u00a0trabajo realizado y a la \u00a0conducta \u00a0 observada \u00a0 durante \u00a0 el \u00a0 tiempo \u00a0 que \u00a0permaneci\u00f3 \u00a0privado \u00a0de \u00a0la \u00a0libertad. \u00a0\u00a0<\/p>\n<p>A la solicitud acompa\u00f1a la documentaci\u00f3n de \u00a0que trata el art\u00edculo 491 del c\u00f3digo de procedimiento penal. \u00a0\u00a0<\/p>\n<p>SE CONSIDERA: \u00a0<\/p>\n<p>1. \u00a0De \u00a0conformidad con el art\u00edculo 79 de la \u00a0ley \u00a0600 \u00a0de \u00a02000, \u00a0compete \u00a0a \u00a0los \u00a0jueces de ejecuci\u00f3n de penas y medidas de \u00a0seguridad \u00a0conocer, entre otros aspectos, de las actuaciones relacionadas con la \u00a0sustituci\u00f3n, suspensi\u00f3n o extinci\u00f3n de la sanci\u00f3n penal. \u00a0\u00a0<\/p>\n<p>Cuando \u00a0se \u00a0trata \u00a0de condenados que gocen de \u00a0fuero \u00a0constitucional, \u00a0como \u00a0aqu\u00ed \u00a0acontece, dicha competencia \u201cpermanecer\u00e1 \u00a0 \u00a0 \u00a0 en \u00a0 \u00a0 \u00a0 la \u00a0 \u00a0 \u00a0 autoridad \u00a0 \u00a0 \u00a0judicial \u00a0 \u00a0 \u00a0de \u00a0conocimiento\u201d, \u00a0en \u00a0este \u00a0caso \u00a0la Corte, como se ha \u00a0venido sosteniendo en el decurso del proceso. \u00a0\u00a0<\/p>\n<p>2. \u00a0En \u00a0punto de la solicitud que presenta el \u00a0condenado, no se acceder\u00e1 a la misma. \u00a0\u00a0<\/p>\n<p>De \u00a0tiempo atr\u00e1s la Corte ha juzgado que los \u00a0desarrollos \u00a0legales \u00a0en \u00a0torno \u00a0a \u00a0los \u00a0instrumentos \u00a0para \u00a0la \u00a0efectividad del \u00a0derecho, \u00a0 permiten \u00a0 concluir \u00a0 sobre \u00a0 la \u00a0 existencia \u00a0 de \u00a0 dos \u00a0 clases \u00a0de \u00a0rehabilitaci\u00f3n: \u00a0\u00a0<\/p>\n<p>a) \u00a0La \u00a0que \u00a0opera \u00a0de pleno derecho, esto es \u00a0aquella que se ha extinguido o ha tenido cumplimiento. \u00a0\u00a0<\/p>\n<p>En tal caso no se requiere de pronunciamiento \u00a0judicial \u00a0para su reconocimiento, siendo suficiente lo dispuesto en el art\u00edculo \u00a071 del c\u00f3digo electoral; \u00a0\u00a0<\/p>\n<p>b) \u00a0La \u00a0rehabilitaci\u00f3n propiamente dicha, la \u00a0cual supone la vigencia de la pena. \u00a0\u00a0<\/p>\n<p>En \u00a0relaci\u00f3n \u00a0a \u00a0su \u00a0reconocimiento \u00a0se \u00a0ha \u00a0establecido \u00a0 un \u00a0 breve \u00a0tr\u00e1mite \u00a0judicial, \u00a0previo \u00a0el \u00a0cumplimiento \u00a0de \u00a0los \u00a0requisitos establecidos para el efecto. \u00a0\u00a0<\/p>\n<p>El \u00a0art\u00edculo 92 del decreto 1000 de 1980 por \u00a0el \u00a0que \u00a0se \u00a0rigi\u00f3 \u00a0este \u00a0caso \u00a0y \u00a0se dict\u00f3 la sentencia, establec\u00eda sobre el \u00a0particular: \u00a0\u00a0<\/p>\n<p>\u201cRehabilitaci\u00f3n. \u00a0 \u00a0 \u00a0Excepto \u00a0la \u00a0expulsi\u00f3n \u00a0del territorio nacional para el extranjero, \u00a0las \u00a0 dem\u00e1s \u00a0 penas \u00a0 se\u00f1aladas \u00a0 en \u00a0 el \u00a0 art\u00edculo \u00a042 \u00a0podr\u00e1n \u00a0cesar \u00a0por \u00a0rehabilitaci\u00f3n. \u00a0\u00a0<\/p>\n<p>\u201cSi tales penas fueren concurrentes con una \u00a0privativa \u00a0de \u00a0la \u00a0libertad, no podr\u00e1 pedirse la rehabilitaci\u00f3n sino cuando el \u00a0condenado \u00a0hubiere observado buena conducta y despu\u00e9s \u00a0de \u00a0transcurridos \u00a0dos \u00a0a\u00f1os \u00a0a \u00a0partir \u00a0del \u00a0d\u00eda en que haya cumplido la pena \u00a0(se destaca). \u00a0\u00a0<\/p>\n<p>\u201cSi no concurriere con pena privativa de la \u00a0libertad, \u00a0la \u00a0rehabilitaci\u00f3n \u00a0no podr\u00e1 pedirse sino dos (2) a\u00f1os despu\u00e9s de \u00a0ejecutoriada la sentencia en que ellas fueron impuestas\u201d \u00a0\u00a0<\/p>\n<p>Siguiendo \u00a0los lineamientos jurisprudenciales \u00a0trazados \u00a0por \u00a0la Corte (Cfr., \u00a0entre \u00a0otros, \u00a0auto \u00a0\u00fanica \u00a0instancia \u00a0de junio 3 de 1997, Rad. 4083), la nueva \u00a0legislaci\u00f3n \u00a0penal \u00a0(ley \u00a0599 \u00a0de \u00a02000) \u00a0no \u00a0introdujo \u00a0ninguna \u00a0modificaci\u00f3n \u00a0sustancial \u00a0sobre \u00a0la \u00a0materia, \u00a0sino \u00a0que recogi\u00f3 en un solo art\u00edculo los dos \u00a0tipos \u00a0 de \u00a0rehabilitaci\u00f3n \u00a0al \u00a0establecer \u00a0en \u00a0el \u00a0tambi\u00e9n \u00a0art\u00edculo \u00a092 \u00a0lo \u00a0siguiente: \u00a0\u00a0<\/p>\n<p>\u201cLa \u00a0 \u00a0rehabilitaci\u00f3n. \u00a0 \u00a0La \u00a0rehabilitaci\u00f3n \u00a0de derechos afectados por una pena privativa de \u00a0los \u00a0 mismos, \u00a0cuando \u00a0se \u00a0imponga \u00a0como \u00a0accesoria, \u00a0operar\u00e1 \u00a0conforme \u00a0a \u00a0las \u00a0siguientes reglas. \u00a0\u00a0<\/p>\n<p>\u201c1. \u00a0Una \u00a0vez \u00a0transcurrido \u00a0el \u00a0t\u00e9rmino \u00a0impuesto \u00a0en \u00a0la \u00a0sentencia, \u00a0la \u00a0rehabilitaci\u00f3n operar\u00e1 de derecho. Para ello \u00a0bastar\u00e1 \u00a0que \u00a0el \u00a0interesado \u00a0formule la solicitud pertinente, acompa\u00f1a de los \u00a0respectivos documentos ante la autoridad correspondiente. \u00a0\u00a0<\/p>\n<p>\u201cAntes del vencimiento del t\u00e9rmino previsto \u00a0en \u00a0la \u00a0sentencia \u00a0podr\u00e1 \u00a0solicitarse la rehabilitaci\u00f3n cuando la persona haya \u00a0observado \u00a0intachable \u00a0conducta \u00a0personal, familiar, social y no haya evadido la \u00a0ejecuci\u00f3n \u00a0 \u00a0 de \u00a0 \u00a0 la \u00a0 \u00a0 pena; \u00a0 \u00a0allegando \u00a0 \u00a0copia \u00a0 \u00a0de \u00a0 \u00a0la \u00a0 \u00a0cartilla \u00a0bibliogr\u00e1fica\u2026.\u201d. \u00a0\u00a0<\/p>\n<p>\u201cEn \u00a0este \u00a0evento, \u00a0si la pena privativa de \u00a0derechos \u00a0 no \u00a0 concurriere \u00a0 con \u00a0 una \u00a0 pena \u00a0privativa \u00a0de \u00a0la \u00a0libertad, \u00a0la \u00a0rehabilitaci\u00f3n \u00a0podr\u00e1 \u00a0pedirse \u00a0dos \u00a0(2) a\u00f1os despu\u00e9s de la ejecutoria de la \u00a0sentencia \u00a0que \u00a0la \u00a0impuso, \u00a0si \u00a0hubiere \u00a0transcurrido \u00a0la \u00a0mitad \u00a0del \u00a0t\u00e9rmino \u00a0impuesto. \u00a0\u00a0<\/p>\n<p>\u201cSi \u00a0 la \u00a0 pena \u00a0 privativa \u00a0de \u00a0derechos \u00a0concurriere \u00a0 \u00a0con \u00a0 una \u00a0 pena \u00a0 privativa \u00a0 de \u00a0 la \u00a0 libertad, \u00a0 s\u00f3lo \u00a0podr\u00e1 \u00a0pedirse la rehabilitaci\u00f3n despu\u00e9s de dos (2) a\u00f1os \u00a0contados \u00a0a \u00a0partir del d\u00eda en que el condenado haya cumplido la pena privativa \u00a0de \u00a0la \u00a0libertad (Se destaca), \u00a0si hubiere transcurrido la mitad del t\u00e9rmino impuesto. \u00a0\u00a0<\/p>\n<p>\u201c3\u2026\u2026\u2026\u2026\u2026\u2026\u2026\u2026\u2026\u2026\u2026\u2026\u2026\u2026\u2026\u2026\u2026\u2026\u2026\u2026\u2026\u2026\u2026\u2026\u2026\u2026\u2026\u2026\u2026\u2026\u2026\u2026\u2026\u2026\u2026\u2026\u2026\u2026\u2026\u201d. \u00a0\u00a0<\/p>\n<p>De modo que ni en el anterior c\u00f3digo ni en el \u00a0actual, \u00a0la \u00a0rehabilitaci\u00f3n\u00a0 \u00a0de \u00a0derechos opera antes del vencimiento del \u00a0t\u00e9rmino \u00a0previsto \u00a0en \u00a0la \u00a0sentencia, \u00a0si \u00a0al menos no han transcurrido dos (2) \u00a0a\u00f1os \u00a0contados \u00a0a \u00a0partir \u00a0del \u00a0d\u00eda \u00a0en que el condenado haya cumplido la pena \u00a0privativa de la libertad, cuando concurre con \u00e9sta. \u00a0\u00a0<\/p>\n<p>En \u00a0el \u00a0caso particular del sentenciado LUCAS \u00a0SEGUNDO \u00a0GNECCO \u00a0CERCHAR \u00a0cumpli\u00f3 la pena privativa de la libertad el pasado 25 \u00a0de \u00a0julio, \u00a0seg\u00fan \u00a0prove\u00eddo \u00a0de \u00a0esa \u00a0misma fecha (fl. 180 y ss., del cuaderno \u00a0original 6). \u00a0\u00a0<\/p>\n<p>La pena accesoria de interdicci\u00f3n de derechos \u00a0y \u00a0funciones \u00a0p\u00fablicas, \u00a0concurrente \u00a0con \u00a0la \u00a0privativa \u00a0de la libertad,\u00a0 \u00a0empez\u00f3 \u00a0a \u00a0descontarse \u00a0el 14 de noviembre de 2000, al d\u00eda siguiente de quedar \u00a0ejecutoriada \u00a0la \u00a0sentencia, \u00a0por \u00a0lo cual su cumplimiento corre hasta ese mismo \u00a0d\u00eda del mes de mayo de 2004. \u00a0\u00a0<\/p>\n<p>La \u00a0rehabilitaci\u00f3n que solicita el condenado \u00a0no \u00a0resulta \u00a0factible, \u00a0en \u00a0la \u00a0medida \u00a0que, \u00a0si \u00a0bien \u00a0se \u00a0solicita \u00a0antes \u00a0del \u00a0vencimiento \u00a0previsto \u00a0en \u00a0la sentencia, no han transcurrido dos (2) a\u00f1os desde \u00a0la \u00a0 fecha \u00a0 en \u00a0 que \u00a0 el \u00a0 sentenciado \u00a0 cumpli\u00f3 \u00a0la \u00a0pena \u00a0privativa \u00a0de \u00a0la \u00a0libertad. \u00a0\u00a0<\/p>\n<p>En \u00a0ese sentido opera la regla prevista en el \u00a0art\u00edculo \u00a0 92-2, \u00a0 inciso \u00a03\u00ba, \u00a0de \u00a0la \u00a0ley \u00a0599 \u00a0de \u00a02000\u00a0 \u00a0\u2013art\u00edculo \u00a092, inciso 2\u00ba, del decreto \u00a0100 \u00a0de \u00a01980-, \u00a0por \u00a0lo \u00a0cual \u00a0la \u00a0Sala \u00a0denegar\u00e1 \u00a0la solicitud elevada por el \u00a0sentenciado, sin otras consideraciones. \u00a0\u00a0<\/p>\n<p>Por lo expuesto, la CORTE SUPREMA DE JUSTICIA, \u00a0SALA DE CASACION PENAL, \u00a0\u00a0<\/p>\n<p>RESUELVE: \u00a0<\/p>\n<p>Negar \u00a0la \u00a0solicitud de rehabilitaci\u00f3n de la \u00a0pena \u00a0 \u00a0accesoria \u00a0 \u00a0impuesta \u00a0 \u00a0al \u00a0 \u00a0sentenciado \u00a0 \u00a0LUCAS \u00a0 \u00a0SEGUNDO \u00a0 \u00a0GNECCO \u00a0CERCHAR. \u00a0\u00a0<\/p>\n<p>NOTIFIQUESE Y CUMPLASE. \u00a0<\/p>\n<p>\u00a0 YESID \u00a0 \u00a0RAMIREZ \u00a0BASTIDAS \u00a0\u00a0<\/p>\n<p>HERMAN \u00a0 \u00a0 \u00a0 \u00a0 \u00a0 \u00a0GALAN \u00a0CASTELLANOS\u00a0\u00a0\u00a0\u00a0\u00a0\u00a0\u00a0\u00a0 \u00a0 CARLOS \u00a0A. \u00a0GALVEZ \u00a0ARGOTE \u00a0\u00a0<\/p>\n<p>JORGE \u00a0 \u00a0 \u00a0 \u00a0 A. \u00a0 \u00a0 \u00a0 \u00a0 GOMEZ \u00a0GALLEGO\u00a0\u00a0\u00a0\u00a0\u00a0\u00a0\u00a0\u00a0\u00a0\u00a0\u00a0\u00a0\u00a0\u00a0\u00a0 \u00a0EDGAR LOMBANA TRUJILLO \u00a0\u00a0<\/p>\n<p>Impedido \u00a0<\/p>\n<p>ALVARO \u00a0 \u00a0 \u00a0 \u00a0 O. \u00a0 \u00a0 \u00a0 \u00a0PEREZ \u00a0PINZON\u00a0\u00a0\u00a0\u00a0\u00a0\u00a0\u00a0\u00a0\u00a0\u00a0\u00a0\u00a0\u00a0\u00a0\u00a0 \u00a0MARINA PULIDO DE BARON \u00a0\u00a0<\/p>\n<p>JORGE \u00a0 \u00a0 \u00a0 \u00a0L. \u00a0 \u00a0 \u00a0 \u00a0QUINTERO \u00a0MILANES\u00a0\u00a0\u00a0\u00a0\u00a0\u00a0\u00a0\u00a0\u00a0\u00a0 MAURO \u00a0SOLARTE PORTILLA \u00a0\u00a0<\/p>\n<p>\u00a0 TERESA \u00a0 \u00a0 RUIZ \u00a0NU\u00d1EZ \u00a0\u00a0<\/p>\n<p>Secretaria \u00a0 \u00a0<\/p>\n<p><\/p>\n","protected":false},"excerpt":{"rendered":"<p>\u00a0 \u00a0 Proceso No 15610 \u00a0 CORTE SUPREMA DE JUSTICIA \u00a0 SALA DE CASACION PENAL \u00a0 Magistrado ponente: \u00a0 Dr. \u00a0MAURO \u00a0SOLARTE \u00a0PORTILLA \u00a0\u00a0 Aprobado Acta No. 104. \u00a0 Bogot\u00e1 D.C., diecisiete (17) de septiembre de \u00a0dos mil tres (2003). \u00a0\u00a0 VISTOS \u00a0 Se \u00a0pronuncia \u00a0la \u00a0Corte \u00a0sobre \u00a0la solicitud \u00a0presentada \u00a0por \u00a0el sentenciado LUCAS [&hellip;]<\/p>\n","protected":false},"author":1,"featured_media":0,"comment_status":"open","ping_status":"open","sticky":false,"template":"","format":"standard","meta":{"footnotes":""},"categories":[11],"tags":[],"class_list":["post-6803","post","type-post","status-publish","format-standard","hentry","category-11"],"_links":{"self":[{"href":"https:\/\/dmsjuridica.com\/buscador_20179478954\/salapenalcronologico20230723\/wp-json\/wp\/v2\/posts\/6803","targetHints":{"allow":["GET"]}}],"collection":[{"href":"https:\/\/dmsjuridica.com\/buscador_20179478954\/salapenalcronologico20230723\/wp-json\/wp\/v2\/posts"}],"about":[{"href":"https:\/\/dmsjuridica.com\/buscador_20179478954\/salapenalcronologico20230723\/wp-json\/wp\/v2\/types\/post"}],"author":[{"embeddable":true,"href":"https:\/\/dmsjuridica.com\/buscador_20179478954\/salapenalcronologico20230723\/wp-json\/wp\/v2\/users\/1"}],"replies":[{"embeddable":true,"href":"https:\/\/dmsjuridica.com\/buscador_20179478954\/salapenalcronologico20230723\/wp-json\/wp\/v2\/comments?post=6803"}],"version-history":[{"count":0,"href":"https:\/\/dmsjuridica.com\/buscador_20179478954\/salapenalcronologico20230723\/wp-json\/wp\/v2\/posts\/6803\/revisions"}],"wp:attachment":[{"href":"https:\/\/dmsjuridica.com\/buscador_20179478954\/salapenalcronologico20230723\/wp-json\/wp\/v2\/media?parent=6803"}],"wp:term":[{"taxonomy":"category","embeddable":true,"href":"https:\/\/dmsjuridica.com\/buscador_20179478954\/salapenalcronologico20230723\/wp-json\/wp\/v2\/categories?post=6803"},{"taxonomy":"post_tag","embeddable":true,"href":"https:\/\/dmsjuridica.com\/buscador_20179478954\/salapenalcronologico20230723\/wp-json\/wp\/v2\/tags?post=6803"}],"curies":[{"name":"wp","href":"https:\/\/api.w.org\/{rel}","templated":true}]}}