{"id":6657,"date":"2023-09-08T17:00:22","date_gmt":"2023-09-08T17:00:22","guid":{"rendered":"https:\/\/dmsjuridica.com\/buscador_20179478954\/salapenalcronologico20230723\/2023\/09\/08\/1351211-03-03\/"},"modified":"2023-09-08T17:00:22","modified_gmt":"2023-09-08T17:00:22","slug":"1351211-03-03","status":"publish","type":"post","link":"https:\/\/dmsjuridica.com\/buscador_20179478954\/salapenalcronologico20230723\/2023\/09\/08\/1351211-03-03\/","title":{"rendered":"13512(11-03-03)"},"content":{"rendered":"\n<p>\u00a0 \u00a0 Proceso No 13512 \u00a0<\/p>\n<p>CORTE SUPREMA DE JUSTICIA \u00a0<\/p>\n<p>SALA DE CASACI\u00d3N PENAL \u00a0<\/p>\n<p>Magistrado Ponente: \u00a0<\/p>\n<p>HERMAN GAL\u00c1N CASTELLANOS \u00a0<\/p>\n<p>Aprobado \u00a0acta N\u00ba\u00a0 \u00a0032 \u00a0\u00a0<\/p>\n<p>Bogot\u00e1 D. C., once (11) de marzo de dos mil \u00a0tres (2003). \u00a0\u00a0<\/p>\n<p>VISTOS \u00a0<\/p>\n<p>Luego de recopilada la informaci\u00f3n ordenada \u00a0en \u00a0auto \u00a0del \u00a0pasado \u00a017 de febrero, procede la Sala a resolver la solicitud de \u00a0suspensi\u00f3n \u00a0de la detenci\u00f3n preventiva formulada por el defensor del procesado \u00a0NELSON \u00a0 \u00a0 \u00a0 \u00a0MART\u00cdNEZ \u00a0 \u00a0 \u00a0 IBARRA. \u00a0\u00a0<\/p>\n<p>LA CORTE CONSIDERA \u00a0<\/p>\n<p>1.- \u00a0Solicita el defensor, con fundamento en \u00a0los \u00a0numerales \u00a0primero y tercero del art\u00edculo 362 del C\u00f3digo de Procedimiento \u00a0Penal, \u00a0es decir, por contar el procesado con m\u00e1s de sesenta y cinco (65) a\u00f1os \u00a0de \u00a0edad \u00a0y \u00a0por \u00a0padecer \u00a0enfermedad de \u201calto riesgo\u201d, la suspensi\u00f3n de la \u00a0detenci\u00f3n preventiva. \u00a0\u00a0<\/p>\n<p>2.- Cabe recordar que el doctor NELSON \u00a0MART\u00cdNEZ \u00a0IBARRA fue condenado por \u00a0el \u00a0Tribunal Superior de Cali en decisi\u00f3n del 29 de mayo de 1997 a la pena de 4 \u00a0a\u00f1os \u00a0de prisi\u00f3n, al haberlo encontrado responsable de la comisi\u00f3n del delito \u00a0que \u00a0contemplaba \u00a0el \u00a0art\u00edculo \u00a039 \u00a0de \u00a0la \u00a0Ley 30 de 1986, el cual, como se ha \u00a0venido \u00a0insistiendo en varias decisiones dictadas por esta Corporaci\u00f3n, cambi\u00f3 \u00a0de \u00a0escenario \u00a0normativo \u00a0al \u00a0ubicarse \u00a0en \u00a0el \u00a0art\u00edculo 413 del C\u00f3digo Penal, \u00a0agravado por el art\u00edculo 415 de la misma normatividad. \u00a0\u00a0<\/p>\n<p>Adem\u00e1s, \u00a0que \u00a0los hechos por los que se le \u00a0juzga \u00a0fueron \u00a0cometidos \u00a0cuando \u00a0se \u00a0desempe\u00f1aba \u00a0como Fiscal 142 Seccional de \u00a0Palmira. \u00a0\u00a0<\/p>\n<p>3.-\u00a0 \u00a0Con relaci\u00f3n al primer argumento \u00a0para \u00a0solicitar \u00a0la suspensi\u00f3n de la detenci\u00f3n preventiva, debe decirse que si \u00a0bien \u00a0es \u00a0cierto \u00a0el procesado ya pasa de los sesenta y cinco a\u00f1os de edad, tal \u00a0como \u00a0se \u00a0comprueba con la copia del registro civil de nacimiento que alleg\u00f3 su \u00a0defensor, \u00a0tambi\u00e9n \u00a0lo \u00a0es \u00a0que el legislador condicion\u00f3 la concesi\u00f3n de esta \u00a0figura \u00a0a \u00a0que \u00a0la \u00a0personalidad del procesado y la naturaleza y modalidad de la \u00a0conducta punible hagan aconsejable tal determinaci\u00f3n. \u00a0\u00a0<\/p>\n<p>Es \u00a0decir, \u00a0se impone la necesidad de que el \u00a0juez \u00a0estudie \u00a0las \u00a0condiciones subjetivas que lleven a la conclusi\u00f3n de que la \u00a0suspensi\u00f3n \u00a0es \u00a0aconsejable, \u00a0porque se trata de hacer un pron\u00f3stico razonable \u00a0acerca de la conveniencia o no de su concesi\u00f3n. \u00a0\u00a0<\/p>\n<p>Desde \u00a0ya \u00a0se \u00a0debe \u00a0manifestar \u00a0que \u00a0este \u00a0requisito \u00a0subjetivo para acceder a la suspensi\u00f3n solicitada no se cumple, como \u00a0quiera \u00a0que \u00a0la \u00a0personalidad \u00a0se \u00a0manifiesta a trav\u00e9s de actos positivos de la \u00a0voluntad \u00a0humana. \u00a0Cuando \u00a0se \u00a0realizan \u00a0comportamientos que se identifican como \u00a0punibles \u00a0de \u00a0mayor \u00a0gravedad, \u00a0impacto \u00a0y \u00a0conmoci\u00f3n \u00a0social, \u00a0que \u00a0merecen un \u00a0reproche \u00a0m\u00e1s \u00a0dr\u00e1stico, debe concluirse que la comunidad resulta afectada, lo \u00a0que lleva a que no pueda gozarse de ciertos privilegios procesales. \u00a0\u00a0<\/p>\n<p>En \u00a0este \u00a0caso, \u00a0debe \u00a0tenerse \u00a0en cuenta la \u00a0naturaleza \u00a0 \u00a0del \u00a0 delito \u00a0 que \u00a0 se \u00a0 le \u00a0 imputa \u00a0 al \u00a0 doctor \u00a0 Nelson \u00a0Mart\u00ednez Ibarra (infracci\u00f3n a los \u00a0art\u00edculos \u00a0414 \u00a0y \u00a0415 del C. P., otrora el art\u00edculo 39 de la Ley 30 de 1986), \u00a0consistente \u00a0en \u00a0haber \u00a0adoptado \u00a0una determinaci\u00f3n en manifiesto prop\u00f3sito de \u00a0favorecer \u00a0a \u00a0quien \u00a0se \u00a0investigaba por delitos relacionados con narcotr\u00e1fico, \u00a0flagelo \u00a0que \u00a0innegablemente conlleva a predicar un evidente impacto social, con \u00a0consecuencias negativa para \u00e9sta. \u00a0\u00a0<\/p>\n<p>Quien \u00a0 realiza \u00a0estas \u00a0conductas, \u00a0revela \u00a0ciertamente \u00a0una \u00a0personalidad \u00a0proclive \u00a0al delito, pues antepuso la ilegalidad \u00a0por \u00a0encima \u00a0de \u00a0la \u00a0alt\u00edsima \u00a0misi\u00f3n de administrar justicia, sin importar la \u00a0afectaci\u00f3n \u00a0que con su actuar conlleve a la credibilidad de los asociados en la \u00a0administraci\u00f3n p\u00fablica y en las instituciones. \u00a0\u00a0<\/p>\n<p>Lo \u00a0anterior conduce a pronosticar que si en \u00a0su \u00a0condici\u00f3n \u00a0de \u00a0servidor \u00a0p\u00fablico \u00a0irrespet\u00f3 la ley cuando ten\u00eda el deber \u00a0especial \u00a0de acatarla y de dar ejemplo a los dem\u00e1s, necesariamente implica que, \u00a0como \u00a0particular, \u00a0no \u00a0la respetara y, por ende, ser\u00eda contraproducente para la \u00a0comunidad excluirlo de la detenci\u00f3n preventiva. \u00a0\u00a0<\/p>\n<p>En \u00a0 estas \u00a0condiciones, \u00a0al \u00a0considerarse \u00a0inconveniente \u00a0 acceder \u00a0a \u00a0la \u00a0suspensi\u00f3n \u00a0de \u00a0la \u00a0detenci\u00f3n \u00a0preventiva, \u00a0la \u00a0solicitud elevada por el defensor ser\u00e1 negada. \u00a0\u00a0<\/p>\n<p>4.- Ante la invocaci\u00f3n de la causal tercera \u00a0de \u00a0que \u00a0trata \u00a0el \u00a0art\u00edculo \u00a0362 \u00a0del \u00a0C. \u00a0de \u00a0P. P., invocada tambi\u00e9n por el \u00a0libelista, \u00a0se \u00a0procedi\u00f3 \u00a0a \u00a0remitir \u00a0al \u00a0procesado \u00a0a \u00a0un \u00a0m\u00e9dico adscrito al \u00a0Instituto \u00a0Nacional \u00a0de \u00a0Medicina \u00a0Legal y Ciencias Forenses, quien practic\u00f3 un \u00a0examen \u00a0f\u00edsico \u00a0y \u00a0se \u00a0ilustr\u00f3 \u00a0por \u00a0una \u00a0serie \u00a0de \u00a0ex\u00e1menes \u00a0y antecedentes \u00a0cl\u00ednicos, \u00a0con el objeto de que, espec\u00edficamente, se dictaminara si padec\u00eda o \u00a0no de enfermedad alguna y si era del caso catalogarla como grave. \u00a0\u00a0<\/p>\n<p>El \u00a0dictamen \u00a0del m\u00e9dico legal fue negativo \u00a0para enfermedad grave. Al efecto, se\u00f1al\u00f3: \u00a0\u00a0<\/p>\n<p>\u201c\u2026 \u00a01.- SE LE \u00a0DEBE \u00a0GARANTIZAR \u00a0EL CONTROL ESTRICTO DE SU PRESI\u00d3N ARTERIAL Y SU HIPERURICEMIA \u00a0YA \u00a0QUE \u00a0ESTAS DOS PATOLOG\u00cdAS COLOCAN AL RI\u00d1\u00d3N EN SUFRIMIENTO. IGUALMENTE, EL \u00a0CONTROL \u00a0ESTRICTO \u00a0DE SU DIETA LA CUAL DEBE SER HIPOS\u00d3DICA, HIPOPROT\u00c9ICA, RICA \u00a0EN \u00a0FIBRA. \u00a02.- \u00a0SE \u00a0LE DEBE MANEJAR SU CONDICI\u00d3N ET\u00c1REA COMO ADULTO MAYOR CON \u00a0CRITERIOS \u00a0ESPEC\u00cdFICOS \u00a0DE \u00a0GERIATR\u00cdA. \u00a03.- \u00a0EL \u00a0CONTROL \u00a0Y ACLARACI\u00d3N DE SUS \u00a0SIGNOS \u00a0Y \u00a0S\u00cdNTOMAS \u00a0PROST\u00c1TICOS \u00a0DEBEN REALIZARSE CONFORME A LAS INDICACIONES \u00a0DEL ESPECIALISTA.\u201d \u00a0\u00a0<\/p>\n<p>Para la procedencia de la causal invocada es \u00a0requisito \u00a0indispensable la existencia de una enfermedad que tenga la calidad de \u00a0grave, \u00a0condici\u00f3n \u00a0que \u00a0no re\u00fane la que padece el procesado, seg\u00fan se infiere \u00a0del \u00a0citado \u00a0dictamen, \u00a0en \u00a0el \u00a0que \u00a0se \u00a0concluye que a\u00fan cuando se trata de un \u00a0padecimiento \u00a0que \u00a0amerita controles peri\u00f3dicos y cuidados especiales, no tiene \u00a0esa connotaci\u00f3n. \u00a0\u00a0<\/p>\n<p>Por \u00a0lo anterior, la petici\u00f3n ser\u00e1 negada, \u00a0lo \u00a0que no obsta para que se solicite a la Direcci\u00f3n del INPEC que, conforme el \u00a0dictamen \u00a0rendido, se le otorgue al procesado el tratamiento m\u00e9dico asistencial \u00a0y \u00a0nutricional \u00a0requerido \u00a0por \u00a0raz\u00f3n \u00a0de \u00a0su \u00a0enfermedad, \u00a0para \u00a0lo cual se le \u00a0remitir\u00e1 copia del dictamen pericial.\u00a0 \u00a0\u00a0<\/p>\n<p>En \u00a0m\u00e9rito de lo expuesto, la Corte Suprema \u00a0de Justicia, Sala de Casaci\u00f3n Penal, \u00a0\u00a0<\/p>\n<p>RESUELVE \u00a0\u00a0<\/p>\n<p>1.- \u00a0 \u00a0NEGAR \u00a0al procesado NELSON MART\u00cdNEZ \u00a0IBARRA \u00a0la \u00a0suspensi\u00f3n \u00a0de \u00a0la \u00a0detenci\u00f3n preventiva \u00a0elevada por su defensor. \u00a0\u00a0<\/p>\n<p>2.- Solicitar a la Direcci\u00f3n del INPEC que, \u00a0conforme \u00a0el \u00a0dictamen rendido por Medicina Legal, se le otorgue al procesado el \u00a0tratamiento m\u00e9dico requerido por raz\u00f3n de su enfermedad. \u00a0\u00a0<\/p>\n<p>Notif\u00edquese y c\u00famplase. \u00a0<\/p>\n<p>YESID RAM\u00cdREZ BASTIDAS \u00a0<\/p>\n<p>FERNANDO \u00a0E. \u00a0ARBOLEDA \u00a0RIPOLL \u00a0 \u00a0 \u00a0 \u00a0\u00a0 \u00a0 \u00a0 \u00a0 \u00a0\u00a0HERMAN \u00a0 \u00a0GAL\u00c1N \u00a0CASTELLANOS \u00a0\u00a0<\/p>\n<p>CARLOS A. GALVEZ ARGOTE \u00a0 \u00a0 \u00a0 \u00a0\u00a0 \u00a0\u00a0 \u00a0\u00a0 \u00a0 \u00a0 \u00a0 \u00a0\u00a0 \u00a0 \u00a0 \u00a0 \u00a0\u00a0JORGE \u00a0ANIBAL \u00a0G\u00d3MEZ \u00a0GALLEGO \u00a0 \u00a0 \u00a0 \u00a0\u00a0 \u00a0\u00a0<\/p>\n<p>EDGAR \u00a0 \u00a0LOMBANA \u00a0TRUJILLO \u00a0 \u00a0 \u00a0\u00a0 \u00a0\u00a0 \u00a0\u00a0 \u00a0 \u00a0 \u00a0\u00a0 \u00a0\u00a0 \u00a0 \u00a0 \u00a0\u00a0 \u00a0\u00a0\u00c1LVARO ORLANDO \u00a0P\u00c9REZ PINZ\u00d3N \u00a0\u00a0<\/p>\n<p>MARINA \u00a0 PULIDO \u00a0 DE \u00a0BAR\u00d3N \u00a0\u00a0<\/p>\n<p>TERESA RUIZ NU\u00d1EZ \u00a0<\/p>\n<p>Secretaria \u00a0<\/p>\n<p>\u00a0 \u00a0\u00a0<\/p>\n<p><\/p>\n","protected":false},"excerpt":{"rendered":"<p>\u00a0 \u00a0 Proceso No 13512 \u00a0 CORTE SUPREMA DE JUSTICIA \u00a0 SALA DE CASACI\u00d3N PENAL \u00a0 Magistrado Ponente: \u00a0 HERMAN GAL\u00c1N CASTELLANOS \u00a0 Aprobado \u00a0acta N\u00ba\u00a0 \u00a0032 \u00a0\u00a0 Bogot\u00e1 D. C., once (11) de marzo de dos mil \u00a0tres (2003). \u00a0\u00a0 VISTOS \u00a0 Luego de recopilada la informaci\u00f3n ordenada \u00a0en \u00a0auto \u00a0del \u00a0pasado \u00a017 de [&hellip;]<\/p>\n","protected":false},"author":1,"featured_media":0,"comment_status":"open","ping_status":"open","sticky":false,"template":"","format":"standard","meta":{"footnotes":""},"categories":[11],"tags":[],"class_list":["post-6657","post","type-post","status-publish","format-standard","hentry","category-11"],"_links":{"self":[{"href":"https:\/\/dmsjuridica.com\/buscador_20179478954\/salapenalcronologico20230723\/wp-json\/wp\/v2\/posts\/6657","targetHints":{"allow":["GET"]}}],"collection":[{"href":"https:\/\/dmsjuridica.com\/buscador_20179478954\/salapenalcronologico20230723\/wp-json\/wp\/v2\/posts"}],"about":[{"href":"https:\/\/dmsjuridica.com\/buscador_20179478954\/salapenalcronologico20230723\/wp-json\/wp\/v2\/types\/post"}],"author":[{"embeddable":true,"href":"https:\/\/dmsjuridica.com\/buscador_20179478954\/salapenalcronologico20230723\/wp-json\/wp\/v2\/users\/1"}],"replies":[{"embeddable":true,"href":"https:\/\/dmsjuridica.com\/buscador_20179478954\/salapenalcronologico20230723\/wp-json\/wp\/v2\/comments?post=6657"}],"version-history":[{"count":0,"href":"https:\/\/dmsjuridica.com\/buscador_20179478954\/salapenalcronologico20230723\/wp-json\/wp\/v2\/posts\/6657\/revisions"}],"wp:attachment":[{"href":"https:\/\/dmsjuridica.com\/buscador_20179478954\/salapenalcronologico20230723\/wp-json\/wp\/v2\/media?parent=6657"}],"wp:term":[{"taxonomy":"category","embeddable":true,"href":"https:\/\/dmsjuridica.com\/buscador_20179478954\/salapenalcronologico20230723\/wp-json\/wp\/v2\/categories?post=6657"},{"taxonomy":"post_tag","embeddable":true,"href":"https:\/\/dmsjuridica.com\/buscador_20179478954\/salapenalcronologico20230723\/wp-json\/wp\/v2\/tags?post=6657"}],"curies":[{"name":"wp","href":"https:\/\/api.w.org\/{rel}","templated":true}]}}