{"id":6566,"date":"2023-09-08T17:00:16","date_gmt":"2023-09-08T17:00:16","guid":{"rendered":"https:\/\/dmsjuridica.com\/buscador_20179478954\/salapenalcronologico20230723\/2023\/09\/08\/1014924-07-03\/"},"modified":"2023-09-08T17:00:16","modified_gmt":"2023-09-08T17:00:16","slug":"1014924-07-03","status":"publish","type":"post","link":"https:\/\/dmsjuridica.com\/buscador_20179478954\/salapenalcronologico20230723\/2023\/09\/08\/1014924-07-03\/","title":{"rendered":"10149(24-07-03)"},"content":{"rendered":"\n<p>\u00a0 \u00a0 Proceso No 10149 \u00a0<\/p>\n<p>CORTE SUPREMA DE JUSTICIA \u00a0<\/p>\n<p>SALA DE CASACI\u00d3N PENAL \u00a0<\/p>\n<p>MAGISTRADO PONENTE \u00a0<\/p>\n<p>\u00c1LVARO ORLANDO P\u00c9REZ PINZ\u00d3N \u00a0<\/p>\n<p>APROBADO ACTA No. 84 \u00a0<\/p>\n<p>\u00a0 \u00a0\u00a0 \u00a0\u00a0 \u00a0\u00a0Bogot\u00e1, \u00a0D. \u00a0C., \u00a0veinticuatro \u00a0(24) \u00a0de \u00a0julio \u00a0del \u00a0dos mil tres \u00a0(2003). \u00a0\u00a0<\/p>\n<p>VISTOS \u00a0<\/p>\n<p>Se \u00a0pronuncia \u00a0la \u00a0Sala sobre la solicitud de \u00a0prescripci\u00f3n \u00a0de \u00a0la pena de prisi\u00f3n \u2013y \u00a0de \u00a0las \u00a0\u201caccesorias\u201d-, \u00a0que \u00a0hace el apoderado de la se\u00f1ora \u00a0Martha \u00a0 \u00a0Luc\u00eda \u00a0 \u00a0Castillo \u00a0 \u00a0Burbano. \u00a0\u00a0<\/p>\n<p>ANTECEDENTES \u00a0\u00a0<\/p>\n<p>1. Mediante sentencia de \u00fanica instancia del \u00a04 \u00a0de \u00a0diciembre de 1996, la Sala Penal de la Corte Suprema de Justicia conden\u00f3 \u00a0a \u00a0 \u00a0 la \u00a0 \u00a0 se\u00f1ora \u00a0 \u00a0Martha \u00a0 \u00a0Luc\u00eda \u00a0 \u00a0Castillo \u00a0Burbano, ex c\u00f3nsul de Colombia en Cuenca \u2013Ecuador-, \u00a0por los delitos de falsedad \u00a0ideol\u00f3gica \u00a0en \u00a0documento \u00a0p\u00fablico y peculado por apropiaci\u00f3n. Le impuso como \u00a0penas \u00a0principales \u00a0prisi\u00f3n \u00a0de \u00a0seis (6) a\u00f1os, multa en cuant\u00eda de $20.000 e \u00a0interdicci\u00f3n \u00a0del \u00a0ejercicio \u00a0de \u00a0derechos y funciones p\u00fablicas por cuatro (4) \u00a0a\u00f1os. \u00a0\u00a0<\/p>\n<p>2. Su defensor solicita a la Sala declare la \u00a0prescripci\u00f3n \u00a0 \u00a0de \u00a0 \u00a0las \u00a0 sanciones \u00a0 impuestas, \u00a0 en \u00a0 raz\u00f3n \u00a0 del \u00a0 tiempo \u00a0transcurrido. \u00a0\u00a0<\/p>\n<p>CONSIDERACIONES \u00a0\u00a0<\/p>\n<p>1. De acuerdo con el art\u00edculo 89 del C\u00f3digo \u00a0Penal, \u00a0la \u00a0pena \u00a0privativa de la libertad \u00a0prescribe \u00a0en un tiempo igual al fijado en la sentencia, lapso que \u00a0se cuenta, desde luego, a partir de la ejecutoria del fallo. \u00a0\u00a0<\/p>\n<p>2. \u00a0La \u00a0sentencia \u00a0dictada contra la se\u00f1ora \u00a0Castillo \u00a0 Burbano \u00a0qued\u00f3 \u00a0ejecutoriada el 13 de enero de 1997. \u00a0\u00a0<\/p>\n<p>3. \u00a0 Dado \u00a0que \u00a0la \u00a0pena \u00a0de \u00a0prisi\u00f3n fijada fue de seis (6) a\u00f1os, es \u00a0claro que a la fecha ha transcurrido m\u00e1s de ese tiempo. \u00a0\u00a0<\/p>\n<p>4. Debido a que no se ha dado ninguna de las \u00a0hip\u00f3tesis \u00a0 previstas \u00a0en \u00a0el \u00a0art\u00edculo \u00a090 \u00a0del \u00a0C\u00f3digo \u00a0Penal \u00a0\u2013aprehensi\u00f3n en virtud de la sentencia \u00a0o \u00a0 puesta \u00a0a \u00a0disposici\u00f3n \u00a0de \u00a0la \u00a0justicia \u00a0la \u00a0condenada-, \u00a0el \u00a0t\u00e9rmino \u00a0ha \u00a0transcurrido \u00a0 sin \u00a0 interrupciones, \u00a0 es \u00a0decir, \u00a0no \u00a0ha \u00a0habido \u00a0soluci\u00f3n \u00a0de \u00a0continuidad. \u00a0\u00a0<\/p>\n<p>Como \u00a0no se produjo la captura de la se\u00f1ora \u00a0Castillo \u00a0Burbano a pesar del \u00a0esfuerzo \u00a0desplegado \u00a0por \u00a0las \u00a0autoridades \u00a0antes \u00a0y \u00a0despu\u00e9s \u00a0de \u00a0la \u00a0\u00faltima \u00a0decisi\u00f3n, \u00a0se \u00a0impone \u00a0reconocer \u00a0en \u00a0su favor la extinci\u00f3n de la sanci\u00f3n \u00a0 \u00a0 penal \u00a0 \u00a0privativa \u00a0 \u00a0de \u00a0 \u00a0la \u00a0 \u00a0libertad. \u00a0\u00a0<\/p>\n<p>De \u00a0otra parte, consecuencia de lo anterior, \u00a0es \u00a0menester \u00a0cancelar \u00a0las \u00a0\u00f3rdenes de captura emitidas dentro de este proceso \u00a0contra \u00a0 la \u00a0 se\u00f1ora \u00a0 Castillo \u00a0Burbano \u00a0 y \u00a0 extender \u00a0 todas \u00a0 las \u00a0 comunicaciones \u00a0 previstas \u00a0 en \u00a0 la \u00a0ley. \u00a0\u00a0<\/p>\n<p>Una vez en firme esta decisi\u00f3n, se expedir\u00e1 \u00a0al \u00a0 defensor \u00a0 la \u00a0 constancia \u00a0 que \u00a0 solicita \u00a0sobre \u00a0el \u00a0contenido \u00a0de \u00a0este \u00a0auto. \u00a0\u00a0<\/p>\n<p>En relaci\u00f3n con la misma medida respecto de \u00a0las \u00a0sanciones \u00a0de \u00a0multa e \u00a0interdicci\u00f3n \u00a0del \u00a0ejercicio de derechos y funciones \u00a0p\u00fablicas, se hace necesario oficiar de inmediato a la \u00a0Registradur\u00eda \u00a0Nacional \u00a0del \u00a0Estado Civil\u00a0 y a la Sala Administrativa del \u00a0Consejo \u00a0Superior \u00a0de \u00a0la \u00a0Judicatura, \u00a0para \u00a0que comuniquen a la Corte sobre el \u00a0tr\u00e1mite \u00a0que se imparti\u00f3 a los oficios n\u00fameros 0023, del 14 de enero de 1997, \u00a0y \u00a00021, \u00a0del \u00a021 de enero del mismo a\u00f1o, respectivamente, as\u00ed como del estado \u00a0actual \u00a0de \u00a0las \u00a0gestiones. Recibida la informaci\u00f3n, el asunto volver\u00e1 al seno \u00a0de \u00a0 la \u00a0 Sala \u00a0para \u00a0tomar \u00a0las \u00a0determinaciones \u00a0correspondientes.\u00a0\u00a0 \u00a0\u00a0<\/p>\n<p>En \u00a0m\u00e9rito de lo expuesto, la Sala Penal de \u00a0la Corte Suprema de Justicia, \u00a0\u00a0<\/p>\n<p>RESUELVE \u00a0\u00a0<\/p>\n<p>1. \u00a0 Declarar \u00a0 prescrita \u00a0 la \u00a0 \u00a0pena \u00a0 \u00a0de \u00a0 prisi\u00f3n \u00a0impuesta \u00a0dentro \u00a0de \u00a0este \u00a0proceso a la \u00a0se\u00f1ora \u00a0Martha \u00a0Luc\u00eda \u00a0Castillo Burbano y, \u00a0 \u00a0 por \u00a0 \u00a0 ende, \u00a0 \u00a0 decretar \u00a0 \u00a0la \u00a0extinci\u00f3n \u00a0de \u00a0tal sanci\u00f3n \u00a0penal privativa de la libertad. \u00a0\u00a0<\/p>\n<p>2. \u00a0 Librar \u00a0las \u00a0comunicaciones correspondientes. \u00a0\u00a0<\/p>\n<p>3. \u00a0 Cancelar \u00a0 las \u00a0\u00f3rdenes \u00a0de \u00a0captura \u00a0emitidas \u00a0 contra \u00a0 la \u00a0se\u00f1ora \u00a0Martha \u00a0Luc\u00eda \u00a0Castillo \u00a0Burbano \u00a0dentro \u00a0de este \u00a0proceso. \u00a0\u00a0<\/p>\n<p>4. \u00a0 Expedir \u00a0la \u00a0constancia \u00a0que \u00a0sobre \u00a0el contenido de esta decisi\u00f3n ha solicitado el defensor \u00a0de \u00a0 \u00a0la \u00a0 \u00a0se\u00f1ora \u00a0 \u00a0Castillo \u00a0 Burbano. \u00a0\u00a0<\/p>\n<p>\u00a0 \u00a0\u00a0 \u00a0\u00a0 \u00a0\u00a0\u00a0\u00a0\u00a0\u00a0\u00a0\u00a0\u00a0\u00a0 \u00a0\u00a0<\/p>\n<p>\u00a0 \u00a0\u00a0 \u00a0\u00a0 \u00a0\u00a05. \u00a0 \u00a0 \u00a0 \u00a0 \u00a0 \u00a0 \u00a0 Enviar \u00a0las comunicaciones dispuestas a la \u00a0Registradur\u00eda \u00a0Nacional \u00a0del \u00a0Estado \u00a0Civil \u00a0y \u00a0a \u00a0la \u00a0Presidencia \u00a0de \u00a0la Sala \u00a0Administrativa del Consejo Superior de la Judicatura. \u00a0\u00a0<\/p>\n<p>Notif\u00edquese y c\u00famplase. \u00a0<\/p>\n<p>YESID RAM\u00cdREZ BASTIDAS \u00a0<\/p>\n<p>\u00a0 \u00a0 \u00a0\u00a0 \u00a0No hay firma \u00a0\u00a0<\/p>\n<p>HERMAN \u00a0 GAL\u00c1N \u00a0 CASTELLANOS \u00a0\u00a0 \u00a0\u00a0 \u00a0\u00a0 \u00a0\u00a0 \u00a0\u00a0 \u00a0\u00a0 \u00a0 \u00a0 \u00a0 \u00a0 \u00a0 \u00a0 \u00a0 \u00a0 \u00a0 \u00a0 \u00a0 \u00a0 \u00a0 \u00a0 \u00a0 \u00a0 \u00a0 \u00a0 \u00a0 \u00a0 \u00a0 \u00a0 \u00a0 \u00a0 \u00a0 \u00a0\u00a0\u00a0\u00a0\u00a0\u00a0\u00a0\u00a0\u00a0\u00a0\u00a0 \u00a0CARLOS A. G\u00c1LVEZ ARGOTE \u00a0\u00a0<\/p>\n<p>JORGE \u00a0AN\u00cdBAL \u00a0G\u00d3MEZ \u00a0GALLEGO \u00a0\u00a0 \u00a0\u00a0 \u00a0\u00a0 \u00a0\u00a0 \u00a0\u00a0 \u00a0\u00a0 \u00a0 \u00a0\u00a0 \u00a0 \u00a0 \u00a0 \u00a0 \u00a0 \u00a0 \u00a0 \u00a0 \u00a0\u00a0\u00c9DGAR LOMBANA TRUJILLO \u00a0\u00a0<\/p>\n<p>\u00c1LVARO \u00a0ORLANDO P\u00c9REZ \u00a0PINZ\u00d3N \u00a0 \u00a0 \u00a0 \u00a0\u00a0 \u00a0 \u00a0 \u00a0 \u00a0\u00a0MARINA \u00a0 PULIDO \u00a0DE \u00a0BAR\u00d3N \u00a0 \u00a0 \u00a0 \u00a0\u00a0 \u00a0\u00a0<\/p>\n<p>\u00a0 \u00a0 \u00a0 \u00a0 \u00a0<\/p>\n<p>JORGE \u00a0 L. \u00a0QUINTERO \u00a0MILAN\u00c9S \u00a0\u00a0 \u00a0\u00a0 \u00a0\u00a0 \u00a0\u00a0 \u00a0\u00a0 \u00a0\u00a0 \u00a0 \u00a0\u00a0 \u00a0 \u00a0 \u00a0 \u00a0 \u00a0 \u00a0 \u00a0 \u00a0 \u00a0\u00a0MAURO SOLARTE PORTILLA \u00a0\u00a0<\/p>\n<p>TERESA RUIZ N\u00da\u00d1EZ \u00a0<\/p>\n<p>Secretaria \u00a0 \u00a0<\/p>\n<p><\/p>\n","protected":false},"excerpt":{"rendered":"<p>\u00a0 \u00a0 Proceso No 10149 \u00a0 CORTE SUPREMA DE JUSTICIA \u00a0 SALA DE CASACI\u00d3N PENAL \u00a0 MAGISTRADO PONENTE \u00a0 \u00c1LVARO ORLANDO P\u00c9REZ PINZ\u00d3N \u00a0 APROBADO ACTA No. 84 \u00a0 \u00a0 \u00a0\u00a0 \u00a0\u00a0 \u00a0\u00a0Bogot\u00e1, \u00a0D. \u00a0C., \u00a0veinticuatro \u00a0(24) \u00a0de \u00a0julio \u00a0del \u00a0dos mil tres \u00a0(2003). \u00a0\u00a0 VISTOS \u00a0 Se \u00a0pronuncia \u00a0la \u00a0Sala sobre la solicitud de [&hellip;]<\/p>\n","protected":false},"author":1,"featured_media":0,"comment_status":"open","ping_status":"open","sticky":false,"template":"","format":"standard","meta":{"footnotes":""},"categories":[11],"tags":[],"class_list":["post-6566","post","type-post","status-publish","format-standard","hentry","category-11"],"_links":{"self":[{"href":"https:\/\/dmsjuridica.com\/buscador_20179478954\/salapenalcronologico20230723\/wp-json\/wp\/v2\/posts\/6566","targetHints":{"allow":["GET"]}}],"collection":[{"href":"https:\/\/dmsjuridica.com\/buscador_20179478954\/salapenalcronologico20230723\/wp-json\/wp\/v2\/posts"}],"about":[{"href":"https:\/\/dmsjuridica.com\/buscador_20179478954\/salapenalcronologico20230723\/wp-json\/wp\/v2\/types\/post"}],"author":[{"embeddable":true,"href":"https:\/\/dmsjuridica.com\/buscador_20179478954\/salapenalcronologico20230723\/wp-json\/wp\/v2\/users\/1"}],"replies":[{"embeddable":true,"href":"https:\/\/dmsjuridica.com\/buscador_20179478954\/salapenalcronologico20230723\/wp-json\/wp\/v2\/comments?post=6566"}],"version-history":[{"count":0,"href":"https:\/\/dmsjuridica.com\/buscador_20179478954\/salapenalcronologico20230723\/wp-json\/wp\/v2\/posts\/6566\/revisions"}],"wp:attachment":[{"href":"https:\/\/dmsjuridica.com\/buscador_20179478954\/salapenalcronologico20230723\/wp-json\/wp\/v2\/media?parent=6566"}],"wp:term":[{"taxonomy":"category","embeddable":true,"href":"https:\/\/dmsjuridica.com\/buscador_20179478954\/salapenalcronologico20230723\/wp-json\/wp\/v2\/categories?post=6566"},{"taxonomy":"post_tag","embeddable":true,"href":"https:\/\/dmsjuridica.com\/buscador_20179478954\/salapenalcronologico20230723\/wp-json\/wp\/v2\/tags?post=6566"}],"curies":[{"name":"wp","href":"https:\/\/api.w.org\/{rel}","templated":true}]}}