{"id":630,"date":"2023-09-07T20:27:34","date_gmt":"2023-09-07T20:27:34","guid":{"rendered":"https:\/\/dmsjuridica.com\/buscador_20179478954\/salapenalcronologico20230723\/2023\/09\/07\/9948-26-11-96\/"},"modified":"2023-09-07T20:27:34","modified_gmt":"2023-09-07T20:27:34","slug":"9948-26-11-96","status":"publish","type":"post","link":"https:\/\/dmsjuridica.com\/buscador_20179478954\/salapenalcronologico20230723\/2023\/09\/07\/9948-26-11-96\/","title":{"rendered":"9948 (26-11-96)"},"content":{"rendered":"\n<p>\u00a0 \u00a0 REDENCION \u00a0 DE \u00a0 PENA \u00a0 POR \u00a0 TRABAJO \u00a0 O \u00a0ESTUDIO \u00a0\u00a0<\/p>\n<p>PROCESO \u00a0 \u00a0 \u00a0\u00a0 \u00a0\u00a0 \u00a0 \u00a0 \u00a0 \u00a0 \u00a0\u00a0 \u00a0 \u00a0 \u00a0 \u00a0 \u00a0 \u00a0\u00a0 \u00a0: 9948 \u00a0\u00a0<\/p>\n<p>\u00a0 \u00a0\u00a0 \u00a0\u00a0 \u00a0\u00a0CORTE SUPREMA DE JUSTICIA \u00a0\u00a0<\/p>\n<p>\u00a0 \u00a0\u00a0 \u00a0\u00a0 \u00a0\u00a0SALA DE CASACION PENAL \u00a0\u00a0<\/p>\n<p>\u00a0 \u00a0\u00a0 \u00a0\u00a0 \u00a0\u00a0Magistrado Ponente: \u00a0\u00a0<\/p>\n<p>\u00a0 \u00a0\u00a0 \u00a0\u00a0 \u00a0\u00a0Dr. CARLOS AUGUSTO GALVEZ ARGOTE \u00a0\u00a0<\/p>\n<p>\u00a0 \u00a0\u00a0 \u00a0\u00a0 \u00a0\u00a0Aprobado Acta No. 167 \u00a0\u00a0<\/p>\n<p>\u00a0\u00a0\u00a0\u00a0 Santaf\u00e9 de Bogot\u00e1 \u00a0D.C., noviembre veintiseis de mil novecientos noventa y seis. \u00a0\u00a0<\/p>\n<p>\u00a0 \u00a0\u00a0 \u00a0\u00a0 \u00a0VISTOS: \u00a0\u00a0<\/p>\n<p>\u00a0\u00a0\u00a0\u00a0 \u00a0Decide la Corte el \u00a0recurso \u00a0de \u00a0reposici\u00f3n \u00a0interpuesto por el procesado REYNALDO MANCHOLA GAITAN, \u00a0contra \u00a0el \u00a0auto \u00a0del \u00a0pasado \u00a028 \u00a0de \u00a0octubre por medio del cual se le neg\u00f3 la \u00a0libertad provisional. \u00a0\u00a0<\/p>\n<p>\u00a0 \u00a0\u00a0 \u00a0\u00a0 \u00a0EL RECURSO: \u00a0\u00a0<\/p>\n<p>\u00a0\u00a0\u00a0\u00a0 \u00a0 En \u00a0el \u00a0escrito \u00a0impugnatorio \u00a0solicita \u00a0el recurrente que se le computen y tengan en cuenta para \u00a0efectos \u00a0de \u00a0la \u00a0redenci\u00f3n de pena, los d\u00edas laborados en domingos y festivos, \u00a0anexando \u00a0para \u00a0tal \u00a0efecto \u00a0una \u00a0certificaci\u00f3n \u00a0expedida por el Director de la \u00a0c\u00e1rcel \u00a0del \u00a0Guamo en donde se manifiesta que a partir del 22 de abril de 1996, \u00a0aparte \u00a0de \u00a0sus \u00a0labores \u00a0como \u00a0ordenanza, \u00a0fue autorizado para que en la puerta \u00a0principal \u00a0del \u00a0centro \u00a0del \u00a0reclusi\u00f3n \u00a0exhiba \u00a0las \u00a0artesan\u00edas \u00a0de los dem\u00e1s \u00a0internos. Igualmente anexa nuevas certificaciones de trabajo. \u00a0\u00a0<\/p>\n<p>\u00a0 \u00a0\u00a0 \u00a0\u00a0 \u00a0CONSIDERACIONES: \u00a0\u00a0<\/p>\n<p>\u00a0\u00a0\u00a0\u00a0 \u00a0Debe \u00a0advertir \u00a0la \u00a0Sala \u00a0en \u00a0primer \u00a0t\u00e9rmino \u00a0que \u00a0aunque el procesado MANCHOLA GAITAN, pretende a \u00a0posteriori \u00a0acreditar \u00a0la \u00a0autorizaci\u00f3n \u00a0para \u00a0laborar \u00a0los \u00a0d\u00edas \u00a0domingos \u00a0y \u00a0festivos \u00a0a \u00a0fin \u00a0de \u00a0que le sean computados a efectos de la redenci\u00f3n de pena, \u00a0debe tenerse en cuenta lo siguiente: \u00a0\u00a0<\/p>\n<p>\u00a0\u00a0\u00a0\u00a0 \u00a01o. De conformidad \u00a0con \u00a0lo dispuesto en el art\u00edculo 100 de la Ley 65 de 1993, &#8220;El trabajo, estudio \u00a0o \u00a0la \u00a0ense\u00f1anza \u00a0no se llevar\u00e1 a cabo los d\u00edas domingos y festivos. En casos \u00a0especiales, \u00a0debidamente \u00a0autorizados por el director \u00a0del \u00a0establecimiento con la debida justificaci\u00f3n, las \u00a0horas \u00a0trabajadas, \u00a0estudiadas o ense\u00f1adas, durante tales d\u00edas, se computar\u00e1n \u00a0como \u00a0ordinarias. \u00a0Los d\u00edas domingos y festivos en que no haya habido actividad \u00a0de \u00a0estudio, \u00a0trabajo \u00a0o ense\u00f1anza, no se tendr\u00e1n en cuenta para la redenci\u00f3n \u00a0de la pena.&#8221;. \u00a0\u00a0<\/p>\n<p>\u00a0\u00a0\u00a0\u00a0 \u00a0Asimismo, \u00a0todo lo \u00a0relacionado \u00a0con \u00a0las \u00a0actividades \u00a0para la redenci\u00f3n de pena, por disposici\u00f3n \u00a0legal \u00a0deben \u00a0ser \u00a0reglamentadas \u00a0por \u00a0el \u00a0Instituto \u00a0Nacional \u00a0Penitenciario \u00a0y \u00a0Carcelario, \u00a0 \u00a0 siendo \u00a0 \u00a0 \u00e9stos \u00a0 \u00a0los \u00a0 \u00a0\u00fanicos \u00a0v\u00e1lidos \u00a0para \u00a0tales \u00a0efectos, de conformidad con lo \u00a0dispuesto en el art\u00edculo 80 de C\u00f3digo Penitenciario y Carcelario. \u00a0\u00a0<\/p>\n<p>\u00a0\u00a0\u00a0\u00a0 \u00a0 Por \u00a0 ello, \u00a0la \u00a0Direcci\u00f3n \u00a0 del \u00a0 Instituto \u00a0 Nacional \u00a0Penitenciario \u00a0y \u00a0Carcelario, \u00a0mediante \u00a0resoluciones \u00a0No. \u00a03272 \u00a0de 1995, 6541 y acuerdo 11 del mismo a\u00f1o, se\u00f1ala qu\u00e9 \u00a0actividades \u00a0 pueden \u00a0desarrollarse \u00a0con \u00a0fines \u00a0de \u00a0redenci\u00f3n \u00a0de \u00a0pena \u00a0y \u00a0el \u00a0procedimiento \u00a0al \u00a0que \u00a0deben sujetarse los directores de los diferentes centros \u00a0de \u00a0reclusi\u00f3n, \u00a0pues \u00a0de \u00a0no \u00a0cumplirse con los requisitos all\u00ed previstos, las \u00a0actividades \u00a0certificadas \u00a0con \u00a0tales \u00a0prop\u00f3sitos \u00a0no podr\u00e1n tenerse en cuenta \u00a0para dicho fin. \u00a0\u00a0<\/p>\n<p>\u00a0\u00a0\u00a0\u00a0 \u00a02o. \u00a0En efecto, el \u00a0art\u00edculo \u00a024 \u00a0de la resoluci\u00f3n No. 3272 de 1995, al regular la realizaci\u00f3n de \u00a0actividades en d\u00edas domingos y festivos, dispone lo siguiente: \u00a0\u00a0<\/p>\n<p>\u00a0 \u00a0\u00a0 \u00a0\u00a0 \u00a0&#8220;No \u00a0 es \u00a0 procedente \u00a0 la \u00a0programaci\u00f3n \u00a0ni \u00a0la \u00a0realizaci\u00f3n \u00a0de \u00a0actividades \u00a0de \u00a0trabajo, \u00a0estudio \u00a0o \u00a0ense\u00f1anza \u00a0durante \u00a0los d\u00edas domingos y \u00a0festivos, \u00a0 salvo \u00a0en \u00a0los \u00a0casos \u00a0de \u00a0excepci\u00f3n \u00a0que \u00a0se \u00a0contemplan \u00a0en \u00a0este \u00a0art\u00edculo. \u00a0\u00a0<\/p>\n<p>\u00a0 \u00a0\u00a0 \u00a0\u00a0 \u00a0Excepcionalmente, \u00a0conforme \u00a0al art\u00edculo 100 de la ley 65 de 1993, \u00a0con \u00a0la \u00a0autorizaci\u00f3n del director del establecimiento impartida para cada caso \u00a0particular \u00a0y con la debida justificaci\u00f3n que deber\u00e1 \u00a0quedar \u00a0 en \u00a0los \u00a0registros \u00a0correspondientes, \u00a0ser\u00e1 \u00a0procedente \u00a0 la \u00a0realizaci\u00f3n \u00a0de \u00a0las \u00a0actividades \u00a0mencionadas \u00a0en \u00a0el \u00a0inciso \u00a0precedente. \u00a0\u00a0<\/p>\n<p>\u00a0 \u00a0\u00a0 \u00a0\u00a0 \u00a0Dicha \u00a0autorizaci\u00f3n \u00a0solamente \u00a0se podr\u00e1 impartir en los casos en \u00a0que \u00a0la \u00a0necesidad \u00a0determine \u00a0la \u00a0imposibilidad \u00a0de \u00a0posponerla \u00a0para \u00a0un \u00a0d\u00eda \u00a0ordinario. \u00a0Si se trata de actividades cuya ejecuci\u00f3n puede perturbar de manera \u00a0significativa \u00a0el \u00a0norma \u00a0funcionamiento \u00a0del \u00a0establecimiento \u00a0las mismas deben \u00a0identificarse \u00a0en \u00a0el \u00a0entendido \u00a0que \u00a0se \u00a0procura reducirlas al m\u00ednimo posible \u00a0durante los mencionados d\u00edas. \u00a0\u00a0<\/p>\n<p>\u00a0 \u00a0\u00a0 \u00a0\u00a0 \u00a0El \u00a0 director \u00a0 del \u00a0 establecimiento \u00a0proceder\u00e1 \u00a0a \u00a0formular \u00a0una \u00a0planeaci\u00f3n \u00a0semestral \u00a0de \u00a0actividades \u00a0a \u00a0cumplirse \u00a0en \u00a0los \u00a0d\u00edas domingos y \u00a0festivos \u00a0y \u00a0la \u00a0remitir\u00e1 \u00a0a \u00a0la \u00a0subdirecci\u00f3n de tratamiento y desarrollo del \u00a0INPEC, \u00a0la \u00a0cual \u00a0dispondr\u00e1 \u00a0las \u00a0reducciones \u00a0que \u00a0se \u00a0juzguen \u00a0pertinentes \u00a0e \u00a0informar\u00e1 \u00a0de \u00a0ser \u00a0necesario, al director del INPEC, en el caso de que no haya \u00a0procedido conforme a lo establecido en este art\u00edculo. \u00a0\u00a0<\/p>\n<p>\u00a0 \u00a0\u00a0 \u00a0\u00a0 \u00a0La \u00a0programaci\u00f3n de actividades no programadas durante los d\u00edas y \u00a0festivos \u00a0solo \u00a0ser\u00e1 procedente en circunstancias de \u00a0caso \u00a0fortuito \u00a0o \u00a0fuerza \u00a0mayor, \u00a0en \u00a0este evento el \u00a0director \u00a0del \u00a0establecimiento \u00a0deber\u00e1 \u00a0rendir \u00a0informe escrito al director del \u00a0INPEC, \u00a0en \u00a0el \u00a0cual \u00a0se \u00a0explique \u00a0lo \u00a0sucedido \u00a0dentro los tres d\u00edas h\u00e1biles \u00a0siguientes a la ocurrencia del hecho. \u00a0\u00a0<\/p>\n<p>\u00a0 \u00a0\u00a0 \u00a0\u00a0 \u00a0Las \u00a0actividades \u00a0que \u00a0se \u00a0realicen contrariando lo dispuesto en el \u00a0presente \u00a0 \u00a0art\u00edculo \u00a0 no \u00a0 ser\u00e1n \u00a0 consideradas \u00a0 para \u00a0 la \u00a0 redenci\u00f3n \u00a0 de \u00a0pena&#8221;.(negrillas fuera del original). \u00a0\u00a0<\/p>\n<p>\u00a0\u00a0\u00a0\u00a0 \u00a03o. \u00a0En \u00a0el \u00a0caso \u00a0concreto, \u00a0no resulta suficiente para la Sala la escueta certificaci\u00f3n expedida \u00a0por \u00a0el \u00a0director \u00a0de \u00a0la \u00a0c\u00e1rcel \u00a0del \u00a0Guamo, \u00a0pues \u00a0aparte \u00a0de sof\u00edstica, no \u00a0especifica \u00a0si \u00a0la \u00a0actividad \u00a0autorizada al interno MANCHOLA GAITAN durante los \u00a0d\u00edas \u00a0 domingos \u00a0y \u00a0festivos \u00a0hace \u00a0parte \u00a0de \u00a0la \u00a0programaci\u00f3n \u00a0semestral \u00a0de \u00a0actividades \u00a0de \u00a0la penitenciar\u00eda, ni si \u00e9sta fue autorizada por la direcci\u00f3n \u00a0del \u00a0INPEC, \u00a0ni \u00a0mucho \u00a0menos \u00a0expone razonablemente cu\u00e1les son los motivos que \u00a0ameritan \u00a0 que \u00a0la \u00a0venta \u00a0de \u00a0las \u00a0artesan\u00edas \u00a0no \u00a0pueda \u00a0cumplirse \u00a0en \u00a0d\u00edas \u00a0ordinarios, \u00a0raz\u00f3n \u00a0por \u00a0la \u00a0cual \u00a0en \u00a0ese \u00a0sentido \u00a0no \u00a0se \u00a0repondr\u00e1 \u00a0el auto \u00a0impugnado. \u00a0\u00a0<\/p>\n<p>\u00a0\u00a0\u00a0\u00a0 \u00a04o. \u00a0Siendo \u00a0ello \u00a0as\u00ed, \u00a0no \u00a0se \u00a0le \u00a0computar\u00e1n \u00a0los \u00a0d\u00edas \u00a0domingos y festivos en los c\u00f3mputos \u00a0correspondientes \u00a0a \u00a0la \u00a0redenci\u00f3n \u00a0de \u00a0pena \u00a0por \u00a0trabajo, \u00a0debiendo por tanto \u00a0permanecer \u00a0inc\u00f3lumes \u00a0los \u00a0realizados \u00a0en \u00a0la \u00a0decisi\u00f3n \u00a0impugnada, y solo se \u00a0adicionar\u00e1 \u00a0el \u00a0tiempo \u00a0transcurrido \u00a0a la fecha y las horas laboradas en d\u00edas \u00a0ordinarios en las nuevas certificaciones de trabajo. \u00a0\u00a0<\/p>\n<p>\u00a0\u00a0\u00a0\u00a0 5o. Por lo anterior, \u00a0se \u00a0tiene \u00a0que por encontrarse MANCHOLA GAITAN privado de la libertad desde el 3 \u00a0de \u00a0octubre \u00a0de 1994, ha descontado por este motivo 25 meses y 23 d\u00edas; por los \u00a0meses \u00a0de \u00a0octubre \u00a0y \u00a0noviembre acredita 264 horas m\u00e1s, que sumadas a las 1900 \u00a0horas \u00a0anteriores le representan un descuento adicional de 135 d\u00edas, los cuales \u00a0sumados \u00a0al guarismo anterior y a los 72 d\u00edas de descuento por estudio, arrojan \u00a0un \u00a0total 32 meses y 10 d\u00edas, ahora si, tiempo superior a las 2 terceras partes \u00a0de la pena impuesta en los fallos de instancia. \u00a0\u00a0<\/p>\n<p>\u00a0\u00a0\u00a0\u00a0 \u00a0 6o. \u00a0 En \u00a0estas \u00a0condiciones, \u00a0 impera \u00a0 entonces \u00a0adentrarse \u00a0en \u00a0la \u00a0labor \u00a0de \u00a0diagn\u00f3stico \u00a0y \u00a0pron\u00f3stico \u00a0a \u00a0efectos \u00a0de \u00a0evaluar \u00a0si \u00a0el \u00a0petente \u00a0puede \u00a0o \u00a0no recuperar la \u00a0libertad, \u00a0teniendo \u00a0en \u00a0cuenta si se re\u00fanen las dem\u00e1s exigencias de car\u00e1cter \u00a0subjetivo \u00a0 a \u00a0 que \u00a0se \u00a0refiere \u00a0el \u00a0art\u00edculo \u00a072 \u00a0del \u00a0C.P., \u00a0tales \u00a0como \u00a0su \u00a0personalidad, \u00a0su \u00a0comportamiento \u00a0al \u00a0interior \u00a0del \u00a0centro \u00a0carcelario \u00a0y \u00a0los \u00a0antecedentes de todo orden. \u00a0\u00a0<\/p>\n<p>\u00a0\u00a0\u00a0\u00a0 \u00a0En primer lugar se \u00a0tiene \u00a0que \u00a0su \u00a0conducta \u00a0ha \u00a0sido \u00a0calificada \u00a0en diversas oportunidades por el \u00a0consejo \u00a0de \u00a0disciplina, \u00a0como \u00a0ejemplar, y adem\u00e1s que durante el tiempo que ha \u00a0permanecido \u00a0en \u00a0privaci\u00f3n \u00a0de \u00a0la \u00a0libertad \u00a0se \u00a0ha \u00a0dedicado \u00a0al estudio y al \u00a0trabajo, \u00a0observ\u00e1ndose \u00a0adem\u00e1s \u00a0al interior del expediente que se trata de una \u00a0persona \u00a0que \u00a0carece \u00a0de \u00a0antecedentes \u00a0judiciales, \u00a0y que de conformidad con la \u00a0informaci\u00f3n \u00a0que \u00a0arroja \u00a0el \u00a0mismo, \u00a0antes \u00a0de \u00a0presentarse los hechos por los \u00a0cuales \u00a0fue \u00a0condenado \u00a0su \u00a0comportamiento \u00a0era \u00a0el \u00a0de una persona trabajadora, \u00a0debi\u00e9ndose \u00a0 entonces \u00a0 concluir \u00a0 que \u00a0 se \u00a0 hace \u00a0 merecedor \u00a0a \u00a0la \u00a0libertad \u00a0solicitada. \u00a0\u00a0<\/p>\n<p>\u00a0\u00a0\u00a0\u00a0 \u00a0En \u00a0consecuencia, \u00a0MANCHOLA \u00a0GAITAN deber\u00e1 consignar a t\u00edtulo de cauci\u00f3n la suma de dos salarios \u00a0m\u00ednimos \u00a0a \u00a0\u00f3rdenes \u00a0del \u00a0Juez \u00a0de \u00a0primera instancia, esto es, el Juzgado 7o. \u00a0Penal \u00a0del \u00a0Circuito \u00a0de \u00a0Ibagu\u00e9. \u00a0Para \u00a0el \u00a0cumplimiento \u00a0de esta decisi\u00f3n se \u00a0comisiona al Juez Primero Penal del Circuito del Guamo (Tolima). \u00a0\u00a0<\/p>\n<p>\u00a0\u00a0\u00a0\u00a0 \u00a0En \u00a0m\u00e9rito \u00a0de lo \u00a0expuesto, la CORTE SUPREMA DE JUSTICIA, SALA DE CASACION PENAL, \u00a0\u00a0<\/p>\n<p>\u00a0 \u00a0\u00a0 \u00a0\u00a0 \u00a0RESUELVE: \u00a0\u00a0<\/p>\n<p>\u00a0\u00a0\u00a0\u00a0 \u00a01o. \u00a0No \u00a0reponer \u00a0el \u00a0auto \u00a0impugnado \u00a0en \u00a0el \u00a0sentido \u00a0de no reconocer al peticionario las horas laboradas en d\u00edas domingos y \u00a0festivos, de conformidad con lo expuesto en la parte motiva.\u00a0 \u00a0\u00a0<\/p>\n<p>\u00a0\u00a0\u00a0\u00a0 \u00a02o. \u00a0Conceder \u00a0 la \u00a0libertad \u00a0provisional \u00a0a \u00a0REYNALDO MANCHOLA GAITAN. \u00a0\u00a0<\/p>\n<p>\u00a0\u00a0\u00a0\u00a0 \u00a03o. \u00a0Imponer \u00a0como \u00a0cauci\u00f3n \u00a0la \u00a0suma \u00a0de \u00a0dos \u00a0salarios \u00a0m\u00ednimos \u00a0mensuales \u00a0vigentes que deber\u00e1 \u00a0consignar \u00a0 \u00a0a \u00a0 \u00a0\u00f3rdenes \u00a0 del \u00a0 Juez \u00a0 S\u00e9ptimo \u00a0 Penal \u00a0 del \u00a0 Circuito \u00a0 de \u00a0Ibagu\u00e9. \u00a0\u00a0<\/p>\n<p>\u00a0\u00a0\u00a0\u00a0 \u00a04o. Suscr\u00edbase la \u00a0correspondiente \u00a0diligencia \u00a0de \u00a0compromiso \u00a0en \u00a0los \u00a0t\u00e9rminos \u00a0previstos en el \u00a0art\u00edculo \u00a069 \u00a0del \u00a0C.P. \u00a0ante \u00a0el \u00a0Juez \u00a0Primero \u00a0Penal \u00a0del Circuito del Guamo \u00a0(tol.). \u00a0\u00a0<\/p>\n<p>\u00a0\u00a0\u00a0\u00a0 5o. Comisi\u00f3nese al \u00a0Juzgado \u00a0primero \u00a0Penal \u00a0del \u00a0Circuito \u00a0del \u00a0Guamo, para el cumplimiento de esta \u00a0decisi\u00f3n. \u00a0\u00a0<\/p>\n<p>\u00a0\u00a0\u00a0\u00a0 \u00a06o. \u00a0Efectuado lo \u00a0anterior, \u00a0l\u00edbrese \u00a0la correspondiente boleta de libertad, previa verificaci\u00f3n \u00a0de \u00a0 que \u00a0 el \u00a0 beneficiado \u00a0no \u00a0sea \u00a0requerido \u00a0por \u00a0otra \u00a0autoridad \u00a0judicial. \u00a0\u00a0<\/p>\n<p>\u00a0\u00a0\u00a0\u00a0 \u00a0<\/p>\n<p>\u00a0\u00a0\u00a0\u00a0 \u00a0<\/p>\n<p>\u00a0 \u00a0\u00a0 \u00a0 \u00a0Notif\u00edquese y c\u00famplase \u00a0\u00a0<\/p>\n<p>\u00a0 \u00a0\u00a0 \u00a0 \u00a0FERNANDO ARBOLEDA RIPOLL \u00a0\u00a0<\/p>\n<p>RICARDO \u00a0CALVETE \u00a0RANGEL\u00a0\u00a0 \u00a0JORGE \u00a0ENRIQUE CORDOBA POVEDA \u00a0\u00a0<\/p>\n<p>CARLOS \u00a0AUGUSTO \u00a0GALVEZ \u00a0ARGOTE\u00a0 JORGE \u00a0ANIBAL GOMEZ GALLEGO \u00a0\u00a0<\/p>\n<p>CARLOS \u00a0EDUARDO \u00a0MEJIA \u00a0ESCOBAR\u00a0\u00a0 \u00a0DIDIMO PAEZ VELANDIA \u00a0\u00a0<\/p>\n<p>NILSON \u00a0 \u00a0 \u00a0 \u00a0 \u00a0 PINILLA \u00a0PINILLA\u00a0\u00a0\u00a0\u00a0\u00a0\u00a0 \u00a0 \u00a0 \u00a0 JUAN \u00a0 \u00a0 \u00a0 MANUEL \u00a0 \u00a0 \u00a0 TORRES \u00a0FRESNEDA \u00a0\u00a0<\/p>\n<p>\u00a0 \u00a0\u00a0 \u00a0 \u00a0PATRICIA SALAZAR CUELLAR \u00a0\u00a0<\/p>\n<p>\u00a0 \u00a0\u00a0 \u00a0 \u00a0Secretaria\u00a0\u00a0\u00a0\u00a0\u00a0\u00a0\u00a0\u00a0\u00a0 \u00a0\u00a0<\/p>\n<p>\u00a0 \u00a0 \u00a0<\/p>\n<p><\/p>\n","protected":false},"excerpt":{"rendered":"<p>\u00a0 \u00a0 REDENCION \u00a0 DE \u00a0 PENA \u00a0 POR \u00a0 TRABAJO \u00a0 O \u00a0ESTUDIO \u00a0\u00a0 PROCESO \u00a0 \u00a0 \u00a0\u00a0 \u00a0\u00a0 \u00a0 \u00a0 \u00a0 \u00a0 \u00a0\u00a0 \u00a0 \u00a0 \u00a0 \u00a0 \u00a0 \u00a0\u00a0 \u00a0: 9948 \u00a0\u00a0 \u00a0 \u00a0\u00a0 \u00a0\u00a0 \u00a0\u00a0CORTE SUPREMA DE JUSTICIA \u00a0\u00a0 \u00a0 \u00a0\u00a0 \u00a0\u00a0 \u00a0\u00a0SALA DE CASACION PENAL \u00a0\u00a0 \u00a0 \u00a0\u00a0 \u00a0\u00a0 \u00a0\u00a0Magistrado Ponente: [&hellip;]<\/p>\n","protected":false},"author":1,"featured_media":0,"comment_status":"open","ping_status":"open","sticky":false,"template":"","format":"standard","meta":{"footnotes":""},"categories":[4],"tags":[],"class_list":["post-630","post","type-post","status-publish","format-standard","hentry","category-4"],"_links":{"self":[{"href":"https:\/\/dmsjuridica.com\/buscador_20179478954\/salapenalcronologico20230723\/wp-json\/wp\/v2\/posts\/630","targetHints":{"allow":["GET"]}}],"collection":[{"href":"https:\/\/dmsjuridica.com\/buscador_20179478954\/salapenalcronologico20230723\/wp-json\/wp\/v2\/posts"}],"about":[{"href":"https:\/\/dmsjuridica.com\/buscador_20179478954\/salapenalcronologico20230723\/wp-json\/wp\/v2\/types\/post"}],"author":[{"embeddable":true,"href":"https:\/\/dmsjuridica.com\/buscador_20179478954\/salapenalcronologico20230723\/wp-json\/wp\/v2\/users\/1"}],"replies":[{"embeddable":true,"href":"https:\/\/dmsjuridica.com\/buscador_20179478954\/salapenalcronologico20230723\/wp-json\/wp\/v2\/comments?post=630"}],"version-history":[{"count":0,"href":"https:\/\/dmsjuridica.com\/buscador_20179478954\/salapenalcronologico20230723\/wp-json\/wp\/v2\/posts\/630\/revisions"}],"wp:attachment":[{"href":"https:\/\/dmsjuridica.com\/buscador_20179478954\/salapenalcronologico20230723\/wp-json\/wp\/v2\/media?parent=630"}],"wp:term":[{"taxonomy":"category","embeddable":true,"href":"https:\/\/dmsjuridica.com\/buscador_20179478954\/salapenalcronologico20230723\/wp-json\/wp\/v2\/categories?post=630"},{"taxonomy":"post_tag","embeddable":true,"href":"https:\/\/dmsjuridica.com\/buscador_20179478954\/salapenalcronologico20230723\/wp-json\/wp\/v2\/tags?post=630"}],"curies":[{"name":"wp","href":"https:\/\/api.w.org\/{rel}","templated":true}]}}