{"id":6252,"date":"2023-09-08T16:24:17","date_gmt":"2023-09-08T16:24:17","guid":{"rendered":"https:\/\/dmsjuridica.com\/buscador_20179478954\/salapenalcronologico20230723\/2023\/09\/08\/1836102-07-02\/"},"modified":"2023-09-08T16:24:17","modified_gmt":"2023-09-08T16:24:17","slug":"1836102-07-02","status":"publish","type":"post","link":"https:\/\/dmsjuridica.com\/buscador_20179478954\/salapenalcronologico20230723\/2023\/09\/08\/1836102-07-02\/","title":{"rendered":"18361(02-07-02)"},"content":{"rendered":"\n<p>\u00a0 \u00a0 Proceso No 18361 \u00a0<\/p>\n<p>CORTE SUPREMA DE JUSTICIA \u00a0<\/p>\n<p>SALA DE CASACI\u00d3N PENAL \u00a0<\/p>\n<p>\u00a0\u00a0\u00a0\u00a0\u00a0\u00a0\u00a0\u00a0\u00a0\u00a0\u00a0\u00a0\u00a0\u00a0\u00a0\u00a0\u00a0\u00a0\u00a0\u00a0\u00a0\u00a0\u00a0\u00a0\u00a0\u00a0\u00a0\u00a0\u00a0\u00a0\u00a0\u00a0\u00a0\u00a0\u00a0\u00a0\u00a0\u00a0\u00a0 \u00a0Magistrado Ponente \u00a0\u00a0<\/p>\n<p>\u00a0\u00a0\u00a0\u00a0\u00a0\u00a0\u00a0\u00a0\u00a0\u00a0\u00a0\u00a0\u00a0\u00a0\u00a0\u00a0\u00a0\u00a0\u00a0\u00a0\u00a0\u00a0\u00a0\u00a0\u00a0\u00a0\u00a0\u00a0\u00a0\u00a0\u00a0\u00a0\u00a0\u00a0\u00a0\u00a0\u00a0\u00a0\u00a0 \u00a0Dr. CARLOS AUGUSTO G\u00c1LVEZ ARGOTE \u00a0\u00a0<\/p>\n<p>\u00a0\u00a0\u00a0\u00a0\u00a0\u00a0\u00a0\u00a0\u00a0\u00a0\u00a0\u00a0\u00a0\u00a0\u00a0\u00a0\u00a0\u00a0\u00a0\u00a0\u00a0\u00a0\u00a0\u00a0\u00a0\u00a0\u00a0\u00a0\u00a0\u00a0\u00a0\u00a0\u00a0\u00a0\u00a0\u00a0\u00a0\u00a0\u00a0 \u00a0Aprobado Acta No. 62 (13\/06\/02) \u00a0\u00a0<\/p>\n<p>Bogot\u00e1, D.C., dos (2) de julio de dos mil dos \u00a0(2.002). \u00a0\u00a0<\/p>\n<p>VISTOS: \u00a0<\/p>\n<p>Procede \u00a0la \u00a0Sala \u00a0a \u00a0pronunciarse \u00a0sobre \u00a0la \u00a0admisibilidad \u00a0de la demanda de casaci\u00f3n discrecional propuesta por el defensor \u00a0del \u00a0procesado \u00a0HERNANDO \u00a0CALDER\u00d3N \u00a0NI\u00d1O, \u00a0contra \u00a0el \u00a0fallo \u00a0proferido por el \u00a0Tribunal \u00a0Superior \u00a0de \u00a0Yopal \u00a0el \u00a018 \u00a0de \u00a0diciembre \u00a0de 2.000, mediante el cual \u00a0confirm\u00f3 \u00a0la \u00a0decisi\u00f3n \u00a0de \u00a0primer \u00a0grado \u00a0que \u00a0lo \u00a0conden\u00f3 \u00a0por el delito de \u00a0peculado \u00a0en \u00a0la modalidad de uso a la pena principal de un (1) a\u00f1o de prisi\u00f3n \u00a0e \u00a0 interdicci\u00f3n \u00a0 de \u00a0 derechos \u00a0 y \u00a0 funciones \u00a0 p\u00fablicas \u00a0 por \u00a0 el \u00a0 mismo \u00a0lapso. \u00a0\u00a0<\/p>\n<p>ANTECEDENTES Y CONSIDERACIONES: \u00a0<\/p>\n<p>1. \u00a0El \u00a08 \u00a0de \u00a0julio \u00a0de 1.995, el secretario \u00a0com\u00fan \u00a0de las Fiscal\u00edas Seccionales de Monterrey (Casanare) HERNANDO CALDER\u00d3N \u00a0NI\u00d1O, \u00a0como \u00a0ya \u00a0lo \u00a0hab\u00eda \u00a0hecho \u00a0en \u00a0otras \u00a0oportunidades, \u00a0aprovechando \u00a0su \u00a0investidura, \u00a0acudi\u00f3 \u00a0a \u00a0las \u00a0instalaciones del DAS, logrando sacar sin ninguna \u00a0autorizaci\u00f3n \u00a0legal el veh\u00edculo Chevrolet Monza de placas LMH 324 dejado\u00a0 \u00a0en \u00a0custodia \u00a0en \u00a0dicho \u00a0lugar \u00a0por \u00a0parte \u00a0del \u00a0Fiscal 16. Mientras el servidor \u00a0p\u00fablico \u00a0se \u00a0dedicaba a ingerir licor, dej\u00f3 el automotor en poder del menor de \u00a0edad \u00a0H\u00e9ctor \u00a0Daniel \u00a0Morales \u00a0Perilla, \u00a0quien \u00a0al \u00a0conducirlo, \u00a0atropell\u00f3 \u00a0al \u00a0ciudadano Jos\u00e9 Alberto Monta\u00f1o ocasion\u00e1ndole la muerte. \u00a0\u00a0<\/p>\n<p>2. \u00a0Por \u00a0el \u00a0delito \u00a0de \u00a0peculado \u00a0por uso se \u00a0adelant\u00f3 \u00a0investigaci\u00f3n penal en contra del funcionario judicial, que culmin\u00f3 \u00a0con \u00a0el \u00a0proferimiento de las sentencias de primera y segunda instancia conforme \u00a0se mencion\u00f3 en precedencia. \u00a0\u00a0<\/p>\n<p>El \u00a0fallo \u00a0del \u00a0Tribunal fue emitido el 18 de \u00a0diciembre \u00a0de 2.000, notific\u00e1ndose personalmente al Ministerio P\u00fablico y a los \u00a0dem\u00e1s \u00a0sujetos \u00a0procesales \u00a0mediante edicto del 15 de enero de 2.001, desfijado \u00a0el \u00a0d\u00eda \u00a017 \u00a0posterior. \u00a0A \u00a0partir \u00a0del 23 del mismo mes, inclusive, se dej\u00f3 a \u00a0disposici\u00f3n \u00a0del \u00a0defensor del imputado el expediente con miras a que dentro de \u00a0los \u00a030 d\u00edas presentara la demanda sustento de la impugnaci\u00f3n extraordinaria y \u00a0excepcional \u00a0 interpuesta, \u00a0 la \u00a0 cual \u00a0 fue \u00a0 aportada \u00a0 el \u00a0d\u00eda \u00a06 \u00a0de \u00a0marzo \u00a0siguiente. \u00a0\u00a0<\/p>\n<p>3. \u00a0Visto \u00a0el \u00a0tr\u00e1mite \u00a0hasta \u00a0dicho momento \u00a0cumplido, \u00a0resulta \u00a0para \u00a0la \u00a0Sala \u00a0absolutamente necesario recordar, como se ha \u00a0enfatizado \u00a0en \u00a0otras \u00a0oportunidades, \u00a0que \u00a0es \u00a0imperioso \u00a0deber \u00a0de los sujetos \u00a0procesales \u00a0interponer \u00a0y \u00a0sustentar \u00a0los recursos previstos en la Ley dentro de \u00a0las oportunidades que ellas determinan. \u00a0\u00a0<\/p>\n<p>4. \u00a0 As\u00ed, \u00a0 en \u00a0 particular \u00a0 referido \u00a0al \u00a0extraordinario \u00a0de \u00a0casaci\u00f3n, \u00a0dadas \u00a0las normas aplicables y aplicadas en este \u00a0caso \u00a0(art\u00edculo \u00a06\u00ba \u00a0de \u00a0la \u00a0Ley \u00a0553 \u00a0de \u00a02.000), correspond\u00eda al demandante \u00a0presentar \u00a0el \u00a0libelo \u00a0pertinente \u00a0dentro \u00a0de \u00a0los \u00a030 \u00a0d\u00edas \u00a0siguientes \u00a0a \u00a0la \u00a0ejecutoria \u00a0del fallo. Como acertadamente lo dispuso la secretar\u00eda del Tribunal \u00a0Superior \u00a0de \u00a0Yopal, el 23 de enero de 2.001 comenz\u00f3 a correr dicho lapso, cuya \u00a0fecha de vencimiento era el cinco (5) de marzo posterior. \u00a0\u00a0<\/p>\n<p>Sin \u00a0embargo, la constancia secretarial vista \u00a0al \u00a0folio \u00a028 \u00a0del Cdno. del Trib. se\u00f1al\u00f3 que el t\u00e9rmino venc\u00eda el d\u00eda seis \u00a0(6) \u00a0de \u00a0marzo, \u00a0siendo esta fecha en la que el defensor del procesado present\u00f3 \u00a0la demanda de casaci\u00f3n. \u00a0\u00a0<\/p>\n<p>5. \u00a0Ha \u00a0sido constante y reiterada la Sala en \u00a0se\u00f1alar \u00a0que es obligaci\u00f3n de cada sujeto dentro de la actuaci\u00f3n penal, estar \u00a0atento \u00a0a \u00a0los \u00a0t\u00e9rminos \u00a0procesales, \u00a0lo \u00a0que \u00a0implica llevar personalmente su \u00a0c\u00f3mputo \u00a0de \u00a0acuerdo \u00a0con \u00a0las \u00a0previsiones que se\u00f1ale la Ley, pues ella es la \u00a0\u00fanica \u00a0que \u00a0demarca \u00a0la \u00a0pertinencia y oportunidad en que pueden intervenir las \u00a0partes, \u00a0lo \u00a0que \u00a0consecuencialmente \u00a0conlleva a que los errores en que podr\u00edan \u00a0estar \u00a0incursos \u00a0los \u00a0funcionarios \u00a0judiciales \u00a0en \u00a0dicha contabilizaci\u00f3n, bien \u00a0respecto \u00a0de \u00a0su \u00a0inicio, \u00a0duraci\u00f3n \u00a0o \u00a0vencimiento, \u00a0en ning\u00fan caso evitan la \u00a0preclusi\u00f3n \u00a0y \u00a0eventual \u00a0decadencia \u00a0de \u00a0los \u00a0diversos recursos o mecanismos de \u00a0defensa. \u00a0\u00a0<\/p>\n<p>6. \u00a0En \u00a0el \u00a0caso \u00a0concreto, como queda visto, \u00a0erradamente \u00a0la \u00a0constancia \u00a0secretarial \u00a0se\u00f1al\u00f3 \u00a0como fecha de vencimiento el \u00a0d\u00eda \u00a0seis (6) de marzo, cuando el correcto c\u00f3mputo de los treinta (30) d\u00edas a \u00a0partir \u00a0del 23 de enero indicaba que realmente dicho lapso se extend\u00eda hasta el \u00a0cinco \u00a0(5) \u00a0de \u00a0marzo, \u00a0fecha esta \u00faltima hasta la cual resultaba legalmente en \u00a0tiempo la impetraci\u00f3n de la demanda de casaci\u00f3n. \u00a0\u00a0<\/p>\n<p>Siendo \u00a0ello \u00a0as\u00ed \u00a0y visto como queda que el \u00a0libelo \u00a0 sustento \u00a0 de \u00a0 la \u00a0 impugnaci\u00f3n \u00a0 extraordinaria \u00a0 lo \u00a0fue \u00a0en \u00a0forma \u00a0extempor\u00e1nea, \u00a0forzoso es para la Corte declarar su inadmisi\u00f3n, precisando que \u00a0contra la decisi\u00f3n a tomar procede el recurso de reposici\u00f3n. \u00a0\u00a0<\/p>\n<p>En m\u00e9rito de lo expuesto, la CORTE SUPREMA DE \u00a0JUSTICIA en Sala de Casaci\u00f3n Penal, \u00a0\u00a0<\/p>\n<p>RESUELVE: \u00a0<\/p>\n<p>INADMITIR la demanda de casaci\u00f3n presentada a \u00a0nombre de CARLOS HERNANDO CALDER\u00d3N NI\u00d1O. \u00a0\u00a0<\/p>\n<p>C\u00f3piese, \u00a0notif\u00edquese, \u00a0y \u00a0devu\u00e9lvase \u00a0el \u00a0expediente al Tribunal de origen. \u00a0\u00a0<\/p>\n<p>\u00c1LVARO ORLANDO P\u00c9REZ PINZ\u00d3N \u00a0<\/p>\n<p>FERNANDO \u00a0 \u00a0 \u00a0 \u00a0 \u00a0 ARBOLEDA \u00a0RIPOLL\u00a0\u00a0\u00a0\u00a0\u00a0\u00a0\u00a0\u00a0\u00a0 \u00a0 \u00a0JORGE \u00a0 \u00a0ENRIQUE \u00a0C\u00d3RDOBA POVEDA \u00a0\u00a0<\/p>\n<p>HERMAN \u00a0 \u00a0 \u00a0 \u00a0 \u00a0 \u00a0GAL\u00c1N \u00a0CASTELLANOS\u00a0\u00a0\u00a0\u00a0\u00a0\u00a0\u00a0 \u00a0 CARLOS \u00a0AUGUSTO \u00a0G\u00c1LVEZ \u00a0ARGOTE\u00a0\u00a0\u00a0\u00a0\u00a0\u00a0\u00a0\u00a0\u00a0\u00a0\u00a0\u00a0\u00a0\u00a0\u00a0\u00a0\u00a0 \u00a0\u00a0<\/p>\n<p>JORGE \u00a0 \u00a0 \u00a0 \u00a0AN\u00cdBAL \u00a0 \u00a0 \u00a0 G\u00d3MEZ \u00a0GALLEGO\u00a0\u00a0\u00a0\u00a0\u00a0\u00a0\u00a0\u00a0\u00a0\u00a0\u00a0\u00a0\u00a0\u00a0\u00a0\u00a0\u00a0 \u00a0EDGAR LOMBANA \u00a0TRUJILLO\u00a0\u00a0\u00a0\u00a0\u00a0\u00a0\u00a0\u00a0\u00a0\u00a0\u00a0\u00a0\u00a0\u00a0\u00a0\u00a0\u00a0\u00a0\u00a0\u00a0\u00a0\u00a0\u00a0\u00a0\u00a0\u00a0\u00a0 \u00a0\u00a0<\/p>\n<p>CARLOS \u00a0 \u00a0 \u00a0 EDUARDO \u00a0 \u00a0 \u00a0 MEJ\u00cdA \u00a0ESCOBAR\u00a0\u00a0\u00a0\u00a0\u00a0\u00a0\u00a0\u00a0\u00a0\u00a0\u00a0\u00a0\u00a0\u00a0\u00a0\u00a0\u00a0 \u00a0NILSON PINILLA \u00a0PINILLA\u00a0\u00a0\u00a0\u00a0\u00a0\u00a0\u00a0\u00a0\u00a0\u00a0\u00a0\u00a0\u00a0\u00a0\u00a0\u00a0\u00a0\u00a0\u00a0\u00a0\u00a0\u00a0\u00a0\u00a0\u00a0\u00a0\u00a0\u00a0\u00a0\u00a0\u00a0\u00a0\u00a0\u00a0\u00a0\u00a0\u00a0\u00a0\u00a0\u00a0 \u00a0\u00a0<\/p>\n<p>Teresa Ruiz N\u00fa\u00f1ez \u00a0<\/p>\n<p>Secretaria \u00a0<\/p>\n<p>\u00a0 \u00a0\u00a0<\/p>\n<p><\/p>\n","protected":false},"excerpt":{"rendered":"<p>\u00a0 \u00a0 Proceso No 18361 \u00a0 CORTE SUPREMA DE JUSTICIA \u00a0 SALA DE CASACI\u00d3N PENAL \u00a0 \u00a0\u00a0\u00a0\u00a0\u00a0\u00a0\u00a0\u00a0\u00a0\u00a0\u00a0\u00a0\u00a0\u00a0\u00a0\u00a0\u00a0\u00a0\u00a0\u00a0\u00a0\u00a0\u00a0\u00a0\u00a0\u00a0\u00a0\u00a0\u00a0\u00a0\u00a0\u00a0\u00a0\u00a0\u00a0\u00a0\u00a0\u00a0\u00a0 \u00a0Magistrado Ponente \u00a0\u00a0 \u00a0\u00a0\u00a0\u00a0\u00a0\u00a0\u00a0\u00a0\u00a0\u00a0\u00a0\u00a0\u00a0\u00a0\u00a0\u00a0\u00a0\u00a0\u00a0\u00a0\u00a0\u00a0\u00a0\u00a0\u00a0\u00a0\u00a0\u00a0\u00a0\u00a0\u00a0\u00a0\u00a0\u00a0\u00a0\u00a0\u00a0\u00a0\u00a0 \u00a0Dr. CARLOS AUGUSTO G\u00c1LVEZ ARGOTE \u00a0\u00a0 \u00a0\u00a0\u00a0\u00a0\u00a0\u00a0\u00a0\u00a0\u00a0\u00a0\u00a0\u00a0\u00a0\u00a0\u00a0\u00a0\u00a0\u00a0\u00a0\u00a0\u00a0\u00a0\u00a0\u00a0\u00a0\u00a0\u00a0\u00a0\u00a0\u00a0\u00a0\u00a0\u00a0\u00a0\u00a0\u00a0\u00a0\u00a0\u00a0 \u00a0Aprobado Acta No. 62 (13\/06\/02) \u00a0\u00a0 Bogot\u00e1, D.C., dos (2) de julio de dos mil dos \u00a0(2.002). \u00a0\u00a0 VISTOS: \u00a0 Procede \u00a0la \u00a0Sala \u00a0a \u00a0pronunciarse \u00a0sobre \u00a0la [&hellip;]<\/p>\n","protected":false},"author":1,"featured_media":0,"comment_status":"open","ping_status":"open","sticky":false,"template":"","format":"standard","meta":{"footnotes":""},"categories":[10],"tags":[],"class_list":["post-6252","post","type-post","status-publish","format-standard","hentry","category-10"],"_links":{"self":[{"href":"https:\/\/dmsjuridica.com\/buscador_20179478954\/salapenalcronologico20230723\/wp-json\/wp\/v2\/posts\/6252","targetHints":{"allow":["GET"]}}],"collection":[{"href":"https:\/\/dmsjuridica.com\/buscador_20179478954\/salapenalcronologico20230723\/wp-json\/wp\/v2\/posts"}],"about":[{"href":"https:\/\/dmsjuridica.com\/buscador_20179478954\/salapenalcronologico20230723\/wp-json\/wp\/v2\/types\/post"}],"author":[{"embeddable":true,"href":"https:\/\/dmsjuridica.com\/buscador_20179478954\/salapenalcronologico20230723\/wp-json\/wp\/v2\/users\/1"}],"replies":[{"embeddable":true,"href":"https:\/\/dmsjuridica.com\/buscador_20179478954\/salapenalcronologico20230723\/wp-json\/wp\/v2\/comments?post=6252"}],"version-history":[{"count":0,"href":"https:\/\/dmsjuridica.com\/buscador_20179478954\/salapenalcronologico20230723\/wp-json\/wp\/v2\/posts\/6252\/revisions"}],"wp:attachment":[{"href":"https:\/\/dmsjuridica.com\/buscador_20179478954\/salapenalcronologico20230723\/wp-json\/wp\/v2\/media?parent=6252"}],"wp:term":[{"taxonomy":"category","embeddable":true,"href":"https:\/\/dmsjuridica.com\/buscador_20179478954\/salapenalcronologico20230723\/wp-json\/wp\/v2\/categories?post=6252"},{"taxonomy":"post_tag","embeddable":true,"href":"https:\/\/dmsjuridica.com\/buscador_20179478954\/salapenalcronologico20230723\/wp-json\/wp\/v2\/tags?post=6252"}],"curies":[{"name":"wp","href":"https:\/\/api.w.org\/{rel}","templated":true}]}}