{"id":61671,"date":"2024-02-20T15:55:12","date_gmt":"2024-02-20T15:55:12","guid":{"rendered":"https:\/\/dmsjuridica.com\/buscador_20179478954\/salapenalcronologico20230723\/2024\/02\/20\/stp619-2022\/"},"modified":"2024-02-20T15:55:12","modified_gmt":"2024-02-20T15:55:12","slug":"stp619-2022","status":"publish","type":"post","link":"https:\/\/dmsjuridica.com\/buscador_20179478954\/salapenalcronologico20230723\/2024\/02\/20\/stp619-2022\/","title":{"rendered":"STP619-2022"},"content":{"rendered":"\n<p>\u00a0 \u00a0 \u00a0 \u00a0\u00a0<\/p>\n<p>JOS\u00c9 \u00a0FRANCISCO ACU\u00d1A VIZCAYA \u00a0<\/p>\n<p>Magistrado \u00a0Ponente \u00a0<\/p>\n<p>STP619-2022 \u00a0<\/p>\n<p>Radicaci\u00f3n \u00a0n.\u00b0 121106 \u00a0<\/p>\n<p>(Aprobaci\u00f3n \u00a0Acta No.11) \u00a0<\/p>\n<p>Bogot\u00e1 \u00a0D.C., veinticinco (25) de enero de dos mil veintid\u00f3s (2022) \u00a0<\/p>\n<p>VISTOS \u00a0<\/p>\n<p>ANTECEDENTES \u00a0<\/p>\n<p>Y \u00a0<\/p>\n<p>FUNDAMENTOS \u00a0DE LA ACCI\u00d3N \u00a0<\/p>\n<p>Fueron \u00a0recogidos en la decisi\u00f3n de primera instancia en los \u00a0siguientes t\u00e9rminos: \u00a0<\/p>\n<p>La \u00a0ciudadana Mar\u00eda Deicy Obando Mazuera, present\u00f3 acci\u00f3n \u00a0de tutela con el prop\u00f3sito de obtener el amparo de los \u00a0derechos fundamentales al debido proceso y al acceso a la \u00a0administraci\u00f3n de justicia, presuntamente vulnerados por la \u00a0autoridad convocada. \u00a0<\/p>\n<p>Para \u00a0el efecto, y en lo que interesa al presente tr\u00e1mite \u00a0constitucional, manifest\u00f3 que promovi\u00f3 demanda \u00a0ordinaria laboral en contra de Colpensiones, asunto que le \u00a0correspondi\u00f3 por reparto al Juzgado Segundo Laboral del \u00a0Circuito de Cali, y al cual se le asign\u00f3 el n\u00famero de \u00a0radicado 76001310500220140060700. \u00a0<\/p>\n<p>Relat\u00f3 \u00a0que, con posterioridad a la emisi\u00f3n de la sentencia de primer \u00a0grado de fecha 27 de enero de 2020, fue remitido el expediente a la \u00a0Sala Laboral del Tribunal Superior del Distrito Judicial de Cali, a \u00a0fin de que se surtieran los recursos de alzada interpuestos contra la \u00a0mentada providencia. \u00a0<\/p>\n<p>Reproch\u00f3 \u00a0la actora que, a la fecha, la autoridad censurada no ha proferido \u00a0sentencia; as\u00ed mismo, adujo que en raz\u00f3n a que tiene 74 \u00a0a\u00f1os y que tiene dos hijas y una nieta, las cuales dependen \u00a0econ\u00f3micamente de ella debido a sus situaciones particulares \u00a0de salud, ha elevado varias solicitudes ante el Tribunal a fin de \u00a0obtener el impulso del proceso, empero que la autoridad judicial \u00a0censurada en respuesta de fecha 30 de agosto de 2021, le indic\u00f3 \u00a0que deb\u00eda esperar el turno que le corresponde para la \u00a0resoluci\u00f3n del juicio en virtud de lo dispuesto en el art\u00edculo \u00a018 de la Ley 446 de 1998. \u00a0<\/p>\n<p>Conforme \u00a0lo anterior, requiri\u00f3 el resguardo de sus prerrogativas \u00a0constitucionales invocadas y como consecuencia de ello, se le ordene \u00a0a la Sala Laboral del Tribunal Superior del Distrito Judicial de Cali \u00a0resuelva de fondo el recurso de apelaci\u00f3n interpuesto en el \u00a0proceso de la referencia. \u00a0<\/p>\n<p>EL \u00a0FALLO IMPUGNADO \u00a0<\/p>\n<p>La \u00a0Sala de Casaci\u00f3n Laboral de esta Corporaci\u00f3n neg\u00f3 \u00a0el amparo invocado, al considerar que, no se encuentran los motivos \u00a0para concluir que el Tribunal accionado no ha \u00a0sido diligente en el tr\u00e1mite de segunda instancia que se surte \u00a0dentro del proceso ordinario laboral en controversia; y que por su \u00a0acci\u00f3n u omisi\u00f3n, se han vulnerado los derechos \u00a0fundamentales de la denunciante. \u00a0<\/p>\n<p>LA \u00a0IMPUGNACI\u00d3N \u00a0<\/p>\n<p>La se\u00f1ora \u00a0MAR\u00cdA \u00a0DEICY OBANDO MAZUERA \u00a0impugn\u00f3 el fallo proferido en primera instancia y solicit\u00f3 \u00a0que el mismo sea revocado en aras de proteger sus derechos \u00a0fundamentales, \u00a0teniendo en cuenta que, hasta tanto no se resuelva el recurso de \u00a0alzada, continuar\u00e1 la vulneraci\u00f3n de sus derechos \u00a0fundamentales. \u00a0<\/p>\n<p>Solicit\u00f3 \u00a0no reconocer la mora justificada dentro del proceso y ordenar el \u00a0amparo constitucional; por consiguiente, se le conceda al Tribunal \u00a0accionado un t\u00e9rmino perentorio para emitir la decisi\u00f3n \u00a0que en derecho corresponda. \u00a0<\/p>\n<p>CONSIDERACIONES \u00a0DE LA SALA \u00a0<\/p>\n<p>De \u00a0conformidad con lo previsto en el art\u00edculo 32 del Decreto 2591 \u00a0de 1991, esta Sala es competente para resolver el recurso de \u00a0impugnaci\u00f3n interpuesto por MAR\u00cdA \u00a0DEICY OBANDO MAZUERA, \u00a0contra \u00a0el fallo de tutela proferido el 6 de octubre de 2021 por la Sala de \u00a0Casaci\u00f3n Laboral de esta Corporaci\u00f3n, que neg\u00f3 \u00a0el amparo invocado contra la Sala Laboral del Tribunal Superior del \u00a0Distrito Judicial de Cali. \u00a0<\/p>\n<p>Requisitos \u00a0de procedibilidad de la acci\u00f3n de tutela contra providencias \u00a0judiciales \u00a0<\/p>\n<p>La \u00a0tutela es un mecanismo de protecci\u00f3n excepcional frente a \u00a0providencias judiciales, su prosperidad va ligada al cumplimiento de \u00a0estrictos requisitos \u00a0de \u00a0procedibilidad que implican una carga para el actor, tanto en su \u00a0planteamiento como en su demostraci\u00f3n, como lo ha expuesto la \u00a0propia Corte Constitucional1. \u00a0<\/p>\n<p>La \u00a0acci\u00f3n de tutela contra providencias judiciales, exige: \u00a0<\/p>\n<p>a. \u00a0Que la cuesti\u00f3n que se discuta resulte de evidente relevancia \u00a0constitucional. \u00a0<\/p>\n<p>b. \u00a0Que se hayan agotado todos los medios -ordinarios y extraordinarios- \u00a0de defensa judicial al alcance de la persona afectada, salvo que se \u00a0trate de evitar la consumaci\u00f3n de un perjuicio iusfundamental \u00a0irremediable. \u00a0<\/p>\n<p>d. \u00a0Cuando se trate de una irregularidad procesal, debe quedar claro que \u00a0la misma tiene un efecto decisivo o determinante en la sentencia que \u00a0se impugna y que ata\u00f1e a los derechos fundamentales del \u00a0accionante. \u00a0<\/p>\n<p>e. \u00a0Que la parte actora identifique de manera razonable tanto los hechos \u00a0que generaron la vulneraci\u00f3n como los derechos vulnerados y \u00a0que hubiere alegado tal vulneraci\u00f3n en el proceso judicial \u00a0siempre que esto hubiere sido posible.2 \u00a0<\/p>\n<p>f. \u00a0Que no se trate de sentencias de tutela. \u00a0<\/p>\n<p>Mientras \u00a0que, en punto de las exigencias espec\u00edficas, se han \u00a0establecido las que a continuaci\u00f3n se relacionan: \u00a0<\/p>\n<p>i) \u00a0Defecto org\u00e1nico, que se presenta cuando el funcionario \u00a0judicial que profiri\u00f3 la providencia impugnada carece \u00a0absolutamente de competencia para ello. \u00a0<\/p>\n<p>ii) \u00a0Defecto procedimental absoluto, que se origina cuando el juez actu\u00f3 \u00a0completamente al margen del procedimiento establecido. \u00a0<\/p>\n<p>iii) \u00a0Defecto f\u00e1ctico, el cual surge cuando el juez carece del apoyo \u00a0probatorio que permita la aplicaci\u00f3n del supuesto legal en el \u00a0que se sustenta la decisi\u00f3n. \u00a0<\/p>\n<p>iv) \u00a0Defecto material o sustantivo, como son los casos en que se decide \u00a0con base en normas inexistentes o inconstitucionales3 \u00a0o que presentan una evidente y grosera contradicci\u00f3n entre los \u00a0fundamentos y la decisi\u00f3n; \u00a0<\/p>\n<p>v) \u00a0Error inducido, el cual surge cuando el juez o tribunal fue v\u00edctima \u00a0de un enga\u00f1o por parte de terceros y ese enga\u00f1o lo \u00a0condujo a la toma de una decisi\u00f3n que afecta derechos \u00a0fundamentales. \u00a0<\/p>\n<p>vi) \u00a0Decisi\u00f3n sin motivaci\u00f3n, que implica el incumplimiento \u00a0de los funcionarios judiciales de explicitar los fundamentos f\u00e1cticos \u00a0y jur\u00eddicos de sus decisiones, en el entendido que \u00a0precisamente en esa motivaci\u00f3n reposa la legitimidad de su \u00a0\u00f3rbita funcional. \u00a0<\/p>\n<p>vii) \u00a0Desconocimiento del precedente, hip\u00f3tesis que se presenta, por \u00a0ejemplo, cuando la Corte Constitucional establece el alcance de un \u00a0derecho fundamental y el juez ordinario aplica una ley limitando \u00a0sustancialmente dicho alcance. En estos casos la tutela procede como \u00a0mecanismo para garantizar la eficacia jur\u00eddica del contenido \u00a0constitucionalmente vinculante del derecho fundamental vulnerado4. \u00a0<\/p>\n<p>viii) \u00a0Violaci\u00f3n directa de la Constituci\u00f3n. \u00a0<\/p>\n<p>Los \u00a0anteriores requisitos, no pueden quedarse en meros enunciados, pues \u00a0han sido reiterados por la Corte Constitucional, primero en la \u00a0sentencia C-590 \u00a0de 2005, luego en las decisiones T-332, T-780 y T-212 de 2006, \u00a0reforzando lo dicho en la primera de las mencionadas providencias, en \u00a0el sentido de que, cuando se trata \u00a0de acciones de tutela contra providencias judiciales, las mismas solo \u00a0pueden tener cabida \u00ab\u2026 \u00a0si se cumplen ciertos y rigurosos requisitos de procedibilidad. \u00a0Dentro de estos pueden distinguirse unos de car\u00e1cter general, \u00a0que habilitan la interposici\u00f3n de la tutela, y otros de \u00a0car\u00e1cter espec\u00edfico, que tocan con la procedencia misma \u00a0del amparo, una vez interpuesta\u00bb. \u00a0-C-590 de 2005-. \u00a0<\/p>\n<p>AN\u00c1LISIS \u00a0DEL CASO CONCRETO \u00a0<\/p>\n<p>La \u00a0impugnaci\u00f3n se centra en un punto espec\u00edfico: \u00a0determinar \u00a0si efectivamente existe una vulneraci\u00f3n a los derechos \u00a0fundamentales al debido proceso y acceso a la administraci\u00f3n \u00a0de justicia de la se\u00f1ora \u00a0MAR\u00cdA \u00a0DEICY OBANDO MAZUERA, \u00a0por \u00a0parte de la Sala \u00a0Laboral del Tribunal Superior del Distrito Judicial de Cali. \u00a0<\/p>\n<p>La jurisprudencia \u00a0de la Corte Constitucional ha sido pac\u00edfica y reiterada en \u00a0se\u00f1alar que los principios de celeridad, eficiencia y \u00a0efectividad deben orientar el curso de toda actuaci\u00f3n \u00a0procesal, so pena que su desconocimiento injustificado devenga en una \u00a0clara afectaci\u00f3n al derecho en la modalidad de acceso a la \u00a0administraci\u00f3n de justicia, sabiendo que no basta con que se \u00a0ponga en marcha el aparato jurisdiccional del Estado, sino que \u00e9ste, \u00a0a su vez, debe responder a tal petici\u00f3n de manera \u00e1gil \u00a0y oportuna, (CC \u00a0T-173-1993). \u00a0<\/p>\n<p>Seg\u00fan lo \u00a0anterior, esa prerrogativa implica un deber correlativo del Estado de \u00a0promover las condiciones para que el acceso de los particulares a la \u00a0administraci\u00f3n de justicia sea efectivo, comprometi\u00e9ndose \u00a0a hacer realidad los fines que le asigna la Constituci\u00f3n. Esta \u00a0teleolog\u00eda constitucional debe ser el punto de partida y el \u00a0criterio de valoraci\u00f3n de la regulaci\u00f3n legal sobre las \u00a0cuestiones que ata\u00f1en el derecho de acceso y la \u00a0correspondiente funci\u00f3n de administraci\u00f3n de justicia. \u00a0<\/p>\n<p>Ahora, respecto \u00a0del incumplimiento y la inejecuci\u00f3n, sin raz\u00f3n v\u00e1lida \u00a0de una actuaci\u00f3n procesal, ha precisado que la mora en la \u00a0adopci\u00f3n de decisiones judiciales, adem\u00e1s de desconocer \u00a0el art\u00edculo 228 de la Carta, a cuyo tenor \u00ablos \u00a0t\u00e9rminos procesales se observar\u00e1n con diligencia y su \u00a0incumplimiento ser\u00e1 sancionado\u00bb, \u00a0repercute en la transgresi\u00f3n del derecho de acceso a la \u00a0administraci\u00f3n de justicia, en cuanto impide que sea \u00a0efectivamente impartida y, en consecuencia, el canon 29 superior, \u00a0pues \u00abel \u00a0acceso a la administraci\u00f3n de justicia es inescindible del \u00a0debido proceso y \u00fanicamente dentro de \u00e9l se realiza con \u00a0certeza\u00bb (CC \u00a0T-173-19\/ 93, CC T 431-1992 \u00a0y CC T-399-1993). \u00a0<\/p>\n<p>De acuerdo con la \u00a0jurisprudencia constitucional, en los casos en que se presenta un \u00a0incumplimiento en los t\u00e9rminos procesales, m\u00e1s all\u00e1 \u00a0que se acredite la inexistencia de otro mecanismo de defensa \u00a0judicial, la prosperidad del amparo se somete a lo siguiente: (i) que \u00a0el funcionario haya incurrido en mora judicial injustificada; y (ii) \u00a0se est\u00e9 ante la posibilidad de que se materialice un da\u00f1o \u00a0y la generaci\u00f3n de un perjuicio que no pueda ser subsanado (CC \u00a0T-230-2013). \u00a0<\/p>\n<p>Es \u00a0as\u00ed como a partir de la intervenci\u00f3n del Despacho \u00a0accionado, se establece que la tardanza en resolver el recurso de \u00a0apelaci\u00f3n contra la sentencia de primer grado al interior del \u00a0proceso ordinario laboral 2014-00607, no ha sido injustificada; y, \u00a0por el contrario, tiene origen en el orden de ingreso del recurso de \u00a0alzada, el cual fue recibido por la Secretar\u00eda de la Sala \u00a0Laboral del Tribunal Superior del Distrito Judicial de Cali, \u00a0el 20 de febrero de 2021; no obstante, la magistrada a la cual le \u00a0correspondi\u00f3 el conocimiento del proceso, tom\u00f3 posesi\u00f3n \u00a0de su cargo el 2 de febrero de 2021, adem\u00e1s, con antelaci\u00f3n \u00a0al mismo, se encontraban otros procesos activos pendientes de \u00a0decisi\u00f3n. \u00a0<\/p>\n<p>Por \u00a0lo anterior, conceder el amparo invocado, implicar\u00eda \u00a0desconocer el derecho de igualdad de las dem\u00e1s personas que, \u00a0como la parte actora, tambi\u00e9n esperan un pronunciamiento de la \u00a0administraci\u00f3n de justicia, cuyos recursos interpuestos \u00a0ingresaron con anterioridad de aquel que fundamenta este tr\u00e1mite \u00a0preferente. \u00a0<\/p>\n<p>De otra parte, la \u00a0accionante no se encuentra amparada por alguna situaci\u00f3n \u00a0excepcional de la cual se derive un perjuicio irremediable, que \u00a0amerite un trato preferente a su asunto. \u00a0<\/p>\n<p>Por \u00a0lo expuesto, \u00a0la \u00a0CORTE SUPREMA DE JUSTICIA, SALA DE CASACI\u00d3N PENAL \u2013 EN \u00a0SALA DE DECISI\u00d3N DE ACCIONES DE TUTELA No. 1, \u00a0administrando justicia, en nombre de la Rep\u00fablica y por \u00a0autoridad de la Ley, \u00a0<\/p>\n<p>RESUELVE \u00a0<\/p>\n<p>PRIMERO. \u00a0CONFIRMAR \u00a0el fallo de tutela impugnado, por las razones expuestas. \u00a0<\/p>\n<p>SEGUNDO. \u00a0NOTIFICAR \u00a0a los sujetos procesales el presente fallo, por el medio m\u00e1s \u00a0expedito. \u00a0<\/p>\n<p>TERCERO. \u00a0Env\u00edese la actuaci\u00f3n a la Corte Constitucional para su \u00a0eventual revisi\u00f3n, dentro del t\u00e9rmino indicado en el \u00a0art\u00edculo 31 del Decreto 2591 de 1991. \u00a0<\/p>\n<p>NOTIF\u00cdQUESE \u00a0Y C\u00daMPLASE \u00a0<\/p>\n<p>JOS\u00c9 \u00a0FRANCISCO ACU\u00d1A VIZCAYA \u00a0<\/p>\n<p>FERNANDO \u00a0LEON BOLA\u00d1OS PALACIOS \u00a0<\/p>\n<p>PATRICIA \u00a0SALAZAR CU\u00c9LLAR \u00a0<\/p>\n<p>NUBIA \u00a0YOLANDA NOVA GARC\u00cdA \u00a0<\/p>\n<p>Secretaria \u00a0<\/p>\n<p>1 \u00a0 \u00a0 \u00a0 \u00a0 \u00a0Fallos C-590 de \u00a0 \u00a0 \u00a0 \u00a0 \u00a02005 y T-332 de 2006. \u00a0<\/p>\n<p>2 \u00a0 \u00a0 \u00a0 \u00a0 \u00a0Ib\u00eddem. \u00a0<\/p>\n<p>3 \u00a0 \u00a0 \u00a0 \u00a0 \u00a0Sentencia T-522 de 2001. \u00a0<\/p>\n<p>4 \u00a0 \u00a0 \u00a0 \u00a0 \u00a0Cfr. Sentencias T-462 de 2003; SU-1184 de 2001; T-1625 de 2000 y \u00a0 \u00a0 \u00a0 \u00a0 \u00a0T-1031 de 2001. \u00a0<\/p>\n<p>\u00a0 \u00a0 \u00a0\u00a0<\/p>\n<p><\/p>\n","protected":false},"excerpt":{"rendered":"<p>\u00a0 \u00a0 \u00a0 \u00a0\u00a0 JOS\u00c9 \u00a0FRANCISCO ACU\u00d1A VIZCAYA \u00a0 Magistrado \u00a0Ponente \u00a0 STP619-2022 \u00a0 Radicaci\u00f3n \u00a0n.\u00b0 121106 \u00a0 (Aprobaci\u00f3n \u00a0Acta No.11) \u00a0 Bogot\u00e1 \u00a0D.C., veinticinco (25) de enero de dos mil veintid\u00f3s (2022) \u00a0 VISTOS \u00a0 ANTECEDENTES \u00a0 Y \u00a0 FUNDAMENTOS \u00a0DE LA ACCI\u00d3N \u00a0 Fueron \u00a0recogidos en la decisi\u00f3n de primera instancia en los [&hellip;]<\/p>\n","protected":false},"author":1,"featured_media":0,"comment_status":"open","ping_status":"open","sticky":false,"template":"","format":"standard","meta":{"footnotes":""},"categories":[44,45],"tags":[],"class_list":["post-61671","post","type-post","status-publish","format-standard","hentry","category-44","category-enero-2022"],"_links":{"self":[{"href":"https:\/\/dmsjuridica.com\/buscador_20179478954\/salapenalcronologico20230723\/wp-json\/wp\/v2\/posts\/61671","targetHints":{"allow":["GET"]}}],"collection":[{"href":"https:\/\/dmsjuridica.com\/buscador_20179478954\/salapenalcronologico20230723\/wp-json\/wp\/v2\/posts"}],"about":[{"href":"https:\/\/dmsjuridica.com\/buscador_20179478954\/salapenalcronologico20230723\/wp-json\/wp\/v2\/types\/post"}],"author":[{"embeddable":true,"href":"https:\/\/dmsjuridica.com\/buscador_20179478954\/salapenalcronologico20230723\/wp-json\/wp\/v2\/users\/1"}],"replies":[{"embeddable":true,"href":"https:\/\/dmsjuridica.com\/buscador_20179478954\/salapenalcronologico20230723\/wp-json\/wp\/v2\/comments?post=61671"}],"version-history":[{"count":0,"href":"https:\/\/dmsjuridica.com\/buscador_20179478954\/salapenalcronologico20230723\/wp-json\/wp\/v2\/posts\/61671\/revisions"}],"wp:attachment":[{"href":"https:\/\/dmsjuridica.com\/buscador_20179478954\/salapenalcronologico20230723\/wp-json\/wp\/v2\/media?parent=61671"}],"wp:term":[{"taxonomy":"category","embeddable":true,"href":"https:\/\/dmsjuridica.com\/buscador_20179478954\/salapenalcronologico20230723\/wp-json\/wp\/v2\/categories?post=61671"},{"taxonomy":"post_tag","embeddable":true,"href":"https:\/\/dmsjuridica.com\/buscador_20179478954\/salapenalcronologico20230723\/wp-json\/wp\/v2\/tags?post=61671"}],"curies":[{"name":"wp","href":"https:\/\/api.w.org\/{rel}","templated":true}]}}