{"id":61662,"date":"2024-02-20T15:55:11","date_gmt":"2024-02-20T15:55:11","guid":{"rendered":"https:\/\/dmsjuridica.com\/buscador_20179478954\/salapenalcronologico20230723\/2024\/02\/20\/stp611-2022\/"},"modified":"2024-02-20T15:55:11","modified_gmt":"2024-02-20T15:55:11","slug":"stp611-2022","status":"publish","type":"post","link":"https:\/\/dmsjuridica.com\/buscador_20179478954\/salapenalcronologico20230723\/2024\/02\/20\/stp611-2022\/","title":{"rendered":"STP611-2022"},"content":{"rendered":"\n<p>\u00a0 \u00a0 \u00a0 \u00a0\u00a0<\/p>\n<p>JOS\u00c9 \u00a0FRANCISCO ACU\u00d1A VIZCAYA \u00a0<\/p>\n<p>Magistrado \u00a0Ponente \u00a0<\/p>\n<p>STP611-2022 \u00a0<\/p>\n<p>Radicaci\u00f3n \u00a0No. 120909 \u00a0<\/p>\n<p>(Aprobado \u00a0Acta No.11) \u00a0<\/p>\n<p>Bogot\u00e1 \u00a0D.C., veinticinco (25) de enero de dos mil veintid\u00f3s (2022) \u00a0<\/p>\n<p>VISTOS \u00a0<\/p>\n<p>Decide \u00a0la Sala la impugnaci\u00f3n interpuesta por FLOR \u00a0DE MAR\u00cdA CARO DE HOLGU\u00cdN, \u00a0contra \u00a0el fallo de tutela proferido el 6 de octubre de 2021 por la Sala de \u00a0Casaci\u00f3n Laboral de esta Corporaci\u00f3n, \u00a0que \u00a0neg\u00f3 la solicitud de amparo interpuesta contra la Sala Laboral \u00a0del Tribunal Superior del Distrito Judicial de Medell\u00edn. \u00a0<\/p>\n<p>ANTECEDENTES \u00a0<\/p>\n<p>Y \u00a0<\/p>\n<p>FUNDAMENTOS \u00a0DE LA ACCI\u00d3N \u00a0<\/p>\n<p>Fueron \u00a0recogidos en la decisi\u00f3n de primera instancia, en los \u00a0siguientes t\u00e9rminos: \u00a0<\/p>\n<p>La \u00a0convocante interpone acci\u00f3n de tutela para obtener el amparo \u00a0de sus derechos fundamentales a la igualdad y seguridad social. \u00a0<\/p>\n<p>Relata \u00a0que el 27 de marzo de 2015 y el 21 de enero de 2016 solicit\u00f3 a \u00a0Colpensiones y a la UGPP, respectivamente, el reconocimiento de \u00a0pensi\u00f3n de sobrevivientes de origen laboral que caus\u00f3 \u00a0su c\u00f3nyuge Jos\u00e9 Arqu\u00edmedes Holgu\u00edn \u00a0Fl\u00f3rez, a partir del 18 de febrero de 1982; sin embargo, la \u00a0negaron. \u00a0<\/p>\n<p>Aduce \u00a0que promovi\u00f3 proceso ordinario laboral para obtener aquella \u00a0prestaci\u00f3n, junto con el pago del retroactivo, la indexaci\u00f3n, \u00a0los reajustes que el art\u00edculo 143 de la Ley 100 de 1993 \u00a0consagra, los intereses moratorios del art\u00edculo 141 ibidem y \u00a0las costas del proceso. \u00a0<\/p>\n<p>Expone \u00a0que dicho tr\u00e1mite que se asign\u00f3 al Juez Trece Laboral \u00a0del Circuito de Medell\u00edn, autoridad que a trav\u00e9s de \u00a0sentencia de 5 de mayo de 2020 conden\u00f3 a la UGPP al pago de la \u00a0pensi\u00f3n a partir de la misma fecha y en cuant\u00eda del \u00a0salario m\u00ednimo. Asimismo, neg\u00f3 las dem\u00e1s \u00a0pretensiones invocadas. \u00a0<\/p>\n<p>Refiere \u00a0que ella y la UGPP apelaron la anterior decisi\u00f3n y a trav\u00e9s \u00a0de fallo de 1.\u00b0 de junio de 2021 la Sala Laboral del Tribunal \u00a0Superior de Medell\u00edn la revoc\u00f3 parcialmente. En su \u00a0lugar, reconoci\u00f3 el retroactivo a partir del 18 de febrero de \u00a01982 y confirm\u00f3 en lo dem\u00e1s. \u00a0<\/p>\n<p>Argumenta \u00a0que la decisi\u00f3n del Colegiado de segunda instancia encausado \u00a0lesion\u00f3 sus garant\u00edas superiores, pues se abstuvo de \u00a0conceder los intereses moratorios y el reajuste regulado en el \u00a0art\u00edculo 143 de la Ley 100 de 1993. Por otra parte, no se \u00a0pronunci\u00f3 acerca de la indexaci\u00f3n y la condena en \u00a0costas. \u00a0<\/p>\n<p>Conforme \u00a0lo anterior, solicita que se protejan sus prerrogativas \u00a0constitucionales y que se deje sin efecto jur\u00eddico la \u00a0providencia dictada el 1.\u00b0 de junio de 2021 por el Tribunal \u00a0censurado. En su lugar, se ordene a dicha autoridad judicial proferir \u00a0una nueva decisi\u00f3n acorde con lo expuesto. \u00a0<\/p>\n<p>EL \u00a0FALLO IMPUGNADO \u00a0<\/p>\n<p>La \u00a0Sala de Casaci\u00f3n Laboral de esta Corporaci\u00f3n neg\u00f3 \u00a0el amparo invocado, al considerar que no cumple con el requisito \u00a0general de subsidiariedad, puesto que, si el accionante consider\u00f3 \u00a0que el Tribunal accionado omiti\u00f3 resolver la solicitud de \u00a0nulidad alegada, debi\u00f3 solicitar ante esa Colegiatura la \u00a0adici\u00f3n de la providencia, con fundamento en lo dispuesto en \u00a0el art\u00edculo 287 del C\u00f3digo General del Proceso. \u00a0<\/p>\n<p>Agreg\u00f3 \u00a0que, tampoco se alega la existencia de un perjuicio irremediable que \u00a0imponga la intervenci\u00f3n constitucional pese a la existencia de \u00a0otro mecanismo, y tampoco se advierte alguna circunstancia que lo \u00a0configure. \u00a0<\/p>\n<p>LA \u00a0IMPUGNACI\u00d3N \u00a0<\/p>\n<p>La \u00a0parte accionante interpuso recurso de impugnaci\u00f3n, y solicit\u00f3 \u00a0que se revocara el fallo de tutela de primera instancia, pues, a su \u00a0criterio, el juez del a \u00a0quo \u00a0impone a la parte actora una carga no prevista en la ley como \u00a0requisito de procedibilidad para lograr la protecci\u00f3n de sus \u00a0derechos fundamentales. \u00a0<\/p>\n<p>CONSIDERACIONES \u00a0DE LA SALA \u00a0<\/p>\n<p>De \u00a0conformidad con lo previsto en el art\u00edculo 32 del Decreto 2591 \u00a0de 1991, en concordancia con el art\u00edculo 44 del Reglamento \u00a0Interno de esta Corporaci\u00f3n, esta Sala es competente para \u00a0resolver el recurso de impugnaci\u00f3n interpuesto por FLOR \u00a0DE MAR\u00cdA CARO DE HOLGU\u00cdN, \u00a0contra \u00a0el fallo de tutela proferido el 6 de octubre de 2021 por la Sala de \u00a0Casaci\u00f3n Laboral de esta Corporaci\u00f3n, \u00a0que \u00a0neg\u00f3 la solicitud de amparo interpuesta contra la Sala Laboral \u00a0del Tribunal Superior del Distrito Judicial de Medell\u00edn. \u00a0<\/p>\n<p>Requisitos \u00a0de procedibilidad de la acci\u00f3n de tutela contra providencias \u00a0judiciales \u00a0<\/p>\n<p>La \u00a0tutela es un mecanismo de protecci\u00f3n excepcional frente a \u00a0providencias judiciales, su prosperidad va ligada al cumplimiento de \u00a0estrictos requisitos \u00a0de \u00a0procedibilidad que implican una carga para el actor, tanto en su \u00a0planteamiento como en su demostraci\u00f3n, como lo ha expuesto la \u00a0propia Corte Constitucional1. \u00a0<\/p>\n<p>La \u00a0acci\u00f3n de tutela contra providencias judiciales, exige: \u00a0<\/p>\n<p>a. \u00a0Que la cuesti\u00f3n que se discuta resulte de evidente relevancia \u00a0constitucional. \u00a0<\/p>\n<p>b. \u00a0Que se hayan agotado todos los medios -ordinarios y extraordinarios- \u00a0de defensa judicial al alcance de la persona afectada, salvo que se \u00a0trate de evitar la consumaci\u00f3n de un perjuicio iusfundamental \u00a0irremediable. \u00a0<\/p>\n<p>c. \u00a0Que se cumpla el requisito de la inmediatez, es decir, que la tutela \u00a0se hubiere interpuesto en un t\u00e9rmino razonable y proporcionado \u00a0a partir del hecho que origin\u00f3 la vulneraci\u00f3n. \u00a0<\/p>\n<p>d. \u00a0Cuando se trate de una irregularidad procesal, debe quedar claro que \u00a0la misma tiene un efecto decisivo o determinante en la sentencia que \u00a0se impugna y que ata\u00f1e a los derechos fundamentales del \u00a0accionante. \u00a0<\/p>\n<p>e. \u00a0Que la parte actora identifique de manera razonable tanto los hechos \u00a0que generaron la vulneraci\u00f3n como los derechos vulnerados y \u00a0que hubiere alegado tal vulneraci\u00f3n en el proceso judicial \u00a0siempre que esto hubiere sido posible.2 \u00a0<\/p>\n<p>f. \u00a0Que no se trate de sentencias de tutela. \u00a0<\/p>\n<p>Mientras \u00a0que, en punto de las exigencias espec\u00edficas, se han \u00a0establecido las que a continuaci\u00f3n se relacionan: \u00a0<\/p>\n<p>i) \u00a0Defecto org\u00e1nico, que se presenta cuando el funcionario \u00a0judicial que profiri\u00f3 la providencia impugnada carece \u00a0absolutamente de competencia para ello. \u00a0<\/p>\n<p>ii) \u00a0Defecto procedimental absoluto, que se origina cuando el juez actu\u00f3 \u00a0completamente al margen del procedimiento establecido. \u00a0<\/p>\n<p>iii) \u00a0Defecto f\u00e1ctico, el cual surge cuando el juez carece del apoyo \u00a0probatorio que permita la aplicaci\u00f3n del supuesto legal en el \u00a0que se sustenta la decisi\u00f3n. \u00a0<\/p>\n<p>iv) \u00a0Defecto material o sustantivo, como son los casos en que se decide \u00a0con base en normas inexistentes o inconstitucionales3 \u00a0o que presentan una evidente y grosera contradicci\u00f3n entre los \u00a0fundamentos y la decisi\u00f3n; \u00a0<\/p>\n<p>v) \u00a0Error inducido, el cual surge cuando el juez o tribunal fue v\u00edctima \u00a0de un enga\u00f1o por parte de terceros y ese enga\u00f1o lo \u00a0condujo a la toma de una decisi\u00f3n que afecta derechos \u00a0fundamentales. \u00a0<\/p>\n<p>vi) \u00a0Decisi\u00f3n sin motivaci\u00f3n, que implica el incumplimiento \u00a0de los funcionarios judiciales de explicitar los fundamentos f\u00e1cticos \u00a0y jur\u00eddicos de sus decisiones, en el entendido que \u00a0precisamente en esa motivaci\u00f3n reposa la legitimidad de su \u00a0\u00f3rbita funcional. \u00a0<\/p>\n<p>vii) \u00a0Desconocimiento del precedente, hip\u00f3tesis que se presenta, por \u00a0ejemplo, cuando la Corte Constitucional establece el alcance de un \u00a0derecho fundamental y el juez ordinario aplica una ley limitando \u00a0sustancialmente dicho alcance. En estos casos la tutela procede como \u00a0mecanismo para garantizar la eficacia jur\u00eddica del contenido \u00a0constitucionalmente vinculante del derecho fundamental vulnerado4. \u00a0<\/p>\n<p>viii) \u00a0Violaci\u00f3n directa de la Constituci\u00f3n. \u00a0<\/p>\n<p>Los \u00a0anteriores requisitos, no pueden quedarse en meros enunciados, pues \u00a0han sido reiterados por la Corte Constitucional, primero en la \u00a0sentencia C-590 \u00a0de 2005, luego en las decisiones T-332, T-780 y T-212 de 2006, \u00a0reforzando lo dicho en la primera de las mencionadas providencias, en \u00a0el sentido de que, cuando se trata \u00a0de acciones de tutela contra providencias judiciales, las mismas solo \u00a0pueden tener cabida \u00ab\u2026 \u00a0si se cumplen ciertos y rigurosos requisitos de procedibilidad. \u00a0Dentro de estos pueden distinguirse unos de car\u00e1cter general, \u00a0que habilitan la interposici\u00f3n de la tutela, y otros de \u00a0car\u00e1cter espec\u00edfico, que tocan con la procedencia misma \u00a0del amparo, una vez interpuesta\u00bb. \u00a0-C-590 de 2005-. \u00a0<\/p>\n<p>AN\u00c1LISIS \u00a0DEL CASO CONCRETO \u00a0<\/p>\n<p>La \u00a0impugnaci\u00f3n se centra en un punto espec\u00edfico: \u00a0determinar si la solicitud de amparo interpuesta por la se\u00f1ora \u00a0FLOR DE MAR\u00cdA CARO DE HOLGU\u00cdN, \u00a0con ocasi\u00f3n de la sentencia proferida el 1 de junio de 2021 \u00a0por la Sala Laboral del Tribunal Superior del Distrito Judicial de \u00a0Medell\u00edn dentro del proceso ordinario laboral de referencia, \u00a0cumple \u00a0con los requisitos generales de procedibilidad de la acci\u00f3n de \u00a0tutela contra providencias judiciales. \u00a0<\/p>\n<p>Al \u00a0examinar las pruebas obrantes en el expediente y el marco jur\u00eddico \u00a0aplicable, la Sala considera que se debe confirmar el fallo de tutela \u00a0de primera instancia, comoquiera que la presente solicitud de amparo \u00a0no cumple el requisito general de subsidiariedad, esto es, \u00abque \u00a0se hayan agotado todos los medios -ordinarios y extraordinarios- de \u00a0defensa judicial al alcance de la persona afectada\u00bb. \u00a0<\/p>\n<p>En \u00a0ese sentido se pronunci\u00f3 el \u00f3rgano de cierre de la \u00a0jurisdicci\u00f3n constitucional, en la sentencia T397 \u2013 18, \u00a0al reiterar su propia jurisprudencia: \u00a0<\/p>\n<p>No \u00a0obstante, se ha reconocido que existen ciertos eventos en los que, a \u00a0pesar de la existencia de mecanismos ordinarios de protecci\u00f3n, \u00a0resulta admisible acudir directamente a la acci\u00f3n de tutela, \u00a0los cuales han sido sintetizados de la siguiente manera:\u00a0(i)\u00a0cuando \u00a0se acredita que a trav\u00e9s de estos es imposible obtener un \u00a0amparo integral de los derechos fundamentales del actor, esto es, en \u00a0los eventos en los que el mecanismo existente carece de \u00a0la\u00a0idoneidad\u00a0y\u00a0eficacia\u00a0necesaria \u00a0para otorgar la protecci\u00f3n de \u00e9l requerida, y, por \u00a0tanto, resulta indispensable un pronunciamiento por parte del juez \u00a0constitucional que resuelva en forma definitiva la\u00a0litis\u00a0planteada; \u00a0hip\u00f3tesis dentro de las que se encuentran inmersas las \u00a0situaciones en las cuales la persona que solicita el amparo ostenta \u00a0la condici\u00f3n de sujeto de especial protecci\u00f3n \u00a0constitucional y, por ello, su situaci\u00f3n requiere de una \u00a0particular consideraci\u00f3n por parte del juez de tutela; \u00a0y\u00a0(ii)\u00a0cuando \u00a0se evidencia que la protecci\u00f3n a trav\u00e9s de los \u00a0procedimientos ordinarios no resulta lo suficientemente expedita como \u00a0para impedir la configuraci\u00f3n de un\u00a0perjuicio \u00a0de car\u00e1cter irremediable, \u00a0evento en el cual el juez de la acci\u00f3n de amparo se encuentra \u00a0compelido a proferir una orden que permita la protecci\u00f3n \u00a0provisional de los derechos del actor, mientras sus pretensiones se \u00a0resuelven ante el juez natural. \u00a0<\/p>\n<p>\u00a0 \u00a0<\/p>\n<p>Sobre \u00a0el primero de los eventos anteriormente mencionados, esta Corporaci\u00f3n \u00a0indic\u00f3 en la Sentencia SU-772 de 2014, que para determinar la \u00a0idoneidad y eficacia del mecanismo ordinario es necesario que el juez \u00a0constitucional valore: \u00a0<\/p>\n<p>\u201ci) \u00a0que el tiempo de tr\u00e1mite no sea desproporcionado frente a las \u00a0consecuencias de la decisi\u00f3n (\u2026); ii) que las \u00a0exigencias procesales no sean excesivas, dada la situaci\u00f3n en \u00a0que se encuentra el afectado (\u2026); iii) que el remedio que \u00a0puede ordenar el juez no sea adecuado para satisfacer el derecho de \u00a0que se trate, por ejemplo, cuando el juez no pueda ordenar medidas de \u00a0restablecimiento del derecho; y iv) cuando el otro mecanismo no \u00a0permita atender las particularidades de los sujetos, como cuando la \u00a0resoluci\u00f3n del problema (\u2026) dependa estrictamente de \u00a0criterios legales ajenos a las condiciones particulares y especiales \u00a0de vulnerabilidad en que se encuentre una persona.\u201d \u00a0<\/p>\n<p>\u00a0 \u00a0<\/p>\n<p>(&#8230;) \u00a0<\/p>\n<p>Respecto \u00a0del segundo de ellos, la jurisprudencia de esta Corte ha establecido \u00a0ciertos criterios con base en los cuales es posible determinar la \u00a0ocurrencia o no de un perjuicio que pueda tildarse de irremediable. \u00a0Entre ellos se encuentran: que\u00a0(i)\u00a0se \u00a0est\u00e9 ante un da\u00f1o\u00a0inminente\u00a0o \u00a0pr\u00f3ximo a suceder, lo que exige un grado suficiente de certeza \u00a0respecto de los hechos y la causa del da\u00f1o;\u00a0(ii)\u00a0de \u00a0ocurrir, no existir\u00eda forma de repararlo, esto es, que \u00a0resulta\u00a0irreparable;\u00a0(iii)\u00a0debe \u00a0ser\u00a0grave\u00a0y \u00a0que, por tanto, conlleve la afectaci\u00f3n de un bien susceptible \u00a0de determinaci\u00f3n jur\u00eddica que se estima como altamente \u00a0significativo para la persona;\u00a0(iv)\u00a0se \u00a0requieran medidas\u00a0urgentes\u00a0para \u00a0superar la condici\u00f3n de amenaza en la que se encuentra, las \u00a0cuales deben ser adecuadas frente a la inminencia del perjuicio y, a \u00a0su vez, deben considerar las circunstancias particulares del caso; \u00a0y\u00a0(v)\u00a0las \u00a0medidas de protecci\u00f3n deben ser\u00a0impostergables, \u00a0lo que significa que deben responder a condiciones de oportunidad y \u00a0eficacia, que eviten la consumaci\u00f3n del da\u00f1o \u00a0irreparable. \u00a0<\/p>\n<p>Luego \u00a0de examinar las pruebas obrantes en el expediente, la Sala considera \u00a0que no existen los elementos suficientes para considerar que el \u00a0mecanismo ordinario propuesto es inid\u00f3neo e ineficaz. \u00a0<\/p>\n<p>La \u00a0Sala ha precisado que la acci\u00f3n de tutela no fue dise\u00f1ada \u00a0con miras a reemplazar al juez competente, de ah\u00ed que no sea \u00a0de recibo cuando se advierte que el accionante cuenta con otro medio \u00a0judicial para invocar la protecci\u00f3n de los derechos \u00a0fundamentales que considera le han sido vulnerados. \u00a0<\/p>\n<p>Siendo \u00a0as\u00ed, se pone en duda las razones reales que conllevaron a \u00a0omitir la presentaci\u00f3n de solicitud de adici\u00f3n del \u00a0fallo objeto de reproche; mecanismo id\u00f3neo y eficaz para \u00a0subsanar vulneraciones de garant\u00edas fundamentales, toda vez \u00a0que, no existen razones de peso, para vislumbrar la imposibilidad de \u00a0acciones para su presentaci\u00f3n. \u00a0<\/p>\n<p>Por \u00a0lo anterior, y como la accionante no acredit\u00f3 la existencia de \u00a0un perjuicio irremediable que haga necesaria la intervenci\u00f3n \u00a0del juez constitucional, la Sala confirmar\u00e1 la decisi\u00f3n \u00a0impugnada, pero aclarar\u00e1 el sentido, pues denegar y declarar \u00a0improcedente son determinaciones diferentes, conforme fue explicado \u00a0por la Corte Constitucional mediante la sentencia T-883 de 2008: \u00a0<\/p>\n<p>Denegar \u00a0la acci\u00f3n implica un an\u00e1lisis de fondo, mientras que la \u00a0improcedencia supone la ausencia de los requisitos procesales \u00a0indispensables para que se constituya regularmente la relaci\u00f3n \u00a0procesal o proceso y el juez pueda tomar una decisi\u00f3n de fondo \u00a0sobre el asunto sometido a su consideraci\u00f3n. \u00a0En este orden de ideas, ante la ausencia de un requisito \u00a0l\u00f3gico-jur\u00eddico esencial para que la relaci\u00f3n \u00a0procesal pudiera constituirse, el juez de instancia debi\u00f3 \u00a0haber declarado improcedente la acci\u00f3n (Resalta \u00a0la Sala) \u00a0<\/p>\n<p>En \u00a0este caso el amparo debe declararse improcedente, dado que no se \u00a0cumplen los requisitos generales de procedibilidad de la acci\u00f3n \u00a0de tutela contra decisiones judiciales, por esto se impide realizar \u00a0un estudio de fondo de las razones de inconformidad que plante\u00f3 \u00a0la accionante con relaci\u00f3n a la decisi\u00f3n objeto de la \u00a0presente solicitud de amparo y, tampoco, incurre en alg\u00fan \u00a0error el juez de tutela de primera instancia por no haber hecho un \u00a0estudio de fondo. \u00a0<\/p>\n<p>Por \u00a0lo expuesto, \u00a0la \u00a0CORTE SUPREMA DE JUSTICIA, SALA DE CASACI\u00d3N PENAL \u2013 EN \u00a0SALA DE DECISI\u00d3N DE ACCIONES DE TUTELA No. 1, \u00a0administrando justicia, en nombre de la Rep\u00fablica y por \u00a0autoridad de la Ley, \u00a0<\/p>\n<p>RESUELVE \u00a0<\/p>\n<p>\u00a0 \u00a0\u00a0 \u00a0 \u00a0 \u00a0 \u00a0<\/p>\n<p>1. CONFIRMAR \u00a0 \u00a0 \u00a0 \u00a0 \u00a0el fallo de tutela impugnado, por las razones expuestas. \u00a0<\/p>\n<p>\u00a0 \u00a0\u00a0 \u00a0 \u00a0 \u00a0 \u00a0<\/p>\n<p>1. NOTIFICAR \u00a0 \u00a0 \u00a0 \u00a0 \u00a0a \u00a0 \u00a0 \u00a0 \u00a0 \u00a0los sujetos procesales el presente fallo, por el medio m\u00e1s \u00a0 \u00a0 \u00a0 \u00a0 \u00a0expedito. \u00a0<\/p>\n<p>2. Env\u00edese \u00a0 \u00a0 \u00a0 \u00a0 \u00a0la actuaci\u00f3n a la Corte Constitucional para su eventual \u00a0 \u00a0 \u00a0 \u00a0 \u00a0revisi\u00f3n, dentro del t\u00e9rmino indicado en el art\u00edculo \u00a0 \u00a0 \u00a0 \u00a0 \u00a031 del Decreto 2591 de 1991. \u00a0<\/p>\n<p>NOTIF\u00cdQUESE \u00a0Y C\u00daMPLASE \u00a0<\/p>\n<p>JOS\u00c9 \u00a0FRANCISCO ACU\u00d1A VIZCAYA \u00a0<\/p>\n<p>FERNANDO \u00a0LEON BOLA\u00d1OS PALACIOS \u00a0<\/p>\n<p>PATRICIA \u00a0SALAZAR CU\u00c9LLAR \u00a0<\/p>\n<p>NUBIA \u00a0YOLANDA NOVA GARC\u00cdA \u00a0<\/p>\n<p>Secretaria \u00a0<\/p>\n<p>1 \u00a0 \u00a0 \u00a0 \u00a0 \u00a0Fallos C-590 de \u00a0 \u00a0 \u00a0 \u00a0 \u00a02005 y T-332 de 2006. \u00a0<\/p>\n<p>2 \u00a0 \u00a0 \u00a0 \u00a0 \u00a0Ib\u00eddem. \u00a0<\/p>\n<p>3 \u00a0 \u00a0 \u00a0 \u00a0 \u00a0Sentencia T-522 de 2001. \u00a0<\/p>\n<p>\u00a0 \u00a0 \u00a0\u00a0<\/p>\n<p><\/p>\n","protected":false},"excerpt":{"rendered":"<p>\u00a0 \u00a0 \u00a0 \u00a0\u00a0 JOS\u00c9 \u00a0FRANCISCO ACU\u00d1A VIZCAYA \u00a0 Magistrado \u00a0Ponente \u00a0 STP611-2022 \u00a0 Radicaci\u00f3n \u00a0No. 120909 \u00a0 (Aprobado \u00a0Acta No.11) \u00a0 Bogot\u00e1 \u00a0D.C., veinticinco (25) de enero de dos mil veintid\u00f3s (2022) \u00a0 VISTOS \u00a0 Decide \u00a0la Sala la impugnaci\u00f3n interpuesta por FLOR \u00a0DE MAR\u00cdA CARO DE HOLGU\u00cdN, \u00a0contra \u00a0el fallo de tutela proferido [&hellip;]<\/p>\n","protected":false},"author":1,"featured_media":0,"comment_status":"open","ping_status":"open","sticky":false,"template":"","format":"standard","meta":{"footnotes":""},"categories":[44,45],"tags":[],"class_list":["post-61662","post","type-post","status-publish","format-standard","hentry","category-44","category-enero-2022"],"_links":{"self":[{"href":"https:\/\/dmsjuridica.com\/buscador_20179478954\/salapenalcronologico20230723\/wp-json\/wp\/v2\/posts\/61662","targetHints":{"allow":["GET"]}}],"collection":[{"href":"https:\/\/dmsjuridica.com\/buscador_20179478954\/salapenalcronologico20230723\/wp-json\/wp\/v2\/posts"}],"about":[{"href":"https:\/\/dmsjuridica.com\/buscador_20179478954\/salapenalcronologico20230723\/wp-json\/wp\/v2\/types\/post"}],"author":[{"embeddable":true,"href":"https:\/\/dmsjuridica.com\/buscador_20179478954\/salapenalcronologico20230723\/wp-json\/wp\/v2\/users\/1"}],"replies":[{"embeddable":true,"href":"https:\/\/dmsjuridica.com\/buscador_20179478954\/salapenalcronologico20230723\/wp-json\/wp\/v2\/comments?post=61662"}],"version-history":[{"count":0,"href":"https:\/\/dmsjuridica.com\/buscador_20179478954\/salapenalcronologico20230723\/wp-json\/wp\/v2\/posts\/61662\/revisions"}],"wp:attachment":[{"href":"https:\/\/dmsjuridica.com\/buscador_20179478954\/salapenalcronologico20230723\/wp-json\/wp\/v2\/media?parent=61662"}],"wp:term":[{"taxonomy":"category","embeddable":true,"href":"https:\/\/dmsjuridica.com\/buscador_20179478954\/salapenalcronologico20230723\/wp-json\/wp\/v2\/categories?post=61662"},{"taxonomy":"post_tag","embeddable":true,"href":"https:\/\/dmsjuridica.com\/buscador_20179478954\/salapenalcronologico20230723\/wp-json\/wp\/v2\/tags?post=61662"}],"curies":[{"name":"wp","href":"https:\/\/api.w.org\/{rel}","templated":true}]}}